{"id":184100,"date":"2015-06-15T12:02:00","date_gmt":"2015-06-15T12:02:00","guid":{"rendered":"https:\/\/www.webdo.tn\/fr\/blog\/mokhtar-belmokhtar-a-t-il-bien-ete-tue-en-libye-par-un-raid-aerien-americain\/184100\/"},"modified":"2015-06-15T12:02:00","modified_gmt":"2015-06-15T12:02:00","slug":"mokhtar-belmokhtar-a-t-il-bien-ete-tue-en-libye-par-un-raid-aerien-americain","status":"publish","type":"post","link":"https:\/\/www.webdo.tn\/fr\/actualite\/international\/mokhtar-belmokhtar-a-t-il-bien-ete-tue-en-libye-par-un-raid-aerien-americain\/184100\/","title":{"rendered":"Mokhtar Belmokhtar a-t-il bien \u00e9t\u00e9 tu\u00e9 en Libye par un raid a\u00e9rien am\u00e9ricain ?"},"content":{"rendered":"<p>Un raid a\u00e9rien am\u00e9ricain a \u00e9t\u00e9 men\u00e9 dans la nuit de samedi 13 \u00e0 dimanche 14 juin en Libye, en vue de tuer Mokhtar Belmokhtar, l&rsquo;un des fondateurs du mouvement terroriste Al-Mourabitoune, proche d&rsquo;Al-Qua\u00efda. Si la Libye confirme la mort du terroriste, les Etats-Unis ne l&rsquo;ont pas officiellement assur\u00e9e.<br \/>\nMokhtar Belmokhtar, recherch\u00e9 par les Etats-Unis depuis plusieurs ann\u00e9es et dont la t\u00eate a \u00e9t\u00e9 mise \u00e0 prix 5 millions de dollars, \u00a0a \u00e9t\u00e9 la cible d&rsquo;un raid a\u00e9rien\u00a0am\u00e9ricain dans la nuit de samedi dernier en Libye.<\/p>\n<p>Le porte-parole du Pentagone, le Colonel Steve Warren a d\u00e9clar\u00e9 qu&rsquo;il \u00ab\u00a0confirme que la cible de l&rsquo;assaut antiterroriste men\u00e9 en Libye \u00e9tait Mokhtar Belmokhtar\u00a0\u00bb.\u00a0L&rsquo;assaut a \u00e9t\u00e9 men\u00e9 dans la ville d&rsquo;Ajdabiya, \u00e0 850 kilom\u00e8tres de Tripoli, capitale libyenne.<br \/>\n[quote_box_center]Belmokhtar a une longue histoire de dirigeant d&rsquo;activit\u00e9s terroristes, notamment comme membre d&rsquo;Al-Qa\u00efda au Mahgreb Islamique, il est le leader du mouvement Al-Mourabitoune au nord de l&rsquo;Afrique et il a maintenu son all\u00e9geance \u00e0 Al-Qa\u00efda, a ajout\u00e9 Steve Warren.\u00a0[\/quote_box_center]<\/p>\n<p>Que faisait-il en Libye ?<br \/>\nD&rsquo;apr\u00e8s l&rsquo;arm\u00e9e am\u00e9ricaine, Belmokhtar aurait \u00e9t\u00e9 \u00e0 ce moment l\u00e0 en \u00ab\u00a0r\u00e9union\u00a0\u00bb avec des membres du mouvement terroriste Ansar al-Sharia.<br \/>\n[quote_box_right]Ansar Al-Sharia est un groupe terroriste implant\u00e9 \u00e0 Benghazi en Libye. Initialement li\u00e9 \u00e0 AQMI et Ansar Al-Charia en Tunisie, il fait all\u00e9geance \u00e0 l&rsquo;Etat Islamique en 2014.\u00a0[\/quote_box_right]<br \/>\nD&rsquo;apr\u00e8s des propos d&rsquo;un responsable libyen faisant partie du gouvernement reconnu par la communaut\u00e9 internationale, et rapport\u00e9s par l&rsquo;agence de presse libyenne Lana \u00ab\u00a0la frappe de l\u2019arm\u00e9e de l\u2019air am\u00e9ricaine a eu lieu (\u2026) dans une ferme (\u2026) \u00e0 Ajdabiya, \u00e0 160\u00a0km \u00e0 l\u2019ouest de Benghazi, chef-lieu de l\u2019Est libyen, o\u00f9 Belmokhtar tenait une r\u00e9union avec d\u2019autres chefs de groupes extr\u00e9mistes, dont des membres d\u2019Ansar Asharia\u00a0\u00bb.<\/p>\n<p>Dimanche, le gouvernement libyen reconnu par la communaut\u00e9 internationale a pr\u00e9cis\u00e9 que cet assaut avait \u00e9t\u00e9 planifi\u00e9 en accord entre les gouvernements des deux pays.<br \/>\n\u00ab\u00a0Nous continuons \u00e0 \u00e9valuer les r\u00e9sultats de l&rsquo;op\u00e9ration\u00a0\u00bb<br \/>\nSi la mort de Mokhtar Belmokhtar n&rsquo;est pas confirm\u00e9e, l&rsquo;assaut a\u00e9rien aurait fait au moins quatre morts dans le groupe terroriste Ansar Al-Sharia selon une source anonyme. La m\u00eame source a affirm\u00e9 \u00e0 l&rsquo;agence de presse Associated Press que \u00ab\u00a0Mokhtar Belmokhtar n&rsquo;\u00e9tait pas pr\u00e9sent sur les lieux de l&rsquo;assaut.\u00a0\u00bb\u00a0<\/p>\n<p>Cependant, le gouvernement libyen reconnu par la communaut\u00e9 internationale a confirm\u00e9 la mort du terroriste et une source de l&rsquo;arm\u00e9e libyenne parle de sept morts du groupe Ansar Al-Sharia.<br \/>\n[quote_box_center]Des avions am\u00e9ricains ont men\u00e9 une op\u00e9ration qui a abouti \u00e0 la mort de Mokhtar Belmokhtar et d\u2019un groupe de Libyens appartenant \u00e0 une organisation terroriste dans l\u2019est de la Libye.[\/quote_box_center]<br \/>\nUne page Facebook d\u2019un groupe islamiste \u00e0 Ajdabiya a publi\u00e9 dimanche 14 juin des photos de corps ainsi que les noms des personnes tu\u00e9es, sans citer Belmokhtar.<\/p>\n<p>Selon des t\u00e9moins, des combats ont eu lieu pr\u00e8s de l&rsquo;h\u00f4pital de la ville, les djihadites ayant tent\u00e9 de prendre le contr\u00f4le de l&rsquo;\u00e9tablissement, aux mains des milices locales.<\/p>\n<p>Quant au Pentagone, il est en attente des r\u00e9sultats de l&rsquo;op\u00e9ration qui s&rsquo;est d\u00e9roul\u00e9e le week-end dernier, pr\u00e9cisant qu&rsquo;un test ADN sera n\u00e9cessaire pour savoir si le terroriste a \u00e9t\u00e9 tu\u00e9 :<br \/>\n[quote_box_center]Nous continuons \u00e0 \u00e9valuer les r\u00e9sultats de l&rsquo;op\u00e9ration et fournirons plus de pr\u00e9cisions de mani\u00e8re appropri\u00e9e, a d\u00e9clar\u00e9 Steve Warren, porte-parole du Pentagone.\u00a0[\/quote_box_center]<\/p>\n<p>\u00ab\u00a0Le Borgne\u00a0\u00bb insaisissable<br \/>\nMokhtar Belmokhtar est n\u00e9 en 1972 \u00e0 Gharda\u00efa. Surnomm\u00e9 \u00ab\u00a0Laouar\u00a0\u00bb (le borgne) apr\u00e8s avoir combattu en Afghanistan, il \u00e9tait le chef d&rsquo;AQMI (Al-Qa\u00efda au Maghreb Islmique)\u00a0et\u00a0avait cr\u00e9\u00e9 en 2012 \u00ab\u00a0les signataires du sang\u00a0\u00bb.<br \/>\nIl avait revendiqu\u00e9 l&rsquo;enl\u00e8vement de deux fran\u00e7ais au Niger en 2011 et \u00a0la prise d&rsquo;otage d&rsquo;In Amenas en Alg\u00e9rie en 2013, qui avait caus\u00e9 la mort de 37 \u00e9trangers, un alg\u00e9rien et 29 ravisseurs.<br \/>\nEn 2013, il a \u00e9t\u00e9 d\u00e9clar\u00e9 mort au Tchad, mais il a par la suite revendiqu\u00e9 un attentat au Niger qui avait fait pr\u00e8s de vingt morts. En cr\u00e9ant le mouvement Al-Mourabitoune en 2013, fusion de\u00a0\u00abSignataires par le sang\u00bb et du Mouvement pour l\u2019unicit\u00e9 et le jihad en Afrique de l\u2019Ouest, il contr\u00f4le le nord du Mali jusqu&rsquo;\u00e0 l&rsquo;op\u00e9ration fran\u00e7aise Serval.<br \/>\nLa Libye, plong\u00e9e dans le chaos depuis 2011\u00a0est dirig\u00e9e par deux gouvernements et deux Parlements, Fajr Libya et Al Karama. L&rsquo;Etat Islamique s&rsquo;est fortement implant\u00e9 dans le pays, revendiquant le 9 juin avoir pris la ville de Syrte (450 km \u00e0 l&rsquo;est de Tripoli).<br \/>\nCependant, Mokhtar Belmokhtar avait affirm\u00e9 le 15 mai dernier dans un communiqu\u00e9, ne pas \u00eatre rattach\u00e9 \u00e0 l&rsquo;Etat Islamique et avait fait all\u00e9geance \u00e0 Al-Qa\u00efda, contrairement \u00e0 ce qu&rsquo;un autre dirigeant d&rsquo;Al-Mourabitoune avait affirm\u00e9.<br \/>\nCette scission au sein du mouvement Al-Mourabitoune pourrait \u00eatre une des raisons pour laquelle Belmokhtar s&rsquo;est entretenu avec les membres de Ansar Al-Sharia en Libye.<br \/>\nElodie Potente<\/p>\n","protected":false},"excerpt":{"rendered":"<p>Mokhtar Belmokhtar a-t-il bien \u00e9t\u00e9 tu\u00e9 en Libye par un raid a\u00e9rien am\u00e9ricain ?<\/p>\n","protected":false},"author":3222,"featured_media":335953,"comment_status":"open","ping_status":"closed","sticky":false,"template":"","format":"standard","meta":{"footnotes":""},"categories":[2598],"tags":[2600],"class_list":["post-184100","post","type-post","status-publish","format-standard","has-post-thumbnail","hentry","category-international","tag-guerre"],"yoast_head":"<!-- This site is optimized with the Yoast SEO Premium plugin v27.5 (Yoast SEO v27.5) - https:\/\/yoast.com\/product\/yoast-seo-premium-wordpress\/ -->\n<title>Mokhtar Belmokhtar a-t-il bien \u00e9t\u00e9 tu\u00e9 en Libye par un raid a\u00e9rien am\u00e9ricain ?<\/title>\n<meta name=\"description\" content=\"Mokhtar Belmokhtar a-t-il bien \u00e9t\u00e9 tu\u00e9 en Libye par un raid a\u00e9rien am\u00e9ricain ?\" \/>\n<link rel=\"canonical\" href=\"https:\/\/www.webdo.tn\/fr\/actualite\/international\/mokhtar-belmokhtar-a-t-il-bien-ete-tue-en-libye-par-un-raid-aerien-americain\/184100\/\" \/>\n<meta property=\"og:locale\" content=\"fr_FR\" \/>\n<meta property=\"og:type\" content=\"article\" \/>\n<meta property=\"og:title\" content=\"Mokhtar Belmokhtar a-t-il bien \u00e9t\u00e9 tu\u00e9 en Libye par un raid a\u00e9rien am\u00e9ricain ?\" \/>\n<meta property=\"og:description\" content=\"Mokhtar Belmokhtar a-t-il bien \u00e9t\u00e9 tu\u00e9 en Libye par un raid a\u00e9rien am\u00e9ricain ?\" \/>\n<meta property=\"og:url\" content=\"https:\/\/www.webdo.tn\/fr\/actualite\/international\/mokhtar-belmokhtar-a-t-il-bien-ete-tue-en-libye-par-un-raid-aerien-americain\/184100\/\" \/>\n<meta property=\"og:site_name\" content=\"webdo\" \/>\n<meta property=\"article:publisher\" content=\"https:\/\/www.facebook.com\/webdotn\" \/>\n<meta property=\"article:published_time\" content=\"2015-06-15T12:02:00+00:00\" \/>\n<meta property=\"og:image\" content=\"https:\/\/www.webdo.tn\/fr\/wp-content\/uploads\/2015\/06\/mokhtar-belmokhtar1.jpg\" \/>\n\t<meta property=\"og:image:width\" content=\"560\" \/>\n\t<meta property=\"og:image:height\" content=\"316\" \/>\n\t<meta property=\"og:image:type\" content=\"image\/jpeg\" \/>\n<meta name=\"author\" content=\"webdo.tn\" \/>\n<meta name=\"twitter:card\" content=\"summary_large_image\" \/>\n<meta name=\"twitter:creator\" content=\"@webdo_tn\" \/>\n<meta name=\"twitter:site\" content=\"@webdo_tn\" \/>\n<meta name=\"twitter:label1\" content=\"\u00c9crit par\" \/>\n\t<meta name=\"twitter:data1\" content=\"webdo.tn\" \/>\n\t<meta name=\"twitter:label2\" content=\"Dur\u00e9e de lecture estim\u00e9e\" \/>\n\t<meta name=\"twitter:data2\" content=\"4 minutes\" \/>\n<script type=\"application\/ld+json\" class=\"yoast-schema-graph\">{\"@context\":\"https:\\\/\\\/schema.org\",\"@graph\":[{\"@type\":\"NewsArticle\",\"@id\":\"https:\\\/\\\/www.webdo.tn\\\/fr\\\/actualite\\\/international\\\/mokhtar-belmokhtar-a-t-il-bien-ete-tue-en-libye-par-un-raid-aerien-americain\\\/184100\\\/#article\",\"isPartOf\":{\"@id\":\"https:\\\/\\\/www.webdo.tn\\\/fr\\\/actualite\\\/international\\\/mokhtar-belmokhtar-a-t-il-bien-ete-tue-en-libye-par-un-raid-aerien-americain\\\/184100\\\/\"},\"author\":{\"name\":\"webdo.tn\",\"@id\":\"https:\\\/\\\/www.webdo.tn\\\/fr\\\/#\\\/schema\\\/person\\\/9a9c6118d687c117df8ef3cc36a4d175\"},\"headline\":\"Mokhtar Belmokhtar a-t-il bien \u00e9t\u00e9 tu\u00e9 en Libye par un raid a\u00e9rien am\u00e9ricain ?\",\"datePublished\":\"2015-06-15T12:02:00+00:00\",\"mainEntityOfPage\":{\"@id\":\"https:\\\/\\\/www.webdo.tn\\\/fr\\\/actualite\\\/international\\\/mokhtar-belmokhtar-a-t-il-bien-ete-tue-en-libye-par-un-raid-aerien-americain\\\/184100\\\/\"},\"wordCount\":894,\"commentCount\":0,\"publisher\":{\"@id\":\"https:\\\/\\\/www.webdo.tn\\\/fr\\\/#organization\"},\"image\":{\"@id\":\"https:\\\/\\\/www.webdo.tn\\\/fr\\\/actualite\\\/international\\\/mokhtar-belmokhtar-a-t-il-bien-ete-tue-en-libye-par-un-raid-aerien-americain\\\/184100\\\/#primaryimage\"},\"thumbnailUrl\":\"https:\\\/\\\/www.webdo.tn\\\/fr\\\/wp-content\\\/uploads\\\/2015\\\/06\\\/mokhtar-belmokhtar1.jpg\",\"keywords\":[\"guerre\"],\"articleSection\":[\"International\"],\"inLanguage\":\"fr-FR\"},{\"@type\":\"WebPage\",\"@id\":\"https:\\\/\\\/www.webdo.tn\\\/fr\\\/actualite\\\/international\\\/mokhtar-belmokhtar-a-t-il-bien-ete-tue-en-libye-par-un-raid-aerien-americain\\\/184100\\\/\",\"url\":\"https:\\\/\\\/www.webdo.tn\\\/fr\\\/actualite\\\/international\\\/mokhtar-belmokhtar-a-t-il-bien-ete-tue-en-libye-par-un-raid-aerien-americain\\\/184100\\\/\",\"name\":\"Mokhtar Belmokhtar a-t-il bien \u00e9t\u00e9 tu\u00e9 en Libye par un raid a\u00e9rien am\u00e9ricain ?\",\"isPartOf\":{\"@id\":\"https:\\\/\\\/www.webdo.tn\\\/fr\\\/#website\"},\"primaryImageOfPage\":{\"@id\":\"https:\\\/\\\/www.webdo.tn\\\/fr\\\/actualite\\\/international\\\/mokhtar-belmokhtar-a-t-il-bien-ete-tue-en-libye-par-un-raid-aerien-americain\\\/184100\\\/#primaryimage\"},\"image\":{\"@id\":\"https:\\\/\\\/www.webdo.tn\\\/fr\\\/actualite\\\/international\\\/mokhtar-belmokhtar-a-t-il-bien-ete-tue-en-libye-par-un-raid-aerien-americain\\\/184100\\\/#primaryimage\"},\"thumbnailUrl\":\"https:\\\/\\\/www.webdo.tn\\\/fr\\\/wp-content\\\/uploads\\\/2015\\\/06\\\/mokhtar-belmokhtar1.jpg\",\"datePublished\":\"2015-06-15T12:02:00+00:00\",\"description\":\"Mokhtar Belmokhtar a-t-il bien \u00e9t\u00e9 tu\u00e9 en Libye par un raid a\u00e9rien am\u00e9ricain ?\",\"breadcrumb\":{\"@id\":\"https:\\\/\\\/www.webdo.tn\\\/fr\\\/actualite\\\/international\\\/mokhtar-belmokhtar-a-t-il-bien-ete-tue-en-libye-par-un-raid-aerien-americain\\\/184100\\\/#breadcrumb\"},\"inLanguage\":\"fr-FR\",\"potentialAction\":[{\"@type\":\"ReadAction\",\"target\":[\"https:\\\/\\\/www.webdo.tn\\\/fr\\\/actualite\\\/international\\\/mokhtar-belmokhtar-a-t-il-bien-ete-tue-en-libye-par-un-raid-aerien-americain\\\/184100\\\/\"]}]},{\"@type\":\"ImageObject\",\"inLanguage\":\"fr-FR\",\"@id\":\"https:\\\/\\\/www.webdo.tn\\\/fr\\\/actualite\\\/international\\\/mokhtar-belmokhtar-a-t-il-bien-ete-tue-en-libye-par-un-raid-aerien-americain\\\/184100\\\/#primaryimage\",\"url\":\"https:\\\/\\\/www.webdo.tn\\\/fr\\\/wp-content\\\/uploads\\\/2015\\\/06\\\/mokhtar-belmokhtar1.jpg\",\"contentUrl\":\"https:\\\/\\\/www.webdo.tn\\\/fr\\\/wp-content\\\/uploads\\\/2015\\\/06\\\/mokhtar-belmokhtar1.jpg\",\"width\":560,\"height\":316,\"caption\":\"Mokhtar Belmokhtar a-t-il bien \u00e9t\u00e9 tu\u00e9 en Libye par un raid a\u00e9rien am\u00e9ricain ?\"},{\"@type\":\"BreadcrumbList\",\"@id\":\"https:\\\/\\\/www.webdo.tn\\\/fr\\\/actualite\\\/international\\\/mokhtar-belmokhtar-a-t-il-bien-ete-tue-en-libye-par-un-raid-aerien-americain\\\/184100\\\/#breadcrumb\",\"itemListElement\":[{\"@type\":\"ListItem\",\"position\":1,\"name\":\"Accueil\",\"item\":\"https:\\\/\\\/www.webdo.tn\\\/fr\\\/\"},{\"@type\":\"ListItem\",\"position\":2,\"name\":\"Mokhtar Belmokhtar a-t-il bien \u00e9t\u00e9 tu\u00e9 en Libye par un raid a\u00e9rien am\u00e9ricain ?\"}]},{\"@type\":\"WebSite\",\"@id\":\"https:\\\/\\\/www.webdo.tn\\\/fr\\\/#website\",\"url\":\"https:\\\/\\\/www.webdo.tn\\\/fr\\\/\",\"name\":\"webdo\",\"description\":\"Tunisie - News en Tunisie et \u00e0 l&#039;international sur Webdo.tn\",\"publisher\":{\"@id\":\"https:\\\/\\\/www.webdo.tn\\\/fr\\\/#organization\"},\"potentialAction\":[{\"@type\":\"SearchAction\",\"target\":{\"@type\":\"EntryPoint\",\"urlTemplate\":\"https:\\\/\\\/www.webdo.tn\\\/fr\\\/?s={search_term_string}\"},\"query-input\":{\"@type\":\"PropertyValueSpecification\",\"valueRequired\":true,\"valueName\":\"search_term_string\"}}],\"inLanguage\":\"fr-FR\"},{\"@type\":\"Organization\",\"@id\":\"https:\\\/\\\/www.webdo.tn\\\/fr\\\/#organization\",\"name\":\"Webdo\",\"alternateName\":\"Webdo.tn\",\"url\":\"https:\\\/\\\/www.webdo.tn\\\/fr\\\/\",\"logo\":{\"@type\":\"ImageObject\",\"inLanguage\":\"fr-FR\",\"@id\":\"https:\\\/\\\/www.webdo.tn\\\/fr\\\/#\\\/schema\\\/logo\\\/image\\\/\",\"url\":\"https:\\\/\\\/www.webdo.tn\\\/fr\\\/wp-content\\\/uploads\\\/2025\\\/06\\\/Webdo-Tunisie_168377.jpg\",\"contentUrl\":\"https:\\\/\\\/www.webdo.tn\\\/fr\\\/wp-content\\\/uploads\\\/2025\\\/06\\\/Webdo-Tunisie_168377.jpg\",\"width\":301,\"height\":301,\"caption\":\"Webdo\"},\"image\":{\"@id\":\"https:\\\/\\\/www.webdo.tn\\\/fr\\\/#\\\/schema\\\/logo\\\/image\\\/\"},\"sameAs\":[\"https:\\\/\\\/www.facebook.com\\\/webdotn\",\"https:\\\/\\\/x.com\\\/webdo_tn\"],\"description\":\"Webdo est un m\u00e9dia num\u00e9rique tunisien fond\u00e9 en 2010, sp\u00e9cialis\u00e9 dans l\u2019actualit\u00e9 nationale et internationale, l\u2019\u00e9conomie, la soci\u00e9t\u00e9 et les analyses politiques. Le site s\u2019adresse \u00e0 un large public francophone et couvre l\u2019information tunisienne en temps r\u00e9el.\",\"email\":\"redac@webdo.tn\",\"legalName\":\"YNJ SARL\",\"foundingDate\":\"2010-09-06\",\"numberOfEmployees\":{\"@type\":\"QuantitativeValue\",\"minValue\":\"11\",\"maxValue\":\"50\"}},{\"@type\":\"Person\",\"@id\":\"https:\\\/\\\/www.webdo.tn\\\/fr\\\/#\\\/schema\\\/person\\\/9a9c6118d687c117df8ef3cc36a4d175\",\"name\":\"webdo.tn\",\"image\":{\"@type\":\"ImageObject\",\"inLanguage\":\"fr-FR\",\"@id\":\"https:\\\/\\\/secure.gravatar.com\\\/avatar\\\/7ce1f28c0c3bbac99ff550b85ef8e44a6950c6ee24514fb6a5489e51d06f0298?s=96&d=mm&r=g\",\"url\":\"https:\\\/\\\/secure.gravatar.com\\\/avatar\\\/7ce1f28c0c3bbac99ff550b85ef8e44a6950c6ee24514fb6a5489e51d06f0298?s=96&d=mm&r=g\",\"contentUrl\":\"https:\\\/\\\/secure.gravatar.com\\\/avatar\\\/7ce1f28c0c3bbac99ff550b85ef8e44a6950c6ee24514fb6a5489e51d06f0298?s=96&d=mm&r=g\",\"caption\":\"webdo.tn\"},\"url\":\"https:\\\/\\\/www.webdo.tn\\\/fr\\\/actualite\\\/author\\\/webdotn\\\/\"}]}<\/script>\n<!-- \/ Yoast SEO Premium plugin. -->","yoast_head_json":{"title":"Mokhtar Belmokhtar a-t-il bien \u00e9t\u00e9 tu\u00e9 en Libye par un raid a\u00e9rien am\u00e9ricain ?","description":"Mokhtar Belmokhtar a-t-il bien \u00e9t\u00e9 tu\u00e9 en Libye par un raid a\u00e9rien am\u00e9ricain ?","canonical":"https:\/\/www.webdo.tn\/fr\/actualite\/international\/mokhtar-belmokhtar-a-t-il-bien-ete-tue-en-libye-par-un-raid-aerien-americain\/184100\/","og_locale":"fr_FR","og_type":"article","og_title":"Mokhtar Belmokhtar a-t-il bien \u00e9t\u00e9 tu\u00e9 en Libye par un raid a\u00e9rien am\u00e9ricain ?","og_description":"Mokhtar Belmokhtar a-t-il bien \u00e9t\u00e9 tu\u00e9 en Libye par un raid a\u00e9rien am\u00e9ricain ?","og_url":"https:\/\/www.webdo.tn\/fr\/actualite\/international\/mokhtar-belmokhtar-a-t-il-bien-ete-tue-en-libye-par-un-raid-aerien-americain\/184100\/","og_site_name":"webdo","article_publisher":"https:\/\/www.facebook.com\/webdotn","article_published_time":"2015-06-15T12:02:00+00:00","og_image":[{"width":560,"height":316,"url":"https:\/\/www.webdo.tn\/fr\/wp-content\/uploads\/2015\/06\/mokhtar-belmokhtar1.jpg","type":"image\/jpeg"}],"author":"webdo.tn","twitter_card":"summary_large_image","twitter_creator":"@webdo_tn","twitter_site":"@webdo_tn","twitter_misc":{"\u00c9crit par":"webdo.tn","Dur\u00e9e de lecture estim\u00e9e":"4 minutes"},"schema":{"@context":"https:\/\/schema.org","@graph":[{"@type":"NewsArticle","@id":"https:\/\/www.webdo.tn\/fr\/actualite\/international\/mokhtar-belmokhtar-a-t-il-bien-ete-tue-en-libye-par-un-raid-aerien-americain\/184100\/#article","isPartOf":{"@id":"https:\/\/www.webdo.tn\/fr\/actualite\/international\/mokhtar-belmokhtar-a-t-il-bien-ete-tue-en-libye-par-un-raid-aerien-americain\/184100\/"},"author":{"name":"webdo.tn","@id":"https:\/\/www.webdo.tn\/fr\/#\/schema\/person\/9a9c6118d687c117df8ef3cc36a4d175"},"headline":"Mokhtar Belmokhtar a-t-il bien \u00e9t\u00e9 tu\u00e9 en Libye par un raid a\u00e9rien am\u00e9ricain ?","datePublished":"2015-06-15T12:02:00+00:00","mainEntityOfPage":{"@id":"https:\/\/www.webdo.tn\/fr\/actualite\/international\/mokhtar-belmokhtar-a-t-il-bien-ete-tue-en-libye-par-un-raid-aerien-americain\/184100\/"},"wordCount":894,"commentCount":0,"publisher":{"@id":"https:\/\/www.webdo.tn\/fr\/#organization"},"image":{"@id":"https:\/\/www.webdo.tn\/fr\/actualite\/international\/mokhtar-belmokhtar-a-t-il-bien-ete-tue-en-libye-par-un-raid-aerien-americain\/184100\/#primaryimage"},"thumbnailUrl":"https:\/\/www.webdo.tn\/fr\/wp-content\/uploads\/2015\/06\/mokhtar-belmokhtar1.jpg","keywords":["guerre"],"articleSection":["International"],"inLanguage":"fr-FR"},{"@type":"WebPage","@id":"https:\/\/www.webdo.tn\/fr\/actualite\/international\/mokhtar-belmokhtar-a-t-il-bien-ete-tue-en-libye-par-un-raid-aerien-americain\/184100\/","url":"https:\/\/www.webdo.tn\/fr\/actualite\/international\/mokhtar-belmokhtar-a-t-il-bien-ete-tue-en-libye-par-un-raid-aerien-americain\/184100\/","name":"Mokhtar Belmokhtar a-t-il bien \u00e9t\u00e9 tu\u00e9 en Libye par un raid a\u00e9rien am\u00e9ricain ?","isPartOf":{"@id":"https:\/\/www.webdo.tn\/fr\/#website"},"primaryImageOfPage":{"@id":"https:\/\/www.webdo.tn\/fr\/actualite\/international\/mokhtar-belmokhtar-a-t-il-bien-ete-tue-en-libye-par-un-raid-aerien-americain\/184100\/#primaryimage"},"image":{"@id":"https:\/\/www.webdo.tn\/fr\/actualite\/international\/mokhtar-belmokhtar-a-t-il-bien-ete-tue-en-libye-par-un-raid-aerien-americain\/184100\/#primaryimage"},"thumbnailUrl":"https:\/\/www.webdo.tn\/fr\/wp-content\/uploads\/2015\/06\/mokhtar-belmokhtar1.jpg","datePublished":"2015-06-15T12:02:00+00:00","description":"Mokhtar Belmokhtar a-t-il bien \u00e9t\u00e9 tu\u00e9 en Libye par un raid a\u00e9rien am\u00e9ricain ?","breadcrumb":{"@id":"https:\/\/www.webdo.tn\/fr\/actualite\/international\/mokhtar-belmokhtar-a-t-il-bien-ete-tue-en-libye-par-un-raid-aerien-americain\/184100\/#breadcrumb"},"inLanguage":"fr-FR","potentialAction":[{"@type":"ReadAction","target":["https:\/\/www.webdo.tn\/fr\/actualite\/international\/mokhtar-belmokhtar-a-t-il-bien-ete-tue-en-libye-par-un-raid-aerien-americain\/184100\/"]}]},{"@type":"ImageObject","inLanguage":"fr-FR","@id":"https:\/\/www.webdo.tn\/fr\/actualite\/international\/mokhtar-belmokhtar-a-t-il-bien-ete-tue-en-libye-par-un-raid-aerien-americain\/184100\/#primaryimage","url":"https:\/\/www.webdo.tn\/fr\/wp-content\/uploads\/2015\/06\/mokhtar-belmokhtar1.jpg","contentUrl":"https:\/\/www.webdo.tn\/fr\/wp-content\/uploads\/2015\/06\/mokhtar-belmokhtar1.jpg","width":560,"height":316,"caption":"Mokhtar Belmokhtar a-t-il bien \u00e9t\u00e9 tu\u00e9 en Libye par un raid a\u00e9rien am\u00e9ricain ?"},{"@type":"BreadcrumbList","@id":"https:\/\/www.webdo.tn\/fr\/actualite\/international\/mokhtar-belmokhtar-a-t-il-bien-ete-tue-en-libye-par-un-raid-aerien-americain\/184100\/#breadcrumb","itemListElement":[{"@type":"ListItem","position":1,"name":"Accueil","item":"https:\/\/www.webdo.tn\/fr\/"},{"@type":"ListItem","position":2,"name":"Mokhtar Belmokhtar a-t-il bien \u00e9t\u00e9 tu\u00e9 en Libye par un raid a\u00e9rien am\u00e9ricain ?"}]},{"@type":"WebSite","@id":"https:\/\/www.webdo.tn\/fr\/#website","url":"https:\/\/www.webdo.tn\/fr\/","name":"webdo","description":"Tunisie - News en Tunisie et \u00e0 l&#039;international sur Webdo.tn","publisher":{"@id":"https:\/\/www.webdo.tn\/fr\/#organization"},"potentialAction":[{"@type":"SearchAction","target":{"@type":"EntryPoint","urlTemplate":"https:\/\/www.webdo.tn\/fr\/?s={search_term_string}"},"query-input":{"@type":"PropertyValueSpecification","valueRequired":true,"valueName":"search_term_string"}}],"inLanguage":"fr-FR"},{"@type":"Organization","@id":"https:\/\/www.webdo.tn\/fr\/#organization","name":"Webdo","alternateName":"Webdo.tn","url":"https:\/\/www.webdo.tn\/fr\/","logo":{"@type":"ImageObject","inLanguage":"fr-FR","@id":"https:\/\/www.webdo.tn\/fr\/#\/schema\/logo\/image\/","url":"https:\/\/www.webdo.tn\/fr\/wp-content\/uploads\/2025\/06\/Webdo-Tunisie_168377.jpg","contentUrl":"https:\/\/www.webdo.tn\/fr\/wp-content\/uploads\/2025\/06\/Webdo-Tunisie_168377.jpg","width":301,"height":301,"caption":"Webdo"},"image":{"@id":"https:\/\/www.webdo.tn\/fr\/#\/schema\/logo\/image\/"},"sameAs":["https:\/\/www.facebook.com\/webdotn","https:\/\/x.com\/webdo_tn"],"description":"Webdo est un m\u00e9dia num\u00e9rique tunisien fond\u00e9 en 2010, sp\u00e9cialis\u00e9 dans l\u2019actualit\u00e9 nationale et internationale, l\u2019\u00e9conomie, la soci\u00e9t\u00e9 et les analyses politiques. Le site s\u2019adresse \u00e0 un large public francophone et couvre l\u2019information tunisienne en temps r\u00e9el.","email":"redac@webdo.tn","legalName":"YNJ SARL","foundingDate":"2010-09-06","numberOfEmployees":{"@type":"QuantitativeValue","minValue":"11","maxValue":"50"}},{"@type":"Person","@id":"https:\/\/www.webdo.tn\/fr\/#\/schema\/person\/9a9c6118d687c117df8ef3cc36a4d175","name":"webdo.tn","image":{"@type":"ImageObject","inLanguage":"fr-FR","@id":"https:\/\/secure.gravatar.com\/avatar\/7ce1f28c0c3bbac99ff550b85ef8e44a6950c6ee24514fb6a5489e51d06f0298?s=96&d=mm&r=g","url":"https:\/\/secure.gravatar.com\/avatar\/7ce1f28c0c3bbac99ff550b85ef8e44a6950c6ee24514fb6a5489e51d06f0298?s=96&d=mm&r=g","contentUrl":"https:\/\/secure.gravatar.com\/avatar\/7ce1f28c0c3bbac99ff550b85ef8e44a6950c6ee24514fb6a5489e51d06f0298?s=96&d=mm&r=g","caption":"webdo.tn"},"url":"https:\/\/www.webdo.tn\/fr\/actualite\/author\/webdotn\/"}]}},"_links":{"self":[{"href":"https:\/\/www.webdo.tn\/fr\/wp-json\/wp\/v2\/posts\/184100","targetHints":{"allow":["GET"]}}],"collection":[{"href":"https:\/\/www.webdo.tn\/fr\/wp-json\/wp\/v2\/posts"}],"about":[{"href":"https:\/\/www.webdo.tn\/fr\/wp-json\/wp\/v2\/types\/post"}],"author":[{"embeddable":true,"href":"https:\/\/www.webdo.tn\/fr\/wp-json\/wp\/v2\/users\/3222"}],"replies":[{"embeddable":true,"href":"https:\/\/www.webdo.tn\/fr\/wp-json\/wp\/v2\/comments?post=184100"}],"version-history":[{"count":0,"href":"https:\/\/www.webdo.tn\/fr\/wp-json\/wp\/v2\/posts\/184100\/revisions"}],"wp:featuredmedia":[{"embeddable":true,"href":"https:\/\/www.webdo.tn\/fr\/wp-json\/wp\/v2\/media\/335953"}],"wp:attachment":[{"href":"https:\/\/www.webdo.tn\/fr\/wp-json\/wp\/v2\/media?parent=184100"}],"wp:term":[{"taxonomy":"category","embeddable":true,"href":"https:\/\/www.webdo.tn\/fr\/wp-json\/wp\/v2\/categories?post=184100"},{"taxonomy":"post_tag","embeddable":true,"href":"https:\/\/www.webdo.tn\/fr\/wp-json\/wp\/v2\/tags?post=184100"}],"curies":[{"name":"wp","href":"https:\/\/api.w.org\/{rel}","templated":true}]}}