{"id":184099,"date":"2015-06-16T10:18:00","date_gmt":"2015-06-16T10:18:00","guid":{"rendered":"https:\/\/www.webdo.tn\/fr\/actualite\/blog\/mohamed-morsi-condamne-a-perpetuite\/184099\/"},"modified":"2025-05-22T12:55:11","modified_gmt":"2025-05-22T12:55:11","slug":"mohamed-morsi-condamne-a-perpetuite","status":"publish","type":"post","link":"https:\/\/www.webdo.tn\/fr\/actualite\/international\/mohamed-morsi-condamne-a-perpetuite\/184099\/","title":{"rendered":"Egypte : Mohamed Morsi condamn\u00e9 \u00e0 la peine de mort et \u00e0 la prison \u00e0 perp\u00e9tuit\u00e9"},"content":{"rendered":"<p>Le pr\u00e9sident \u00e9gyptien d\u00e9chu, Mohamed Morsi, a vu sa peine de mort confirm\u00e9e, ce mardi 16 juin, dans l&rsquo;affaire\u00a0des \u00e9vasions de prison et des violences lors de la r\u00e9volution de 2011.<\/p>\n<p>En Egypte, toute condamnation \u00e0 mort doit recueillir l\u2019avis, non-contraignant, du Mufti d\u2019Egypte avant d\u2018\u00eatre confirm\u00e9e ou commu\u00e9e.<\/p>\n<p>Il \u00e9t\u00e9 condamn\u00e9 un peu plus t\u00f4t \u00e0 perp\u00e9tuit\u00e9 pour \u00ab\u00a0espionnage\u00a0\u00bb au profit du Hamas, du Hezbollah et de l\u2019Iran.\u00a0Mohamed Morsi peut encore faire appel de ces verdicts.<\/p>\n<p>Premier pr\u00e9sident \u00e9lu d\u00e9mocratiquement en Egypte avant d\u2018\u00eatre destitu\u00e9 par l\u2019arm\u00e9e en 2013, Mohamed Morsi a \u00e9t\u00e9 condamn\u00e9 \u00e0 la peine capitale avec une centaine d\u2019autres personnes faisant partie des Fr\u00e8res Musulmans pour avoir commis ou incit\u00e9 aux violences lors de la r\u00e9volte populaire qui avait chass\u00e9\u00a0du pouvoir Hosni Moubarak en f\u00e9vrier 2011.<\/p>\n<p>De son c\u00f4t\u00e9, l\u2019ancien pr\u00e9sident provisoire de la R\u00e9publique tunisienne Moncef Marzouki avait d\u00e9cid\u00e9 de se mobiliser en faveur de l\u2019ancien pr\u00e9sident \u00e9gyptien\u00a0Mohamed Morsi condamn\u00e9 \u00e0 la peine capitale.<\/p>\n","protected":false},"excerpt":{"rendered":"<p>Egypte : Mohamed Morsi condamn\u00e9 \u00e0 la peine de mort et \u00e0 la prison \u00e0 perp\u00e9tuit\u00e9<\/p>\n","protected":false},"author":3222,"featured_media":352011,"comment_status":"open","ping_status":"closed","sticky":false,"template":"","format":"standard","meta":{"footnotes":""},"categories":[2598],"tags":[],"class_list":["post-184099","post","type-post","status-publish","format-standard","has-post-thumbnail","hentry","category-international"],"yoast_head":"<!-- This site is optimized with the Yoast SEO Premium plugin v27.5 (Yoast SEO v27.5) - https:\/\/yoast.com\/product\/yoast-seo-premium-wordpress\/ -->\n<title>Egypte : Mohamed Morsi condamn\u00e9 \u00e0 la peine de mort et \u00e0 la prison \u00e0 perp\u00e9tuit\u00e9<\/title>\n<meta name=\"description\" content=\"Egypte : Mohamed Morsi condamn\u00e9 \u00e0 la peine de mort et \u00e0 la prison \u00e0 perp\u00e9tuit\u00e9\" \/>\n<link rel=\"canonical\" href=\"https:\/\/www.webdo.tn\/fr\/actualite\/international\/mohamed-morsi-condamne-a-perpetuite\/184099\/\" \/>\n<meta property=\"og:locale\" content=\"fr_FR\" \/>\n<meta property=\"og:type\" content=\"article\" \/>\n<meta property=\"og:title\" content=\"Egypte : Mohamed Morsi condamn\u00e9 \u00e0 la peine de mort et \u00e0 la prison \u00e0 perp\u00e9tuit\u00e9\" \/>\n<meta property=\"og:description\" content=\"Egypte : Mohamed Morsi condamn\u00e9 \u00e0 la peine de mort et \u00e0 la prison \u00e0 perp\u00e9tuit\u00e9\" \/>\n<meta property=\"og:url\" content=\"https:\/\/www.webdo.tn\/fr\/actualite\/international\/mohamed-morsi-condamne-a-perpetuite\/184099\/\" \/>\n<meta property=\"og:site_name\" content=\"webdo\" \/>\n<meta property=\"article:publisher\" content=\"https:\/\/www.facebook.com\/webdotn\" \/>\n<meta property=\"article:published_time\" content=\"2015-06-16T10:18:00+00:00\" \/>\n<meta property=\"article:modified_time\" content=\"2025-05-22T12:55:11+00:00\" \/>\n<meta property=\"og:image\" content=\"https:\/\/www.webdo.tn\/fr\/wp-content\/uploads\/2015\/06\/Morsi-e1434445920375.png\" \/>\n\t<meta property=\"og:image:width\" content=\"600\" \/>\n\t<meta property=\"og:image:height\" content=\"312\" \/>\n\t<meta property=\"og:image:type\" content=\"image\/png\" \/>\n<meta name=\"author\" content=\"webdo.tn\" \/>\n<meta name=\"twitter:card\" content=\"summary_large_image\" \/>\n<meta name=\"twitter:creator\" content=\"@webdo_tn\" \/>\n<meta name=\"twitter:site\" content=\"@webdo_tn\" \/>\n<meta name=\"twitter:label1\" content=\"\u00c9crit par\" \/>\n\t<meta name=\"twitter:data1\" content=\"webdo.tn\" \/>\n\t<meta name=\"twitter:label2\" content=\"Dur\u00e9e de lecture estim\u00e9e\" \/>\n\t<meta name=\"twitter:data2\" content=\"1 minute\" \/>\n<script type=\"application\/ld+json\" class=\"yoast-schema-graph\">{\"@context\":\"https:\\\/\\\/schema.org\",\"@graph\":[{\"@type\":\"NewsArticle\",\"@id\":\"https:\\\/\\\/www.webdo.tn\\\/fr\\\/actualite\\\/international\\\/mohamed-morsi-condamne-a-perpetuite\\\/184099\\\/#article\",\"isPartOf\":{\"@id\":\"https:\\\/\\\/www.webdo.tn\\\/fr\\\/actualite\\\/international\\\/mohamed-morsi-condamne-a-perpetuite\\\/184099\\\/\"},\"author\":{\"name\":\"webdo.tn\",\"@id\":\"https:\\\/\\\/www.webdo.tn\\\/fr\\\/#\\\/schema\\\/person\\\/9a9c6118d687c117df8ef3cc36a4d175\"},\"headline\":\"Egypte : Mohamed Morsi condamn\u00e9 \u00e0 la peine de mort et \u00e0 la prison \u00e0 perp\u00e9tuit\u00e9\",\"datePublished\":\"2015-06-16T10:18:00+00:00\",\"dateModified\":\"2025-05-22T12:55:11+00:00\",\"mainEntityOfPage\":{\"@id\":\"https:\\\/\\\/www.webdo.tn\\\/fr\\\/actualite\\\/international\\\/mohamed-morsi-condamne-a-perpetuite\\\/184099\\\/\"},\"wordCount\":197,\"commentCount\":0,\"publisher\":{\"@id\":\"https:\\\/\\\/www.webdo.tn\\\/fr\\\/#organization\"},\"image\":{\"@id\":\"https:\\\/\\\/www.webdo.tn\\\/fr\\\/actualite\\\/international\\\/mohamed-morsi-condamne-a-perpetuite\\\/184099\\\/#primaryimage\"},\"thumbnailUrl\":\"https:\\\/\\\/www.webdo.tn\\\/fr\\\/wp-content\\\/uploads\\\/2015\\\/06\\\/Morsi-e1434445920375.png\",\"articleSection\":[\"International\"],\"inLanguage\":\"fr-FR\"},{\"@type\":\"WebPage\",\"@id\":\"https:\\\/\\\/www.webdo.tn\\\/fr\\\/actualite\\\/international\\\/mohamed-morsi-condamne-a-perpetuite\\\/184099\\\/\",\"url\":\"https:\\\/\\\/www.webdo.tn\\\/fr\\\/actualite\\\/international\\\/mohamed-morsi-condamne-a-perpetuite\\\/184099\\\/\",\"name\":\"Egypte : Mohamed Morsi condamn\u00e9 \u00e0 la peine de mort et \u00e0 la prison \u00e0 perp\u00e9tuit\u00e9\",\"isPartOf\":{\"@id\":\"https:\\\/\\\/www.webdo.tn\\\/fr\\\/#website\"},\"primaryImageOfPage\":{\"@id\":\"https:\\\/\\\/www.webdo.tn\\\/fr\\\/actualite\\\/international\\\/mohamed-morsi-condamne-a-perpetuite\\\/184099\\\/#primaryimage\"},\"image\":{\"@id\":\"https:\\\/\\\/www.webdo.tn\\\/fr\\\/actualite\\\/international\\\/mohamed-morsi-condamne-a-perpetuite\\\/184099\\\/#primaryimage\"},\"thumbnailUrl\":\"https:\\\/\\\/www.webdo.tn\\\/fr\\\/wp-content\\\/uploads\\\/2015\\\/06\\\/Morsi-e1434445920375.png\",\"datePublished\":\"2015-06-16T10:18:00+00:00\",\"dateModified\":\"2025-05-22T12:55:11+00:00\",\"description\":\"Egypte : Mohamed Morsi condamn\u00e9 \u00e0 la peine de mort et \u00e0 la prison \u00e0 perp\u00e9tuit\u00e9\",\"breadcrumb\":{\"@id\":\"https:\\\/\\\/www.webdo.tn\\\/fr\\\/actualite\\\/international\\\/mohamed-morsi-condamne-a-perpetuite\\\/184099\\\/#breadcrumb\"},\"inLanguage\":\"fr-FR\",\"potentialAction\":[{\"@type\":\"ReadAction\",\"target\":[\"https:\\\/\\\/www.webdo.tn\\\/fr\\\/actualite\\\/international\\\/mohamed-morsi-condamne-a-perpetuite\\\/184099\\\/\"]}]},{\"@type\":\"ImageObject\",\"inLanguage\":\"fr-FR\",\"@id\":\"https:\\\/\\\/www.webdo.tn\\\/fr\\\/actualite\\\/international\\\/mohamed-morsi-condamne-a-perpetuite\\\/184099\\\/#primaryimage\",\"url\":\"https:\\\/\\\/www.webdo.tn\\\/fr\\\/wp-content\\\/uploads\\\/2015\\\/06\\\/Morsi-e1434445920375.png\",\"contentUrl\":\"https:\\\/\\\/www.webdo.tn\\\/fr\\\/wp-content\\\/uploads\\\/2015\\\/06\\\/Morsi-e1434445920375.png\",\"width\":600,\"height\":312,\"caption\":\"Egypte : Mohamed Morsi condamn\u00e9 \u00e0 la peine de mort et \u00e0 la prison \u00e0 perp\u00e9tuit\u00e9\"},{\"@type\":\"BreadcrumbList\",\"@id\":\"https:\\\/\\\/www.webdo.tn\\\/fr\\\/actualite\\\/international\\\/mohamed-morsi-condamne-a-perpetuite\\\/184099\\\/#breadcrumb\",\"itemListElement\":[{\"@type\":\"ListItem\",\"position\":1,\"name\":\"Accueil\",\"item\":\"https:\\\/\\\/www.webdo.tn\\\/fr\\\/\"},{\"@type\":\"ListItem\",\"position\":2,\"name\":\"Egypte : Mohamed Morsi condamn\u00e9 \u00e0 la peine de mort et \u00e0 la prison \u00e0 perp\u00e9tuit\u00e9\"}]},{\"@type\":\"WebSite\",\"@id\":\"https:\\\/\\\/www.webdo.tn\\\/fr\\\/#website\",\"url\":\"https:\\\/\\\/www.webdo.tn\\\/fr\\\/\",\"name\":\"webdo\",\"description\":\"Tunisie - News en Tunisie et \u00e0 l&#039;international sur Webdo.tn\",\"publisher\":{\"@id\":\"https:\\\/\\\/www.webdo.tn\\\/fr\\\/#organization\"},\"potentialAction\":[{\"@type\":\"SearchAction\",\"target\":{\"@type\":\"EntryPoint\",\"urlTemplate\":\"https:\\\/\\\/www.webdo.tn\\\/fr\\\/?s={search_term_string}\"},\"query-input\":{\"@type\":\"PropertyValueSpecification\",\"valueRequired\":true,\"valueName\":\"search_term_string\"}}],\"inLanguage\":\"fr-FR\"},{\"@type\":\"Organization\",\"@id\":\"https:\\\/\\\/www.webdo.tn\\\/fr\\\/#organization\",\"name\":\"Webdo\",\"alternateName\":\"Webdo.tn\",\"url\":\"https:\\\/\\\/www.webdo.tn\\\/fr\\\/\",\"logo\":{\"@type\":\"ImageObject\",\"inLanguage\":\"fr-FR\",\"@id\":\"https:\\\/\\\/www.webdo.tn\\\/fr\\\/#\\\/schema\\\/logo\\\/image\\\/\",\"url\":\"https:\\\/\\\/www.webdo.tn\\\/fr\\\/wp-content\\\/uploads\\\/2025\\\/06\\\/Webdo-Tunisie_168377.jpg\",\"contentUrl\":\"https:\\\/\\\/www.webdo.tn\\\/fr\\\/wp-content\\\/uploads\\\/2025\\\/06\\\/Webdo-Tunisie_168377.jpg\",\"width\":301,\"height\":301,\"caption\":\"Webdo\"},\"image\":{\"@id\":\"https:\\\/\\\/www.webdo.tn\\\/fr\\\/#\\\/schema\\\/logo\\\/image\\\/\"},\"sameAs\":[\"https:\\\/\\\/www.facebook.com\\\/webdotn\",\"https:\\\/\\\/x.com\\\/webdo_tn\"],\"description\":\"Webdo est un m\u00e9dia num\u00e9rique tunisien fond\u00e9 en 2010, sp\u00e9cialis\u00e9 dans l\u2019actualit\u00e9 nationale et internationale, l\u2019\u00e9conomie, la soci\u00e9t\u00e9 et les analyses politiques. Le site s\u2019adresse \u00e0 un large public francophone et couvre l\u2019information tunisienne en temps r\u00e9el.\",\"email\":\"redac@webdo.tn\",\"legalName\":\"YNJ SARL\",\"foundingDate\":\"2010-09-06\",\"numberOfEmployees\":{\"@type\":\"QuantitativeValue\",\"minValue\":\"11\",\"maxValue\":\"50\"}},{\"@type\":\"Person\",\"@id\":\"https:\\\/\\\/www.webdo.tn\\\/fr\\\/#\\\/schema\\\/person\\\/9a9c6118d687c117df8ef3cc36a4d175\",\"name\":\"webdo.tn\",\"image\":{\"@type\":\"ImageObject\",\"inLanguage\":\"fr-FR\",\"@id\":\"https:\\\/\\\/secure.gravatar.com\\\/avatar\\\/7ce1f28c0c3bbac99ff550b85ef8e44a6950c6ee24514fb6a5489e51d06f0298?s=96&d=mm&r=g\",\"url\":\"https:\\\/\\\/secure.gravatar.com\\\/avatar\\\/7ce1f28c0c3bbac99ff550b85ef8e44a6950c6ee24514fb6a5489e51d06f0298?s=96&d=mm&r=g\",\"contentUrl\":\"https:\\\/\\\/secure.gravatar.com\\\/avatar\\\/7ce1f28c0c3bbac99ff550b85ef8e44a6950c6ee24514fb6a5489e51d06f0298?s=96&d=mm&r=g\",\"caption\":\"webdo.tn\"},\"url\":\"https:\\\/\\\/www.webdo.tn\\\/fr\\\/actualite\\\/author\\\/webdotn\\\/\"}]}<\/script>\n<!-- \/ Yoast SEO Premium plugin. -->","yoast_head_json":{"title":"Egypte : Mohamed Morsi condamn\u00e9 \u00e0 la peine de mort et \u00e0 la prison \u00e0 perp\u00e9tuit\u00e9","description":"Egypte : Mohamed Morsi condamn\u00e9 \u00e0 la peine de mort et \u00e0 la prison \u00e0 perp\u00e9tuit\u00e9","canonical":"https:\/\/www.webdo.tn\/fr\/actualite\/international\/mohamed-morsi-condamne-a-perpetuite\/184099\/","og_locale":"fr_FR","og_type":"article","og_title":"Egypte : Mohamed Morsi condamn\u00e9 \u00e0 la peine de mort et \u00e0 la prison \u00e0 perp\u00e9tuit\u00e9","og_description":"Egypte : Mohamed Morsi condamn\u00e9 \u00e0 la peine de mort et \u00e0 la prison \u00e0 perp\u00e9tuit\u00e9","og_url":"https:\/\/www.webdo.tn\/fr\/actualite\/international\/mohamed-morsi-condamne-a-perpetuite\/184099\/","og_site_name":"webdo","article_publisher":"https:\/\/www.facebook.com\/webdotn","article_published_time":"2015-06-16T10:18:00+00:00","article_modified_time":"2025-05-22T12:55:11+00:00","og_image":[{"width":600,"height":312,"url":"https:\/\/www.webdo.tn\/fr\/wp-content\/uploads\/2015\/06\/Morsi-e1434445920375.png","type":"image\/png"}],"author":"webdo.tn","twitter_card":"summary_large_image","twitter_creator":"@webdo_tn","twitter_site":"@webdo_tn","twitter_misc":{"\u00c9crit par":"webdo.tn","Dur\u00e9e de lecture estim\u00e9e":"1 minute"},"schema":{"@context":"https:\/\/schema.org","@graph":[{"@type":"NewsArticle","@id":"https:\/\/www.webdo.tn\/fr\/actualite\/international\/mohamed-morsi-condamne-a-perpetuite\/184099\/#article","isPartOf":{"@id":"https:\/\/www.webdo.tn\/fr\/actualite\/international\/mohamed-morsi-condamne-a-perpetuite\/184099\/"},"author":{"name":"webdo.tn","@id":"https:\/\/www.webdo.tn\/fr\/#\/schema\/person\/9a9c6118d687c117df8ef3cc36a4d175"},"headline":"Egypte : Mohamed Morsi condamn\u00e9 \u00e0 la peine de mort et \u00e0 la prison \u00e0 perp\u00e9tuit\u00e9","datePublished":"2015-06-16T10:18:00+00:00","dateModified":"2025-05-22T12:55:11+00:00","mainEntityOfPage":{"@id":"https:\/\/www.webdo.tn\/fr\/actualite\/international\/mohamed-morsi-condamne-a-perpetuite\/184099\/"},"wordCount":197,"commentCount":0,"publisher":{"@id":"https:\/\/www.webdo.tn\/fr\/#organization"},"image":{"@id":"https:\/\/www.webdo.tn\/fr\/actualite\/international\/mohamed-morsi-condamne-a-perpetuite\/184099\/#primaryimage"},"thumbnailUrl":"https:\/\/www.webdo.tn\/fr\/wp-content\/uploads\/2015\/06\/Morsi-e1434445920375.png","articleSection":["International"],"inLanguage":"fr-FR"},{"@type":"WebPage","@id":"https:\/\/www.webdo.tn\/fr\/actualite\/international\/mohamed-morsi-condamne-a-perpetuite\/184099\/","url":"https:\/\/www.webdo.tn\/fr\/actualite\/international\/mohamed-morsi-condamne-a-perpetuite\/184099\/","name":"Egypte : Mohamed Morsi condamn\u00e9 \u00e0 la peine de mort et \u00e0 la prison \u00e0 perp\u00e9tuit\u00e9","isPartOf":{"@id":"https:\/\/www.webdo.tn\/fr\/#website"},"primaryImageOfPage":{"@id":"https:\/\/www.webdo.tn\/fr\/actualite\/international\/mohamed-morsi-condamne-a-perpetuite\/184099\/#primaryimage"},"image":{"@id":"https:\/\/www.webdo.tn\/fr\/actualite\/international\/mohamed-morsi-condamne-a-perpetuite\/184099\/#primaryimage"},"thumbnailUrl":"https:\/\/www.webdo.tn\/fr\/wp-content\/uploads\/2015\/06\/Morsi-e1434445920375.png","datePublished":"2015-06-16T10:18:00+00:00","dateModified":"2025-05-22T12:55:11+00:00","description":"Egypte : Mohamed Morsi condamn\u00e9 \u00e0 la peine de mort et \u00e0 la prison \u00e0 perp\u00e9tuit\u00e9","breadcrumb":{"@id":"https:\/\/www.webdo.tn\/fr\/actualite\/international\/mohamed-morsi-condamne-a-perpetuite\/184099\/#breadcrumb"},"inLanguage":"fr-FR","potentialAction":[{"@type":"ReadAction","target":["https:\/\/www.webdo.tn\/fr\/actualite\/international\/mohamed-morsi-condamne-a-perpetuite\/184099\/"]}]},{"@type":"ImageObject","inLanguage":"fr-FR","@id":"https:\/\/www.webdo.tn\/fr\/actualite\/international\/mohamed-morsi-condamne-a-perpetuite\/184099\/#primaryimage","url":"https:\/\/www.webdo.tn\/fr\/wp-content\/uploads\/2015\/06\/Morsi-e1434445920375.png","contentUrl":"https:\/\/www.webdo.tn\/fr\/wp-content\/uploads\/2015\/06\/Morsi-e1434445920375.png","width":600,"height":312,"caption":"Egypte : Mohamed Morsi condamn\u00e9 \u00e0 la peine de mort et \u00e0 la prison \u00e0 perp\u00e9tuit\u00e9"},{"@type":"BreadcrumbList","@id":"https:\/\/www.webdo.tn\/fr\/actualite\/international\/mohamed-morsi-condamne-a-perpetuite\/184099\/#breadcrumb","itemListElement":[{"@type":"ListItem","position":1,"name":"Accueil","item":"https:\/\/www.webdo.tn\/fr\/"},{"@type":"ListItem","position":2,"name":"Egypte : Mohamed Morsi condamn\u00e9 \u00e0 la peine de mort et \u00e0 la prison \u00e0 perp\u00e9tuit\u00e9"}]},{"@type":"WebSite","@id":"https:\/\/www.webdo.tn\/fr\/#website","url":"https:\/\/www.webdo.tn\/fr\/","name":"webdo","description":"Tunisie - News en Tunisie et \u00e0 l&#039;international sur Webdo.tn","publisher":{"@id":"https:\/\/www.webdo.tn\/fr\/#organization"},"potentialAction":[{"@type":"SearchAction","target":{"@type":"EntryPoint","urlTemplate":"https:\/\/www.webdo.tn\/fr\/?s={search_term_string}"},"query-input":{"@type":"PropertyValueSpecification","valueRequired":true,"valueName":"search_term_string"}}],"inLanguage":"fr-FR"},{"@type":"Organization","@id":"https:\/\/www.webdo.tn\/fr\/#organization","name":"Webdo","alternateName":"Webdo.tn","url":"https:\/\/www.webdo.tn\/fr\/","logo":{"@type":"ImageObject","inLanguage":"fr-FR","@id":"https:\/\/www.webdo.tn\/fr\/#\/schema\/logo\/image\/","url":"https:\/\/www.webdo.tn\/fr\/wp-content\/uploads\/2025\/06\/Webdo-Tunisie_168377.jpg","contentUrl":"https:\/\/www.webdo.tn\/fr\/wp-content\/uploads\/2025\/06\/Webdo-Tunisie_168377.jpg","width":301,"height":301,"caption":"Webdo"},"image":{"@id":"https:\/\/www.webdo.tn\/fr\/#\/schema\/logo\/image\/"},"sameAs":["https:\/\/www.facebook.com\/webdotn","https:\/\/x.com\/webdo_tn"],"description":"Webdo est un m\u00e9dia num\u00e9rique tunisien fond\u00e9 en 2010, sp\u00e9cialis\u00e9 dans l\u2019actualit\u00e9 nationale et internationale, l\u2019\u00e9conomie, la soci\u00e9t\u00e9 et les analyses politiques. Le site s\u2019adresse \u00e0 un large public francophone et couvre l\u2019information tunisienne en temps r\u00e9el.","email":"redac@webdo.tn","legalName":"YNJ SARL","foundingDate":"2010-09-06","numberOfEmployees":{"@type":"QuantitativeValue","minValue":"11","maxValue":"50"}},{"@type":"Person","@id":"https:\/\/www.webdo.tn\/fr\/#\/schema\/person\/9a9c6118d687c117df8ef3cc36a4d175","name":"webdo.tn","image":{"@type":"ImageObject","inLanguage":"fr-FR","@id":"https:\/\/secure.gravatar.com\/avatar\/7ce1f28c0c3bbac99ff550b85ef8e44a6950c6ee24514fb6a5489e51d06f0298?s=96&d=mm&r=g","url":"https:\/\/secure.gravatar.com\/avatar\/7ce1f28c0c3bbac99ff550b85ef8e44a6950c6ee24514fb6a5489e51d06f0298?s=96&d=mm&r=g","contentUrl":"https:\/\/secure.gravatar.com\/avatar\/7ce1f28c0c3bbac99ff550b85ef8e44a6950c6ee24514fb6a5489e51d06f0298?s=96&d=mm&r=g","caption":"webdo.tn"},"url":"https:\/\/www.webdo.tn\/fr\/actualite\/author\/webdotn\/"}]}},"_links":{"self":[{"href":"https:\/\/www.webdo.tn\/fr\/wp-json\/wp\/v2\/posts\/184099","targetHints":{"allow":["GET"]}}],"collection":[{"href":"https:\/\/www.webdo.tn\/fr\/wp-json\/wp\/v2\/posts"}],"about":[{"href":"https:\/\/www.webdo.tn\/fr\/wp-json\/wp\/v2\/types\/post"}],"author":[{"embeddable":true,"href":"https:\/\/www.webdo.tn\/fr\/wp-json\/wp\/v2\/users\/3222"}],"replies":[{"embeddable":true,"href":"https:\/\/www.webdo.tn\/fr\/wp-json\/wp\/v2\/comments?post=184099"}],"version-history":[{"count":0,"href":"https:\/\/www.webdo.tn\/fr\/wp-json\/wp\/v2\/posts\/184099\/revisions"}],"wp:featuredmedia":[{"embeddable":true,"href":"https:\/\/www.webdo.tn\/fr\/wp-json\/wp\/v2\/media\/352011"}],"wp:attachment":[{"href":"https:\/\/www.webdo.tn\/fr\/wp-json\/wp\/v2\/media?parent=184099"}],"wp:term":[{"taxonomy":"category","embeddable":true,"href":"https:\/\/www.webdo.tn\/fr\/wp-json\/wp\/v2\/categories?post=184099"},{"taxonomy":"post_tag","embeddable":true,"href":"https:\/\/www.webdo.tn\/fr\/wp-json\/wp\/v2\/tags?post=184099"}],"curies":[{"name":"wp","href":"https:\/\/api.w.org\/{rel}","templated":true}]}}