{"id":184098,"date":"2015-06-16T15:37:00","date_gmt":"2015-06-16T15:37:00","guid":{"rendered":"https:\/\/www.webdo.tn\/fr\/actualite\/blog\/le-groupe-djihadiste-libyen-ansar-al-sharia-dement-la-mort-de-mokhtar-belmokhtar\/184098\/"},"modified":"2025-05-22T12:55:16","modified_gmt":"2025-05-22T12:55:16","slug":"le-groupe-djihadiste-libyen-ansar-al-sharia-dement-la-mort-de-mokhtar-belmokhtar","status":"publish","type":"post","link":"https:\/\/www.webdo.tn\/fr\/actualite\/international\/le-groupe-djihadiste-libyen-ansar-al-sharia-dement-la-mort-de-mokhtar-belmokhtar\/184098\/","title":{"rendered":"Le groupe djihadiste libyen Ansar Al-Sharia d\u00e9ment la mort de Mokhtar Belmokhtar"},"content":{"rendered":"<p>Le groupe djihadiste libyen Ansar Al-Sharia a d\u00e9menti ce mardi 16 juin que le terroriste Mokhtar Belmokhtar ait \u00e9t\u00e9 tu\u00e9 par un raid a\u00e9rien am\u00e9ricain.<\/p>\n<p>Le gouvernement libyen reconnu par la communaut\u00e9 internationale avait pourtant affirm\u00e9 ce lundi 15 juin que le terroriste surnomm\u00e9 \u00ab\u00a0le borgne\u00a0\u00bb avait \u00e9t\u00e9 tu\u00e9 lors de\u00a0cette op\u00e9ration.<\/p>\n<p>Cependant, le Pentagone n&rsquo;a toujours pas confirm\u00e9 l&rsquo;information, pr\u00e9cisant que si la cible de cet assaut a\u00e9rien \u00e9tait bien Mokhtar Belmokhtar, le succ\u00e8s de l&rsquo;op\u00e9ration ne pourrait \u00eatre certifi\u00e9 qu&rsquo;apr\u00e8s des analyses ADN.<\/p>\n<p>Dans un communiqu\u00e9, le groupe terroriste Ansar Al-Sharia a donn\u00e9 le nom des sept tu\u00e9s lors du raid a\u00e9rien et a d\u00e9clar\u00e9 qu'\u00a0\u00bbaucune personnalit\u00e9 n&rsquo;a \u00e9t\u00e9 tu\u00e9e\u00a0\u00bb.<\/p>\n","protected":false},"excerpt":{"rendered":"<p>Le groupe djihadiste libyen Ansar Al-Sharia d\u00e9ment la mort de Mokhtar Belmokhtar<\/p>\n","protected":false},"author":3222,"featured_media":352017,"comment_status":"open","ping_status":"closed","sticky":false,"template":"","format":"standard","meta":{"footnotes":""},"categories":[2598],"tags":[],"class_list":["post-184098","post","type-post","status-publish","format-standard","has-post-thumbnail","hentry","category-international"],"yoast_head":"<!-- This site is optimized with the Yoast SEO Premium plugin v27.5 (Yoast SEO v27.5) - https:\/\/yoast.com\/product\/yoast-seo-premium-wordpress\/ -->\n<title>Le groupe djihadiste libyen Ansar Al-Sharia d\u00e9ment la mort de Mokhtar Belmokhtar<\/title>\n<meta name=\"description\" content=\"Le groupe djihadiste libyen Ansar Al-Sharia d\u00e9ment la mort de Mokhtar Belmokhtar\" \/>\n<link rel=\"canonical\" href=\"https:\/\/www.webdo.tn\/fr\/actualite\/international\/le-groupe-djihadiste-libyen-ansar-al-sharia-dement-la-mort-de-mokhtar-belmokhtar\/184098\/\" \/>\n<meta property=\"og:locale\" content=\"fr_FR\" \/>\n<meta property=\"og:type\" content=\"article\" \/>\n<meta property=\"og:title\" content=\"Le groupe djihadiste libyen Ansar Al-Sharia d\u00e9ment la mort de Mokhtar Belmokhtar\" \/>\n<meta property=\"og:description\" content=\"Le groupe djihadiste libyen Ansar Al-Sharia d\u00e9ment la mort de Mokhtar Belmokhtar\" \/>\n<meta property=\"og:url\" content=\"https:\/\/www.webdo.tn\/fr\/actualite\/international\/le-groupe-djihadiste-libyen-ansar-al-sharia-dement-la-mort-de-mokhtar-belmokhtar\/184098\/\" \/>\n<meta property=\"og:site_name\" content=\"webdo\" \/>\n<meta property=\"article:publisher\" content=\"https:\/\/www.facebook.com\/webdotn\" \/>\n<meta property=\"article:published_time\" content=\"2015-06-16T15:37:00+00:00\" \/>\n<meta property=\"article:modified_time\" content=\"2025-05-22T12:55:16+00:00\" \/>\n<meta property=\"og:image\" content=\"https:\/\/www.webdo.tn\/fr\/wp-content\/uploads\/2015\/06\/mokhtar-belmokhtar1-300x169-1.jpg\" \/>\n\t<meta property=\"og:image:width\" content=\"300\" \/>\n\t<meta property=\"og:image:height\" content=\"169\" \/>\n\t<meta property=\"og:image:type\" content=\"image\/jpeg\" \/>\n<meta name=\"author\" content=\"webdo.tn\" \/>\n<meta name=\"twitter:card\" content=\"summary_large_image\" \/>\n<meta name=\"twitter:creator\" content=\"@webdo_tn\" \/>\n<meta name=\"twitter:site\" content=\"@webdo_tn\" \/>\n<meta name=\"twitter:label1\" content=\"\u00c9crit par\" \/>\n\t<meta name=\"twitter:data1\" content=\"webdo.tn\" \/>\n\t<meta name=\"twitter:label2\" content=\"Dur\u00e9e de lecture estim\u00e9e\" \/>\n\t<meta name=\"twitter:data2\" content=\"1 minute\" \/>\n<script type=\"application\/ld+json\" class=\"yoast-schema-graph\">{\"@context\":\"https:\\\/\\\/schema.org\",\"@graph\":[{\"@type\":\"NewsArticle\",\"@id\":\"https:\\\/\\\/www.webdo.tn\\\/fr\\\/actualite\\\/international\\\/le-groupe-djihadiste-libyen-ansar-al-sharia-dement-la-mort-de-mokhtar-belmokhtar\\\/184098\\\/#article\",\"isPartOf\":{\"@id\":\"https:\\\/\\\/www.webdo.tn\\\/fr\\\/actualite\\\/international\\\/le-groupe-djihadiste-libyen-ansar-al-sharia-dement-la-mort-de-mokhtar-belmokhtar\\\/184098\\\/\"},\"author\":{\"name\":\"webdo.tn\",\"@id\":\"https:\\\/\\\/www.webdo.tn\\\/fr\\\/#\\\/schema\\\/person\\\/9a9c6118d687c117df8ef3cc36a4d175\"},\"headline\":\"Le groupe djihadiste libyen Ansar Al-Sharia d\u00e9ment la mort de Mokhtar Belmokhtar\",\"datePublished\":\"2015-06-16T15:37:00+00:00\",\"dateModified\":\"2025-05-22T12:55:16+00:00\",\"mainEntityOfPage\":{\"@id\":\"https:\\\/\\\/www.webdo.tn\\\/fr\\\/actualite\\\/international\\\/le-groupe-djihadiste-libyen-ansar-al-sharia-dement-la-mort-de-mokhtar-belmokhtar\\\/184098\\\/\"},\"wordCount\":143,\"commentCount\":0,\"publisher\":{\"@id\":\"https:\\\/\\\/www.webdo.tn\\\/fr\\\/#organization\"},\"image\":{\"@id\":\"https:\\\/\\\/www.webdo.tn\\\/fr\\\/actualite\\\/international\\\/le-groupe-djihadiste-libyen-ansar-al-sharia-dement-la-mort-de-mokhtar-belmokhtar\\\/184098\\\/#primaryimage\"},\"thumbnailUrl\":\"https:\\\/\\\/www.webdo.tn\\\/fr\\\/wp-content\\\/uploads\\\/2015\\\/06\\\/mokhtar-belmokhtar1-300x169-1.jpg\",\"articleSection\":[\"International\"],\"inLanguage\":\"fr-FR\"},{\"@type\":\"WebPage\",\"@id\":\"https:\\\/\\\/www.webdo.tn\\\/fr\\\/actualite\\\/international\\\/le-groupe-djihadiste-libyen-ansar-al-sharia-dement-la-mort-de-mokhtar-belmokhtar\\\/184098\\\/\",\"url\":\"https:\\\/\\\/www.webdo.tn\\\/fr\\\/actualite\\\/international\\\/le-groupe-djihadiste-libyen-ansar-al-sharia-dement-la-mort-de-mokhtar-belmokhtar\\\/184098\\\/\",\"name\":\"Le groupe djihadiste libyen Ansar Al-Sharia d\u00e9ment la mort de Mokhtar Belmokhtar\",\"isPartOf\":{\"@id\":\"https:\\\/\\\/www.webdo.tn\\\/fr\\\/#website\"},\"primaryImageOfPage\":{\"@id\":\"https:\\\/\\\/www.webdo.tn\\\/fr\\\/actualite\\\/international\\\/le-groupe-djihadiste-libyen-ansar-al-sharia-dement-la-mort-de-mokhtar-belmokhtar\\\/184098\\\/#primaryimage\"},\"image\":{\"@id\":\"https:\\\/\\\/www.webdo.tn\\\/fr\\\/actualite\\\/international\\\/le-groupe-djihadiste-libyen-ansar-al-sharia-dement-la-mort-de-mokhtar-belmokhtar\\\/184098\\\/#primaryimage\"},\"thumbnailUrl\":\"https:\\\/\\\/www.webdo.tn\\\/fr\\\/wp-content\\\/uploads\\\/2015\\\/06\\\/mokhtar-belmokhtar1-300x169-1.jpg\",\"datePublished\":\"2015-06-16T15:37:00+00:00\",\"dateModified\":\"2025-05-22T12:55:16+00:00\",\"description\":\"Le groupe djihadiste libyen Ansar Al-Sharia d\u00e9ment la mort de Mokhtar Belmokhtar\",\"breadcrumb\":{\"@id\":\"https:\\\/\\\/www.webdo.tn\\\/fr\\\/actualite\\\/international\\\/le-groupe-djihadiste-libyen-ansar-al-sharia-dement-la-mort-de-mokhtar-belmokhtar\\\/184098\\\/#breadcrumb\"},\"inLanguage\":\"fr-FR\",\"potentialAction\":[{\"@type\":\"ReadAction\",\"target\":[\"https:\\\/\\\/www.webdo.tn\\\/fr\\\/actualite\\\/international\\\/le-groupe-djihadiste-libyen-ansar-al-sharia-dement-la-mort-de-mokhtar-belmokhtar\\\/184098\\\/\"]}]},{\"@type\":\"ImageObject\",\"inLanguage\":\"fr-FR\",\"@id\":\"https:\\\/\\\/www.webdo.tn\\\/fr\\\/actualite\\\/international\\\/le-groupe-djihadiste-libyen-ansar-al-sharia-dement-la-mort-de-mokhtar-belmokhtar\\\/184098\\\/#primaryimage\",\"url\":\"https:\\\/\\\/www.webdo.tn\\\/fr\\\/wp-content\\\/uploads\\\/2015\\\/06\\\/mokhtar-belmokhtar1-300x169-1.jpg\",\"contentUrl\":\"https:\\\/\\\/www.webdo.tn\\\/fr\\\/wp-content\\\/uploads\\\/2015\\\/06\\\/mokhtar-belmokhtar1-300x169-1.jpg\",\"width\":300,\"height\":169,\"caption\":\"Le groupe djihadiste libyen Ansar Al-Sharia d\u00e9ment la mort de Mokhtar Belmokhtar\"},{\"@type\":\"BreadcrumbList\",\"@id\":\"https:\\\/\\\/www.webdo.tn\\\/fr\\\/actualite\\\/international\\\/le-groupe-djihadiste-libyen-ansar-al-sharia-dement-la-mort-de-mokhtar-belmokhtar\\\/184098\\\/#breadcrumb\",\"itemListElement\":[{\"@type\":\"ListItem\",\"position\":1,\"name\":\"Accueil\",\"item\":\"https:\\\/\\\/www.webdo.tn\\\/fr\\\/\"},{\"@type\":\"ListItem\",\"position\":2,\"name\":\"Le groupe djihadiste libyen Ansar Al-Sharia d\u00e9ment la mort de Mokhtar Belmokhtar\"}]},{\"@type\":\"WebSite\",\"@id\":\"https:\\\/\\\/www.webdo.tn\\\/fr\\\/#website\",\"url\":\"https:\\\/\\\/www.webdo.tn\\\/fr\\\/\",\"name\":\"webdo\",\"description\":\"Tunisie - News en Tunisie et \u00e0 l&#039;international sur Webdo.tn\",\"publisher\":{\"@id\":\"https:\\\/\\\/www.webdo.tn\\\/fr\\\/#organization\"},\"potentialAction\":[{\"@type\":\"SearchAction\",\"target\":{\"@type\":\"EntryPoint\",\"urlTemplate\":\"https:\\\/\\\/www.webdo.tn\\\/fr\\\/?s={search_term_string}\"},\"query-input\":{\"@type\":\"PropertyValueSpecification\",\"valueRequired\":true,\"valueName\":\"search_term_string\"}}],\"inLanguage\":\"fr-FR\"},{\"@type\":\"Organization\",\"@id\":\"https:\\\/\\\/www.webdo.tn\\\/fr\\\/#organization\",\"name\":\"Webdo\",\"alternateName\":\"Webdo.tn\",\"url\":\"https:\\\/\\\/www.webdo.tn\\\/fr\\\/\",\"logo\":{\"@type\":\"ImageObject\",\"inLanguage\":\"fr-FR\",\"@id\":\"https:\\\/\\\/www.webdo.tn\\\/fr\\\/#\\\/schema\\\/logo\\\/image\\\/\",\"url\":\"https:\\\/\\\/www.webdo.tn\\\/fr\\\/wp-content\\\/uploads\\\/2025\\\/06\\\/Webdo-Tunisie_168377.jpg\",\"contentUrl\":\"https:\\\/\\\/www.webdo.tn\\\/fr\\\/wp-content\\\/uploads\\\/2025\\\/06\\\/Webdo-Tunisie_168377.jpg\",\"width\":301,\"height\":301,\"caption\":\"Webdo\"},\"image\":{\"@id\":\"https:\\\/\\\/www.webdo.tn\\\/fr\\\/#\\\/schema\\\/logo\\\/image\\\/\"},\"sameAs\":[\"https:\\\/\\\/www.facebook.com\\\/webdotn\",\"https:\\\/\\\/x.com\\\/webdo_tn\"],\"description\":\"Webdo est un m\u00e9dia num\u00e9rique tunisien fond\u00e9 en 2010, sp\u00e9cialis\u00e9 dans l\u2019actualit\u00e9 nationale et internationale, l\u2019\u00e9conomie, la soci\u00e9t\u00e9 et les analyses politiques. Le site s\u2019adresse \u00e0 un large public francophone et couvre l\u2019information tunisienne en temps r\u00e9el.\",\"email\":\"redac@webdo.tn\",\"legalName\":\"YNJ SARL\",\"foundingDate\":\"2010-09-06\",\"numberOfEmployees\":{\"@type\":\"QuantitativeValue\",\"minValue\":\"11\",\"maxValue\":\"50\"}},{\"@type\":\"Person\",\"@id\":\"https:\\\/\\\/www.webdo.tn\\\/fr\\\/#\\\/schema\\\/person\\\/9a9c6118d687c117df8ef3cc36a4d175\",\"name\":\"webdo.tn\",\"image\":{\"@type\":\"ImageObject\",\"inLanguage\":\"fr-FR\",\"@id\":\"https:\\\/\\\/secure.gravatar.com\\\/avatar\\\/7ce1f28c0c3bbac99ff550b85ef8e44a6950c6ee24514fb6a5489e51d06f0298?s=96&d=mm&r=g\",\"url\":\"https:\\\/\\\/secure.gravatar.com\\\/avatar\\\/7ce1f28c0c3bbac99ff550b85ef8e44a6950c6ee24514fb6a5489e51d06f0298?s=96&d=mm&r=g\",\"contentUrl\":\"https:\\\/\\\/secure.gravatar.com\\\/avatar\\\/7ce1f28c0c3bbac99ff550b85ef8e44a6950c6ee24514fb6a5489e51d06f0298?s=96&d=mm&r=g\",\"caption\":\"webdo.tn\"},\"url\":\"https:\\\/\\\/www.webdo.tn\\\/fr\\\/actualite\\\/author\\\/webdotn\\\/\"}]}<\/script>\n<!-- \/ Yoast SEO Premium plugin. -->","yoast_head_json":{"title":"Le groupe djihadiste libyen Ansar Al-Sharia d\u00e9ment la mort de Mokhtar Belmokhtar","description":"Le groupe djihadiste libyen Ansar Al-Sharia d\u00e9ment la mort de Mokhtar Belmokhtar","canonical":"https:\/\/www.webdo.tn\/fr\/actualite\/international\/le-groupe-djihadiste-libyen-ansar-al-sharia-dement-la-mort-de-mokhtar-belmokhtar\/184098\/","og_locale":"fr_FR","og_type":"article","og_title":"Le groupe djihadiste libyen Ansar Al-Sharia d\u00e9ment la mort de Mokhtar Belmokhtar","og_description":"Le groupe djihadiste libyen Ansar Al-Sharia d\u00e9ment la mort de Mokhtar Belmokhtar","og_url":"https:\/\/www.webdo.tn\/fr\/actualite\/international\/le-groupe-djihadiste-libyen-ansar-al-sharia-dement-la-mort-de-mokhtar-belmokhtar\/184098\/","og_site_name":"webdo","article_publisher":"https:\/\/www.facebook.com\/webdotn","article_published_time":"2015-06-16T15:37:00+00:00","article_modified_time":"2025-05-22T12:55:16+00:00","og_image":[{"width":300,"height":169,"url":"https:\/\/www.webdo.tn\/fr\/wp-content\/uploads\/2015\/06\/mokhtar-belmokhtar1-300x169-1.jpg","type":"image\/jpeg"}],"author":"webdo.tn","twitter_card":"summary_large_image","twitter_creator":"@webdo_tn","twitter_site":"@webdo_tn","twitter_misc":{"\u00c9crit par":"webdo.tn","Dur\u00e9e de lecture estim\u00e9e":"1 minute"},"schema":{"@context":"https:\/\/schema.org","@graph":[{"@type":"NewsArticle","@id":"https:\/\/www.webdo.tn\/fr\/actualite\/international\/le-groupe-djihadiste-libyen-ansar-al-sharia-dement-la-mort-de-mokhtar-belmokhtar\/184098\/#article","isPartOf":{"@id":"https:\/\/www.webdo.tn\/fr\/actualite\/international\/le-groupe-djihadiste-libyen-ansar-al-sharia-dement-la-mort-de-mokhtar-belmokhtar\/184098\/"},"author":{"name":"webdo.tn","@id":"https:\/\/www.webdo.tn\/fr\/#\/schema\/person\/9a9c6118d687c117df8ef3cc36a4d175"},"headline":"Le groupe djihadiste libyen Ansar Al-Sharia d\u00e9ment la mort de Mokhtar Belmokhtar","datePublished":"2015-06-16T15:37:00+00:00","dateModified":"2025-05-22T12:55:16+00:00","mainEntityOfPage":{"@id":"https:\/\/www.webdo.tn\/fr\/actualite\/international\/le-groupe-djihadiste-libyen-ansar-al-sharia-dement-la-mort-de-mokhtar-belmokhtar\/184098\/"},"wordCount":143,"commentCount":0,"publisher":{"@id":"https:\/\/www.webdo.tn\/fr\/#organization"},"image":{"@id":"https:\/\/www.webdo.tn\/fr\/actualite\/international\/le-groupe-djihadiste-libyen-ansar-al-sharia-dement-la-mort-de-mokhtar-belmokhtar\/184098\/#primaryimage"},"thumbnailUrl":"https:\/\/www.webdo.tn\/fr\/wp-content\/uploads\/2015\/06\/mokhtar-belmokhtar1-300x169-1.jpg","articleSection":["International"],"inLanguage":"fr-FR"},{"@type":"WebPage","@id":"https:\/\/www.webdo.tn\/fr\/actualite\/international\/le-groupe-djihadiste-libyen-ansar-al-sharia-dement-la-mort-de-mokhtar-belmokhtar\/184098\/","url":"https:\/\/www.webdo.tn\/fr\/actualite\/international\/le-groupe-djihadiste-libyen-ansar-al-sharia-dement-la-mort-de-mokhtar-belmokhtar\/184098\/","name":"Le groupe djihadiste libyen Ansar Al-Sharia d\u00e9ment la mort de Mokhtar Belmokhtar","isPartOf":{"@id":"https:\/\/www.webdo.tn\/fr\/#website"},"primaryImageOfPage":{"@id":"https:\/\/www.webdo.tn\/fr\/actualite\/international\/le-groupe-djihadiste-libyen-ansar-al-sharia-dement-la-mort-de-mokhtar-belmokhtar\/184098\/#primaryimage"},"image":{"@id":"https:\/\/www.webdo.tn\/fr\/actualite\/international\/le-groupe-djihadiste-libyen-ansar-al-sharia-dement-la-mort-de-mokhtar-belmokhtar\/184098\/#primaryimage"},"thumbnailUrl":"https:\/\/www.webdo.tn\/fr\/wp-content\/uploads\/2015\/06\/mokhtar-belmokhtar1-300x169-1.jpg","datePublished":"2015-06-16T15:37:00+00:00","dateModified":"2025-05-22T12:55:16+00:00","description":"Le groupe djihadiste libyen Ansar Al-Sharia d\u00e9ment la mort de Mokhtar Belmokhtar","breadcrumb":{"@id":"https:\/\/www.webdo.tn\/fr\/actualite\/international\/le-groupe-djihadiste-libyen-ansar-al-sharia-dement-la-mort-de-mokhtar-belmokhtar\/184098\/#breadcrumb"},"inLanguage":"fr-FR","potentialAction":[{"@type":"ReadAction","target":["https:\/\/www.webdo.tn\/fr\/actualite\/international\/le-groupe-djihadiste-libyen-ansar-al-sharia-dement-la-mort-de-mokhtar-belmokhtar\/184098\/"]}]},{"@type":"ImageObject","inLanguage":"fr-FR","@id":"https:\/\/www.webdo.tn\/fr\/actualite\/international\/le-groupe-djihadiste-libyen-ansar-al-sharia-dement-la-mort-de-mokhtar-belmokhtar\/184098\/#primaryimage","url":"https:\/\/www.webdo.tn\/fr\/wp-content\/uploads\/2015\/06\/mokhtar-belmokhtar1-300x169-1.jpg","contentUrl":"https:\/\/www.webdo.tn\/fr\/wp-content\/uploads\/2015\/06\/mokhtar-belmokhtar1-300x169-1.jpg","width":300,"height":169,"caption":"Le groupe djihadiste libyen Ansar Al-Sharia d\u00e9ment la mort de Mokhtar Belmokhtar"},{"@type":"BreadcrumbList","@id":"https:\/\/www.webdo.tn\/fr\/actualite\/international\/le-groupe-djihadiste-libyen-ansar-al-sharia-dement-la-mort-de-mokhtar-belmokhtar\/184098\/#breadcrumb","itemListElement":[{"@type":"ListItem","position":1,"name":"Accueil","item":"https:\/\/www.webdo.tn\/fr\/"},{"@type":"ListItem","position":2,"name":"Le groupe djihadiste libyen Ansar Al-Sharia d\u00e9ment la mort de Mokhtar Belmokhtar"}]},{"@type":"WebSite","@id":"https:\/\/www.webdo.tn\/fr\/#website","url":"https:\/\/www.webdo.tn\/fr\/","name":"webdo","description":"Tunisie - News en Tunisie et \u00e0 l&#039;international sur Webdo.tn","publisher":{"@id":"https:\/\/www.webdo.tn\/fr\/#organization"},"potentialAction":[{"@type":"SearchAction","target":{"@type":"EntryPoint","urlTemplate":"https:\/\/www.webdo.tn\/fr\/?s={search_term_string}"},"query-input":{"@type":"PropertyValueSpecification","valueRequired":true,"valueName":"search_term_string"}}],"inLanguage":"fr-FR"},{"@type":"Organization","@id":"https:\/\/www.webdo.tn\/fr\/#organization","name":"Webdo","alternateName":"Webdo.tn","url":"https:\/\/www.webdo.tn\/fr\/","logo":{"@type":"ImageObject","inLanguage":"fr-FR","@id":"https:\/\/www.webdo.tn\/fr\/#\/schema\/logo\/image\/","url":"https:\/\/www.webdo.tn\/fr\/wp-content\/uploads\/2025\/06\/Webdo-Tunisie_168377.jpg","contentUrl":"https:\/\/www.webdo.tn\/fr\/wp-content\/uploads\/2025\/06\/Webdo-Tunisie_168377.jpg","width":301,"height":301,"caption":"Webdo"},"image":{"@id":"https:\/\/www.webdo.tn\/fr\/#\/schema\/logo\/image\/"},"sameAs":["https:\/\/www.facebook.com\/webdotn","https:\/\/x.com\/webdo_tn"],"description":"Webdo est un m\u00e9dia num\u00e9rique tunisien fond\u00e9 en 2010, sp\u00e9cialis\u00e9 dans l\u2019actualit\u00e9 nationale et internationale, l\u2019\u00e9conomie, la soci\u00e9t\u00e9 et les analyses politiques. Le site s\u2019adresse \u00e0 un large public francophone et couvre l\u2019information tunisienne en temps r\u00e9el.","email":"redac@webdo.tn","legalName":"YNJ SARL","foundingDate":"2010-09-06","numberOfEmployees":{"@type":"QuantitativeValue","minValue":"11","maxValue":"50"}},{"@type":"Person","@id":"https:\/\/www.webdo.tn\/fr\/#\/schema\/person\/9a9c6118d687c117df8ef3cc36a4d175","name":"webdo.tn","image":{"@type":"ImageObject","inLanguage":"fr-FR","@id":"https:\/\/secure.gravatar.com\/avatar\/7ce1f28c0c3bbac99ff550b85ef8e44a6950c6ee24514fb6a5489e51d06f0298?s=96&d=mm&r=g","url":"https:\/\/secure.gravatar.com\/avatar\/7ce1f28c0c3bbac99ff550b85ef8e44a6950c6ee24514fb6a5489e51d06f0298?s=96&d=mm&r=g","contentUrl":"https:\/\/secure.gravatar.com\/avatar\/7ce1f28c0c3bbac99ff550b85ef8e44a6950c6ee24514fb6a5489e51d06f0298?s=96&d=mm&r=g","caption":"webdo.tn"},"url":"https:\/\/www.webdo.tn\/fr\/actualite\/author\/webdotn\/"}]}},"_links":{"self":[{"href":"https:\/\/www.webdo.tn\/fr\/wp-json\/wp\/v2\/posts\/184098","targetHints":{"allow":["GET"]}}],"collection":[{"href":"https:\/\/www.webdo.tn\/fr\/wp-json\/wp\/v2\/posts"}],"about":[{"href":"https:\/\/www.webdo.tn\/fr\/wp-json\/wp\/v2\/types\/post"}],"author":[{"embeddable":true,"href":"https:\/\/www.webdo.tn\/fr\/wp-json\/wp\/v2\/users\/3222"}],"replies":[{"embeddable":true,"href":"https:\/\/www.webdo.tn\/fr\/wp-json\/wp\/v2\/comments?post=184098"}],"version-history":[{"count":0,"href":"https:\/\/www.webdo.tn\/fr\/wp-json\/wp\/v2\/posts\/184098\/revisions"}],"wp:featuredmedia":[{"embeddable":true,"href":"https:\/\/www.webdo.tn\/fr\/wp-json\/wp\/v2\/media\/352017"}],"wp:attachment":[{"href":"https:\/\/www.webdo.tn\/fr\/wp-json\/wp\/v2\/media?parent=184098"}],"wp:term":[{"taxonomy":"category","embeddable":true,"href":"https:\/\/www.webdo.tn\/fr\/wp-json\/wp\/v2\/categories?post=184098"},{"taxonomy":"post_tag","embeddable":true,"href":"https:\/\/www.webdo.tn\/fr\/wp-json\/wp\/v2\/tags?post=184098"}],"curies":[{"name":"wp","href":"https:\/\/api.w.org\/{rel}","templated":true}]}}