{"id":184097,"date":"2015-06-18T14:39:00","date_gmt":"2015-06-18T14:39:00","guid":{"rendered":"https:\/\/www.webdo.tn\/fr\/blog\/the-migrants-files-les-vrais-couts-de-la-migration\/184097\/"},"modified":"2015-06-18T14:39:00","modified_gmt":"2015-06-18T14:39:00","slug":"the-migrants-files-les-vrais-couts-de-la-migration","status":"publish","type":"post","link":"https:\/\/www.webdo.tn\/fr\/actualite\/international\/the-migrants-files-les-vrais-couts-de-la-migration\/184097\/","title":{"rendered":"The Migrants files : Les vrais co\u00fbts de la migration"},"content":{"rendered":"<p>Vingts journalistes europ\u00e9ens ont travaill\u00e9 pendant environ six mois sur les co\u00fbts de la migration vers l&rsquo;Europe durant les quinze derni\u00e8res ann\u00e9es. Nomm\u00e9 The Migrant files, le travail de ce collectif met\u00a0en parall\u00e8le combien les migrants paient pour atteindre l&rsquo;Europe\u00a0et\u00a0combien le Vieux continent paie pour prot\u00e9ger ses fronti\u00e8res ou renvoyer les migrants chez eux.<br \/>\nSelon les chiffres de cet outil qui regroupe un maximum de donn\u00e9es sur les co\u00fbts engendr\u00e9s par le ph\u00e9nom\u00e8ne de migration, la s\u00e9curit\u00e9 des fronti\u00e8res europ\u00e9enne aurait co\u00fbt\u00e9 1,6 milliards d&rsquo;euros depuis 2000. Les murs construits en Espagne, en Gr\u00e8ce et en Bulgarie aux fronti\u00e8res ont co\u00fbt\u00e9 76 millions d&rsquo;euros.<\/p>\n<p>Pour traquer les migrants et les r\u00e9fugi\u00e9s, l&rsquo;Italie aurait quant \u00e0 elle d\u00e9pens\u00e9 pr\u00e8s de 17 millions d&rsquo;euros depuis 2011, pour fournir bateaux et autres mat\u00e9riels \u00e0 la Libye.<br \/>\nL&rsquo;expulsion des migrants<br \/>\nL&rsquo;expulsion de migrants vers leur pays d&rsquo;origine a co\u00fbt\u00e9 11,3 milliards d&rsquo;euros \u00e0 l&rsquo;Union Europ\u00e9enne\u00a0depuis 2000.<\/p>\n<p>En effet, l&rsquo;expulsion d&rsquo;un migrant co\u00fbterait 4000 euros, dont la moiti\u00e9 d\u00e9di\u00e9 aux frais de transports.<\/p>\n<p>Malgr\u00e9 la protection des fronti\u00e8res et les d\u00e9penses faramineuses pour construire des murs, le nombre de migrants tentant de rejoindre l&rsquo;Europe a encore augment\u00e9 en 2015.<br \/>\n16 milliards d&rsquo;euros pour passer en Europe<br \/>\nLes documents r\u00e9colt\u00e9s et analys\u00e9s par The Migrants files rapportent que depuis 2000 les migrants et r\u00e9fugi\u00e9s auraient d\u00e9pens\u00e9s pr\u00e8s de 16 milliards d&rsquo;euros pour pouvoir tenter\u00a0d&rsquo;atteindre l&rsquo;Europe.<\/p>\n<p>Quant au nombre d&rsquo;entre eux qui l&rsquo;ont fait, ils seraient pr\u00e8s d&rsquo;1,2 millions d&rsquo;entre eux depuis les quinze derni\u00e8re ann\u00e9es.<\/p>\n<p>De\u00a0janvier \u00e0\u00a0la\u00a0fin de\u00a0mai\u00a02015, plus de\u00a0100.000\u00a0migrants ont travers\u00e9 la M\u00e9diterran\u00e9e et 1865 se sont noy\u00e9s, selon l\u2019Office international des migrations.<br \/>\nElodie Potente<\/p>\n","protected":false},"excerpt":{"rendered":"<p>The Migrants files : Les vrais co\u00fbts de la migration<\/p>\n","protected":false},"author":3222,"featured_media":372972,"comment_status":"open","ping_status":"closed","sticky":false,"template":"","format":"standard","meta":{"footnotes":""},"categories":[2598],"tags":[2600],"class_list":["post-184097","post","type-post","status-publish","format-standard","has-post-thumbnail","hentry","category-international","tag-guerre"],"yoast_head":"<!-- This site is optimized with the Yoast SEO Premium plugin v27.5 (Yoast SEO v27.5) - https:\/\/yoast.com\/product\/yoast-seo-premium-wordpress\/ -->\n<title>The Migrants files : Les vrais co\u00fbts de la migration<\/title>\n<meta name=\"description\" content=\"The Migrants files : Les vrais co\u00fbts de la migration\" \/>\n<link rel=\"canonical\" href=\"https:\/\/www.webdo.tn\/fr\/actualite\/international\/the-migrants-files-les-vrais-couts-de-la-migration\/184097\/\" \/>\n<meta property=\"og:locale\" content=\"fr_FR\" \/>\n<meta property=\"og:type\" content=\"article\" \/>\n<meta property=\"og:title\" content=\"The Migrants files : Les vrais co\u00fbts de la migration\" \/>\n<meta property=\"og:description\" content=\"The Migrants files : Les vrais co\u00fbts de la migration\" \/>\n<meta property=\"og:url\" content=\"https:\/\/www.webdo.tn\/fr\/actualite\/international\/the-migrants-files-les-vrais-couts-de-la-migration\/184097\/\" \/>\n<meta property=\"og:site_name\" content=\"webdo\" \/>\n<meta property=\"article:publisher\" content=\"https:\/\/www.facebook.com\/webdotn\" \/>\n<meta property=\"article:published_time\" content=\"2015-06-18T14:39:00+00:00\" \/>\n<meta name=\"author\" content=\"webdo.tn\" \/>\n<meta name=\"twitter:card\" content=\"summary_large_image\" \/>\n<meta name=\"twitter:creator\" content=\"@webdo_tn\" \/>\n<meta name=\"twitter:site\" content=\"@webdo_tn\" \/>\n<meta name=\"twitter:label1\" content=\"\u00c9crit par\" \/>\n\t<meta name=\"twitter:data1\" content=\"webdo.tn\" \/>\n\t<meta name=\"twitter:label2\" content=\"Dur\u00e9e de lecture estim\u00e9e\" \/>\n\t<meta name=\"twitter:data2\" content=\"2 minutes\" \/>\n<script type=\"application\/ld+json\" class=\"yoast-schema-graph\">{\"@context\":\"https:\\\/\\\/schema.org\",\"@graph\":[{\"@type\":\"NewsArticle\",\"@id\":\"https:\\\/\\\/www.webdo.tn\\\/fr\\\/actualite\\\/international\\\/the-migrants-files-les-vrais-couts-de-la-migration\\\/184097\\\/#article\",\"isPartOf\":{\"@id\":\"https:\\\/\\\/www.webdo.tn\\\/fr\\\/actualite\\\/international\\\/the-migrants-files-les-vrais-couts-de-la-migration\\\/184097\\\/\"},\"author\":{\"name\":\"webdo.tn\",\"@id\":\"https:\\\/\\\/www.webdo.tn\\\/fr\\\/#\\\/schema\\\/person\\\/9a9c6118d687c117df8ef3cc36a4d175\"},\"headline\":\"The Migrants files : Les vrais co\u00fbts de la migration\",\"datePublished\":\"2015-06-18T14:39:00+00:00\",\"mainEntityOfPage\":{\"@id\":\"https:\\\/\\\/www.webdo.tn\\\/fr\\\/actualite\\\/international\\\/the-migrants-files-les-vrais-couts-de-la-migration\\\/184097\\\/\"},\"wordCount\":339,\"commentCount\":0,\"publisher\":{\"@id\":\"https:\\\/\\\/www.webdo.tn\\\/fr\\\/#organization\"},\"image\":{\"@id\":\"https:\\\/\\\/www.webdo.tn\\\/fr\\\/actualite\\\/international\\\/the-migrants-files-les-vrais-couts-de-la-migration\\\/184097\\\/#primaryimage\"},\"thumbnailUrl\":\"https:\\\/\\\/www.webdo.tn\\\/fr\\\/wp-content\\\/uploads\\\/2025\\\/06\\\/La-police-italienne-canalisant-des-immigres-tunisiens-\u2013-photo-archive-lefigaro.fr__184097.jpg\",\"keywords\":[\"guerre\"],\"articleSection\":[\"International\"],\"inLanguage\":\"fr-FR\"},{\"@type\":\"WebPage\",\"@id\":\"https:\\\/\\\/www.webdo.tn\\\/fr\\\/actualite\\\/international\\\/the-migrants-files-les-vrais-couts-de-la-migration\\\/184097\\\/\",\"url\":\"https:\\\/\\\/www.webdo.tn\\\/fr\\\/actualite\\\/international\\\/the-migrants-files-les-vrais-couts-de-la-migration\\\/184097\\\/\",\"name\":\"The Migrants files : Les vrais co\u00fbts de la migration\",\"isPartOf\":{\"@id\":\"https:\\\/\\\/www.webdo.tn\\\/fr\\\/#website\"},\"primaryImageOfPage\":{\"@id\":\"https:\\\/\\\/www.webdo.tn\\\/fr\\\/actualite\\\/international\\\/the-migrants-files-les-vrais-couts-de-la-migration\\\/184097\\\/#primaryimage\"},\"image\":{\"@id\":\"https:\\\/\\\/www.webdo.tn\\\/fr\\\/actualite\\\/international\\\/the-migrants-files-les-vrais-couts-de-la-migration\\\/184097\\\/#primaryimage\"},\"thumbnailUrl\":\"https:\\\/\\\/www.webdo.tn\\\/fr\\\/wp-content\\\/uploads\\\/2025\\\/06\\\/La-police-italienne-canalisant-des-immigres-tunisiens-\u2013-photo-archive-lefigaro.fr__184097.jpg\",\"datePublished\":\"2015-06-18T14:39:00+00:00\",\"description\":\"The Migrants files : Les vrais co\u00fbts de la migration\",\"breadcrumb\":{\"@id\":\"https:\\\/\\\/www.webdo.tn\\\/fr\\\/actualite\\\/international\\\/the-migrants-files-les-vrais-couts-de-la-migration\\\/184097\\\/#breadcrumb\"},\"inLanguage\":\"fr-FR\",\"potentialAction\":[{\"@type\":\"ReadAction\",\"target\":[\"https:\\\/\\\/www.webdo.tn\\\/fr\\\/actualite\\\/international\\\/the-migrants-files-les-vrais-couts-de-la-migration\\\/184097\\\/\"]}]},{\"@type\":\"ImageObject\",\"inLanguage\":\"fr-FR\",\"@id\":\"https:\\\/\\\/www.webdo.tn\\\/fr\\\/actualite\\\/international\\\/the-migrants-files-les-vrais-couts-de-la-migration\\\/184097\\\/#primaryimage\",\"url\":\"https:\\\/\\\/www.webdo.tn\\\/fr\\\/wp-content\\\/uploads\\\/2025\\\/06\\\/La-police-italienne-canalisant-des-immigres-tunisiens-\u2013-photo-archive-lefigaro.fr__184097.jpg\",\"contentUrl\":\"https:\\\/\\\/www.webdo.tn\\\/fr\\\/wp-content\\\/uploads\\\/2025\\\/06\\\/La-police-italienne-canalisant-des-immigres-tunisiens-\u2013-photo-archive-lefigaro.fr__184097.jpg\",\"width\":255,\"height\":163,\"caption\":\"The Migrants files : Les vrais co\u00fbts de la migration\"},{\"@type\":\"BreadcrumbList\",\"@id\":\"https:\\\/\\\/www.webdo.tn\\\/fr\\\/actualite\\\/international\\\/the-migrants-files-les-vrais-couts-de-la-migration\\\/184097\\\/#breadcrumb\",\"itemListElement\":[{\"@type\":\"ListItem\",\"position\":1,\"name\":\"Accueil\",\"item\":\"https:\\\/\\\/www.webdo.tn\\\/fr\\\/\"},{\"@type\":\"ListItem\",\"position\":2,\"name\":\"The Migrants files : Les vrais co\u00fbts de la migration\"}]},{\"@type\":\"WebSite\",\"@id\":\"https:\\\/\\\/www.webdo.tn\\\/fr\\\/#website\",\"url\":\"https:\\\/\\\/www.webdo.tn\\\/fr\\\/\",\"name\":\"webdo\",\"description\":\"Tunisie - News en Tunisie et \u00e0 l&#039;international sur Webdo.tn\",\"publisher\":{\"@id\":\"https:\\\/\\\/www.webdo.tn\\\/fr\\\/#organization\"},\"potentialAction\":[{\"@type\":\"SearchAction\",\"target\":{\"@type\":\"EntryPoint\",\"urlTemplate\":\"https:\\\/\\\/www.webdo.tn\\\/fr\\\/?s={search_term_string}\"},\"query-input\":{\"@type\":\"PropertyValueSpecification\",\"valueRequired\":true,\"valueName\":\"search_term_string\"}}],\"inLanguage\":\"fr-FR\"},{\"@type\":\"Organization\",\"@id\":\"https:\\\/\\\/www.webdo.tn\\\/fr\\\/#organization\",\"name\":\"Webdo\",\"alternateName\":\"Webdo.tn\",\"url\":\"https:\\\/\\\/www.webdo.tn\\\/fr\\\/\",\"logo\":{\"@type\":\"ImageObject\",\"inLanguage\":\"fr-FR\",\"@id\":\"https:\\\/\\\/www.webdo.tn\\\/fr\\\/#\\\/schema\\\/logo\\\/image\\\/\",\"url\":\"https:\\\/\\\/www.webdo.tn\\\/fr\\\/wp-content\\\/uploads\\\/2025\\\/06\\\/Webdo-Tunisie_168377.jpg\",\"contentUrl\":\"https:\\\/\\\/www.webdo.tn\\\/fr\\\/wp-content\\\/uploads\\\/2025\\\/06\\\/Webdo-Tunisie_168377.jpg\",\"width\":301,\"height\":301,\"caption\":\"Webdo\"},\"image\":{\"@id\":\"https:\\\/\\\/www.webdo.tn\\\/fr\\\/#\\\/schema\\\/logo\\\/image\\\/\"},\"sameAs\":[\"https:\\\/\\\/www.facebook.com\\\/webdotn\",\"https:\\\/\\\/x.com\\\/webdo_tn\"],\"description\":\"Webdo est un m\u00e9dia num\u00e9rique tunisien fond\u00e9 en 2010, sp\u00e9cialis\u00e9 dans l\u2019actualit\u00e9 nationale et internationale, l\u2019\u00e9conomie, la soci\u00e9t\u00e9 et les analyses politiques. Le site s\u2019adresse \u00e0 un large public francophone et couvre l\u2019information tunisienne en temps r\u00e9el.\",\"email\":\"redac@webdo.tn\",\"legalName\":\"YNJ SARL\",\"foundingDate\":\"2010-09-06\",\"numberOfEmployees\":{\"@type\":\"QuantitativeValue\",\"minValue\":\"11\",\"maxValue\":\"50\"}},{\"@type\":\"Person\",\"@id\":\"https:\\\/\\\/www.webdo.tn\\\/fr\\\/#\\\/schema\\\/person\\\/9a9c6118d687c117df8ef3cc36a4d175\",\"name\":\"webdo.tn\",\"image\":{\"@type\":\"ImageObject\",\"inLanguage\":\"fr-FR\",\"@id\":\"https:\\\/\\\/secure.gravatar.com\\\/avatar\\\/7ce1f28c0c3bbac99ff550b85ef8e44a6950c6ee24514fb6a5489e51d06f0298?s=96&d=mm&r=g\",\"url\":\"https:\\\/\\\/secure.gravatar.com\\\/avatar\\\/7ce1f28c0c3bbac99ff550b85ef8e44a6950c6ee24514fb6a5489e51d06f0298?s=96&d=mm&r=g\",\"contentUrl\":\"https:\\\/\\\/secure.gravatar.com\\\/avatar\\\/7ce1f28c0c3bbac99ff550b85ef8e44a6950c6ee24514fb6a5489e51d06f0298?s=96&d=mm&r=g\",\"caption\":\"webdo.tn\"},\"url\":\"https:\\\/\\\/www.webdo.tn\\\/fr\\\/actualite\\\/author\\\/webdotn\\\/\"}]}<\/script>\n<!-- \/ Yoast SEO Premium plugin. -->","yoast_head_json":{"title":"The Migrants files : Les vrais co\u00fbts de la migration","description":"The Migrants files : Les vrais co\u00fbts de la migration","canonical":"https:\/\/www.webdo.tn\/fr\/actualite\/international\/the-migrants-files-les-vrais-couts-de-la-migration\/184097\/","og_locale":"fr_FR","og_type":"article","og_title":"The Migrants files : Les vrais co\u00fbts de la migration","og_description":"The Migrants files : Les vrais co\u00fbts de la migration","og_url":"https:\/\/www.webdo.tn\/fr\/actualite\/international\/the-migrants-files-les-vrais-couts-de-la-migration\/184097\/","og_site_name":"webdo","article_publisher":"https:\/\/www.facebook.com\/webdotn","article_published_time":"2015-06-18T14:39:00+00:00","author":"webdo.tn","twitter_card":"summary_large_image","twitter_creator":"@webdo_tn","twitter_site":"@webdo_tn","twitter_misc":{"\u00c9crit par":"webdo.tn","Dur\u00e9e de lecture estim\u00e9e":"2 minutes"},"schema":{"@context":"https:\/\/schema.org","@graph":[{"@type":"NewsArticle","@id":"https:\/\/www.webdo.tn\/fr\/actualite\/international\/the-migrants-files-les-vrais-couts-de-la-migration\/184097\/#article","isPartOf":{"@id":"https:\/\/www.webdo.tn\/fr\/actualite\/international\/the-migrants-files-les-vrais-couts-de-la-migration\/184097\/"},"author":{"name":"webdo.tn","@id":"https:\/\/www.webdo.tn\/fr\/#\/schema\/person\/9a9c6118d687c117df8ef3cc36a4d175"},"headline":"The Migrants files : Les vrais co\u00fbts de la migration","datePublished":"2015-06-18T14:39:00+00:00","mainEntityOfPage":{"@id":"https:\/\/www.webdo.tn\/fr\/actualite\/international\/the-migrants-files-les-vrais-couts-de-la-migration\/184097\/"},"wordCount":339,"commentCount":0,"publisher":{"@id":"https:\/\/www.webdo.tn\/fr\/#organization"},"image":{"@id":"https:\/\/www.webdo.tn\/fr\/actualite\/international\/the-migrants-files-les-vrais-couts-de-la-migration\/184097\/#primaryimage"},"thumbnailUrl":"https:\/\/www.webdo.tn\/fr\/wp-content\/uploads\/2025\/06\/La-police-italienne-canalisant-des-immigres-tunisiens-\u2013-photo-archive-lefigaro.fr__184097.jpg","keywords":["guerre"],"articleSection":["International"],"inLanguage":"fr-FR"},{"@type":"WebPage","@id":"https:\/\/www.webdo.tn\/fr\/actualite\/international\/the-migrants-files-les-vrais-couts-de-la-migration\/184097\/","url":"https:\/\/www.webdo.tn\/fr\/actualite\/international\/the-migrants-files-les-vrais-couts-de-la-migration\/184097\/","name":"The Migrants files : Les vrais co\u00fbts de la migration","isPartOf":{"@id":"https:\/\/www.webdo.tn\/fr\/#website"},"primaryImageOfPage":{"@id":"https:\/\/www.webdo.tn\/fr\/actualite\/international\/the-migrants-files-les-vrais-couts-de-la-migration\/184097\/#primaryimage"},"image":{"@id":"https:\/\/www.webdo.tn\/fr\/actualite\/international\/the-migrants-files-les-vrais-couts-de-la-migration\/184097\/#primaryimage"},"thumbnailUrl":"https:\/\/www.webdo.tn\/fr\/wp-content\/uploads\/2025\/06\/La-police-italienne-canalisant-des-immigres-tunisiens-\u2013-photo-archive-lefigaro.fr__184097.jpg","datePublished":"2015-06-18T14:39:00+00:00","description":"The Migrants files : Les vrais co\u00fbts de la migration","breadcrumb":{"@id":"https:\/\/www.webdo.tn\/fr\/actualite\/international\/the-migrants-files-les-vrais-couts-de-la-migration\/184097\/#breadcrumb"},"inLanguage":"fr-FR","potentialAction":[{"@type":"ReadAction","target":["https:\/\/www.webdo.tn\/fr\/actualite\/international\/the-migrants-files-les-vrais-couts-de-la-migration\/184097\/"]}]},{"@type":"ImageObject","inLanguage":"fr-FR","@id":"https:\/\/www.webdo.tn\/fr\/actualite\/international\/the-migrants-files-les-vrais-couts-de-la-migration\/184097\/#primaryimage","url":"https:\/\/www.webdo.tn\/fr\/wp-content\/uploads\/2025\/06\/La-police-italienne-canalisant-des-immigres-tunisiens-\u2013-photo-archive-lefigaro.fr__184097.jpg","contentUrl":"https:\/\/www.webdo.tn\/fr\/wp-content\/uploads\/2025\/06\/La-police-italienne-canalisant-des-immigres-tunisiens-\u2013-photo-archive-lefigaro.fr__184097.jpg","width":255,"height":163,"caption":"The Migrants files : Les vrais co\u00fbts de la migration"},{"@type":"BreadcrumbList","@id":"https:\/\/www.webdo.tn\/fr\/actualite\/international\/the-migrants-files-les-vrais-couts-de-la-migration\/184097\/#breadcrumb","itemListElement":[{"@type":"ListItem","position":1,"name":"Accueil","item":"https:\/\/www.webdo.tn\/fr\/"},{"@type":"ListItem","position":2,"name":"The Migrants files : Les vrais co\u00fbts de la migration"}]},{"@type":"WebSite","@id":"https:\/\/www.webdo.tn\/fr\/#website","url":"https:\/\/www.webdo.tn\/fr\/","name":"webdo","description":"Tunisie - News en Tunisie et \u00e0 l&#039;international sur Webdo.tn","publisher":{"@id":"https:\/\/www.webdo.tn\/fr\/#organization"},"potentialAction":[{"@type":"SearchAction","target":{"@type":"EntryPoint","urlTemplate":"https:\/\/www.webdo.tn\/fr\/?s={search_term_string}"},"query-input":{"@type":"PropertyValueSpecification","valueRequired":true,"valueName":"search_term_string"}}],"inLanguage":"fr-FR"},{"@type":"Organization","@id":"https:\/\/www.webdo.tn\/fr\/#organization","name":"Webdo","alternateName":"Webdo.tn","url":"https:\/\/www.webdo.tn\/fr\/","logo":{"@type":"ImageObject","inLanguage":"fr-FR","@id":"https:\/\/www.webdo.tn\/fr\/#\/schema\/logo\/image\/","url":"https:\/\/www.webdo.tn\/fr\/wp-content\/uploads\/2025\/06\/Webdo-Tunisie_168377.jpg","contentUrl":"https:\/\/www.webdo.tn\/fr\/wp-content\/uploads\/2025\/06\/Webdo-Tunisie_168377.jpg","width":301,"height":301,"caption":"Webdo"},"image":{"@id":"https:\/\/www.webdo.tn\/fr\/#\/schema\/logo\/image\/"},"sameAs":["https:\/\/www.facebook.com\/webdotn","https:\/\/x.com\/webdo_tn"],"description":"Webdo est un m\u00e9dia num\u00e9rique tunisien fond\u00e9 en 2010, sp\u00e9cialis\u00e9 dans l\u2019actualit\u00e9 nationale et internationale, l\u2019\u00e9conomie, la soci\u00e9t\u00e9 et les analyses politiques. Le site s\u2019adresse \u00e0 un large public francophone et couvre l\u2019information tunisienne en temps r\u00e9el.","email":"redac@webdo.tn","legalName":"YNJ SARL","foundingDate":"2010-09-06","numberOfEmployees":{"@type":"QuantitativeValue","minValue":"11","maxValue":"50"}},{"@type":"Person","@id":"https:\/\/www.webdo.tn\/fr\/#\/schema\/person\/9a9c6118d687c117df8ef3cc36a4d175","name":"webdo.tn","image":{"@type":"ImageObject","inLanguage":"fr-FR","@id":"https:\/\/secure.gravatar.com\/avatar\/7ce1f28c0c3bbac99ff550b85ef8e44a6950c6ee24514fb6a5489e51d06f0298?s=96&d=mm&r=g","url":"https:\/\/secure.gravatar.com\/avatar\/7ce1f28c0c3bbac99ff550b85ef8e44a6950c6ee24514fb6a5489e51d06f0298?s=96&d=mm&r=g","contentUrl":"https:\/\/secure.gravatar.com\/avatar\/7ce1f28c0c3bbac99ff550b85ef8e44a6950c6ee24514fb6a5489e51d06f0298?s=96&d=mm&r=g","caption":"webdo.tn"},"url":"https:\/\/www.webdo.tn\/fr\/actualite\/author\/webdotn\/"}]}},"_links":{"self":[{"href":"https:\/\/www.webdo.tn\/fr\/wp-json\/wp\/v2\/posts\/184097","targetHints":{"allow":["GET"]}}],"collection":[{"href":"https:\/\/www.webdo.tn\/fr\/wp-json\/wp\/v2\/posts"}],"about":[{"href":"https:\/\/www.webdo.tn\/fr\/wp-json\/wp\/v2\/types\/post"}],"author":[{"embeddable":true,"href":"https:\/\/www.webdo.tn\/fr\/wp-json\/wp\/v2\/users\/3222"}],"replies":[{"embeddable":true,"href":"https:\/\/www.webdo.tn\/fr\/wp-json\/wp\/v2\/comments?post=184097"}],"version-history":[{"count":0,"href":"https:\/\/www.webdo.tn\/fr\/wp-json\/wp\/v2\/posts\/184097\/revisions"}],"wp:featuredmedia":[{"embeddable":true,"href":"https:\/\/www.webdo.tn\/fr\/wp-json\/wp\/v2\/media\/372972"}],"wp:attachment":[{"href":"https:\/\/www.webdo.tn\/fr\/wp-json\/wp\/v2\/media?parent=184097"}],"wp:term":[{"taxonomy":"category","embeddable":true,"href":"https:\/\/www.webdo.tn\/fr\/wp-json\/wp\/v2\/categories?post=184097"},{"taxonomy":"post_tag","embeddable":true,"href":"https:\/\/www.webdo.tn\/fr\/wp-json\/wp\/v2\/tags?post=184097"}],"curies":[{"name":"wp","href":"https:\/\/api.w.org\/{rel}","templated":true}]}}