{"id":184092,"date":"2015-06-22T10:53:00","date_gmt":"2015-06-22T10:53:00","guid":{"rendered":"https:\/\/www.webdo.tn\/fr\/blog\/32-727-morts-et-13-463-attaques-terroristes-hausse-vertigineuse-du-nombre-des-tues-dans-des-attentats-dans-le-monde-en-2014\/184092\/"},"modified":"2025-05-18T22:11:28","modified_gmt":"2025-05-18T22:11:28","slug":"32-727-morts-et-13-463-attaques-terroristes-hausse-vertigineuse-du-nombre-des-tues-dans-des-attentats-dans-le-monde-en-2014","status":"publish","type":"post","link":"https:\/\/www.webdo.tn\/fr\/actualite\/international\/32-727-morts-et-13-463-attaques-terroristes-hausse-vertigineuse-du-nombre-des-tues-dans-des-attentats-dans-le-monde-en-2014\/184092\/","title":{"rendered":"32.727 morts et 13.463 \u00ab\u00a0attaques terroristes\u00a0\u00bb : Hausse vertigineuse du nombre des tu\u00e9s dans des attentats dans le monde en 2014"},"content":{"rendered":"<p>Avec pr\u00e8s de 33.000 morts en 2014 dans des \u00ab\u00a0attaques terroristes\u00a0\u00bb, le monde a connu une hausse vertigineuse du nombre de personnes tu\u00e9es par des attentats, s&rsquo;est alarm\u00e9e la diplomatie am\u00e9ricaine.<br \/>\nDans un rapport mondial gla\u00e7ant, le d\u00e9partement d&rsquo;Etat analyse \u00e9galement l&rsquo;\u00e9mergence fulgurante du groupe Etat islamique (EI) en Irak et en Syrie, conc\u00e9dant qu&rsquo;il faudra des ann\u00e9es pour en venir \u00e0 bout.<br \/>\nLe nombre de tu\u00e9s en hausse de 81%<br \/>\nCe panorama statistique annuel, qui s&rsquo;arr\u00eate au 31 d\u00e9cembre 2014, d\u00e9compte 13.463 \u00ab\u00a0attaques terroristes\u00a0\u00bb l&rsquo;an dernier &#8211; une augmentation de 35% par rapport \u00e0 2013 &#8211; ayant provoqu\u00e9 la mort de 32.727 personnes. Cela repr\u00e9sente une hausse de 81% du nombre de tu\u00e9s sur un an.<\/p>\n<p>Dans cette avalanche macabre de chiffres, Washington rel\u00e8ve que 95 pays ont \u00e9t\u00e9 frapp\u00e9s par des actes \u00ab\u00a0terroristes\u00a0\u00bb en 2014 mais que plus de 60% d&rsquo;entre eux se sont produits en Irak, au Pakistan, en Afghanistan, en Inde et au Nigeria. Et 78% des personnes qui ont perdu la vie se trouvaient en Irak, Syrie, Afghanistan, Pakistan et au Nigeria.<br \/>\n34.791 bless\u00e9s et 9428 otages<br \/>\nCette pouss\u00e9e effarante du nombre de morts s&rsquo;explique par le fait qu'\u00a0\u00bben 2014 il y a eu 20 attaques qui ont tu\u00e9 (chacune) plus de 100 personnes, contre deux du m\u00eame type en 2013&Prime;, selon le secr\u00e9taire d&rsquo;Etat am\u00e9ricain.<\/p>\n<p>Un total de 34.791 personnes ont \u00e9galement \u00e9t\u00e9 bless\u00e9es dans ces attentats et 9428 autres ont \u00e9t\u00e9 prises en otage.<\/p>\n<p>Concept id\u00e9ologique, sujet \u00e0 de multiples controverses, le \u00ab\u00a0terrorisme\u00a0\u00bb est d\u00e9fini juridiquement par le gouvernement am\u00e9ricain comme un acte \u00ab\u00a0de violence pr\u00e9m\u00e9dit\u00e9, aux mobiles politiques, perp\u00e9tr\u00e9 par des groupes sous-nationaux ou des agents clandestins, contre des cibles non combattantes\u00a0\u00bb.<br \/>\nL&rsquo;EI, une organisation \u00ab\u00a0sans pr\u00e9c\u00e9dent\u00a0\u00bb dans l&rsquo;histoire du terrorisme<br \/>\nCe rapport met surtout l&rsquo;accent sur le groupe jihadiste EI qui contr\u00f4le depuis juin 2014 de larges pans de la Syrie et de l&rsquo;Irak. Les Etats-Unis ont mis sur pied depuis septembre une coalition militaire internationale qui a effectu\u00e9 des milliers de frappes contre les bastions de l&rsquo;EI, mais Washington reconna\u00eet que cette organisation islamiste ultra radicale sunnite est \u00ab\u00a0sans pr\u00e9c\u00e9dent\u00a0\u00bb dans l&rsquo;histoire du terrorisme et que son \u00e9radication prendrait de trois \u00e0 cinq ans.<\/p>\n","protected":false},"excerpt":{"rendered":"<p>32.727 morts et 13.463  attaques terroristes  : Hausse vertigineuse du nombre des tu\u00e9s dans des attentats dans le monde en 2014<\/p>\n","protected":false},"author":3222,"featured_media":372966,"comment_status":"open","ping_status":"closed","sticky":false,"template":"","format":"standard","meta":{"footnotes":""},"categories":[2598],"tags":[2600],"class_list":["post-184092","post","type-post","status-publish","format-standard","has-post-thumbnail","hentry","category-international","tag-guerre"],"yoast_head":"<!-- This site is optimized with the Yoast SEO Premium plugin v27.5 (Yoast SEO v27.5) - https:\/\/yoast.com\/product\/yoast-seo-premium-wordpress\/ -->\n<title>32.727 morts et 13.463 attaques terroristes : Hausse vertigineuse du nombre des tu\u00e9s dans des attentats dans le monde en 2014<\/title>\n<meta name=\"description\" content=\"32.727 morts et 13.463 attaques terroristes : Hausse vertigineuse du nombre des tu\u00e9s dans des attentats dans le monde en 2014\" \/>\n<link rel=\"canonical\" href=\"https:\/\/www.webdo.tn\/fr\/actualite\/international\/32-727-morts-et-13-463-attaques-terroristes-hausse-vertigineuse-du-nombre-des-tues-dans-des-attentats-dans-le-monde-en-2014\/184092\/\" \/>\n<meta property=\"og:locale\" content=\"fr_FR\" \/>\n<meta property=\"og:type\" content=\"article\" \/>\n<meta property=\"og:title\" content=\"32.727 morts et 13.463 &quot;attaques terroristes&quot; : Hausse vertigineuse du nombre des tu\u00e9s dans des attentats dans le monde en 2014\" \/>\n<meta property=\"og:description\" content=\"32.727 morts et 13.463 attaques terroristes : Hausse vertigineuse du nombre des tu\u00e9s dans des attentats dans le monde en 2014\" \/>\n<meta property=\"og:url\" content=\"https:\/\/www.webdo.tn\/fr\/actualite\/international\/32-727-morts-et-13-463-attaques-terroristes-hausse-vertigineuse-du-nombre-des-tues-dans-des-attentats-dans-le-monde-en-2014\/184092\/\" \/>\n<meta property=\"og:site_name\" content=\"webdo\" \/>\n<meta property=\"article:publisher\" content=\"https:\/\/www.facebook.com\/webdotn\" \/>\n<meta property=\"article:published_time\" content=\"2015-06-22T10:53:00+00:00\" \/>\n<meta property=\"article:modified_time\" content=\"2025-05-18T22:11:28+00:00\" \/>\n<meta name=\"author\" content=\"webdo.tn\" \/>\n<meta name=\"twitter:card\" content=\"summary_large_image\" \/>\n<meta name=\"twitter:creator\" content=\"@webdo_tn\" \/>\n<meta name=\"twitter:site\" content=\"@webdo_tn\" \/>\n<meta name=\"twitter:label1\" content=\"\u00c9crit par\" \/>\n\t<meta name=\"twitter:data1\" content=\"webdo.tn\" \/>\n\t<meta name=\"twitter:label2\" content=\"Dur\u00e9e de lecture estim\u00e9e\" \/>\n\t<meta name=\"twitter:data2\" content=\"2 minutes\" \/>\n<script type=\"application\/ld+json\" class=\"yoast-schema-graph\">{\"@context\":\"https:\\\/\\\/schema.org\",\"@graph\":[{\"@type\":\"NewsArticle\",\"@id\":\"https:\\\/\\\/www.webdo.tn\\\/fr\\\/actualite\\\/international\\\/32-727-morts-et-13-463-attaques-terroristes-hausse-vertigineuse-du-nombre-des-tues-dans-des-attentats-dans-le-monde-en-2014\\\/184092\\\/#article\",\"isPartOf\":{\"@id\":\"https:\\\/\\\/www.webdo.tn\\\/fr\\\/actualite\\\/international\\\/32-727-morts-et-13-463-attaques-terroristes-hausse-vertigineuse-du-nombre-des-tues-dans-des-attentats-dans-le-monde-en-2014\\\/184092\\\/\"},\"author\":{\"name\":\"webdo.tn\",\"@id\":\"https:\\\/\\\/www.webdo.tn\\\/fr\\\/#\\\/schema\\\/person\\\/9a9c6118d687c117df8ef3cc36a4d175\"},\"headline\":\"32.727 morts et 13.463 \u00ab\u00a0attaques terroristes\u00a0\u00bb : Hausse vertigineuse du nombre des tu\u00e9s dans des attentats dans le monde en 2014\",\"datePublished\":\"2015-06-22T10:53:00+00:00\",\"dateModified\":\"2025-05-18T22:11:28+00:00\",\"mainEntityOfPage\":{\"@id\":\"https:\\\/\\\/www.webdo.tn\\\/fr\\\/actualite\\\/international\\\/32-727-morts-et-13-463-attaques-terroristes-hausse-vertigineuse-du-nombre-des-tues-dans-des-attentats-dans-le-monde-en-2014\\\/184092\\\/\"},\"wordCount\":405,\"commentCount\":0,\"publisher\":{\"@id\":\"https:\\\/\\\/www.webdo.tn\\\/fr\\\/#organization\"},\"image\":{\"@id\":\"https:\\\/\\\/www.webdo.tn\\\/fr\\\/actualite\\\/international\\\/32-727-morts-et-13-463-attaques-terroristes-hausse-vertigineuse-du-nombre-des-tues-dans-des-attentats-dans-le-monde-en-2014\\\/184092\\\/#primaryimage\"},\"thumbnailUrl\":\"https:\\\/\\\/www.webdo.tn\\\/fr\\\/wp-content\\\/uploads\\\/2025\\\/06\\\/Attentat-a-la-voiture-piegee-contre-lambassade-de-France-a-Tripoli-23-04-13-photo-@Eh4b10_184092.jpg\",\"keywords\":[\"guerre\"],\"articleSection\":[\"International\"],\"inLanguage\":\"fr-FR\"},{\"@type\":\"WebPage\",\"@id\":\"https:\\\/\\\/www.webdo.tn\\\/fr\\\/actualite\\\/international\\\/32-727-morts-et-13-463-attaques-terroristes-hausse-vertigineuse-du-nombre-des-tues-dans-des-attentats-dans-le-monde-en-2014\\\/184092\\\/\",\"url\":\"https:\\\/\\\/www.webdo.tn\\\/fr\\\/actualite\\\/international\\\/32-727-morts-et-13-463-attaques-terroristes-hausse-vertigineuse-du-nombre-des-tues-dans-des-attentats-dans-le-monde-en-2014\\\/184092\\\/\",\"name\":\"32.727 morts et 13.463 attaques terroristes : Hausse vertigineuse du nombre des tu\u00e9s dans des attentats dans le monde en 2014\",\"isPartOf\":{\"@id\":\"https:\\\/\\\/www.webdo.tn\\\/fr\\\/#website\"},\"primaryImageOfPage\":{\"@id\":\"https:\\\/\\\/www.webdo.tn\\\/fr\\\/actualite\\\/international\\\/32-727-morts-et-13-463-attaques-terroristes-hausse-vertigineuse-du-nombre-des-tues-dans-des-attentats-dans-le-monde-en-2014\\\/184092\\\/#primaryimage\"},\"image\":{\"@id\":\"https:\\\/\\\/www.webdo.tn\\\/fr\\\/actualite\\\/international\\\/32-727-morts-et-13-463-attaques-terroristes-hausse-vertigineuse-du-nombre-des-tues-dans-des-attentats-dans-le-monde-en-2014\\\/184092\\\/#primaryimage\"},\"thumbnailUrl\":\"https:\\\/\\\/www.webdo.tn\\\/fr\\\/wp-content\\\/uploads\\\/2025\\\/06\\\/Attentat-a-la-voiture-piegee-contre-lambassade-de-France-a-Tripoli-23-04-13-photo-@Eh4b10_184092.jpg\",\"datePublished\":\"2015-06-22T10:53:00+00:00\",\"dateModified\":\"2025-05-18T22:11:28+00:00\",\"description\":\"32.727 morts et 13.463 attaques terroristes : Hausse vertigineuse du nombre des tu\u00e9s dans des attentats dans le monde en 2014\",\"breadcrumb\":{\"@id\":\"https:\\\/\\\/www.webdo.tn\\\/fr\\\/actualite\\\/international\\\/32-727-morts-et-13-463-attaques-terroristes-hausse-vertigineuse-du-nombre-des-tues-dans-des-attentats-dans-le-monde-en-2014\\\/184092\\\/#breadcrumb\"},\"inLanguage\":\"fr-FR\",\"potentialAction\":[{\"@type\":\"ReadAction\",\"target\":[\"https:\\\/\\\/www.webdo.tn\\\/fr\\\/actualite\\\/international\\\/32-727-morts-et-13-463-attaques-terroristes-hausse-vertigineuse-du-nombre-des-tues-dans-des-attentats-dans-le-monde-en-2014\\\/184092\\\/\"]}]},{\"@type\":\"ImageObject\",\"inLanguage\":\"fr-FR\",\"@id\":\"https:\\\/\\\/www.webdo.tn\\\/fr\\\/actualite\\\/international\\\/32-727-morts-et-13-463-attaques-terroristes-hausse-vertigineuse-du-nombre-des-tues-dans-des-attentats-dans-le-monde-en-2014\\\/184092\\\/#primaryimage\",\"url\":\"https:\\\/\\\/www.webdo.tn\\\/fr\\\/wp-content\\\/uploads\\\/2025\\\/06\\\/Attentat-a-la-voiture-piegee-contre-lambassade-de-France-a-Tripoli-23-04-13-photo-@Eh4b10_184092.jpg\",\"contentUrl\":\"https:\\\/\\\/www.webdo.tn\\\/fr\\\/wp-content\\\/uploads\\\/2025\\\/06\\\/Attentat-a-la-voiture-piegee-contre-lambassade-de-France-a-Tripoli-23-04-13-photo-@Eh4b10_184092.jpg\",\"width\":590,\"height\":442,\"caption\":\"32.727 morts et 13.463 \\\"attaques terroristes\\\" : Hausse vertigineuse du nombre des tu\u00e9s dans des attentats dans le monde en 2014\"},{\"@type\":\"BreadcrumbList\",\"@id\":\"https:\\\/\\\/www.webdo.tn\\\/fr\\\/actualite\\\/international\\\/32-727-morts-et-13-463-attaques-terroristes-hausse-vertigineuse-du-nombre-des-tues-dans-des-attentats-dans-le-monde-en-2014\\\/184092\\\/#breadcrumb\",\"itemListElement\":[{\"@type\":\"ListItem\",\"position\":1,\"name\":\"Accueil\",\"item\":\"https:\\\/\\\/www.webdo.tn\\\/fr\\\/\"},{\"@type\":\"ListItem\",\"position\":2,\"name\":\"32.727 morts et 13.463 \u00ab\u00a0attaques terroristes\u00a0\u00bb : Hausse vertigineuse du nombre des tu\u00e9s dans des attentats dans le monde en 2014\"}]},{\"@type\":\"WebSite\",\"@id\":\"https:\\\/\\\/www.webdo.tn\\\/fr\\\/#website\",\"url\":\"https:\\\/\\\/www.webdo.tn\\\/fr\\\/\",\"name\":\"webdo\",\"description\":\"Tunisie - News en Tunisie et \u00e0 l&#039;international sur Webdo.tn\",\"publisher\":{\"@id\":\"https:\\\/\\\/www.webdo.tn\\\/fr\\\/#organization\"},\"potentialAction\":[{\"@type\":\"SearchAction\",\"target\":{\"@type\":\"EntryPoint\",\"urlTemplate\":\"https:\\\/\\\/www.webdo.tn\\\/fr\\\/?s={search_term_string}\"},\"query-input\":{\"@type\":\"PropertyValueSpecification\",\"valueRequired\":true,\"valueName\":\"search_term_string\"}}],\"inLanguage\":\"fr-FR\"},{\"@type\":\"Organization\",\"@id\":\"https:\\\/\\\/www.webdo.tn\\\/fr\\\/#organization\",\"name\":\"Webdo\",\"alternateName\":\"Webdo.tn\",\"url\":\"https:\\\/\\\/www.webdo.tn\\\/fr\\\/\",\"logo\":{\"@type\":\"ImageObject\",\"inLanguage\":\"fr-FR\",\"@id\":\"https:\\\/\\\/www.webdo.tn\\\/fr\\\/#\\\/schema\\\/logo\\\/image\\\/\",\"url\":\"https:\\\/\\\/www.webdo.tn\\\/fr\\\/wp-content\\\/uploads\\\/2025\\\/06\\\/Webdo-Tunisie_168377.jpg\",\"contentUrl\":\"https:\\\/\\\/www.webdo.tn\\\/fr\\\/wp-content\\\/uploads\\\/2025\\\/06\\\/Webdo-Tunisie_168377.jpg\",\"width\":301,\"height\":301,\"caption\":\"Webdo\"},\"image\":{\"@id\":\"https:\\\/\\\/www.webdo.tn\\\/fr\\\/#\\\/schema\\\/logo\\\/image\\\/\"},\"sameAs\":[\"https:\\\/\\\/www.facebook.com\\\/webdotn\",\"https:\\\/\\\/x.com\\\/webdo_tn\"],\"description\":\"Webdo est un m\u00e9dia num\u00e9rique tunisien fond\u00e9 en 2010, sp\u00e9cialis\u00e9 dans l\u2019actualit\u00e9 nationale et internationale, l\u2019\u00e9conomie, la soci\u00e9t\u00e9 et les analyses politiques. Le site s\u2019adresse \u00e0 un large public francophone et couvre l\u2019information tunisienne en temps r\u00e9el.\",\"email\":\"redac@webdo.tn\",\"legalName\":\"YNJ SARL\",\"foundingDate\":\"2010-09-06\",\"numberOfEmployees\":{\"@type\":\"QuantitativeValue\",\"minValue\":\"11\",\"maxValue\":\"50\"}},{\"@type\":\"Person\",\"@id\":\"https:\\\/\\\/www.webdo.tn\\\/fr\\\/#\\\/schema\\\/person\\\/9a9c6118d687c117df8ef3cc36a4d175\",\"name\":\"webdo.tn\",\"image\":{\"@type\":\"ImageObject\",\"inLanguage\":\"fr-FR\",\"@id\":\"https:\\\/\\\/secure.gravatar.com\\\/avatar\\\/7ce1f28c0c3bbac99ff550b85ef8e44a6950c6ee24514fb6a5489e51d06f0298?s=96&d=mm&r=g\",\"url\":\"https:\\\/\\\/secure.gravatar.com\\\/avatar\\\/7ce1f28c0c3bbac99ff550b85ef8e44a6950c6ee24514fb6a5489e51d06f0298?s=96&d=mm&r=g\",\"contentUrl\":\"https:\\\/\\\/secure.gravatar.com\\\/avatar\\\/7ce1f28c0c3bbac99ff550b85ef8e44a6950c6ee24514fb6a5489e51d06f0298?s=96&d=mm&r=g\",\"caption\":\"webdo.tn\"},\"url\":\"https:\\\/\\\/www.webdo.tn\\\/fr\\\/actualite\\\/author\\\/webdotn\\\/\"}]}<\/script>\n<!-- \/ Yoast SEO Premium plugin. -->","yoast_head_json":{"title":"32.727 morts et 13.463 attaques terroristes : Hausse vertigineuse du nombre des tu\u00e9s dans des attentats dans le monde en 2014","description":"32.727 morts et 13.463 attaques terroristes : Hausse vertigineuse du nombre des tu\u00e9s dans des attentats dans le monde en 2014","canonical":"https:\/\/www.webdo.tn\/fr\/actualite\/international\/32-727-morts-et-13-463-attaques-terroristes-hausse-vertigineuse-du-nombre-des-tues-dans-des-attentats-dans-le-monde-en-2014\/184092\/","og_locale":"fr_FR","og_type":"article","og_title":"32.727 morts et 13.463 \"attaques terroristes\" : Hausse vertigineuse du nombre des tu\u00e9s dans des attentats dans le monde en 2014","og_description":"32.727 morts et 13.463 attaques terroristes : Hausse vertigineuse du nombre des tu\u00e9s dans des attentats dans le monde en 2014","og_url":"https:\/\/www.webdo.tn\/fr\/actualite\/international\/32-727-morts-et-13-463-attaques-terroristes-hausse-vertigineuse-du-nombre-des-tues-dans-des-attentats-dans-le-monde-en-2014\/184092\/","og_site_name":"webdo","article_publisher":"https:\/\/www.facebook.com\/webdotn","article_published_time":"2015-06-22T10:53:00+00:00","article_modified_time":"2025-05-18T22:11:28+00:00","author":"webdo.tn","twitter_card":"summary_large_image","twitter_creator":"@webdo_tn","twitter_site":"@webdo_tn","twitter_misc":{"\u00c9crit par":"webdo.tn","Dur\u00e9e de lecture estim\u00e9e":"2 minutes"},"schema":{"@context":"https:\/\/schema.org","@graph":[{"@type":"NewsArticle","@id":"https:\/\/www.webdo.tn\/fr\/actualite\/international\/32-727-morts-et-13-463-attaques-terroristes-hausse-vertigineuse-du-nombre-des-tues-dans-des-attentats-dans-le-monde-en-2014\/184092\/#article","isPartOf":{"@id":"https:\/\/www.webdo.tn\/fr\/actualite\/international\/32-727-morts-et-13-463-attaques-terroristes-hausse-vertigineuse-du-nombre-des-tues-dans-des-attentats-dans-le-monde-en-2014\/184092\/"},"author":{"name":"webdo.tn","@id":"https:\/\/www.webdo.tn\/fr\/#\/schema\/person\/9a9c6118d687c117df8ef3cc36a4d175"},"headline":"32.727 morts et 13.463 \u00ab\u00a0attaques terroristes\u00a0\u00bb : Hausse vertigineuse du nombre des tu\u00e9s dans des attentats dans le monde en 2014","datePublished":"2015-06-22T10:53:00+00:00","dateModified":"2025-05-18T22:11:28+00:00","mainEntityOfPage":{"@id":"https:\/\/www.webdo.tn\/fr\/actualite\/international\/32-727-morts-et-13-463-attaques-terroristes-hausse-vertigineuse-du-nombre-des-tues-dans-des-attentats-dans-le-monde-en-2014\/184092\/"},"wordCount":405,"commentCount":0,"publisher":{"@id":"https:\/\/www.webdo.tn\/fr\/#organization"},"image":{"@id":"https:\/\/www.webdo.tn\/fr\/actualite\/international\/32-727-morts-et-13-463-attaques-terroristes-hausse-vertigineuse-du-nombre-des-tues-dans-des-attentats-dans-le-monde-en-2014\/184092\/#primaryimage"},"thumbnailUrl":"https:\/\/www.webdo.tn\/fr\/wp-content\/uploads\/2025\/06\/Attentat-a-la-voiture-piegee-contre-lambassade-de-France-a-Tripoli-23-04-13-photo-@Eh4b10_184092.jpg","keywords":["guerre"],"articleSection":["International"],"inLanguage":"fr-FR"},{"@type":"WebPage","@id":"https:\/\/www.webdo.tn\/fr\/actualite\/international\/32-727-morts-et-13-463-attaques-terroristes-hausse-vertigineuse-du-nombre-des-tues-dans-des-attentats-dans-le-monde-en-2014\/184092\/","url":"https:\/\/www.webdo.tn\/fr\/actualite\/international\/32-727-morts-et-13-463-attaques-terroristes-hausse-vertigineuse-du-nombre-des-tues-dans-des-attentats-dans-le-monde-en-2014\/184092\/","name":"32.727 morts et 13.463 attaques terroristes : Hausse vertigineuse du nombre des tu\u00e9s dans des attentats dans le monde en 2014","isPartOf":{"@id":"https:\/\/www.webdo.tn\/fr\/#website"},"primaryImageOfPage":{"@id":"https:\/\/www.webdo.tn\/fr\/actualite\/international\/32-727-morts-et-13-463-attaques-terroristes-hausse-vertigineuse-du-nombre-des-tues-dans-des-attentats-dans-le-monde-en-2014\/184092\/#primaryimage"},"image":{"@id":"https:\/\/www.webdo.tn\/fr\/actualite\/international\/32-727-morts-et-13-463-attaques-terroristes-hausse-vertigineuse-du-nombre-des-tues-dans-des-attentats-dans-le-monde-en-2014\/184092\/#primaryimage"},"thumbnailUrl":"https:\/\/www.webdo.tn\/fr\/wp-content\/uploads\/2025\/06\/Attentat-a-la-voiture-piegee-contre-lambassade-de-France-a-Tripoli-23-04-13-photo-@Eh4b10_184092.jpg","datePublished":"2015-06-22T10:53:00+00:00","dateModified":"2025-05-18T22:11:28+00:00","description":"32.727 morts et 13.463 attaques terroristes : Hausse vertigineuse du nombre des tu\u00e9s dans des attentats dans le monde en 2014","breadcrumb":{"@id":"https:\/\/www.webdo.tn\/fr\/actualite\/international\/32-727-morts-et-13-463-attaques-terroristes-hausse-vertigineuse-du-nombre-des-tues-dans-des-attentats-dans-le-monde-en-2014\/184092\/#breadcrumb"},"inLanguage":"fr-FR","potentialAction":[{"@type":"ReadAction","target":["https:\/\/www.webdo.tn\/fr\/actualite\/international\/32-727-morts-et-13-463-attaques-terroristes-hausse-vertigineuse-du-nombre-des-tues-dans-des-attentats-dans-le-monde-en-2014\/184092\/"]}]},{"@type":"ImageObject","inLanguage":"fr-FR","@id":"https:\/\/www.webdo.tn\/fr\/actualite\/international\/32-727-morts-et-13-463-attaques-terroristes-hausse-vertigineuse-du-nombre-des-tues-dans-des-attentats-dans-le-monde-en-2014\/184092\/#primaryimage","url":"https:\/\/www.webdo.tn\/fr\/wp-content\/uploads\/2025\/06\/Attentat-a-la-voiture-piegee-contre-lambassade-de-France-a-Tripoli-23-04-13-photo-@Eh4b10_184092.jpg","contentUrl":"https:\/\/www.webdo.tn\/fr\/wp-content\/uploads\/2025\/06\/Attentat-a-la-voiture-piegee-contre-lambassade-de-France-a-Tripoli-23-04-13-photo-@Eh4b10_184092.jpg","width":590,"height":442,"caption":"32.727 morts et 13.463 \"attaques terroristes\" : Hausse vertigineuse du nombre des tu\u00e9s dans des attentats dans le monde en 2014"},{"@type":"BreadcrumbList","@id":"https:\/\/www.webdo.tn\/fr\/actualite\/international\/32-727-morts-et-13-463-attaques-terroristes-hausse-vertigineuse-du-nombre-des-tues-dans-des-attentats-dans-le-monde-en-2014\/184092\/#breadcrumb","itemListElement":[{"@type":"ListItem","position":1,"name":"Accueil","item":"https:\/\/www.webdo.tn\/fr\/"},{"@type":"ListItem","position":2,"name":"32.727 morts et 13.463 \u00ab\u00a0attaques terroristes\u00a0\u00bb : Hausse vertigineuse du nombre des tu\u00e9s dans des attentats dans le monde en 2014"}]},{"@type":"WebSite","@id":"https:\/\/www.webdo.tn\/fr\/#website","url":"https:\/\/www.webdo.tn\/fr\/","name":"webdo","description":"Tunisie - News en Tunisie et \u00e0 l&#039;international sur Webdo.tn","publisher":{"@id":"https:\/\/www.webdo.tn\/fr\/#organization"},"potentialAction":[{"@type":"SearchAction","target":{"@type":"EntryPoint","urlTemplate":"https:\/\/www.webdo.tn\/fr\/?s={search_term_string}"},"query-input":{"@type":"PropertyValueSpecification","valueRequired":true,"valueName":"search_term_string"}}],"inLanguage":"fr-FR"},{"@type":"Organization","@id":"https:\/\/www.webdo.tn\/fr\/#organization","name":"Webdo","alternateName":"Webdo.tn","url":"https:\/\/www.webdo.tn\/fr\/","logo":{"@type":"ImageObject","inLanguage":"fr-FR","@id":"https:\/\/www.webdo.tn\/fr\/#\/schema\/logo\/image\/","url":"https:\/\/www.webdo.tn\/fr\/wp-content\/uploads\/2025\/06\/Webdo-Tunisie_168377.jpg","contentUrl":"https:\/\/www.webdo.tn\/fr\/wp-content\/uploads\/2025\/06\/Webdo-Tunisie_168377.jpg","width":301,"height":301,"caption":"Webdo"},"image":{"@id":"https:\/\/www.webdo.tn\/fr\/#\/schema\/logo\/image\/"},"sameAs":["https:\/\/www.facebook.com\/webdotn","https:\/\/x.com\/webdo_tn"],"description":"Webdo est un m\u00e9dia num\u00e9rique tunisien fond\u00e9 en 2010, sp\u00e9cialis\u00e9 dans l\u2019actualit\u00e9 nationale et internationale, l\u2019\u00e9conomie, la soci\u00e9t\u00e9 et les analyses politiques. Le site s\u2019adresse \u00e0 un large public francophone et couvre l\u2019information tunisienne en temps r\u00e9el.","email":"redac@webdo.tn","legalName":"YNJ SARL","foundingDate":"2010-09-06","numberOfEmployees":{"@type":"QuantitativeValue","minValue":"11","maxValue":"50"}},{"@type":"Person","@id":"https:\/\/www.webdo.tn\/fr\/#\/schema\/person\/9a9c6118d687c117df8ef3cc36a4d175","name":"webdo.tn","image":{"@type":"ImageObject","inLanguage":"fr-FR","@id":"https:\/\/secure.gravatar.com\/avatar\/7ce1f28c0c3bbac99ff550b85ef8e44a6950c6ee24514fb6a5489e51d06f0298?s=96&d=mm&r=g","url":"https:\/\/secure.gravatar.com\/avatar\/7ce1f28c0c3bbac99ff550b85ef8e44a6950c6ee24514fb6a5489e51d06f0298?s=96&d=mm&r=g","contentUrl":"https:\/\/secure.gravatar.com\/avatar\/7ce1f28c0c3bbac99ff550b85ef8e44a6950c6ee24514fb6a5489e51d06f0298?s=96&d=mm&r=g","caption":"webdo.tn"},"url":"https:\/\/www.webdo.tn\/fr\/actualite\/author\/webdotn\/"}]}},"_links":{"self":[{"href":"https:\/\/www.webdo.tn\/fr\/wp-json\/wp\/v2\/posts\/184092","targetHints":{"allow":["GET"]}}],"collection":[{"href":"https:\/\/www.webdo.tn\/fr\/wp-json\/wp\/v2\/posts"}],"about":[{"href":"https:\/\/www.webdo.tn\/fr\/wp-json\/wp\/v2\/types\/post"}],"author":[{"embeddable":true,"href":"https:\/\/www.webdo.tn\/fr\/wp-json\/wp\/v2\/users\/3222"}],"replies":[{"embeddable":true,"href":"https:\/\/www.webdo.tn\/fr\/wp-json\/wp\/v2\/comments?post=184092"}],"version-history":[{"count":0,"href":"https:\/\/www.webdo.tn\/fr\/wp-json\/wp\/v2\/posts\/184092\/revisions"}],"wp:featuredmedia":[{"embeddable":true,"href":"https:\/\/www.webdo.tn\/fr\/wp-json\/wp\/v2\/media\/372966"}],"wp:attachment":[{"href":"https:\/\/www.webdo.tn\/fr\/wp-json\/wp\/v2\/media?parent=184092"}],"wp:term":[{"taxonomy":"category","embeddable":true,"href":"https:\/\/www.webdo.tn\/fr\/wp-json\/wp\/v2\/categories?post=184092"},{"taxonomy":"post_tag","embeddable":true,"href":"https:\/\/www.webdo.tn\/fr\/wp-json\/wp\/v2\/tags?post=184092"}],"curies":[{"name":"wp","href":"https:\/\/api.w.org\/{rel}","templated":true}]}}