{"id":184091,"date":"2015-06-22T13:29:00","date_gmt":"2015-06-22T13:29:00","guid":{"rendered":"https:\/\/www.webdo.tn\/fr\/blog\/lue-lance-une-operation-pour-lutter-contre-les-passeurs-de-migrants\/184091\/"},"modified":"2025-05-18T22:11:29","modified_gmt":"2025-05-18T22:11:29","slug":"lue-lance-une-operation-pour-lutter-contre-les-passeurs-de-migrants","status":"publish","type":"post","link":"https:\/\/www.webdo.tn\/fr\/actualite\/international\/lue-lance-une-operation-pour-lutter-contre-les-passeurs-de-migrants\/184091\/","title":{"rendered":"L&rsquo;UE lance une op\u00e9ration pour lutter contre les passeurs de migrants"},"content":{"rendered":"<p>L&rsquo;Union Europ\u00e9enne a lanc\u00e9, ce lundi 22 juin, une op\u00e9ration de lutte contre les passeurs de migrants. Appel\u00e9e\u00a0EU Navfor Med, l&rsquo;op\u00e9ration permettrait, \u00e0 termes, de d\u00e9truire les embarcations des passeurs de migrants, notamment les \u00ab\u00a0bateaux m\u00e8res\u00a0\u00bb qui servent \u00e0 tracter les radeaux de fortunes des migrants en haute mer.<br \/>\nLe si\u00e8ge de l&rsquo;op\u00e9ration EU Navfor Med est bas\u00e9 \u00e0 Rome d&rsquo;o\u00f9 seront d\u00e9ploy\u00e9s\u00a0des navires militaires,\u00a0des avions patrouilleurs maritimes, des\u00a0drones\u00a0et des sous-marins.<\/p>\n<p>La d\u00e9cision de cette op\u00e9ration a \u00e9t\u00e9 prise par les 28 pays membres de l&rsquo;Union Europ\u00e9enne, \u00e0 l&rsquo;ouverture de leur r\u00e9union mensuelle \u00e0 Luxembourg, a indiqu\u00e9 un porte-parole de l&rsquo;Union Europ\u00e9enne. Les premiers d\u00e9ploiements de navires sont attendus dans une semaine.<br \/>\nOp\u00e9ration limit\u00e9e<br \/>\nSi le but, sur le long terme, est de d\u00e9truire les bateaux de passeurs, notamment les \u00ab\u00a0bateaux m\u00e8res\u00a0\u00bb qui servent \u00e0 tracter les navires de fortune des migrants en haute mer, l&rsquo;UE est confront\u00e9e aux r\u00e8gles des Nations Unies qui interdisent l&rsquo;usage de la force dans les eaux territoriales libyennes.<\/p>\n<p>Il faudra donc attendre en amont l&rsquo;accord des autorit\u00e9s libyennes pour obtenir une permission\u00a0du Conseil de s\u00e9curit\u00e9 de l&rsquo;ONU.<\/p>\n<p>Chaque pays membre de l&rsquo;UE d\u00e9cidera si il souhaite participer \u00e0 l&rsquo;op\u00e9ration en fournissant les moyens qu&rsquo;il souhaite. Pour l&rsquo;instant, l&rsquo;op\u00e9ration sera limit\u00e9e \u00e0\u00a0\u00ab\u00a0\u00e9couter, voir et analyser\u00a0\u00bb\u00a0les activit\u00e9s des passeurs de migrants depuis les c\u00f4tes libyennes.<\/p>\n<p>Cette op\u00e9ration a \u00e9t\u00e9 d\u00e9cid\u00e9e apr\u00e8s la morts de 800 migrants en mer, en avril dernier.<br \/>\nElodie Potente<\/p>\n","protected":false},"excerpt":{"rendered":"<p>L&rsquo;UE lance une op\u00e9ration pour lutter contre les passeurs de migrants<\/p>\n","protected":false},"author":3222,"featured_media":372967,"comment_status":"open","ping_status":"closed","sticky":false,"template":"","format":"standard","meta":{"footnotes":""},"categories":[2598],"tags":[2600],"class_list":["post-184091","post","type-post","status-publish","format-standard","has-post-thumbnail","hentry","category-international","tag-guerre"],"yoast_head":"<!-- This site is optimized with the Yoast SEO Premium plugin v27.5 (Yoast SEO v27.5) - https:\/\/yoast.com\/product\/yoast-seo-premium-wordpress\/ -->\n<title>L&#039;UE lance une op\u00e9ration pour lutter contre les passeurs de migrants<\/title>\n<meta name=\"description\" content=\"L&#039;UE lance une op\u00e9ration pour lutter contre les passeurs de migrants\" \/>\n<link rel=\"canonical\" href=\"https:\/\/www.webdo.tn\/fr\/actualite\/international\/lue-lance-une-operation-pour-lutter-contre-les-passeurs-de-migrants\/184091\/\" \/>\n<meta property=\"og:locale\" content=\"fr_FR\" \/>\n<meta property=\"og:type\" content=\"article\" \/>\n<meta property=\"og:title\" content=\"L&#039;UE lance une op\u00e9ration pour lutter contre les passeurs de migrants\" \/>\n<meta property=\"og:description\" content=\"L&#039;UE lance une op\u00e9ration pour lutter contre les passeurs de migrants\" \/>\n<meta property=\"og:url\" content=\"https:\/\/www.webdo.tn\/fr\/actualite\/international\/lue-lance-une-operation-pour-lutter-contre-les-passeurs-de-migrants\/184091\/\" \/>\n<meta property=\"og:site_name\" content=\"webdo\" \/>\n<meta property=\"article:publisher\" content=\"https:\/\/www.facebook.com\/webdotn\" \/>\n<meta property=\"article:published_time\" content=\"2015-06-22T13:29:00+00:00\" \/>\n<meta property=\"article:modified_time\" content=\"2025-05-18T22:11:29+00:00\" \/>\n<meta name=\"author\" content=\"webdo.tn\" \/>\n<meta name=\"twitter:card\" content=\"summary_large_image\" \/>\n<meta name=\"twitter:creator\" content=\"@webdo_tn\" \/>\n<meta name=\"twitter:site\" content=\"@webdo_tn\" \/>\n<meta name=\"twitter:label1\" content=\"\u00c9crit par\" \/>\n\t<meta name=\"twitter:data1\" content=\"webdo.tn\" \/>\n\t<meta name=\"twitter:label2\" content=\"Dur\u00e9e de lecture estim\u00e9e\" \/>\n\t<meta name=\"twitter:data2\" content=\"1 minute\" \/>\n<script type=\"application\/ld+json\" class=\"yoast-schema-graph\">{\"@context\":\"https:\\\/\\\/schema.org\",\"@graph\":[{\"@type\":\"NewsArticle\",\"@id\":\"https:\\\/\\\/www.webdo.tn\\\/fr\\\/actualite\\\/international\\\/lue-lance-une-operation-pour-lutter-contre-les-passeurs-de-migrants\\\/184091\\\/#article\",\"isPartOf\":{\"@id\":\"https:\\\/\\\/www.webdo.tn\\\/fr\\\/actualite\\\/international\\\/lue-lance-une-operation-pour-lutter-contre-les-passeurs-de-migrants\\\/184091\\\/\"},\"author\":{\"name\":\"webdo.tn\",\"@id\":\"https:\\\/\\\/www.webdo.tn\\\/fr\\\/#\\\/schema\\\/person\\\/9a9c6118d687c117df8ef3cc36a4d175\"},\"headline\":\"L&rsquo;UE lance une op\u00e9ration pour lutter contre les passeurs de migrants\",\"datePublished\":\"2015-06-22T13:29:00+00:00\",\"dateModified\":\"2025-05-18T22:11:29+00:00\",\"mainEntityOfPage\":{\"@id\":\"https:\\\/\\\/www.webdo.tn\\\/fr\\\/actualite\\\/international\\\/lue-lance-une-operation-pour-lutter-contre-les-passeurs-de-migrants\\\/184091\\\/\"},\"wordCount\":297,\"commentCount\":0,\"publisher\":{\"@id\":\"https:\\\/\\\/www.webdo.tn\\\/fr\\\/#organization\"},\"image\":{\"@id\":\"https:\\\/\\\/www.webdo.tn\\\/fr\\\/actualite\\\/international\\\/lue-lance-une-operation-pour-lutter-contre-les-passeurs-de-migrants\\\/184091\\\/#primaryimage\"},\"thumbnailUrl\":\"https:\\\/\\\/www.webdo.tn\\\/fr\\\/wp-content\\\/uploads\\\/2025\\\/06\\\/200-migrants-portes-disparus_184091.jpg\",\"keywords\":[\"guerre\"],\"articleSection\":[\"International\"],\"inLanguage\":\"fr-FR\"},{\"@type\":\"WebPage\",\"@id\":\"https:\\\/\\\/www.webdo.tn\\\/fr\\\/actualite\\\/international\\\/lue-lance-une-operation-pour-lutter-contre-les-passeurs-de-migrants\\\/184091\\\/\",\"url\":\"https:\\\/\\\/www.webdo.tn\\\/fr\\\/actualite\\\/international\\\/lue-lance-une-operation-pour-lutter-contre-les-passeurs-de-migrants\\\/184091\\\/\",\"name\":\"L'UE lance une op\u00e9ration pour lutter contre les passeurs de migrants\",\"isPartOf\":{\"@id\":\"https:\\\/\\\/www.webdo.tn\\\/fr\\\/#website\"},\"primaryImageOfPage\":{\"@id\":\"https:\\\/\\\/www.webdo.tn\\\/fr\\\/actualite\\\/international\\\/lue-lance-une-operation-pour-lutter-contre-les-passeurs-de-migrants\\\/184091\\\/#primaryimage\"},\"image\":{\"@id\":\"https:\\\/\\\/www.webdo.tn\\\/fr\\\/actualite\\\/international\\\/lue-lance-une-operation-pour-lutter-contre-les-passeurs-de-migrants\\\/184091\\\/#primaryimage\"},\"thumbnailUrl\":\"https:\\\/\\\/www.webdo.tn\\\/fr\\\/wp-content\\\/uploads\\\/2025\\\/06\\\/200-migrants-portes-disparus_184091.jpg\",\"datePublished\":\"2015-06-22T13:29:00+00:00\",\"dateModified\":\"2025-05-18T22:11:29+00:00\",\"description\":\"L'UE lance une op\u00e9ration pour lutter contre les passeurs de migrants\",\"breadcrumb\":{\"@id\":\"https:\\\/\\\/www.webdo.tn\\\/fr\\\/actualite\\\/international\\\/lue-lance-une-operation-pour-lutter-contre-les-passeurs-de-migrants\\\/184091\\\/#breadcrumb\"},\"inLanguage\":\"fr-FR\",\"potentialAction\":[{\"@type\":\"ReadAction\",\"target\":[\"https:\\\/\\\/www.webdo.tn\\\/fr\\\/actualite\\\/international\\\/lue-lance-une-operation-pour-lutter-contre-les-passeurs-de-migrants\\\/184091\\\/\"]}]},{\"@type\":\"ImageObject\",\"inLanguage\":\"fr-FR\",\"@id\":\"https:\\\/\\\/www.webdo.tn\\\/fr\\\/actualite\\\/international\\\/lue-lance-une-operation-pour-lutter-contre-les-passeurs-de-migrants\\\/184091\\\/#primaryimage\",\"url\":\"https:\\\/\\\/www.webdo.tn\\\/fr\\\/wp-content\\\/uploads\\\/2025\\\/06\\\/200-migrants-portes-disparus_184091.jpg\",\"contentUrl\":\"https:\\\/\\\/www.webdo.tn\\\/fr\\\/wp-content\\\/uploads\\\/2025\\\/06\\\/200-migrants-portes-disparus_184091.jpg\",\"width\":300,\"height\":224,\"caption\":\"L'UE lance une op\u00e9ration pour lutter contre les passeurs de migrants\"},{\"@type\":\"BreadcrumbList\",\"@id\":\"https:\\\/\\\/www.webdo.tn\\\/fr\\\/actualite\\\/international\\\/lue-lance-une-operation-pour-lutter-contre-les-passeurs-de-migrants\\\/184091\\\/#breadcrumb\",\"itemListElement\":[{\"@type\":\"ListItem\",\"position\":1,\"name\":\"Accueil\",\"item\":\"https:\\\/\\\/www.webdo.tn\\\/fr\\\/\"},{\"@type\":\"ListItem\",\"position\":2,\"name\":\"L&rsquo;UE lance une op\u00e9ration pour lutter contre les passeurs de migrants\"}]},{\"@type\":\"WebSite\",\"@id\":\"https:\\\/\\\/www.webdo.tn\\\/fr\\\/#website\",\"url\":\"https:\\\/\\\/www.webdo.tn\\\/fr\\\/\",\"name\":\"webdo\",\"description\":\"Tunisie - News en Tunisie et \u00e0 l&#039;international sur Webdo.tn\",\"publisher\":{\"@id\":\"https:\\\/\\\/www.webdo.tn\\\/fr\\\/#organization\"},\"potentialAction\":[{\"@type\":\"SearchAction\",\"target\":{\"@type\":\"EntryPoint\",\"urlTemplate\":\"https:\\\/\\\/www.webdo.tn\\\/fr\\\/?s={search_term_string}\"},\"query-input\":{\"@type\":\"PropertyValueSpecification\",\"valueRequired\":true,\"valueName\":\"search_term_string\"}}],\"inLanguage\":\"fr-FR\"},{\"@type\":\"Organization\",\"@id\":\"https:\\\/\\\/www.webdo.tn\\\/fr\\\/#organization\",\"name\":\"Webdo\",\"alternateName\":\"Webdo.tn\",\"url\":\"https:\\\/\\\/www.webdo.tn\\\/fr\\\/\",\"logo\":{\"@type\":\"ImageObject\",\"inLanguage\":\"fr-FR\",\"@id\":\"https:\\\/\\\/www.webdo.tn\\\/fr\\\/#\\\/schema\\\/logo\\\/image\\\/\",\"url\":\"https:\\\/\\\/www.webdo.tn\\\/fr\\\/wp-content\\\/uploads\\\/2025\\\/06\\\/Webdo-Tunisie_168377.jpg\",\"contentUrl\":\"https:\\\/\\\/www.webdo.tn\\\/fr\\\/wp-content\\\/uploads\\\/2025\\\/06\\\/Webdo-Tunisie_168377.jpg\",\"width\":301,\"height\":301,\"caption\":\"Webdo\"},\"image\":{\"@id\":\"https:\\\/\\\/www.webdo.tn\\\/fr\\\/#\\\/schema\\\/logo\\\/image\\\/\"},\"sameAs\":[\"https:\\\/\\\/www.facebook.com\\\/webdotn\",\"https:\\\/\\\/x.com\\\/webdo_tn\"],\"description\":\"Webdo est un m\u00e9dia num\u00e9rique tunisien fond\u00e9 en 2010, sp\u00e9cialis\u00e9 dans l\u2019actualit\u00e9 nationale et internationale, l\u2019\u00e9conomie, la soci\u00e9t\u00e9 et les analyses politiques. Le site s\u2019adresse \u00e0 un large public francophone et couvre l\u2019information tunisienne en temps r\u00e9el.\",\"email\":\"redac@webdo.tn\",\"legalName\":\"YNJ SARL\",\"foundingDate\":\"2010-09-06\",\"numberOfEmployees\":{\"@type\":\"QuantitativeValue\",\"minValue\":\"11\",\"maxValue\":\"50\"}},{\"@type\":\"Person\",\"@id\":\"https:\\\/\\\/www.webdo.tn\\\/fr\\\/#\\\/schema\\\/person\\\/9a9c6118d687c117df8ef3cc36a4d175\",\"name\":\"webdo.tn\",\"image\":{\"@type\":\"ImageObject\",\"inLanguage\":\"fr-FR\",\"@id\":\"https:\\\/\\\/secure.gravatar.com\\\/avatar\\\/7ce1f28c0c3bbac99ff550b85ef8e44a6950c6ee24514fb6a5489e51d06f0298?s=96&d=mm&r=g\",\"url\":\"https:\\\/\\\/secure.gravatar.com\\\/avatar\\\/7ce1f28c0c3bbac99ff550b85ef8e44a6950c6ee24514fb6a5489e51d06f0298?s=96&d=mm&r=g\",\"contentUrl\":\"https:\\\/\\\/secure.gravatar.com\\\/avatar\\\/7ce1f28c0c3bbac99ff550b85ef8e44a6950c6ee24514fb6a5489e51d06f0298?s=96&d=mm&r=g\",\"caption\":\"webdo.tn\"},\"url\":\"https:\\\/\\\/www.webdo.tn\\\/fr\\\/actualite\\\/author\\\/webdotn\\\/\"}]}<\/script>\n<!-- \/ Yoast SEO Premium plugin. -->","yoast_head_json":{"title":"L'UE lance une op\u00e9ration pour lutter contre les passeurs de migrants","description":"L'UE lance une op\u00e9ration pour lutter contre les passeurs de migrants","canonical":"https:\/\/www.webdo.tn\/fr\/actualite\/international\/lue-lance-une-operation-pour-lutter-contre-les-passeurs-de-migrants\/184091\/","og_locale":"fr_FR","og_type":"article","og_title":"L'UE lance une op\u00e9ration pour lutter contre les passeurs de migrants","og_description":"L'UE lance une op\u00e9ration pour lutter contre les passeurs de migrants","og_url":"https:\/\/www.webdo.tn\/fr\/actualite\/international\/lue-lance-une-operation-pour-lutter-contre-les-passeurs-de-migrants\/184091\/","og_site_name":"webdo","article_publisher":"https:\/\/www.facebook.com\/webdotn","article_published_time":"2015-06-22T13:29:00+00:00","article_modified_time":"2025-05-18T22:11:29+00:00","author":"webdo.tn","twitter_card":"summary_large_image","twitter_creator":"@webdo_tn","twitter_site":"@webdo_tn","twitter_misc":{"\u00c9crit par":"webdo.tn","Dur\u00e9e de lecture estim\u00e9e":"1 minute"},"schema":{"@context":"https:\/\/schema.org","@graph":[{"@type":"NewsArticle","@id":"https:\/\/www.webdo.tn\/fr\/actualite\/international\/lue-lance-une-operation-pour-lutter-contre-les-passeurs-de-migrants\/184091\/#article","isPartOf":{"@id":"https:\/\/www.webdo.tn\/fr\/actualite\/international\/lue-lance-une-operation-pour-lutter-contre-les-passeurs-de-migrants\/184091\/"},"author":{"name":"webdo.tn","@id":"https:\/\/www.webdo.tn\/fr\/#\/schema\/person\/9a9c6118d687c117df8ef3cc36a4d175"},"headline":"L&rsquo;UE lance une op\u00e9ration pour lutter contre les passeurs de migrants","datePublished":"2015-06-22T13:29:00+00:00","dateModified":"2025-05-18T22:11:29+00:00","mainEntityOfPage":{"@id":"https:\/\/www.webdo.tn\/fr\/actualite\/international\/lue-lance-une-operation-pour-lutter-contre-les-passeurs-de-migrants\/184091\/"},"wordCount":297,"commentCount":0,"publisher":{"@id":"https:\/\/www.webdo.tn\/fr\/#organization"},"image":{"@id":"https:\/\/www.webdo.tn\/fr\/actualite\/international\/lue-lance-une-operation-pour-lutter-contre-les-passeurs-de-migrants\/184091\/#primaryimage"},"thumbnailUrl":"https:\/\/www.webdo.tn\/fr\/wp-content\/uploads\/2025\/06\/200-migrants-portes-disparus_184091.jpg","keywords":["guerre"],"articleSection":["International"],"inLanguage":"fr-FR"},{"@type":"WebPage","@id":"https:\/\/www.webdo.tn\/fr\/actualite\/international\/lue-lance-une-operation-pour-lutter-contre-les-passeurs-de-migrants\/184091\/","url":"https:\/\/www.webdo.tn\/fr\/actualite\/international\/lue-lance-une-operation-pour-lutter-contre-les-passeurs-de-migrants\/184091\/","name":"L'UE lance une op\u00e9ration pour lutter contre les passeurs de migrants","isPartOf":{"@id":"https:\/\/www.webdo.tn\/fr\/#website"},"primaryImageOfPage":{"@id":"https:\/\/www.webdo.tn\/fr\/actualite\/international\/lue-lance-une-operation-pour-lutter-contre-les-passeurs-de-migrants\/184091\/#primaryimage"},"image":{"@id":"https:\/\/www.webdo.tn\/fr\/actualite\/international\/lue-lance-une-operation-pour-lutter-contre-les-passeurs-de-migrants\/184091\/#primaryimage"},"thumbnailUrl":"https:\/\/www.webdo.tn\/fr\/wp-content\/uploads\/2025\/06\/200-migrants-portes-disparus_184091.jpg","datePublished":"2015-06-22T13:29:00+00:00","dateModified":"2025-05-18T22:11:29+00:00","description":"L'UE lance une op\u00e9ration pour lutter contre les passeurs de migrants","breadcrumb":{"@id":"https:\/\/www.webdo.tn\/fr\/actualite\/international\/lue-lance-une-operation-pour-lutter-contre-les-passeurs-de-migrants\/184091\/#breadcrumb"},"inLanguage":"fr-FR","potentialAction":[{"@type":"ReadAction","target":["https:\/\/www.webdo.tn\/fr\/actualite\/international\/lue-lance-une-operation-pour-lutter-contre-les-passeurs-de-migrants\/184091\/"]}]},{"@type":"ImageObject","inLanguage":"fr-FR","@id":"https:\/\/www.webdo.tn\/fr\/actualite\/international\/lue-lance-une-operation-pour-lutter-contre-les-passeurs-de-migrants\/184091\/#primaryimage","url":"https:\/\/www.webdo.tn\/fr\/wp-content\/uploads\/2025\/06\/200-migrants-portes-disparus_184091.jpg","contentUrl":"https:\/\/www.webdo.tn\/fr\/wp-content\/uploads\/2025\/06\/200-migrants-portes-disparus_184091.jpg","width":300,"height":224,"caption":"L'UE lance une op\u00e9ration pour lutter contre les passeurs de migrants"},{"@type":"BreadcrumbList","@id":"https:\/\/www.webdo.tn\/fr\/actualite\/international\/lue-lance-une-operation-pour-lutter-contre-les-passeurs-de-migrants\/184091\/#breadcrumb","itemListElement":[{"@type":"ListItem","position":1,"name":"Accueil","item":"https:\/\/www.webdo.tn\/fr\/"},{"@type":"ListItem","position":2,"name":"L&rsquo;UE lance une op\u00e9ration pour lutter contre les passeurs de migrants"}]},{"@type":"WebSite","@id":"https:\/\/www.webdo.tn\/fr\/#website","url":"https:\/\/www.webdo.tn\/fr\/","name":"webdo","description":"Tunisie - News en Tunisie et \u00e0 l&#039;international sur Webdo.tn","publisher":{"@id":"https:\/\/www.webdo.tn\/fr\/#organization"},"potentialAction":[{"@type":"SearchAction","target":{"@type":"EntryPoint","urlTemplate":"https:\/\/www.webdo.tn\/fr\/?s={search_term_string}"},"query-input":{"@type":"PropertyValueSpecification","valueRequired":true,"valueName":"search_term_string"}}],"inLanguage":"fr-FR"},{"@type":"Organization","@id":"https:\/\/www.webdo.tn\/fr\/#organization","name":"Webdo","alternateName":"Webdo.tn","url":"https:\/\/www.webdo.tn\/fr\/","logo":{"@type":"ImageObject","inLanguage":"fr-FR","@id":"https:\/\/www.webdo.tn\/fr\/#\/schema\/logo\/image\/","url":"https:\/\/www.webdo.tn\/fr\/wp-content\/uploads\/2025\/06\/Webdo-Tunisie_168377.jpg","contentUrl":"https:\/\/www.webdo.tn\/fr\/wp-content\/uploads\/2025\/06\/Webdo-Tunisie_168377.jpg","width":301,"height":301,"caption":"Webdo"},"image":{"@id":"https:\/\/www.webdo.tn\/fr\/#\/schema\/logo\/image\/"},"sameAs":["https:\/\/www.facebook.com\/webdotn","https:\/\/x.com\/webdo_tn"],"description":"Webdo est un m\u00e9dia num\u00e9rique tunisien fond\u00e9 en 2010, sp\u00e9cialis\u00e9 dans l\u2019actualit\u00e9 nationale et internationale, l\u2019\u00e9conomie, la soci\u00e9t\u00e9 et les analyses politiques. Le site s\u2019adresse \u00e0 un large public francophone et couvre l\u2019information tunisienne en temps r\u00e9el.","email":"redac@webdo.tn","legalName":"YNJ SARL","foundingDate":"2010-09-06","numberOfEmployees":{"@type":"QuantitativeValue","minValue":"11","maxValue":"50"}},{"@type":"Person","@id":"https:\/\/www.webdo.tn\/fr\/#\/schema\/person\/9a9c6118d687c117df8ef3cc36a4d175","name":"webdo.tn","image":{"@type":"ImageObject","inLanguage":"fr-FR","@id":"https:\/\/secure.gravatar.com\/avatar\/7ce1f28c0c3bbac99ff550b85ef8e44a6950c6ee24514fb6a5489e51d06f0298?s=96&d=mm&r=g","url":"https:\/\/secure.gravatar.com\/avatar\/7ce1f28c0c3bbac99ff550b85ef8e44a6950c6ee24514fb6a5489e51d06f0298?s=96&d=mm&r=g","contentUrl":"https:\/\/secure.gravatar.com\/avatar\/7ce1f28c0c3bbac99ff550b85ef8e44a6950c6ee24514fb6a5489e51d06f0298?s=96&d=mm&r=g","caption":"webdo.tn"},"url":"https:\/\/www.webdo.tn\/fr\/actualite\/author\/webdotn\/"}]}},"_links":{"self":[{"href":"https:\/\/www.webdo.tn\/fr\/wp-json\/wp\/v2\/posts\/184091","targetHints":{"allow":["GET"]}}],"collection":[{"href":"https:\/\/www.webdo.tn\/fr\/wp-json\/wp\/v2\/posts"}],"about":[{"href":"https:\/\/www.webdo.tn\/fr\/wp-json\/wp\/v2\/types\/post"}],"author":[{"embeddable":true,"href":"https:\/\/www.webdo.tn\/fr\/wp-json\/wp\/v2\/users\/3222"}],"replies":[{"embeddable":true,"href":"https:\/\/www.webdo.tn\/fr\/wp-json\/wp\/v2\/comments?post=184091"}],"version-history":[{"count":0,"href":"https:\/\/www.webdo.tn\/fr\/wp-json\/wp\/v2\/posts\/184091\/revisions"}],"wp:featuredmedia":[{"embeddable":true,"href":"https:\/\/www.webdo.tn\/fr\/wp-json\/wp\/v2\/media\/372967"}],"wp:attachment":[{"href":"https:\/\/www.webdo.tn\/fr\/wp-json\/wp\/v2\/media?parent=184091"}],"wp:term":[{"taxonomy":"category","embeddable":true,"href":"https:\/\/www.webdo.tn\/fr\/wp-json\/wp\/v2\/categories?post=184091"},{"taxonomy":"post_tag","embeddable":true,"href":"https:\/\/www.webdo.tn\/fr\/wp-json\/wp\/v2\/tags?post=184091"}],"curies":[{"name":"wp","href":"https:\/\/api.w.org\/{rel}","templated":true}]}}