{"id":184089,"date":"2015-06-25T10:51:00","date_gmt":"2015-06-25T10:51:00","guid":{"rendered":"https:\/\/www.webdo.tn\/fr\/blog\/moncef-marzouki-a-bord-de-la-flottille-de-la-liberte-iii-pour-briser-le-blocus-de-gaza\/184089\/"},"modified":"2025-05-18T22:11:19","modified_gmt":"2025-05-18T22:11:19","slug":"moncef-marzouki-a-bord-de-la-flottille-de-la-liberte-iii-pour-briser-le-blocus-de-gaza","status":"publish","type":"post","link":"https:\/\/www.webdo.tn\/fr\/actualite\/international\/moncef-marzouki-a-bord-de-la-flottille-de-la-liberte-iii-pour-briser-le-blocus-de-gaza\/184089\/","title":{"rendered":"Moncef Marzouki \u00e0 bord de la \u00ab\u00a0Flottille de la Libert\u00e9 III\u00a0\u00bb pour briser le blocus de Gaza"},"content":{"rendered":"<p>Moncef Marzouki, l&rsquo;ancien pr\u00e9sident de la R\u00e9publique va prendre part \u00e0 la \u00ab\u00a0Flottille de la Libert\u00e9 III\u00a0\u00bb et embarquer sur l&rsquo;un des bateaux qui doivent briser le blocus de Gaza impos\u00e9 depuis 9 ans par Isra\u00ebl.<\/p>\n<p>Moncef Marzouki est arriv\u00e9 \u00e0 Ath\u00e8nes en Gr\u00e8ce dimanche 21 juin et s&rsquo;appr\u00eate donc \u00e0 embarquer sur la \u00ab\u00a0Flottille de la Libert\u00e9 III\u00a0\u00bb compos\u00e9e de deux navires et de trois plus petits bateaux qui tentera d\u2019atteindre Gaza avant la fin du mois.<\/p>\n<p>Au total, environ 70 personnes en provenance de 20 pays, y compris des parlementaires europ\u00e9ens et arabes, doivent participer \u00e0 cette initiative, selon la Plateforme des ONGs fran\u00e7aises pour la Palestine.<\/p>\n<p>Le voyage vers Gaza se fera depuis la Gr\u00e8ce et devrait prendre entre une semaine et 10 jours.<\/p>\n","protected":false},"excerpt":{"rendered":"<p>Moncef Marzouki \u00e0 bord de la  Flottille de la Libert\u00e9 III  pour briser le blocus de Gaza<\/p>\n","protected":false},"author":3222,"featured_media":317938,"comment_status":"open","ping_status":"closed","sticky":false,"template":"","format":"standard","meta":{"footnotes":""},"categories":[2598],"tags":[2600],"class_list":["post-184089","post","type-post","status-publish","format-standard","has-post-thumbnail","hentry","category-international","tag-guerre"],"yoast_head":"<!-- This site is optimized with the Yoast SEO Premium plugin v27.5 (Yoast SEO v27.5) - https:\/\/yoast.com\/product\/yoast-seo-premium-wordpress\/ -->\n<title>Moncef Marzouki \u00e0 bord de la Flottille de la Libert\u00e9 III pour briser le blocus de Gaza<\/title>\n<meta name=\"description\" content=\"Moncef Marzouki \u00e0 bord de la Flottille de la Libert\u00e9 III pour briser le blocus de Gaza\" \/>\n<link rel=\"canonical\" href=\"https:\/\/www.webdo.tn\/fr\/actualite\/international\/moncef-marzouki-a-bord-de-la-flottille-de-la-liberte-iii-pour-briser-le-blocus-de-gaza\/184089\/\" \/>\n<meta property=\"og:locale\" content=\"fr_FR\" \/>\n<meta property=\"og:type\" content=\"article\" \/>\n<meta property=\"og:title\" content=\"Moncef Marzouki \u00e0 bord de la &quot;Flottille de la Libert\u00e9 III&quot; pour briser le blocus de Gaza\" \/>\n<meta property=\"og:description\" content=\"Moncef Marzouki \u00e0 bord de la Flottille de la Libert\u00e9 III pour briser le blocus de Gaza\" \/>\n<meta property=\"og:url\" content=\"https:\/\/www.webdo.tn\/fr\/actualite\/international\/moncef-marzouki-a-bord-de-la-flottille-de-la-liberte-iii-pour-briser-le-blocus-de-gaza\/184089\/\" \/>\n<meta property=\"og:site_name\" content=\"webdo\" \/>\n<meta property=\"article:publisher\" content=\"https:\/\/www.facebook.com\/webdotn\" \/>\n<meta property=\"article:published_time\" content=\"2015-06-25T10:51:00+00:00\" \/>\n<meta property=\"article:modified_time\" content=\"2025-05-18T22:11:19+00:00\" \/>\n<meta property=\"og:image\" content=\"https:\/\/www.webdo.tn\/fr\/wp-content\/uploads\/2015\/06\/Marzouki-Flotille-300x256-1.jpg\" \/>\n\t<meta property=\"og:image:width\" content=\"300\" \/>\n\t<meta property=\"og:image:height\" content=\"256\" \/>\n\t<meta property=\"og:image:type\" content=\"image\/jpeg\" \/>\n<meta name=\"author\" content=\"webdo.tn\" \/>\n<meta name=\"twitter:card\" content=\"summary_large_image\" \/>\n<meta name=\"twitter:creator\" content=\"@webdo_tn\" \/>\n<meta name=\"twitter:site\" content=\"@webdo_tn\" \/>\n<meta name=\"twitter:label1\" content=\"\u00c9crit par\" \/>\n\t<meta name=\"twitter:data1\" content=\"webdo.tn\" \/>\n\t<meta name=\"twitter:label2\" content=\"Dur\u00e9e de lecture estim\u00e9e\" \/>\n\t<meta name=\"twitter:data2\" content=\"1 minute\" \/>\n<script type=\"application\/ld+json\" class=\"yoast-schema-graph\">{\"@context\":\"https:\\\/\\\/schema.org\",\"@graph\":[{\"@type\":\"NewsArticle\",\"@id\":\"https:\\\/\\\/www.webdo.tn\\\/fr\\\/actualite\\\/international\\\/moncef-marzouki-a-bord-de-la-flottille-de-la-liberte-iii-pour-briser-le-blocus-de-gaza\\\/184089\\\/#article\",\"isPartOf\":{\"@id\":\"https:\\\/\\\/www.webdo.tn\\\/fr\\\/actualite\\\/international\\\/moncef-marzouki-a-bord-de-la-flottille-de-la-liberte-iii-pour-briser-le-blocus-de-gaza\\\/184089\\\/\"},\"author\":{\"name\":\"webdo.tn\",\"@id\":\"https:\\\/\\\/www.webdo.tn\\\/fr\\\/#\\\/schema\\\/person\\\/9a9c6118d687c117df8ef3cc36a4d175\"},\"headline\":\"Moncef Marzouki \u00e0 bord de la \u00ab\u00a0Flottille de la Libert\u00e9 III\u00a0\u00bb pour briser le blocus de Gaza\",\"datePublished\":\"2015-06-25T10:51:00+00:00\",\"dateModified\":\"2025-05-18T22:11:19+00:00\",\"mainEntityOfPage\":{\"@id\":\"https:\\\/\\\/www.webdo.tn\\\/fr\\\/actualite\\\/international\\\/moncef-marzouki-a-bord-de-la-flottille-de-la-liberte-iii-pour-briser-le-blocus-de-gaza\\\/184089\\\/\"},\"wordCount\":148,\"commentCount\":0,\"publisher\":{\"@id\":\"https:\\\/\\\/www.webdo.tn\\\/fr\\\/#organization\"},\"image\":{\"@id\":\"https:\\\/\\\/www.webdo.tn\\\/fr\\\/actualite\\\/international\\\/moncef-marzouki-a-bord-de-la-flottille-de-la-liberte-iii-pour-briser-le-blocus-de-gaza\\\/184089\\\/#primaryimage\"},\"thumbnailUrl\":\"https:\\\/\\\/www.webdo.tn\\\/fr\\\/wp-content\\\/uploads\\\/2015\\\/06\\\/Marzouki-Flotille-300x256-1.jpg\",\"keywords\":[\"guerre\"],\"articleSection\":[\"International\"],\"inLanguage\":\"fr-FR\"},{\"@type\":\"WebPage\",\"@id\":\"https:\\\/\\\/www.webdo.tn\\\/fr\\\/actualite\\\/international\\\/moncef-marzouki-a-bord-de-la-flottille-de-la-liberte-iii-pour-briser-le-blocus-de-gaza\\\/184089\\\/\",\"url\":\"https:\\\/\\\/www.webdo.tn\\\/fr\\\/actualite\\\/international\\\/moncef-marzouki-a-bord-de-la-flottille-de-la-liberte-iii-pour-briser-le-blocus-de-gaza\\\/184089\\\/\",\"name\":\"Moncef Marzouki \u00e0 bord de la Flottille de la Libert\u00e9 III pour briser le blocus de Gaza\",\"isPartOf\":{\"@id\":\"https:\\\/\\\/www.webdo.tn\\\/fr\\\/#website\"},\"primaryImageOfPage\":{\"@id\":\"https:\\\/\\\/www.webdo.tn\\\/fr\\\/actualite\\\/international\\\/moncef-marzouki-a-bord-de-la-flottille-de-la-liberte-iii-pour-briser-le-blocus-de-gaza\\\/184089\\\/#primaryimage\"},\"image\":{\"@id\":\"https:\\\/\\\/www.webdo.tn\\\/fr\\\/actualite\\\/international\\\/moncef-marzouki-a-bord-de-la-flottille-de-la-liberte-iii-pour-briser-le-blocus-de-gaza\\\/184089\\\/#primaryimage\"},\"thumbnailUrl\":\"https:\\\/\\\/www.webdo.tn\\\/fr\\\/wp-content\\\/uploads\\\/2015\\\/06\\\/Marzouki-Flotille-300x256-1.jpg\",\"datePublished\":\"2015-06-25T10:51:00+00:00\",\"dateModified\":\"2025-05-18T22:11:19+00:00\",\"description\":\"Moncef Marzouki \u00e0 bord de la Flottille de la Libert\u00e9 III pour briser le blocus de Gaza\",\"breadcrumb\":{\"@id\":\"https:\\\/\\\/www.webdo.tn\\\/fr\\\/actualite\\\/international\\\/moncef-marzouki-a-bord-de-la-flottille-de-la-liberte-iii-pour-briser-le-blocus-de-gaza\\\/184089\\\/#breadcrumb\"},\"inLanguage\":\"fr-FR\",\"potentialAction\":[{\"@type\":\"ReadAction\",\"target\":[\"https:\\\/\\\/www.webdo.tn\\\/fr\\\/actualite\\\/international\\\/moncef-marzouki-a-bord-de-la-flottille-de-la-liberte-iii-pour-briser-le-blocus-de-gaza\\\/184089\\\/\"]}]},{\"@type\":\"ImageObject\",\"inLanguage\":\"fr-FR\",\"@id\":\"https:\\\/\\\/www.webdo.tn\\\/fr\\\/actualite\\\/international\\\/moncef-marzouki-a-bord-de-la-flottille-de-la-liberte-iii-pour-briser-le-blocus-de-gaza\\\/184089\\\/#primaryimage\",\"url\":\"https:\\\/\\\/www.webdo.tn\\\/fr\\\/wp-content\\\/uploads\\\/2015\\\/06\\\/Marzouki-Flotille-300x256-1.jpg\",\"contentUrl\":\"https:\\\/\\\/www.webdo.tn\\\/fr\\\/wp-content\\\/uploads\\\/2015\\\/06\\\/Marzouki-Flotille-300x256-1.jpg\",\"width\":300,\"height\":256,\"caption\":\"Moncef Marzouki \u00e0 bord de la \\\"Flottille de la Libert\u00e9 III\\\" pour briser le blocus de Gaza\"},{\"@type\":\"BreadcrumbList\",\"@id\":\"https:\\\/\\\/www.webdo.tn\\\/fr\\\/actualite\\\/international\\\/moncef-marzouki-a-bord-de-la-flottille-de-la-liberte-iii-pour-briser-le-blocus-de-gaza\\\/184089\\\/#breadcrumb\",\"itemListElement\":[{\"@type\":\"ListItem\",\"position\":1,\"name\":\"Accueil\",\"item\":\"https:\\\/\\\/www.webdo.tn\\\/fr\\\/\"},{\"@type\":\"ListItem\",\"position\":2,\"name\":\"Moncef Marzouki \u00e0 bord de la \u00ab\u00a0Flottille de la Libert\u00e9 III\u00a0\u00bb pour briser le blocus de Gaza\"}]},{\"@type\":\"WebSite\",\"@id\":\"https:\\\/\\\/www.webdo.tn\\\/fr\\\/#website\",\"url\":\"https:\\\/\\\/www.webdo.tn\\\/fr\\\/\",\"name\":\"webdo\",\"description\":\"Tunisie - News en Tunisie et \u00e0 l&#039;international sur Webdo.tn\",\"publisher\":{\"@id\":\"https:\\\/\\\/www.webdo.tn\\\/fr\\\/#organization\"},\"potentialAction\":[{\"@type\":\"SearchAction\",\"target\":{\"@type\":\"EntryPoint\",\"urlTemplate\":\"https:\\\/\\\/www.webdo.tn\\\/fr\\\/?s={search_term_string}\"},\"query-input\":{\"@type\":\"PropertyValueSpecification\",\"valueRequired\":true,\"valueName\":\"search_term_string\"}}],\"inLanguage\":\"fr-FR\"},{\"@type\":\"Organization\",\"@id\":\"https:\\\/\\\/www.webdo.tn\\\/fr\\\/#organization\",\"name\":\"Webdo\",\"alternateName\":\"Webdo.tn\",\"url\":\"https:\\\/\\\/www.webdo.tn\\\/fr\\\/\",\"logo\":{\"@type\":\"ImageObject\",\"inLanguage\":\"fr-FR\",\"@id\":\"https:\\\/\\\/www.webdo.tn\\\/fr\\\/#\\\/schema\\\/logo\\\/image\\\/\",\"url\":\"https:\\\/\\\/www.webdo.tn\\\/fr\\\/wp-content\\\/uploads\\\/2025\\\/06\\\/Webdo-Tunisie_168377.jpg\",\"contentUrl\":\"https:\\\/\\\/www.webdo.tn\\\/fr\\\/wp-content\\\/uploads\\\/2025\\\/06\\\/Webdo-Tunisie_168377.jpg\",\"width\":301,\"height\":301,\"caption\":\"Webdo\"},\"image\":{\"@id\":\"https:\\\/\\\/www.webdo.tn\\\/fr\\\/#\\\/schema\\\/logo\\\/image\\\/\"},\"sameAs\":[\"https:\\\/\\\/www.facebook.com\\\/webdotn\",\"https:\\\/\\\/x.com\\\/webdo_tn\"],\"description\":\"Webdo est un m\u00e9dia num\u00e9rique tunisien fond\u00e9 en 2010, sp\u00e9cialis\u00e9 dans l\u2019actualit\u00e9 nationale et internationale, l\u2019\u00e9conomie, la soci\u00e9t\u00e9 et les analyses politiques. Le site s\u2019adresse \u00e0 un large public francophone et couvre l\u2019information tunisienne en temps r\u00e9el.\",\"email\":\"redac@webdo.tn\",\"legalName\":\"YNJ SARL\",\"foundingDate\":\"2010-09-06\",\"numberOfEmployees\":{\"@type\":\"QuantitativeValue\",\"minValue\":\"11\",\"maxValue\":\"50\"}},{\"@type\":\"Person\",\"@id\":\"https:\\\/\\\/www.webdo.tn\\\/fr\\\/#\\\/schema\\\/person\\\/9a9c6118d687c117df8ef3cc36a4d175\",\"name\":\"webdo.tn\",\"image\":{\"@type\":\"ImageObject\",\"inLanguage\":\"fr-FR\",\"@id\":\"https:\\\/\\\/secure.gravatar.com\\\/avatar\\\/7ce1f28c0c3bbac99ff550b85ef8e44a6950c6ee24514fb6a5489e51d06f0298?s=96&d=mm&r=g\",\"url\":\"https:\\\/\\\/secure.gravatar.com\\\/avatar\\\/7ce1f28c0c3bbac99ff550b85ef8e44a6950c6ee24514fb6a5489e51d06f0298?s=96&d=mm&r=g\",\"contentUrl\":\"https:\\\/\\\/secure.gravatar.com\\\/avatar\\\/7ce1f28c0c3bbac99ff550b85ef8e44a6950c6ee24514fb6a5489e51d06f0298?s=96&d=mm&r=g\",\"caption\":\"webdo.tn\"},\"url\":\"https:\\\/\\\/www.webdo.tn\\\/fr\\\/actualite\\\/author\\\/webdotn\\\/\"}]}<\/script>\n<!-- \/ Yoast SEO Premium plugin. -->","yoast_head_json":{"title":"Moncef Marzouki \u00e0 bord de la Flottille de la Libert\u00e9 III pour briser le blocus de Gaza","description":"Moncef Marzouki \u00e0 bord de la Flottille de la Libert\u00e9 III pour briser le blocus de Gaza","canonical":"https:\/\/www.webdo.tn\/fr\/actualite\/international\/moncef-marzouki-a-bord-de-la-flottille-de-la-liberte-iii-pour-briser-le-blocus-de-gaza\/184089\/","og_locale":"fr_FR","og_type":"article","og_title":"Moncef Marzouki \u00e0 bord de la \"Flottille de la Libert\u00e9 III\" pour briser le blocus de Gaza","og_description":"Moncef Marzouki \u00e0 bord de la Flottille de la Libert\u00e9 III pour briser le blocus de Gaza","og_url":"https:\/\/www.webdo.tn\/fr\/actualite\/international\/moncef-marzouki-a-bord-de-la-flottille-de-la-liberte-iii-pour-briser-le-blocus-de-gaza\/184089\/","og_site_name":"webdo","article_publisher":"https:\/\/www.facebook.com\/webdotn","article_published_time":"2015-06-25T10:51:00+00:00","article_modified_time":"2025-05-18T22:11:19+00:00","og_image":[{"width":300,"height":256,"url":"https:\/\/www.webdo.tn\/fr\/wp-content\/uploads\/2015\/06\/Marzouki-Flotille-300x256-1.jpg","type":"image\/jpeg"}],"author":"webdo.tn","twitter_card":"summary_large_image","twitter_creator":"@webdo_tn","twitter_site":"@webdo_tn","twitter_misc":{"\u00c9crit par":"webdo.tn","Dur\u00e9e de lecture estim\u00e9e":"1 minute"},"schema":{"@context":"https:\/\/schema.org","@graph":[{"@type":"NewsArticle","@id":"https:\/\/www.webdo.tn\/fr\/actualite\/international\/moncef-marzouki-a-bord-de-la-flottille-de-la-liberte-iii-pour-briser-le-blocus-de-gaza\/184089\/#article","isPartOf":{"@id":"https:\/\/www.webdo.tn\/fr\/actualite\/international\/moncef-marzouki-a-bord-de-la-flottille-de-la-liberte-iii-pour-briser-le-blocus-de-gaza\/184089\/"},"author":{"name":"webdo.tn","@id":"https:\/\/www.webdo.tn\/fr\/#\/schema\/person\/9a9c6118d687c117df8ef3cc36a4d175"},"headline":"Moncef Marzouki \u00e0 bord de la \u00ab\u00a0Flottille de la Libert\u00e9 III\u00a0\u00bb pour briser le blocus de Gaza","datePublished":"2015-06-25T10:51:00+00:00","dateModified":"2025-05-18T22:11:19+00:00","mainEntityOfPage":{"@id":"https:\/\/www.webdo.tn\/fr\/actualite\/international\/moncef-marzouki-a-bord-de-la-flottille-de-la-liberte-iii-pour-briser-le-blocus-de-gaza\/184089\/"},"wordCount":148,"commentCount":0,"publisher":{"@id":"https:\/\/www.webdo.tn\/fr\/#organization"},"image":{"@id":"https:\/\/www.webdo.tn\/fr\/actualite\/international\/moncef-marzouki-a-bord-de-la-flottille-de-la-liberte-iii-pour-briser-le-blocus-de-gaza\/184089\/#primaryimage"},"thumbnailUrl":"https:\/\/www.webdo.tn\/fr\/wp-content\/uploads\/2015\/06\/Marzouki-Flotille-300x256-1.jpg","keywords":["guerre"],"articleSection":["International"],"inLanguage":"fr-FR"},{"@type":"WebPage","@id":"https:\/\/www.webdo.tn\/fr\/actualite\/international\/moncef-marzouki-a-bord-de-la-flottille-de-la-liberte-iii-pour-briser-le-blocus-de-gaza\/184089\/","url":"https:\/\/www.webdo.tn\/fr\/actualite\/international\/moncef-marzouki-a-bord-de-la-flottille-de-la-liberte-iii-pour-briser-le-blocus-de-gaza\/184089\/","name":"Moncef Marzouki \u00e0 bord de la Flottille de la Libert\u00e9 III pour briser le blocus de Gaza","isPartOf":{"@id":"https:\/\/www.webdo.tn\/fr\/#website"},"primaryImageOfPage":{"@id":"https:\/\/www.webdo.tn\/fr\/actualite\/international\/moncef-marzouki-a-bord-de-la-flottille-de-la-liberte-iii-pour-briser-le-blocus-de-gaza\/184089\/#primaryimage"},"image":{"@id":"https:\/\/www.webdo.tn\/fr\/actualite\/international\/moncef-marzouki-a-bord-de-la-flottille-de-la-liberte-iii-pour-briser-le-blocus-de-gaza\/184089\/#primaryimage"},"thumbnailUrl":"https:\/\/www.webdo.tn\/fr\/wp-content\/uploads\/2015\/06\/Marzouki-Flotille-300x256-1.jpg","datePublished":"2015-06-25T10:51:00+00:00","dateModified":"2025-05-18T22:11:19+00:00","description":"Moncef Marzouki \u00e0 bord de la Flottille de la Libert\u00e9 III pour briser le blocus de Gaza","breadcrumb":{"@id":"https:\/\/www.webdo.tn\/fr\/actualite\/international\/moncef-marzouki-a-bord-de-la-flottille-de-la-liberte-iii-pour-briser-le-blocus-de-gaza\/184089\/#breadcrumb"},"inLanguage":"fr-FR","potentialAction":[{"@type":"ReadAction","target":["https:\/\/www.webdo.tn\/fr\/actualite\/international\/moncef-marzouki-a-bord-de-la-flottille-de-la-liberte-iii-pour-briser-le-blocus-de-gaza\/184089\/"]}]},{"@type":"ImageObject","inLanguage":"fr-FR","@id":"https:\/\/www.webdo.tn\/fr\/actualite\/international\/moncef-marzouki-a-bord-de-la-flottille-de-la-liberte-iii-pour-briser-le-blocus-de-gaza\/184089\/#primaryimage","url":"https:\/\/www.webdo.tn\/fr\/wp-content\/uploads\/2015\/06\/Marzouki-Flotille-300x256-1.jpg","contentUrl":"https:\/\/www.webdo.tn\/fr\/wp-content\/uploads\/2015\/06\/Marzouki-Flotille-300x256-1.jpg","width":300,"height":256,"caption":"Moncef Marzouki \u00e0 bord de la \"Flottille de la Libert\u00e9 III\" pour briser le blocus de Gaza"},{"@type":"BreadcrumbList","@id":"https:\/\/www.webdo.tn\/fr\/actualite\/international\/moncef-marzouki-a-bord-de-la-flottille-de-la-liberte-iii-pour-briser-le-blocus-de-gaza\/184089\/#breadcrumb","itemListElement":[{"@type":"ListItem","position":1,"name":"Accueil","item":"https:\/\/www.webdo.tn\/fr\/"},{"@type":"ListItem","position":2,"name":"Moncef Marzouki \u00e0 bord de la \u00ab\u00a0Flottille de la Libert\u00e9 III\u00a0\u00bb pour briser le blocus de Gaza"}]},{"@type":"WebSite","@id":"https:\/\/www.webdo.tn\/fr\/#website","url":"https:\/\/www.webdo.tn\/fr\/","name":"webdo","description":"Tunisie - News en Tunisie et \u00e0 l&#039;international sur Webdo.tn","publisher":{"@id":"https:\/\/www.webdo.tn\/fr\/#organization"},"potentialAction":[{"@type":"SearchAction","target":{"@type":"EntryPoint","urlTemplate":"https:\/\/www.webdo.tn\/fr\/?s={search_term_string}"},"query-input":{"@type":"PropertyValueSpecification","valueRequired":true,"valueName":"search_term_string"}}],"inLanguage":"fr-FR"},{"@type":"Organization","@id":"https:\/\/www.webdo.tn\/fr\/#organization","name":"Webdo","alternateName":"Webdo.tn","url":"https:\/\/www.webdo.tn\/fr\/","logo":{"@type":"ImageObject","inLanguage":"fr-FR","@id":"https:\/\/www.webdo.tn\/fr\/#\/schema\/logo\/image\/","url":"https:\/\/www.webdo.tn\/fr\/wp-content\/uploads\/2025\/06\/Webdo-Tunisie_168377.jpg","contentUrl":"https:\/\/www.webdo.tn\/fr\/wp-content\/uploads\/2025\/06\/Webdo-Tunisie_168377.jpg","width":301,"height":301,"caption":"Webdo"},"image":{"@id":"https:\/\/www.webdo.tn\/fr\/#\/schema\/logo\/image\/"},"sameAs":["https:\/\/www.facebook.com\/webdotn","https:\/\/x.com\/webdo_tn"],"description":"Webdo est un m\u00e9dia num\u00e9rique tunisien fond\u00e9 en 2010, sp\u00e9cialis\u00e9 dans l\u2019actualit\u00e9 nationale et internationale, l\u2019\u00e9conomie, la soci\u00e9t\u00e9 et les analyses politiques. Le site s\u2019adresse \u00e0 un large public francophone et couvre l\u2019information tunisienne en temps r\u00e9el.","email":"redac@webdo.tn","legalName":"YNJ SARL","foundingDate":"2010-09-06","numberOfEmployees":{"@type":"QuantitativeValue","minValue":"11","maxValue":"50"}},{"@type":"Person","@id":"https:\/\/www.webdo.tn\/fr\/#\/schema\/person\/9a9c6118d687c117df8ef3cc36a4d175","name":"webdo.tn","image":{"@type":"ImageObject","inLanguage":"fr-FR","@id":"https:\/\/secure.gravatar.com\/avatar\/7ce1f28c0c3bbac99ff550b85ef8e44a6950c6ee24514fb6a5489e51d06f0298?s=96&d=mm&r=g","url":"https:\/\/secure.gravatar.com\/avatar\/7ce1f28c0c3bbac99ff550b85ef8e44a6950c6ee24514fb6a5489e51d06f0298?s=96&d=mm&r=g","contentUrl":"https:\/\/secure.gravatar.com\/avatar\/7ce1f28c0c3bbac99ff550b85ef8e44a6950c6ee24514fb6a5489e51d06f0298?s=96&d=mm&r=g","caption":"webdo.tn"},"url":"https:\/\/www.webdo.tn\/fr\/actualite\/author\/webdotn\/"}]}},"_links":{"self":[{"href":"https:\/\/www.webdo.tn\/fr\/wp-json\/wp\/v2\/posts\/184089","targetHints":{"allow":["GET"]}}],"collection":[{"href":"https:\/\/www.webdo.tn\/fr\/wp-json\/wp\/v2\/posts"}],"about":[{"href":"https:\/\/www.webdo.tn\/fr\/wp-json\/wp\/v2\/types\/post"}],"author":[{"embeddable":true,"href":"https:\/\/www.webdo.tn\/fr\/wp-json\/wp\/v2\/users\/3222"}],"replies":[{"embeddable":true,"href":"https:\/\/www.webdo.tn\/fr\/wp-json\/wp\/v2\/comments?post=184089"}],"version-history":[{"count":0,"href":"https:\/\/www.webdo.tn\/fr\/wp-json\/wp\/v2\/posts\/184089\/revisions"}],"wp:featuredmedia":[{"embeddable":true,"href":"https:\/\/www.webdo.tn\/fr\/wp-json\/wp\/v2\/media\/317938"}],"wp:attachment":[{"href":"https:\/\/www.webdo.tn\/fr\/wp-json\/wp\/v2\/media?parent=184089"}],"wp:term":[{"taxonomy":"category","embeddable":true,"href":"https:\/\/www.webdo.tn\/fr\/wp-json\/wp\/v2\/categories?post=184089"},{"taxonomy":"post_tag","embeddable":true,"href":"https:\/\/www.webdo.tn\/fr\/wp-json\/wp\/v2\/tags?post=184089"}],"curies":[{"name":"wp","href":"https:\/\/api.w.org\/{rel}","templated":true}]}}