{"id":184087,"date":"2015-06-26T12:06:00","date_gmt":"2015-06-26T12:06:00","guid":{"rendered":"https:\/\/www.webdo.tn\/fr\/actualite\/blog\/france-daech-revendique-la-decapitation-dun-homme-en-isere\/184087\/"},"modified":"2025-05-22T12:54:56","modified_gmt":"2025-05-22T12:54:56","slug":"france-daech-revendique-la-decapitation-dun-homme-en-isere","status":"publish","type":"post","link":"https:\/\/www.webdo.tn\/fr\/actualite\/international\/france-daech-revendique-la-decapitation-dun-homme-en-isere\/184087\/","title":{"rendered":"France : Daech revendique la d\u00e9capitation d&rsquo;un homme en Is\u00e8re"},"content":{"rendered":"<p>Revendiqu\u00e9e par Daech, une explosion a eu lieu dans la soci\u00e9t\u00e9 Air Products,\u00a0ce matin du vendredi 26 juin \u00e0 Saint-Quentin-Fallavier, en Is\u00e8re en France. Le corps d&rsquo;un homme d\u00e9capit\u00e9 a \u00e9t\u00e9 retrouv\u00e9 sur place selon le journal fran\u00e7ais Le Dauphin\u00e9 Lib\u00e9r\u00e9.<br \/>\nVers 10h, une explosion suivie d&rsquo;un incendie a eu lieu dans la soci\u00e9t\u00e9 Air Products\u00a0\u00e0 Saint-Quentin-Fallavier. Un grand nombre de sapeurs-pompiers et de gendarmes sont actuellement sur place. Plusieurs bless\u00e9s seraient \u00e0 d\u00e9plorer.<\/p>\n<blockquote class=\"twitter-tweet\" data-width=\"500\" data-dnt=\"true\">\n<p lang=\"fr\" dir=\"ltr\">Attentat islamiste dans l&#39;Is\u00e8re : un homme d\u00e9capit\u00e9<a href=\"http:\/\/t.co\/GSZEmofizK\">http:\/\/t.co\/GSZEmofizK<\/a> <a href=\"http:\/\/t.co\/hZf4yCz0Lb\">pic.twitter.com\/hZf4yCz0Lb<\/a><\/p>\n<p>&mdash; Journal L&#39;Alsace (@lalsace) <a href=\"https:\/\/twitter.com\/lalsace\/status\/614361298969755648?ref_src=twsrc%5Etfw\">June 26, 2015<\/a><\/p><\/blockquote>\n<p><script async src=\"https:\/\/platform.twitter.com\/widgets.js\" charset=\"utf-8\"><\/script><\/p>\n<p>Selon Le Dauphin\u00e9 Lib\u00e9r\u00e9, il s&rsquo;agirait d&rsquo;un attentat revendiqu\u00e9 par Daech. Un homme aurait p\u00e9n\u00e9tr\u00e9 dans l&rsquo;entreprise, des drapeaux islamistes \u00e0 la main, et aurait\u00a0percut\u00e9 plusieurs bonbonnes de gaz \u00e0 l&rsquo;aide de son v\u00e9hicule.<\/p>\n<p>L&rsquo;homme d\u00e9capit\u00e9 a \u00e9t\u00e9 retrouv\u00e9 dans la cour int\u00e9rieur de la soci\u00e9t\u00e9, toutefois il ne s&rsquo;agirait pas d&rsquo;un employ\u00e9. Sa t\u00eate a \u00e9t\u00e9 d\u00e9couverte accroch\u00e9e sur le grillage de la soci\u00e9t\u00e9 Air Products, et recouverte d&rsquo;inscriptions en arabe.<\/p>\n<p>Le ministre de l&rsquo;Int\u00e9rieur, Bernard Cazeneuve s&rsquo;est rendu sur place. Le parquet antiterroriste se saisit de l&rsquo;enqu\u00eate<\/p>\n<p>EN DIRECT &#8211; Le parquet antiterroriste se saisit de l&rsquo;enqu\u00eate sur l&rsquo;attentat #Is\u00e8re &gt;&gt; http:\/\/t.co\/mG7anYetZZ pic.twitter.com\/iW9qzyj58P<br \/>\n\u2014 Le Figaro (@Le_Figaro) 26 Juin 2015<\/p>\n<p>\u00a0<\/p>\n<p>Selon cette m\u00eame source, un individu d\u00e9j\u00e0 connu des services de la Direction g\u00e9n\u00e9rale de la s\u00e9curit\u00e9 int\u00e9rieure (DGSI) a \u00e9t\u00e9 interpell\u00e9. Un deuxi\u00e8me homme serait activement recherch\u00e9, circulant \u00e0 bord d&rsquo;un v\u00e9hicule qui aurait fait de nombreux passages devant la soci\u00e9t\u00e9 Air Products ce matin.<\/p>\n","protected":false},"excerpt":{"rendered":"<p>France : Daech revendique la d\u00e9capitation d&rsquo;un homme en Is\u00e8re<\/p>\n","protected":false},"author":3222,"featured_media":351997,"comment_status":"open","ping_status":"closed","sticky":false,"template":"","format":"standard","meta":{"footnotes":""},"categories":[2598],"tags":[],"class_list":["post-184087","post","type-post","status-publish","format-standard","has-post-thumbnail","hentry","category-international"],"yoast_head":"<!-- This site is optimized with the Yoast SEO Premium plugin v27.5 (Yoast SEO v27.5) - https:\/\/yoast.com\/product\/yoast-seo-premium-wordpress\/ -->\n<title>France : Daech revendique la d\u00e9capitation d&#039;un homme en Is\u00e8re<\/title>\n<meta name=\"description\" content=\"France : Daech revendique la d\u00e9capitation d&#039;un homme en Is\u00e8re\" \/>\n<link rel=\"canonical\" href=\"https:\/\/www.webdo.tn\/fr\/actualite\/international\/france-daech-revendique-la-decapitation-dun-homme-en-isere\/184087\/\" \/>\n<meta property=\"og:locale\" content=\"fr_FR\" \/>\n<meta property=\"og:type\" content=\"article\" \/>\n<meta property=\"og:title\" content=\"France : Daech revendique la d\u00e9capitation d&#039;un homme en Is\u00e8re\" \/>\n<meta property=\"og:description\" content=\"France : Daech revendique la d\u00e9capitation d&#039;un homme en Is\u00e8re\" \/>\n<meta property=\"og:url\" content=\"https:\/\/www.webdo.tn\/fr\/actualite\/international\/france-daech-revendique-la-decapitation-dun-homme-en-isere\/184087\/\" \/>\n<meta property=\"og:site_name\" content=\"webdo\" \/>\n<meta property=\"article:publisher\" content=\"https:\/\/www.facebook.com\/webdotn\" \/>\n<meta property=\"article:published_time\" content=\"2015-06-26T12:06:00+00:00\" \/>\n<meta property=\"article:modified_time\" content=\"2025-05-22T12:54:56+00:00\" \/>\n<meta property=\"og:image\" content=\"https:\/\/www.webdo.tn\/fr\/wp-content\/uploads\/2015\/06\/648x415_entree-usine-air-products-saint-quentin-fallavier-isere.jpg\" \/>\n\t<meta property=\"og:image:width\" content=\"648\" \/>\n\t<meta property=\"og:image:height\" content=\"415\" \/>\n\t<meta property=\"og:image:type\" content=\"image\/jpeg\" \/>\n<meta name=\"author\" content=\"webdo.tn\" \/>\n<meta name=\"twitter:card\" content=\"summary_large_image\" \/>\n<meta name=\"twitter:creator\" content=\"@webdo_tn\" \/>\n<meta name=\"twitter:site\" content=\"@webdo_tn\" \/>\n<meta name=\"twitter:label1\" content=\"\u00c9crit par\" \/>\n\t<meta name=\"twitter:data1\" content=\"webdo.tn\" \/>\n\t<meta name=\"twitter:label2\" content=\"Dur\u00e9e de lecture estim\u00e9e\" \/>\n\t<meta name=\"twitter:data2\" content=\"1 minute\" \/>\n<script type=\"application\/ld+json\" class=\"yoast-schema-graph\">{\"@context\":\"https:\\\/\\\/schema.org\",\"@graph\":[{\"@type\":\"NewsArticle\",\"@id\":\"https:\\\/\\\/www.webdo.tn\\\/fr\\\/actualite\\\/international\\\/france-daech-revendique-la-decapitation-dun-homme-en-isere\\\/184087\\\/#article\",\"isPartOf\":{\"@id\":\"https:\\\/\\\/www.webdo.tn\\\/fr\\\/actualite\\\/international\\\/france-daech-revendique-la-decapitation-dun-homme-en-isere\\\/184087\\\/\"},\"author\":{\"name\":\"webdo.tn\",\"@id\":\"https:\\\/\\\/www.webdo.tn\\\/fr\\\/#\\\/schema\\\/person\\\/9a9c6118d687c117df8ef3cc36a4d175\"},\"headline\":\"France : Daech revendique la d\u00e9capitation d&rsquo;un homme en Is\u00e8re\",\"datePublished\":\"2015-06-26T12:06:00+00:00\",\"dateModified\":\"2025-05-22T12:54:56+00:00\",\"mainEntityOfPage\":{\"@id\":\"https:\\\/\\\/www.webdo.tn\\\/fr\\\/actualite\\\/international\\\/france-daech-revendique-la-decapitation-dun-homme-en-isere\\\/184087\\\/\"},\"wordCount\":302,\"commentCount\":0,\"publisher\":{\"@id\":\"https:\\\/\\\/www.webdo.tn\\\/fr\\\/#organization\"},\"image\":{\"@id\":\"https:\\\/\\\/www.webdo.tn\\\/fr\\\/actualite\\\/international\\\/france-daech-revendique-la-decapitation-dun-homme-en-isere\\\/184087\\\/#primaryimage\"},\"thumbnailUrl\":\"https:\\\/\\\/www.webdo.tn\\\/fr\\\/wp-content\\\/uploads\\\/2015\\\/06\\\/648x415_entree-usine-air-products-saint-quentin-fallavier-isere.jpg\",\"articleSection\":[\"International\"],\"inLanguage\":\"fr-FR\"},{\"@type\":\"WebPage\",\"@id\":\"https:\\\/\\\/www.webdo.tn\\\/fr\\\/actualite\\\/international\\\/france-daech-revendique-la-decapitation-dun-homme-en-isere\\\/184087\\\/\",\"url\":\"https:\\\/\\\/www.webdo.tn\\\/fr\\\/actualite\\\/international\\\/france-daech-revendique-la-decapitation-dun-homme-en-isere\\\/184087\\\/\",\"name\":\"France : Daech revendique la d\u00e9capitation d'un homme en Is\u00e8re\",\"isPartOf\":{\"@id\":\"https:\\\/\\\/www.webdo.tn\\\/fr\\\/#website\"},\"primaryImageOfPage\":{\"@id\":\"https:\\\/\\\/www.webdo.tn\\\/fr\\\/actualite\\\/international\\\/france-daech-revendique-la-decapitation-dun-homme-en-isere\\\/184087\\\/#primaryimage\"},\"image\":{\"@id\":\"https:\\\/\\\/www.webdo.tn\\\/fr\\\/actualite\\\/international\\\/france-daech-revendique-la-decapitation-dun-homme-en-isere\\\/184087\\\/#primaryimage\"},\"thumbnailUrl\":\"https:\\\/\\\/www.webdo.tn\\\/fr\\\/wp-content\\\/uploads\\\/2015\\\/06\\\/648x415_entree-usine-air-products-saint-quentin-fallavier-isere.jpg\",\"datePublished\":\"2015-06-26T12:06:00+00:00\",\"dateModified\":\"2025-05-22T12:54:56+00:00\",\"description\":\"France : Daech revendique la d\u00e9capitation d'un homme en Is\u00e8re\",\"breadcrumb\":{\"@id\":\"https:\\\/\\\/www.webdo.tn\\\/fr\\\/actualite\\\/international\\\/france-daech-revendique-la-decapitation-dun-homme-en-isere\\\/184087\\\/#breadcrumb\"},\"inLanguage\":\"fr-FR\",\"potentialAction\":[{\"@type\":\"ReadAction\",\"target\":[\"https:\\\/\\\/www.webdo.tn\\\/fr\\\/actualite\\\/international\\\/france-daech-revendique-la-decapitation-dun-homme-en-isere\\\/184087\\\/\"]}]},{\"@type\":\"ImageObject\",\"inLanguage\":\"fr-FR\",\"@id\":\"https:\\\/\\\/www.webdo.tn\\\/fr\\\/actualite\\\/international\\\/france-daech-revendique-la-decapitation-dun-homme-en-isere\\\/184087\\\/#primaryimage\",\"url\":\"https:\\\/\\\/www.webdo.tn\\\/fr\\\/wp-content\\\/uploads\\\/2015\\\/06\\\/648x415_entree-usine-air-products-saint-quentin-fallavier-isere.jpg\",\"contentUrl\":\"https:\\\/\\\/www.webdo.tn\\\/fr\\\/wp-content\\\/uploads\\\/2015\\\/06\\\/648x415_entree-usine-air-products-saint-quentin-fallavier-isere.jpg\",\"width\":648,\"height\":415,\"caption\":\"France : Daech revendique la d\u00e9capitation d'un homme en Is\u00e8re\"},{\"@type\":\"BreadcrumbList\",\"@id\":\"https:\\\/\\\/www.webdo.tn\\\/fr\\\/actualite\\\/international\\\/france-daech-revendique-la-decapitation-dun-homme-en-isere\\\/184087\\\/#breadcrumb\",\"itemListElement\":[{\"@type\":\"ListItem\",\"position\":1,\"name\":\"Accueil\",\"item\":\"https:\\\/\\\/www.webdo.tn\\\/fr\\\/\"},{\"@type\":\"ListItem\",\"position\":2,\"name\":\"France : Daech revendique la d\u00e9capitation d&rsquo;un homme en Is\u00e8re\"}]},{\"@type\":\"WebSite\",\"@id\":\"https:\\\/\\\/www.webdo.tn\\\/fr\\\/#website\",\"url\":\"https:\\\/\\\/www.webdo.tn\\\/fr\\\/\",\"name\":\"webdo\",\"description\":\"Tunisie - News en Tunisie et \u00e0 l&#039;international sur Webdo.tn\",\"publisher\":{\"@id\":\"https:\\\/\\\/www.webdo.tn\\\/fr\\\/#organization\"},\"potentialAction\":[{\"@type\":\"SearchAction\",\"target\":{\"@type\":\"EntryPoint\",\"urlTemplate\":\"https:\\\/\\\/www.webdo.tn\\\/fr\\\/?s={search_term_string}\"},\"query-input\":{\"@type\":\"PropertyValueSpecification\",\"valueRequired\":true,\"valueName\":\"search_term_string\"}}],\"inLanguage\":\"fr-FR\"},{\"@type\":\"Organization\",\"@id\":\"https:\\\/\\\/www.webdo.tn\\\/fr\\\/#organization\",\"name\":\"Webdo\",\"alternateName\":\"Webdo.tn\",\"url\":\"https:\\\/\\\/www.webdo.tn\\\/fr\\\/\",\"logo\":{\"@type\":\"ImageObject\",\"inLanguage\":\"fr-FR\",\"@id\":\"https:\\\/\\\/www.webdo.tn\\\/fr\\\/#\\\/schema\\\/logo\\\/image\\\/\",\"url\":\"https:\\\/\\\/www.webdo.tn\\\/fr\\\/wp-content\\\/uploads\\\/2025\\\/06\\\/Webdo-Tunisie_168377.jpg\",\"contentUrl\":\"https:\\\/\\\/www.webdo.tn\\\/fr\\\/wp-content\\\/uploads\\\/2025\\\/06\\\/Webdo-Tunisie_168377.jpg\",\"width\":301,\"height\":301,\"caption\":\"Webdo\"},\"image\":{\"@id\":\"https:\\\/\\\/www.webdo.tn\\\/fr\\\/#\\\/schema\\\/logo\\\/image\\\/\"},\"sameAs\":[\"https:\\\/\\\/www.facebook.com\\\/webdotn\",\"https:\\\/\\\/x.com\\\/webdo_tn\"],\"description\":\"Webdo est un m\u00e9dia num\u00e9rique tunisien fond\u00e9 en 2010, sp\u00e9cialis\u00e9 dans l\u2019actualit\u00e9 nationale et internationale, l\u2019\u00e9conomie, la soci\u00e9t\u00e9 et les analyses politiques. Le site s\u2019adresse \u00e0 un large public francophone et couvre l\u2019information tunisienne en temps r\u00e9el.\",\"email\":\"redac@webdo.tn\",\"legalName\":\"YNJ SARL\",\"foundingDate\":\"2010-09-06\",\"numberOfEmployees\":{\"@type\":\"QuantitativeValue\",\"minValue\":\"11\",\"maxValue\":\"50\"}},{\"@type\":\"Person\",\"@id\":\"https:\\\/\\\/www.webdo.tn\\\/fr\\\/#\\\/schema\\\/person\\\/9a9c6118d687c117df8ef3cc36a4d175\",\"name\":\"webdo.tn\",\"image\":{\"@type\":\"ImageObject\",\"inLanguage\":\"fr-FR\",\"@id\":\"https:\\\/\\\/secure.gravatar.com\\\/avatar\\\/7ce1f28c0c3bbac99ff550b85ef8e44a6950c6ee24514fb6a5489e51d06f0298?s=96&d=mm&r=g\",\"url\":\"https:\\\/\\\/secure.gravatar.com\\\/avatar\\\/7ce1f28c0c3bbac99ff550b85ef8e44a6950c6ee24514fb6a5489e51d06f0298?s=96&d=mm&r=g\",\"contentUrl\":\"https:\\\/\\\/secure.gravatar.com\\\/avatar\\\/7ce1f28c0c3bbac99ff550b85ef8e44a6950c6ee24514fb6a5489e51d06f0298?s=96&d=mm&r=g\",\"caption\":\"webdo.tn\"},\"url\":\"https:\\\/\\\/www.webdo.tn\\\/fr\\\/actualite\\\/author\\\/webdotn\\\/\"}]}<\/script>\n<!-- \/ Yoast SEO Premium plugin. -->","yoast_head_json":{"title":"France : Daech revendique la d\u00e9capitation d'un homme en Is\u00e8re","description":"France : Daech revendique la d\u00e9capitation d'un homme en Is\u00e8re","canonical":"https:\/\/www.webdo.tn\/fr\/actualite\/international\/france-daech-revendique-la-decapitation-dun-homme-en-isere\/184087\/","og_locale":"fr_FR","og_type":"article","og_title":"France : Daech revendique la d\u00e9capitation d'un homme en Is\u00e8re","og_description":"France : Daech revendique la d\u00e9capitation d'un homme en Is\u00e8re","og_url":"https:\/\/www.webdo.tn\/fr\/actualite\/international\/france-daech-revendique-la-decapitation-dun-homme-en-isere\/184087\/","og_site_name":"webdo","article_publisher":"https:\/\/www.facebook.com\/webdotn","article_published_time":"2015-06-26T12:06:00+00:00","article_modified_time":"2025-05-22T12:54:56+00:00","og_image":[{"width":648,"height":415,"url":"https:\/\/www.webdo.tn\/fr\/wp-content\/uploads\/2015\/06\/648x415_entree-usine-air-products-saint-quentin-fallavier-isere.jpg","type":"image\/jpeg"}],"author":"webdo.tn","twitter_card":"summary_large_image","twitter_creator":"@webdo_tn","twitter_site":"@webdo_tn","twitter_misc":{"\u00c9crit par":"webdo.tn","Dur\u00e9e de lecture estim\u00e9e":"1 minute"},"schema":{"@context":"https:\/\/schema.org","@graph":[{"@type":"NewsArticle","@id":"https:\/\/www.webdo.tn\/fr\/actualite\/international\/france-daech-revendique-la-decapitation-dun-homme-en-isere\/184087\/#article","isPartOf":{"@id":"https:\/\/www.webdo.tn\/fr\/actualite\/international\/france-daech-revendique-la-decapitation-dun-homme-en-isere\/184087\/"},"author":{"name":"webdo.tn","@id":"https:\/\/www.webdo.tn\/fr\/#\/schema\/person\/9a9c6118d687c117df8ef3cc36a4d175"},"headline":"France : Daech revendique la d\u00e9capitation d&rsquo;un homme en Is\u00e8re","datePublished":"2015-06-26T12:06:00+00:00","dateModified":"2025-05-22T12:54:56+00:00","mainEntityOfPage":{"@id":"https:\/\/www.webdo.tn\/fr\/actualite\/international\/france-daech-revendique-la-decapitation-dun-homme-en-isere\/184087\/"},"wordCount":302,"commentCount":0,"publisher":{"@id":"https:\/\/www.webdo.tn\/fr\/#organization"},"image":{"@id":"https:\/\/www.webdo.tn\/fr\/actualite\/international\/france-daech-revendique-la-decapitation-dun-homme-en-isere\/184087\/#primaryimage"},"thumbnailUrl":"https:\/\/www.webdo.tn\/fr\/wp-content\/uploads\/2015\/06\/648x415_entree-usine-air-products-saint-quentin-fallavier-isere.jpg","articleSection":["International"],"inLanguage":"fr-FR"},{"@type":"WebPage","@id":"https:\/\/www.webdo.tn\/fr\/actualite\/international\/france-daech-revendique-la-decapitation-dun-homme-en-isere\/184087\/","url":"https:\/\/www.webdo.tn\/fr\/actualite\/international\/france-daech-revendique-la-decapitation-dun-homme-en-isere\/184087\/","name":"France : Daech revendique la d\u00e9capitation d'un homme en Is\u00e8re","isPartOf":{"@id":"https:\/\/www.webdo.tn\/fr\/#website"},"primaryImageOfPage":{"@id":"https:\/\/www.webdo.tn\/fr\/actualite\/international\/france-daech-revendique-la-decapitation-dun-homme-en-isere\/184087\/#primaryimage"},"image":{"@id":"https:\/\/www.webdo.tn\/fr\/actualite\/international\/france-daech-revendique-la-decapitation-dun-homme-en-isere\/184087\/#primaryimage"},"thumbnailUrl":"https:\/\/www.webdo.tn\/fr\/wp-content\/uploads\/2015\/06\/648x415_entree-usine-air-products-saint-quentin-fallavier-isere.jpg","datePublished":"2015-06-26T12:06:00+00:00","dateModified":"2025-05-22T12:54:56+00:00","description":"France : Daech revendique la d\u00e9capitation d'un homme en Is\u00e8re","breadcrumb":{"@id":"https:\/\/www.webdo.tn\/fr\/actualite\/international\/france-daech-revendique-la-decapitation-dun-homme-en-isere\/184087\/#breadcrumb"},"inLanguage":"fr-FR","potentialAction":[{"@type":"ReadAction","target":["https:\/\/www.webdo.tn\/fr\/actualite\/international\/france-daech-revendique-la-decapitation-dun-homme-en-isere\/184087\/"]}]},{"@type":"ImageObject","inLanguage":"fr-FR","@id":"https:\/\/www.webdo.tn\/fr\/actualite\/international\/france-daech-revendique-la-decapitation-dun-homme-en-isere\/184087\/#primaryimage","url":"https:\/\/www.webdo.tn\/fr\/wp-content\/uploads\/2015\/06\/648x415_entree-usine-air-products-saint-quentin-fallavier-isere.jpg","contentUrl":"https:\/\/www.webdo.tn\/fr\/wp-content\/uploads\/2015\/06\/648x415_entree-usine-air-products-saint-quentin-fallavier-isere.jpg","width":648,"height":415,"caption":"France : Daech revendique la d\u00e9capitation d'un homme en Is\u00e8re"},{"@type":"BreadcrumbList","@id":"https:\/\/www.webdo.tn\/fr\/actualite\/international\/france-daech-revendique-la-decapitation-dun-homme-en-isere\/184087\/#breadcrumb","itemListElement":[{"@type":"ListItem","position":1,"name":"Accueil","item":"https:\/\/www.webdo.tn\/fr\/"},{"@type":"ListItem","position":2,"name":"France : Daech revendique la d\u00e9capitation d&rsquo;un homme en Is\u00e8re"}]},{"@type":"WebSite","@id":"https:\/\/www.webdo.tn\/fr\/#website","url":"https:\/\/www.webdo.tn\/fr\/","name":"webdo","description":"Tunisie - News en Tunisie et \u00e0 l&#039;international sur Webdo.tn","publisher":{"@id":"https:\/\/www.webdo.tn\/fr\/#organization"},"potentialAction":[{"@type":"SearchAction","target":{"@type":"EntryPoint","urlTemplate":"https:\/\/www.webdo.tn\/fr\/?s={search_term_string}"},"query-input":{"@type":"PropertyValueSpecification","valueRequired":true,"valueName":"search_term_string"}}],"inLanguage":"fr-FR"},{"@type":"Organization","@id":"https:\/\/www.webdo.tn\/fr\/#organization","name":"Webdo","alternateName":"Webdo.tn","url":"https:\/\/www.webdo.tn\/fr\/","logo":{"@type":"ImageObject","inLanguage":"fr-FR","@id":"https:\/\/www.webdo.tn\/fr\/#\/schema\/logo\/image\/","url":"https:\/\/www.webdo.tn\/fr\/wp-content\/uploads\/2025\/06\/Webdo-Tunisie_168377.jpg","contentUrl":"https:\/\/www.webdo.tn\/fr\/wp-content\/uploads\/2025\/06\/Webdo-Tunisie_168377.jpg","width":301,"height":301,"caption":"Webdo"},"image":{"@id":"https:\/\/www.webdo.tn\/fr\/#\/schema\/logo\/image\/"},"sameAs":["https:\/\/www.facebook.com\/webdotn","https:\/\/x.com\/webdo_tn"],"description":"Webdo est un m\u00e9dia num\u00e9rique tunisien fond\u00e9 en 2010, sp\u00e9cialis\u00e9 dans l\u2019actualit\u00e9 nationale et internationale, l\u2019\u00e9conomie, la soci\u00e9t\u00e9 et les analyses politiques. Le site s\u2019adresse \u00e0 un large public francophone et couvre l\u2019information tunisienne en temps r\u00e9el.","email":"redac@webdo.tn","legalName":"YNJ SARL","foundingDate":"2010-09-06","numberOfEmployees":{"@type":"QuantitativeValue","minValue":"11","maxValue":"50"}},{"@type":"Person","@id":"https:\/\/www.webdo.tn\/fr\/#\/schema\/person\/9a9c6118d687c117df8ef3cc36a4d175","name":"webdo.tn","image":{"@type":"ImageObject","inLanguage":"fr-FR","@id":"https:\/\/secure.gravatar.com\/avatar\/7ce1f28c0c3bbac99ff550b85ef8e44a6950c6ee24514fb6a5489e51d06f0298?s=96&d=mm&r=g","url":"https:\/\/secure.gravatar.com\/avatar\/7ce1f28c0c3bbac99ff550b85ef8e44a6950c6ee24514fb6a5489e51d06f0298?s=96&d=mm&r=g","contentUrl":"https:\/\/secure.gravatar.com\/avatar\/7ce1f28c0c3bbac99ff550b85ef8e44a6950c6ee24514fb6a5489e51d06f0298?s=96&d=mm&r=g","caption":"webdo.tn"},"url":"https:\/\/www.webdo.tn\/fr\/actualite\/author\/webdotn\/"}]}},"_links":{"self":[{"href":"https:\/\/www.webdo.tn\/fr\/wp-json\/wp\/v2\/posts\/184087","targetHints":{"allow":["GET"]}}],"collection":[{"href":"https:\/\/www.webdo.tn\/fr\/wp-json\/wp\/v2\/posts"}],"about":[{"href":"https:\/\/www.webdo.tn\/fr\/wp-json\/wp\/v2\/types\/post"}],"author":[{"embeddable":true,"href":"https:\/\/www.webdo.tn\/fr\/wp-json\/wp\/v2\/users\/3222"}],"replies":[{"embeddable":true,"href":"https:\/\/www.webdo.tn\/fr\/wp-json\/wp\/v2\/comments?post=184087"}],"version-history":[{"count":0,"href":"https:\/\/www.webdo.tn\/fr\/wp-json\/wp\/v2\/posts\/184087\/revisions"}],"wp:featuredmedia":[{"embeddable":true,"href":"https:\/\/www.webdo.tn\/fr\/wp-json\/wp\/v2\/media\/351997"}],"wp:attachment":[{"href":"https:\/\/www.webdo.tn\/fr\/wp-json\/wp\/v2\/media?parent=184087"}],"wp:term":[{"taxonomy":"category","embeddable":true,"href":"https:\/\/www.webdo.tn\/fr\/wp-json\/wp\/v2\/categories?post=184087"},{"taxonomy":"post_tag","embeddable":true,"href":"https:\/\/www.webdo.tn\/fr\/wp-json\/wp\/v2\/tags?post=184087"}],"curies":[{"name":"wp","href":"https:\/\/api.w.org\/{rel}","templated":true}]}}