{"id":184086,"date":"2015-06-26T13:27:00","date_gmt":"2015-06-26T13:27:00","guid":{"rendered":"https:\/\/www.webdo.tn\/fr\/actualite\/blog\/explosion-dans-une-mosquee-au-koweit-au-moins-13-morts\/184086\/"},"modified":"2025-05-22T12:54:57","modified_gmt":"2025-05-22T12:54:57","slug":"explosion-dans-une-mosquee-au-koweit-au-moins-13-morts","status":"publish","type":"post","link":"https:\/\/www.webdo.tn\/fr\/actualite\/international\/explosion-dans-une-mosquee-au-koweit-au-moins-13-morts\/184086\/","title":{"rendered":"Explosion dans une mosqu\u00e9e au Kowe\u00eft : Au moins 25 morts et plus de 200 bless\u00e9s"},"content":{"rendered":"<p>Mise \u00e0 jour 16h20<br \/>\nAu moins 25 personnes aurait \u00e9t\u00e9 tu\u00e9es selon un nouveau bilan. Dans un communiqu\u00e9 le ministre de l&rsquo;Int\u00e9rieur a indiqu\u00e9 que le nombre de bless\u00e9s s&rsquo;\u00e9l\u00e8ve \u00e0 202.<\/p>\n<p>________________________________________________________________________________________________<\/p>\n<p>Un attentat a eu lieu dans une mosqu\u00e9e chiite au Kowe\u00eft ce vendredi 26 juin, pendant la pri\u00e8re hebdomadaire.<\/p>\n<p>#\u0627\u0644\u0643\u0648\u064a\u062a.. \u0642\u062a\u0644\u0649 \u0648\u0645\u0635\u0627\u0628\u0648\u0646 \u0641\u064a \u062a\u0641\u062c\u064a\u0631 \u0628\u0645\u0633\u062c\u062f http:\/\/t.co\/enrfJkQPpB pic.twitter.com\/pVfwaq1B5r<br \/>\n\u2014 Sky News Arabia (@skynewsarabia) 26 Juin 2015<\/p>\n<p>\u00a0<br \/>\nL&rsquo;explosion a eu lieu \u00e0 la mosqu\u00e9e Al-Imam al-Sadeq \u00e0 Kowe\u00eft city.\u00a0Selon une premi\u00e8re estimation, il y aurait 13 morts et une quinzaine de bless\u00e9s.<\/p>\n<p>\u0627\u0646\u0641\u062c\u0627\u0631 \u0641\u064a \u0645\u0633\u062c\u062f \u0641\u064a #\u0627\u0644\u0643\u0648\u064a\u062a \u0623\u062b\u0646\u0627\u0621 \u0635\u0644\u0627\u0629 \u0627\u0644\u062c\u0645\u0639\u0629 #\u062a\u0641\u062c\u064a\u0631_\u0645\u0633\u062c\u062f_\u0627\u0644\u0627\u0645\u0627\u0645_\u0627\u0644\u0635\u0627\u062f\u0642 http:\/\/t.co\/tDKMpGNKLx pic.twitter.com\/IOXsmsgA08<\/p>\n<p>\u2014 Akhbar | \u0623\u062e\u0628\u0627\u0631 \u0627\u0644\u0622\u0646 (@akhbar) 26 Juin 2015<\/p>\n","protected":false},"excerpt":{"rendered":"<p>Explosion dans une mosqu\u00e9e au Kowe\u00eft : Au moins 25 morts et plus de 200 bless\u00e9s<\/p>\n","protected":false},"author":3222,"featured_media":351999,"comment_status":"open","ping_status":"closed","sticky":false,"template":"","format":"standard","meta":{"footnotes":""},"categories":[2598],"tags":[],"class_list":["post-184086","post","type-post","status-publish","format-standard","has-post-thumbnail","hentry","category-international"],"yoast_head":"<!-- This site is optimized with the Yoast SEO Premium plugin v27.5 (Yoast SEO v27.5) - https:\/\/yoast.com\/product\/yoast-seo-premium-wordpress\/ -->\n<title>Explosion dans une mosqu\u00e9e au Kowe\u00eft : Au moins 25 morts et plus de 200 bless\u00e9s<\/title>\n<meta name=\"description\" content=\"Explosion dans une mosqu\u00e9e au Kowe\u00eft : Au moins 25 morts et plus de 200 bless\u00e9s\" \/>\n<link rel=\"canonical\" href=\"https:\/\/www.webdo.tn\/fr\/actualite\/international\/explosion-dans-une-mosquee-au-koweit-au-moins-13-morts\/184086\/\" \/>\n<meta property=\"og:locale\" content=\"fr_FR\" \/>\n<meta property=\"og:type\" content=\"article\" \/>\n<meta property=\"og:title\" content=\"Explosion dans une mosqu\u00e9e au Kowe\u00eft : Au moins 25 morts et plus de 200 bless\u00e9s\" \/>\n<meta property=\"og:description\" content=\"Explosion dans une mosqu\u00e9e au Kowe\u00eft : Au moins 25 morts et plus de 200 bless\u00e9s\" \/>\n<meta property=\"og:url\" content=\"https:\/\/www.webdo.tn\/fr\/actualite\/international\/explosion-dans-une-mosquee-au-koweit-au-moins-13-morts\/184086\/\" \/>\n<meta property=\"og:site_name\" content=\"webdo\" \/>\n<meta property=\"article:publisher\" content=\"https:\/\/www.facebook.com\/webdotn\" \/>\n<meta property=\"article:published_time\" content=\"2015-06-26T13:27:00+00:00\" \/>\n<meta property=\"article:modified_time\" content=\"2025-05-22T12:54:57+00:00\" \/>\n<meta property=\"og:image\" content=\"https:\/\/www.webdo.tn\/fr\/wp-content\/uploads\/2015\/06\/webdo_default-66.jpg\" \/>\n\t<meta property=\"og:image:width\" content=\"800\" \/>\n\t<meta property=\"og:image:height\" content=\"500\" \/>\n\t<meta property=\"og:image:type\" content=\"image\/jpeg\" \/>\n<meta name=\"author\" content=\"webdo.tn\" \/>\n<meta name=\"twitter:card\" content=\"summary_large_image\" \/>\n<meta name=\"twitter:creator\" content=\"@webdo_tn\" \/>\n<meta name=\"twitter:site\" content=\"@webdo_tn\" \/>\n<meta name=\"twitter:label1\" content=\"\u00c9crit par\" \/>\n\t<meta name=\"twitter:data1\" content=\"webdo.tn\" \/>\n\t<meta name=\"twitter:label2\" content=\"Dur\u00e9e de lecture estim\u00e9e\" \/>\n\t<meta name=\"twitter:data2\" content=\"1 minute\" \/>\n<script type=\"application\/ld+json\" class=\"yoast-schema-graph\">{\"@context\":\"https:\\\/\\\/schema.org\",\"@graph\":[{\"@type\":\"NewsArticle\",\"@id\":\"https:\\\/\\\/www.webdo.tn\\\/fr\\\/actualite\\\/international\\\/explosion-dans-une-mosquee-au-koweit-au-moins-13-morts\\\/184086\\\/#article\",\"isPartOf\":{\"@id\":\"https:\\\/\\\/www.webdo.tn\\\/fr\\\/actualite\\\/international\\\/explosion-dans-une-mosquee-au-koweit-au-moins-13-morts\\\/184086\\\/\"},\"author\":{\"name\":\"webdo.tn\",\"@id\":\"https:\\\/\\\/www.webdo.tn\\\/fr\\\/#\\\/schema\\\/person\\\/9a9c6118d687c117df8ef3cc36a4d175\"},\"headline\":\"Explosion dans une mosqu\u00e9e au Kowe\u00eft : Au moins 25 morts et plus de 200 bless\u00e9s\",\"datePublished\":\"2015-06-26T13:27:00+00:00\",\"dateModified\":\"2025-05-22T12:54:57+00:00\",\"mainEntityOfPage\":{\"@id\":\"https:\\\/\\\/www.webdo.tn\\\/fr\\\/actualite\\\/international\\\/explosion-dans-une-mosquee-au-koweit-au-moins-13-morts\\\/184086\\\/\"},\"wordCount\":125,\"commentCount\":0,\"publisher\":{\"@id\":\"https:\\\/\\\/www.webdo.tn\\\/fr\\\/#organization\"},\"image\":{\"@id\":\"https:\\\/\\\/www.webdo.tn\\\/fr\\\/actualite\\\/international\\\/explosion-dans-une-mosquee-au-koweit-au-moins-13-morts\\\/184086\\\/#primaryimage\"},\"thumbnailUrl\":\"https:\\\/\\\/www.webdo.tn\\\/fr\\\/wp-content\\\/uploads\\\/2015\\\/06\\\/webdo_default-66.jpg\",\"articleSection\":[\"International\"],\"inLanguage\":\"fr-FR\"},{\"@type\":\"WebPage\",\"@id\":\"https:\\\/\\\/www.webdo.tn\\\/fr\\\/actualite\\\/international\\\/explosion-dans-une-mosquee-au-koweit-au-moins-13-morts\\\/184086\\\/\",\"url\":\"https:\\\/\\\/www.webdo.tn\\\/fr\\\/actualite\\\/international\\\/explosion-dans-une-mosquee-au-koweit-au-moins-13-morts\\\/184086\\\/\",\"name\":\"Explosion dans une mosqu\u00e9e au Kowe\u00eft : Au moins 25 morts et plus de 200 bless\u00e9s\",\"isPartOf\":{\"@id\":\"https:\\\/\\\/www.webdo.tn\\\/fr\\\/#website\"},\"primaryImageOfPage\":{\"@id\":\"https:\\\/\\\/www.webdo.tn\\\/fr\\\/actualite\\\/international\\\/explosion-dans-une-mosquee-au-koweit-au-moins-13-morts\\\/184086\\\/#primaryimage\"},\"image\":{\"@id\":\"https:\\\/\\\/www.webdo.tn\\\/fr\\\/actualite\\\/international\\\/explosion-dans-une-mosquee-au-koweit-au-moins-13-morts\\\/184086\\\/#primaryimage\"},\"thumbnailUrl\":\"https:\\\/\\\/www.webdo.tn\\\/fr\\\/wp-content\\\/uploads\\\/2015\\\/06\\\/webdo_default-66.jpg\",\"datePublished\":\"2015-06-26T13:27:00+00:00\",\"dateModified\":\"2025-05-22T12:54:57+00:00\",\"description\":\"Explosion dans une mosqu\u00e9e au Kowe\u00eft : Au moins 25 morts et plus de 200 bless\u00e9s\",\"breadcrumb\":{\"@id\":\"https:\\\/\\\/www.webdo.tn\\\/fr\\\/actualite\\\/international\\\/explosion-dans-une-mosquee-au-koweit-au-moins-13-morts\\\/184086\\\/#breadcrumb\"},\"inLanguage\":\"fr-FR\",\"potentialAction\":[{\"@type\":\"ReadAction\",\"target\":[\"https:\\\/\\\/www.webdo.tn\\\/fr\\\/actualite\\\/international\\\/explosion-dans-une-mosquee-au-koweit-au-moins-13-morts\\\/184086\\\/\"]}]},{\"@type\":\"ImageObject\",\"inLanguage\":\"fr-FR\",\"@id\":\"https:\\\/\\\/www.webdo.tn\\\/fr\\\/actualite\\\/international\\\/explosion-dans-une-mosquee-au-koweit-au-moins-13-morts\\\/184086\\\/#primaryimage\",\"url\":\"https:\\\/\\\/www.webdo.tn\\\/fr\\\/wp-content\\\/uploads\\\/2015\\\/06\\\/webdo_default-66.jpg\",\"contentUrl\":\"https:\\\/\\\/www.webdo.tn\\\/fr\\\/wp-content\\\/uploads\\\/2015\\\/06\\\/webdo_default-66.jpg\",\"width\":800,\"height\":500,\"caption\":\"Explosion dans une mosqu\u00e9e au Kowe\u00eft : Au moins 25 morts et plus de 200 bless\u00e9s\"},{\"@type\":\"BreadcrumbList\",\"@id\":\"https:\\\/\\\/www.webdo.tn\\\/fr\\\/actualite\\\/international\\\/explosion-dans-une-mosquee-au-koweit-au-moins-13-morts\\\/184086\\\/#breadcrumb\",\"itemListElement\":[{\"@type\":\"ListItem\",\"position\":1,\"name\":\"Accueil\",\"item\":\"https:\\\/\\\/www.webdo.tn\\\/fr\\\/\"},{\"@type\":\"ListItem\",\"position\":2,\"name\":\"Explosion dans une mosqu\u00e9e au Kowe\u00eft : Au moins 25 morts et plus de 200 bless\u00e9s\"}]},{\"@type\":\"WebSite\",\"@id\":\"https:\\\/\\\/www.webdo.tn\\\/fr\\\/#website\",\"url\":\"https:\\\/\\\/www.webdo.tn\\\/fr\\\/\",\"name\":\"webdo\",\"description\":\"Tunisie - News en Tunisie et \u00e0 l&#039;international sur Webdo.tn\",\"publisher\":{\"@id\":\"https:\\\/\\\/www.webdo.tn\\\/fr\\\/#organization\"},\"potentialAction\":[{\"@type\":\"SearchAction\",\"target\":{\"@type\":\"EntryPoint\",\"urlTemplate\":\"https:\\\/\\\/www.webdo.tn\\\/fr\\\/?s={search_term_string}\"},\"query-input\":{\"@type\":\"PropertyValueSpecification\",\"valueRequired\":true,\"valueName\":\"search_term_string\"}}],\"inLanguage\":\"fr-FR\"},{\"@type\":\"Organization\",\"@id\":\"https:\\\/\\\/www.webdo.tn\\\/fr\\\/#organization\",\"name\":\"Webdo\",\"alternateName\":\"Webdo.tn\",\"url\":\"https:\\\/\\\/www.webdo.tn\\\/fr\\\/\",\"logo\":{\"@type\":\"ImageObject\",\"inLanguage\":\"fr-FR\",\"@id\":\"https:\\\/\\\/www.webdo.tn\\\/fr\\\/#\\\/schema\\\/logo\\\/image\\\/\",\"url\":\"https:\\\/\\\/www.webdo.tn\\\/fr\\\/wp-content\\\/uploads\\\/2025\\\/06\\\/Webdo-Tunisie_168377.jpg\",\"contentUrl\":\"https:\\\/\\\/www.webdo.tn\\\/fr\\\/wp-content\\\/uploads\\\/2025\\\/06\\\/Webdo-Tunisie_168377.jpg\",\"width\":301,\"height\":301,\"caption\":\"Webdo\"},\"image\":{\"@id\":\"https:\\\/\\\/www.webdo.tn\\\/fr\\\/#\\\/schema\\\/logo\\\/image\\\/\"},\"sameAs\":[\"https:\\\/\\\/www.facebook.com\\\/webdotn\",\"https:\\\/\\\/x.com\\\/webdo_tn\"],\"description\":\"Webdo est un m\u00e9dia num\u00e9rique tunisien fond\u00e9 en 2010, sp\u00e9cialis\u00e9 dans l\u2019actualit\u00e9 nationale et internationale, l\u2019\u00e9conomie, la soci\u00e9t\u00e9 et les analyses politiques. Le site s\u2019adresse \u00e0 un large public francophone et couvre l\u2019information tunisienne en temps r\u00e9el.\",\"email\":\"redac@webdo.tn\",\"legalName\":\"YNJ SARL\",\"foundingDate\":\"2010-09-06\",\"numberOfEmployees\":{\"@type\":\"QuantitativeValue\",\"minValue\":\"11\",\"maxValue\":\"50\"}},{\"@type\":\"Person\",\"@id\":\"https:\\\/\\\/www.webdo.tn\\\/fr\\\/#\\\/schema\\\/person\\\/9a9c6118d687c117df8ef3cc36a4d175\",\"name\":\"webdo.tn\",\"image\":{\"@type\":\"ImageObject\",\"inLanguage\":\"fr-FR\",\"@id\":\"https:\\\/\\\/secure.gravatar.com\\\/avatar\\\/7ce1f28c0c3bbac99ff550b85ef8e44a6950c6ee24514fb6a5489e51d06f0298?s=96&d=mm&r=g\",\"url\":\"https:\\\/\\\/secure.gravatar.com\\\/avatar\\\/7ce1f28c0c3bbac99ff550b85ef8e44a6950c6ee24514fb6a5489e51d06f0298?s=96&d=mm&r=g\",\"contentUrl\":\"https:\\\/\\\/secure.gravatar.com\\\/avatar\\\/7ce1f28c0c3bbac99ff550b85ef8e44a6950c6ee24514fb6a5489e51d06f0298?s=96&d=mm&r=g\",\"caption\":\"webdo.tn\"},\"url\":\"https:\\\/\\\/www.webdo.tn\\\/fr\\\/actualite\\\/author\\\/webdotn\\\/\"}]}<\/script>\n<!-- \/ Yoast SEO Premium plugin. -->","yoast_head_json":{"title":"Explosion dans une mosqu\u00e9e au Kowe\u00eft : Au moins 25 morts et plus de 200 bless\u00e9s","description":"Explosion dans une mosqu\u00e9e au Kowe\u00eft : Au moins 25 morts et plus de 200 bless\u00e9s","canonical":"https:\/\/www.webdo.tn\/fr\/actualite\/international\/explosion-dans-une-mosquee-au-koweit-au-moins-13-morts\/184086\/","og_locale":"fr_FR","og_type":"article","og_title":"Explosion dans une mosqu\u00e9e au Kowe\u00eft : Au moins 25 morts et plus de 200 bless\u00e9s","og_description":"Explosion dans une mosqu\u00e9e au Kowe\u00eft : Au moins 25 morts et plus de 200 bless\u00e9s","og_url":"https:\/\/www.webdo.tn\/fr\/actualite\/international\/explosion-dans-une-mosquee-au-koweit-au-moins-13-morts\/184086\/","og_site_name":"webdo","article_publisher":"https:\/\/www.facebook.com\/webdotn","article_published_time":"2015-06-26T13:27:00+00:00","article_modified_time":"2025-05-22T12:54:57+00:00","og_image":[{"width":800,"height":500,"url":"https:\/\/www.webdo.tn\/fr\/wp-content\/uploads\/2015\/06\/webdo_default-66.jpg","type":"image\/jpeg"}],"author":"webdo.tn","twitter_card":"summary_large_image","twitter_creator":"@webdo_tn","twitter_site":"@webdo_tn","twitter_misc":{"\u00c9crit par":"webdo.tn","Dur\u00e9e de lecture estim\u00e9e":"1 minute"},"schema":{"@context":"https:\/\/schema.org","@graph":[{"@type":"NewsArticle","@id":"https:\/\/www.webdo.tn\/fr\/actualite\/international\/explosion-dans-une-mosquee-au-koweit-au-moins-13-morts\/184086\/#article","isPartOf":{"@id":"https:\/\/www.webdo.tn\/fr\/actualite\/international\/explosion-dans-une-mosquee-au-koweit-au-moins-13-morts\/184086\/"},"author":{"name":"webdo.tn","@id":"https:\/\/www.webdo.tn\/fr\/#\/schema\/person\/9a9c6118d687c117df8ef3cc36a4d175"},"headline":"Explosion dans une mosqu\u00e9e au Kowe\u00eft : Au moins 25 morts et plus de 200 bless\u00e9s","datePublished":"2015-06-26T13:27:00+00:00","dateModified":"2025-05-22T12:54:57+00:00","mainEntityOfPage":{"@id":"https:\/\/www.webdo.tn\/fr\/actualite\/international\/explosion-dans-une-mosquee-au-koweit-au-moins-13-morts\/184086\/"},"wordCount":125,"commentCount":0,"publisher":{"@id":"https:\/\/www.webdo.tn\/fr\/#organization"},"image":{"@id":"https:\/\/www.webdo.tn\/fr\/actualite\/international\/explosion-dans-une-mosquee-au-koweit-au-moins-13-morts\/184086\/#primaryimage"},"thumbnailUrl":"https:\/\/www.webdo.tn\/fr\/wp-content\/uploads\/2015\/06\/webdo_default-66.jpg","articleSection":["International"],"inLanguage":"fr-FR"},{"@type":"WebPage","@id":"https:\/\/www.webdo.tn\/fr\/actualite\/international\/explosion-dans-une-mosquee-au-koweit-au-moins-13-morts\/184086\/","url":"https:\/\/www.webdo.tn\/fr\/actualite\/international\/explosion-dans-une-mosquee-au-koweit-au-moins-13-morts\/184086\/","name":"Explosion dans une mosqu\u00e9e au Kowe\u00eft : Au moins 25 morts et plus de 200 bless\u00e9s","isPartOf":{"@id":"https:\/\/www.webdo.tn\/fr\/#website"},"primaryImageOfPage":{"@id":"https:\/\/www.webdo.tn\/fr\/actualite\/international\/explosion-dans-une-mosquee-au-koweit-au-moins-13-morts\/184086\/#primaryimage"},"image":{"@id":"https:\/\/www.webdo.tn\/fr\/actualite\/international\/explosion-dans-une-mosquee-au-koweit-au-moins-13-morts\/184086\/#primaryimage"},"thumbnailUrl":"https:\/\/www.webdo.tn\/fr\/wp-content\/uploads\/2015\/06\/webdo_default-66.jpg","datePublished":"2015-06-26T13:27:00+00:00","dateModified":"2025-05-22T12:54:57+00:00","description":"Explosion dans une mosqu\u00e9e au Kowe\u00eft : Au moins 25 morts et plus de 200 bless\u00e9s","breadcrumb":{"@id":"https:\/\/www.webdo.tn\/fr\/actualite\/international\/explosion-dans-une-mosquee-au-koweit-au-moins-13-morts\/184086\/#breadcrumb"},"inLanguage":"fr-FR","potentialAction":[{"@type":"ReadAction","target":["https:\/\/www.webdo.tn\/fr\/actualite\/international\/explosion-dans-une-mosquee-au-koweit-au-moins-13-morts\/184086\/"]}]},{"@type":"ImageObject","inLanguage":"fr-FR","@id":"https:\/\/www.webdo.tn\/fr\/actualite\/international\/explosion-dans-une-mosquee-au-koweit-au-moins-13-morts\/184086\/#primaryimage","url":"https:\/\/www.webdo.tn\/fr\/wp-content\/uploads\/2015\/06\/webdo_default-66.jpg","contentUrl":"https:\/\/www.webdo.tn\/fr\/wp-content\/uploads\/2015\/06\/webdo_default-66.jpg","width":800,"height":500,"caption":"Explosion dans une mosqu\u00e9e au Kowe\u00eft : Au moins 25 morts et plus de 200 bless\u00e9s"},{"@type":"BreadcrumbList","@id":"https:\/\/www.webdo.tn\/fr\/actualite\/international\/explosion-dans-une-mosquee-au-koweit-au-moins-13-morts\/184086\/#breadcrumb","itemListElement":[{"@type":"ListItem","position":1,"name":"Accueil","item":"https:\/\/www.webdo.tn\/fr\/"},{"@type":"ListItem","position":2,"name":"Explosion dans une mosqu\u00e9e au Kowe\u00eft : Au moins 25 morts et plus de 200 bless\u00e9s"}]},{"@type":"WebSite","@id":"https:\/\/www.webdo.tn\/fr\/#website","url":"https:\/\/www.webdo.tn\/fr\/","name":"webdo","description":"Tunisie - News en Tunisie et \u00e0 l&#039;international sur Webdo.tn","publisher":{"@id":"https:\/\/www.webdo.tn\/fr\/#organization"},"potentialAction":[{"@type":"SearchAction","target":{"@type":"EntryPoint","urlTemplate":"https:\/\/www.webdo.tn\/fr\/?s={search_term_string}"},"query-input":{"@type":"PropertyValueSpecification","valueRequired":true,"valueName":"search_term_string"}}],"inLanguage":"fr-FR"},{"@type":"Organization","@id":"https:\/\/www.webdo.tn\/fr\/#organization","name":"Webdo","alternateName":"Webdo.tn","url":"https:\/\/www.webdo.tn\/fr\/","logo":{"@type":"ImageObject","inLanguage":"fr-FR","@id":"https:\/\/www.webdo.tn\/fr\/#\/schema\/logo\/image\/","url":"https:\/\/www.webdo.tn\/fr\/wp-content\/uploads\/2025\/06\/Webdo-Tunisie_168377.jpg","contentUrl":"https:\/\/www.webdo.tn\/fr\/wp-content\/uploads\/2025\/06\/Webdo-Tunisie_168377.jpg","width":301,"height":301,"caption":"Webdo"},"image":{"@id":"https:\/\/www.webdo.tn\/fr\/#\/schema\/logo\/image\/"},"sameAs":["https:\/\/www.facebook.com\/webdotn","https:\/\/x.com\/webdo_tn"],"description":"Webdo est un m\u00e9dia num\u00e9rique tunisien fond\u00e9 en 2010, sp\u00e9cialis\u00e9 dans l\u2019actualit\u00e9 nationale et internationale, l\u2019\u00e9conomie, la soci\u00e9t\u00e9 et les analyses politiques. Le site s\u2019adresse \u00e0 un large public francophone et couvre l\u2019information tunisienne en temps r\u00e9el.","email":"redac@webdo.tn","legalName":"YNJ SARL","foundingDate":"2010-09-06","numberOfEmployees":{"@type":"QuantitativeValue","minValue":"11","maxValue":"50"}},{"@type":"Person","@id":"https:\/\/www.webdo.tn\/fr\/#\/schema\/person\/9a9c6118d687c117df8ef3cc36a4d175","name":"webdo.tn","image":{"@type":"ImageObject","inLanguage":"fr-FR","@id":"https:\/\/secure.gravatar.com\/avatar\/7ce1f28c0c3bbac99ff550b85ef8e44a6950c6ee24514fb6a5489e51d06f0298?s=96&d=mm&r=g","url":"https:\/\/secure.gravatar.com\/avatar\/7ce1f28c0c3bbac99ff550b85ef8e44a6950c6ee24514fb6a5489e51d06f0298?s=96&d=mm&r=g","contentUrl":"https:\/\/secure.gravatar.com\/avatar\/7ce1f28c0c3bbac99ff550b85ef8e44a6950c6ee24514fb6a5489e51d06f0298?s=96&d=mm&r=g","caption":"webdo.tn"},"url":"https:\/\/www.webdo.tn\/fr\/actualite\/author\/webdotn\/"}]}},"_links":{"self":[{"href":"https:\/\/www.webdo.tn\/fr\/wp-json\/wp\/v2\/posts\/184086","targetHints":{"allow":["GET"]}}],"collection":[{"href":"https:\/\/www.webdo.tn\/fr\/wp-json\/wp\/v2\/posts"}],"about":[{"href":"https:\/\/www.webdo.tn\/fr\/wp-json\/wp\/v2\/types\/post"}],"author":[{"embeddable":true,"href":"https:\/\/www.webdo.tn\/fr\/wp-json\/wp\/v2\/users\/3222"}],"replies":[{"embeddable":true,"href":"https:\/\/www.webdo.tn\/fr\/wp-json\/wp\/v2\/comments?post=184086"}],"version-history":[{"count":0,"href":"https:\/\/www.webdo.tn\/fr\/wp-json\/wp\/v2\/posts\/184086\/revisions"}],"wp:featuredmedia":[{"embeddable":true,"href":"https:\/\/www.webdo.tn\/fr\/wp-json\/wp\/v2\/media\/351999"}],"wp:attachment":[{"href":"https:\/\/www.webdo.tn\/fr\/wp-json\/wp\/v2\/media?parent=184086"}],"wp:term":[{"taxonomy":"category","embeddable":true,"href":"https:\/\/www.webdo.tn\/fr\/wp-json\/wp\/v2\/categories?post=184086"},{"taxonomy":"post_tag","embeddable":true,"href":"https:\/\/www.webdo.tn\/fr\/wp-json\/wp\/v2\/tags?post=184086"}],"curies":[{"name":"wp","href":"https:\/\/api.w.org\/{rel}","templated":true}]}}