{"id":184085,"date":"2015-06-29T10:58:00","date_gmt":"2015-06-29T10:58:00","guid":{"rendered":"https:\/\/www.webdo.tn\/fr\/blog\/moncef-marzouki-arrete-a-bord-de-la-flottille-de-la-liberte-par-les-autorites-israeliennes\/184085\/"},"modified":"2025-05-19T10:13:01","modified_gmt":"2025-05-19T10:13:01","slug":"moncef-marzouki-arrete-a-bord-de-la-flottille-de-la-liberte-par-les-autorites-israeliennes","status":"publish","type":"post","link":"https:\/\/www.webdo.tn\/fr\/actualite\/international\/moncef-marzouki-arrete-a-bord-de-la-flottille-de-la-liberte-par-les-autorites-israeliennes\/184085\/","title":{"rendered":"Moncef Marzouki arr\u00eat\u00e9 \u00e0 bord de la flottille de la libert\u00e9 par les autorit\u00e9s isra\u00e9liennes"},"content":{"rendered":"<p>L&rsquo;ancien pr\u00e9sident provisoire tunisien, Moncef Marzouki, a \u00e9t\u00e9 arr\u00eat\u00e9 dans la matin\u00e9e du lundi 29 juin \u00e0 bord de la flottille de a libert\u00e9 III par les autorit\u00e9s isra\u00e9liennes.<\/p>\n<p>La flottille de la libert\u00e9 III \u00e9tait en partance de Gr\u00e8ce vers la bande de Gaza dans le but de briser le blocus isra\u00e9lien impos\u00e9 depuis 9 ans.<\/p>\n<p>La flottille a \u00e9t\u00e9 arr\u00eat\u00e9 \u00e0 environ 180 km de la bande Gaza et conduite au port isra\u00e9lien de Asdoud.<\/p>\n<p>La flottille Marianne a \u00e9t\u00e9 encercl\u00e9e par des navires de la marine isra\u00e9lienne\u00a0et des soldats auraient pris le contr\u00f4le et coup\u00e9 toute communication ext\u00e9rieure entre les membres de la flottille et le monde ext\u00e9rieur, a annonc\u00e9 la cha\u00eene qatarie Al Jazeera.<\/p>\n","protected":false},"excerpt":{"rendered":"<p>Moncef Marzouki arr\u00eat\u00e9 \u00e0 bord de la flottille de la libert\u00e9 par les autorit\u00e9s isra\u00e9liennes<\/p>\n","protected":false},"author":3222,"featured_media":329780,"comment_status":"open","ping_status":"closed","sticky":false,"template":"","format":"standard","meta":{"footnotes":""},"categories":[2598],"tags":[2600],"class_list":["post-184085","post","type-post","status-publish","format-standard","has-post-thumbnail","hentry","category-international","tag-guerre"],"yoast_head":"<!-- This site is optimized with the Yoast SEO Premium plugin v27.5 (Yoast SEO v27.5) - https:\/\/yoast.com\/product\/yoast-seo-premium-wordpress\/ -->\n<title>Moncef Marzouki arr\u00eat\u00e9 \u00e0 bord de la flottille de la libert\u00e9 par les autorit\u00e9s isra\u00e9liennes<\/title>\n<meta name=\"description\" content=\"Moncef Marzouki arr\u00eat\u00e9 \u00e0 bord de la flottille de la libert\u00e9 par les autorit\u00e9s isra\u00e9liennes\" \/>\n<link rel=\"canonical\" href=\"https:\/\/www.webdo.tn\/fr\/actualite\/international\/moncef-marzouki-arrete-a-bord-de-la-flottille-de-la-liberte-par-les-autorites-israeliennes\/184085\/\" \/>\n<meta property=\"og:locale\" content=\"fr_FR\" \/>\n<meta property=\"og:type\" content=\"article\" \/>\n<meta property=\"og:title\" content=\"Moncef Marzouki arr\u00eat\u00e9 \u00e0 bord de la flottille de la libert\u00e9 par les autorit\u00e9s isra\u00e9liennes\" \/>\n<meta property=\"og:description\" content=\"Moncef Marzouki arr\u00eat\u00e9 \u00e0 bord de la flottille de la libert\u00e9 par les autorit\u00e9s isra\u00e9liennes\" \/>\n<meta property=\"og:url\" content=\"https:\/\/www.webdo.tn\/fr\/actualite\/international\/moncef-marzouki-arrete-a-bord-de-la-flottille-de-la-liberte-par-les-autorites-israeliennes\/184085\/\" \/>\n<meta property=\"og:site_name\" content=\"webdo\" \/>\n<meta property=\"article:publisher\" content=\"https:\/\/www.facebook.com\/webdotn\" \/>\n<meta property=\"article:published_time\" content=\"2015-06-29T10:58:00+00:00\" \/>\n<meta property=\"article:modified_time\" content=\"2025-05-19T10:13:01+00:00\" \/>\n<meta property=\"og:image\" content=\"https:\/\/www.webdo.tn\/fr\/wp-content\/uploads\/2015\/06\/Moncef-Marzouki-e1435571850683.jpg\" \/>\n\t<meta property=\"og:image:width\" content=\"600\" \/>\n\t<meta property=\"og:image:height\" content=\"400\" \/>\n\t<meta property=\"og:image:type\" content=\"image\/jpeg\" \/>\n<meta name=\"author\" content=\"webdo.tn\" \/>\n<meta name=\"twitter:card\" content=\"summary_large_image\" \/>\n<meta name=\"twitter:creator\" content=\"@webdo_tn\" \/>\n<meta name=\"twitter:site\" content=\"@webdo_tn\" \/>\n<meta name=\"twitter:label1\" content=\"\u00c9crit par\" \/>\n\t<meta name=\"twitter:data1\" content=\"webdo.tn\" \/>\n\t<meta name=\"twitter:label2\" content=\"Dur\u00e9e de lecture estim\u00e9e\" \/>\n\t<meta name=\"twitter:data2\" content=\"1 minute\" \/>\n<script type=\"application\/ld+json\" class=\"yoast-schema-graph\">{\"@context\":\"https:\\\/\\\/schema.org\",\"@graph\":[{\"@type\":\"NewsArticle\",\"@id\":\"https:\\\/\\\/www.webdo.tn\\\/fr\\\/actualite\\\/international\\\/moncef-marzouki-arrete-a-bord-de-la-flottille-de-la-liberte-par-les-autorites-israeliennes\\\/184085\\\/#article\",\"isPartOf\":{\"@id\":\"https:\\\/\\\/www.webdo.tn\\\/fr\\\/actualite\\\/international\\\/moncef-marzouki-arrete-a-bord-de-la-flottille-de-la-liberte-par-les-autorites-israeliennes\\\/184085\\\/\"},\"author\":{\"name\":\"webdo.tn\",\"@id\":\"https:\\\/\\\/www.webdo.tn\\\/fr\\\/#\\\/schema\\\/person\\\/9a9c6118d687c117df8ef3cc36a4d175\"},\"headline\":\"Moncef Marzouki arr\u00eat\u00e9 \u00e0 bord de la flottille de la libert\u00e9 par les autorit\u00e9s isra\u00e9liennes\",\"datePublished\":\"2015-06-29T10:58:00+00:00\",\"dateModified\":\"2025-05-19T10:13:01+00:00\",\"mainEntityOfPage\":{\"@id\":\"https:\\\/\\\/www.webdo.tn\\\/fr\\\/actualite\\\/international\\\/moncef-marzouki-arrete-a-bord-de-la-flottille-de-la-liberte-par-les-autorites-israeliennes\\\/184085\\\/\"},\"wordCount\":147,\"commentCount\":0,\"publisher\":{\"@id\":\"https:\\\/\\\/www.webdo.tn\\\/fr\\\/#organization\"},\"image\":{\"@id\":\"https:\\\/\\\/www.webdo.tn\\\/fr\\\/actualite\\\/international\\\/moncef-marzouki-arrete-a-bord-de-la-flottille-de-la-liberte-par-les-autorites-israeliennes\\\/184085\\\/#primaryimage\"},\"thumbnailUrl\":\"https:\\\/\\\/www.webdo.tn\\\/fr\\\/wp-content\\\/uploads\\\/2015\\\/06\\\/Moncef-Marzouki-e1435571850683.jpg\",\"keywords\":[\"guerre\"],\"articleSection\":[\"International\"],\"inLanguage\":\"fr-FR\"},{\"@type\":\"WebPage\",\"@id\":\"https:\\\/\\\/www.webdo.tn\\\/fr\\\/actualite\\\/international\\\/moncef-marzouki-arrete-a-bord-de-la-flottille-de-la-liberte-par-les-autorites-israeliennes\\\/184085\\\/\",\"url\":\"https:\\\/\\\/www.webdo.tn\\\/fr\\\/actualite\\\/international\\\/moncef-marzouki-arrete-a-bord-de-la-flottille-de-la-liberte-par-les-autorites-israeliennes\\\/184085\\\/\",\"name\":\"Moncef Marzouki arr\u00eat\u00e9 \u00e0 bord de la flottille de la libert\u00e9 par les autorit\u00e9s isra\u00e9liennes\",\"isPartOf\":{\"@id\":\"https:\\\/\\\/www.webdo.tn\\\/fr\\\/#website\"},\"primaryImageOfPage\":{\"@id\":\"https:\\\/\\\/www.webdo.tn\\\/fr\\\/actualite\\\/international\\\/moncef-marzouki-arrete-a-bord-de-la-flottille-de-la-liberte-par-les-autorites-israeliennes\\\/184085\\\/#primaryimage\"},\"image\":{\"@id\":\"https:\\\/\\\/www.webdo.tn\\\/fr\\\/actualite\\\/international\\\/moncef-marzouki-arrete-a-bord-de-la-flottille-de-la-liberte-par-les-autorites-israeliennes\\\/184085\\\/#primaryimage\"},\"thumbnailUrl\":\"https:\\\/\\\/www.webdo.tn\\\/fr\\\/wp-content\\\/uploads\\\/2015\\\/06\\\/Moncef-Marzouki-e1435571850683.jpg\",\"datePublished\":\"2015-06-29T10:58:00+00:00\",\"dateModified\":\"2025-05-19T10:13:01+00:00\",\"description\":\"Moncef Marzouki arr\u00eat\u00e9 \u00e0 bord de la flottille de la libert\u00e9 par les autorit\u00e9s isra\u00e9liennes\",\"breadcrumb\":{\"@id\":\"https:\\\/\\\/www.webdo.tn\\\/fr\\\/actualite\\\/international\\\/moncef-marzouki-arrete-a-bord-de-la-flottille-de-la-liberte-par-les-autorites-israeliennes\\\/184085\\\/#breadcrumb\"},\"inLanguage\":\"fr-FR\",\"potentialAction\":[{\"@type\":\"ReadAction\",\"target\":[\"https:\\\/\\\/www.webdo.tn\\\/fr\\\/actualite\\\/international\\\/moncef-marzouki-arrete-a-bord-de-la-flottille-de-la-liberte-par-les-autorites-israeliennes\\\/184085\\\/\"]}]},{\"@type\":\"ImageObject\",\"inLanguage\":\"fr-FR\",\"@id\":\"https:\\\/\\\/www.webdo.tn\\\/fr\\\/actualite\\\/international\\\/moncef-marzouki-arrete-a-bord-de-la-flottille-de-la-liberte-par-les-autorites-israeliennes\\\/184085\\\/#primaryimage\",\"url\":\"https:\\\/\\\/www.webdo.tn\\\/fr\\\/wp-content\\\/uploads\\\/2015\\\/06\\\/Moncef-Marzouki-e1435571850683.jpg\",\"contentUrl\":\"https:\\\/\\\/www.webdo.tn\\\/fr\\\/wp-content\\\/uploads\\\/2015\\\/06\\\/Moncef-Marzouki-e1435571850683.jpg\",\"width\":600,\"height\":400,\"caption\":\"Moncef Marzouki arr\u00eat\u00e9 \u00e0 bord de la flottille de la libert\u00e9 par les autorit\u00e9s isra\u00e9liennes\"},{\"@type\":\"BreadcrumbList\",\"@id\":\"https:\\\/\\\/www.webdo.tn\\\/fr\\\/actualite\\\/international\\\/moncef-marzouki-arrete-a-bord-de-la-flottille-de-la-liberte-par-les-autorites-israeliennes\\\/184085\\\/#breadcrumb\",\"itemListElement\":[{\"@type\":\"ListItem\",\"position\":1,\"name\":\"Accueil\",\"item\":\"https:\\\/\\\/www.webdo.tn\\\/fr\\\/\"},{\"@type\":\"ListItem\",\"position\":2,\"name\":\"Moncef Marzouki arr\u00eat\u00e9 \u00e0 bord de la flottille de la libert\u00e9 par les autorit\u00e9s isra\u00e9liennes\"}]},{\"@type\":\"WebSite\",\"@id\":\"https:\\\/\\\/www.webdo.tn\\\/fr\\\/#website\",\"url\":\"https:\\\/\\\/www.webdo.tn\\\/fr\\\/\",\"name\":\"webdo\",\"description\":\"Tunisie - News en Tunisie et \u00e0 l&#039;international sur Webdo.tn\",\"publisher\":{\"@id\":\"https:\\\/\\\/www.webdo.tn\\\/fr\\\/#organization\"},\"potentialAction\":[{\"@type\":\"SearchAction\",\"target\":{\"@type\":\"EntryPoint\",\"urlTemplate\":\"https:\\\/\\\/www.webdo.tn\\\/fr\\\/?s={search_term_string}\"},\"query-input\":{\"@type\":\"PropertyValueSpecification\",\"valueRequired\":true,\"valueName\":\"search_term_string\"}}],\"inLanguage\":\"fr-FR\"},{\"@type\":\"Organization\",\"@id\":\"https:\\\/\\\/www.webdo.tn\\\/fr\\\/#organization\",\"name\":\"Webdo\",\"alternateName\":\"Webdo.tn\",\"url\":\"https:\\\/\\\/www.webdo.tn\\\/fr\\\/\",\"logo\":{\"@type\":\"ImageObject\",\"inLanguage\":\"fr-FR\",\"@id\":\"https:\\\/\\\/www.webdo.tn\\\/fr\\\/#\\\/schema\\\/logo\\\/image\\\/\",\"url\":\"https:\\\/\\\/www.webdo.tn\\\/fr\\\/wp-content\\\/uploads\\\/2025\\\/06\\\/Webdo-Tunisie_168377.jpg\",\"contentUrl\":\"https:\\\/\\\/www.webdo.tn\\\/fr\\\/wp-content\\\/uploads\\\/2025\\\/06\\\/Webdo-Tunisie_168377.jpg\",\"width\":301,\"height\":301,\"caption\":\"Webdo\"},\"image\":{\"@id\":\"https:\\\/\\\/www.webdo.tn\\\/fr\\\/#\\\/schema\\\/logo\\\/image\\\/\"},\"sameAs\":[\"https:\\\/\\\/www.facebook.com\\\/webdotn\",\"https:\\\/\\\/x.com\\\/webdo_tn\"],\"description\":\"Webdo est un m\u00e9dia num\u00e9rique tunisien fond\u00e9 en 2010, sp\u00e9cialis\u00e9 dans l\u2019actualit\u00e9 nationale et internationale, l\u2019\u00e9conomie, la soci\u00e9t\u00e9 et les analyses politiques. Le site s\u2019adresse \u00e0 un large public francophone et couvre l\u2019information tunisienne en temps r\u00e9el.\",\"email\":\"redac@webdo.tn\",\"legalName\":\"YNJ SARL\",\"foundingDate\":\"2010-09-06\",\"numberOfEmployees\":{\"@type\":\"QuantitativeValue\",\"minValue\":\"11\",\"maxValue\":\"50\"}},{\"@type\":\"Person\",\"@id\":\"https:\\\/\\\/www.webdo.tn\\\/fr\\\/#\\\/schema\\\/person\\\/9a9c6118d687c117df8ef3cc36a4d175\",\"name\":\"webdo.tn\",\"image\":{\"@type\":\"ImageObject\",\"inLanguage\":\"fr-FR\",\"@id\":\"https:\\\/\\\/secure.gravatar.com\\\/avatar\\\/7ce1f28c0c3bbac99ff550b85ef8e44a6950c6ee24514fb6a5489e51d06f0298?s=96&d=mm&r=g\",\"url\":\"https:\\\/\\\/secure.gravatar.com\\\/avatar\\\/7ce1f28c0c3bbac99ff550b85ef8e44a6950c6ee24514fb6a5489e51d06f0298?s=96&d=mm&r=g\",\"contentUrl\":\"https:\\\/\\\/secure.gravatar.com\\\/avatar\\\/7ce1f28c0c3bbac99ff550b85ef8e44a6950c6ee24514fb6a5489e51d06f0298?s=96&d=mm&r=g\",\"caption\":\"webdo.tn\"},\"url\":\"https:\\\/\\\/www.webdo.tn\\\/fr\\\/actualite\\\/author\\\/webdotn\\\/\"}]}<\/script>\n<!-- \/ Yoast SEO Premium plugin. -->","yoast_head_json":{"title":"Moncef Marzouki arr\u00eat\u00e9 \u00e0 bord de la flottille de la libert\u00e9 par les autorit\u00e9s isra\u00e9liennes","description":"Moncef Marzouki arr\u00eat\u00e9 \u00e0 bord de la flottille de la libert\u00e9 par les autorit\u00e9s isra\u00e9liennes","canonical":"https:\/\/www.webdo.tn\/fr\/actualite\/international\/moncef-marzouki-arrete-a-bord-de-la-flottille-de-la-liberte-par-les-autorites-israeliennes\/184085\/","og_locale":"fr_FR","og_type":"article","og_title":"Moncef Marzouki arr\u00eat\u00e9 \u00e0 bord de la flottille de la libert\u00e9 par les autorit\u00e9s isra\u00e9liennes","og_description":"Moncef Marzouki arr\u00eat\u00e9 \u00e0 bord de la flottille de la libert\u00e9 par les autorit\u00e9s isra\u00e9liennes","og_url":"https:\/\/www.webdo.tn\/fr\/actualite\/international\/moncef-marzouki-arrete-a-bord-de-la-flottille-de-la-liberte-par-les-autorites-israeliennes\/184085\/","og_site_name":"webdo","article_publisher":"https:\/\/www.facebook.com\/webdotn","article_published_time":"2015-06-29T10:58:00+00:00","article_modified_time":"2025-05-19T10:13:01+00:00","og_image":[{"width":600,"height":400,"url":"https:\/\/www.webdo.tn\/fr\/wp-content\/uploads\/2015\/06\/Moncef-Marzouki-e1435571850683.jpg","type":"image\/jpeg"}],"author":"webdo.tn","twitter_card":"summary_large_image","twitter_creator":"@webdo_tn","twitter_site":"@webdo_tn","twitter_misc":{"\u00c9crit par":"webdo.tn","Dur\u00e9e de lecture estim\u00e9e":"1 minute"},"schema":{"@context":"https:\/\/schema.org","@graph":[{"@type":"NewsArticle","@id":"https:\/\/www.webdo.tn\/fr\/actualite\/international\/moncef-marzouki-arrete-a-bord-de-la-flottille-de-la-liberte-par-les-autorites-israeliennes\/184085\/#article","isPartOf":{"@id":"https:\/\/www.webdo.tn\/fr\/actualite\/international\/moncef-marzouki-arrete-a-bord-de-la-flottille-de-la-liberte-par-les-autorites-israeliennes\/184085\/"},"author":{"name":"webdo.tn","@id":"https:\/\/www.webdo.tn\/fr\/#\/schema\/person\/9a9c6118d687c117df8ef3cc36a4d175"},"headline":"Moncef Marzouki arr\u00eat\u00e9 \u00e0 bord de la flottille de la libert\u00e9 par les autorit\u00e9s isra\u00e9liennes","datePublished":"2015-06-29T10:58:00+00:00","dateModified":"2025-05-19T10:13:01+00:00","mainEntityOfPage":{"@id":"https:\/\/www.webdo.tn\/fr\/actualite\/international\/moncef-marzouki-arrete-a-bord-de-la-flottille-de-la-liberte-par-les-autorites-israeliennes\/184085\/"},"wordCount":147,"commentCount":0,"publisher":{"@id":"https:\/\/www.webdo.tn\/fr\/#organization"},"image":{"@id":"https:\/\/www.webdo.tn\/fr\/actualite\/international\/moncef-marzouki-arrete-a-bord-de-la-flottille-de-la-liberte-par-les-autorites-israeliennes\/184085\/#primaryimage"},"thumbnailUrl":"https:\/\/www.webdo.tn\/fr\/wp-content\/uploads\/2015\/06\/Moncef-Marzouki-e1435571850683.jpg","keywords":["guerre"],"articleSection":["International"],"inLanguage":"fr-FR"},{"@type":"WebPage","@id":"https:\/\/www.webdo.tn\/fr\/actualite\/international\/moncef-marzouki-arrete-a-bord-de-la-flottille-de-la-liberte-par-les-autorites-israeliennes\/184085\/","url":"https:\/\/www.webdo.tn\/fr\/actualite\/international\/moncef-marzouki-arrete-a-bord-de-la-flottille-de-la-liberte-par-les-autorites-israeliennes\/184085\/","name":"Moncef Marzouki arr\u00eat\u00e9 \u00e0 bord de la flottille de la libert\u00e9 par les autorit\u00e9s isra\u00e9liennes","isPartOf":{"@id":"https:\/\/www.webdo.tn\/fr\/#website"},"primaryImageOfPage":{"@id":"https:\/\/www.webdo.tn\/fr\/actualite\/international\/moncef-marzouki-arrete-a-bord-de-la-flottille-de-la-liberte-par-les-autorites-israeliennes\/184085\/#primaryimage"},"image":{"@id":"https:\/\/www.webdo.tn\/fr\/actualite\/international\/moncef-marzouki-arrete-a-bord-de-la-flottille-de-la-liberte-par-les-autorites-israeliennes\/184085\/#primaryimage"},"thumbnailUrl":"https:\/\/www.webdo.tn\/fr\/wp-content\/uploads\/2015\/06\/Moncef-Marzouki-e1435571850683.jpg","datePublished":"2015-06-29T10:58:00+00:00","dateModified":"2025-05-19T10:13:01+00:00","description":"Moncef Marzouki arr\u00eat\u00e9 \u00e0 bord de la flottille de la libert\u00e9 par les autorit\u00e9s isra\u00e9liennes","breadcrumb":{"@id":"https:\/\/www.webdo.tn\/fr\/actualite\/international\/moncef-marzouki-arrete-a-bord-de-la-flottille-de-la-liberte-par-les-autorites-israeliennes\/184085\/#breadcrumb"},"inLanguage":"fr-FR","potentialAction":[{"@type":"ReadAction","target":["https:\/\/www.webdo.tn\/fr\/actualite\/international\/moncef-marzouki-arrete-a-bord-de-la-flottille-de-la-liberte-par-les-autorites-israeliennes\/184085\/"]}]},{"@type":"ImageObject","inLanguage":"fr-FR","@id":"https:\/\/www.webdo.tn\/fr\/actualite\/international\/moncef-marzouki-arrete-a-bord-de-la-flottille-de-la-liberte-par-les-autorites-israeliennes\/184085\/#primaryimage","url":"https:\/\/www.webdo.tn\/fr\/wp-content\/uploads\/2015\/06\/Moncef-Marzouki-e1435571850683.jpg","contentUrl":"https:\/\/www.webdo.tn\/fr\/wp-content\/uploads\/2015\/06\/Moncef-Marzouki-e1435571850683.jpg","width":600,"height":400,"caption":"Moncef Marzouki arr\u00eat\u00e9 \u00e0 bord de la flottille de la libert\u00e9 par les autorit\u00e9s isra\u00e9liennes"},{"@type":"BreadcrumbList","@id":"https:\/\/www.webdo.tn\/fr\/actualite\/international\/moncef-marzouki-arrete-a-bord-de-la-flottille-de-la-liberte-par-les-autorites-israeliennes\/184085\/#breadcrumb","itemListElement":[{"@type":"ListItem","position":1,"name":"Accueil","item":"https:\/\/www.webdo.tn\/fr\/"},{"@type":"ListItem","position":2,"name":"Moncef Marzouki arr\u00eat\u00e9 \u00e0 bord de la flottille de la libert\u00e9 par les autorit\u00e9s isra\u00e9liennes"}]},{"@type":"WebSite","@id":"https:\/\/www.webdo.tn\/fr\/#website","url":"https:\/\/www.webdo.tn\/fr\/","name":"webdo","description":"Tunisie - News en Tunisie et \u00e0 l&#039;international sur Webdo.tn","publisher":{"@id":"https:\/\/www.webdo.tn\/fr\/#organization"},"potentialAction":[{"@type":"SearchAction","target":{"@type":"EntryPoint","urlTemplate":"https:\/\/www.webdo.tn\/fr\/?s={search_term_string}"},"query-input":{"@type":"PropertyValueSpecification","valueRequired":true,"valueName":"search_term_string"}}],"inLanguage":"fr-FR"},{"@type":"Organization","@id":"https:\/\/www.webdo.tn\/fr\/#organization","name":"Webdo","alternateName":"Webdo.tn","url":"https:\/\/www.webdo.tn\/fr\/","logo":{"@type":"ImageObject","inLanguage":"fr-FR","@id":"https:\/\/www.webdo.tn\/fr\/#\/schema\/logo\/image\/","url":"https:\/\/www.webdo.tn\/fr\/wp-content\/uploads\/2025\/06\/Webdo-Tunisie_168377.jpg","contentUrl":"https:\/\/www.webdo.tn\/fr\/wp-content\/uploads\/2025\/06\/Webdo-Tunisie_168377.jpg","width":301,"height":301,"caption":"Webdo"},"image":{"@id":"https:\/\/www.webdo.tn\/fr\/#\/schema\/logo\/image\/"},"sameAs":["https:\/\/www.facebook.com\/webdotn","https:\/\/x.com\/webdo_tn"],"description":"Webdo est un m\u00e9dia num\u00e9rique tunisien fond\u00e9 en 2010, sp\u00e9cialis\u00e9 dans l\u2019actualit\u00e9 nationale et internationale, l\u2019\u00e9conomie, la soci\u00e9t\u00e9 et les analyses politiques. Le site s\u2019adresse \u00e0 un large public francophone et couvre l\u2019information tunisienne en temps r\u00e9el.","email":"redac@webdo.tn","legalName":"YNJ SARL","foundingDate":"2010-09-06","numberOfEmployees":{"@type":"QuantitativeValue","minValue":"11","maxValue":"50"}},{"@type":"Person","@id":"https:\/\/www.webdo.tn\/fr\/#\/schema\/person\/9a9c6118d687c117df8ef3cc36a4d175","name":"webdo.tn","image":{"@type":"ImageObject","inLanguage":"fr-FR","@id":"https:\/\/secure.gravatar.com\/avatar\/7ce1f28c0c3bbac99ff550b85ef8e44a6950c6ee24514fb6a5489e51d06f0298?s=96&d=mm&r=g","url":"https:\/\/secure.gravatar.com\/avatar\/7ce1f28c0c3bbac99ff550b85ef8e44a6950c6ee24514fb6a5489e51d06f0298?s=96&d=mm&r=g","contentUrl":"https:\/\/secure.gravatar.com\/avatar\/7ce1f28c0c3bbac99ff550b85ef8e44a6950c6ee24514fb6a5489e51d06f0298?s=96&d=mm&r=g","caption":"webdo.tn"},"url":"https:\/\/www.webdo.tn\/fr\/actualite\/author\/webdotn\/"}]}},"_links":{"self":[{"href":"https:\/\/www.webdo.tn\/fr\/wp-json\/wp\/v2\/posts\/184085","targetHints":{"allow":["GET"]}}],"collection":[{"href":"https:\/\/www.webdo.tn\/fr\/wp-json\/wp\/v2\/posts"}],"about":[{"href":"https:\/\/www.webdo.tn\/fr\/wp-json\/wp\/v2\/types\/post"}],"author":[{"embeddable":true,"href":"https:\/\/www.webdo.tn\/fr\/wp-json\/wp\/v2\/users\/3222"}],"replies":[{"embeddable":true,"href":"https:\/\/www.webdo.tn\/fr\/wp-json\/wp\/v2\/comments?post=184085"}],"version-history":[{"count":0,"href":"https:\/\/www.webdo.tn\/fr\/wp-json\/wp\/v2\/posts\/184085\/revisions"}],"wp:featuredmedia":[{"embeddable":true,"href":"https:\/\/www.webdo.tn\/fr\/wp-json\/wp\/v2\/media\/329780"}],"wp:attachment":[{"href":"https:\/\/www.webdo.tn\/fr\/wp-json\/wp\/v2\/media?parent=184085"}],"wp:term":[{"taxonomy":"category","embeddable":true,"href":"https:\/\/www.webdo.tn\/fr\/wp-json\/wp\/v2\/categories?post=184085"},{"taxonomy":"post_tag","embeddable":true,"href":"https:\/\/www.webdo.tn\/fr\/wp-json\/wp\/v2\/tags?post=184085"}],"curies":[{"name":"wp","href":"https:\/\/api.w.org\/{rel}","templated":true}]}}