{"id":184084,"date":"2015-06-29T11:26:00","date_gmt":"2015-06-29T11:26:00","guid":{"rendered":"https:\/\/www.webdo.tn\/fr\/blog\/le-drapeau-britannique-en-berne-en-hommage-aux-victimes-de-lattaque-de-sousse\/184084\/"},"modified":"2015-06-29T11:26:00","modified_gmt":"2015-06-29T11:26:00","slug":"le-drapeau-britannique-en-berne-en-hommage-aux-victimes-de-lattaque-de-sousse","status":"publish","type":"post","link":"https:\/\/www.webdo.tn\/fr\/actualite\/international\/le-drapeau-britannique-en-berne-en-hommage-aux-victimes-de-lattaque-de-sousse\/184084\/","title":{"rendered":"Le drapeau Britannique en berne en hommage aux victimes de l&rsquo;attaque de Sousse"},"content":{"rendered":"<p>Les autorit\u00e9s britanniques ont d\u00e9cid\u00e9 de mettre le drapeau britannique en berne en hommage aux victimes britanniques de l&rsquo;attaque de Sousse survenue vendredi 26 juin.<\/p>\n<p>Foreign Office flag lowered to half-mast in London in memory of the victims of Friday\u2019s terrorist attack in #Tunisia pic.twitter.com\/yAVhy6z890<br \/>\n\u2014 Foreign Office (FCO) (@foreignoffice) 28 Juin 2015<\/p>\n<p>15 touristes britanniques\u00a0ont trouv\u00e9 la mort et 25 autres ont \u00e9t\u00e9 bless\u00e9s apr\u00e8s que le terroriste Seifeddine Rezgui a ouvert le feu du c\u00f4t\u00e9 de l&rsquo;h\u00f4tel Imperial Marhaba \u00e0 Sousse avant qu&rsquo;il ne soit tu\u00e9 par les forces de l&rsquo;ordre.<\/p>\n<p>La Reine de Grande Bretagne, Elizabeth II, choqu\u00e9e par cette attaque terroriste, est sortie de son silence, apr\u00e8s cette deuxi\u00e8me trag\u00e9die mortelle visant des citoyens britanniques, pr\u00e9sentant ses condol\u00e9ances aux familles des victimes\u00a0annon\u00e7ant que ses pens\u00e9es et pri\u00e8res sont \u00e9galement avec les pays touch\u00e9es par cette terrible trag\u00e9die.<\/p>\n<p>A message from Her Majesty The Queen in the wake of the #Sousse #Tunisia attack. http:\/\/t.co\/dsRPVDoBZU pic.twitter.com\/6B3rHuz7PT<\/p>\n<p>\u2014 BritishMonarchy (@BritishMonarchy) 28 Juin 2015<\/p>\n<p>La Grande Bretagne a aussit\u00f4t envoy\u00e9 28 experts pour soutenir les citoyens britanniques encore pr\u00e9sents en Tunisie.<\/p>\n<p>The UK has sent 28 experts to provide support on the ground in #Tunisia including FCO Rapid Deployment Teams, @BritishRedCross &amp; @DefenceHQ<br \/>\n\u2014 Foreign Office (FCO) (@foreignoffice) 28 Juin 2015<\/p>\n<p>Le premier ministre britannique David Cameron a d\u00e9clar\u00e9 ce lundi 29 juin que \u00ab\u00a0cette attaque est horrifiante et qu&rsquo;elle a choqu\u00e9 le monde entier\u00a0\u00bb d\u00e9clarant que \u00ab\u00a0l&rsquo;Etat islamique est une culture de mort toxique&#8230; Je pense qu&rsquo;on peut le\u00a0battre.\u00a0\u00bb<\/p>\n<p>\ud83d\udcfb @David_Cameron: IS is a \u00ab\u00a0poisonous death cult\u00a0\u00bb .. \u00ab\u00a0I believe we will beat it\u00a0\u00bb @Number10gov<\/p>\n<p>\u2014 BBC Radio 4 Today (@BBCr4today) 29 Juin 2015<\/p>\n","protected":false},"excerpt":{"rendered":"<p>Le drapeau Britannique en berne en hommage aux victimes de l&rsquo;attaque de Sousse<\/p>\n","protected":false},"author":3222,"featured_media":329782,"comment_status":"open","ping_status":"closed","sticky":false,"template":"","format":"standard","meta":{"footnotes":""},"categories":[2598],"tags":[2600],"class_list":["post-184084","post","type-post","status-publish","format-standard","has-post-thumbnail","hentry","category-international","tag-guerre"],"yoast_head":"<!-- This site is optimized with the Yoast SEO Premium plugin v27.5 (Yoast SEO v27.5) - https:\/\/yoast.com\/product\/yoast-seo-premium-wordpress\/ -->\n<title>Le drapeau Britannique en berne en hommage aux victimes de l&#039;attaque de Sousse<\/title>\n<meta name=\"description\" content=\"Le drapeau Britannique en berne en hommage aux victimes de l&#039;attaque de Sousse\" \/>\n<link rel=\"canonical\" href=\"https:\/\/www.webdo.tn\/fr\/actualite\/international\/le-drapeau-britannique-en-berne-en-hommage-aux-victimes-de-lattaque-de-sousse\/184084\/\" \/>\n<meta property=\"og:locale\" content=\"fr_FR\" \/>\n<meta property=\"og:type\" content=\"article\" \/>\n<meta property=\"og:title\" content=\"Le drapeau Britannique en berne en hommage aux victimes de l&#039;attaque de Sousse\" \/>\n<meta property=\"og:description\" content=\"Le drapeau Britannique en berne en hommage aux victimes de l&#039;attaque de Sousse\" \/>\n<meta property=\"og:url\" content=\"https:\/\/www.webdo.tn\/fr\/actualite\/international\/le-drapeau-britannique-en-berne-en-hommage-aux-victimes-de-lattaque-de-sousse\/184084\/\" \/>\n<meta property=\"og:site_name\" content=\"webdo\" \/>\n<meta property=\"article:publisher\" content=\"https:\/\/www.facebook.com\/webdotn\" \/>\n<meta property=\"article:published_time\" content=\"2015-06-29T11:26:00+00:00\" \/>\n<meta property=\"og:image\" content=\"https:\/\/www.webdo.tn\/fr\/wp-content\/uploads\/2015\/06\/webdo_default-29.jpg\" \/>\n\t<meta property=\"og:image:width\" content=\"800\" \/>\n\t<meta property=\"og:image:height\" content=\"500\" \/>\n\t<meta property=\"og:image:type\" content=\"image\/jpeg\" \/>\n<meta name=\"author\" content=\"webdo.tn\" \/>\n<meta name=\"twitter:card\" content=\"summary_large_image\" \/>\n<meta name=\"twitter:creator\" content=\"@webdo_tn\" \/>\n<meta name=\"twitter:site\" content=\"@webdo_tn\" \/>\n<meta name=\"twitter:label1\" content=\"\u00c9crit par\" \/>\n\t<meta name=\"twitter:data1\" content=\"webdo.tn\" \/>\n\t<meta name=\"twitter:label2\" content=\"Dur\u00e9e de lecture estim\u00e9e\" \/>\n\t<meta name=\"twitter:data2\" content=\"1 minute\" \/>\n<script type=\"application\/ld+json\" class=\"yoast-schema-graph\">{\"@context\":\"https:\\\/\\\/schema.org\",\"@graph\":[{\"@type\":\"NewsArticle\",\"@id\":\"https:\\\/\\\/www.webdo.tn\\\/fr\\\/actualite\\\/international\\\/le-drapeau-britannique-en-berne-en-hommage-aux-victimes-de-lattaque-de-sousse\\\/184084\\\/#article\",\"isPartOf\":{\"@id\":\"https:\\\/\\\/www.webdo.tn\\\/fr\\\/actualite\\\/international\\\/le-drapeau-britannique-en-berne-en-hommage-aux-victimes-de-lattaque-de-sousse\\\/184084\\\/\"},\"author\":{\"name\":\"webdo.tn\",\"@id\":\"https:\\\/\\\/www.webdo.tn\\\/fr\\\/#\\\/schema\\\/person\\\/9a9c6118d687c117df8ef3cc36a4d175\"},\"headline\":\"Le drapeau Britannique en berne en hommage aux victimes de l&rsquo;attaque de Sousse\",\"datePublished\":\"2015-06-29T11:26:00+00:00\",\"mainEntityOfPage\":{\"@id\":\"https:\\\/\\\/www.webdo.tn\\\/fr\\\/actualite\\\/international\\\/le-drapeau-britannique-en-berne-en-hommage-aux-victimes-de-lattaque-de-sousse\\\/184084\\\/\"},\"wordCount\":314,\"commentCount\":0,\"publisher\":{\"@id\":\"https:\\\/\\\/www.webdo.tn\\\/fr\\\/#organization\"},\"image\":{\"@id\":\"https:\\\/\\\/www.webdo.tn\\\/fr\\\/actualite\\\/international\\\/le-drapeau-britannique-en-berne-en-hommage-aux-victimes-de-lattaque-de-sousse\\\/184084\\\/#primaryimage\"},\"thumbnailUrl\":\"https:\\\/\\\/www.webdo.tn\\\/fr\\\/wp-content\\\/uploads\\\/2015\\\/06\\\/webdo_default-29.jpg\",\"keywords\":[\"guerre\"],\"articleSection\":[\"International\"],\"inLanguage\":\"fr-FR\"},{\"@type\":\"WebPage\",\"@id\":\"https:\\\/\\\/www.webdo.tn\\\/fr\\\/actualite\\\/international\\\/le-drapeau-britannique-en-berne-en-hommage-aux-victimes-de-lattaque-de-sousse\\\/184084\\\/\",\"url\":\"https:\\\/\\\/www.webdo.tn\\\/fr\\\/actualite\\\/international\\\/le-drapeau-britannique-en-berne-en-hommage-aux-victimes-de-lattaque-de-sousse\\\/184084\\\/\",\"name\":\"Le drapeau Britannique en berne en hommage aux victimes de l'attaque de Sousse\",\"isPartOf\":{\"@id\":\"https:\\\/\\\/www.webdo.tn\\\/fr\\\/#website\"},\"primaryImageOfPage\":{\"@id\":\"https:\\\/\\\/www.webdo.tn\\\/fr\\\/actualite\\\/international\\\/le-drapeau-britannique-en-berne-en-hommage-aux-victimes-de-lattaque-de-sousse\\\/184084\\\/#primaryimage\"},\"image\":{\"@id\":\"https:\\\/\\\/www.webdo.tn\\\/fr\\\/actualite\\\/international\\\/le-drapeau-britannique-en-berne-en-hommage-aux-victimes-de-lattaque-de-sousse\\\/184084\\\/#primaryimage\"},\"thumbnailUrl\":\"https:\\\/\\\/www.webdo.tn\\\/fr\\\/wp-content\\\/uploads\\\/2015\\\/06\\\/webdo_default-29.jpg\",\"datePublished\":\"2015-06-29T11:26:00+00:00\",\"description\":\"Le drapeau Britannique en berne en hommage aux victimes de l'attaque de Sousse\",\"breadcrumb\":{\"@id\":\"https:\\\/\\\/www.webdo.tn\\\/fr\\\/actualite\\\/international\\\/le-drapeau-britannique-en-berne-en-hommage-aux-victimes-de-lattaque-de-sousse\\\/184084\\\/#breadcrumb\"},\"inLanguage\":\"fr-FR\",\"potentialAction\":[{\"@type\":\"ReadAction\",\"target\":[\"https:\\\/\\\/www.webdo.tn\\\/fr\\\/actualite\\\/international\\\/le-drapeau-britannique-en-berne-en-hommage-aux-victimes-de-lattaque-de-sousse\\\/184084\\\/\"]}]},{\"@type\":\"ImageObject\",\"inLanguage\":\"fr-FR\",\"@id\":\"https:\\\/\\\/www.webdo.tn\\\/fr\\\/actualite\\\/international\\\/le-drapeau-britannique-en-berne-en-hommage-aux-victimes-de-lattaque-de-sousse\\\/184084\\\/#primaryimage\",\"url\":\"https:\\\/\\\/www.webdo.tn\\\/fr\\\/wp-content\\\/uploads\\\/2015\\\/06\\\/webdo_default-29.jpg\",\"contentUrl\":\"https:\\\/\\\/www.webdo.tn\\\/fr\\\/wp-content\\\/uploads\\\/2015\\\/06\\\/webdo_default-29.jpg\",\"width\":800,\"height\":500,\"caption\":\"Le drapeau Britannique en berne en hommage aux victimes de l'attaque de Sousse\"},{\"@type\":\"BreadcrumbList\",\"@id\":\"https:\\\/\\\/www.webdo.tn\\\/fr\\\/actualite\\\/international\\\/le-drapeau-britannique-en-berne-en-hommage-aux-victimes-de-lattaque-de-sousse\\\/184084\\\/#breadcrumb\",\"itemListElement\":[{\"@type\":\"ListItem\",\"position\":1,\"name\":\"Accueil\",\"item\":\"https:\\\/\\\/www.webdo.tn\\\/fr\\\/\"},{\"@type\":\"ListItem\",\"position\":2,\"name\":\"Le drapeau Britannique en berne en hommage aux victimes de l&rsquo;attaque de Sousse\"}]},{\"@type\":\"WebSite\",\"@id\":\"https:\\\/\\\/www.webdo.tn\\\/fr\\\/#website\",\"url\":\"https:\\\/\\\/www.webdo.tn\\\/fr\\\/\",\"name\":\"webdo\",\"description\":\"Tunisie - News en Tunisie et \u00e0 l&#039;international sur Webdo.tn\",\"publisher\":{\"@id\":\"https:\\\/\\\/www.webdo.tn\\\/fr\\\/#organization\"},\"potentialAction\":[{\"@type\":\"SearchAction\",\"target\":{\"@type\":\"EntryPoint\",\"urlTemplate\":\"https:\\\/\\\/www.webdo.tn\\\/fr\\\/?s={search_term_string}\"},\"query-input\":{\"@type\":\"PropertyValueSpecification\",\"valueRequired\":true,\"valueName\":\"search_term_string\"}}],\"inLanguage\":\"fr-FR\"},{\"@type\":\"Organization\",\"@id\":\"https:\\\/\\\/www.webdo.tn\\\/fr\\\/#organization\",\"name\":\"Webdo\",\"alternateName\":\"Webdo.tn\",\"url\":\"https:\\\/\\\/www.webdo.tn\\\/fr\\\/\",\"logo\":{\"@type\":\"ImageObject\",\"inLanguage\":\"fr-FR\",\"@id\":\"https:\\\/\\\/www.webdo.tn\\\/fr\\\/#\\\/schema\\\/logo\\\/image\\\/\",\"url\":\"https:\\\/\\\/www.webdo.tn\\\/fr\\\/wp-content\\\/uploads\\\/2025\\\/06\\\/Webdo-Tunisie_168377.jpg\",\"contentUrl\":\"https:\\\/\\\/www.webdo.tn\\\/fr\\\/wp-content\\\/uploads\\\/2025\\\/06\\\/Webdo-Tunisie_168377.jpg\",\"width\":301,\"height\":301,\"caption\":\"Webdo\"},\"image\":{\"@id\":\"https:\\\/\\\/www.webdo.tn\\\/fr\\\/#\\\/schema\\\/logo\\\/image\\\/\"},\"sameAs\":[\"https:\\\/\\\/www.facebook.com\\\/webdotn\",\"https:\\\/\\\/x.com\\\/webdo_tn\"],\"description\":\"Webdo est un m\u00e9dia num\u00e9rique tunisien fond\u00e9 en 2010, sp\u00e9cialis\u00e9 dans l\u2019actualit\u00e9 nationale et internationale, l\u2019\u00e9conomie, la soci\u00e9t\u00e9 et les analyses politiques. Le site s\u2019adresse \u00e0 un large public francophone et couvre l\u2019information tunisienne en temps r\u00e9el.\",\"email\":\"redac@webdo.tn\",\"legalName\":\"YNJ SARL\",\"foundingDate\":\"2010-09-06\",\"numberOfEmployees\":{\"@type\":\"QuantitativeValue\",\"minValue\":\"11\",\"maxValue\":\"50\"}},{\"@type\":\"Person\",\"@id\":\"https:\\\/\\\/www.webdo.tn\\\/fr\\\/#\\\/schema\\\/person\\\/9a9c6118d687c117df8ef3cc36a4d175\",\"name\":\"webdo.tn\",\"image\":{\"@type\":\"ImageObject\",\"inLanguage\":\"fr-FR\",\"@id\":\"https:\\\/\\\/secure.gravatar.com\\\/avatar\\\/7ce1f28c0c3bbac99ff550b85ef8e44a6950c6ee24514fb6a5489e51d06f0298?s=96&d=mm&r=g\",\"url\":\"https:\\\/\\\/secure.gravatar.com\\\/avatar\\\/7ce1f28c0c3bbac99ff550b85ef8e44a6950c6ee24514fb6a5489e51d06f0298?s=96&d=mm&r=g\",\"contentUrl\":\"https:\\\/\\\/secure.gravatar.com\\\/avatar\\\/7ce1f28c0c3bbac99ff550b85ef8e44a6950c6ee24514fb6a5489e51d06f0298?s=96&d=mm&r=g\",\"caption\":\"webdo.tn\"},\"url\":\"https:\\\/\\\/www.webdo.tn\\\/fr\\\/actualite\\\/author\\\/webdotn\\\/\"}]}<\/script>\n<!-- \/ Yoast SEO Premium plugin. -->","yoast_head_json":{"title":"Le drapeau Britannique en berne en hommage aux victimes de l'attaque de Sousse","description":"Le drapeau Britannique en berne en hommage aux victimes de l'attaque de Sousse","canonical":"https:\/\/www.webdo.tn\/fr\/actualite\/international\/le-drapeau-britannique-en-berne-en-hommage-aux-victimes-de-lattaque-de-sousse\/184084\/","og_locale":"fr_FR","og_type":"article","og_title":"Le drapeau Britannique en berne en hommage aux victimes de l'attaque de Sousse","og_description":"Le drapeau Britannique en berne en hommage aux victimes de l'attaque de Sousse","og_url":"https:\/\/www.webdo.tn\/fr\/actualite\/international\/le-drapeau-britannique-en-berne-en-hommage-aux-victimes-de-lattaque-de-sousse\/184084\/","og_site_name":"webdo","article_publisher":"https:\/\/www.facebook.com\/webdotn","article_published_time":"2015-06-29T11:26:00+00:00","og_image":[{"width":800,"height":500,"url":"https:\/\/www.webdo.tn\/fr\/wp-content\/uploads\/2015\/06\/webdo_default-29.jpg","type":"image\/jpeg"}],"author":"webdo.tn","twitter_card":"summary_large_image","twitter_creator":"@webdo_tn","twitter_site":"@webdo_tn","twitter_misc":{"\u00c9crit par":"webdo.tn","Dur\u00e9e de lecture estim\u00e9e":"1 minute"},"schema":{"@context":"https:\/\/schema.org","@graph":[{"@type":"NewsArticle","@id":"https:\/\/www.webdo.tn\/fr\/actualite\/international\/le-drapeau-britannique-en-berne-en-hommage-aux-victimes-de-lattaque-de-sousse\/184084\/#article","isPartOf":{"@id":"https:\/\/www.webdo.tn\/fr\/actualite\/international\/le-drapeau-britannique-en-berne-en-hommage-aux-victimes-de-lattaque-de-sousse\/184084\/"},"author":{"name":"webdo.tn","@id":"https:\/\/www.webdo.tn\/fr\/#\/schema\/person\/9a9c6118d687c117df8ef3cc36a4d175"},"headline":"Le drapeau Britannique en berne en hommage aux victimes de l&rsquo;attaque de Sousse","datePublished":"2015-06-29T11:26:00+00:00","mainEntityOfPage":{"@id":"https:\/\/www.webdo.tn\/fr\/actualite\/international\/le-drapeau-britannique-en-berne-en-hommage-aux-victimes-de-lattaque-de-sousse\/184084\/"},"wordCount":314,"commentCount":0,"publisher":{"@id":"https:\/\/www.webdo.tn\/fr\/#organization"},"image":{"@id":"https:\/\/www.webdo.tn\/fr\/actualite\/international\/le-drapeau-britannique-en-berne-en-hommage-aux-victimes-de-lattaque-de-sousse\/184084\/#primaryimage"},"thumbnailUrl":"https:\/\/www.webdo.tn\/fr\/wp-content\/uploads\/2015\/06\/webdo_default-29.jpg","keywords":["guerre"],"articleSection":["International"],"inLanguage":"fr-FR"},{"@type":"WebPage","@id":"https:\/\/www.webdo.tn\/fr\/actualite\/international\/le-drapeau-britannique-en-berne-en-hommage-aux-victimes-de-lattaque-de-sousse\/184084\/","url":"https:\/\/www.webdo.tn\/fr\/actualite\/international\/le-drapeau-britannique-en-berne-en-hommage-aux-victimes-de-lattaque-de-sousse\/184084\/","name":"Le drapeau Britannique en berne en hommage aux victimes de l'attaque de Sousse","isPartOf":{"@id":"https:\/\/www.webdo.tn\/fr\/#website"},"primaryImageOfPage":{"@id":"https:\/\/www.webdo.tn\/fr\/actualite\/international\/le-drapeau-britannique-en-berne-en-hommage-aux-victimes-de-lattaque-de-sousse\/184084\/#primaryimage"},"image":{"@id":"https:\/\/www.webdo.tn\/fr\/actualite\/international\/le-drapeau-britannique-en-berne-en-hommage-aux-victimes-de-lattaque-de-sousse\/184084\/#primaryimage"},"thumbnailUrl":"https:\/\/www.webdo.tn\/fr\/wp-content\/uploads\/2015\/06\/webdo_default-29.jpg","datePublished":"2015-06-29T11:26:00+00:00","description":"Le drapeau Britannique en berne en hommage aux victimes de l'attaque de Sousse","breadcrumb":{"@id":"https:\/\/www.webdo.tn\/fr\/actualite\/international\/le-drapeau-britannique-en-berne-en-hommage-aux-victimes-de-lattaque-de-sousse\/184084\/#breadcrumb"},"inLanguage":"fr-FR","potentialAction":[{"@type":"ReadAction","target":["https:\/\/www.webdo.tn\/fr\/actualite\/international\/le-drapeau-britannique-en-berne-en-hommage-aux-victimes-de-lattaque-de-sousse\/184084\/"]}]},{"@type":"ImageObject","inLanguage":"fr-FR","@id":"https:\/\/www.webdo.tn\/fr\/actualite\/international\/le-drapeau-britannique-en-berne-en-hommage-aux-victimes-de-lattaque-de-sousse\/184084\/#primaryimage","url":"https:\/\/www.webdo.tn\/fr\/wp-content\/uploads\/2015\/06\/webdo_default-29.jpg","contentUrl":"https:\/\/www.webdo.tn\/fr\/wp-content\/uploads\/2015\/06\/webdo_default-29.jpg","width":800,"height":500,"caption":"Le drapeau Britannique en berne en hommage aux victimes de l'attaque de Sousse"},{"@type":"BreadcrumbList","@id":"https:\/\/www.webdo.tn\/fr\/actualite\/international\/le-drapeau-britannique-en-berne-en-hommage-aux-victimes-de-lattaque-de-sousse\/184084\/#breadcrumb","itemListElement":[{"@type":"ListItem","position":1,"name":"Accueil","item":"https:\/\/www.webdo.tn\/fr\/"},{"@type":"ListItem","position":2,"name":"Le drapeau Britannique en berne en hommage aux victimes de l&rsquo;attaque de Sousse"}]},{"@type":"WebSite","@id":"https:\/\/www.webdo.tn\/fr\/#website","url":"https:\/\/www.webdo.tn\/fr\/","name":"webdo","description":"Tunisie - News en Tunisie et \u00e0 l&#039;international sur Webdo.tn","publisher":{"@id":"https:\/\/www.webdo.tn\/fr\/#organization"},"potentialAction":[{"@type":"SearchAction","target":{"@type":"EntryPoint","urlTemplate":"https:\/\/www.webdo.tn\/fr\/?s={search_term_string}"},"query-input":{"@type":"PropertyValueSpecification","valueRequired":true,"valueName":"search_term_string"}}],"inLanguage":"fr-FR"},{"@type":"Organization","@id":"https:\/\/www.webdo.tn\/fr\/#organization","name":"Webdo","alternateName":"Webdo.tn","url":"https:\/\/www.webdo.tn\/fr\/","logo":{"@type":"ImageObject","inLanguage":"fr-FR","@id":"https:\/\/www.webdo.tn\/fr\/#\/schema\/logo\/image\/","url":"https:\/\/www.webdo.tn\/fr\/wp-content\/uploads\/2025\/06\/Webdo-Tunisie_168377.jpg","contentUrl":"https:\/\/www.webdo.tn\/fr\/wp-content\/uploads\/2025\/06\/Webdo-Tunisie_168377.jpg","width":301,"height":301,"caption":"Webdo"},"image":{"@id":"https:\/\/www.webdo.tn\/fr\/#\/schema\/logo\/image\/"},"sameAs":["https:\/\/www.facebook.com\/webdotn","https:\/\/x.com\/webdo_tn"],"description":"Webdo est un m\u00e9dia num\u00e9rique tunisien fond\u00e9 en 2010, sp\u00e9cialis\u00e9 dans l\u2019actualit\u00e9 nationale et internationale, l\u2019\u00e9conomie, la soci\u00e9t\u00e9 et les analyses politiques. Le site s\u2019adresse \u00e0 un large public francophone et couvre l\u2019information tunisienne en temps r\u00e9el.","email":"redac@webdo.tn","legalName":"YNJ SARL","foundingDate":"2010-09-06","numberOfEmployees":{"@type":"QuantitativeValue","minValue":"11","maxValue":"50"}},{"@type":"Person","@id":"https:\/\/www.webdo.tn\/fr\/#\/schema\/person\/9a9c6118d687c117df8ef3cc36a4d175","name":"webdo.tn","image":{"@type":"ImageObject","inLanguage":"fr-FR","@id":"https:\/\/secure.gravatar.com\/avatar\/7ce1f28c0c3bbac99ff550b85ef8e44a6950c6ee24514fb6a5489e51d06f0298?s=96&d=mm&r=g","url":"https:\/\/secure.gravatar.com\/avatar\/7ce1f28c0c3bbac99ff550b85ef8e44a6950c6ee24514fb6a5489e51d06f0298?s=96&d=mm&r=g","contentUrl":"https:\/\/secure.gravatar.com\/avatar\/7ce1f28c0c3bbac99ff550b85ef8e44a6950c6ee24514fb6a5489e51d06f0298?s=96&d=mm&r=g","caption":"webdo.tn"},"url":"https:\/\/www.webdo.tn\/fr\/actualite\/author\/webdotn\/"}]}},"_links":{"self":[{"href":"https:\/\/www.webdo.tn\/fr\/wp-json\/wp\/v2\/posts\/184084","targetHints":{"allow":["GET"]}}],"collection":[{"href":"https:\/\/www.webdo.tn\/fr\/wp-json\/wp\/v2\/posts"}],"about":[{"href":"https:\/\/www.webdo.tn\/fr\/wp-json\/wp\/v2\/types\/post"}],"author":[{"embeddable":true,"href":"https:\/\/www.webdo.tn\/fr\/wp-json\/wp\/v2\/users\/3222"}],"replies":[{"embeddable":true,"href":"https:\/\/www.webdo.tn\/fr\/wp-json\/wp\/v2\/comments?post=184084"}],"version-history":[{"count":0,"href":"https:\/\/www.webdo.tn\/fr\/wp-json\/wp\/v2\/posts\/184084\/revisions"}],"wp:featuredmedia":[{"embeddable":true,"href":"https:\/\/www.webdo.tn\/fr\/wp-json\/wp\/v2\/media\/329782"}],"wp:attachment":[{"href":"https:\/\/www.webdo.tn\/fr\/wp-json\/wp\/v2\/media?parent=184084"}],"wp:term":[{"taxonomy":"category","embeddable":true,"href":"https:\/\/www.webdo.tn\/fr\/wp-json\/wp\/v2\/categories?post=184084"},{"taxonomy":"post_tag","embeddable":true,"href":"https:\/\/www.webdo.tn\/fr\/wp-json\/wp\/v2\/tags?post=184084"}],"curies":[{"name":"wp","href":"https:\/\/api.w.org\/{rel}","templated":true}]}}