{"id":184083,"date":"2015-06-29T17:22:00","date_gmt":"2015-06-29T17:22:00","guid":{"rendered":"https:\/\/www.webdo.tn\/fr\/blog\/attentat-de-sousse-une-minute-de-silence-sera-observee-en-grande-bretagne-vendredi-3-juillet\/184083\/"},"modified":"2015-06-29T17:22:00","modified_gmt":"2015-06-29T17:22:00","slug":"attentat-de-sousse-une-minute-de-silence-sera-observee-en-grande-bretagne-vendredi-3-juillet","status":"publish","type":"post","link":"https:\/\/www.webdo.tn\/fr\/actualite\/international\/attentat-de-sousse-une-minute-de-silence-sera-observee-en-grande-bretagne-vendredi-3-juillet\/184083\/","title":{"rendered":"Attentat de Sousse : Une minute de silence sera observ\u00e9e en Grande Bretagne vendredi 3 juillet"},"content":{"rendered":"<p>\u00ab\u00a0Une minute de silence sera observ\u00e9e en Grande Bretagne ce vendredi 3 juillet\u00a0\u00bb en hommage aux 38 victimes dont la majorit\u00e9 sont des britanniques, a d\u00e9clar\u00e9 ce lundi le premier ministre britannique David Cameron.<\/p>\n<p>\u00ab\u00a0L&rsquo;hommage aux victimes aura lieu vers midi ce vendredi, une semaine apr\u00e8s la terrible massacre \u00e0 la plage de Sousse qui a fait une dizaine de victimes britanniques\u00a0\u00bb, a rajout\u00e9 le premier ministre.<br \/>\nLes morts seront rapatri\u00e9s par la Royal Air Force<br \/>\nLors de son intervention ce lundi 29 juin devant la chambre des communes, David Cameron est revenu sur les faits qui ont eu vendredi dernier \u00e0 Sousse durant lesquels Seifeddine Rezgui, un \u00e9tudiant tunisien de 24 ans avait ouvert le feu sur des touristes \u00e0 l&rsquo;h\u00f4tel Imperial Marhaba \u00e0 Sousse faisant 38 morts dans la plupart des britanniques.La premi\u00e8re priorit\u00e9 du gouvernement britannique selon Mr Cameron est de rapatrier les victimes et les bless\u00e9s britanniques en Grande Bretagne et r\u00e9colter plus de preuves de ce qui s&rsquo;est r\u00e9ellement pass\u00e9.<\/p>\n<p>[pull_quote_center]La Royal Air Force assurera le rapatriement des citoyens britanniques morts lors de cette attaque d\u00e8s que le processus d&rsquo;identification des victimes touche \u00e0 son terme.[\/pull_quote_center]<\/p>\n<p>David Cameron a rajout\u00e9 que plus de 20 avions ont rapatri\u00e9 depuis vendredi les touristes britanniques et que 380 agents de l&rsquo;anti-terrorisme et locaux les ont accueilli dans les a\u00e9roports britanniques \u00e0 leur retour.<br \/>\nAider la Tunisie \u00e0 renforcer sa s\u00e9curit\u00e9Le premier ministre britannique aurait discut\u00e9 ce weekend avec le pr\u00e9sident fran\u00e7ais Fran\u00e7ois Hollande et la chanceli\u00e8re allemande Angela Merkel ainsi que le premier ministre belge Charles Michel. Ils sont tomb\u00e9s d&rsquo;accord sur le fait d&rsquo;aider la Tunisie \u00e0 renforcer sa s\u00e9curit\u00e9.<\/p>\n<p>[pull_quote_center]\u00a0\u00bbNos ambassadeurs ont rencontr\u00e9 hier les autorit\u00e9s tunisiennes pour mettre cet accord en action notamment en renfor\u00e7ant les dispositifs de s\u00e9curit\u00e9 et de protection dans les zones c\u00f4ti\u00e8res.\u00a0\u00bb[\/pull_quote_center]<\/p>\n<p>Les ministres de l&rsquo;int\u00e9rieur britannique, fran\u00e7ais et allemand \u00e9taient en visite en Tunisie ce lundi 29 juin et ont rendu hommage aux victimes de l&rsquo;attaque de Sousse.<\/p>\n","protected":false},"excerpt":{"rendered":"<p>Attentat de Sousse : Une minute de silence sera observ\u00e9e en Grande Bretagne vendredi 3 juillet<\/p>\n","protected":false},"author":3222,"featured_media":335997,"comment_status":"open","ping_status":"closed","sticky":false,"template":"","format":"standard","meta":{"footnotes":""},"categories":[2598],"tags":[2600],"class_list":["post-184083","post","type-post","status-publish","format-standard","has-post-thumbnail","hentry","category-international","tag-guerre"],"yoast_head":"<!-- This site is optimized with the Yoast SEO Premium plugin v27.5 (Yoast SEO v27.5) - https:\/\/yoast.com\/product\/yoast-seo-premium-wordpress\/ -->\n<title>Attentat de Sousse : Une minute de silence sera observ\u00e9e en Grande Bretagne vendredi 3 juillet<\/title>\n<meta name=\"description\" content=\"Attentat de Sousse : Une minute de silence sera observ\u00e9e en Grande Bretagne vendredi 3 juillet\" \/>\n<link rel=\"canonical\" href=\"https:\/\/www.webdo.tn\/fr\/actualite\/international\/attentat-de-sousse-une-minute-de-silence-sera-observee-en-grande-bretagne-vendredi-3-juillet\/184083\/\" \/>\n<meta property=\"og:locale\" content=\"fr_FR\" \/>\n<meta property=\"og:type\" content=\"article\" \/>\n<meta property=\"og:title\" content=\"Attentat de Sousse : Une minute de silence sera observ\u00e9e en Grande Bretagne vendredi 3 juillet\" \/>\n<meta property=\"og:description\" content=\"Attentat de Sousse : Une minute de silence sera observ\u00e9e en Grande Bretagne vendredi 3 juillet\" \/>\n<meta property=\"og:url\" content=\"https:\/\/www.webdo.tn\/fr\/actualite\/international\/attentat-de-sousse-une-minute-de-silence-sera-observee-en-grande-bretagne-vendredi-3-juillet\/184083\/\" \/>\n<meta property=\"og:site_name\" content=\"webdo\" \/>\n<meta property=\"article:publisher\" content=\"https:\/\/www.facebook.com\/webdotn\" \/>\n<meta property=\"article:published_time\" content=\"2015-06-29T17:22:00+00:00\" \/>\n<meta property=\"og:image\" content=\"https:\/\/www.webdo.tn\/fr\/wp-content\/uploads\/2015\/06\/IMG_0492-e1435594780902.jpg\" \/>\n\t<meta property=\"og:image:width\" content=\"600\" \/>\n\t<meta property=\"og:image:height\" content=\"400\" \/>\n\t<meta property=\"og:image:type\" content=\"image\/jpeg\" \/>\n<meta name=\"author\" content=\"webdo.tn\" \/>\n<meta name=\"twitter:card\" content=\"summary_large_image\" \/>\n<meta name=\"twitter:creator\" content=\"@webdo_tn\" \/>\n<meta name=\"twitter:site\" content=\"@webdo_tn\" \/>\n<meta name=\"twitter:label1\" content=\"\u00c9crit par\" \/>\n\t<meta name=\"twitter:data1\" content=\"webdo.tn\" \/>\n\t<meta name=\"twitter:label2\" content=\"Dur\u00e9e de lecture estim\u00e9e\" \/>\n\t<meta name=\"twitter:data2\" content=\"2 minutes\" \/>\n<script type=\"application\/ld+json\" class=\"yoast-schema-graph\">{\"@context\":\"https:\\\/\\\/schema.org\",\"@graph\":[{\"@type\":\"NewsArticle\",\"@id\":\"https:\\\/\\\/www.webdo.tn\\\/fr\\\/actualite\\\/international\\\/attentat-de-sousse-une-minute-de-silence-sera-observee-en-grande-bretagne-vendredi-3-juillet\\\/184083\\\/#article\",\"isPartOf\":{\"@id\":\"https:\\\/\\\/www.webdo.tn\\\/fr\\\/actualite\\\/international\\\/attentat-de-sousse-une-minute-de-silence-sera-observee-en-grande-bretagne-vendredi-3-juillet\\\/184083\\\/\"},\"author\":{\"name\":\"webdo.tn\",\"@id\":\"https:\\\/\\\/www.webdo.tn\\\/fr\\\/#\\\/schema\\\/person\\\/9a9c6118d687c117df8ef3cc36a4d175\"},\"headline\":\"Attentat de Sousse : Une minute de silence sera observ\u00e9e en Grande Bretagne vendredi 3 juillet\",\"datePublished\":\"2015-06-29T17:22:00+00:00\",\"mainEntityOfPage\":{\"@id\":\"https:\\\/\\\/www.webdo.tn\\\/fr\\\/actualite\\\/international\\\/attentat-de-sousse-une-minute-de-silence-sera-observee-en-grande-bretagne-vendredi-3-juillet\\\/184083\\\/\"},\"wordCount\":375,\"commentCount\":0,\"publisher\":{\"@id\":\"https:\\\/\\\/www.webdo.tn\\\/fr\\\/#organization\"},\"image\":{\"@id\":\"https:\\\/\\\/www.webdo.tn\\\/fr\\\/actualite\\\/international\\\/attentat-de-sousse-une-minute-de-silence-sera-observee-en-grande-bretagne-vendredi-3-juillet\\\/184083\\\/#primaryimage\"},\"thumbnailUrl\":\"https:\\\/\\\/www.webdo.tn\\\/fr\\\/wp-content\\\/uploads\\\/2015\\\/06\\\/IMG_0492-e1435594780902.jpg\",\"keywords\":[\"guerre\"],\"articleSection\":[\"International\"],\"inLanguage\":\"fr-FR\"},{\"@type\":\"WebPage\",\"@id\":\"https:\\\/\\\/www.webdo.tn\\\/fr\\\/actualite\\\/international\\\/attentat-de-sousse-une-minute-de-silence-sera-observee-en-grande-bretagne-vendredi-3-juillet\\\/184083\\\/\",\"url\":\"https:\\\/\\\/www.webdo.tn\\\/fr\\\/actualite\\\/international\\\/attentat-de-sousse-une-minute-de-silence-sera-observee-en-grande-bretagne-vendredi-3-juillet\\\/184083\\\/\",\"name\":\"Attentat de Sousse : Une minute de silence sera observ\u00e9e en Grande Bretagne vendredi 3 juillet\",\"isPartOf\":{\"@id\":\"https:\\\/\\\/www.webdo.tn\\\/fr\\\/#website\"},\"primaryImageOfPage\":{\"@id\":\"https:\\\/\\\/www.webdo.tn\\\/fr\\\/actualite\\\/international\\\/attentat-de-sousse-une-minute-de-silence-sera-observee-en-grande-bretagne-vendredi-3-juillet\\\/184083\\\/#primaryimage\"},\"image\":{\"@id\":\"https:\\\/\\\/www.webdo.tn\\\/fr\\\/actualite\\\/international\\\/attentat-de-sousse-une-minute-de-silence-sera-observee-en-grande-bretagne-vendredi-3-juillet\\\/184083\\\/#primaryimage\"},\"thumbnailUrl\":\"https:\\\/\\\/www.webdo.tn\\\/fr\\\/wp-content\\\/uploads\\\/2015\\\/06\\\/IMG_0492-e1435594780902.jpg\",\"datePublished\":\"2015-06-29T17:22:00+00:00\",\"description\":\"Attentat de Sousse : Une minute de silence sera observ\u00e9e en Grande Bretagne vendredi 3 juillet\",\"breadcrumb\":{\"@id\":\"https:\\\/\\\/www.webdo.tn\\\/fr\\\/actualite\\\/international\\\/attentat-de-sousse-une-minute-de-silence-sera-observee-en-grande-bretagne-vendredi-3-juillet\\\/184083\\\/#breadcrumb\"},\"inLanguage\":\"fr-FR\",\"potentialAction\":[{\"@type\":\"ReadAction\",\"target\":[\"https:\\\/\\\/www.webdo.tn\\\/fr\\\/actualite\\\/international\\\/attentat-de-sousse-une-minute-de-silence-sera-observee-en-grande-bretagne-vendredi-3-juillet\\\/184083\\\/\"]}]},{\"@type\":\"ImageObject\",\"inLanguage\":\"fr-FR\",\"@id\":\"https:\\\/\\\/www.webdo.tn\\\/fr\\\/actualite\\\/international\\\/attentat-de-sousse-une-minute-de-silence-sera-observee-en-grande-bretagne-vendredi-3-juillet\\\/184083\\\/#primaryimage\",\"url\":\"https:\\\/\\\/www.webdo.tn\\\/fr\\\/wp-content\\\/uploads\\\/2015\\\/06\\\/IMG_0492-e1435594780902.jpg\",\"contentUrl\":\"https:\\\/\\\/www.webdo.tn\\\/fr\\\/wp-content\\\/uploads\\\/2015\\\/06\\\/IMG_0492-e1435594780902.jpg\",\"width\":600,\"height\":400,\"caption\":\"Attentat de Sousse : Une minute de silence sera observ\u00e9e en Grande Bretagne vendredi 3 juillet\"},{\"@type\":\"BreadcrumbList\",\"@id\":\"https:\\\/\\\/www.webdo.tn\\\/fr\\\/actualite\\\/international\\\/attentat-de-sousse-une-minute-de-silence-sera-observee-en-grande-bretagne-vendredi-3-juillet\\\/184083\\\/#breadcrumb\",\"itemListElement\":[{\"@type\":\"ListItem\",\"position\":1,\"name\":\"Accueil\",\"item\":\"https:\\\/\\\/www.webdo.tn\\\/fr\\\/\"},{\"@type\":\"ListItem\",\"position\":2,\"name\":\"Attentat de Sousse : Une minute de silence sera observ\u00e9e en Grande Bretagne vendredi 3 juillet\"}]},{\"@type\":\"WebSite\",\"@id\":\"https:\\\/\\\/www.webdo.tn\\\/fr\\\/#website\",\"url\":\"https:\\\/\\\/www.webdo.tn\\\/fr\\\/\",\"name\":\"webdo\",\"description\":\"Tunisie - News en Tunisie et \u00e0 l&#039;international sur Webdo.tn\",\"publisher\":{\"@id\":\"https:\\\/\\\/www.webdo.tn\\\/fr\\\/#organization\"},\"potentialAction\":[{\"@type\":\"SearchAction\",\"target\":{\"@type\":\"EntryPoint\",\"urlTemplate\":\"https:\\\/\\\/www.webdo.tn\\\/fr\\\/?s={search_term_string}\"},\"query-input\":{\"@type\":\"PropertyValueSpecification\",\"valueRequired\":true,\"valueName\":\"search_term_string\"}}],\"inLanguage\":\"fr-FR\"},{\"@type\":\"Organization\",\"@id\":\"https:\\\/\\\/www.webdo.tn\\\/fr\\\/#organization\",\"name\":\"Webdo\",\"alternateName\":\"Webdo.tn\",\"url\":\"https:\\\/\\\/www.webdo.tn\\\/fr\\\/\",\"logo\":{\"@type\":\"ImageObject\",\"inLanguage\":\"fr-FR\",\"@id\":\"https:\\\/\\\/www.webdo.tn\\\/fr\\\/#\\\/schema\\\/logo\\\/image\\\/\",\"url\":\"https:\\\/\\\/www.webdo.tn\\\/fr\\\/wp-content\\\/uploads\\\/2025\\\/06\\\/Webdo-Tunisie_168377.jpg\",\"contentUrl\":\"https:\\\/\\\/www.webdo.tn\\\/fr\\\/wp-content\\\/uploads\\\/2025\\\/06\\\/Webdo-Tunisie_168377.jpg\",\"width\":301,\"height\":301,\"caption\":\"Webdo\"},\"image\":{\"@id\":\"https:\\\/\\\/www.webdo.tn\\\/fr\\\/#\\\/schema\\\/logo\\\/image\\\/\"},\"sameAs\":[\"https:\\\/\\\/www.facebook.com\\\/webdotn\",\"https:\\\/\\\/x.com\\\/webdo_tn\"],\"description\":\"Webdo est un m\u00e9dia num\u00e9rique tunisien fond\u00e9 en 2010, sp\u00e9cialis\u00e9 dans l\u2019actualit\u00e9 nationale et internationale, l\u2019\u00e9conomie, la soci\u00e9t\u00e9 et les analyses politiques. Le site s\u2019adresse \u00e0 un large public francophone et couvre l\u2019information tunisienne en temps r\u00e9el.\",\"email\":\"redac@webdo.tn\",\"legalName\":\"YNJ SARL\",\"foundingDate\":\"2010-09-06\",\"numberOfEmployees\":{\"@type\":\"QuantitativeValue\",\"minValue\":\"11\",\"maxValue\":\"50\"}},{\"@type\":\"Person\",\"@id\":\"https:\\\/\\\/www.webdo.tn\\\/fr\\\/#\\\/schema\\\/person\\\/9a9c6118d687c117df8ef3cc36a4d175\",\"name\":\"webdo.tn\",\"image\":{\"@type\":\"ImageObject\",\"inLanguage\":\"fr-FR\",\"@id\":\"https:\\\/\\\/secure.gravatar.com\\\/avatar\\\/7ce1f28c0c3bbac99ff550b85ef8e44a6950c6ee24514fb6a5489e51d06f0298?s=96&d=mm&r=g\",\"url\":\"https:\\\/\\\/secure.gravatar.com\\\/avatar\\\/7ce1f28c0c3bbac99ff550b85ef8e44a6950c6ee24514fb6a5489e51d06f0298?s=96&d=mm&r=g\",\"contentUrl\":\"https:\\\/\\\/secure.gravatar.com\\\/avatar\\\/7ce1f28c0c3bbac99ff550b85ef8e44a6950c6ee24514fb6a5489e51d06f0298?s=96&d=mm&r=g\",\"caption\":\"webdo.tn\"},\"url\":\"https:\\\/\\\/www.webdo.tn\\\/fr\\\/actualite\\\/author\\\/webdotn\\\/\"}]}<\/script>\n<!-- \/ Yoast SEO Premium plugin. -->","yoast_head_json":{"title":"Attentat de Sousse : Une minute de silence sera observ\u00e9e en Grande Bretagne vendredi 3 juillet","description":"Attentat de Sousse : Une minute de silence sera observ\u00e9e en Grande Bretagne vendredi 3 juillet","canonical":"https:\/\/www.webdo.tn\/fr\/actualite\/international\/attentat-de-sousse-une-minute-de-silence-sera-observee-en-grande-bretagne-vendredi-3-juillet\/184083\/","og_locale":"fr_FR","og_type":"article","og_title":"Attentat de Sousse : Une minute de silence sera observ\u00e9e en Grande Bretagne vendredi 3 juillet","og_description":"Attentat de Sousse : Une minute de silence sera observ\u00e9e en Grande Bretagne vendredi 3 juillet","og_url":"https:\/\/www.webdo.tn\/fr\/actualite\/international\/attentat-de-sousse-une-minute-de-silence-sera-observee-en-grande-bretagne-vendredi-3-juillet\/184083\/","og_site_name":"webdo","article_publisher":"https:\/\/www.facebook.com\/webdotn","article_published_time":"2015-06-29T17:22:00+00:00","og_image":[{"width":600,"height":400,"url":"https:\/\/www.webdo.tn\/fr\/wp-content\/uploads\/2015\/06\/IMG_0492-e1435594780902.jpg","type":"image\/jpeg"}],"author":"webdo.tn","twitter_card":"summary_large_image","twitter_creator":"@webdo_tn","twitter_site":"@webdo_tn","twitter_misc":{"\u00c9crit par":"webdo.tn","Dur\u00e9e de lecture estim\u00e9e":"2 minutes"},"schema":{"@context":"https:\/\/schema.org","@graph":[{"@type":"NewsArticle","@id":"https:\/\/www.webdo.tn\/fr\/actualite\/international\/attentat-de-sousse-une-minute-de-silence-sera-observee-en-grande-bretagne-vendredi-3-juillet\/184083\/#article","isPartOf":{"@id":"https:\/\/www.webdo.tn\/fr\/actualite\/international\/attentat-de-sousse-une-minute-de-silence-sera-observee-en-grande-bretagne-vendredi-3-juillet\/184083\/"},"author":{"name":"webdo.tn","@id":"https:\/\/www.webdo.tn\/fr\/#\/schema\/person\/9a9c6118d687c117df8ef3cc36a4d175"},"headline":"Attentat de Sousse : Une minute de silence sera observ\u00e9e en Grande Bretagne vendredi 3 juillet","datePublished":"2015-06-29T17:22:00+00:00","mainEntityOfPage":{"@id":"https:\/\/www.webdo.tn\/fr\/actualite\/international\/attentat-de-sousse-une-minute-de-silence-sera-observee-en-grande-bretagne-vendredi-3-juillet\/184083\/"},"wordCount":375,"commentCount":0,"publisher":{"@id":"https:\/\/www.webdo.tn\/fr\/#organization"},"image":{"@id":"https:\/\/www.webdo.tn\/fr\/actualite\/international\/attentat-de-sousse-une-minute-de-silence-sera-observee-en-grande-bretagne-vendredi-3-juillet\/184083\/#primaryimage"},"thumbnailUrl":"https:\/\/www.webdo.tn\/fr\/wp-content\/uploads\/2015\/06\/IMG_0492-e1435594780902.jpg","keywords":["guerre"],"articleSection":["International"],"inLanguage":"fr-FR"},{"@type":"WebPage","@id":"https:\/\/www.webdo.tn\/fr\/actualite\/international\/attentat-de-sousse-une-minute-de-silence-sera-observee-en-grande-bretagne-vendredi-3-juillet\/184083\/","url":"https:\/\/www.webdo.tn\/fr\/actualite\/international\/attentat-de-sousse-une-minute-de-silence-sera-observee-en-grande-bretagne-vendredi-3-juillet\/184083\/","name":"Attentat de Sousse : Une minute de silence sera observ\u00e9e en Grande Bretagne vendredi 3 juillet","isPartOf":{"@id":"https:\/\/www.webdo.tn\/fr\/#website"},"primaryImageOfPage":{"@id":"https:\/\/www.webdo.tn\/fr\/actualite\/international\/attentat-de-sousse-une-minute-de-silence-sera-observee-en-grande-bretagne-vendredi-3-juillet\/184083\/#primaryimage"},"image":{"@id":"https:\/\/www.webdo.tn\/fr\/actualite\/international\/attentat-de-sousse-une-minute-de-silence-sera-observee-en-grande-bretagne-vendredi-3-juillet\/184083\/#primaryimage"},"thumbnailUrl":"https:\/\/www.webdo.tn\/fr\/wp-content\/uploads\/2015\/06\/IMG_0492-e1435594780902.jpg","datePublished":"2015-06-29T17:22:00+00:00","description":"Attentat de Sousse : Une minute de silence sera observ\u00e9e en Grande Bretagne vendredi 3 juillet","breadcrumb":{"@id":"https:\/\/www.webdo.tn\/fr\/actualite\/international\/attentat-de-sousse-une-minute-de-silence-sera-observee-en-grande-bretagne-vendredi-3-juillet\/184083\/#breadcrumb"},"inLanguage":"fr-FR","potentialAction":[{"@type":"ReadAction","target":["https:\/\/www.webdo.tn\/fr\/actualite\/international\/attentat-de-sousse-une-minute-de-silence-sera-observee-en-grande-bretagne-vendredi-3-juillet\/184083\/"]}]},{"@type":"ImageObject","inLanguage":"fr-FR","@id":"https:\/\/www.webdo.tn\/fr\/actualite\/international\/attentat-de-sousse-une-minute-de-silence-sera-observee-en-grande-bretagne-vendredi-3-juillet\/184083\/#primaryimage","url":"https:\/\/www.webdo.tn\/fr\/wp-content\/uploads\/2015\/06\/IMG_0492-e1435594780902.jpg","contentUrl":"https:\/\/www.webdo.tn\/fr\/wp-content\/uploads\/2015\/06\/IMG_0492-e1435594780902.jpg","width":600,"height":400,"caption":"Attentat de Sousse : Une minute de silence sera observ\u00e9e en Grande Bretagne vendredi 3 juillet"},{"@type":"BreadcrumbList","@id":"https:\/\/www.webdo.tn\/fr\/actualite\/international\/attentat-de-sousse-une-minute-de-silence-sera-observee-en-grande-bretagne-vendredi-3-juillet\/184083\/#breadcrumb","itemListElement":[{"@type":"ListItem","position":1,"name":"Accueil","item":"https:\/\/www.webdo.tn\/fr\/"},{"@type":"ListItem","position":2,"name":"Attentat de Sousse : Une minute de silence sera observ\u00e9e en Grande Bretagne vendredi 3 juillet"}]},{"@type":"WebSite","@id":"https:\/\/www.webdo.tn\/fr\/#website","url":"https:\/\/www.webdo.tn\/fr\/","name":"webdo","description":"Tunisie - News en Tunisie et \u00e0 l&#039;international sur Webdo.tn","publisher":{"@id":"https:\/\/www.webdo.tn\/fr\/#organization"},"potentialAction":[{"@type":"SearchAction","target":{"@type":"EntryPoint","urlTemplate":"https:\/\/www.webdo.tn\/fr\/?s={search_term_string}"},"query-input":{"@type":"PropertyValueSpecification","valueRequired":true,"valueName":"search_term_string"}}],"inLanguage":"fr-FR"},{"@type":"Organization","@id":"https:\/\/www.webdo.tn\/fr\/#organization","name":"Webdo","alternateName":"Webdo.tn","url":"https:\/\/www.webdo.tn\/fr\/","logo":{"@type":"ImageObject","inLanguage":"fr-FR","@id":"https:\/\/www.webdo.tn\/fr\/#\/schema\/logo\/image\/","url":"https:\/\/www.webdo.tn\/fr\/wp-content\/uploads\/2025\/06\/Webdo-Tunisie_168377.jpg","contentUrl":"https:\/\/www.webdo.tn\/fr\/wp-content\/uploads\/2025\/06\/Webdo-Tunisie_168377.jpg","width":301,"height":301,"caption":"Webdo"},"image":{"@id":"https:\/\/www.webdo.tn\/fr\/#\/schema\/logo\/image\/"},"sameAs":["https:\/\/www.facebook.com\/webdotn","https:\/\/x.com\/webdo_tn"],"description":"Webdo est un m\u00e9dia num\u00e9rique tunisien fond\u00e9 en 2010, sp\u00e9cialis\u00e9 dans l\u2019actualit\u00e9 nationale et internationale, l\u2019\u00e9conomie, la soci\u00e9t\u00e9 et les analyses politiques. Le site s\u2019adresse \u00e0 un large public francophone et couvre l\u2019information tunisienne en temps r\u00e9el.","email":"redac@webdo.tn","legalName":"YNJ SARL","foundingDate":"2010-09-06","numberOfEmployees":{"@type":"QuantitativeValue","minValue":"11","maxValue":"50"}},{"@type":"Person","@id":"https:\/\/www.webdo.tn\/fr\/#\/schema\/person\/9a9c6118d687c117df8ef3cc36a4d175","name":"webdo.tn","image":{"@type":"ImageObject","inLanguage":"fr-FR","@id":"https:\/\/secure.gravatar.com\/avatar\/7ce1f28c0c3bbac99ff550b85ef8e44a6950c6ee24514fb6a5489e51d06f0298?s=96&d=mm&r=g","url":"https:\/\/secure.gravatar.com\/avatar\/7ce1f28c0c3bbac99ff550b85ef8e44a6950c6ee24514fb6a5489e51d06f0298?s=96&d=mm&r=g","contentUrl":"https:\/\/secure.gravatar.com\/avatar\/7ce1f28c0c3bbac99ff550b85ef8e44a6950c6ee24514fb6a5489e51d06f0298?s=96&d=mm&r=g","caption":"webdo.tn"},"url":"https:\/\/www.webdo.tn\/fr\/actualite\/author\/webdotn\/"}]}},"_links":{"self":[{"href":"https:\/\/www.webdo.tn\/fr\/wp-json\/wp\/v2\/posts\/184083","targetHints":{"allow":["GET"]}}],"collection":[{"href":"https:\/\/www.webdo.tn\/fr\/wp-json\/wp\/v2\/posts"}],"about":[{"href":"https:\/\/www.webdo.tn\/fr\/wp-json\/wp\/v2\/types\/post"}],"author":[{"embeddable":true,"href":"https:\/\/www.webdo.tn\/fr\/wp-json\/wp\/v2\/users\/3222"}],"replies":[{"embeddable":true,"href":"https:\/\/www.webdo.tn\/fr\/wp-json\/wp\/v2\/comments?post=184083"}],"version-history":[{"count":0,"href":"https:\/\/www.webdo.tn\/fr\/wp-json\/wp\/v2\/posts\/184083\/revisions"}],"wp:featuredmedia":[{"embeddable":true,"href":"https:\/\/www.webdo.tn\/fr\/wp-json\/wp\/v2\/media\/335997"}],"wp:attachment":[{"href":"https:\/\/www.webdo.tn\/fr\/wp-json\/wp\/v2\/media?parent=184083"}],"wp:term":[{"taxonomy":"category","embeddable":true,"href":"https:\/\/www.webdo.tn\/fr\/wp-json\/wp\/v2\/categories?post=184083"},{"taxonomy":"post_tag","embeddable":true,"href":"https:\/\/www.webdo.tn\/fr\/wp-json\/wp\/v2\/tags?post=184083"}],"curies":[{"name":"wp","href":"https:\/\/api.w.org\/{rel}","templated":true}]}}