{"id":184081,"date":"2015-06-30T10:46:00","date_gmt":"2015-06-30T10:46:00","guid":{"rendered":"https:\/\/www.webdo.tn\/fr\/blog\/le-procureur-general-egyptien-a-ete-tue-dans-un-attentat-au-caire\/184081\/"},"modified":"2015-06-30T10:46:00","modified_gmt":"2015-06-30T10:46:00","slug":"le-procureur-general-egyptien-a-ete-tue-dans-un-attentat-au-caire","status":"publish","type":"post","link":"https:\/\/www.webdo.tn\/fr\/actualite\/international\/le-procureur-general-egyptien-a-ete-tue-dans-un-attentat-au-caire\/184081\/","title":{"rendered":"Le procureur g\u00e9n\u00e9ral \u00e9gyptien tu\u00e9 dans un attentat"},"content":{"rendered":"<p>Le procureur g\u00e9n\u00e9ral d\u2019Egypte, Hicham Barakat, a \u00e9t\u00e9 tu\u00e9 dans\u00a0un attentat \u00e0 la voiture pi\u00e9g\u00e9e, le lundi 29 Juin au Caire.<\/p>\n<p>La\u00a0voiture pi\u00e9g\u00e9e a explos\u00e9 alors que le magistrat quittait son domicile.\u00a0L\u2019explosion aurait\u00a0\u00e9t\u00e9 d\u00e9clench\u00e9e \u00e0 distance. Deux civils et deux policiers ont \u00e9galement \u00e9t\u00e9 bless\u00e9s.<\/p>\n<p>Cet attentat intervient un mois apr\u00e8s l&rsquo;appel de l&rsquo;Etat Islamique\u00a0\u00e0 s\u2019en prendre au corps judiciaire\u00a0qui a fait arr\u00eater et ex\u00e9cuter les membres de l&rsquo;organisation.<\/p>\n<p>En tant que procureur g\u00e9n\u00e9ral, Hicham Barakat avait\u00a0jug\u00e9\u00a0des milliers d\u2019islamistes et en avait condamn\u00e9\u00a0des centaines \u00e0 mort depuis la destitution de l&rsquo;ancien\u00a0pr\u00e9sident Mohamed Morsi en juillet 2013.<\/p>\n<p>L&rsquo;Etat \u00e9gyptien a pr\u00e9vu des mesures s\u00e9curitaires afin que les fun\u00e9railles\u00a0de Hichem Baraket se d\u00e9roulent sans incident.<\/p>\n","protected":false},"excerpt":{"rendered":"<p>Le procureur g\u00e9n\u00e9ral \u00e9gyptien tu\u00e9 dans un attentat<\/p>\n","protected":false},"author":3222,"featured_media":372962,"comment_status":"open","ping_status":"closed","sticky":false,"template":"","format":"standard","meta":{"footnotes":""},"categories":[2598],"tags":[2600],"class_list":["post-184081","post","type-post","status-publish","format-standard","has-post-thumbnail","hentry","category-international","tag-guerre"],"yoast_head":"<!-- This site is optimized with the Yoast SEO Premium plugin v27.5 (Yoast SEO v27.5) - https:\/\/yoast.com\/product\/yoast-seo-premium-wordpress\/ -->\n<title>Le procureur g\u00e9n\u00e9ral \u00e9gyptien tu\u00e9 dans un attentat<\/title>\n<meta name=\"description\" content=\"Le procureur g\u00e9n\u00e9ral \u00e9gyptien tu\u00e9 dans un attentat\" \/>\n<link rel=\"canonical\" href=\"https:\/\/www.webdo.tn\/fr\/actualite\/international\/le-procureur-general-egyptien-a-ete-tue-dans-un-attentat-au-caire\/184081\/\" \/>\n<meta property=\"og:locale\" content=\"fr_FR\" \/>\n<meta property=\"og:type\" content=\"article\" \/>\n<meta property=\"og:title\" content=\"Le procureur g\u00e9n\u00e9ral \u00e9gyptien tu\u00e9 dans un attentat\" \/>\n<meta property=\"og:description\" content=\"Le procureur g\u00e9n\u00e9ral \u00e9gyptien tu\u00e9 dans un attentat\" \/>\n<meta property=\"og:url\" content=\"https:\/\/www.webdo.tn\/fr\/actualite\/international\/le-procureur-general-egyptien-a-ete-tue-dans-un-attentat-au-caire\/184081\/\" \/>\n<meta property=\"og:site_name\" content=\"webdo\" \/>\n<meta property=\"article:publisher\" content=\"https:\/\/www.facebook.com\/webdotn\" \/>\n<meta property=\"article:published_time\" content=\"2015-06-30T10:46:00+00:00\" \/>\n<meta name=\"author\" content=\"webdo.tn\" \/>\n<meta name=\"twitter:card\" content=\"summary_large_image\" \/>\n<meta name=\"twitter:creator\" content=\"@webdo_tn\" \/>\n<meta name=\"twitter:site\" content=\"@webdo_tn\" \/>\n<meta name=\"twitter:label1\" content=\"\u00c9crit par\" \/>\n\t<meta name=\"twitter:data1\" content=\"webdo.tn\" \/>\n\t<meta name=\"twitter:label2\" content=\"Dur\u00e9e de lecture estim\u00e9e\" \/>\n\t<meta name=\"twitter:data2\" content=\"1 minute\" \/>\n<script type=\"application\/ld+json\" class=\"yoast-schema-graph\">{\"@context\":\"https:\\\/\\\/schema.org\",\"@graph\":[{\"@type\":\"NewsArticle\",\"@id\":\"https:\\\/\\\/www.webdo.tn\\\/fr\\\/actualite\\\/international\\\/le-procureur-general-egyptien-a-ete-tue-dans-un-attentat-au-caire\\\/184081\\\/#article\",\"isPartOf\":{\"@id\":\"https:\\\/\\\/www.webdo.tn\\\/fr\\\/actualite\\\/international\\\/le-procureur-general-egyptien-a-ete-tue-dans-un-attentat-au-caire\\\/184081\\\/\"},\"author\":{\"name\":\"webdo.tn\",\"@id\":\"https:\\\/\\\/www.webdo.tn\\\/fr\\\/#\\\/schema\\\/person\\\/9a9c6118d687c117df8ef3cc36a4d175\"},\"headline\":\"Le procureur g\u00e9n\u00e9ral \u00e9gyptien tu\u00e9 dans un attentat\",\"datePublished\":\"2015-06-30T10:46:00+00:00\",\"mainEntityOfPage\":{\"@id\":\"https:\\\/\\\/www.webdo.tn\\\/fr\\\/actualite\\\/international\\\/le-procureur-general-egyptien-a-ete-tue-dans-un-attentat-au-caire\\\/184081\\\/\"},\"wordCount\":156,\"commentCount\":0,\"publisher\":{\"@id\":\"https:\\\/\\\/www.webdo.tn\\\/fr\\\/#organization\"},\"image\":{\"@id\":\"https:\\\/\\\/www.webdo.tn\\\/fr\\\/actualite\\\/international\\\/le-procureur-general-egyptien-a-ete-tue-dans-un-attentat-au-caire\\\/184081\\\/#primaryimage\"},\"thumbnailUrl\":\"https:\\\/\\\/www.webdo.tn\\\/fr\\\/wp-content\\\/uploads\\\/2025\\\/06\\\/procureur-general-tue_184081.jpg\",\"keywords\":[\"guerre\"],\"articleSection\":[\"International\"],\"inLanguage\":\"fr-FR\"},{\"@type\":\"WebPage\",\"@id\":\"https:\\\/\\\/www.webdo.tn\\\/fr\\\/actualite\\\/international\\\/le-procureur-general-egyptien-a-ete-tue-dans-un-attentat-au-caire\\\/184081\\\/\",\"url\":\"https:\\\/\\\/www.webdo.tn\\\/fr\\\/actualite\\\/international\\\/le-procureur-general-egyptien-a-ete-tue-dans-un-attentat-au-caire\\\/184081\\\/\",\"name\":\"Le procureur g\u00e9n\u00e9ral \u00e9gyptien tu\u00e9 dans un attentat\",\"isPartOf\":{\"@id\":\"https:\\\/\\\/www.webdo.tn\\\/fr\\\/#website\"},\"primaryImageOfPage\":{\"@id\":\"https:\\\/\\\/www.webdo.tn\\\/fr\\\/actualite\\\/international\\\/le-procureur-general-egyptien-a-ete-tue-dans-un-attentat-au-caire\\\/184081\\\/#primaryimage\"},\"image\":{\"@id\":\"https:\\\/\\\/www.webdo.tn\\\/fr\\\/actualite\\\/international\\\/le-procureur-general-egyptien-a-ete-tue-dans-un-attentat-au-caire\\\/184081\\\/#primaryimage\"},\"thumbnailUrl\":\"https:\\\/\\\/www.webdo.tn\\\/fr\\\/wp-content\\\/uploads\\\/2025\\\/06\\\/procureur-general-tue_184081.jpg\",\"datePublished\":\"2015-06-30T10:46:00+00:00\",\"description\":\"Le procureur g\u00e9n\u00e9ral \u00e9gyptien tu\u00e9 dans un attentat\",\"breadcrumb\":{\"@id\":\"https:\\\/\\\/www.webdo.tn\\\/fr\\\/actualite\\\/international\\\/le-procureur-general-egyptien-a-ete-tue-dans-un-attentat-au-caire\\\/184081\\\/#breadcrumb\"},\"inLanguage\":\"fr-FR\",\"potentialAction\":[{\"@type\":\"ReadAction\",\"target\":[\"https:\\\/\\\/www.webdo.tn\\\/fr\\\/actualite\\\/international\\\/le-procureur-general-egyptien-a-ete-tue-dans-un-attentat-au-caire\\\/184081\\\/\"]}]},{\"@type\":\"ImageObject\",\"inLanguage\":\"fr-FR\",\"@id\":\"https:\\\/\\\/www.webdo.tn\\\/fr\\\/actualite\\\/international\\\/le-procureur-general-egyptien-a-ete-tue-dans-un-attentat-au-caire\\\/184081\\\/#primaryimage\",\"url\":\"https:\\\/\\\/www.webdo.tn\\\/fr\\\/wp-content\\\/uploads\\\/2025\\\/06\\\/procureur-general-tue_184081.jpg\",\"contentUrl\":\"https:\\\/\\\/www.webdo.tn\\\/fr\\\/wp-content\\\/uploads\\\/2025\\\/06\\\/procureur-general-tue_184081.jpg\",\"width\":600,\"height\":399,\"caption\":\"Le procureur g\u00e9n\u00e9ral \u00e9gyptien tu\u00e9 dans un attentat\"},{\"@type\":\"BreadcrumbList\",\"@id\":\"https:\\\/\\\/www.webdo.tn\\\/fr\\\/actualite\\\/international\\\/le-procureur-general-egyptien-a-ete-tue-dans-un-attentat-au-caire\\\/184081\\\/#breadcrumb\",\"itemListElement\":[{\"@type\":\"ListItem\",\"position\":1,\"name\":\"Accueil\",\"item\":\"https:\\\/\\\/www.webdo.tn\\\/fr\\\/\"},{\"@type\":\"ListItem\",\"position\":2,\"name\":\"Le procureur g\u00e9n\u00e9ral \u00e9gyptien tu\u00e9 dans un attentat\"}]},{\"@type\":\"WebSite\",\"@id\":\"https:\\\/\\\/www.webdo.tn\\\/fr\\\/#website\",\"url\":\"https:\\\/\\\/www.webdo.tn\\\/fr\\\/\",\"name\":\"webdo\",\"description\":\"Tunisie - News en Tunisie et \u00e0 l&#039;international sur Webdo.tn\",\"publisher\":{\"@id\":\"https:\\\/\\\/www.webdo.tn\\\/fr\\\/#organization\"},\"potentialAction\":[{\"@type\":\"SearchAction\",\"target\":{\"@type\":\"EntryPoint\",\"urlTemplate\":\"https:\\\/\\\/www.webdo.tn\\\/fr\\\/?s={search_term_string}\"},\"query-input\":{\"@type\":\"PropertyValueSpecification\",\"valueRequired\":true,\"valueName\":\"search_term_string\"}}],\"inLanguage\":\"fr-FR\"},{\"@type\":\"Organization\",\"@id\":\"https:\\\/\\\/www.webdo.tn\\\/fr\\\/#organization\",\"name\":\"Webdo\",\"alternateName\":\"Webdo.tn\",\"url\":\"https:\\\/\\\/www.webdo.tn\\\/fr\\\/\",\"logo\":{\"@type\":\"ImageObject\",\"inLanguage\":\"fr-FR\",\"@id\":\"https:\\\/\\\/www.webdo.tn\\\/fr\\\/#\\\/schema\\\/logo\\\/image\\\/\",\"url\":\"https:\\\/\\\/www.webdo.tn\\\/fr\\\/wp-content\\\/uploads\\\/2025\\\/06\\\/Webdo-Tunisie_168377.jpg\",\"contentUrl\":\"https:\\\/\\\/www.webdo.tn\\\/fr\\\/wp-content\\\/uploads\\\/2025\\\/06\\\/Webdo-Tunisie_168377.jpg\",\"width\":301,\"height\":301,\"caption\":\"Webdo\"},\"image\":{\"@id\":\"https:\\\/\\\/www.webdo.tn\\\/fr\\\/#\\\/schema\\\/logo\\\/image\\\/\"},\"sameAs\":[\"https:\\\/\\\/www.facebook.com\\\/webdotn\",\"https:\\\/\\\/x.com\\\/webdo_tn\"],\"description\":\"Webdo est un m\u00e9dia num\u00e9rique tunisien fond\u00e9 en 2010, sp\u00e9cialis\u00e9 dans l\u2019actualit\u00e9 nationale et internationale, l\u2019\u00e9conomie, la soci\u00e9t\u00e9 et les analyses politiques. Le site s\u2019adresse \u00e0 un large public francophone et couvre l\u2019information tunisienne en temps r\u00e9el.\",\"email\":\"redac@webdo.tn\",\"legalName\":\"YNJ SARL\",\"foundingDate\":\"2010-09-06\",\"numberOfEmployees\":{\"@type\":\"QuantitativeValue\",\"minValue\":\"11\",\"maxValue\":\"50\"}},{\"@type\":\"Person\",\"@id\":\"https:\\\/\\\/www.webdo.tn\\\/fr\\\/#\\\/schema\\\/person\\\/9a9c6118d687c117df8ef3cc36a4d175\",\"name\":\"webdo.tn\",\"image\":{\"@type\":\"ImageObject\",\"inLanguage\":\"fr-FR\",\"@id\":\"https:\\\/\\\/secure.gravatar.com\\\/avatar\\\/7ce1f28c0c3bbac99ff550b85ef8e44a6950c6ee24514fb6a5489e51d06f0298?s=96&d=mm&r=g\",\"url\":\"https:\\\/\\\/secure.gravatar.com\\\/avatar\\\/7ce1f28c0c3bbac99ff550b85ef8e44a6950c6ee24514fb6a5489e51d06f0298?s=96&d=mm&r=g\",\"contentUrl\":\"https:\\\/\\\/secure.gravatar.com\\\/avatar\\\/7ce1f28c0c3bbac99ff550b85ef8e44a6950c6ee24514fb6a5489e51d06f0298?s=96&d=mm&r=g\",\"caption\":\"webdo.tn\"},\"url\":\"https:\\\/\\\/www.webdo.tn\\\/fr\\\/actualite\\\/author\\\/webdotn\\\/\"}]}<\/script>\n<!-- \/ Yoast SEO Premium plugin. -->","yoast_head_json":{"title":"Le procureur g\u00e9n\u00e9ral \u00e9gyptien tu\u00e9 dans un attentat","description":"Le procureur g\u00e9n\u00e9ral \u00e9gyptien tu\u00e9 dans un attentat","canonical":"https:\/\/www.webdo.tn\/fr\/actualite\/international\/le-procureur-general-egyptien-a-ete-tue-dans-un-attentat-au-caire\/184081\/","og_locale":"fr_FR","og_type":"article","og_title":"Le procureur g\u00e9n\u00e9ral \u00e9gyptien tu\u00e9 dans un attentat","og_description":"Le procureur g\u00e9n\u00e9ral \u00e9gyptien tu\u00e9 dans un attentat","og_url":"https:\/\/www.webdo.tn\/fr\/actualite\/international\/le-procureur-general-egyptien-a-ete-tue-dans-un-attentat-au-caire\/184081\/","og_site_name":"webdo","article_publisher":"https:\/\/www.facebook.com\/webdotn","article_published_time":"2015-06-30T10:46:00+00:00","author":"webdo.tn","twitter_card":"summary_large_image","twitter_creator":"@webdo_tn","twitter_site":"@webdo_tn","twitter_misc":{"\u00c9crit par":"webdo.tn","Dur\u00e9e de lecture estim\u00e9e":"1 minute"},"schema":{"@context":"https:\/\/schema.org","@graph":[{"@type":"NewsArticle","@id":"https:\/\/www.webdo.tn\/fr\/actualite\/international\/le-procureur-general-egyptien-a-ete-tue-dans-un-attentat-au-caire\/184081\/#article","isPartOf":{"@id":"https:\/\/www.webdo.tn\/fr\/actualite\/international\/le-procureur-general-egyptien-a-ete-tue-dans-un-attentat-au-caire\/184081\/"},"author":{"name":"webdo.tn","@id":"https:\/\/www.webdo.tn\/fr\/#\/schema\/person\/9a9c6118d687c117df8ef3cc36a4d175"},"headline":"Le procureur g\u00e9n\u00e9ral \u00e9gyptien tu\u00e9 dans un attentat","datePublished":"2015-06-30T10:46:00+00:00","mainEntityOfPage":{"@id":"https:\/\/www.webdo.tn\/fr\/actualite\/international\/le-procureur-general-egyptien-a-ete-tue-dans-un-attentat-au-caire\/184081\/"},"wordCount":156,"commentCount":0,"publisher":{"@id":"https:\/\/www.webdo.tn\/fr\/#organization"},"image":{"@id":"https:\/\/www.webdo.tn\/fr\/actualite\/international\/le-procureur-general-egyptien-a-ete-tue-dans-un-attentat-au-caire\/184081\/#primaryimage"},"thumbnailUrl":"https:\/\/www.webdo.tn\/fr\/wp-content\/uploads\/2025\/06\/procureur-general-tue_184081.jpg","keywords":["guerre"],"articleSection":["International"],"inLanguage":"fr-FR"},{"@type":"WebPage","@id":"https:\/\/www.webdo.tn\/fr\/actualite\/international\/le-procureur-general-egyptien-a-ete-tue-dans-un-attentat-au-caire\/184081\/","url":"https:\/\/www.webdo.tn\/fr\/actualite\/international\/le-procureur-general-egyptien-a-ete-tue-dans-un-attentat-au-caire\/184081\/","name":"Le procureur g\u00e9n\u00e9ral \u00e9gyptien tu\u00e9 dans un attentat","isPartOf":{"@id":"https:\/\/www.webdo.tn\/fr\/#website"},"primaryImageOfPage":{"@id":"https:\/\/www.webdo.tn\/fr\/actualite\/international\/le-procureur-general-egyptien-a-ete-tue-dans-un-attentat-au-caire\/184081\/#primaryimage"},"image":{"@id":"https:\/\/www.webdo.tn\/fr\/actualite\/international\/le-procureur-general-egyptien-a-ete-tue-dans-un-attentat-au-caire\/184081\/#primaryimage"},"thumbnailUrl":"https:\/\/www.webdo.tn\/fr\/wp-content\/uploads\/2025\/06\/procureur-general-tue_184081.jpg","datePublished":"2015-06-30T10:46:00+00:00","description":"Le procureur g\u00e9n\u00e9ral \u00e9gyptien tu\u00e9 dans un attentat","breadcrumb":{"@id":"https:\/\/www.webdo.tn\/fr\/actualite\/international\/le-procureur-general-egyptien-a-ete-tue-dans-un-attentat-au-caire\/184081\/#breadcrumb"},"inLanguage":"fr-FR","potentialAction":[{"@type":"ReadAction","target":["https:\/\/www.webdo.tn\/fr\/actualite\/international\/le-procureur-general-egyptien-a-ete-tue-dans-un-attentat-au-caire\/184081\/"]}]},{"@type":"ImageObject","inLanguage":"fr-FR","@id":"https:\/\/www.webdo.tn\/fr\/actualite\/international\/le-procureur-general-egyptien-a-ete-tue-dans-un-attentat-au-caire\/184081\/#primaryimage","url":"https:\/\/www.webdo.tn\/fr\/wp-content\/uploads\/2025\/06\/procureur-general-tue_184081.jpg","contentUrl":"https:\/\/www.webdo.tn\/fr\/wp-content\/uploads\/2025\/06\/procureur-general-tue_184081.jpg","width":600,"height":399,"caption":"Le procureur g\u00e9n\u00e9ral \u00e9gyptien tu\u00e9 dans un attentat"},{"@type":"BreadcrumbList","@id":"https:\/\/www.webdo.tn\/fr\/actualite\/international\/le-procureur-general-egyptien-a-ete-tue-dans-un-attentat-au-caire\/184081\/#breadcrumb","itemListElement":[{"@type":"ListItem","position":1,"name":"Accueil","item":"https:\/\/www.webdo.tn\/fr\/"},{"@type":"ListItem","position":2,"name":"Le procureur g\u00e9n\u00e9ral \u00e9gyptien tu\u00e9 dans un attentat"}]},{"@type":"WebSite","@id":"https:\/\/www.webdo.tn\/fr\/#website","url":"https:\/\/www.webdo.tn\/fr\/","name":"webdo","description":"Tunisie - News en Tunisie et \u00e0 l&#039;international sur Webdo.tn","publisher":{"@id":"https:\/\/www.webdo.tn\/fr\/#organization"},"potentialAction":[{"@type":"SearchAction","target":{"@type":"EntryPoint","urlTemplate":"https:\/\/www.webdo.tn\/fr\/?s={search_term_string}"},"query-input":{"@type":"PropertyValueSpecification","valueRequired":true,"valueName":"search_term_string"}}],"inLanguage":"fr-FR"},{"@type":"Organization","@id":"https:\/\/www.webdo.tn\/fr\/#organization","name":"Webdo","alternateName":"Webdo.tn","url":"https:\/\/www.webdo.tn\/fr\/","logo":{"@type":"ImageObject","inLanguage":"fr-FR","@id":"https:\/\/www.webdo.tn\/fr\/#\/schema\/logo\/image\/","url":"https:\/\/www.webdo.tn\/fr\/wp-content\/uploads\/2025\/06\/Webdo-Tunisie_168377.jpg","contentUrl":"https:\/\/www.webdo.tn\/fr\/wp-content\/uploads\/2025\/06\/Webdo-Tunisie_168377.jpg","width":301,"height":301,"caption":"Webdo"},"image":{"@id":"https:\/\/www.webdo.tn\/fr\/#\/schema\/logo\/image\/"},"sameAs":["https:\/\/www.facebook.com\/webdotn","https:\/\/x.com\/webdo_tn"],"description":"Webdo est un m\u00e9dia num\u00e9rique tunisien fond\u00e9 en 2010, sp\u00e9cialis\u00e9 dans l\u2019actualit\u00e9 nationale et internationale, l\u2019\u00e9conomie, la soci\u00e9t\u00e9 et les analyses politiques. Le site s\u2019adresse \u00e0 un large public francophone et couvre l\u2019information tunisienne en temps r\u00e9el.","email":"redac@webdo.tn","legalName":"YNJ SARL","foundingDate":"2010-09-06","numberOfEmployees":{"@type":"QuantitativeValue","minValue":"11","maxValue":"50"}},{"@type":"Person","@id":"https:\/\/www.webdo.tn\/fr\/#\/schema\/person\/9a9c6118d687c117df8ef3cc36a4d175","name":"webdo.tn","image":{"@type":"ImageObject","inLanguage":"fr-FR","@id":"https:\/\/secure.gravatar.com\/avatar\/7ce1f28c0c3bbac99ff550b85ef8e44a6950c6ee24514fb6a5489e51d06f0298?s=96&d=mm&r=g","url":"https:\/\/secure.gravatar.com\/avatar\/7ce1f28c0c3bbac99ff550b85ef8e44a6950c6ee24514fb6a5489e51d06f0298?s=96&d=mm&r=g","contentUrl":"https:\/\/secure.gravatar.com\/avatar\/7ce1f28c0c3bbac99ff550b85ef8e44a6950c6ee24514fb6a5489e51d06f0298?s=96&d=mm&r=g","caption":"webdo.tn"},"url":"https:\/\/www.webdo.tn\/fr\/actualite\/author\/webdotn\/"}]}},"_links":{"self":[{"href":"https:\/\/www.webdo.tn\/fr\/wp-json\/wp\/v2\/posts\/184081","targetHints":{"allow":["GET"]}}],"collection":[{"href":"https:\/\/www.webdo.tn\/fr\/wp-json\/wp\/v2\/posts"}],"about":[{"href":"https:\/\/www.webdo.tn\/fr\/wp-json\/wp\/v2\/types\/post"}],"author":[{"embeddable":true,"href":"https:\/\/www.webdo.tn\/fr\/wp-json\/wp\/v2\/users\/3222"}],"replies":[{"embeddable":true,"href":"https:\/\/www.webdo.tn\/fr\/wp-json\/wp\/v2\/comments?post=184081"}],"version-history":[{"count":0,"href":"https:\/\/www.webdo.tn\/fr\/wp-json\/wp\/v2\/posts\/184081\/revisions"}],"wp:featuredmedia":[{"embeddable":true,"href":"https:\/\/www.webdo.tn\/fr\/wp-json\/wp\/v2\/media\/372962"}],"wp:attachment":[{"href":"https:\/\/www.webdo.tn\/fr\/wp-json\/wp\/v2\/media?parent=184081"}],"wp:term":[{"taxonomy":"category","embeddable":true,"href":"https:\/\/www.webdo.tn\/fr\/wp-json\/wp\/v2\/categories?post=184081"},{"taxonomy":"post_tag","embeddable":true,"href":"https:\/\/www.webdo.tn\/fr\/wp-json\/wp\/v2\/tags?post=184081"}],"curies":[{"name":"wp","href":"https:\/\/api.w.org\/{rel}","templated":true}]}}