{"id":184080,"date":"2015-07-01T12:54:00","date_gmt":"2015-07-01T12:54:00","guid":{"rendered":"https:\/\/www.webdo.tn\/fr\/blog\/il-nexiste-pas-de-solution-militaire-pour-la-crise-en-libye-affirment-les-etats-unis-et-leurs-allies\/184080\/"},"modified":"2025-05-19T10:12:42","modified_gmt":"2025-05-19T10:12:42","slug":"il-nexiste-pas-de-solution-militaire-pour-la-crise-en-libye-affirment-les-etats-unis-et-leurs-allies","status":"publish","type":"post","link":"https:\/\/www.webdo.tn\/fr\/actualite\/international\/il-nexiste-pas-de-solution-militaire-pour-la-crise-en-libye-affirment-les-etats-unis-et-leurs-allies\/184080\/","title":{"rendered":"Il n&rsquo;existe pas de solution militaire pour la crise en Libye affirment les \u00c9tats-Unis et leurs alli\u00e9s"},"content":{"rendered":"<p>Les gouvernements de la France, de l\u2019Allemagne, de l\u2019Italie, de l\u2019Espagne, du Royaume-Uni et des \u00c9tats-Unis ont exprim\u00e9 dans un communiqu\u00e9 publi\u00e9 ce mercredi 1er juillet leur \u00ab\u00a0vive pr\u00e9occupation\u00a0face \u00e0 la violence persistante et au renforcement du terrorisme en Libye\u00a0\u00bb.<br \/>\nNous appelons les d\u00e9cideurs libyens \u00e0 faire preuve de responsabilit\u00e9<br \/>\nUn dialogue r\u00e9unissant les diff\u00e9rents parties libyennes a eu lieu dimanche 28 juin dans la ville de Skhirat au Maroc sous l&rsquo;\u00e9gide de l&rsquo;envoy\u00e9 sp\u00e9cial de la mission des Nations Unies en Libye, Bernardino Leon.<\/p>\n<p>\u0627\u0648\u0644 \u0627\u062c\u062a\u0645\u0627\u0639 \u0639\u0645\u0644 \u0645\u0634\u062a\u0631\u0643 \u0644\u0644\u062d\u0648\u0627\u0631 \u0627\u0644\u0633\u064a\u0627\u0633\u064a \u0627\u0644\u0644\u064a\u0628\u064a \u0641\u064a \u0627\u0644\u0635\u062e\u064a\u0631\u0627\u062a \u0641\u064a \u0627\u0644\u0645\u063a\u0631\u0628 #\u0644\u064a\u0628\u064a\u0627 pic.twitter.com\/ywo30mdqok<br \/>\n\u2014 UNSMIL (@UNSMILibya) 28 Juin 2015<\/p>\n<p>Les six gouvernements appellent les libyens a se mettre d&rsquo;accord afin d&rsquo;assurer la paix et la stabilit\u00e9 au peuple libyen.<\/p>\n<p>[pull_quote_center]Nous appelons les d\u00e9cideurs libyens \u00e0 faire preuve de responsabilit\u00e9, d\u2019autorit\u00e9 et de courage en cette p\u00e9riode cruciale. La communaut\u00e9 internationale est pr\u00eate \u00e0 apporter une importante aide humanitaire, \u00e9conomique et en mati\u00e8re de s\u00e9curit\u00e9 \u00e0 une Libye unie d\u00e8s qu\u2019un accord sera trouv\u00e9 sur le nouveau gouvernement. De m\u00eame, la communaut\u00e9 internationale est pr\u00eate \u00e0 demander des comptes, \u00e0 travers l\u2019adoption de sanctions, \u00e0 tous ceux qui menacent la paix, la stabilit\u00e9 et la s\u00e9curit\u00e9 de la Libye.[\/pull_quote_center]<br \/>\nNous r\u00e9affirmons qu\u2019il n\u2019existe pas de solution militaire \u00e0 cette crise<br \/>\nLa situation s\u00e9curitaire en Libye ne cesse de s&rsquo;aggraver avec l&rsquo;avanc\u00e9e de l&rsquo;Etat islamique \u00e0 l&rsquo;Est du pays en ayant d\u00e9j\u00e0 pris le contr\u00f4le durant le mois de juin de l&rsquo;a\u00e9roport de Syrte.<\/p>\n<p>De son c\u00f4t\u00e9, le premier ministre libyen,\u00a0Abdullah al-Thinni, du gouvernement de Tobrouk, avait \u00e9chapp\u00e9 \u00e0 une tentative d\u2019assassinat mardi 26 mai \u00e0 Tobrouk.<\/p>\n<p>Les six gouvernements ont r\u00e9it\u00e9r\u00e9 leur confiance en Bernardino Leon dont des dirigeants au sein du gouvernement de Tobrouk ont demand\u00e9 son remplacement.<\/p>\n<p>[pull_quote_center]Nous r\u00e9affirmons qu\u2019il n\u2019existe pas de solution militaire \u00e0 cette crise et nous soulignons que la situation \u00e9conomique et humanitaire s\u2019aggrave de jour en jour. Nous sommes pr\u00eats \u00e0 soutenir la mise en \u0153uvre de cet accord afin de contribuer \u00e0 ce que le gouvernement d\u2019entente nationale et toutes les nouvelles institutions puissent fonctionner efficacement.[\/pull_quote_center]<\/p>\n","protected":false},"excerpt":{"rendered":"<p>Il n&rsquo;existe pas de solution militaire pour la crise en Libye affirment les \u00c9tats-Unis et leurs alli\u00e9s<\/p>\n","protected":false},"author":3222,"featured_media":317890,"comment_status":"open","ping_status":"closed","sticky":false,"template":"","format":"standard","meta":{"footnotes":""},"categories":[2598],"tags":[2600],"class_list":["post-184080","post","type-post","status-publish","format-standard","has-post-thumbnail","hentry","category-international","tag-guerre"],"yoast_head":"<!-- This site is optimized with the Yoast SEO Premium plugin v27.5 (Yoast SEO v27.5) - https:\/\/yoast.com\/product\/yoast-seo-premium-wordpress\/ -->\n<title>Il n&#039;existe pas de solution militaire pour la crise en Libye affirment les \u00c9tats-Unis et leurs alli\u00e9s<\/title>\n<meta name=\"description\" content=\"Il n&#039;existe pas de solution militaire pour la crise en Libye affirment les \u00c9tats-Unis et leurs alli\u00e9s\" \/>\n<link rel=\"canonical\" href=\"https:\/\/www.webdo.tn\/fr\/actualite\/international\/il-nexiste-pas-de-solution-militaire-pour-la-crise-en-libye-affirment-les-etats-unis-et-leurs-allies\/184080\/\" \/>\n<meta property=\"og:locale\" content=\"fr_FR\" \/>\n<meta property=\"og:type\" content=\"article\" \/>\n<meta property=\"og:title\" content=\"Il n&#039;existe pas de solution militaire pour la crise en Libye affirment les \u00c9tats-Unis et leurs alli\u00e9s\" \/>\n<meta property=\"og:description\" content=\"Il n&#039;existe pas de solution militaire pour la crise en Libye affirment les \u00c9tats-Unis et leurs alli\u00e9s\" \/>\n<meta property=\"og:url\" content=\"https:\/\/www.webdo.tn\/fr\/actualite\/international\/il-nexiste-pas-de-solution-militaire-pour-la-crise-en-libye-affirment-les-etats-unis-et-leurs-allies\/184080\/\" \/>\n<meta property=\"og:site_name\" content=\"webdo\" \/>\n<meta property=\"article:publisher\" content=\"https:\/\/www.facebook.com\/webdotn\" \/>\n<meta property=\"article:published_time\" content=\"2015-07-01T12:54:00+00:00\" \/>\n<meta property=\"article:modified_time\" content=\"2025-05-19T10:12:42+00:00\" \/>\n<meta property=\"og:image\" content=\"https:\/\/www.webdo.tn\/fr\/wp-content\/uploads\/2015\/07\/webdo_default-13.jpg\" \/>\n\t<meta property=\"og:image:width\" content=\"800\" \/>\n\t<meta property=\"og:image:height\" content=\"500\" \/>\n\t<meta property=\"og:image:type\" content=\"image\/jpeg\" \/>\n<meta name=\"author\" content=\"webdo.tn\" \/>\n<meta name=\"twitter:card\" content=\"summary_large_image\" \/>\n<meta name=\"twitter:creator\" content=\"@webdo_tn\" \/>\n<meta name=\"twitter:site\" content=\"@webdo_tn\" \/>\n<meta name=\"twitter:label1\" content=\"\u00c9crit par\" \/>\n\t<meta name=\"twitter:data1\" content=\"webdo.tn\" \/>\n\t<meta name=\"twitter:label2\" content=\"Dur\u00e9e de lecture estim\u00e9e\" \/>\n\t<meta name=\"twitter:data2\" content=\"2 minutes\" \/>\n<script type=\"application\/ld+json\" class=\"yoast-schema-graph\">{\"@context\":\"https:\\\/\\\/schema.org\",\"@graph\":[{\"@type\":\"NewsArticle\",\"@id\":\"https:\\\/\\\/www.webdo.tn\\\/fr\\\/actualite\\\/international\\\/il-nexiste-pas-de-solution-militaire-pour-la-crise-en-libye-affirment-les-etats-unis-et-leurs-allies\\\/184080\\\/#article\",\"isPartOf\":{\"@id\":\"https:\\\/\\\/www.webdo.tn\\\/fr\\\/actualite\\\/international\\\/il-nexiste-pas-de-solution-militaire-pour-la-crise-en-libye-affirment-les-etats-unis-et-leurs-allies\\\/184080\\\/\"},\"author\":{\"name\":\"webdo.tn\",\"@id\":\"https:\\\/\\\/www.webdo.tn\\\/fr\\\/#\\\/schema\\\/person\\\/9a9c6118d687c117df8ef3cc36a4d175\"},\"headline\":\"Il n&rsquo;existe pas de solution militaire pour la crise en Libye affirment les \u00c9tats-Unis et leurs alli\u00e9s\",\"datePublished\":\"2015-07-01T12:54:00+00:00\",\"dateModified\":\"2025-05-19T10:12:42+00:00\",\"mainEntityOfPage\":{\"@id\":\"https:\\\/\\\/www.webdo.tn\\\/fr\\\/actualite\\\/international\\\/il-nexiste-pas-de-solution-militaire-pour-la-crise-en-libye-affirment-les-etats-unis-et-leurs-allies\\\/184080\\\/\"},\"wordCount\":400,\"commentCount\":0,\"publisher\":{\"@id\":\"https:\\\/\\\/www.webdo.tn\\\/fr\\\/#organization\"},\"image\":{\"@id\":\"https:\\\/\\\/www.webdo.tn\\\/fr\\\/actualite\\\/international\\\/il-nexiste-pas-de-solution-militaire-pour-la-crise-en-libye-affirment-les-etats-unis-et-leurs-allies\\\/184080\\\/#primaryimage\"},\"thumbnailUrl\":\"https:\\\/\\\/www.webdo.tn\\\/fr\\\/wp-content\\\/uploads\\\/2015\\\/07\\\/webdo_default-13.jpg\",\"keywords\":[\"guerre\"],\"articleSection\":[\"International\"],\"inLanguage\":\"fr-FR\"},{\"@type\":\"WebPage\",\"@id\":\"https:\\\/\\\/www.webdo.tn\\\/fr\\\/actualite\\\/international\\\/il-nexiste-pas-de-solution-militaire-pour-la-crise-en-libye-affirment-les-etats-unis-et-leurs-allies\\\/184080\\\/\",\"url\":\"https:\\\/\\\/www.webdo.tn\\\/fr\\\/actualite\\\/international\\\/il-nexiste-pas-de-solution-militaire-pour-la-crise-en-libye-affirment-les-etats-unis-et-leurs-allies\\\/184080\\\/\",\"name\":\"Il n'existe pas de solution militaire pour la crise en Libye affirment les \u00c9tats-Unis et leurs alli\u00e9s\",\"isPartOf\":{\"@id\":\"https:\\\/\\\/www.webdo.tn\\\/fr\\\/#website\"},\"primaryImageOfPage\":{\"@id\":\"https:\\\/\\\/www.webdo.tn\\\/fr\\\/actualite\\\/international\\\/il-nexiste-pas-de-solution-militaire-pour-la-crise-en-libye-affirment-les-etats-unis-et-leurs-allies\\\/184080\\\/#primaryimage\"},\"image\":{\"@id\":\"https:\\\/\\\/www.webdo.tn\\\/fr\\\/actualite\\\/international\\\/il-nexiste-pas-de-solution-militaire-pour-la-crise-en-libye-affirment-les-etats-unis-et-leurs-allies\\\/184080\\\/#primaryimage\"},\"thumbnailUrl\":\"https:\\\/\\\/www.webdo.tn\\\/fr\\\/wp-content\\\/uploads\\\/2015\\\/07\\\/webdo_default-13.jpg\",\"datePublished\":\"2015-07-01T12:54:00+00:00\",\"dateModified\":\"2025-05-19T10:12:42+00:00\",\"description\":\"Il n'existe pas de solution militaire pour la crise en Libye affirment les \u00c9tats-Unis et leurs alli\u00e9s\",\"breadcrumb\":{\"@id\":\"https:\\\/\\\/www.webdo.tn\\\/fr\\\/actualite\\\/international\\\/il-nexiste-pas-de-solution-militaire-pour-la-crise-en-libye-affirment-les-etats-unis-et-leurs-allies\\\/184080\\\/#breadcrumb\"},\"inLanguage\":\"fr-FR\",\"potentialAction\":[{\"@type\":\"ReadAction\",\"target\":[\"https:\\\/\\\/www.webdo.tn\\\/fr\\\/actualite\\\/international\\\/il-nexiste-pas-de-solution-militaire-pour-la-crise-en-libye-affirment-les-etats-unis-et-leurs-allies\\\/184080\\\/\"]}]},{\"@type\":\"ImageObject\",\"inLanguage\":\"fr-FR\",\"@id\":\"https:\\\/\\\/www.webdo.tn\\\/fr\\\/actualite\\\/international\\\/il-nexiste-pas-de-solution-militaire-pour-la-crise-en-libye-affirment-les-etats-unis-et-leurs-allies\\\/184080\\\/#primaryimage\",\"url\":\"https:\\\/\\\/www.webdo.tn\\\/fr\\\/wp-content\\\/uploads\\\/2015\\\/07\\\/webdo_default-13.jpg\",\"contentUrl\":\"https:\\\/\\\/www.webdo.tn\\\/fr\\\/wp-content\\\/uploads\\\/2015\\\/07\\\/webdo_default-13.jpg\",\"width\":800,\"height\":500,\"caption\":\"Il n'existe pas de solution militaire pour la crise en Libye affirment les \u00c9tats-Unis et leurs alli\u00e9s\"},{\"@type\":\"BreadcrumbList\",\"@id\":\"https:\\\/\\\/www.webdo.tn\\\/fr\\\/actualite\\\/international\\\/il-nexiste-pas-de-solution-militaire-pour-la-crise-en-libye-affirment-les-etats-unis-et-leurs-allies\\\/184080\\\/#breadcrumb\",\"itemListElement\":[{\"@type\":\"ListItem\",\"position\":1,\"name\":\"Accueil\",\"item\":\"https:\\\/\\\/www.webdo.tn\\\/fr\\\/\"},{\"@type\":\"ListItem\",\"position\":2,\"name\":\"Il n&rsquo;existe pas de solution militaire pour la crise en Libye affirment les \u00c9tats-Unis et leurs alli\u00e9s\"}]},{\"@type\":\"WebSite\",\"@id\":\"https:\\\/\\\/www.webdo.tn\\\/fr\\\/#website\",\"url\":\"https:\\\/\\\/www.webdo.tn\\\/fr\\\/\",\"name\":\"webdo\",\"description\":\"Tunisie - News en Tunisie et \u00e0 l&#039;international sur Webdo.tn\",\"publisher\":{\"@id\":\"https:\\\/\\\/www.webdo.tn\\\/fr\\\/#organization\"},\"potentialAction\":[{\"@type\":\"SearchAction\",\"target\":{\"@type\":\"EntryPoint\",\"urlTemplate\":\"https:\\\/\\\/www.webdo.tn\\\/fr\\\/?s={search_term_string}\"},\"query-input\":{\"@type\":\"PropertyValueSpecification\",\"valueRequired\":true,\"valueName\":\"search_term_string\"}}],\"inLanguage\":\"fr-FR\"},{\"@type\":\"Organization\",\"@id\":\"https:\\\/\\\/www.webdo.tn\\\/fr\\\/#organization\",\"name\":\"Webdo\",\"alternateName\":\"Webdo.tn\",\"url\":\"https:\\\/\\\/www.webdo.tn\\\/fr\\\/\",\"logo\":{\"@type\":\"ImageObject\",\"inLanguage\":\"fr-FR\",\"@id\":\"https:\\\/\\\/www.webdo.tn\\\/fr\\\/#\\\/schema\\\/logo\\\/image\\\/\",\"url\":\"https:\\\/\\\/www.webdo.tn\\\/fr\\\/wp-content\\\/uploads\\\/2025\\\/06\\\/Webdo-Tunisie_168377.jpg\",\"contentUrl\":\"https:\\\/\\\/www.webdo.tn\\\/fr\\\/wp-content\\\/uploads\\\/2025\\\/06\\\/Webdo-Tunisie_168377.jpg\",\"width\":301,\"height\":301,\"caption\":\"Webdo\"},\"image\":{\"@id\":\"https:\\\/\\\/www.webdo.tn\\\/fr\\\/#\\\/schema\\\/logo\\\/image\\\/\"},\"sameAs\":[\"https:\\\/\\\/www.facebook.com\\\/webdotn\",\"https:\\\/\\\/x.com\\\/webdo_tn\"],\"description\":\"Webdo est un m\u00e9dia num\u00e9rique tunisien fond\u00e9 en 2010, sp\u00e9cialis\u00e9 dans l\u2019actualit\u00e9 nationale et internationale, l\u2019\u00e9conomie, la soci\u00e9t\u00e9 et les analyses politiques. Le site s\u2019adresse \u00e0 un large public francophone et couvre l\u2019information tunisienne en temps r\u00e9el.\",\"email\":\"redac@webdo.tn\",\"legalName\":\"YNJ SARL\",\"foundingDate\":\"2010-09-06\",\"numberOfEmployees\":{\"@type\":\"QuantitativeValue\",\"minValue\":\"11\",\"maxValue\":\"50\"}},{\"@type\":\"Person\",\"@id\":\"https:\\\/\\\/www.webdo.tn\\\/fr\\\/#\\\/schema\\\/person\\\/9a9c6118d687c117df8ef3cc36a4d175\",\"name\":\"webdo.tn\",\"image\":{\"@type\":\"ImageObject\",\"inLanguage\":\"fr-FR\",\"@id\":\"https:\\\/\\\/secure.gravatar.com\\\/avatar\\\/7ce1f28c0c3bbac99ff550b85ef8e44a6950c6ee24514fb6a5489e51d06f0298?s=96&d=mm&r=g\",\"url\":\"https:\\\/\\\/secure.gravatar.com\\\/avatar\\\/7ce1f28c0c3bbac99ff550b85ef8e44a6950c6ee24514fb6a5489e51d06f0298?s=96&d=mm&r=g\",\"contentUrl\":\"https:\\\/\\\/secure.gravatar.com\\\/avatar\\\/7ce1f28c0c3bbac99ff550b85ef8e44a6950c6ee24514fb6a5489e51d06f0298?s=96&d=mm&r=g\",\"caption\":\"webdo.tn\"},\"url\":\"https:\\\/\\\/www.webdo.tn\\\/fr\\\/actualite\\\/author\\\/webdotn\\\/\"}]}<\/script>\n<!-- \/ Yoast SEO Premium plugin. -->","yoast_head_json":{"title":"Il n'existe pas de solution militaire pour la crise en Libye affirment les \u00c9tats-Unis et leurs alli\u00e9s","description":"Il n'existe pas de solution militaire pour la crise en Libye affirment les \u00c9tats-Unis et leurs alli\u00e9s","canonical":"https:\/\/www.webdo.tn\/fr\/actualite\/international\/il-nexiste-pas-de-solution-militaire-pour-la-crise-en-libye-affirment-les-etats-unis-et-leurs-allies\/184080\/","og_locale":"fr_FR","og_type":"article","og_title":"Il n'existe pas de solution militaire pour la crise en Libye affirment les \u00c9tats-Unis et leurs alli\u00e9s","og_description":"Il n'existe pas de solution militaire pour la crise en Libye affirment les \u00c9tats-Unis et leurs alli\u00e9s","og_url":"https:\/\/www.webdo.tn\/fr\/actualite\/international\/il-nexiste-pas-de-solution-militaire-pour-la-crise-en-libye-affirment-les-etats-unis-et-leurs-allies\/184080\/","og_site_name":"webdo","article_publisher":"https:\/\/www.facebook.com\/webdotn","article_published_time":"2015-07-01T12:54:00+00:00","article_modified_time":"2025-05-19T10:12:42+00:00","og_image":[{"width":800,"height":500,"url":"https:\/\/www.webdo.tn\/fr\/wp-content\/uploads\/2015\/07\/webdo_default-13.jpg","type":"image\/jpeg"}],"author":"webdo.tn","twitter_card":"summary_large_image","twitter_creator":"@webdo_tn","twitter_site":"@webdo_tn","twitter_misc":{"\u00c9crit par":"webdo.tn","Dur\u00e9e de lecture estim\u00e9e":"2 minutes"},"schema":{"@context":"https:\/\/schema.org","@graph":[{"@type":"NewsArticle","@id":"https:\/\/www.webdo.tn\/fr\/actualite\/international\/il-nexiste-pas-de-solution-militaire-pour-la-crise-en-libye-affirment-les-etats-unis-et-leurs-allies\/184080\/#article","isPartOf":{"@id":"https:\/\/www.webdo.tn\/fr\/actualite\/international\/il-nexiste-pas-de-solution-militaire-pour-la-crise-en-libye-affirment-les-etats-unis-et-leurs-allies\/184080\/"},"author":{"name":"webdo.tn","@id":"https:\/\/www.webdo.tn\/fr\/#\/schema\/person\/9a9c6118d687c117df8ef3cc36a4d175"},"headline":"Il n&rsquo;existe pas de solution militaire pour la crise en Libye affirment les \u00c9tats-Unis et leurs alli\u00e9s","datePublished":"2015-07-01T12:54:00+00:00","dateModified":"2025-05-19T10:12:42+00:00","mainEntityOfPage":{"@id":"https:\/\/www.webdo.tn\/fr\/actualite\/international\/il-nexiste-pas-de-solution-militaire-pour-la-crise-en-libye-affirment-les-etats-unis-et-leurs-allies\/184080\/"},"wordCount":400,"commentCount":0,"publisher":{"@id":"https:\/\/www.webdo.tn\/fr\/#organization"},"image":{"@id":"https:\/\/www.webdo.tn\/fr\/actualite\/international\/il-nexiste-pas-de-solution-militaire-pour-la-crise-en-libye-affirment-les-etats-unis-et-leurs-allies\/184080\/#primaryimage"},"thumbnailUrl":"https:\/\/www.webdo.tn\/fr\/wp-content\/uploads\/2015\/07\/webdo_default-13.jpg","keywords":["guerre"],"articleSection":["International"],"inLanguage":"fr-FR"},{"@type":"WebPage","@id":"https:\/\/www.webdo.tn\/fr\/actualite\/international\/il-nexiste-pas-de-solution-militaire-pour-la-crise-en-libye-affirment-les-etats-unis-et-leurs-allies\/184080\/","url":"https:\/\/www.webdo.tn\/fr\/actualite\/international\/il-nexiste-pas-de-solution-militaire-pour-la-crise-en-libye-affirment-les-etats-unis-et-leurs-allies\/184080\/","name":"Il n'existe pas de solution militaire pour la crise en Libye affirment les \u00c9tats-Unis et leurs alli\u00e9s","isPartOf":{"@id":"https:\/\/www.webdo.tn\/fr\/#website"},"primaryImageOfPage":{"@id":"https:\/\/www.webdo.tn\/fr\/actualite\/international\/il-nexiste-pas-de-solution-militaire-pour-la-crise-en-libye-affirment-les-etats-unis-et-leurs-allies\/184080\/#primaryimage"},"image":{"@id":"https:\/\/www.webdo.tn\/fr\/actualite\/international\/il-nexiste-pas-de-solution-militaire-pour-la-crise-en-libye-affirment-les-etats-unis-et-leurs-allies\/184080\/#primaryimage"},"thumbnailUrl":"https:\/\/www.webdo.tn\/fr\/wp-content\/uploads\/2015\/07\/webdo_default-13.jpg","datePublished":"2015-07-01T12:54:00+00:00","dateModified":"2025-05-19T10:12:42+00:00","description":"Il n'existe pas de solution militaire pour la crise en Libye affirment les \u00c9tats-Unis et leurs alli\u00e9s","breadcrumb":{"@id":"https:\/\/www.webdo.tn\/fr\/actualite\/international\/il-nexiste-pas-de-solution-militaire-pour-la-crise-en-libye-affirment-les-etats-unis-et-leurs-allies\/184080\/#breadcrumb"},"inLanguage":"fr-FR","potentialAction":[{"@type":"ReadAction","target":["https:\/\/www.webdo.tn\/fr\/actualite\/international\/il-nexiste-pas-de-solution-militaire-pour-la-crise-en-libye-affirment-les-etats-unis-et-leurs-allies\/184080\/"]}]},{"@type":"ImageObject","inLanguage":"fr-FR","@id":"https:\/\/www.webdo.tn\/fr\/actualite\/international\/il-nexiste-pas-de-solution-militaire-pour-la-crise-en-libye-affirment-les-etats-unis-et-leurs-allies\/184080\/#primaryimage","url":"https:\/\/www.webdo.tn\/fr\/wp-content\/uploads\/2015\/07\/webdo_default-13.jpg","contentUrl":"https:\/\/www.webdo.tn\/fr\/wp-content\/uploads\/2015\/07\/webdo_default-13.jpg","width":800,"height":500,"caption":"Il n'existe pas de solution militaire pour la crise en Libye affirment les \u00c9tats-Unis et leurs alli\u00e9s"},{"@type":"BreadcrumbList","@id":"https:\/\/www.webdo.tn\/fr\/actualite\/international\/il-nexiste-pas-de-solution-militaire-pour-la-crise-en-libye-affirment-les-etats-unis-et-leurs-allies\/184080\/#breadcrumb","itemListElement":[{"@type":"ListItem","position":1,"name":"Accueil","item":"https:\/\/www.webdo.tn\/fr\/"},{"@type":"ListItem","position":2,"name":"Il n&rsquo;existe pas de solution militaire pour la crise en Libye affirment les \u00c9tats-Unis et leurs alli\u00e9s"}]},{"@type":"WebSite","@id":"https:\/\/www.webdo.tn\/fr\/#website","url":"https:\/\/www.webdo.tn\/fr\/","name":"webdo","description":"Tunisie - News en Tunisie et \u00e0 l&#039;international sur Webdo.tn","publisher":{"@id":"https:\/\/www.webdo.tn\/fr\/#organization"},"potentialAction":[{"@type":"SearchAction","target":{"@type":"EntryPoint","urlTemplate":"https:\/\/www.webdo.tn\/fr\/?s={search_term_string}"},"query-input":{"@type":"PropertyValueSpecification","valueRequired":true,"valueName":"search_term_string"}}],"inLanguage":"fr-FR"},{"@type":"Organization","@id":"https:\/\/www.webdo.tn\/fr\/#organization","name":"Webdo","alternateName":"Webdo.tn","url":"https:\/\/www.webdo.tn\/fr\/","logo":{"@type":"ImageObject","inLanguage":"fr-FR","@id":"https:\/\/www.webdo.tn\/fr\/#\/schema\/logo\/image\/","url":"https:\/\/www.webdo.tn\/fr\/wp-content\/uploads\/2025\/06\/Webdo-Tunisie_168377.jpg","contentUrl":"https:\/\/www.webdo.tn\/fr\/wp-content\/uploads\/2025\/06\/Webdo-Tunisie_168377.jpg","width":301,"height":301,"caption":"Webdo"},"image":{"@id":"https:\/\/www.webdo.tn\/fr\/#\/schema\/logo\/image\/"},"sameAs":["https:\/\/www.facebook.com\/webdotn","https:\/\/x.com\/webdo_tn"],"description":"Webdo est un m\u00e9dia num\u00e9rique tunisien fond\u00e9 en 2010, sp\u00e9cialis\u00e9 dans l\u2019actualit\u00e9 nationale et internationale, l\u2019\u00e9conomie, la soci\u00e9t\u00e9 et les analyses politiques. Le site s\u2019adresse \u00e0 un large public francophone et couvre l\u2019information tunisienne en temps r\u00e9el.","email":"redac@webdo.tn","legalName":"YNJ SARL","foundingDate":"2010-09-06","numberOfEmployees":{"@type":"QuantitativeValue","minValue":"11","maxValue":"50"}},{"@type":"Person","@id":"https:\/\/www.webdo.tn\/fr\/#\/schema\/person\/9a9c6118d687c117df8ef3cc36a4d175","name":"webdo.tn","image":{"@type":"ImageObject","inLanguage":"fr-FR","@id":"https:\/\/secure.gravatar.com\/avatar\/7ce1f28c0c3bbac99ff550b85ef8e44a6950c6ee24514fb6a5489e51d06f0298?s=96&d=mm&r=g","url":"https:\/\/secure.gravatar.com\/avatar\/7ce1f28c0c3bbac99ff550b85ef8e44a6950c6ee24514fb6a5489e51d06f0298?s=96&d=mm&r=g","contentUrl":"https:\/\/secure.gravatar.com\/avatar\/7ce1f28c0c3bbac99ff550b85ef8e44a6950c6ee24514fb6a5489e51d06f0298?s=96&d=mm&r=g","caption":"webdo.tn"},"url":"https:\/\/www.webdo.tn\/fr\/actualite\/author\/webdotn\/"}]}},"_links":{"self":[{"href":"https:\/\/www.webdo.tn\/fr\/wp-json\/wp\/v2\/posts\/184080","targetHints":{"allow":["GET"]}}],"collection":[{"href":"https:\/\/www.webdo.tn\/fr\/wp-json\/wp\/v2\/posts"}],"about":[{"href":"https:\/\/www.webdo.tn\/fr\/wp-json\/wp\/v2\/types\/post"}],"author":[{"embeddable":true,"href":"https:\/\/www.webdo.tn\/fr\/wp-json\/wp\/v2\/users\/3222"}],"replies":[{"embeddable":true,"href":"https:\/\/www.webdo.tn\/fr\/wp-json\/wp\/v2\/comments?post=184080"}],"version-history":[{"count":0,"href":"https:\/\/www.webdo.tn\/fr\/wp-json\/wp\/v2\/posts\/184080\/revisions"}],"wp:featuredmedia":[{"embeddable":true,"href":"https:\/\/www.webdo.tn\/fr\/wp-json\/wp\/v2\/media\/317890"}],"wp:attachment":[{"href":"https:\/\/www.webdo.tn\/fr\/wp-json\/wp\/v2\/media?parent=184080"}],"wp:term":[{"taxonomy":"category","embeddable":true,"href":"https:\/\/www.webdo.tn\/fr\/wp-json\/wp\/v2\/categories?post=184080"},{"taxonomy":"post_tag","embeddable":true,"href":"https:\/\/www.webdo.tn\/fr\/wp-json\/wp\/v2\/tags?post=184080"}],"curies":[{"name":"wp","href":"https:\/\/api.w.org\/{rel}","templated":true}]}}