{"id":184079,"date":"2015-07-01T14:47:00","date_gmt":"2015-07-01T14:47:00","guid":{"rendered":"https:\/\/www.webdo.tn\/fr\/blog\/wimbledon-une-minute-de-silence-sera-observee-vendredi-en-hommage-aux-victimes-de-sousse\/184079\/"},"modified":"2025-05-19T10:12:44","modified_gmt":"2025-05-19T10:12:44","slug":"wimbledon-une-minute-de-silence-sera-observee-vendredi-en-hommage-aux-victimes-de-sousse","status":"publish","type":"post","link":"https:\/\/www.webdo.tn\/fr\/actualite\/international\/wimbledon-une-minute-de-silence-sera-observee-vendredi-en-hommage-aux-victimes-de-sousse\/184079\/","title":{"rendered":"Wimbledon : Une minute de silence sera observ\u00e9e vendredi en hommage aux victimes de Sousse"},"content":{"rendered":"<p>Une minute de silence sera observ\u00e9e vendredi en hommage aux victimes de Sousse lors du tournoi de tennis sur herbe de Wimbledon, organis\u00e9 du 29 juin au 12 juillet en Grande Bretagne.<\/p>\n<p>La direction du tournoi, The All England Club, a d\u00e9clar\u00e9 dans un communiqu\u00e9 ce mercredi 1er juillet, qu&rsquo;une minute de silence sera observ\u00e9e vendredi 3 juillet en hommage aux victimes de Sousse et \u00e0 leurs familles. Les rencontres qui d\u00e9butent habituellement \u00e0 11h30 seront d\u00e9cal\u00e9s et ne d\u00e9buteront qu&rsquo;\u00e0 partir de 12h15.<\/p>\n<p>Le premier ministre britannique David Cameron avait d\u00e9clar\u00e9 lundi 29 juin, qu&rsquo;une minute silence sera observ\u00e9e \u00e0 midi ce vendredi dans l&rsquo;ensemble de la Grande Bretagne.<\/p>\n<p>Le nombre de victimes britannique remonte \u00e0 30 personnes identifi\u00e9es sur les 38 morts de l&rsquo;attaque de Sousse. 25 britanniques seraient \u00e9galement bless\u00e9s et ont \u00e9t\u00e9 rapatri\u00e9s en Grande Bretagne.<\/p>\n","protected":false},"excerpt":{"rendered":"<p>Wimbledon : Une minute de silence sera observ\u00e9e vendredi en hommage aux victimes de Sousse<\/p>\n","protected":false},"author":3222,"featured_media":317893,"comment_status":"open","ping_status":"closed","sticky":false,"template":"","format":"standard","meta":{"footnotes":""},"categories":[2598],"tags":[2600],"class_list":["post-184079","post","type-post","status-publish","format-standard","has-post-thumbnail","hentry","category-international","tag-guerre"],"yoast_head":"<!-- This site is optimized with the Yoast SEO Premium plugin v27.5 (Yoast SEO v27.5) - https:\/\/yoast.com\/product\/yoast-seo-premium-wordpress\/ -->\n<title>Wimbledon : Une minute de silence sera observ\u00e9e vendredi en hommage aux victimes de Sousse<\/title>\n<meta name=\"description\" content=\"Wimbledon : Une minute de silence sera observ\u00e9e vendredi en hommage aux victimes de Sousse\" \/>\n<link rel=\"canonical\" href=\"https:\/\/www.webdo.tn\/fr\/actualite\/international\/wimbledon-une-minute-de-silence-sera-observee-vendredi-en-hommage-aux-victimes-de-sousse\/184079\/\" \/>\n<meta property=\"og:locale\" content=\"fr_FR\" \/>\n<meta property=\"og:type\" content=\"article\" \/>\n<meta property=\"og:title\" content=\"Wimbledon : Une minute de silence sera observ\u00e9e vendredi en hommage aux victimes de Sousse\" \/>\n<meta property=\"og:description\" content=\"Wimbledon : Une minute de silence sera observ\u00e9e vendredi en hommage aux victimes de Sousse\" \/>\n<meta property=\"og:url\" content=\"https:\/\/www.webdo.tn\/fr\/actualite\/international\/wimbledon-une-minute-de-silence-sera-observee-vendredi-en-hommage-aux-victimes-de-sousse\/184079\/\" \/>\n<meta property=\"og:site_name\" content=\"webdo\" \/>\n<meta property=\"article:publisher\" content=\"https:\/\/www.facebook.com\/webdotn\" \/>\n<meta property=\"article:published_time\" content=\"2015-07-01T14:47:00+00:00\" \/>\n<meta property=\"article:modified_time\" content=\"2025-05-19T10:12:44+00:00\" \/>\n<meta property=\"og:image\" content=\"https:\/\/www.webdo.tn\/fr\/wp-content\/uploads\/2015\/07\/Wimbledon-300x219-1.jpg\" \/>\n\t<meta property=\"og:image:width\" content=\"300\" \/>\n\t<meta property=\"og:image:height\" content=\"219\" \/>\n\t<meta property=\"og:image:type\" content=\"image\/jpeg\" \/>\n<meta name=\"author\" content=\"webdo.tn\" \/>\n<meta name=\"twitter:card\" content=\"summary_large_image\" \/>\n<meta name=\"twitter:creator\" content=\"@webdo_tn\" \/>\n<meta name=\"twitter:site\" content=\"@webdo_tn\" \/>\n<meta name=\"twitter:label1\" content=\"\u00c9crit par\" \/>\n\t<meta name=\"twitter:data1\" content=\"webdo.tn\" \/>\n\t<meta name=\"twitter:label2\" content=\"Dur\u00e9e de lecture estim\u00e9e\" \/>\n\t<meta name=\"twitter:data2\" content=\"1 minute\" \/>\n<script type=\"application\/ld+json\" class=\"yoast-schema-graph\">{\"@context\":\"https:\\\/\\\/schema.org\",\"@graph\":[{\"@type\":\"NewsArticle\",\"@id\":\"https:\\\/\\\/www.webdo.tn\\\/fr\\\/actualite\\\/international\\\/wimbledon-une-minute-de-silence-sera-observee-vendredi-en-hommage-aux-victimes-de-sousse\\\/184079\\\/#article\",\"isPartOf\":{\"@id\":\"https:\\\/\\\/www.webdo.tn\\\/fr\\\/actualite\\\/international\\\/wimbledon-une-minute-de-silence-sera-observee-vendredi-en-hommage-aux-victimes-de-sousse\\\/184079\\\/\"},\"author\":{\"name\":\"webdo.tn\",\"@id\":\"https:\\\/\\\/www.webdo.tn\\\/fr\\\/#\\\/schema\\\/person\\\/9a9c6118d687c117df8ef3cc36a4d175\"},\"headline\":\"Wimbledon : Une minute de silence sera observ\u00e9e vendredi en hommage aux victimes de Sousse\",\"datePublished\":\"2015-07-01T14:47:00+00:00\",\"dateModified\":\"2025-05-19T10:12:44+00:00\",\"mainEntityOfPage\":{\"@id\":\"https:\\\/\\\/www.webdo.tn\\\/fr\\\/actualite\\\/international\\\/wimbledon-une-minute-de-silence-sera-observee-vendredi-en-hommage-aux-victimes-de-sousse\\\/184079\\\/\"},\"wordCount\":160,\"commentCount\":0,\"publisher\":{\"@id\":\"https:\\\/\\\/www.webdo.tn\\\/fr\\\/#organization\"},\"image\":{\"@id\":\"https:\\\/\\\/www.webdo.tn\\\/fr\\\/actualite\\\/international\\\/wimbledon-une-minute-de-silence-sera-observee-vendredi-en-hommage-aux-victimes-de-sousse\\\/184079\\\/#primaryimage\"},\"thumbnailUrl\":\"https:\\\/\\\/www.webdo.tn\\\/fr\\\/wp-content\\\/uploads\\\/2015\\\/07\\\/Wimbledon-300x219-1.jpg\",\"keywords\":[\"guerre\"],\"articleSection\":[\"International\"],\"inLanguage\":\"fr-FR\"},{\"@type\":\"WebPage\",\"@id\":\"https:\\\/\\\/www.webdo.tn\\\/fr\\\/actualite\\\/international\\\/wimbledon-une-minute-de-silence-sera-observee-vendredi-en-hommage-aux-victimes-de-sousse\\\/184079\\\/\",\"url\":\"https:\\\/\\\/www.webdo.tn\\\/fr\\\/actualite\\\/international\\\/wimbledon-une-minute-de-silence-sera-observee-vendredi-en-hommage-aux-victimes-de-sousse\\\/184079\\\/\",\"name\":\"Wimbledon : Une minute de silence sera observ\u00e9e vendredi en hommage aux victimes de Sousse\",\"isPartOf\":{\"@id\":\"https:\\\/\\\/www.webdo.tn\\\/fr\\\/#website\"},\"primaryImageOfPage\":{\"@id\":\"https:\\\/\\\/www.webdo.tn\\\/fr\\\/actualite\\\/international\\\/wimbledon-une-minute-de-silence-sera-observee-vendredi-en-hommage-aux-victimes-de-sousse\\\/184079\\\/#primaryimage\"},\"image\":{\"@id\":\"https:\\\/\\\/www.webdo.tn\\\/fr\\\/actualite\\\/international\\\/wimbledon-une-minute-de-silence-sera-observee-vendredi-en-hommage-aux-victimes-de-sousse\\\/184079\\\/#primaryimage\"},\"thumbnailUrl\":\"https:\\\/\\\/www.webdo.tn\\\/fr\\\/wp-content\\\/uploads\\\/2015\\\/07\\\/Wimbledon-300x219-1.jpg\",\"datePublished\":\"2015-07-01T14:47:00+00:00\",\"dateModified\":\"2025-05-19T10:12:44+00:00\",\"description\":\"Wimbledon : Une minute de silence sera observ\u00e9e vendredi en hommage aux victimes de Sousse\",\"breadcrumb\":{\"@id\":\"https:\\\/\\\/www.webdo.tn\\\/fr\\\/actualite\\\/international\\\/wimbledon-une-minute-de-silence-sera-observee-vendredi-en-hommage-aux-victimes-de-sousse\\\/184079\\\/#breadcrumb\"},\"inLanguage\":\"fr-FR\",\"potentialAction\":[{\"@type\":\"ReadAction\",\"target\":[\"https:\\\/\\\/www.webdo.tn\\\/fr\\\/actualite\\\/international\\\/wimbledon-une-minute-de-silence-sera-observee-vendredi-en-hommage-aux-victimes-de-sousse\\\/184079\\\/\"]}]},{\"@type\":\"ImageObject\",\"inLanguage\":\"fr-FR\",\"@id\":\"https:\\\/\\\/www.webdo.tn\\\/fr\\\/actualite\\\/international\\\/wimbledon-une-minute-de-silence-sera-observee-vendredi-en-hommage-aux-victimes-de-sousse\\\/184079\\\/#primaryimage\",\"url\":\"https:\\\/\\\/www.webdo.tn\\\/fr\\\/wp-content\\\/uploads\\\/2015\\\/07\\\/Wimbledon-300x219-1.jpg\",\"contentUrl\":\"https:\\\/\\\/www.webdo.tn\\\/fr\\\/wp-content\\\/uploads\\\/2015\\\/07\\\/Wimbledon-300x219-1.jpg\",\"width\":300,\"height\":219,\"caption\":\"Wimbledon : Une minute de silence sera observ\u00e9e vendredi en hommage aux victimes de Sousse\"},{\"@type\":\"BreadcrumbList\",\"@id\":\"https:\\\/\\\/www.webdo.tn\\\/fr\\\/actualite\\\/international\\\/wimbledon-une-minute-de-silence-sera-observee-vendredi-en-hommage-aux-victimes-de-sousse\\\/184079\\\/#breadcrumb\",\"itemListElement\":[{\"@type\":\"ListItem\",\"position\":1,\"name\":\"Accueil\",\"item\":\"https:\\\/\\\/www.webdo.tn\\\/fr\\\/\"},{\"@type\":\"ListItem\",\"position\":2,\"name\":\"Wimbledon : Une minute de silence sera observ\u00e9e vendredi en hommage aux victimes de Sousse\"}]},{\"@type\":\"WebSite\",\"@id\":\"https:\\\/\\\/www.webdo.tn\\\/fr\\\/#website\",\"url\":\"https:\\\/\\\/www.webdo.tn\\\/fr\\\/\",\"name\":\"webdo\",\"description\":\"Tunisie - News en Tunisie et \u00e0 l&#039;international sur Webdo.tn\",\"publisher\":{\"@id\":\"https:\\\/\\\/www.webdo.tn\\\/fr\\\/#organization\"},\"potentialAction\":[{\"@type\":\"SearchAction\",\"target\":{\"@type\":\"EntryPoint\",\"urlTemplate\":\"https:\\\/\\\/www.webdo.tn\\\/fr\\\/?s={search_term_string}\"},\"query-input\":{\"@type\":\"PropertyValueSpecification\",\"valueRequired\":true,\"valueName\":\"search_term_string\"}}],\"inLanguage\":\"fr-FR\"},{\"@type\":\"Organization\",\"@id\":\"https:\\\/\\\/www.webdo.tn\\\/fr\\\/#organization\",\"name\":\"Webdo\",\"alternateName\":\"Webdo.tn\",\"url\":\"https:\\\/\\\/www.webdo.tn\\\/fr\\\/\",\"logo\":{\"@type\":\"ImageObject\",\"inLanguage\":\"fr-FR\",\"@id\":\"https:\\\/\\\/www.webdo.tn\\\/fr\\\/#\\\/schema\\\/logo\\\/image\\\/\",\"url\":\"https:\\\/\\\/www.webdo.tn\\\/fr\\\/wp-content\\\/uploads\\\/2025\\\/06\\\/Webdo-Tunisie_168377.jpg\",\"contentUrl\":\"https:\\\/\\\/www.webdo.tn\\\/fr\\\/wp-content\\\/uploads\\\/2025\\\/06\\\/Webdo-Tunisie_168377.jpg\",\"width\":301,\"height\":301,\"caption\":\"Webdo\"},\"image\":{\"@id\":\"https:\\\/\\\/www.webdo.tn\\\/fr\\\/#\\\/schema\\\/logo\\\/image\\\/\"},\"sameAs\":[\"https:\\\/\\\/www.facebook.com\\\/webdotn\",\"https:\\\/\\\/x.com\\\/webdo_tn\"],\"description\":\"Webdo est un m\u00e9dia num\u00e9rique tunisien fond\u00e9 en 2010, sp\u00e9cialis\u00e9 dans l\u2019actualit\u00e9 nationale et internationale, l\u2019\u00e9conomie, la soci\u00e9t\u00e9 et les analyses politiques. Le site s\u2019adresse \u00e0 un large public francophone et couvre l\u2019information tunisienne en temps r\u00e9el.\",\"email\":\"redac@webdo.tn\",\"legalName\":\"YNJ SARL\",\"foundingDate\":\"2010-09-06\",\"numberOfEmployees\":{\"@type\":\"QuantitativeValue\",\"minValue\":\"11\",\"maxValue\":\"50\"}},{\"@type\":\"Person\",\"@id\":\"https:\\\/\\\/www.webdo.tn\\\/fr\\\/#\\\/schema\\\/person\\\/9a9c6118d687c117df8ef3cc36a4d175\",\"name\":\"webdo.tn\",\"image\":{\"@type\":\"ImageObject\",\"inLanguage\":\"fr-FR\",\"@id\":\"https:\\\/\\\/secure.gravatar.com\\\/avatar\\\/7ce1f28c0c3bbac99ff550b85ef8e44a6950c6ee24514fb6a5489e51d06f0298?s=96&d=mm&r=g\",\"url\":\"https:\\\/\\\/secure.gravatar.com\\\/avatar\\\/7ce1f28c0c3bbac99ff550b85ef8e44a6950c6ee24514fb6a5489e51d06f0298?s=96&d=mm&r=g\",\"contentUrl\":\"https:\\\/\\\/secure.gravatar.com\\\/avatar\\\/7ce1f28c0c3bbac99ff550b85ef8e44a6950c6ee24514fb6a5489e51d06f0298?s=96&d=mm&r=g\",\"caption\":\"webdo.tn\"},\"url\":\"https:\\\/\\\/www.webdo.tn\\\/fr\\\/actualite\\\/author\\\/webdotn\\\/\"}]}<\/script>\n<!-- \/ Yoast SEO Premium plugin. -->","yoast_head_json":{"title":"Wimbledon : Une minute de silence sera observ\u00e9e vendredi en hommage aux victimes de Sousse","description":"Wimbledon : Une minute de silence sera observ\u00e9e vendredi en hommage aux victimes de Sousse","canonical":"https:\/\/www.webdo.tn\/fr\/actualite\/international\/wimbledon-une-minute-de-silence-sera-observee-vendredi-en-hommage-aux-victimes-de-sousse\/184079\/","og_locale":"fr_FR","og_type":"article","og_title":"Wimbledon : Une minute de silence sera observ\u00e9e vendredi en hommage aux victimes de Sousse","og_description":"Wimbledon : Une minute de silence sera observ\u00e9e vendredi en hommage aux victimes de Sousse","og_url":"https:\/\/www.webdo.tn\/fr\/actualite\/international\/wimbledon-une-minute-de-silence-sera-observee-vendredi-en-hommage-aux-victimes-de-sousse\/184079\/","og_site_name":"webdo","article_publisher":"https:\/\/www.facebook.com\/webdotn","article_published_time":"2015-07-01T14:47:00+00:00","article_modified_time":"2025-05-19T10:12:44+00:00","og_image":[{"width":300,"height":219,"url":"https:\/\/www.webdo.tn\/fr\/wp-content\/uploads\/2015\/07\/Wimbledon-300x219-1.jpg","type":"image\/jpeg"}],"author":"webdo.tn","twitter_card":"summary_large_image","twitter_creator":"@webdo_tn","twitter_site":"@webdo_tn","twitter_misc":{"\u00c9crit par":"webdo.tn","Dur\u00e9e de lecture estim\u00e9e":"1 minute"},"schema":{"@context":"https:\/\/schema.org","@graph":[{"@type":"NewsArticle","@id":"https:\/\/www.webdo.tn\/fr\/actualite\/international\/wimbledon-une-minute-de-silence-sera-observee-vendredi-en-hommage-aux-victimes-de-sousse\/184079\/#article","isPartOf":{"@id":"https:\/\/www.webdo.tn\/fr\/actualite\/international\/wimbledon-une-minute-de-silence-sera-observee-vendredi-en-hommage-aux-victimes-de-sousse\/184079\/"},"author":{"name":"webdo.tn","@id":"https:\/\/www.webdo.tn\/fr\/#\/schema\/person\/9a9c6118d687c117df8ef3cc36a4d175"},"headline":"Wimbledon : Une minute de silence sera observ\u00e9e vendredi en hommage aux victimes de Sousse","datePublished":"2015-07-01T14:47:00+00:00","dateModified":"2025-05-19T10:12:44+00:00","mainEntityOfPage":{"@id":"https:\/\/www.webdo.tn\/fr\/actualite\/international\/wimbledon-une-minute-de-silence-sera-observee-vendredi-en-hommage-aux-victimes-de-sousse\/184079\/"},"wordCount":160,"commentCount":0,"publisher":{"@id":"https:\/\/www.webdo.tn\/fr\/#organization"},"image":{"@id":"https:\/\/www.webdo.tn\/fr\/actualite\/international\/wimbledon-une-minute-de-silence-sera-observee-vendredi-en-hommage-aux-victimes-de-sousse\/184079\/#primaryimage"},"thumbnailUrl":"https:\/\/www.webdo.tn\/fr\/wp-content\/uploads\/2015\/07\/Wimbledon-300x219-1.jpg","keywords":["guerre"],"articleSection":["International"],"inLanguage":"fr-FR"},{"@type":"WebPage","@id":"https:\/\/www.webdo.tn\/fr\/actualite\/international\/wimbledon-une-minute-de-silence-sera-observee-vendredi-en-hommage-aux-victimes-de-sousse\/184079\/","url":"https:\/\/www.webdo.tn\/fr\/actualite\/international\/wimbledon-une-minute-de-silence-sera-observee-vendredi-en-hommage-aux-victimes-de-sousse\/184079\/","name":"Wimbledon : Une minute de silence sera observ\u00e9e vendredi en hommage aux victimes de Sousse","isPartOf":{"@id":"https:\/\/www.webdo.tn\/fr\/#website"},"primaryImageOfPage":{"@id":"https:\/\/www.webdo.tn\/fr\/actualite\/international\/wimbledon-une-minute-de-silence-sera-observee-vendredi-en-hommage-aux-victimes-de-sousse\/184079\/#primaryimage"},"image":{"@id":"https:\/\/www.webdo.tn\/fr\/actualite\/international\/wimbledon-une-minute-de-silence-sera-observee-vendredi-en-hommage-aux-victimes-de-sousse\/184079\/#primaryimage"},"thumbnailUrl":"https:\/\/www.webdo.tn\/fr\/wp-content\/uploads\/2015\/07\/Wimbledon-300x219-1.jpg","datePublished":"2015-07-01T14:47:00+00:00","dateModified":"2025-05-19T10:12:44+00:00","description":"Wimbledon : Une minute de silence sera observ\u00e9e vendredi en hommage aux victimes de Sousse","breadcrumb":{"@id":"https:\/\/www.webdo.tn\/fr\/actualite\/international\/wimbledon-une-minute-de-silence-sera-observee-vendredi-en-hommage-aux-victimes-de-sousse\/184079\/#breadcrumb"},"inLanguage":"fr-FR","potentialAction":[{"@type":"ReadAction","target":["https:\/\/www.webdo.tn\/fr\/actualite\/international\/wimbledon-une-minute-de-silence-sera-observee-vendredi-en-hommage-aux-victimes-de-sousse\/184079\/"]}]},{"@type":"ImageObject","inLanguage":"fr-FR","@id":"https:\/\/www.webdo.tn\/fr\/actualite\/international\/wimbledon-une-minute-de-silence-sera-observee-vendredi-en-hommage-aux-victimes-de-sousse\/184079\/#primaryimage","url":"https:\/\/www.webdo.tn\/fr\/wp-content\/uploads\/2015\/07\/Wimbledon-300x219-1.jpg","contentUrl":"https:\/\/www.webdo.tn\/fr\/wp-content\/uploads\/2015\/07\/Wimbledon-300x219-1.jpg","width":300,"height":219,"caption":"Wimbledon : Une minute de silence sera observ\u00e9e vendredi en hommage aux victimes de Sousse"},{"@type":"BreadcrumbList","@id":"https:\/\/www.webdo.tn\/fr\/actualite\/international\/wimbledon-une-minute-de-silence-sera-observee-vendredi-en-hommage-aux-victimes-de-sousse\/184079\/#breadcrumb","itemListElement":[{"@type":"ListItem","position":1,"name":"Accueil","item":"https:\/\/www.webdo.tn\/fr\/"},{"@type":"ListItem","position":2,"name":"Wimbledon : Une minute de silence sera observ\u00e9e vendredi en hommage aux victimes de Sousse"}]},{"@type":"WebSite","@id":"https:\/\/www.webdo.tn\/fr\/#website","url":"https:\/\/www.webdo.tn\/fr\/","name":"webdo","description":"Tunisie - News en Tunisie et \u00e0 l&#039;international sur Webdo.tn","publisher":{"@id":"https:\/\/www.webdo.tn\/fr\/#organization"},"potentialAction":[{"@type":"SearchAction","target":{"@type":"EntryPoint","urlTemplate":"https:\/\/www.webdo.tn\/fr\/?s={search_term_string}"},"query-input":{"@type":"PropertyValueSpecification","valueRequired":true,"valueName":"search_term_string"}}],"inLanguage":"fr-FR"},{"@type":"Organization","@id":"https:\/\/www.webdo.tn\/fr\/#organization","name":"Webdo","alternateName":"Webdo.tn","url":"https:\/\/www.webdo.tn\/fr\/","logo":{"@type":"ImageObject","inLanguage":"fr-FR","@id":"https:\/\/www.webdo.tn\/fr\/#\/schema\/logo\/image\/","url":"https:\/\/www.webdo.tn\/fr\/wp-content\/uploads\/2025\/06\/Webdo-Tunisie_168377.jpg","contentUrl":"https:\/\/www.webdo.tn\/fr\/wp-content\/uploads\/2025\/06\/Webdo-Tunisie_168377.jpg","width":301,"height":301,"caption":"Webdo"},"image":{"@id":"https:\/\/www.webdo.tn\/fr\/#\/schema\/logo\/image\/"},"sameAs":["https:\/\/www.facebook.com\/webdotn","https:\/\/x.com\/webdo_tn"],"description":"Webdo est un m\u00e9dia num\u00e9rique tunisien fond\u00e9 en 2010, sp\u00e9cialis\u00e9 dans l\u2019actualit\u00e9 nationale et internationale, l\u2019\u00e9conomie, la soci\u00e9t\u00e9 et les analyses politiques. Le site s\u2019adresse \u00e0 un large public francophone et couvre l\u2019information tunisienne en temps r\u00e9el.","email":"redac@webdo.tn","legalName":"YNJ SARL","foundingDate":"2010-09-06","numberOfEmployees":{"@type":"QuantitativeValue","minValue":"11","maxValue":"50"}},{"@type":"Person","@id":"https:\/\/www.webdo.tn\/fr\/#\/schema\/person\/9a9c6118d687c117df8ef3cc36a4d175","name":"webdo.tn","image":{"@type":"ImageObject","inLanguage":"fr-FR","@id":"https:\/\/secure.gravatar.com\/avatar\/7ce1f28c0c3bbac99ff550b85ef8e44a6950c6ee24514fb6a5489e51d06f0298?s=96&d=mm&r=g","url":"https:\/\/secure.gravatar.com\/avatar\/7ce1f28c0c3bbac99ff550b85ef8e44a6950c6ee24514fb6a5489e51d06f0298?s=96&d=mm&r=g","contentUrl":"https:\/\/secure.gravatar.com\/avatar\/7ce1f28c0c3bbac99ff550b85ef8e44a6950c6ee24514fb6a5489e51d06f0298?s=96&d=mm&r=g","caption":"webdo.tn"},"url":"https:\/\/www.webdo.tn\/fr\/actualite\/author\/webdotn\/"}]}},"_links":{"self":[{"href":"https:\/\/www.webdo.tn\/fr\/wp-json\/wp\/v2\/posts\/184079","targetHints":{"allow":["GET"]}}],"collection":[{"href":"https:\/\/www.webdo.tn\/fr\/wp-json\/wp\/v2\/posts"}],"about":[{"href":"https:\/\/www.webdo.tn\/fr\/wp-json\/wp\/v2\/types\/post"}],"author":[{"embeddable":true,"href":"https:\/\/www.webdo.tn\/fr\/wp-json\/wp\/v2\/users\/3222"}],"replies":[{"embeddable":true,"href":"https:\/\/www.webdo.tn\/fr\/wp-json\/wp\/v2\/comments?post=184079"}],"version-history":[{"count":0,"href":"https:\/\/www.webdo.tn\/fr\/wp-json\/wp\/v2\/posts\/184079\/revisions"}],"wp:featuredmedia":[{"embeddable":true,"href":"https:\/\/www.webdo.tn\/fr\/wp-json\/wp\/v2\/media\/317893"}],"wp:attachment":[{"href":"https:\/\/www.webdo.tn\/fr\/wp-json\/wp\/v2\/media?parent=184079"}],"wp:term":[{"taxonomy":"category","embeddable":true,"href":"https:\/\/www.webdo.tn\/fr\/wp-json\/wp\/v2\/categories?post=184079"},{"taxonomy":"post_tag","embeddable":true,"href":"https:\/\/www.webdo.tn\/fr\/wp-json\/wp\/v2\/tags?post=184079"}],"curies":[{"name":"wp","href":"https:\/\/api.w.org\/{rel}","templated":true}]}}