{"id":184078,"date":"2015-07-01T14:51:00","date_gmt":"2015-07-01T14:51:00","guid":{"rendered":"https:\/\/www.webdo.tn\/fr\/blog\/egypte-36-morts-lors-dune-attaque-terroriste-au-sinai\/184078\/"},"modified":"2025-05-19T10:12:43","modified_gmt":"2025-05-19T10:12:43","slug":"egypte-36-morts-lors-dune-attaque-terroriste-au-sinai","status":"publish","type":"post","link":"https:\/\/www.webdo.tn\/fr\/actualite\/international\/egypte-36-morts-lors-dune-attaque-terroriste-au-sinai\/184078\/","title":{"rendered":"Egypte : 36 morts lors d\u2019une attaque terroriste au Sinai"},"content":{"rendered":"<p>Une s\u00e9rie d\u2019attaques terroristes revendiqu\u00e9es par l\u2019Etat Islamique a vis\u00e9 aujourd\u2019hui, mercredi 1er juillet 2015 l\u2019arm\u00e9e Egyptienne au Sinai.<\/p>\n<p>Un premier bilan d\u00e9livr\u00e9 par l\u2019arm\u00e9e indique un chiffre de 36 morts entre soldats et civils et ce, dans quatre checkpoint et barrages routiers du secteur d\u2019Al-Arich\u00e9.<\/p>\n<p>L\u2019arm\u00e9e indique que 38 assaillants ont \u00e9galement \u00e9t\u00e9 tu\u00e9s dans les combats avec les troupes \u00e9gyptiennes.<\/p>\n<p>De sa part, l\u2019Etat Islamique affirme avoir attaqu\u00e9 simultan\u00e9ment 15 postes de contr\u00f4le de l\u2019arm\u00e9e Egyptienne, chose que celle-ci n\u2019a pas pr\u00e9cis\u00e9e.<br \/>\nAfef Toumi<\/p>\n","protected":false},"excerpt":{"rendered":"<p>Egypte : 36 morts lors d\u2019une attaque terroriste au Sinai<\/p>\n","protected":false},"author":3222,"featured_media":317892,"comment_status":"open","ping_status":"closed","sticky":false,"template":"","format":"standard","meta":{"footnotes":""},"categories":[2598],"tags":[2600],"class_list":["post-184078","post","type-post","status-publish","format-standard","has-post-thumbnail","hentry","category-international","tag-guerre"],"yoast_head":"<!-- This site is optimized with the Yoast SEO Premium plugin v27.5 (Yoast SEO v27.5) - https:\/\/yoast.com\/product\/yoast-seo-premium-wordpress\/ -->\n<title>Egypte : 36 morts lors d\u2019une attaque terroriste au Sinai<\/title>\n<meta name=\"description\" content=\"Egypte : 36 morts lors d\u2019une attaque terroriste au Sinai\" \/>\n<link rel=\"canonical\" href=\"https:\/\/www.webdo.tn\/fr\/actualite\/international\/egypte-36-morts-lors-dune-attaque-terroriste-au-sinai\/184078\/\" \/>\n<meta property=\"og:locale\" content=\"fr_FR\" \/>\n<meta property=\"og:type\" content=\"article\" \/>\n<meta property=\"og:title\" content=\"Egypte : 36 morts lors d\u2019une attaque terroriste au Sinai\" \/>\n<meta property=\"og:description\" content=\"Egypte : 36 morts lors d\u2019une attaque terroriste au Sinai\" \/>\n<meta property=\"og:url\" content=\"https:\/\/www.webdo.tn\/fr\/actualite\/international\/egypte-36-morts-lors-dune-attaque-terroriste-au-sinai\/184078\/\" \/>\n<meta property=\"og:site_name\" content=\"webdo\" \/>\n<meta property=\"article:publisher\" content=\"https:\/\/www.facebook.com\/webdotn\" \/>\n<meta property=\"article:published_time\" content=\"2015-07-01T14:51:00+00:00\" \/>\n<meta property=\"article:modified_time\" content=\"2025-05-19T10:12:43+00:00\" \/>\n<meta property=\"og:image\" content=\"https:\/\/www.webdo.tn\/fr\/wp-content\/uploads\/2015\/07\/Attentat-Sinai-300x169-1.jpg\" \/>\n\t<meta property=\"og:image:width\" content=\"300\" \/>\n\t<meta property=\"og:image:height\" content=\"169\" \/>\n\t<meta property=\"og:image:type\" content=\"image\/jpeg\" \/>\n<meta name=\"author\" content=\"webdo.tn\" \/>\n<meta name=\"twitter:card\" content=\"summary_large_image\" \/>\n<meta name=\"twitter:creator\" content=\"@webdo_tn\" \/>\n<meta name=\"twitter:site\" content=\"@webdo_tn\" \/>\n<meta name=\"twitter:label1\" content=\"\u00c9crit par\" \/>\n\t<meta name=\"twitter:data1\" content=\"webdo.tn\" \/>\n\t<meta name=\"twitter:label2\" content=\"Dur\u00e9e de lecture estim\u00e9e\" \/>\n\t<meta name=\"twitter:data2\" content=\"1 minute\" \/>\n<script type=\"application\/ld+json\" class=\"yoast-schema-graph\">{\"@context\":\"https:\\\/\\\/schema.org\",\"@graph\":[{\"@type\":\"NewsArticle\",\"@id\":\"https:\\\/\\\/www.webdo.tn\\\/fr\\\/actualite\\\/international\\\/egypte-36-morts-lors-dune-attaque-terroriste-au-sinai\\\/184078\\\/#article\",\"isPartOf\":{\"@id\":\"https:\\\/\\\/www.webdo.tn\\\/fr\\\/actualite\\\/international\\\/egypte-36-morts-lors-dune-attaque-terroriste-au-sinai\\\/184078\\\/\"},\"author\":{\"name\":\"webdo.tn\",\"@id\":\"https:\\\/\\\/www.webdo.tn\\\/fr\\\/#\\\/schema\\\/person\\\/9a9c6118d687c117df8ef3cc36a4d175\"},\"headline\":\"Egypte : 36 morts lors d\u2019une attaque terroriste au Sinai\",\"datePublished\":\"2015-07-01T14:51:00+00:00\",\"dateModified\":\"2025-05-19T10:12:43+00:00\",\"mainEntityOfPage\":{\"@id\":\"https:\\\/\\\/www.webdo.tn\\\/fr\\\/actualite\\\/international\\\/egypte-36-morts-lors-dune-attaque-terroriste-au-sinai\\\/184078\\\/\"},\"wordCount\":113,\"commentCount\":0,\"publisher\":{\"@id\":\"https:\\\/\\\/www.webdo.tn\\\/fr\\\/#organization\"},\"image\":{\"@id\":\"https:\\\/\\\/www.webdo.tn\\\/fr\\\/actualite\\\/international\\\/egypte-36-morts-lors-dune-attaque-terroriste-au-sinai\\\/184078\\\/#primaryimage\"},\"thumbnailUrl\":\"https:\\\/\\\/www.webdo.tn\\\/fr\\\/wp-content\\\/uploads\\\/2015\\\/07\\\/Attentat-Sinai-300x169-1.jpg\",\"keywords\":[\"guerre\"],\"articleSection\":[\"International\"],\"inLanguage\":\"fr-FR\"},{\"@type\":\"WebPage\",\"@id\":\"https:\\\/\\\/www.webdo.tn\\\/fr\\\/actualite\\\/international\\\/egypte-36-morts-lors-dune-attaque-terroriste-au-sinai\\\/184078\\\/\",\"url\":\"https:\\\/\\\/www.webdo.tn\\\/fr\\\/actualite\\\/international\\\/egypte-36-morts-lors-dune-attaque-terroriste-au-sinai\\\/184078\\\/\",\"name\":\"Egypte : 36 morts lors d\u2019une attaque terroriste au Sinai\",\"isPartOf\":{\"@id\":\"https:\\\/\\\/www.webdo.tn\\\/fr\\\/#website\"},\"primaryImageOfPage\":{\"@id\":\"https:\\\/\\\/www.webdo.tn\\\/fr\\\/actualite\\\/international\\\/egypte-36-morts-lors-dune-attaque-terroriste-au-sinai\\\/184078\\\/#primaryimage\"},\"image\":{\"@id\":\"https:\\\/\\\/www.webdo.tn\\\/fr\\\/actualite\\\/international\\\/egypte-36-morts-lors-dune-attaque-terroriste-au-sinai\\\/184078\\\/#primaryimage\"},\"thumbnailUrl\":\"https:\\\/\\\/www.webdo.tn\\\/fr\\\/wp-content\\\/uploads\\\/2015\\\/07\\\/Attentat-Sinai-300x169-1.jpg\",\"datePublished\":\"2015-07-01T14:51:00+00:00\",\"dateModified\":\"2025-05-19T10:12:43+00:00\",\"description\":\"Egypte : 36 morts lors d\u2019une attaque terroriste au Sinai\",\"breadcrumb\":{\"@id\":\"https:\\\/\\\/www.webdo.tn\\\/fr\\\/actualite\\\/international\\\/egypte-36-morts-lors-dune-attaque-terroriste-au-sinai\\\/184078\\\/#breadcrumb\"},\"inLanguage\":\"fr-FR\",\"potentialAction\":[{\"@type\":\"ReadAction\",\"target\":[\"https:\\\/\\\/www.webdo.tn\\\/fr\\\/actualite\\\/international\\\/egypte-36-morts-lors-dune-attaque-terroriste-au-sinai\\\/184078\\\/\"]}]},{\"@type\":\"ImageObject\",\"inLanguage\":\"fr-FR\",\"@id\":\"https:\\\/\\\/www.webdo.tn\\\/fr\\\/actualite\\\/international\\\/egypte-36-morts-lors-dune-attaque-terroriste-au-sinai\\\/184078\\\/#primaryimage\",\"url\":\"https:\\\/\\\/www.webdo.tn\\\/fr\\\/wp-content\\\/uploads\\\/2015\\\/07\\\/Attentat-Sinai-300x169-1.jpg\",\"contentUrl\":\"https:\\\/\\\/www.webdo.tn\\\/fr\\\/wp-content\\\/uploads\\\/2015\\\/07\\\/Attentat-Sinai-300x169-1.jpg\",\"width\":300,\"height\":169,\"caption\":\"Egypte : 36 morts lors d\u2019une attaque terroriste au Sinai\"},{\"@type\":\"BreadcrumbList\",\"@id\":\"https:\\\/\\\/www.webdo.tn\\\/fr\\\/actualite\\\/international\\\/egypte-36-morts-lors-dune-attaque-terroriste-au-sinai\\\/184078\\\/#breadcrumb\",\"itemListElement\":[{\"@type\":\"ListItem\",\"position\":1,\"name\":\"Accueil\",\"item\":\"https:\\\/\\\/www.webdo.tn\\\/fr\\\/\"},{\"@type\":\"ListItem\",\"position\":2,\"name\":\"Egypte : 36 morts lors d\u2019une attaque terroriste au Sinai\"}]},{\"@type\":\"WebSite\",\"@id\":\"https:\\\/\\\/www.webdo.tn\\\/fr\\\/#website\",\"url\":\"https:\\\/\\\/www.webdo.tn\\\/fr\\\/\",\"name\":\"webdo\",\"description\":\"Tunisie - News en Tunisie et \u00e0 l&#039;international sur Webdo.tn\",\"publisher\":{\"@id\":\"https:\\\/\\\/www.webdo.tn\\\/fr\\\/#organization\"},\"potentialAction\":[{\"@type\":\"SearchAction\",\"target\":{\"@type\":\"EntryPoint\",\"urlTemplate\":\"https:\\\/\\\/www.webdo.tn\\\/fr\\\/?s={search_term_string}\"},\"query-input\":{\"@type\":\"PropertyValueSpecification\",\"valueRequired\":true,\"valueName\":\"search_term_string\"}}],\"inLanguage\":\"fr-FR\"},{\"@type\":\"Organization\",\"@id\":\"https:\\\/\\\/www.webdo.tn\\\/fr\\\/#organization\",\"name\":\"Webdo\",\"alternateName\":\"Webdo.tn\",\"url\":\"https:\\\/\\\/www.webdo.tn\\\/fr\\\/\",\"logo\":{\"@type\":\"ImageObject\",\"inLanguage\":\"fr-FR\",\"@id\":\"https:\\\/\\\/www.webdo.tn\\\/fr\\\/#\\\/schema\\\/logo\\\/image\\\/\",\"url\":\"https:\\\/\\\/www.webdo.tn\\\/fr\\\/wp-content\\\/uploads\\\/2025\\\/06\\\/Webdo-Tunisie_168377.jpg\",\"contentUrl\":\"https:\\\/\\\/www.webdo.tn\\\/fr\\\/wp-content\\\/uploads\\\/2025\\\/06\\\/Webdo-Tunisie_168377.jpg\",\"width\":301,\"height\":301,\"caption\":\"Webdo\"},\"image\":{\"@id\":\"https:\\\/\\\/www.webdo.tn\\\/fr\\\/#\\\/schema\\\/logo\\\/image\\\/\"},\"sameAs\":[\"https:\\\/\\\/www.facebook.com\\\/webdotn\",\"https:\\\/\\\/x.com\\\/webdo_tn\"],\"description\":\"Webdo est un m\u00e9dia num\u00e9rique tunisien fond\u00e9 en 2010, sp\u00e9cialis\u00e9 dans l\u2019actualit\u00e9 nationale et internationale, l\u2019\u00e9conomie, la soci\u00e9t\u00e9 et les analyses politiques. Le site s\u2019adresse \u00e0 un large public francophone et couvre l\u2019information tunisienne en temps r\u00e9el.\",\"email\":\"redac@webdo.tn\",\"legalName\":\"YNJ SARL\",\"foundingDate\":\"2010-09-06\",\"numberOfEmployees\":{\"@type\":\"QuantitativeValue\",\"minValue\":\"11\",\"maxValue\":\"50\"}},{\"@type\":\"Person\",\"@id\":\"https:\\\/\\\/www.webdo.tn\\\/fr\\\/#\\\/schema\\\/person\\\/9a9c6118d687c117df8ef3cc36a4d175\",\"name\":\"webdo.tn\",\"image\":{\"@type\":\"ImageObject\",\"inLanguage\":\"fr-FR\",\"@id\":\"https:\\\/\\\/secure.gravatar.com\\\/avatar\\\/7ce1f28c0c3bbac99ff550b85ef8e44a6950c6ee24514fb6a5489e51d06f0298?s=96&d=mm&r=g\",\"url\":\"https:\\\/\\\/secure.gravatar.com\\\/avatar\\\/7ce1f28c0c3bbac99ff550b85ef8e44a6950c6ee24514fb6a5489e51d06f0298?s=96&d=mm&r=g\",\"contentUrl\":\"https:\\\/\\\/secure.gravatar.com\\\/avatar\\\/7ce1f28c0c3bbac99ff550b85ef8e44a6950c6ee24514fb6a5489e51d06f0298?s=96&d=mm&r=g\",\"caption\":\"webdo.tn\"},\"url\":\"https:\\\/\\\/www.webdo.tn\\\/fr\\\/actualite\\\/author\\\/webdotn\\\/\"}]}<\/script>\n<!-- \/ Yoast SEO Premium plugin. -->","yoast_head_json":{"title":"Egypte : 36 morts lors d\u2019une attaque terroriste au Sinai","description":"Egypte : 36 morts lors d\u2019une attaque terroriste au Sinai","canonical":"https:\/\/www.webdo.tn\/fr\/actualite\/international\/egypte-36-morts-lors-dune-attaque-terroriste-au-sinai\/184078\/","og_locale":"fr_FR","og_type":"article","og_title":"Egypte : 36 morts lors d\u2019une attaque terroriste au Sinai","og_description":"Egypte : 36 morts lors d\u2019une attaque terroriste au Sinai","og_url":"https:\/\/www.webdo.tn\/fr\/actualite\/international\/egypte-36-morts-lors-dune-attaque-terroriste-au-sinai\/184078\/","og_site_name":"webdo","article_publisher":"https:\/\/www.facebook.com\/webdotn","article_published_time":"2015-07-01T14:51:00+00:00","article_modified_time":"2025-05-19T10:12:43+00:00","og_image":[{"width":300,"height":169,"url":"https:\/\/www.webdo.tn\/fr\/wp-content\/uploads\/2015\/07\/Attentat-Sinai-300x169-1.jpg","type":"image\/jpeg"}],"author":"webdo.tn","twitter_card":"summary_large_image","twitter_creator":"@webdo_tn","twitter_site":"@webdo_tn","twitter_misc":{"\u00c9crit par":"webdo.tn","Dur\u00e9e de lecture estim\u00e9e":"1 minute"},"schema":{"@context":"https:\/\/schema.org","@graph":[{"@type":"NewsArticle","@id":"https:\/\/www.webdo.tn\/fr\/actualite\/international\/egypte-36-morts-lors-dune-attaque-terroriste-au-sinai\/184078\/#article","isPartOf":{"@id":"https:\/\/www.webdo.tn\/fr\/actualite\/international\/egypte-36-morts-lors-dune-attaque-terroriste-au-sinai\/184078\/"},"author":{"name":"webdo.tn","@id":"https:\/\/www.webdo.tn\/fr\/#\/schema\/person\/9a9c6118d687c117df8ef3cc36a4d175"},"headline":"Egypte : 36 morts lors d\u2019une attaque terroriste au Sinai","datePublished":"2015-07-01T14:51:00+00:00","dateModified":"2025-05-19T10:12:43+00:00","mainEntityOfPage":{"@id":"https:\/\/www.webdo.tn\/fr\/actualite\/international\/egypte-36-morts-lors-dune-attaque-terroriste-au-sinai\/184078\/"},"wordCount":113,"commentCount":0,"publisher":{"@id":"https:\/\/www.webdo.tn\/fr\/#organization"},"image":{"@id":"https:\/\/www.webdo.tn\/fr\/actualite\/international\/egypte-36-morts-lors-dune-attaque-terroriste-au-sinai\/184078\/#primaryimage"},"thumbnailUrl":"https:\/\/www.webdo.tn\/fr\/wp-content\/uploads\/2015\/07\/Attentat-Sinai-300x169-1.jpg","keywords":["guerre"],"articleSection":["International"],"inLanguage":"fr-FR"},{"@type":"WebPage","@id":"https:\/\/www.webdo.tn\/fr\/actualite\/international\/egypte-36-morts-lors-dune-attaque-terroriste-au-sinai\/184078\/","url":"https:\/\/www.webdo.tn\/fr\/actualite\/international\/egypte-36-morts-lors-dune-attaque-terroriste-au-sinai\/184078\/","name":"Egypte : 36 morts lors d\u2019une attaque terroriste au Sinai","isPartOf":{"@id":"https:\/\/www.webdo.tn\/fr\/#website"},"primaryImageOfPage":{"@id":"https:\/\/www.webdo.tn\/fr\/actualite\/international\/egypte-36-morts-lors-dune-attaque-terroriste-au-sinai\/184078\/#primaryimage"},"image":{"@id":"https:\/\/www.webdo.tn\/fr\/actualite\/international\/egypte-36-morts-lors-dune-attaque-terroriste-au-sinai\/184078\/#primaryimage"},"thumbnailUrl":"https:\/\/www.webdo.tn\/fr\/wp-content\/uploads\/2015\/07\/Attentat-Sinai-300x169-1.jpg","datePublished":"2015-07-01T14:51:00+00:00","dateModified":"2025-05-19T10:12:43+00:00","description":"Egypte : 36 morts lors d\u2019une attaque terroriste au Sinai","breadcrumb":{"@id":"https:\/\/www.webdo.tn\/fr\/actualite\/international\/egypte-36-morts-lors-dune-attaque-terroriste-au-sinai\/184078\/#breadcrumb"},"inLanguage":"fr-FR","potentialAction":[{"@type":"ReadAction","target":["https:\/\/www.webdo.tn\/fr\/actualite\/international\/egypte-36-morts-lors-dune-attaque-terroriste-au-sinai\/184078\/"]}]},{"@type":"ImageObject","inLanguage":"fr-FR","@id":"https:\/\/www.webdo.tn\/fr\/actualite\/international\/egypte-36-morts-lors-dune-attaque-terroriste-au-sinai\/184078\/#primaryimage","url":"https:\/\/www.webdo.tn\/fr\/wp-content\/uploads\/2015\/07\/Attentat-Sinai-300x169-1.jpg","contentUrl":"https:\/\/www.webdo.tn\/fr\/wp-content\/uploads\/2015\/07\/Attentat-Sinai-300x169-1.jpg","width":300,"height":169,"caption":"Egypte : 36 morts lors d\u2019une attaque terroriste au Sinai"},{"@type":"BreadcrumbList","@id":"https:\/\/www.webdo.tn\/fr\/actualite\/international\/egypte-36-morts-lors-dune-attaque-terroriste-au-sinai\/184078\/#breadcrumb","itemListElement":[{"@type":"ListItem","position":1,"name":"Accueil","item":"https:\/\/www.webdo.tn\/fr\/"},{"@type":"ListItem","position":2,"name":"Egypte : 36 morts lors d\u2019une attaque terroriste au Sinai"}]},{"@type":"WebSite","@id":"https:\/\/www.webdo.tn\/fr\/#website","url":"https:\/\/www.webdo.tn\/fr\/","name":"webdo","description":"Tunisie - News en Tunisie et \u00e0 l&#039;international sur Webdo.tn","publisher":{"@id":"https:\/\/www.webdo.tn\/fr\/#organization"},"potentialAction":[{"@type":"SearchAction","target":{"@type":"EntryPoint","urlTemplate":"https:\/\/www.webdo.tn\/fr\/?s={search_term_string}"},"query-input":{"@type":"PropertyValueSpecification","valueRequired":true,"valueName":"search_term_string"}}],"inLanguage":"fr-FR"},{"@type":"Organization","@id":"https:\/\/www.webdo.tn\/fr\/#organization","name":"Webdo","alternateName":"Webdo.tn","url":"https:\/\/www.webdo.tn\/fr\/","logo":{"@type":"ImageObject","inLanguage":"fr-FR","@id":"https:\/\/www.webdo.tn\/fr\/#\/schema\/logo\/image\/","url":"https:\/\/www.webdo.tn\/fr\/wp-content\/uploads\/2025\/06\/Webdo-Tunisie_168377.jpg","contentUrl":"https:\/\/www.webdo.tn\/fr\/wp-content\/uploads\/2025\/06\/Webdo-Tunisie_168377.jpg","width":301,"height":301,"caption":"Webdo"},"image":{"@id":"https:\/\/www.webdo.tn\/fr\/#\/schema\/logo\/image\/"},"sameAs":["https:\/\/www.facebook.com\/webdotn","https:\/\/x.com\/webdo_tn"],"description":"Webdo est un m\u00e9dia num\u00e9rique tunisien fond\u00e9 en 2010, sp\u00e9cialis\u00e9 dans l\u2019actualit\u00e9 nationale et internationale, l\u2019\u00e9conomie, la soci\u00e9t\u00e9 et les analyses politiques. Le site s\u2019adresse \u00e0 un large public francophone et couvre l\u2019information tunisienne en temps r\u00e9el.","email":"redac@webdo.tn","legalName":"YNJ SARL","foundingDate":"2010-09-06","numberOfEmployees":{"@type":"QuantitativeValue","minValue":"11","maxValue":"50"}},{"@type":"Person","@id":"https:\/\/www.webdo.tn\/fr\/#\/schema\/person\/9a9c6118d687c117df8ef3cc36a4d175","name":"webdo.tn","image":{"@type":"ImageObject","inLanguage":"fr-FR","@id":"https:\/\/secure.gravatar.com\/avatar\/7ce1f28c0c3bbac99ff550b85ef8e44a6950c6ee24514fb6a5489e51d06f0298?s=96&d=mm&r=g","url":"https:\/\/secure.gravatar.com\/avatar\/7ce1f28c0c3bbac99ff550b85ef8e44a6950c6ee24514fb6a5489e51d06f0298?s=96&d=mm&r=g","contentUrl":"https:\/\/secure.gravatar.com\/avatar\/7ce1f28c0c3bbac99ff550b85ef8e44a6950c6ee24514fb6a5489e51d06f0298?s=96&d=mm&r=g","caption":"webdo.tn"},"url":"https:\/\/www.webdo.tn\/fr\/actualite\/author\/webdotn\/"}]}},"_links":{"self":[{"href":"https:\/\/www.webdo.tn\/fr\/wp-json\/wp\/v2\/posts\/184078","targetHints":{"allow":["GET"]}}],"collection":[{"href":"https:\/\/www.webdo.tn\/fr\/wp-json\/wp\/v2\/posts"}],"about":[{"href":"https:\/\/www.webdo.tn\/fr\/wp-json\/wp\/v2\/types\/post"}],"author":[{"embeddable":true,"href":"https:\/\/www.webdo.tn\/fr\/wp-json\/wp\/v2\/users\/3222"}],"replies":[{"embeddable":true,"href":"https:\/\/www.webdo.tn\/fr\/wp-json\/wp\/v2\/comments?post=184078"}],"version-history":[{"count":0,"href":"https:\/\/www.webdo.tn\/fr\/wp-json\/wp\/v2\/posts\/184078\/revisions"}],"wp:featuredmedia":[{"embeddable":true,"href":"https:\/\/www.webdo.tn\/fr\/wp-json\/wp\/v2\/media\/317892"}],"wp:attachment":[{"href":"https:\/\/www.webdo.tn\/fr\/wp-json\/wp\/v2\/media?parent=184078"}],"wp:term":[{"taxonomy":"category","embeddable":true,"href":"https:\/\/www.webdo.tn\/fr\/wp-json\/wp\/v2\/categories?post=184078"},{"taxonomy":"post_tag","embeddable":true,"href":"https:\/\/www.webdo.tn\/fr\/wp-json\/wp\/v2\/tags?post=184078"}],"curies":[{"name":"wp","href":"https:\/\/api.w.org\/{rel}","templated":true}]}}