{"id":184077,"date":"2015-07-02T11:10:00","date_gmt":"2015-07-02T11:10:00","guid":{"rendered":"https:\/\/www.webdo.tn\/fr\/blog\/apres-lattentat-de-sousse-la-grande-bretagne-decide-de-renforcer-sa-presence-en-syrie\/184077\/"},"modified":"2015-07-02T11:10:00","modified_gmt":"2015-07-02T11:10:00","slug":"apres-lattentat-de-sousse-la-grande-bretagne-decide-de-renforcer-sa-presence-en-syrie","status":"publish","type":"post","link":"https:\/\/www.webdo.tn\/fr\/actualite\/international\/apres-lattentat-de-sousse-la-grande-bretagne-decide-de-renforcer-sa-presence-en-syrie\/184077\/","title":{"rendered":"Apr\u00e8s l\u2019attentat de Sousse, la Grande-Bretagne d\u00e9cide de renforcer sa pr\u00e9sence en Syrie"},"content":{"rendered":"<p>L\u2019attentat de Sousse va-t-il \u00eatre le point de d\u00e9part vers un nouveau d\u00e9ploiement des forces britanniques en Syrie ?<\/p>\n<p>C\u2019est ce que laissent croire les informations parues dans la presse anglaise selon lesquelles la Grande-Bretagne envisage de renforcer son intervention en Syrie contre l\u2019Etat islamique.<\/p>\n<p>La Grande-Bretagne, qui fait partie de la force de la coalition internationale contre l\u2019organisation terroriste de l\u2019EI, contribue \u00e0 hauteur de 2000 soldats qui servent principalement \u00e0 titre d\u2019entra\u00eenement.<\/p>\n<p>En avril dernier, des drones de l\u2019artillerie royale et des brouilleurs \u00e9lectroniques ont \u00e9t\u00e9 mis en place alors qu\u2019un avion espion RAF Sentinel R1 est utilis\u00e9 pour identifier des cibles potentielles pour les frappes a\u00e9riennes.<\/p>\n<p>Apr\u00e8s l\u2019attentat de Sousse qui a fait 39 morts dont 30 Britanniques, la Grande-Bretagne semble d\u00e9cid\u00e9e \u00e0 intensifier sa pr\u00e9sence en Syrie afin d\u2019attaquer aux racines du terrorisme que repr\u00e9sente l\u2019EI.<br \/>\nC.C.<\/p>\n","protected":false},"excerpt":{"rendered":"<p>Apr\u00e8s l\u2019attentat de Sousse, la Grande-Bretagne d\u00e9cide de renforcer sa pr\u00e9sence en Syrie<\/p>\n","protected":false},"author":3222,"featured_media":336013,"comment_status":"open","ping_status":"closed","sticky":false,"template":"","format":"standard","meta":{"footnotes":""},"categories":[2598],"tags":[2600],"class_list":["post-184077","post","type-post","status-publish","format-standard","has-post-thumbnail","hentry","category-international","tag-guerre"],"yoast_head":"<!-- This site is optimized with the Yoast SEO Premium plugin v27.5 (Yoast SEO v27.5) - https:\/\/yoast.com\/product\/yoast-seo-premium-wordpress\/ -->\n<title>Apr\u00e8s l\u2019attentat de Sousse, la Grande-Bretagne d\u00e9cide de renforcer sa pr\u00e9sence en Syrie<\/title>\n<meta name=\"description\" content=\"Apr\u00e8s l\u2019attentat de Sousse, la Grande-Bretagne d\u00e9cide de renforcer sa pr\u00e9sence en Syrie\" \/>\n<link rel=\"canonical\" href=\"https:\/\/www.webdo.tn\/fr\/actualite\/international\/apres-lattentat-de-sousse-la-grande-bretagne-decide-de-renforcer-sa-presence-en-syrie\/184077\/\" \/>\n<meta property=\"og:locale\" content=\"fr_FR\" \/>\n<meta property=\"og:type\" content=\"article\" \/>\n<meta property=\"og:title\" content=\"Apr\u00e8s l\u2019attentat de Sousse, la Grande-Bretagne d\u00e9cide de renforcer sa pr\u00e9sence en Syrie\" \/>\n<meta property=\"og:description\" content=\"Apr\u00e8s l\u2019attentat de Sousse, la Grande-Bretagne d\u00e9cide de renforcer sa pr\u00e9sence en Syrie\" \/>\n<meta property=\"og:url\" content=\"https:\/\/www.webdo.tn\/fr\/actualite\/international\/apres-lattentat-de-sousse-la-grande-bretagne-decide-de-renforcer-sa-presence-en-syrie\/184077\/\" \/>\n<meta property=\"og:site_name\" content=\"webdo\" \/>\n<meta property=\"article:publisher\" content=\"https:\/\/www.facebook.com\/webdotn\" \/>\n<meta property=\"article:published_time\" content=\"2015-07-02T11:10:00+00:00\" \/>\n<meta property=\"og:image\" content=\"https:\/\/www.webdo.tn\/fr\/wp-content\/uploads\/2015\/07\/soldat-britannique-di-300x176-1.jpg\" \/>\n\t<meta property=\"og:image:width\" content=\"300\" \/>\n\t<meta property=\"og:image:height\" content=\"176\" \/>\n\t<meta property=\"og:image:type\" content=\"image\/jpeg\" \/>\n<meta name=\"author\" content=\"webdo.tn\" \/>\n<meta name=\"twitter:card\" content=\"summary_large_image\" \/>\n<meta name=\"twitter:creator\" content=\"@webdo_tn\" \/>\n<meta name=\"twitter:site\" content=\"@webdo_tn\" \/>\n<meta name=\"twitter:label1\" content=\"\u00c9crit par\" \/>\n\t<meta name=\"twitter:data1\" content=\"webdo.tn\" \/>\n\t<meta name=\"twitter:label2\" content=\"Dur\u00e9e de lecture estim\u00e9e\" \/>\n\t<meta name=\"twitter:data2\" content=\"1 minute\" \/>\n<script type=\"application\/ld+json\" class=\"yoast-schema-graph\">{\"@context\":\"https:\\\/\\\/schema.org\",\"@graph\":[{\"@type\":\"NewsArticle\",\"@id\":\"https:\\\/\\\/www.webdo.tn\\\/fr\\\/actualite\\\/international\\\/apres-lattentat-de-sousse-la-grande-bretagne-decide-de-renforcer-sa-presence-en-syrie\\\/184077\\\/#article\",\"isPartOf\":{\"@id\":\"https:\\\/\\\/www.webdo.tn\\\/fr\\\/actualite\\\/international\\\/apres-lattentat-de-sousse-la-grande-bretagne-decide-de-renforcer-sa-presence-en-syrie\\\/184077\\\/\"},\"author\":{\"name\":\"webdo.tn\",\"@id\":\"https:\\\/\\\/www.webdo.tn\\\/fr\\\/#\\\/schema\\\/person\\\/9a9c6118d687c117df8ef3cc36a4d175\"},\"headline\":\"Apr\u00e8s l\u2019attentat de Sousse, la Grande-Bretagne d\u00e9cide de renforcer sa pr\u00e9sence en Syrie\",\"datePublished\":\"2015-07-02T11:10:00+00:00\",\"mainEntityOfPage\":{\"@id\":\"https:\\\/\\\/www.webdo.tn\\\/fr\\\/actualite\\\/international\\\/apres-lattentat-de-sousse-la-grande-bretagne-decide-de-renforcer-sa-presence-en-syrie\\\/184077\\\/\"},\"wordCount\":172,\"commentCount\":0,\"publisher\":{\"@id\":\"https:\\\/\\\/www.webdo.tn\\\/fr\\\/#organization\"},\"image\":{\"@id\":\"https:\\\/\\\/www.webdo.tn\\\/fr\\\/actualite\\\/international\\\/apres-lattentat-de-sousse-la-grande-bretagne-decide-de-renforcer-sa-presence-en-syrie\\\/184077\\\/#primaryimage\"},\"thumbnailUrl\":\"https:\\\/\\\/www.webdo.tn\\\/fr\\\/wp-content\\\/uploads\\\/2015\\\/07\\\/soldat-britannique-di-300x176-1.jpg\",\"keywords\":[\"guerre\"],\"articleSection\":[\"International\"],\"inLanguage\":\"fr-FR\"},{\"@type\":\"WebPage\",\"@id\":\"https:\\\/\\\/www.webdo.tn\\\/fr\\\/actualite\\\/international\\\/apres-lattentat-de-sousse-la-grande-bretagne-decide-de-renforcer-sa-presence-en-syrie\\\/184077\\\/\",\"url\":\"https:\\\/\\\/www.webdo.tn\\\/fr\\\/actualite\\\/international\\\/apres-lattentat-de-sousse-la-grande-bretagne-decide-de-renforcer-sa-presence-en-syrie\\\/184077\\\/\",\"name\":\"Apr\u00e8s l\u2019attentat de Sousse, la Grande-Bretagne d\u00e9cide de renforcer sa pr\u00e9sence en Syrie\",\"isPartOf\":{\"@id\":\"https:\\\/\\\/www.webdo.tn\\\/fr\\\/#website\"},\"primaryImageOfPage\":{\"@id\":\"https:\\\/\\\/www.webdo.tn\\\/fr\\\/actualite\\\/international\\\/apres-lattentat-de-sousse-la-grande-bretagne-decide-de-renforcer-sa-presence-en-syrie\\\/184077\\\/#primaryimage\"},\"image\":{\"@id\":\"https:\\\/\\\/www.webdo.tn\\\/fr\\\/actualite\\\/international\\\/apres-lattentat-de-sousse-la-grande-bretagne-decide-de-renforcer-sa-presence-en-syrie\\\/184077\\\/#primaryimage\"},\"thumbnailUrl\":\"https:\\\/\\\/www.webdo.tn\\\/fr\\\/wp-content\\\/uploads\\\/2015\\\/07\\\/soldat-britannique-di-300x176-1.jpg\",\"datePublished\":\"2015-07-02T11:10:00+00:00\",\"description\":\"Apr\u00e8s l\u2019attentat de Sousse, la Grande-Bretagne d\u00e9cide de renforcer sa pr\u00e9sence en Syrie\",\"breadcrumb\":{\"@id\":\"https:\\\/\\\/www.webdo.tn\\\/fr\\\/actualite\\\/international\\\/apres-lattentat-de-sousse-la-grande-bretagne-decide-de-renforcer-sa-presence-en-syrie\\\/184077\\\/#breadcrumb\"},\"inLanguage\":\"fr-FR\",\"potentialAction\":[{\"@type\":\"ReadAction\",\"target\":[\"https:\\\/\\\/www.webdo.tn\\\/fr\\\/actualite\\\/international\\\/apres-lattentat-de-sousse-la-grande-bretagne-decide-de-renforcer-sa-presence-en-syrie\\\/184077\\\/\"]}]},{\"@type\":\"ImageObject\",\"inLanguage\":\"fr-FR\",\"@id\":\"https:\\\/\\\/www.webdo.tn\\\/fr\\\/actualite\\\/international\\\/apres-lattentat-de-sousse-la-grande-bretagne-decide-de-renforcer-sa-presence-en-syrie\\\/184077\\\/#primaryimage\",\"url\":\"https:\\\/\\\/www.webdo.tn\\\/fr\\\/wp-content\\\/uploads\\\/2015\\\/07\\\/soldat-britannique-di-300x176-1.jpg\",\"contentUrl\":\"https:\\\/\\\/www.webdo.tn\\\/fr\\\/wp-content\\\/uploads\\\/2015\\\/07\\\/soldat-britannique-di-300x176-1.jpg\",\"width\":300,\"height\":176,\"caption\":\"Apr\u00e8s l\u2019attentat de Sousse, la Grande-Bretagne d\u00e9cide de renforcer sa pr\u00e9sence en Syrie\"},{\"@type\":\"BreadcrumbList\",\"@id\":\"https:\\\/\\\/www.webdo.tn\\\/fr\\\/actualite\\\/international\\\/apres-lattentat-de-sousse-la-grande-bretagne-decide-de-renforcer-sa-presence-en-syrie\\\/184077\\\/#breadcrumb\",\"itemListElement\":[{\"@type\":\"ListItem\",\"position\":1,\"name\":\"Accueil\",\"item\":\"https:\\\/\\\/www.webdo.tn\\\/fr\\\/\"},{\"@type\":\"ListItem\",\"position\":2,\"name\":\"Apr\u00e8s l\u2019attentat de Sousse, la Grande-Bretagne d\u00e9cide de renforcer sa pr\u00e9sence en Syrie\"}]},{\"@type\":\"WebSite\",\"@id\":\"https:\\\/\\\/www.webdo.tn\\\/fr\\\/#website\",\"url\":\"https:\\\/\\\/www.webdo.tn\\\/fr\\\/\",\"name\":\"webdo\",\"description\":\"Tunisie - News en Tunisie et \u00e0 l&#039;international sur Webdo.tn\",\"publisher\":{\"@id\":\"https:\\\/\\\/www.webdo.tn\\\/fr\\\/#organization\"},\"potentialAction\":[{\"@type\":\"SearchAction\",\"target\":{\"@type\":\"EntryPoint\",\"urlTemplate\":\"https:\\\/\\\/www.webdo.tn\\\/fr\\\/?s={search_term_string}\"},\"query-input\":{\"@type\":\"PropertyValueSpecification\",\"valueRequired\":true,\"valueName\":\"search_term_string\"}}],\"inLanguage\":\"fr-FR\"},{\"@type\":\"Organization\",\"@id\":\"https:\\\/\\\/www.webdo.tn\\\/fr\\\/#organization\",\"name\":\"Webdo\",\"alternateName\":\"Webdo.tn\",\"url\":\"https:\\\/\\\/www.webdo.tn\\\/fr\\\/\",\"logo\":{\"@type\":\"ImageObject\",\"inLanguage\":\"fr-FR\",\"@id\":\"https:\\\/\\\/www.webdo.tn\\\/fr\\\/#\\\/schema\\\/logo\\\/image\\\/\",\"url\":\"https:\\\/\\\/www.webdo.tn\\\/fr\\\/wp-content\\\/uploads\\\/2025\\\/06\\\/Webdo-Tunisie_168377.jpg\",\"contentUrl\":\"https:\\\/\\\/www.webdo.tn\\\/fr\\\/wp-content\\\/uploads\\\/2025\\\/06\\\/Webdo-Tunisie_168377.jpg\",\"width\":301,\"height\":301,\"caption\":\"Webdo\"},\"image\":{\"@id\":\"https:\\\/\\\/www.webdo.tn\\\/fr\\\/#\\\/schema\\\/logo\\\/image\\\/\"},\"sameAs\":[\"https:\\\/\\\/www.facebook.com\\\/webdotn\",\"https:\\\/\\\/x.com\\\/webdo_tn\"],\"description\":\"Webdo est un m\u00e9dia num\u00e9rique tunisien fond\u00e9 en 2010, sp\u00e9cialis\u00e9 dans l\u2019actualit\u00e9 nationale et internationale, l\u2019\u00e9conomie, la soci\u00e9t\u00e9 et les analyses politiques. Le site s\u2019adresse \u00e0 un large public francophone et couvre l\u2019information tunisienne en temps r\u00e9el.\",\"email\":\"redac@webdo.tn\",\"legalName\":\"YNJ SARL\",\"foundingDate\":\"2010-09-06\",\"numberOfEmployees\":{\"@type\":\"QuantitativeValue\",\"minValue\":\"11\",\"maxValue\":\"50\"}},{\"@type\":\"Person\",\"@id\":\"https:\\\/\\\/www.webdo.tn\\\/fr\\\/#\\\/schema\\\/person\\\/9a9c6118d687c117df8ef3cc36a4d175\",\"name\":\"webdo.tn\",\"image\":{\"@type\":\"ImageObject\",\"inLanguage\":\"fr-FR\",\"@id\":\"https:\\\/\\\/secure.gravatar.com\\\/avatar\\\/7ce1f28c0c3bbac99ff550b85ef8e44a6950c6ee24514fb6a5489e51d06f0298?s=96&d=mm&r=g\",\"url\":\"https:\\\/\\\/secure.gravatar.com\\\/avatar\\\/7ce1f28c0c3bbac99ff550b85ef8e44a6950c6ee24514fb6a5489e51d06f0298?s=96&d=mm&r=g\",\"contentUrl\":\"https:\\\/\\\/secure.gravatar.com\\\/avatar\\\/7ce1f28c0c3bbac99ff550b85ef8e44a6950c6ee24514fb6a5489e51d06f0298?s=96&d=mm&r=g\",\"caption\":\"webdo.tn\"},\"url\":\"https:\\\/\\\/www.webdo.tn\\\/fr\\\/actualite\\\/author\\\/webdotn\\\/\"}]}<\/script>\n<!-- \/ Yoast SEO Premium plugin. -->","yoast_head_json":{"title":"Apr\u00e8s l\u2019attentat de Sousse, la Grande-Bretagne d\u00e9cide de renforcer sa pr\u00e9sence en Syrie","description":"Apr\u00e8s l\u2019attentat de Sousse, la Grande-Bretagne d\u00e9cide de renforcer sa pr\u00e9sence en Syrie","canonical":"https:\/\/www.webdo.tn\/fr\/actualite\/international\/apres-lattentat-de-sousse-la-grande-bretagne-decide-de-renforcer-sa-presence-en-syrie\/184077\/","og_locale":"fr_FR","og_type":"article","og_title":"Apr\u00e8s l\u2019attentat de Sousse, la Grande-Bretagne d\u00e9cide de renforcer sa pr\u00e9sence en Syrie","og_description":"Apr\u00e8s l\u2019attentat de Sousse, la Grande-Bretagne d\u00e9cide de renforcer sa pr\u00e9sence en Syrie","og_url":"https:\/\/www.webdo.tn\/fr\/actualite\/international\/apres-lattentat-de-sousse-la-grande-bretagne-decide-de-renforcer-sa-presence-en-syrie\/184077\/","og_site_name":"webdo","article_publisher":"https:\/\/www.facebook.com\/webdotn","article_published_time":"2015-07-02T11:10:00+00:00","og_image":[{"width":300,"height":176,"url":"https:\/\/www.webdo.tn\/fr\/wp-content\/uploads\/2015\/07\/soldat-britannique-di-300x176-1.jpg","type":"image\/jpeg"}],"author":"webdo.tn","twitter_card":"summary_large_image","twitter_creator":"@webdo_tn","twitter_site":"@webdo_tn","twitter_misc":{"\u00c9crit par":"webdo.tn","Dur\u00e9e de lecture estim\u00e9e":"1 minute"},"schema":{"@context":"https:\/\/schema.org","@graph":[{"@type":"NewsArticle","@id":"https:\/\/www.webdo.tn\/fr\/actualite\/international\/apres-lattentat-de-sousse-la-grande-bretagne-decide-de-renforcer-sa-presence-en-syrie\/184077\/#article","isPartOf":{"@id":"https:\/\/www.webdo.tn\/fr\/actualite\/international\/apres-lattentat-de-sousse-la-grande-bretagne-decide-de-renforcer-sa-presence-en-syrie\/184077\/"},"author":{"name":"webdo.tn","@id":"https:\/\/www.webdo.tn\/fr\/#\/schema\/person\/9a9c6118d687c117df8ef3cc36a4d175"},"headline":"Apr\u00e8s l\u2019attentat de Sousse, la Grande-Bretagne d\u00e9cide de renforcer sa pr\u00e9sence en Syrie","datePublished":"2015-07-02T11:10:00+00:00","mainEntityOfPage":{"@id":"https:\/\/www.webdo.tn\/fr\/actualite\/international\/apres-lattentat-de-sousse-la-grande-bretagne-decide-de-renforcer-sa-presence-en-syrie\/184077\/"},"wordCount":172,"commentCount":0,"publisher":{"@id":"https:\/\/www.webdo.tn\/fr\/#organization"},"image":{"@id":"https:\/\/www.webdo.tn\/fr\/actualite\/international\/apres-lattentat-de-sousse-la-grande-bretagne-decide-de-renforcer-sa-presence-en-syrie\/184077\/#primaryimage"},"thumbnailUrl":"https:\/\/www.webdo.tn\/fr\/wp-content\/uploads\/2015\/07\/soldat-britannique-di-300x176-1.jpg","keywords":["guerre"],"articleSection":["International"],"inLanguage":"fr-FR"},{"@type":"WebPage","@id":"https:\/\/www.webdo.tn\/fr\/actualite\/international\/apres-lattentat-de-sousse-la-grande-bretagne-decide-de-renforcer-sa-presence-en-syrie\/184077\/","url":"https:\/\/www.webdo.tn\/fr\/actualite\/international\/apres-lattentat-de-sousse-la-grande-bretagne-decide-de-renforcer-sa-presence-en-syrie\/184077\/","name":"Apr\u00e8s l\u2019attentat de Sousse, la Grande-Bretagne d\u00e9cide de renforcer sa pr\u00e9sence en Syrie","isPartOf":{"@id":"https:\/\/www.webdo.tn\/fr\/#website"},"primaryImageOfPage":{"@id":"https:\/\/www.webdo.tn\/fr\/actualite\/international\/apres-lattentat-de-sousse-la-grande-bretagne-decide-de-renforcer-sa-presence-en-syrie\/184077\/#primaryimage"},"image":{"@id":"https:\/\/www.webdo.tn\/fr\/actualite\/international\/apres-lattentat-de-sousse-la-grande-bretagne-decide-de-renforcer-sa-presence-en-syrie\/184077\/#primaryimage"},"thumbnailUrl":"https:\/\/www.webdo.tn\/fr\/wp-content\/uploads\/2015\/07\/soldat-britannique-di-300x176-1.jpg","datePublished":"2015-07-02T11:10:00+00:00","description":"Apr\u00e8s l\u2019attentat de Sousse, la Grande-Bretagne d\u00e9cide de renforcer sa pr\u00e9sence en Syrie","breadcrumb":{"@id":"https:\/\/www.webdo.tn\/fr\/actualite\/international\/apres-lattentat-de-sousse-la-grande-bretagne-decide-de-renforcer-sa-presence-en-syrie\/184077\/#breadcrumb"},"inLanguage":"fr-FR","potentialAction":[{"@type":"ReadAction","target":["https:\/\/www.webdo.tn\/fr\/actualite\/international\/apres-lattentat-de-sousse-la-grande-bretagne-decide-de-renforcer-sa-presence-en-syrie\/184077\/"]}]},{"@type":"ImageObject","inLanguage":"fr-FR","@id":"https:\/\/www.webdo.tn\/fr\/actualite\/international\/apres-lattentat-de-sousse-la-grande-bretagne-decide-de-renforcer-sa-presence-en-syrie\/184077\/#primaryimage","url":"https:\/\/www.webdo.tn\/fr\/wp-content\/uploads\/2015\/07\/soldat-britannique-di-300x176-1.jpg","contentUrl":"https:\/\/www.webdo.tn\/fr\/wp-content\/uploads\/2015\/07\/soldat-britannique-di-300x176-1.jpg","width":300,"height":176,"caption":"Apr\u00e8s l\u2019attentat de Sousse, la Grande-Bretagne d\u00e9cide de renforcer sa pr\u00e9sence en Syrie"},{"@type":"BreadcrumbList","@id":"https:\/\/www.webdo.tn\/fr\/actualite\/international\/apres-lattentat-de-sousse-la-grande-bretagne-decide-de-renforcer-sa-presence-en-syrie\/184077\/#breadcrumb","itemListElement":[{"@type":"ListItem","position":1,"name":"Accueil","item":"https:\/\/www.webdo.tn\/fr\/"},{"@type":"ListItem","position":2,"name":"Apr\u00e8s l\u2019attentat de Sousse, la Grande-Bretagne d\u00e9cide de renforcer sa pr\u00e9sence en Syrie"}]},{"@type":"WebSite","@id":"https:\/\/www.webdo.tn\/fr\/#website","url":"https:\/\/www.webdo.tn\/fr\/","name":"webdo","description":"Tunisie - News en Tunisie et \u00e0 l&#039;international sur Webdo.tn","publisher":{"@id":"https:\/\/www.webdo.tn\/fr\/#organization"},"potentialAction":[{"@type":"SearchAction","target":{"@type":"EntryPoint","urlTemplate":"https:\/\/www.webdo.tn\/fr\/?s={search_term_string}"},"query-input":{"@type":"PropertyValueSpecification","valueRequired":true,"valueName":"search_term_string"}}],"inLanguage":"fr-FR"},{"@type":"Organization","@id":"https:\/\/www.webdo.tn\/fr\/#organization","name":"Webdo","alternateName":"Webdo.tn","url":"https:\/\/www.webdo.tn\/fr\/","logo":{"@type":"ImageObject","inLanguage":"fr-FR","@id":"https:\/\/www.webdo.tn\/fr\/#\/schema\/logo\/image\/","url":"https:\/\/www.webdo.tn\/fr\/wp-content\/uploads\/2025\/06\/Webdo-Tunisie_168377.jpg","contentUrl":"https:\/\/www.webdo.tn\/fr\/wp-content\/uploads\/2025\/06\/Webdo-Tunisie_168377.jpg","width":301,"height":301,"caption":"Webdo"},"image":{"@id":"https:\/\/www.webdo.tn\/fr\/#\/schema\/logo\/image\/"},"sameAs":["https:\/\/www.facebook.com\/webdotn","https:\/\/x.com\/webdo_tn"],"description":"Webdo est un m\u00e9dia num\u00e9rique tunisien fond\u00e9 en 2010, sp\u00e9cialis\u00e9 dans l\u2019actualit\u00e9 nationale et internationale, l\u2019\u00e9conomie, la soci\u00e9t\u00e9 et les analyses politiques. Le site s\u2019adresse \u00e0 un large public francophone et couvre l\u2019information tunisienne en temps r\u00e9el.","email":"redac@webdo.tn","legalName":"YNJ SARL","foundingDate":"2010-09-06","numberOfEmployees":{"@type":"QuantitativeValue","minValue":"11","maxValue":"50"}},{"@type":"Person","@id":"https:\/\/www.webdo.tn\/fr\/#\/schema\/person\/9a9c6118d687c117df8ef3cc36a4d175","name":"webdo.tn","image":{"@type":"ImageObject","inLanguage":"fr-FR","@id":"https:\/\/secure.gravatar.com\/avatar\/7ce1f28c0c3bbac99ff550b85ef8e44a6950c6ee24514fb6a5489e51d06f0298?s=96&d=mm&r=g","url":"https:\/\/secure.gravatar.com\/avatar\/7ce1f28c0c3bbac99ff550b85ef8e44a6950c6ee24514fb6a5489e51d06f0298?s=96&d=mm&r=g","contentUrl":"https:\/\/secure.gravatar.com\/avatar\/7ce1f28c0c3bbac99ff550b85ef8e44a6950c6ee24514fb6a5489e51d06f0298?s=96&d=mm&r=g","caption":"webdo.tn"},"url":"https:\/\/www.webdo.tn\/fr\/actualite\/author\/webdotn\/"}]}},"_links":{"self":[{"href":"https:\/\/www.webdo.tn\/fr\/wp-json\/wp\/v2\/posts\/184077","targetHints":{"allow":["GET"]}}],"collection":[{"href":"https:\/\/www.webdo.tn\/fr\/wp-json\/wp\/v2\/posts"}],"about":[{"href":"https:\/\/www.webdo.tn\/fr\/wp-json\/wp\/v2\/types\/post"}],"author":[{"embeddable":true,"href":"https:\/\/www.webdo.tn\/fr\/wp-json\/wp\/v2\/users\/3222"}],"replies":[{"embeddable":true,"href":"https:\/\/www.webdo.tn\/fr\/wp-json\/wp\/v2\/comments?post=184077"}],"version-history":[{"count":0,"href":"https:\/\/www.webdo.tn\/fr\/wp-json\/wp\/v2\/posts\/184077\/revisions"}],"wp:featuredmedia":[{"embeddable":true,"href":"https:\/\/www.webdo.tn\/fr\/wp-json\/wp\/v2\/media\/336013"}],"wp:attachment":[{"href":"https:\/\/www.webdo.tn\/fr\/wp-json\/wp\/v2\/media?parent=184077"}],"wp:term":[{"taxonomy":"category","embeddable":true,"href":"https:\/\/www.webdo.tn\/fr\/wp-json\/wp\/v2\/categories?post=184077"},{"taxonomy":"post_tag","embeddable":true,"href":"https:\/\/www.webdo.tn\/fr\/wp-json\/wp\/v2\/tags?post=184077"}],"curies":[{"name":"wp","href":"https:\/\/api.w.org\/{rel}","templated":true}]}}