{"id":184076,"date":"2015-07-02T11:48:00","date_gmt":"2015-07-02T11:48:00","guid":{"rendered":"https:\/\/www.webdo.tn\/fr\/blog\/plus-de-170-tues-au-sinai-cest-la-guerre-entre-legypte-et-letat-islamique\/184076\/"},"modified":"2015-07-02T11:48:00","modified_gmt":"2015-07-02T11:48:00","slug":"plus-de-170-tues-au-sinai-cest-la-guerre-entre-legypte-et-letat-islamique","status":"publish","type":"post","link":"https:\/\/www.webdo.tn\/fr\/actualite\/international\/plus-de-170-tues-au-sinai-cest-la-guerre-entre-legypte-et-letat-islamique\/184076\/","title":{"rendered":"Plus de 170 tu\u00e9s au Sina\u00ef : C&rsquo;est la guerre entre l&rsquo;Egypte et l&rsquo;Etat islamique&#8230;"},"content":{"rendered":"<p>Des attaques terroristes revendiqu\u00e9es par l\u2019Etat Islamique ont frapp\u00e9, hier, mercredi 1er juillet, de plein fouet l\u2019arm\u00e9e Egyptienne au Sinai.<\/p>\n<p>Alors qu&rsquo;un premier bilan d\u00e9livr\u00e9 par l\u2019arm\u00e9e indiquait un chiffre de 36 morts entre soldats et civils et 38 assaillants tu\u00e9s dans les combats, ce bilan s&rsquo;est gravement alourdit.<br \/>\n170 morts ?<br \/>\nLe nouveau bilan de cette \u00ab\u00a0guerre\u00a0\u00bb que se livrent d\u00e9sormais l&rsquo;arm\u00e9e \u00e9gyptienne et l&rsquo;Etat islamique, a atteint pr\u00e8s de 170 morts des deux c\u00f4t\u00e9s.<\/p>\n<p>Selon des responsables Egyptiens de la sant\u00e9 et de la s\u00e9curit\u00e9, 70 soldats et civils ont p\u00e9ri lors de la s\u00e9rie d\u2019attaques effectu\u00e9es par l\u2019Etat Islamique au Sina\u00ef, hier. Tandis qu\u2019un communiqu\u00e9 de l\u2019arm\u00e9e, d\u00e9livr\u00e9 le m\u00eame jour d\u00e9clare 17 soldats morts contre 100 parmi les djihadistes.<br \/>\nAttaques enchain\u00e9es<br \/>\nL\u2019Etat Islamique ayant imm\u00e9diatement revendiqu\u00e9 ces attaques, a mobilis\u00e9 ses moyens les plus lourds et vis\u00e9 quatre points de contr\u00f4le routier autour de la ville de Cheikh Zouweid avec une s\u00e9rie d\u2019attaques arm\u00e9es violentes.<\/p>\n<p>Ce n\u2019est pas le premier signal de guerre que l\u2019Etat Islamique a donn\u00e9, mais il vient apr\u00e8s deux op\u00e9rations dont l\u2019une a cibl\u00e9 le procureur G\u00e9n\u00e9ral de l\u2019Egypte dans un attentat \u00e0 la bombe, la deuxi\u00e8me visant deux juges.<\/p>\n<p>En avril, deux attaques \u00e9galement revendiqu\u00e9e par l\u2019Etat Islamique, ont engendr\u00e9 une trentaine de victimes entre soldats, policiers et civils au Nord-Sina\u00ef.<br \/>\nLes djihadistes se vengent<br \/>\nLes djihadistes affirment qu\u2019il s\u2019agit d\u2019une r\u00e9action face aux injustices commises contre les islamistes depuis la chute de Morsi.<\/p>\n<p>Ils reviennent d\u2019ailleurs sur \u00e9v\u00e8nements principaux, d\u2019une part, la sanglante r\u00e9pression qui s\u2019est abattue sur les pro-Morsi et qui a fait plus que 1400 morts, d\u2019une autre part, la pendaison de six hommes coupables d\u2019avoir contribu\u00e9 \u00e0 des attaques au nom de l\u2019Etat Islamique.<\/p>\n<p>L\u2019attaque de Sina\u00ef, qui marque le deuxi\u00e8me anniversaire de l\u2019\u00e9viction du pr\u00e9sident islamiste, a pris visiblement de l\u2019ampleur. En effet, l\u2019arm\u00e9e Egyptienne s\u2019est mobilis\u00e9e massivement en r\u00e9ponse \u00e0 ces raids soudains de l\u2019Etat Islamique dans la zone frontali\u00e8re avec Isra\u00ebl, qui est d\u2019ailleurs d\u00e9militaris\u00e9e conform\u00e9ment \u00e0 l\u2019accord de paix avec Isra\u00ebl.<\/p>\n<p>Cette mobilisation de l\u2019arm\u00e9e Egyptienne est la premi\u00e8re depuis la guerre Isra\u00e9lo-\u00e9gyptienne de 1973.<br \/>\nAfef Toumi<\/p>\n","protected":false},"excerpt":{"rendered":"<p>Plus de 170 tu\u00e9s au Sina\u00ef : C&rsquo;est la guerre entre l&rsquo;Egypte et l&rsquo;Etat islamique&#8230;<\/p>\n","protected":false},"author":3222,"featured_media":336014,"comment_status":"open","ping_status":"closed","sticky":false,"template":"","format":"standard","meta":{"footnotes":""},"categories":[2598],"tags":[2600],"class_list":["post-184076","post","type-post","status-publish","format-standard","has-post-thumbnail","hentry","category-international","tag-guerre"],"yoast_head":"<!-- This site is optimized with the Yoast SEO Premium plugin v27.5 (Yoast SEO v27.5) - https:\/\/yoast.com\/product\/yoast-seo-premium-wordpress\/ -->\n<title>Plus de 170 tu\u00e9s au Sina\u00ef : C&#039;est la guerre entre l&#039;Egypte et l&#039;Etat islamique...<\/title>\n<meta name=\"description\" content=\"Plus de 170 tu\u00e9s au Sina\u00ef : C&#039;est la guerre entre l&#039;Egypte et l&#039;Etat islamique...\" \/>\n<link rel=\"canonical\" href=\"https:\/\/www.webdo.tn\/fr\/actualite\/international\/plus-de-170-tues-au-sinai-cest-la-guerre-entre-legypte-et-letat-islamique\/184076\/\" \/>\n<meta property=\"og:locale\" content=\"fr_FR\" \/>\n<meta property=\"og:type\" content=\"article\" \/>\n<meta property=\"og:title\" content=\"Plus de 170 tu\u00e9s au Sina\u00ef : C&#039;est la guerre entre l&#039;Egypte et l&#039;Etat islamique...\" \/>\n<meta property=\"og:description\" content=\"Plus de 170 tu\u00e9s au Sina\u00ef : C&#039;est la guerre entre l&#039;Egypte et l&#039;Etat islamique...\" \/>\n<meta property=\"og:url\" content=\"https:\/\/www.webdo.tn\/fr\/actualite\/international\/plus-de-170-tues-au-sinai-cest-la-guerre-entre-legypte-et-letat-islamique\/184076\/\" \/>\n<meta property=\"og:site_name\" content=\"webdo\" \/>\n<meta property=\"article:publisher\" content=\"https:\/\/www.facebook.com\/webdotn\" \/>\n<meta property=\"article:published_time\" content=\"2015-07-02T11:48:00+00:00\" \/>\n<meta property=\"og:image\" content=\"https:\/\/www.webdo.tn\/fr\/wp-content\/uploads\/2015\/07\/Sinai-Reuters.jpg\" \/>\n\t<meta property=\"og:image:width\" content=\"600\" \/>\n\t<meta property=\"og:image:height\" content=\"338\" \/>\n\t<meta property=\"og:image:type\" content=\"image\/jpeg\" \/>\n<meta name=\"author\" content=\"webdo.tn\" \/>\n<meta name=\"twitter:card\" content=\"summary_large_image\" \/>\n<meta name=\"twitter:creator\" content=\"@webdo_tn\" \/>\n<meta name=\"twitter:site\" content=\"@webdo_tn\" \/>\n<meta name=\"twitter:label1\" content=\"\u00c9crit par\" \/>\n\t<meta name=\"twitter:data1\" content=\"webdo.tn\" \/>\n\t<meta name=\"twitter:label2\" content=\"Dur\u00e9e de lecture estim\u00e9e\" \/>\n\t<meta name=\"twitter:data2\" content=\"2 minutes\" \/>\n<script type=\"application\/ld+json\" class=\"yoast-schema-graph\">{\"@context\":\"https:\\\/\\\/schema.org\",\"@graph\":[{\"@type\":\"NewsArticle\",\"@id\":\"https:\\\/\\\/www.webdo.tn\\\/fr\\\/actualite\\\/international\\\/plus-de-170-tues-au-sinai-cest-la-guerre-entre-legypte-et-letat-islamique\\\/184076\\\/#article\",\"isPartOf\":{\"@id\":\"https:\\\/\\\/www.webdo.tn\\\/fr\\\/actualite\\\/international\\\/plus-de-170-tues-au-sinai-cest-la-guerre-entre-legypte-et-letat-islamique\\\/184076\\\/\"},\"author\":{\"name\":\"webdo.tn\",\"@id\":\"https:\\\/\\\/www.webdo.tn\\\/fr\\\/#\\\/schema\\\/person\\\/9a9c6118d687c117df8ef3cc36a4d175\"},\"headline\":\"Plus de 170 tu\u00e9s au Sina\u00ef : C&rsquo;est la guerre entre l&rsquo;Egypte et l&rsquo;Etat islamique&#8230;\",\"datePublished\":\"2015-07-02T11:48:00+00:00\",\"mainEntityOfPage\":{\"@id\":\"https:\\\/\\\/www.webdo.tn\\\/fr\\\/actualite\\\/international\\\/plus-de-170-tues-au-sinai-cest-la-guerre-entre-legypte-et-letat-islamique\\\/184076\\\/\"},\"wordCount\":440,\"commentCount\":0,\"publisher\":{\"@id\":\"https:\\\/\\\/www.webdo.tn\\\/fr\\\/#organization\"},\"image\":{\"@id\":\"https:\\\/\\\/www.webdo.tn\\\/fr\\\/actualite\\\/international\\\/plus-de-170-tues-au-sinai-cest-la-guerre-entre-legypte-et-letat-islamique\\\/184076\\\/#primaryimage\"},\"thumbnailUrl\":\"https:\\\/\\\/www.webdo.tn\\\/fr\\\/wp-content\\\/uploads\\\/2015\\\/07\\\/Sinai-Reuters.jpg\",\"keywords\":[\"guerre\"],\"articleSection\":[\"International\"],\"inLanguage\":\"fr-FR\"},{\"@type\":\"WebPage\",\"@id\":\"https:\\\/\\\/www.webdo.tn\\\/fr\\\/actualite\\\/international\\\/plus-de-170-tues-au-sinai-cest-la-guerre-entre-legypte-et-letat-islamique\\\/184076\\\/\",\"url\":\"https:\\\/\\\/www.webdo.tn\\\/fr\\\/actualite\\\/international\\\/plus-de-170-tues-au-sinai-cest-la-guerre-entre-legypte-et-letat-islamique\\\/184076\\\/\",\"name\":\"Plus de 170 tu\u00e9s au Sina\u00ef : C'est la guerre entre l'Egypte et l'Etat islamique...\",\"isPartOf\":{\"@id\":\"https:\\\/\\\/www.webdo.tn\\\/fr\\\/#website\"},\"primaryImageOfPage\":{\"@id\":\"https:\\\/\\\/www.webdo.tn\\\/fr\\\/actualite\\\/international\\\/plus-de-170-tues-au-sinai-cest-la-guerre-entre-legypte-et-letat-islamique\\\/184076\\\/#primaryimage\"},\"image\":{\"@id\":\"https:\\\/\\\/www.webdo.tn\\\/fr\\\/actualite\\\/international\\\/plus-de-170-tues-au-sinai-cest-la-guerre-entre-legypte-et-letat-islamique\\\/184076\\\/#primaryimage\"},\"thumbnailUrl\":\"https:\\\/\\\/www.webdo.tn\\\/fr\\\/wp-content\\\/uploads\\\/2015\\\/07\\\/Sinai-Reuters.jpg\",\"datePublished\":\"2015-07-02T11:48:00+00:00\",\"description\":\"Plus de 170 tu\u00e9s au Sina\u00ef : C'est la guerre entre l'Egypte et l'Etat islamique...\",\"breadcrumb\":{\"@id\":\"https:\\\/\\\/www.webdo.tn\\\/fr\\\/actualite\\\/international\\\/plus-de-170-tues-au-sinai-cest-la-guerre-entre-legypte-et-letat-islamique\\\/184076\\\/#breadcrumb\"},\"inLanguage\":\"fr-FR\",\"potentialAction\":[{\"@type\":\"ReadAction\",\"target\":[\"https:\\\/\\\/www.webdo.tn\\\/fr\\\/actualite\\\/international\\\/plus-de-170-tues-au-sinai-cest-la-guerre-entre-legypte-et-letat-islamique\\\/184076\\\/\"]}]},{\"@type\":\"ImageObject\",\"inLanguage\":\"fr-FR\",\"@id\":\"https:\\\/\\\/www.webdo.tn\\\/fr\\\/actualite\\\/international\\\/plus-de-170-tues-au-sinai-cest-la-guerre-entre-legypte-et-letat-islamique\\\/184076\\\/#primaryimage\",\"url\":\"https:\\\/\\\/www.webdo.tn\\\/fr\\\/wp-content\\\/uploads\\\/2015\\\/07\\\/Sinai-Reuters.jpg\",\"contentUrl\":\"https:\\\/\\\/www.webdo.tn\\\/fr\\\/wp-content\\\/uploads\\\/2015\\\/07\\\/Sinai-Reuters.jpg\",\"width\":600,\"height\":338,\"caption\":\"Plus de 170 tu\u00e9s au Sina\u00ef : C'est la guerre entre l'Egypte et l'Etat islamique...\"},{\"@type\":\"BreadcrumbList\",\"@id\":\"https:\\\/\\\/www.webdo.tn\\\/fr\\\/actualite\\\/international\\\/plus-de-170-tues-au-sinai-cest-la-guerre-entre-legypte-et-letat-islamique\\\/184076\\\/#breadcrumb\",\"itemListElement\":[{\"@type\":\"ListItem\",\"position\":1,\"name\":\"Accueil\",\"item\":\"https:\\\/\\\/www.webdo.tn\\\/fr\\\/\"},{\"@type\":\"ListItem\",\"position\":2,\"name\":\"Plus de 170 tu\u00e9s au Sina\u00ef : C&rsquo;est la guerre entre l&rsquo;Egypte et l&rsquo;Etat islamique&#8230;\"}]},{\"@type\":\"WebSite\",\"@id\":\"https:\\\/\\\/www.webdo.tn\\\/fr\\\/#website\",\"url\":\"https:\\\/\\\/www.webdo.tn\\\/fr\\\/\",\"name\":\"webdo\",\"description\":\"Tunisie - News en Tunisie et \u00e0 l&#039;international sur Webdo.tn\",\"publisher\":{\"@id\":\"https:\\\/\\\/www.webdo.tn\\\/fr\\\/#organization\"},\"potentialAction\":[{\"@type\":\"SearchAction\",\"target\":{\"@type\":\"EntryPoint\",\"urlTemplate\":\"https:\\\/\\\/www.webdo.tn\\\/fr\\\/?s={search_term_string}\"},\"query-input\":{\"@type\":\"PropertyValueSpecification\",\"valueRequired\":true,\"valueName\":\"search_term_string\"}}],\"inLanguage\":\"fr-FR\"},{\"@type\":\"Organization\",\"@id\":\"https:\\\/\\\/www.webdo.tn\\\/fr\\\/#organization\",\"name\":\"Webdo\",\"alternateName\":\"Webdo.tn\",\"url\":\"https:\\\/\\\/www.webdo.tn\\\/fr\\\/\",\"logo\":{\"@type\":\"ImageObject\",\"inLanguage\":\"fr-FR\",\"@id\":\"https:\\\/\\\/www.webdo.tn\\\/fr\\\/#\\\/schema\\\/logo\\\/image\\\/\",\"url\":\"https:\\\/\\\/www.webdo.tn\\\/fr\\\/wp-content\\\/uploads\\\/2025\\\/06\\\/Webdo-Tunisie_168377.jpg\",\"contentUrl\":\"https:\\\/\\\/www.webdo.tn\\\/fr\\\/wp-content\\\/uploads\\\/2025\\\/06\\\/Webdo-Tunisie_168377.jpg\",\"width\":301,\"height\":301,\"caption\":\"Webdo\"},\"image\":{\"@id\":\"https:\\\/\\\/www.webdo.tn\\\/fr\\\/#\\\/schema\\\/logo\\\/image\\\/\"},\"sameAs\":[\"https:\\\/\\\/www.facebook.com\\\/webdotn\",\"https:\\\/\\\/x.com\\\/webdo_tn\"],\"description\":\"Webdo est un m\u00e9dia num\u00e9rique tunisien fond\u00e9 en 2010, sp\u00e9cialis\u00e9 dans l\u2019actualit\u00e9 nationale et internationale, l\u2019\u00e9conomie, la soci\u00e9t\u00e9 et les analyses politiques. Le site s\u2019adresse \u00e0 un large public francophone et couvre l\u2019information tunisienne en temps r\u00e9el.\",\"email\":\"redac@webdo.tn\",\"legalName\":\"YNJ SARL\",\"foundingDate\":\"2010-09-06\",\"numberOfEmployees\":{\"@type\":\"QuantitativeValue\",\"minValue\":\"11\",\"maxValue\":\"50\"}},{\"@type\":\"Person\",\"@id\":\"https:\\\/\\\/www.webdo.tn\\\/fr\\\/#\\\/schema\\\/person\\\/9a9c6118d687c117df8ef3cc36a4d175\",\"name\":\"webdo.tn\",\"image\":{\"@type\":\"ImageObject\",\"inLanguage\":\"fr-FR\",\"@id\":\"https:\\\/\\\/secure.gravatar.com\\\/avatar\\\/7ce1f28c0c3bbac99ff550b85ef8e44a6950c6ee24514fb6a5489e51d06f0298?s=96&d=mm&r=g\",\"url\":\"https:\\\/\\\/secure.gravatar.com\\\/avatar\\\/7ce1f28c0c3bbac99ff550b85ef8e44a6950c6ee24514fb6a5489e51d06f0298?s=96&d=mm&r=g\",\"contentUrl\":\"https:\\\/\\\/secure.gravatar.com\\\/avatar\\\/7ce1f28c0c3bbac99ff550b85ef8e44a6950c6ee24514fb6a5489e51d06f0298?s=96&d=mm&r=g\",\"caption\":\"webdo.tn\"},\"url\":\"https:\\\/\\\/www.webdo.tn\\\/fr\\\/actualite\\\/author\\\/webdotn\\\/\"}]}<\/script>\n<!-- \/ Yoast SEO Premium plugin. -->","yoast_head_json":{"title":"Plus de 170 tu\u00e9s au Sina\u00ef : C'est la guerre entre l'Egypte et l'Etat islamique...","description":"Plus de 170 tu\u00e9s au Sina\u00ef : C'est la guerre entre l'Egypte et l'Etat islamique...","canonical":"https:\/\/www.webdo.tn\/fr\/actualite\/international\/plus-de-170-tues-au-sinai-cest-la-guerre-entre-legypte-et-letat-islamique\/184076\/","og_locale":"fr_FR","og_type":"article","og_title":"Plus de 170 tu\u00e9s au Sina\u00ef : C'est la guerre entre l'Egypte et l'Etat islamique...","og_description":"Plus de 170 tu\u00e9s au Sina\u00ef : C'est la guerre entre l'Egypte et l'Etat islamique...","og_url":"https:\/\/www.webdo.tn\/fr\/actualite\/international\/plus-de-170-tues-au-sinai-cest-la-guerre-entre-legypte-et-letat-islamique\/184076\/","og_site_name":"webdo","article_publisher":"https:\/\/www.facebook.com\/webdotn","article_published_time":"2015-07-02T11:48:00+00:00","og_image":[{"width":600,"height":338,"url":"https:\/\/www.webdo.tn\/fr\/wp-content\/uploads\/2015\/07\/Sinai-Reuters.jpg","type":"image\/jpeg"}],"author":"webdo.tn","twitter_card":"summary_large_image","twitter_creator":"@webdo_tn","twitter_site":"@webdo_tn","twitter_misc":{"\u00c9crit par":"webdo.tn","Dur\u00e9e de lecture estim\u00e9e":"2 minutes"},"schema":{"@context":"https:\/\/schema.org","@graph":[{"@type":"NewsArticle","@id":"https:\/\/www.webdo.tn\/fr\/actualite\/international\/plus-de-170-tues-au-sinai-cest-la-guerre-entre-legypte-et-letat-islamique\/184076\/#article","isPartOf":{"@id":"https:\/\/www.webdo.tn\/fr\/actualite\/international\/plus-de-170-tues-au-sinai-cest-la-guerre-entre-legypte-et-letat-islamique\/184076\/"},"author":{"name":"webdo.tn","@id":"https:\/\/www.webdo.tn\/fr\/#\/schema\/person\/9a9c6118d687c117df8ef3cc36a4d175"},"headline":"Plus de 170 tu\u00e9s au Sina\u00ef : C&rsquo;est la guerre entre l&rsquo;Egypte et l&rsquo;Etat islamique&#8230;","datePublished":"2015-07-02T11:48:00+00:00","mainEntityOfPage":{"@id":"https:\/\/www.webdo.tn\/fr\/actualite\/international\/plus-de-170-tues-au-sinai-cest-la-guerre-entre-legypte-et-letat-islamique\/184076\/"},"wordCount":440,"commentCount":0,"publisher":{"@id":"https:\/\/www.webdo.tn\/fr\/#organization"},"image":{"@id":"https:\/\/www.webdo.tn\/fr\/actualite\/international\/plus-de-170-tues-au-sinai-cest-la-guerre-entre-legypte-et-letat-islamique\/184076\/#primaryimage"},"thumbnailUrl":"https:\/\/www.webdo.tn\/fr\/wp-content\/uploads\/2015\/07\/Sinai-Reuters.jpg","keywords":["guerre"],"articleSection":["International"],"inLanguage":"fr-FR"},{"@type":"WebPage","@id":"https:\/\/www.webdo.tn\/fr\/actualite\/international\/plus-de-170-tues-au-sinai-cest-la-guerre-entre-legypte-et-letat-islamique\/184076\/","url":"https:\/\/www.webdo.tn\/fr\/actualite\/international\/plus-de-170-tues-au-sinai-cest-la-guerre-entre-legypte-et-letat-islamique\/184076\/","name":"Plus de 170 tu\u00e9s au Sina\u00ef : C'est la guerre entre l'Egypte et l'Etat islamique...","isPartOf":{"@id":"https:\/\/www.webdo.tn\/fr\/#website"},"primaryImageOfPage":{"@id":"https:\/\/www.webdo.tn\/fr\/actualite\/international\/plus-de-170-tues-au-sinai-cest-la-guerre-entre-legypte-et-letat-islamique\/184076\/#primaryimage"},"image":{"@id":"https:\/\/www.webdo.tn\/fr\/actualite\/international\/plus-de-170-tues-au-sinai-cest-la-guerre-entre-legypte-et-letat-islamique\/184076\/#primaryimage"},"thumbnailUrl":"https:\/\/www.webdo.tn\/fr\/wp-content\/uploads\/2015\/07\/Sinai-Reuters.jpg","datePublished":"2015-07-02T11:48:00+00:00","description":"Plus de 170 tu\u00e9s au Sina\u00ef : C'est la guerre entre l'Egypte et l'Etat islamique...","breadcrumb":{"@id":"https:\/\/www.webdo.tn\/fr\/actualite\/international\/plus-de-170-tues-au-sinai-cest-la-guerre-entre-legypte-et-letat-islamique\/184076\/#breadcrumb"},"inLanguage":"fr-FR","potentialAction":[{"@type":"ReadAction","target":["https:\/\/www.webdo.tn\/fr\/actualite\/international\/plus-de-170-tues-au-sinai-cest-la-guerre-entre-legypte-et-letat-islamique\/184076\/"]}]},{"@type":"ImageObject","inLanguage":"fr-FR","@id":"https:\/\/www.webdo.tn\/fr\/actualite\/international\/plus-de-170-tues-au-sinai-cest-la-guerre-entre-legypte-et-letat-islamique\/184076\/#primaryimage","url":"https:\/\/www.webdo.tn\/fr\/wp-content\/uploads\/2015\/07\/Sinai-Reuters.jpg","contentUrl":"https:\/\/www.webdo.tn\/fr\/wp-content\/uploads\/2015\/07\/Sinai-Reuters.jpg","width":600,"height":338,"caption":"Plus de 170 tu\u00e9s au Sina\u00ef : C'est la guerre entre l'Egypte et l'Etat islamique..."},{"@type":"BreadcrumbList","@id":"https:\/\/www.webdo.tn\/fr\/actualite\/international\/plus-de-170-tues-au-sinai-cest-la-guerre-entre-legypte-et-letat-islamique\/184076\/#breadcrumb","itemListElement":[{"@type":"ListItem","position":1,"name":"Accueil","item":"https:\/\/www.webdo.tn\/fr\/"},{"@type":"ListItem","position":2,"name":"Plus de 170 tu\u00e9s au Sina\u00ef : C&rsquo;est la guerre entre l&rsquo;Egypte et l&rsquo;Etat islamique&#8230;"}]},{"@type":"WebSite","@id":"https:\/\/www.webdo.tn\/fr\/#website","url":"https:\/\/www.webdo.tn\/fr\/","name":"webdo","description":"Tunisie - News en Tunisie et \u00e0 l&#039;international sur Webdo.tn","publisher":{"@id":"https:\/\/www.webdo.tn\/fr\/#organization"},"potentialAction":[{"@type":"SearchAction","target":{"@type":"EntryPoint","urlTemplate":"https:\/\/www.webdo.tn\/fr\/?s={search_term_string}"},"query-input":{"@type":"PropertyValueSpecification","valueRequired":true,"valueName":"search_term_string"}}],"inLanguage":"fr-FR"},{"@type":"Organization","@id":"https:\/\/www.webdo.tn\/fr\/#organization","name":"Webdo","alternateName":"Webdo.tn","url":"https:\/\/www.webdo.tn\/fr\/","logo":{"@type":"ImageObject","inLanguage":"fr-FR","@id":"https:\/\/www.webdo.tn\/fr\/#\/schema\/logo\/image\/","url":"https:\/\/www.webdo.tn\/fr\/wp-content\/uploads\/2025\/06\/Webdo-Tunisie_168377.jpg","contentUrl":"https:\/\/www.webdo.tn\/fr\/wp-content\/uploads\/2025\/06\/Webdo-Tunisie_168377.jpg","width":301,"height":301,"caption":"Webdo"},"image":{"@id":"https:\/\/www.webdo.tn\/fr\/#\/schema\/logo\/image\/"},"sameAs":["https:\/\/www.facebook.com\/webdotn","https:\/\/x.com\/webdo_tn"],"description":"Webdo est un m\u00e9dia num\u00e9rique tunisien fond\u00e9 en 2010, sp\u00e9cialis\u00e9 dans l\u2019actualit\u00e9 nationale et internationale, l\u2019\u00e9conomie, la soci\u00e9t\u00e9 et les analyses politiques. Le site s\u2019adresse \u00e0 un large public francophone et couvre l\u2019information tunisienne en temps r\u00e9el.","email":"redac@webdo.tn","legalName":"YNJ SARL","foundingDate":"2010-09-06","numberOfEmployees":{"@type":"QuantitativeValue","minValue":"11","maxValue":"50"}},{"@type":"Person","@id":"https:\/\/www.webdo.tn\/fr\/#\/schema\/person\/9a9c6118d687c117df8ef3cc36a4d175","name":"webdo.tn","image":{"@type":"ImageObject","inLanguage":"fr-FR","@id":"https:\/\/secure.gravatar.com\/avatar\/7ce1f28c0c3bbac99ff550b85ef8e44a6950c6ee24514fb6a5489e51d06f0298?s=96&d=mm&r=g","url":"https:\/\/secure.gravatar.com\/avatar\/7ce1f28c0c3bbac99ff550b85ef8e44a6950c6ee24514fb6a5489e51d06f0298?s=96&d=mm&r=g","contentUrl":"https:\/\/secure.gravatar.com\/avatar\/7ce1f28c0c3bbac99ff550b85ef8e44a6950c6ee24514fb6a5489e51d06f0298?s=96&d=mm&r=g","caption":"webdo.tn"},"url":"https:\/\/www.webdo.tn\/fr\/actualite\/author\/webdotn\/"}]}},"_links":{"self":[{"href":"https:\/\/www.webdo.tn\/fr\/wp-json\/wp\/v2\/posts\/184076","targetHints":{"allow":["GET"]}}],"collection":[{"href":"https:\/\/www.webdo.tn\/fr\/wp-json\/wp\/v2\/posts"}],"about":[{"href":"https:\/\/www.webdo.tn\/fr\/wp-json\/wp\/v2\/types\/post"}],"author":[{"embeddable":true,"href":"https:\/\/www.webdo.tn\/fr\/wp-json\/wp\/v2\/users\/3222"}],"replies":[{"embeddable":true,"href":"https:\/\/www.webdo.tn\/fr\/wp-json\/wp\/v2\/comments?post=184076"}],"version-history":[{"count":0,"href":"https:\/\/www.webdo.tn\/fr\/wp-json\/wp\/v2\/posts\/184076\/revisions"}],"wp:featuredmedia":[{"embeddable":true,"href":"https:\/\/www.webdo.tn\/fr\/wp-json\/wp\/v2\/media\/336014"}],"wp:attachment":[{"href":"https:\/\/www.webdo.tn\/fr\/wp-json\/wp\/v2\/media?parent=184076"}],"wp:term":[{"taxonomy":"category","embeddable":true,"href":"https:\/\/www.webdo.tn\/fr\/wp-json\/wp\/v2\/categories?post=184076"},{"taxonomy":"post_tag","embeddable":true,"href":"https:\/\/www.webdo.tn\/fr\/wp-json\/wp\/v2\/tags?post=184076"}],"curies":[{"name":"wp","href":"https:\/\/api.w.org\/{rel}","templated":true}]}}