{"id":184075,"date":"2015-07-02T12:13:00","date_gmt":"2015-07-02T12:13:00","guid":{"rendered":"https:\/\/www.webdo.tn\/fr\/blog\/lampedusa-18-ans-de-prison-pour-un-passeur-tunisien-suite-a-la-mort-de-366-immigrants-clandestins\/184075\/"},"modified":"2015-07-02T12:13:00","modified_gmt":"2015-07-02T12:13:00","slug":"lampedusa-18-ans-de-prison-pour-un-passeur-tunisien-suite-a-la-mort-de-366-immigrants-clandestins","status":"publish","type":"post","link":"https:\/\/www.webdo.tn\/fr\/actualite\/international\/lampedusa-18-ans-de-prison-pour-un-passeur-tunisien-suite-a-la-mort-de-366-immigrants-clandestins\/184075\/","title":{"rendered":"Lampedusa : 18 ans de prison pour un passeur tunisien suite \u00e0 la mort de 366 migrants"},"content":{"rendered":"<p>Le Tunisien Khaled Ben Salem, 36 ans, a \u00e9t\u00e9 inculp\u00e9 par la court p\u00e9nale d&rsquo;Agrigento en Sicile \u00e0 18 ans de prison ferme et condamn\u00e9 \u00e0 payer la somme de 10 millions d&rsquo;euros, suite au naufrage de son embarcation en 2013 causant la mort de 366 migrants clandestins au large de Lampedusa.<\/p>\n<p>Ce passeur tunisien a \u00e9t\u00e9 reconnu coupable d&rsquo;homicide involontaire apr\u00e8s que le feu a ravag\u00e9 son embarcation le 3 octobre 2013.<\/p>\n<p>La majorit\u00e9 des migrants \u00e9taient en provenance d\u2019\u00c9rythr\u00e9e. Son assistant qui \u00e9tait \u00e9galement un tunisien \u00e9tait parmi les victimes.<\/p>\n","protected":false},"excerpt":{"rendered":"<p>Lampedusa : 18 ans de prison pour un passeur tunisien suite \u00e0 la mort de 366 migrants<\/p>\n","protected":false},"author":3222,"featured_media":336015,"comment_status":"open","ping_status":"closed","sticky":false,"template":"","format":"standard","meta":{"footnotes":""},"categories":[2598],"tags":[2600],"class_list":["post-184075","post","type-post","status-publish","format-standard","has-post-thumbnail","hentry","category-international","tag-guerre"],"yoast_head":"<!-- This site is optimized with the Yoast SEO Premium plugin v27.5 (Yoast SEO v27.5) - https:\/\/yoast.com\/product\/yoast-seo-premium-wordpress\/ -->\n<title>Lampedusa : 18 ans de prison pour un passeur tunisien suite \u00e0 la mort de 366 migrants<\/title>\n<meta name=\"description\" content=\"Lampedusa : 18 ans de prison pour un passeur tunisien suite \u00e0 la mort de 366 migrants\" \/>\n<link rel=\"canonical\" href=\"https:\/\/www.webdo.tn\/fr\/actualite\/international\/lampedusa-18-ans-de-prison-pour-un-passeur-tunisien-suite-a-la-mort-de-366-immigrants-clandestins\/184075\/\" \/>\n<meta property=\"og:locale\" content=\"fr_FR\" \/>\n<meta property=\"og:type\" content=\"article\" \/>\n<meta property=\"og:title\" content=\"Lampedusa : 18 ans de prison pour un passeur tunisien suite \u00e0 la mort de 366 migrants\" \/>\n<meta property=\"og:description\" content=\"Lampedusa : 18 ans de prison pour un passeur tunisien suite \u00e0 la mort de 366 migrants\" \/>\n<meta property=\"og:url\" content=\"https:\/\/www.webdo.tn\/fr\/actualite\/international\/lampedusa-18-ans-de-prison-pour-un-passeur-tunisien-suite-a-la-mort-de-366-immigrants-clandestins\/184075\/\" \/>\n<meta property=\"og:site_name\" content=\"webdo\" \/>\n<meta property=\"article:publisher\" content=\"https:\/\/www.facebook.com\/webdotn\" \/>\n<meta property=\"article:published_time\" content=\"2015-07-02T12:13:00+00:00\" \/>\n<meta property=\"og:image\" content=\"https:\/\/www.webdo.tn\/fr\/wp-content\/uploads\/2015\/07\/Khaled-Ben-Salem-261x300-1.jpg\" \/>\n\t<meta property=\"og:image:width\" content=\"261\" \/>\n\t<meta property=\"og:image:height\" content=\"300\" \/>\n\t<meta property=\"og:image:type\" content=\"image\/jpeg\" \/>\n<meta name=\"author\" content=\"webdo.tn\" \/>\n<meta name=\"twitter:card\" content=\"summary_large_image\" \/>\n<meta name=\"twitter:creator\" content=\"@webdo_tn\" \/>\n<meta name=\"twitter:site\" content=\"@webdo_tn\" \/>\n<meta name=\"twitter:label1\" content=\"\u00c9crit par\" \/>\n\t<meta name=\"twitter:data1\" content=\"webdo.tn\" \/>\n<script type=\"application\/ld+json\" class=\"yoast-schema-graph\">{\"@context\":\"https:\\\/\\\/schema.org\",\"@graph\":[{\"@type\":\"NewsArticle\",\"@id\":\"https:\\\/\\\/www.webdo.tn\\\/fr\\\/actualite\\\/international\\\/lampedusa-18-ans-de-prison-pour-un-passeur-tunisien-suite-a-la-mort-de-366-immigrants-clandestins\\\/184075\\\/#article\",\"isPartOf\":{\"@id\":\"https:\\\/\\\/www.webdo.tn\\\/fr\\\/actualite\\\/international\\\/lampedusa-18-ans-de-prison-pour-un-passeur-tunisien-suite-a-la-mort-de-366-immigrants-clandestins\\\/184075\\\/\"},\"author\":{\"name\":\"webdo.tn\",\"@id\":\"https:\\\/\\\/www.webdo.tn\\\/fr\\\/#\\\/schema\\\/person\\\/9a9c6118d687c117df8ef3cc36a4d175\"},\"headline\":\"Lampedusa : 18 ans de prison pour un passeur tunisien suite \u00e0 la mort de 366 migrants\",\"datePublished\":\"2015-07-02T12:13:00+00:00\",\"mainEntityOfPage\":{\"@id\":\"https:\\\/\\\/www.webdo.tn\\\/fr\\\/actualite\\\/international\\\/lampedusa-18-ans-de-prison-pour-un-passeur-tunisien-suite-a-la-mort-de-366-immigrants-clandestins\\\/184075\\\/\"},\"wordCount\":103,\"commentCount\":0,\"publisher\":{\"@id\":\"https:\\\/\\\/www.webdo.tn\\\/fr\\\/#organization\"},\"image\":{\"@id\":\"https:\\\/\\\/www.webdo.tn\\\/fr\\\/actualite\\\/international\\\/lampedusa-18-ans-de-prison-pour-un-passeur-tunisien-suite-a-la-mort-de-366-immigrants-clandestins\\\/184075\\\/#primaryimage\"},\"thumbnailUrl\":\"https:\\\/\\\/www.webdo.tn\\\/fr\\\/wp-content\\\/uploads\\\/2015\\\/07\\\/Khaled-Ben-Salem-261x300-1.jpg\",\"keywords\":[\"guerre\"],\"articleSection\":[\"International\"],\"inLanguage\":\"fr-FR\"},{\"@type\":\"WebPage\",\"@id\":\"https:\\\/\\\/www.webdo.tn\\\/fr\\\/actualite\\\/international\\\/lampedusa-18-ans-de-prison-pour-un-passeur-tunisien-suite-a-la-mort-de-366-immigrants-clandestins\\\/184075\\\/\",\"url\":\"https:\\\/\\\/www.webdo.tn\\\/fr\\\/actualite\\\/international\\\/lampedusa-18-ans-de-prison-pour-un-passeur-tunisien-suite-a-la-mort-de-366-immigrants-clandestins\\\/184075\\\/\",\"name\":\"Lampedusa : 18 ans de prison pour un passeur tunisien suite \u00e0 la mort de 366 migrants\",\"isPartOf\":{\"@id\":\"https:\\\/\\\/www.webdo.tn\\\/fr\\\/#website\"},\"primaryImageOfPage\":{\"@id\":\"https:\\\/\\\/www.webdo.tn\\\/fr\\\/actualite\\\/international\\\/lampedusa-18-ans-de-prison-pour-un-passeur-tunisien-suite-a-la-mort-de-366-immigrants-clandestins\\\/184075\\\/#primaryimage\"},\"image\":{\"@id\":\"https:\\\/\\\/www.webdo.tn\\\/fr\\\/actualite\\\/international\\\/lampedusa-18-ans-de-prison-pour-un-passeur-tunisien-suite-a-la-mort-de-366-immigrants-clandestins\\\/184075\\\/#primaryimage\"},\"thumbnailUrl\":\"https:\\\/\\\/www.webdo.tn\\\/fr\\\/wp-content\\\/uploads\\\/2015\\\/07\\\/Khaled-Ben-Salem-261x300-1.jpg\",\"datePublished\":\"2015-07-02T12:13:00+00:00\",\"description\":\"Lampedusa : 18 ans de prison pour un passeur tunisien suite \u00e0 la mort de 366 migrants\",\"breadcrumb\":{\"@id\":\"https:\\\/\\\/www.webdo.tn\\\/fr\\\/actualite\\\/international\\\/lampedusa-18-ans-de-prison-pour-un-passeur-tunisien-suite-a-la-mort-de-366-immigrants-clandestins\\\/184075\\\/#breadcrumb\"},\"inLanguage\":\"fr-FR\",\"potentialAction\":[{\"@type\":\"ReadAction\",\"target\":[\"https:\\\/\\\/www.webdo.tn\\\/fr\\\/actualite\\\/international\\\/lampedusa-18-ans-de-prison-pour-un-passeur-tunisien-suite-a-la-mort-de-366-immigrants-clandestins\\\/184075\\\/\"]}]},{\"@type\":\"ImageObject\",\"inLanguage\":\"fr-FR\",\"@id\":\"https:\\\/\\\/www.webdo.tn\\\/fr\\\/actualite\\\/international\\\/lampedusa-18-ans-de-prison-pour-un-passeur-tunisien-suite-a-la-mort-de-366-immigrants-clandestins\\\/184075\\\/#primaryimage\",\"url\":\"https:\\\/\\\/www.webdo.tn\\\/fr\\\/wp-content\\\/uploads\\\/2015\\\/07\\\/Khaled-Ben-Salem-261x300-1.jpg\",\"contentUrl\":\"https:\\\/\\\/www.webdo.tn\\\/fr\\\/wp-content\\\/uploads\\\/2015\\\/07\\\/Khaled-Ben-Salem-261x300-1.jpg\",\"width\":261,\"height\":300,\"caption\":\"Lampedusa : 18 ans de prison pour un passeur tunisien suite \u00e0 la mort de 366 migrants\"},{\"@type\":\"BreadcrumbList\",\"@id\":\"https:\\\/\\\/www.webdo.tn\\\/fr\\\/actualite\\\/international\\\/lampedusa-18-ans-de-prison-pour-un-passeur-tunisien-suite-a-la-mort-de-366-immigrants-clandestins\\\/184075\\\/#breadcrumb\",\"itemListElement\":[{\"@type\":\"ListItem\",\"position\":1,\"name\":\"Accueil\",\"item\":\"https:\\\/\\\/www.webdo.tn\\\/fr\\\/\"},{\"@type\":\"ListItem\",\"position\":2,\"name\":\"Lampedusa : 18 ans de prison pour un passeur tunisien suite \u00e0 la mort de 366 migrants\"}]},{\"@type\":\"WebSite\",\"@id\":\"https:\\\/\\\/www.webdo.tn\\\/fr\\\/#website\",\"url\":\"https:\\\/\\\/www.webdo.tn\\\/fr\\\/\",\"name\":\"webdo\",\"description\":\"Tunisie - News en Tunisie et \u00e0 l&#039;international sur Webdo.tn\",\"publisher\":{\"@id\":\"https:\\\/\\\/www.webdo.tn\\\/fr\\\/#organization\"},\"potentialAction\":[{\"@type\":\"SearchAction\",\"target\":{\"@type\":\"EntryPoint\",\"urlTemplate\":\"https:\\\/\\\/www.webdo.tn\\\/fr\\\/?s={search_term_string}\"},\"query-input\":{\"@type\":\"PropertyValueSpecification\",\"valueRequired\":true,\"valueName\":\"search_term_string\"}}],\"inLanguage\":\"fr-FR\"},{\"@type\":\"Organization\",\"@id\":\"https:\\\/\\\/www.webdo.tn\\\/fr\\\/#organization\",\"name\":\"Webdo\",\"alternateName\":\"Webdo.tn\",\"url\":\"https:\\\/\\\/www.webdo.tn\\\/fr\\\/\",\"logo\":{\"@type\":\"ImageObject\",\"inLanguage\":\"fr-FR\",\"@id\":\"https:\\\/\\\/www.webdo.tn\\\/fr\\\/#\\\/schema\\\/logo\\\/image\\\/\",\"url\":\"https:\\\/\\\/www.webdo.tn\\\/fr\\\/wp-content\\\/uploads\\\/2025\\\/06\\\/Webdo-Tunisie_168377.jpg\",\"contentUrl\":\"https:\\\/\\\/www.webdo.tn\\\/fr\\\/wp-content\\\/uploads\\\/2025\\\/06\\\/Webdo-Tunisie_168377.jpg\",\"width\":301,\"height\":301,\"caption\":\"Webdo\"},\"image\":{\"@id\":\"https:\\\/\\\/www.webdo.tn\\\/fr\\\/#\\\/schema\\\/logo\\\/image\\\/\"},\"sameAs\":[\"https:\\\/\\\/www.facebook.com\\\/webdotn\",\"https:\\\/\\\/x.com\\\/webdo_tn\"],\"description\":\"Webdo est un m\u00e9dia num\u00e9rique tunisien fond\u00e9 en 2010, sp\u00e9cialis\u00e9 dans l\u2019actualit\u00e9 nationale et internationale, l\u2019\u00e9conomie, la soci\u00e9t\u00e9 et les analyses politiques. Le site s\u2019adresse \u00e0 un large public francophone et couvre l\u2019information tunisienne en temps r\u00e9el.\",\"email\":\"redac@webdo.tn\",\"legalName\":\"YNJ SARL\",\"foundingDate\":\"2010-09-06\",\"numberOfEmployees\":{\"@type\":\"QuantitativeValue\",\"minValue\":\"11\",\"maxValue\":\"50\"}},{\"@type\":\"Person\",\"@id\":\"https:\\\/\\\/www.webdo.tn\\\/fr\\\/#\\\/schema\\\/person\\\/9a9c6118d687c117df8ef3cc36a4d175\",\"name\":\"webdo.tn\",\"image\":{\"@type\":\"ImageObject\",\"inLanguage\":\"fr-FR\",\"@id\":\"https:\\\/\\\/secure.gravatar.com\\\/avatar\\\/7ce1f28c0c3bbac99ff550b85ef8e44a6950c6ee24514fb6a5489e51d06f0298?s=96&d=mm&r=g\",\"url\":\"https:\\\/\\\/secure.gravatar.com\\\/avatar\\\/7ce1f28c0c3bbac99ff550b85ef8e44a6950c6ee24514fb6a5489e51d06f0298?s=96&d=mm&r=g\",\"contentUrl\":\"https:\\\/\\\/secure.gravatar.com\\\/avatar\\\/7ce1f28c0c3bbac99ff550b85ef8e44a6950c6ee24514fb6a5489e51d06f0298?s=96&d=mm&r=g\",\"caption\":\"webdo.tn\"},\"url\":\"https:\\\/\\\/www.webdo.tn\\\/fr\\\/actualite\\\/author\\\/webdotn\\\/\"}]}<\/script>\n<!-- \/ Yoast SEO Premium plugin. -->","yoast_head_json":{"title":"Lampedusa : 18 ans de prison pour un passeur tunisien suite \u00e0 la mort de 366 migrants","description":"Lampedusa : 18 ans de prison pour un passeur tunisien suite \u00e0 la mort de 366 migrants","canonical":"https:\/\/www.webdo.tn\/fr\/actualite\/international\/lampedusa-18-ans-de-prison-pour-un-passeur-tunisien-suite-a-la-mort-de-366-immigrants-clandestins\/184075\/","og_locale":"fr_FR","og_type":"article","og_title":"Lampedusa : 18 ans de prison pour un passeur tunisien suite \u00e0 la mort de 366 migrants","og_description":"Lampedusa : 18 ans de prison pour un passeur tunisien suite \u00e0 la mort de 366 migrants","og_url":"https:\/\/www.webdo.tn\/fr\/actualite\/international\/lampedusa-18-ans-de-prison-pour-un-passeur-tunisien-suite-a-la-mort-de-366-immigrants-clandestins\/184075\/","og_site_name":"webdo","article_publisher":"https:\/\/www.facebook.com\/webdotn","article_published_time":"2015-07-02T12:13:00+00:00","og_image":[{"width":261,"height":300,"url":"https:\/\/www.webdo.tn\/fr\/wp-content\/uploads\/2015\/07\/Khaled-Ben-Salem-261x300-1.jpg","type":"image\/jpeg"}],"author":"webdo.tn","twitter_card":"summary_large_image","twitter_creator":"@webdo_tn","twitter_site":"@webdo_tn","twitter_misc":{"\u00c9crit par":"webdo.tn"},"schema":{"@context":"https:\/\/schema.org","@graph":[{"@type":"NewsArticle","@id":"https:\/\/www.webdo.tn\/fr\/actualite\/international\/lampedusa-18-ans-de-prison-pour-un-passeur-tunisien-suite-a-la-mort-de-366-immigrants-clandestins\/184075\/#article","isPartOf":{"@id":"https:\/\/www.webdo.tn\/fr\/actualite\/international\/lampedusa-18-ans-de-prison-pour-un-passeur-tunisien-suite-a-la-mort-de-366-immigrants-clandestins\/184075\/"},"author":{"name":"webdo.tn","@id":"https:\/\/www.webdo.tn\/fr\/#\/schema\/person\/9a9c6118d687c117df8ef3cc36a4d175"},"headline":"Lampedusa : 18 ans de prison pour un passeur tunisien suite \u00e0 la mort de 366 migrants","datePublished":"2015-07-02T12:13:00+00:00","mainEntityOfPage":{"@id":"https:\/\/www.webdo.tn\/fr\/actualite\/international\/lampedusa-18-ans-de-prison-pour-un-passeur-tunisien-suite-a-la-mort-de-366-immigrants-clandestins\/184075\/"},"wordCount":103,"commentCount":0,"publisher":{"@id":"https:\/\/www.webdo.tn\/fr\/#organization"},"image":{"@id":"https:\/\/www.webdo.tn\/fr\/actualite\/international\/lampedusa-18-ans-de-prison-pour-un-passeur-tunisien-suite-a-la-mort-de-366-immigrants-clandestins\/184075\/#primaryimage"},"thumbnailUrl":"https:\/\/www.webdo.tn\/fr\/wp-content\/uploads\/2015\/07\/Khaled-Ben-Salem-261x300-1.jpg","keywords":["guerre"],"articleSection":["International"],"inLanguage":"fr-FR"},{"@type":"WebPage","@id":"https:\/\/www.webdo.tn\/fr\/actualite\/international\/lampedusa-18-ans-de-prison-pour-un-passeur-tunisien-suite-a-la-mort-de-366-immigrants-clandestins\/184075\/","url":"https:\/\/www.webdo.tn\/fr\/actualite\/international\/lampedusa-18-ans-de-prison-pour-un-passeur-tunisien-suite-a-la-mort-de-366-immigrants-clandestins\/184075\/","name":"Lampedusa : 18 ans de prison pour un passeur tunisien suite \u00e0 la mort de 366 migrants","isPartOf":{"@id":"https:\/\/www.webdo.tn\/fr\/#website"},"primaryImageOfPage":{"@id":"https:\/\/www.webdo.tn\/fr\/actualite\/international\/lampedusa-18-ans-de-prison-pour-un-passeur-tunisien-suite-a-la-mort-de-366-immigrants-clandestins\/184075\/#primaryimage"},"image":{"@id":"https:\/\/www.webdo.tn\/fr\/actualite\/international\/lampedusa-18-ans-de-prison-pour-un-passeur-tunisien-suite-a-la-mort-de-366-immigrants-clandestins\/184075\/#primaryimage"},"thumbnailUrl":"https:\/\/www.webdo.tn\/fr\/wp-content\/uploads\/2015\/07\/Khaled-Ben-Salem-261x300-1.jpg","datePublished":"2015-07-02T12:13:00+00:00","description":"Lampedusa : 18 ans de prison pour un passeur tunisien suite \u00e0 la mort de 366 migrants","breadcrumb":{"@id":"https:\/\/www.webdo.tn\/fr\/actualite\/international\/lampedusa-18-ans-de-prison-pour-un-passeur-tunisien-suite-a-la-mort-de-366-immigrants-clandestins\/184075\/#breadcrumb"},"inLanguage":"fr-FR","potentialAction":[{"@type":"ReadAction","target":["https:\/\/www.webdo.tn\/fr\/actualite\/international\/lampedusa-18-ans-de-prison-pour-un-passeur-tunisien-suite-a-la-mort-de-366-immigrants-clandestins\/184075\/"]}]},{"@type":"ImageObject","inLanguage":"fr-FR","@id":"https:\/\/www.webdo.tn\/fr\/actualite\/international\/lampedusa-18-ans-de-prison-pour-un-passeur-tunisien-suite-a-la-mort-de-366-immigrants-clandestins\/184075\/#primaryimage","url":"https:\/\/www.webdo.tn\/fr\/wp-content\/uploads\/2015\/07\/Khaled-Ben-Salem-261x300-1.jpg","contentUrl":"https:\/\/www.webdo.tn\/fr\/wp-content\/uploads\/2015\/07\/Khaled-Ben-Salem-261x300-1.jpg","width":261,"height":300,"caption":"Lampedusa : 18 ans de prison pour un passeur tunisien suite \u00e0 la mort de 366 migrants"},{"@type":"BreadcrumbList","@id":"https:\/\/www.webdo.tn\/fr\/actualite\/international\/lampedusa-18-ans-de-prison-pour-un-passeur-tunisien-suite-a-la-mort-de-366-immigrants-clandestins\/184075\/#breadcrumb","itemListElement":[{"@type":"ListItem","position":1,"name":"Accueil","item":"https:\/\/www.webdo.tn\/fr\/"},{"@type":"ListItem","position":2,"name":"Lampedusa : 18 ans de prison pour un passeur tunisien suite \u00e0 la mort de 366 migrants"}]},{"@type":"WebSite","@id":"https:\/\/www.webdo.tn\/fr\/#website","url":"https:\/\/www.webdo.tn\/fr\/","name":"webdo","description":"Tunisie - News en Tunisie et \u00e0 l&#039;international sur Webdo.tn","publisher":{"@id":"https:\/\/www.webdo.tn\/fr\/#organization"},"potentialAction":[{"@type":"SearchAction","target":{"@type":"EntryPoint","urlTemplate":"https:\/\/www.webdo.tn\/fr\/?s={search_term_string}"},"query-input":{"@type":"PropertyValueSpecification","valueRequired":true,"valueName":"search_term_string"}}],"inLanguage":"fr-FR"},{"@type":"Organization","@id":"https:\/\/www.webdo.tn\/fr\/#organization","name":"Webdo","alternateName":"Webdo.tn","url":"https:\/\/www.webdo.tn\/fr\/","logo":{"@type":"ImageObject","inLanguage":"fr-FR","@id":"https:\/\/www.webdo.tn\/fr\/#\/schema\/logo\/image\/","url":"https:\/\/www.webdo.tn\/fr\/wp-content\/uploads\/2025\/06\/Webdo-Tunisie_168377.jpg","contentUrl":"https:\/\/www.webdo.tn\/fr\/wp-content\/uploads\/2025\/06\/Webdo-Tunisie_168377.jpg","width":301,"height":301,"caption":"Webdo"},"image":{"@id":"https:\/\/www.webdo.tn\/fr\/#\/schema\/logo\/image\/"},"sameAs":["https:\/\/www.facebook.com\/webdotn","https:\/\/x.com\/webdo_tn"],"description":"Webdo est un m\u00e9dia num\u00e9rique tunisien fond\u00e9 en 2010, sp\u00e9cialis\u00e9 dans l\u2019actualit\u00e9 nationale et internationale, l\u2019\u00e9conomie, la soci\u00e9t\u00e9 et les analyses politiques. Le site s\u2019adresse \u00e0 un large public francophone et couvre l\u2019information tunisienne en temps r\u00e9el.","email":"redac@webdo.tn","legalName":"YNJ SARL","foundingDate":"2010-09-06","numberOfEmployees":{"@type":"QuantitativeValue","minValue":"11","maxValue":"50"}},{"@type":"Person","@id":"https:\/\/www.webdo.tn\/fr\/#\/schema\/person\/9a9c6118d687c117df8ef3cc36a4d175","name":"webdo.tn","image":{"@type":"ImageObject","inLanguage":"fr-FR","@id":"https:\/\/secure.gravatar.com\/avatar\/7ce1f28c0c3bbac99ff550b85ef8e44a6950c6ee24514fb6a5489e51d06f0298?s=96&d=mm&r=g","url":"https:\/\/secure.gravatar.com\/avatar\/7ce1f28c0c3bbac99ff550b85ef8e44a6950c6ee24514fb6a5489e51d06f0298?s=96&d=mm&r=g","contentUrl":"https:\/\/secure.gravatar.com\/avatar\/7ce1f28c0c3bbac99ff550b85ef8e44a6950c6ee24514fb6a5489e51d06f0298?s=96&d=mm&r=g","caption":"webdo.tn"},"url":"https:\/\/www.webdo.tn\/fr\/actualite\/author\/webdotn\/"}]}},"_links":{"self":[{"href":"https:\/\/www.webdo.tn\/fr\/wp-json\/wp\/v2\/posts\/184075","targetHints":{"allow":["GET"]}}],"collection":[{"href":"https:\/\/www.webdo.tn\/fr\/wp-json\/wp\/v2\/posts"}],"about":[{"href":"https:\/\/www.webdo.tn\/fr\/wp-json\/wp\/v2\/types\/post"}],"author":[{"embeddable":true,"href":"https:\/\/www.webdo.tn\/fr\/wp-json\/wp\/v2\/users\/3222"}],"replies":[{"embeddable":true,"href":"https:\/\/www.webdo.tn\/fr\/wp-json\/wp\/v2\/comments?post=184075"}],"version-history":[{"count":0,"href":"https:\/\/www.webdo.tn\/fr\/wp-json\/wp\/v2\/posts\/184075\/revisions"}],"wp:featuredmedia":[{"embeddable":true,"href":"https:\/\/www.webdo.tn\/fr\/wp-json\/wp\/v2\/media\/336015"}],"wp:attachment":[{"href":"https:\/\/www.webdo.tn\/fr\/wp-json\/wp\/v2\/media?parent=184075"}],"wp:term":[{"taxonomy":"category","embeddable":true,"href":"https:\/\/www.webdo.tn\/fr\/wp-json\/wp\/v2\/categories?post=184075"},{"taxonomy":"post_tag","embeddable":true,"href":"https:\/\/www.webdo.tn\/fr\/wp-json\/wp\/v2\/tags?post=184075"}],"curies":[{"name":"wp","href":"https:\/\/api.w.org\/{rel}","templated":true}]}}