{"id":184074,"date":"2015-07-02T16:51:00","date_gmt":"2015-07-02T16:51:00","guid":{"rendered":"https:\/\/www.webdo.tn\/fr\/blog\/grece-un-referendum-qui-met-syriza-dans-le-risque\/184074\/"},"modified":"2025-05-19T10:12:34","modified_gmt":"2025-05-19T10:12:34","slug":"grece-un-referendum-qui-met-syriza-dans-le-risque","status":"publish","type":"post","link":"https:\/\/www.webdo.tn\/fr\/actualite\/international\/grece-un-referendum-qui-met-syriza-dans-le-risque\/184074\/","title":{"rendered":"Gr\u00e8ce : Un r\u00e9f\u00e9rendum qui met Syriza dans le risque"},"content":{"rendered":"<p>La Gr\u00e8ce, le pays rebelle de l\u2019Union europ\u00e9enne, ne semble pas jeter l\u2019\u00e9ponge. Les n\u00e9gociations pour un \u00e9ventuel plan de sauvetage de la Gr\u00e8ce n\u2019ayant pas abouti, le FMI continue \u00e0 faire pression, la BCE et l\u2019UE optent pour des pseudo-solutions qui ne feraient que pousser davantage vers la crise.<br \/>\n1,5 milliards d\u2019euro impay\u00e9s \u00e0 terme<br \/>\nCertaines positions des gouvernements europ\u00e9ens sont plut\u00f4t compatissantes, d\u2019autres ne donnent aucun signe de tol\u00e9rance, Angela Merkel en est le meilleur exemple. Cependant, Hollande se montre plus compr\u00e9hensif face \u00e0 l\u2019affaire grecque, ce qui causerait \u00ab la fissure du couple franco-allemand \u00bb.<\/p>\n<p>Entre donner une chance \u00e0 Ath\u00e8nes pour trouver un compromis avec ses cr\u00e9anciers ou l\u2019expulser de la zone Euro, aucun accord commun n\u2019est conclu. De plus, on d\u00e9passe d\u00e9j\u00e0 de deux jours le dernier d\u00e9lai permis \u00e0 la Gr\u00e8ce pour rembourser une tranche de 1,5 milliards d\u2019euros au FMI.<br \/>\nLes cr\u00e9anciers, la peur au ventre<br \/>\nCe n\u2019est dans l\u2019int\u00e9r\u00eat d\u2019aucun des cr\u00e9anciers europ\u00e9ens que la Gr\u00e8ce quitte l\u2019Eurogroupe car si cela se produit, ils ne seraient jamais rembours\u00e9s, c\u2019est d\u2019ailleurs ce que la majorit\u00e9 d\u2019entre eux redoute, pourtant, un \u00e9chec des n\u00e9gociations entre les deux parties \u00e9tait un r\u00e9sultat in\u00e9luctable. Tsipras qui s\u2019obstine \u00e0 prolonger les \u00e9ch\u00e9ances ou \u00e0 suspendre un pourcentage des dettes a majoritairement contribu\u00e9 \u00e0 cet \u00e9chec.<br \/>\nSortir de l&rsquo;UE ?<br \/>\nActuellement, les issues de secours sont bloqu\u00e9es face \u00e0 la Gr\u00e8ce, deux solutions possibles seraient en fait la source de prolif\u00e9ration de la crise bancaire et financi\u00e8re du pays. L\u2019une est d\u2019avancer dans la politique d\u2019aust\u00e9rit\u00e9, l\u2019autre est de sortir de l\u2019Union Europ\u00e9enne.<\/p>\n<p>Quant au leader de Syriza, il opte pour la deuxi\u00e8me alternative qui constitue selon lui un plan convenable pour que la Gr\u00e8ce sorte de son ali\u00e9nation et reprenne l\u2019\u00e9lan sur le chemin du d\u00e9veloppement.<br \/>\nLe r\u00e9f\u00e9rendum causerait un tiraillement entre le \u00ab oui \u00bb et le \u00ab non \u00bb<br \/>\nLe r\u00e9f\u00e9rendum qui aura lieu ce dimanche 5 juillet 2015, sera l\u2019opportunit\u00e9 pour que le peuple grec d\u00e9cide lui-m\u00eame de sa destin\u00e9e en r\u00e9pondant par un \u00ab oui \u00bb aux exigences des d\u00e9tenteurs du march\u00e9 financer mondial ce qui entrainerait la chute du gouvernement de Tsipras ou par un \u00ab non \u00bb l\u00e0 o\u00f9 la Gr\u00e8ce se d\u00e9tacherait de l\u2019Union Europ\u00e9enne et deviendrait autonome.<\/p>\n<p>Quant au chef du gouvernement, Alexis Tsipras, le leader de la gauche radicale, il opte sans aucun doute et en toute confiance pour le \u00ab non \u00bb et appelle son peuple \u00e0 crier \u00ab non \u00bb en masses le jour du r\u00e9f\u00e9rendum. Des sondages r\u00e9cents ont pourtant montr\u00e9 que le \u00ab oui \u00bb l\u2019a emport\u00e9 sur le \u00ab non \u00bb \u00e0 47%, ceux qui l\u2019ont pr\u00e9c\u00e9d\u00e9s montrent le contraire, le peuple semble alors ind\u00e9cis.<\/p>\n<p>Jeudi matin, un titre indiquant \u00ab Deux Nobel d\u2019\u00e9conomie au secours de Tsipras \u00bb apparait sur un journal \u00e9lectronique fran\u00e7ais. Il s\u2019agit de deux \u00e9conomistes de renomm\u00e9e mondiale, Joseph Stiglitz, co-prix Nobel 2001, et Paul Krugman, prix Nobel 2008.<\/p>\n<p>ls d\u00e9clarent soutenir la politique de Tsipras qui sauverait mieux la Gr\u00e8ce. Stiglitz explique, pour sa part, qu\u2019\u00abun non ouvrirait au moins la possibilit\u00e9\u00bb au pays, \u00abavec sa forte tradition d\u00e9mocratique, de saisir son destin dans ses propres mains \u00bb.<\/p>\n<p>Par contre, l\u2019aust\u00e9rit\u00e9 conduirait, selon eux, au d\u00e9sastre. Ainsi, l\u2019avenir de la Gr\u00e8ce, encore dans le flou, serait-il plus \u00e9clair\u00e9 dimanche prochain.<br \/>\nAfef Toumi<\/p>\n","protected":false},"excerpt":{"rendered":"<p>Gr\u00e8ce : Un r\u00e9f\u00e9rendum qui met Syriza dans le risque<\/p>\n","protected":false},"author":3222,"featured_media":372959,"comment_status":"open","ping_status":"closed","sticky":false,"template":"","format":"standard","meta":{"footnotes":""},"categories":[2598],"tags":[2600],"class_list":["post-184074","post","type-post","status-publish","format-standard","has-post-thumbnail","hentry","category-international","tag-guerre"],"yoast_head":"<!-- This site is optimized with the Yoast SEO Premium plugin v27.5 (Yoast SEO v27.5) - https:\/\/yoast.com\/product\/yoast-seo-premium-wordpress\/ -->\n<title>Gr\u00e8ce : Un r\u00e9f\u00e9rendum qui met Syriza dans le risque<\/title>\n<meta name=\"description\" content=\"Gr\u00e8ce : Un r\u00e9f\u00e9rendum qui met Syriza dans le risque\" \/>\n<link rel=\"canonical\" href=\"https:\/\/www.webdo.tn\/fr\/actualite\/international\/grece-un-referendum-qui-met-syriza-dans-le-risque\/184074\/\" \/>\n<meta property=\"og:locale\" content=\"fr_FR\" \/>\n<meta property=\"og:type\" content=\"article\" \/>\n<meta property=\"og:title\" content=\"Gr\u00e8ce : Un r\u00e9f\u00e9rendum qui met Syriza dans le risque\" \/>\n<meta property=\"og:description\" content=\"Gr\u00e8ce : Un r\u00e9f\u00e9rendum qui met Syriza dans le risque\" \/>\n<meta property=\"og:url\" content=\"https:\/\/www.webdo.tn\/fr\/actualite\/international\/grece-un-referendum-qui-met-syriza-dans-le-risque\/184074\/\" \/>\n<meta property=\"og:site_name\" content=\"webdo\" \/>\n<meta property=\"article:publisher\" content=\"https:\/\/www.facebook.com\/webdotn\" \/>\n<meta property=\"article:published_time\" content=\"2015-07-02T16:51:00+00:00\" \/>\n<meta property=\"article:modified_time\" content=\"2025-05-19T10:12:34+00:00\" \/>\n<meta name=\"author\" content=\"webdo.tn\" \/>\n<meta name=\"twitter:card\" content=\"summary_large_image\" \/>\n<meta name=\"twitter:creator\" content=\"@webdo_tn\" \/>\n<meta name=\"twitter:site\" content=\"@webdo_tn\" \/>\n<meta name=\"twitter:label1\" content=\"\u00c9crit par\" \/>\n\t<meta name=\"twitter:data1\" content=\"webdo.tn\" \/>\n\t<meta name=\"twitter:label2\" content=\"Dur\u00e9e de lecture estim\u00e9e\" \/>\n\t<meta name=\"twitter:data2\" content=\"3 minutes\" \/>\n<script type=\"application\/ld+json\" class=\"yoast-schema-graph\">{\"@context\":\"https:\\\/\\\/schema.org\",\"@graph\":[{\"@type\":\"NewsArticle\",\"@id\":\"https:\\\/\\\/www.webdo.tn\\\/fr\\\/actualite\\\/international\\\/grece-un-referendum-qui-met-syriza-dans-le-risque\\\/184074\\\/#article\",\"isPartOf\":{\"@id\":\"https:\\\/\\\/www.webdo.tn\\\/fr\\\/actualite\\\/international\\\/grece-un-referendum-qui-met-syriza-dans-le-risque\\\/184074\\\/\"},\"author\":{\"name\":\"webdo.tn\",\"@id\":\"https:\\\/\\\/www.webdo.tn\\\/fr\\\/#\\\/schema\\\/person\\\/9a9c6118d687c117df8ef3cc36a4d175\"},\"headline\":\"Gr\u00e8ce : Un r\u00e9f\u00e9rendum qui met Syriza dans le risque\",\"datePublished\":\"2015-07-02T16:51:00+00:00\",\"dateModified\":\"2025-05-19T10:12:34+00:00\",\"mainEntityOfPage\":{\"@id\":\"https:\\\/\\\/www.webdo.tn\\\/fr\\\/actualite\\\/international\\\/grece-un-referendum-qui-met-syriza-dans-le-risque\\\/184074\\\/\"},\"wordCount\":624,\"commentCount\":0,\"publisher\":{\"@id\":\"https:\\\/\\\/www.webdo.tn\\\/fr\\\/#organization\"},\"image\":{\"@id\":\"https:\\\/\\\/www.webdo.tn\\\/fr\\\/actualite\\\/international\\\/grece-un-referendum-qui-met-syriza-dans-le-risque\\\/184074\\\/#primaryimage\"},\"thumbnailUrl\":\"https:\\\/\\\/www.webdo.tn\\\/fr\\\/wp-content\\\/uploads\\\/2025\\\/06\\\/Grece-Credit-Reuters_184074.jpg\",\"keywords\":[\"guerre\"],\"articleSection\":[\"International\"],\"inLanguage\":\"fr-FR\"},{\"@type\":\"WebPage\",\"@id\":\"https:\\\/\\\/www.webdo.tn\\\/fr\\\/actualite\\\/international\\\/grece-un-referendum-qui-met-syriza-dans-le-risque\\\/184074\\\/\",\"url\":\"https:\\\/\\\/www.webdo.tn\\\/fr\\\/actualite\\\/international\\\/grece-un-referendum-qui-met-syriza-dans-le-risque\\\/184074\\\/\",\"name\":\"Gr\u00e8ce : Un r\u00e9f\u00e9rendum qui met Syriza dans le risque\",\"isPartOf\":{\"@id\":\"https:\\\/\\\/www.webdo.tn\\\/fr\\\/#website\"},\"primaryImageOfPage\":{\"@id\":\"https:\\\/\\\/www.webdo.tn\\\/fr\\\/actualite\\\/international\\\/grece-un-referendum-qui-met-syriza-dans-le-risque\\\/184074\\\/#primaryimage\"},\"image\":{\"@id\":\"https:\\\/\\\/www.webdo.tn\\\/fr\\\/actualite\\\/international\\\/grece-un-referendum-qui-met-syriza-dans-le-risque\\\/184074\\\/#primaryimage\"},\"thumbnailUrl\":\"https:\\\/\\\/www.webdo.tn\\\/fr\\\/wp-content\\\/uploads\\\/2025\\\/06\\\/Grece-Credit-Reuters_184074.jpg\",\"datePublished\":\"2015-07-02T16:51:00+00:00\",\"dateModified\":\"2025-05-19T10:12:34+00:00\",\"description\":\"Gr\u00e8ce : Un r\u00e9f\u00e9rendum qui met Syriza dans le risque\",\"breadcrumb\":{\"@id\":\"https:\\\/\\\/www.webdo.tn\\\/fr\\\/actualite\\\/international\\\/grece-un-referendum-qui-met-syriza-dans-le-risque\\\/184074\\\/#breadcrumb\"},\"inLanguage\":\"fr-FR\",\"potentialAction\":[{\"@type\":\"ReadAction\",\"target\":[\"https:\\\/\\\/www.webdo.tn\\\/fr\\\/actualite\\\/international\\\/grece-un-referendum-qui-met-syriza-dans-le-risque\\\/184074\\\/\"]}]},{\"@type\":\"ImageObject\",\"inLanguage\":\"fr-FR\",\"@id\":\"https:\\\/\\\/www.webdo.tn\\\/fr\\\/actualite\\\/international\\\/grece-un-referendum-qui-met-syriza-dans-le-risque\\\/184074\\\/#primaryimage\",\"url\":\"https:\\\/\\\/www.webdo.tn\\\/fr\\\/wp-content\\\/uploads\\\/2025\\\/06\\\/Grece-Credit-Reuters_184074.jpg\",\"contentUrl\":\"https:\\\/\\\/www.webdo.tn\\\/fr\\\/wp-content\\\/uploads\\\/2025\\\/06\\\/Grece-Credit-Reuters_184074.jpg\",\"width\":591,\"height\":296,\"caption\":\"Gr\u00e8ce : Un r\u00e9f\u00e9rendum qui met Syriza dans le risque\"},{\"@type\":\"BreadcrumbList\",\"@id\":\"https:\\\/\\\/www.webdo.tn\\\/fr\\\/actualite\\\/international\\\/grece-un-referendum-qui-met-syriza-dans-le-risque\\\/184074\\\/#breadcrumb\",\"itemListElement\":[{\"@type\":\"ListItem\",\"position\":1,\"name\":\"Accueil\",\"item\":\"https:\\\/\\\/www.webdo.tn\\\/fr\\\/\"},{\"@type\":\"ListItem\",\"position\":2,\"name\":\"Gr\u00e8ce : Un r\u00e9f\u00e9rendum qui met Syriza dans le risque\"}]},{\"@type\":\"WebSite\",\"@id\":\"https:\\\/\\\/www.webdo.tn\\\/fr\\\/#website\",\"url\":\"https:\\\/\\\/www.webdo.tn\\\/fr\\\/\",\"name\":\"webdo\",\"description\":\"Tunisie - News en Tunisie et \u00e0 l&#039;international sur Webdo.tn\",\"publisher\":{\"@id\":\"https:\\\/\\\/www.webdo.tn\\\/fr\\\/#organization\"},\"potentialAction\":[{\"@type\":\"SearchAction\",\"target\":{\"@type\":\"EntryPoint\",\"urlTemplate\":\"https:\\\/\\\/www.webdo.tn\\\/fr\\\/?s={search_term_string}\"},\"query-input\":{\"@type\":\"PropertyValueSpecification\",\"valueRequired\":true,\"valueName\":\"search_term_string\"}}],\"inLanguage\":\"fr-FR\"},{\"@type\":\"Organization\",\"@id\":\"https:\\\/\\\/www.webdo.tn\\\/fr\\\/#organization\",\"name\":\"Webdo\",\"alternateName\":\"Webdo.tn\",\"url\":\"https:\\\/\\\/www.webdo.tn\\\/fr\\\/\",\"logo\":{\"@type\":\"ImageObject\",\"inLanguage\":\"fr-FR\",\"@id\":\"https:\\\/\\\/www.webdo.tn\\\/fr\\\/#\\\/schema\\\/logo\\\/image\\\/\",\"url\":\"https:\\\/\\\/www.webdo.tn\\\/fr\\\/wp-content\\\/uploads\\\/2025\\\/06\\\/Webdo-Tunisie_168377.jpg\",\"contentUrl\":\"https:\\\/\\\/www.webdo.tn\\\/fr\\\/wp-content\\\/uploads\\\/2025\\\/06\\\/Webdo-Tunisie_168377.jpg\",\"width\":301,\"height\":301,\"caption\":\"Webdo\"},\"image\":{\"@id\":\"https:\\\/\\\/www.webdo.tn\\\/fr\\\/#\\\/schema\\\/logo\\\/image\\\/\"},\"sameAs\":[\"https:\\\/\\\/www.facebook.com\\\/webdotn\",\"https:\\\/\\\/x.com\\\/webdo_tn\"],\"description\":\"Webdo est un m\u00e9dia num\u00e9rique tunisien fond\u00e9 en 2010, sp\u00e9cialis\u00e9 dans l\u2019actualit\u00e9 nationale et internationale, l\u2019\u00e9conomie, la soci\u00e9t\u00e9 et les analyses politiques. Le site s\u2019adresse \u00e0 un large public francophone et couvre l\u2019information tunisienne en temps r\u00e9el.\",\"email\":\"redac@webdo.tn\",\"legalName\":\"YNJ SARL\",\"foundingDate\":\"2010-09-06\",\"numberOfEmployees\":{\"@type\":\"QuantitativeValue\",\"minValue\":\"11\",\"maxValue\":\"50\"}},{\"@type\":\"Person\",\"@id\":\"https:\\\/\\\/www.webdo.tn\\\/fr\\\/#\\\/schema\\\/person\\\/9a9c6118d687c117df8ef3cc36a4d175\",\"name\":\"webdo.tn\",\"image\":{\"@type\":\"ImageObject\",\"inLanguage\":\"fr-FR\",\"@id\":\"https:\\\/\\\/secure.gravatar.com\\\/avatar\\\/7ce1f28c0c3bbac99ff550b85ef8e44a6950c6ee24514fb6a5489e51d06f0298?s=96&d=mm&r=g\",\"url\":\"https:\\\/\\\/secure.gravatar.com\\\/avatar\\\/7ce1f28c0c3bbac99ff550b85ef8e44a6950c6ee24514fb6a5489e51d06f0298?s=96&d=mm&r=g\",\"contentUrl\":\"https:\\\/\\\/secure.gravatar.com\\\/avatar\\\/7ce1f28c0c3bbac99ff550b85ef8e44a6950c6ee24514fb6a5489e51d06f0298?s=96&d=mm&r=g\",\"caption\":\"webdo.tn\"},\"url\":\"https:\\\/\\\/www.webdo.tn\\\/fr\\\/actualite\\\/author\\\/webdotn\\\/\"}]}<\/script>\n<!-- \/ Yoast SEO Premium plugin. -->","yoast_head_json":{"title":"Gr\u00e8ce : Un r\u00e9f\u00e9rendum qui met Syriza dans le risque","description":"Gr\u00e8ce : Un r\u00e9f\u00e9rendum qui met Syriza dans le risque","canonical":"https:\/\/www.webdo.tn\/fr\/actualite\/international\/grece-un-referendum-qui-met-syriza-dans-le-risque\/184074\/","og_locale":"fr_FR","og_type":"article","og_title":"Gr\u00e8ce : Un r\u00e9f\u00e9rendum qui met Syriza dans le risque","og_description":"Gr\u00e8ce : Un r\u00e9f\u00e9rendum qui met Syriza dans le risque","og_url":"https:\/\/www.webdo.tn\/fr\/actualite\/international\/grece-un-referendum-qui-met-syriza-dans-le-risque\/184074\/","og_site_name":"webdo","article_publisher":"https:\/\/www.facebook.com\/webdotn","article_published_time":"2015-07-02T16:51:00+00:00","article_modified_time":"2025-05-19T10:12:34+00:00","author":"webdo.tn","twitter_card":"summary_large_image","twitter_creator":"@webdo_tn","twitter_site":"@webdo_tn","twitter_misc":{"\u00c9crit par":"webdo.tn","Dur\u00e9e de lecture estim\u00e9e":"3 minutes"},"schema":{"@context":"https:\/\/schema.org","@graph":[{"@type":"NewsArticle","@id":"https:\/\/www.webdo.tn\/fr\/actualite\/international\/grece-un-referendum-qui-met-syriza-dans-le-risque\/184074\/#article","isPartOf":{"@id":"https:\/\/www.webdo.tn\/fr\/actualite\/international\/grece-un-referendum-qui-met-syriza-dans-le-risque\/184074\/"},"author":{"name":"webdo.tn","@id":"https:\/\/www.webdo.tn\/fr\/#\/schema\/person\/9a9c6118d687c117df8ef3cc36a4d175"},"headline":"Gr\u00e8ce : Un r\u00e9f\u00e9rendum qui met Syriza dans le risque","datePublished":"2015-07-02T16:51:00+00:00","dateModified":"2025-05-19T10:12:34+00:00","mainEntityOfPage":{"@id":"https:\/\/www.webdo.tn\/fr\/actualite\/international\/grece-un-referendum-qui-met-syriza-dans-le-risque\/184074\/"},"wordCount":624,"commentCount":0,"publisher":{"@id":"https:\/\/www.webdo.tn\/fr\/#organization"},"image":{"@id":"https:\/\/www.webdo.tn\/fr\/actualite\/international\/grece-un-referendum-qui-met-syriza-dans-le-risque\/184074\/#primaryimage"},"thumbnailUrl":"https:\/\/www.webdo.tn\/fr\/wp-content\/uploads\/2025\/06\/Grece-Credit-Reuters_184074.jpg","keywords":["guerre"],"articleSection":["International"],"inLanguage":"fr-FR"},{"@type":"WebPage","@id":"https:\/\/www.webdo.tn\/fr\/actualite\/international\/grece-un-referendum-qui-met-syriza-dans-le-risque\/184074\/","url":"https:\/\/www.webdo.tn\/fr\/actualite\/international\/grece-un-referendum-qui-met-syriza-dans-le-risque\/184074\/","name":"Gr\u00e8ce : Un r\u00e9f\u00e9rendum qui met Syriza dans le risque","isPartOf":{"@id":"https:\/\/www.webdo.tn\/fr\/#website"},"primaryImageOfPage":{"@id":"https:\/\/www.webdo.tn\/fr\/actualite\/international\/grece-un-referendum-qui-met-syriza-dans-le-risque\/184074\/#primaryimage"},"image":{"@id":"https:\/\/www.webdo.tn\/fr\/actualite\/international\/grece-un-referendum-qui-met-syriza-dans-le-risque\/184074\/#primaryimage"},"thumbnailUrl":"https:\/\/www.webdo.tn\/fr\/wp-content\/uploads\/2025\/06\/Grece-Credit-Reuters_184074.jpg","datePublished":"2015-07-02T16:51:00+00:00","dateModified":"2025-05-19T10:12:34+00:00","description":"Gr\u00e8ce : Un r\u00e9f\u00e9rendum qui met Syriza dans le risque","breadcrumb":{"@id":"https:\/\/www.webdo.tn\/fr\/actualite\/international\/grece-un-referendum-qui-met-syriza-dans-le-risque\/184074\/#breadcrumb"},"inLanguage":"fr-FR","potentialAction":[{"@type":"ReadAction","target":["https:\/\/www.webdo.tn\/fr\/actualite\/international\/grece-un-referendum-qui-met-syriza-dans-le-risque\/184074\/"]}]},{"@type":"ImageObject","inLanguage":"fr-FR","@id":"https:\/\/www.webdo.tn\/fr\/actualite\/international\/grece-un-referendum-qui-met-syriza-dans-le-risque\/184074\/#primaryimage","url":"https:\/\/www.webdo.tn\/fr\/wp-content\/uploads\/2025\/06\/Grece-Credit-Reuters_184074.jpg","contentUrl":"https:\/\/www.webdo.tn\/fr\/wp-content\/uploads\/2025\/06\/Grece-Credit-Reuters_184074.jpg","width":591,"height":296,"caption":"Gr\u00e8ce : Un r\u00e9f\u00e9rendum qui met Syriza dans le risque"},{"@type":"BreadcrumbList","@id":"https:\/\/www.webdo.tn\/fr\/actualite\/international\/grece-un-referendum-qui-met-syriza-dans-le-risque\/184074\/#breadcrumb","itemListElement":[{"@type":"ListItem","position":1,"name":"Accueil","item":"https:\/\/www.webdo.tn\/fr\/"},{"@type":"ListItem","position":2,"name":"Gr\u00e8ce : Un r\u00e9f\u00e9rendum qui met Syriza dans le risque"}]},{"@type":"WebSite","@id":"https:\/\/www.webdo.tn\/fr\/#website","url":"https:\/\/www.webdo.tn\/fr\/","name":"webdo","description":"Tunisie - News en Tunisie et \u00e0 l&#039;international sur Webdo.tn","publisher":{"@id":"https:\/\/www.webdo.tn\/fr\/#organization"},"potentialAction":[{"@type":"SearchAction","target":{"@type":"EntryPoint","urlTemplate":"https:\/\/www.webdo.tn\/fr\/?s={search_term_string}"},"query-input":{"@type":"PropertyValueSpecification","valueRequired":true,"valueName":"search_term_string"}}],"inLanguage":"fr-FR"},{"@type":"Organization","@id":"https:\/\/www.webdo.tn\/fr\/#organization","name":"Webdo","alternateName":"Webdo.tn","url":"https:\/\/www.webdo.tn\/fr\/","logo":{"@type":"ImageObject","inLanguage":"fr-FR","@id":"https:\/\/www.webdo.tn\/fr\/#\/schema\/logo\/image\/","url":"https:\/\/www.webdo.tn\/fr\/wp-content\/uploads\/2025\/06\/Webdo-Tunisie_168377.jpg","contentUrl":"https:\/\/www.webdo.tn\/fr\/wp-content\/uploads\/2025\/06\/Webdo-Tunisie_168377.jpg","width":301,"height":301,"caption":"Webdo"},"image":{"@id":"https:\/\/www.webdo.tn\/fr\/#\/schema\/logo\/image\/"},"sameAs":["https:\/\/www.facebook.com\/webdotn","https:\/\/x.com\/webdo_tn"],"description":"Webdo est un m\u00e9dia num\u00e9rique tunisien fond\u00e9 en 2010, sp\u00e9cialis\u00e9 dans l\u2019actualit\u00e9 nationale et internationale, l\u2019\u00e9conomie, la soci\u00e9t\u00e9 et les analyses politiques. Le site s\u2019adresse \u00e0 un large public francophone et couvre l\u2019information tunisienne en temps r\u00e9el.","email":"redac@webdo.tn","legalName":"YNJ SARL","foundingDate":"2010-09-06","numberOfEmployees":{"@type":"QuantitativeValue","minValue":"11","maxValue":"50"}},{"@type":"Person","@id":"https:\/\/www.webdo.tn\/fr\/#\/schema\/person\/9a9c6118d687c117df8ef3cc36a4d175","name":"webdo.tn","image":{"@type":"ImageObject","inLanguage":"fr-FR","@id":"https:\/\/secure.gravatar.com\/avatar\/7ce1f28c0c3bbac99ff550b85ef8e44a6950c6ee24514fb6a5489e51d06f0298?s=96&d=mm&r=g","url":"https:\/\/secure.gravatar.com\/avatar\/7ce1f28c0c3bbac99ff550b85ef8e44a6950c6ee24514fb6a5489e51d06f0298?s=96&d=mm&r=g","contentUrl":"https:\/\/secure.gravatar.com\/avatar\/7ce1f28c0c3bbac99ff550b85ef8e44a6950c6ee24514fb6a5489e51d06f0298?s=96&d=mm&r=g","caption":"webdo.tn"},"url":"https:\/\/www.webdo.tn\/fr\/actualite\/author\/webdotn\/"}]}},"_links":{"self":[{"href":"https:\/\/www.webdo.tn\/fr\/wp-json\/wp\/v2\/posts\/184074","targetHints":{"allow":["GET"]}}],"collection":[{"href":"https:\/\/www.webdo.tn\/fr\/wp-json\/wp\/v2\/posts"}],"about":[{"href":"https:\/\/www.webdo.tn\/fr\/wp-json\/wp\/v2\/types\/post"}],"author":[{"embeddable":true,"href":"https:\/\/www.webdo.tn\/fr\/wp-json\/wp\/v2\/users\/3222"}],"replies":[{"embeddable":true,"href":"https:\/\/www.webdo.tn\/fr\/wp-json\/wp\/v2\/comments?post=184074"}],"version-history":[{"count":0,"href":"https:\/\/www.webdo.tn\/fr\/wp-json\/wp\/v2\/posts\/184074\/revisions"}],"wp:featuredmedia":[{"embeddable":true,"href":"https:\/\/www.webdo.tn\/fr\/wp-json\/wp\/v2\/media\/372959"}],"wp:attachment":[{"href":"https:\/\/www.webdo.tn\/fr\/wp-json\/wp\/v2\/media?parent=184074"}],"wp:term":[{"taxonomy":"category","embeddable":true,"href":"https:\/\/www.webdo.tn\/fr\/wp-json\/wp\/v2\/categories?post=184074"},{"taxonomy":"post_tag","embeddable":true,"href":"https:\/\/www.webdo.tn\/fr\/wp-json\/wp\/v2\/tags?post=184074"}],"curies":[{"name":"wp","href":"https:\/\/api.w.org\/{rel}","templated":true}]}}