{"id":184072,"date":"2015-07-03T15:14:00","date_gmt":"2015-07-03T15:14:00","guid":{"rendered":"https:\/\/www.webdo.tn\/fr\/blog\/le-pilote-italien-qui-a-lance-bienvenue-en-palestine-prive-disrael\/184072\/"},"modified":"2015-07-03T15:14:00","modified_gmt":"2015-07-03T15:14:00","slug":"le-pilote-italien-qui-a-lance-bienvenue-en-palestine-prive-disrael","status":"publish","type":"post","link":"https:\/\/www.webdo.tn\/fr\/actualite\/international\/le-pilote-italien-qui-a-lance-bienvenue-en-palestine-prive-disrael\/184072\/","title":{"rendered":"Le pilote italien qui a lanc\u00e9 \u00ab\u00a0Bienvenue en Palestine\u00a0\u00bb, \u00ab\u00a0priv\u00e9\u00a0\u00bb d&rsquo;Isra\u00ebl"},"content":{"rendered":"<p>Le pilote italien qui avait annonc\u00e9 \u00ab\u00a0la bienvenue en Palestine\u00a0\u00bb en atterrissant \u00e0 l\u2019a\u00e9roport Ben Gourion a \u00e9t\u00e9 sanctionn\u00e9 par la compagnie italienne Alitalia. Il ne pourra plus dor\u00e9navant assurer cette liaison, a pr\u00e9cis\u00e9 le porte parole de la compagnie, Orli Sigal.<\/p>\n<p>\u00c7a s\u2019est pass\u00e9 vendredi dernier au moment de l\u2019atterrissage de l\u2019appareil d\u2019Alitalia \u00e0 l\u2019a\u00e9roport de Tel-Aviv. Au moment de poser son avion, le pilote a souhait\u00e9 aux passagers par la voie d\u2019un haut-parleur \u00ab\u00a0bienvenue en Palestine\u00a0\u00bb.<\/p>\n<p>Il n\u2019en fallait pas plus pour que \u00e7a cr\u00e9e une pol\u00e9mique. L\u2019incident a surpris les passagers, en premier lieu, puis a entra\u00een\u00e9 un toll\u00e9 chez les Isra\u00e9liens qui n\u2019ont pas appr\u00e9ci\u00e9 l\u2019attitude du pilote.<\/p>\n<p>Interrog\u00e9, le pilote a r\u00e9pondu que \u00ab\u00a0les Isra\u00e9liens tuent les Palestiniens tous les jours\u00a0\u00bb.<\/p>\n<p>C\u2019est la troisi\u00e8me fois qu\u2019un incident de ce genre se produit. En 2013, un pilote italien a fait le m\u00eame coup. Auparavant, en juillet 2002, c\u2019est un pilote d\u2019Air France qui a d\u00e9fray\u00e9 la chronique en annon\u00e7ant \u00ab\u00a0bienvenue en Isra\u00ebl-Palestine\u00a0\u00bb.<br \/>\nC.C.<\/p>\n","protected":false},"excerpt":{"rendered":"<p>Le pilote italien qui a lanc\u00e9  Bienvenue en Palestine ,  priv\u00e9  d&rsquo;Isra\u00ebl<\/p>\n","protected":false},"author":3222,"featured_media":317836,"comment_status":"open","ping_status":"closed","sticky":false,"template":"","format":"standard","meta":{"footnotes":""},"categories":[2598],"tags":[2600],"class_list":["post-184072","post","type-post","status-publish","format-standard","has-post-thumbnail","hentry","category-international","tag-guerre"],"yoast_head":"<!-- This site is optimized with the Yoast SEO Premium plugin v27.5 (Yoast SEO v27.5) - https:\/\/yoast.com\/product\/yoast-seo-premium-wordpress\/ -->\n<title>Le pilote italien qui a lanc\u00e9 Bienvenue en Palestine , priv\u00e9 d&#039;Isra\u00ebl<\/title>\n<meta name=\"description\" content=\"Le pilote italien qui a lanc\u00e9 Bienvenue en Palestine , priv\u00e9 d&#039;Isra\u00ebl\" \/>\n<link rel=\"canonical\" href=\"https:\/\/www.webdo.tn\/fr\/actualite\/international\/le-pilote-italien-qui-a-lance-bienvenue-en-palestine-prive-disrael\/184072\/\" \/>\n<meta property=\"og:locale\" content=\"fr_FR\" \/>\n<meta property=\"og:type\" content=\"article\" \/>\n<meta property=\"og:title\" content=\"Le pilote italien qui a lanc\u00e9 &quot;Bienvenue en Palestine&quot;, &quot;priv\u00e9&quot; d&#039;Isra\u00ebl\" \/>\n<meta property=\"og:description\" content=\"Le pilote italien qui a lanc\u00e9 Bienvenue en Palestine , priv\u00e9 d&#039;Isra\u00ebl\" \/>\n<meta property=\"og:url\" content=\"https:\/\/www.webdo.tn\/fr\/actualite\/international\/le-pilote-italien-qui-a-lance-bienvenue-en-palestine-prive-disrael\/184072\/\" \/>\n<meta property=\"og:site_name\" content=\"webdo\" \/>\n<meta property=\"article:publisher\" content=\"https:\/\/www.facebook.com\/webdotn\" \/>\n<meta property=\"article:published_time\" content=\"2015-07-03T15:14:00+00:00\" \/>\n<meta property=\"og:image\" content=\"https:\/\/www.webdo.tn\/fr\/wp-content\/uploads\/2015\/07\/Alitalia-300x178-1.jpg\" \/>\n\t<meta property=\"og:image:width\" content=\"300\" \/>\n\t<meta property=\"og:image:height\" content=\"178\" \/>\n\t<meta property=\"og:image:type\" content=\"image\/jpeg\" \/>\n<meta name=\"author\" content=\"webdo.tn\" \/>\n<meta name=\"twitter:card\" content=\"summary_large_image\" \/>\n<meta name=\"twitter:creator\" content=\"@webdo_tn\" \/>\n<meta name=\"twitter:site\" content=\"@webdo_tn\" \/>\n<meta name=\"twitter:label1\" content=\"\u00c9crit par\" \/>\n\t<meta name=\"twitter:data1\" content=\"webdo.tn\" \/>\n\t<meta name=\"twitter:label2\" content=\"Dur\u00e9e de lecture estim\u00e9e\" \/>\n\t<meta name=\"twitter:data2\" content=\"1 minute\" \/>\n<script type=\"application\/ld+json\" class=\"yoast-schema-graph\">{\"@context\":\"https:\\\/\\\/schema.org\",\"@graph\":[{\"@type\":\"NewsArticle\",\"@id\":\"https:\\\/\\\/www.webdo.tn\\\/fr\\\/actualite\\\/international\\\/le-pilote-italien-qui-a-lance-bienvenue-en-palestine-prive-disrael\\\/184072\\\/#article\",\"isPartOf\":{\"@id\":\"https:\\\/\\\/www.webdo.tn\\\/fr\\\/actualite\\\/international\\\/le-pilote-italien-qui-a-lance-bienvenue-en-palestine-prive-disrael\\\/184072\\\/\"},\"author\":{\"name\":\"webdo.tn\",\"@id\":\"https:\\\/\\\/www.webdo.tn\\\/fr\\\/#\\\/schema\\\/person\\\/9a9c6118d687c117df8ef3cc36a4d175\"},\"headline\":\"Le pilote italien qui a lanc\u00e9 \u00ab\u00a0Bienvenue en Palestine\u00a0\u00bb, \u00ab\u00a0priv\u00e9\u00a0\u00bb d&rsquo;Isra\u00ebl\",\"datePublished\":\"2015-07-03T15:14:00+00:00\",\"mainEntityOfPage\":{\"@id\":\"https:\\\/\\\/www.webdo.tn\\\/fr\\\/actualite\\\/international\\\/le-pilote-italien-qui-a-lance-bienvenue-en-palestine-prive-disrael\\\/184072\\\/\"},\"wordCount\":208,\"commentCount\":0,\"publisher\":{\"@id\":\"https:\\\/\\\/www.webdo.tn\\\/fr\\\/#organization\"},\"image\":{\"@id\":\"https:\\\/\\\/www.webdo.tn\\\/fr\\\/actualite\\\/international\\\/le-pilote-italien-qui-a-lance-bienvenue-en-palestine-prive-disrael\\\/184072\\\/#primaryimage\"},\"thumbnailUrl\":\"https:\\\/\\\/www.webdo.tn\\\/fr\\\/wp-content\\\/uploads\\\/2015\\\/07\\\/Alitalia-300x178-1.jpg\",\"keywords\":[\"guerre\"],\"articleSection\":[\"International\"],\"inLanguage\":\"fr-FR\"},{\"@type\":\"WebPage\",\"@id\":\"https:\\\/\\\/www.webdo.tn\\\/fr\\\/actualite\\\/international\\\/le-pilote-italien-qui-a-lance-bienvenue-en-palestine-prive-disrael\\\/184072\\\/\",\"url\":\"https:\\\/\\\/www.webdo.tn\\\/fr\\\/actualite\\\/international\\\/le-pilote-italien-qui-a-lance-bienvenue-en-palestine-prive-disrael\\\/184072\\\/\",\"name\":\"Le pilote italien qui a lanc\u00e9 Bienvenue en Palestine , priv\u00e9 d'Isra\u00ebl\",\"isPartOf\":{\"@id\":\"https:\\\/\\\/www.webdo.tn\\\/fr\\\/#website\"},\"primaryImageOfPage\":{\"@id\":\"https:\\\/\\\/www.webdo.tn\\\/fr\\\/actualite\\\/international\\\/le-pilote-italien-qui-a-lance-bienvenue-en-palestine-prive-disrael\\\/184072\\\/#primaryimage\"},\"image\":{\"@id\":\"https:\\\/\\\/www.webdo.tn\\\/fr\\\/actualite\\\/international\\\/le-pilote-italien-qui-a-lance-bienvenue-en-palestine-prive-disrael\\\/184072\\\/#primaryimage\"},\"thumbnailUrl\":\"https:\\\/\\\/www.webdo.tn\\\/fr\\\/wp-content\\\/uploads\\\/2015\\\/07\\\/Alitalia-300x178-1.jpg\",\"datePublished\":\"2015-07-03T15:14:00+00:00\",\"description\":\"Le pilote italien qui a lanc\u00e9 Bienvenue en Palestine , priv\u00e9 d'Isra\u00ebl\",\"breadcrumb\":{\"@id\":\"https:\\\/\\\/www.webdo.tn\\\/fr\\\/actualite\\\/international\\\/le-pilote-italien-qui-a-lance-bienvenue-en-palestine-prive-disrael\\\/184072\\\/#breadcrumb\"},\"inLanguage\":\"fr-FR\",\"potentialAction\":[{\"@type\":\"ReadAction\",\"target\":[\"https:\\\/\\\/www.webdo.tn\\\/fr\\\/actualite\\\/international\\\/le-pilote-italien-qui-a-lance-bienvenue-en-palestine-prive-disrael\\\/184072\\\/\"]}]},{\"@type\":\"ImageObject\",\"inLanguage\":\"fr-FR\",\"@id\":\"https:\\\/\\\/www.webdo.tn\\\/fr\\\/actualite\\\/international\\\/le-pilote-italien-qui-a-lance-bienvenue-en-palestine-prive-disrael\\\/184072\\\/#primaryimage\",\"url\":\"https:\\\/\\\/www.webdo.tn\\\/fr\\\/wp-content\\\/uploads\\\/2015\\\/07\\\/Alitalia-300x178-1.jpg\",\"contentUrl\":\"https:\\\/\\\/www.webdo.tn\\\/fr\\\/wp-content\\\/uploads\\\/2015\\\/07\\\/Alitalia-300x178-1.jpg\",\"width\":300,\"height\":178,\"caption\":\"Le pilote italien qui a lanc\u00e9 \\\"Bienvenue en Palestine\\\", \\\"priv\u00e9\\\" d'Isra\u00ebl\"},{\"@type\":\"BreadcrumbList\",\"@id\":\"https:\\\/\\\/www.webdo.tn\\\/fr\\\/actualite\\\/international\\\/le-pilote-italien-qui-a-lance-bienvenue-en-palestine-prive-disrael\\\/184072\\\/#breadcrumb\",\"itemListElement\":[{\"@type\":\"ListItem\",\"position\":1,\"name\":\"Accueil\",\"item\":\"https:\\\/\\\/www.webdo.tn\\\/fr\\\/\"},{\"@type\":\"ListItem\",\"position\":2,\"name\":\"Le pilote italien qui a lanc\u00e9 \u00ab\u00a0Bienvenue en Palestine\u00a0\u00bb, \u00ab\u00a0priv\u00e9\u00a0\u00bb d&rsquo;Isra\u00ebl\"}]},{\"@type\":\"WebSite\",\"@id\":\"https:\\\/\\\/www.webdo.tn\\\/fr\\\/#website\",\"url\":\"https:\\\/\\\/www.webdo.tn\\\/fr\\\/\",\"name\":\"webdo\",\"description\":\"Tunisie - News en Tunisie et \u00e0 l&#039;international sur Webdo.tn\",\"publisher\":{\"@id\":\"https:\\\/\\\/www.webdo.tn\\\/fr\\\/#organization\"},\"potentialAction\":[{\"@type\":\"SearchAction\",\"target\":{\"@type\":\"EntryPoint\",\"urlTemplate\":\"https:\\\/\\\/www.webdo.tn\\\/fr\\\/?s={search_term_string}\"},\"query-input\":{\"@type\":\"PropertyValueSpecification\",\"valueRequired\":true,\"valueName\":\"search_term_string\"}}],\"inLanguage\":\"fr-FR\"},{\"@type\":\"Organization\",\"@id\":\"https:\\\/\\\/www.webdo.tn\\\/fr\\\/#organization\",\"name\":\"Webdo\",\"alternateName\":\"Webdo.tn\",\"url\":\"https:\\\/\\\/www.webdo.tn\\\/fr\\\/\",\"logo\":{\"@type\":\"ImageObject\",\"inLanguage\":\"fr-FR\",\"@id\":\"https:\\\/\\\/www.webdo.tn\\\/fr\\\/#\\\/schema\\\/logo\\\/image\\\/\",\"url\":\"https:\\\/\\\/www.webdo.tn\\\/fr\\\/wp-content\\\/uploads\\\/2025\\\/06\\\/Webdo-Tunisie_168377.jpg\",\"contentUrl\":\"https:\\\/\\\/www.webdo.tn\\\/fr\\\/wp-content\\\/uploads\\\/2025\\\/06\\\/Webdo-Tunisie_168377.jpg\",\"width\":301,\"height\":301,\"caption\":\"Webdo\"},\"image\":{\"@id\":\"https:\\\/\\\/www.webdo.tn\\\/fr\\\/#\\\/schema\\\/logo\\\/image\\\/\"},\"sameAs\":[\"https:\\\/\\\/www.facebook.com\\\/webdotn\",\"https:\\\/\\\/x.com\\\/webdo_tn\"],\"description\":\"Webdo est un m\u00e9dia num\u00e9rique tunisien fond\u00e9 en 2010, sp\u00e9cialis\u00e9 dans l\u2019actualit\u00e9 nationale et internationale, l\u2019\u00e9conomie, la soci\u00e9t\u00e9 et les analyses politiques. Le site s\u2019adresse \u00e0 un large public francophone et couvre l\u2019information tunisienne en temps r\u00e9el.\",\"email\":\"redac@webdo.tn\",\"legalName\":\"YNJ SARL\",\"foundingDate\":\"2010-09-06\",\"numberOfEmployees\":{\"@type\":\"QuantitativeValue\",\"minValue\":\"11\",\"maxValue\":\"50\"}},{\"@type\":\"Person\",\"@id\":\"https:\\\/\\\/www.webdo.tn\\\/fr\\\/#\\\/schema\\\/person\\\/9a9c6118d687c117df8ef3cc36a4d175\",\"name\":\"webdo.tn\",\"image\":{\"@type\":\"ImageObject\",\"inLanguage\":\"fr-FR\",\"@id\":\"https:\\\/\\\/secure.gravatar.com\\\/avatar\\\/7ce1f28c0c3bbac99ff550b85ef8e44a6950c6ee24514fb6a5489e51d06f0298?s=96&d=mm&r=g\",\"url\":\"https:\\\/\\\/secure.gravatar.com\\\/avatar\\\/7ce1f28c0c3bbac99ff550b85ef8e44a6950c6ee24514fb6a5489e51d06f0298?s=96&d=mm&r=g\",\"contentUrl\":\"https:\\\/\\\/secure.gravatar.com\\\/avatar\\\/7ce1f28c0c3bbac99ff550b85ef8e44a6950c6ee24514fb6a5489e51d06f0298?s=96&d=mm&r=g\",\"caption\":\"webdo.tn\"},\"url\":\"https:\\\/\\\/www.webdo.tn\\\/fr\\\/actualite\\\/author\\\/webdotn\\\/\"}]}<\/script>\n<!-- \/ Yoast SEO Premium plugin. -->","yoast_head_json":{"title":"Le pilote italien qui a lanc\u00e9 Bienvenue en Palestine , priv\u00e9 d'Isra\u00ebl","description":"Le pilote italien qui a lanc\u00e9 Bienvenue en Palestine , priv\u00e9 d'Isra\u00ebl","canonical":"https:\/\/www.webdo.tn\/fr\/actualite\/international\/le-pilote-italien-qui-a-lance-bienvenue-en-palestine-prive-disrael\/184072\/","og_locale":"fr_FR","og_type":"article","og_title":"Le pilote italien qui a lanc\u00e9 \"Bienvenue en Palestine\", \"priv\u00e9\" d'Isra\u00ebl","og_description":"Le pilote italien qui a lanc\u00e9 Bienvenue en Palestine , priv\u00e9 d'Isra\u00ebl","og_url":"https:\/\/www.webdo.tn\/fr\/actualite\/international\/le-pilote-italien-qui-a-lance-bienvenue-en-palestine-prive-disrael\/184072\/","og_site_name":"webdo","article_publisher":"https:\/\/www.facebook.com\/webdotn","article_published_time":"2015-07-03T15:14:00+00:00","og_image":[{"width":300,"height":178,"url":"https:\/\/www.webdo.tn\/fr\/wp-content\/uploads\/2015\/07\/Alitalia-300x178-1.jpg","type":"image\/jpeg"}],"author":"webdo.tn","twitter_card":"summary_large_image","twitter_creator":"@webdo_tn","twitter_site":"@webdo_tn","twitter_misc":{"\u00c9crit par":"webdo.tn","Dur\u00e9e de lecture estim\u00e9e":"1 minute"},"schema":{"@context":"https:\/\/schema.org","@graph":[{"@type":"NewsArticle","@id":"https:\/\/www.webdo.tn\/fr\/actualite\/international\/le-pilote-italien-qui-a-lance-bienvenue-en-palestine-prive-disrael\/184072\/#article","isPartOf":{"@id":"https:\/\/www.webdo.tn\/fr\/actualite\/international\/le-pilote-italien-qui-a-lance-bienvenue-en-palestine-prive-disrael\/184072\/"},"author":{"name":"webdo.tn","@id":"https:\/\/www.webdo.tn\/fr\/#\/schema\/person\/9a9c6118d687c117df8ef3cc36a4d175"},"headline":"Le pilote italien qui a lanc\u00e9 \u00ab\u00a0Bienvenue en Palestine\u00a0\u00bb, \u00ab\u00a0priv\u00e9\u00a0\u00bb d&rsquo;Isra\u00ebl","datePublished":"2015-07-03T15:14:00+00:00","mainEntityOfPage":{"@id":"https:\/\/www.webdo.tn\/fr\/actualite\/international\/le-pilote-italien-qui-a-lance-bienvenue-en-palestine-prive-disrael\/184072\/"},"wordCount":208,"commentCount":0,"publisher":{"@id":"https:\/\/www.webdo.tn\/fr\/#organization"},"image":{"@id":"https:\/\/www.webdo.tn\/fr\/actualite\/international\/le-pilote-italien-qui-a-lance-bienvenue-en-palestine-prive-disrael\/184072\/#primaryimage"},"thumbnailUrl":"https:\/\/www.webdo.tn\/fr\/wp-content\/uploads\/2015\/07\/Alitalia-300x178-1.jpg","keywords":["guerre"],"articleSection":["International"],"inLanguage":"fr-FR"},{"@type":"WebPage","@id":"https:\/\/www.webdo.tn\/fr\/actualite\/international\/le-pilote-italien-qui-a-lance-bienvenue-en-palestine-prive-disrael\/184072\/","url":"https:\/\/www.webdo.tn\/fr\/actualite\/international\/le-pilote-italien-qui-a-lance-bienvenue-en-palestine-prive-disrael\/184072\/","name":"Le pilote italien qui a lanc\u00e9 Bienvenue en Palestine , priv\u00e9 d'Isra\u00ebl","isPartOf":{"@id":"https:\/\/www.webdo.tn\/fr\/#website"},"primaryImageOfPage":{"@id":"https:\/\/www.webdo.tn\/fr\/actualite\/international\/le-pilote-italien-qui-a-lance-bienvenue-en-palestine-prive-disrael\/184072\/#primaryimage"},"image":{"@id":"https:\/\/www.webdo.tn\/fr\/actualite\/international\/le-pilote-italien-qui-a-lance-bienvenue-en-palestine-prive-disrael\/184072\/#primaryimage"},"thumbnailUrl":"https:\/\/www.webdo.tn\/fr\/wp-content\/uploads\/2015\/07\/Alitalia-300x178-1.jpg","datePublished":"2015-07-03T15:14:00+00:00","description":"Le pilote italien qui a lanc\u00e9 Bienvenue en Palestine , priv\u00e9 d'Isra\u00ebl","breadcrumb":{"@id":"https:\/\/www.webdo.tn\/fr\/actualite\/international\/le-pilote-italien-qui-a-lance-bienvenue-en-palestine-prive-disrael\/184072\/#breadcrumb"},"inLanguage":"fr-FR","potentialAction":[{"@type":"ReadAction","target":["https:\/\/www.webdo.tn\/fr\/actualite\/international\/le-pilote-italien-qui-a-lance-bienvenue-en-palestine-prive-disrael\/184072\/"]}]},{"@type":"ImageObject","inLanguage":"fr-FR","@id":"https:\/\/www.webdo.tn\/fr\/actualite\/international\/le-pilote-italien-qui-a-lance-bienvenue-en-palestine-prive-disrael\/184072\/#primaryimage","url":"https:\/\/www.webdo.tn\/fr\/wp-content\/uploads\/2015\/07\/Alitalia-300x178-1.jpg","contentUrl":"https:\/\/www.webdo.tn\/fr\/wp-content\/uploads\/2015\/07\/Alitalia-300x178-1.jpg","width":300,"height":178,"caption":"Le pilote italien qui a lanc\u00e9 \"Bienvenue en Palestine\", \"priv\u00e9\" d'Isra\u00ebl"},{"@type":"BreadcrumbList","@id":"https:\/\/www.webdo.tn\/fr\/actualite\/international\/le-pilote-italien-qui-a-lance-bienvenue-en-palestine-prive-disrael\/184072\/#breadcrumb","itemListElement":[{"@type":"ListItem","position":1,"name":"Accueil","item":"https:\/\/www.webdo.tn\/fr\/"},{"@type":"ListItem","position":2,"name":"Le pilote italien qui a lanc\u00e9 \u00ab\u00a0Bienvenue en Palestine\u00a0\u00bb, \u00ab\u00a0priv\u00e9\u00a0\u00bb d&rsquo;Isra\u00ebl"}]},{"@type":"WebSite","@id":"https:\/\/www.webdo.tn\/fr\/#website","url":"https:\/\/www.webdo.tn\/fr\/","name":"webdo","description":"Tunisie - News en Tunisie et \u00e0 l&#039;international sur Webdo.tn","publisher":{"@id":"https:\/\/www.webdo.tn\/fr\/#organization"},"potentialAction":[{"@type":"SearchAction","target":{"@type":"EntryPoint","urlTemplate":"https:\/\/www.webdo.tn\/fr\/?s={search_term_string}"},"query-input":{"@type":"PropertyValueSpecification","valueRequired":true,"valueName":"search_term_string"}}],"inLanguage":"fr-FR"},{"@type":"Organization","@id":"https:\/\/www.webdo.tn\/fr\/#organization","name":"Webdo","alternateName":"Webdo.tn","url":"https:\/\/www.webdo.tn\/fr\/","logo":{"@type":"ImageObject","inLanguage":"fr-FR","@id":"https:\/\/www.webdo.tn\/fr\/#\/schema\/logo\/image\/","url":"https:\/\/www.webdo.tn\/fr\/wp-content\/uploads\/2025\/06\/Webdo-Tunisie_168377.jpg","contentUrl":"https:\/\/www.webdo.tn\/fr\/wp-content\/uploads\/2025\/06\/Webdo-Tunisie_168377.jpg","width":301,"height":301,"caption":"Webdo"},"image":{"@id":"https:\/\/www.webdo.tn\/fr\/#\/schema\/logo\/image\/"},"sameAs":["https:\/\/www.facebook.com\/webdotn","https:\/\/x.com\/webdo_tn"],"description":"Webdo est un m\u00e9dia num\u00e9rique tunisien fond\u00e9 en 2010, sp\u00e9cialis\u00e9 dans l\u2019actualit\u00e9 nationale et internationale, l\u2019\u00e9conomie, la soci\u00e9t\u00e9 et les analyses politiques. Le site s\u2019adresse \u00e0 un large public francophone et couvre l\u2019information tunisienne en temps r\u00e9el.","email":"redac@webdo.tn","legalName":"YNJ SARL","foundingDate":"2010-09-06","numberOfEmployees":{"@type":"QuantitativeValue","minValue":"11","maxValue":"50"}},{"@type":"Person","@id":"https:\/\/www.webdo.tn\/fr\/#\/schema\/person\/9a9c6118d687c117df8ef3cc36a4d175","name":"webdo.tn","image":{"@type":"ImageObject","inLanguage":"fr-FR","@id":"https:\/\/secure.gravatar.com\/avatar\/7ce1f28c0c3bbac99ff550b85ef8e44a6950c6ee24514fb6a5489e51d06f0298?s=96&d=mm&r=g","url":"https:\/\/secure.gravatar.com\/avatar\/7ce1f28c0c3bbac99ff550b85ef8e44a6950c6ee24514fb6a5489e51d06f0298?s=96&d=mm&r=g","contentUrl":"https:\/\/secure.gravatar.com\/avatar\/7ce1f28c0c3bbac99ff550b85ef8e44a6950c6ee24514fb6a5489e51d06f0298?s=96&d=mm&r=g","caption":"webdo.tn"},"url":"https:\/\/www.webdo.tn\/fr\/actualite\/author\/webdotn\/"}]}},"_links":{"self":[{"href":"https:\/\/www.webdo.tn\/fr\/wp-json\/wp\/v2\/posts\/184072","targetHints":{"allow":["GET"]}}],"collection":[{"href":"https:\/\/www.webdo.tn\/fr\/wp-json\/wp\/v2\/posts"}],"about":[{"href":"https:\/\/www.webdo.tn\/fr\/wp-json\/wp\/v2\/types\/post"}],"author":[{"embeddable":true,"href":"https:\/\/www.webdo.tn\/fr\/wp-json\/wp\/v2\/users\/3222"}],"replies":[{"embeddable":true,"href":"https:\/\/www.webdo.tn\/fr\/wp-json\/wp\/v2\/comments?post=184072"}],"version-history":[{"count":0,"href":"https:\/\/www.webdo.tn\/fr\/wp-json\/wp\/v2\/posts\/184072\/revisions"}],"wp:featuredmedia":[{"embeddable":true,"href":"https:\/\/www.webdo.tn\/fr\/wp-json\/wp\/v2\/media\/317836"}],"wp:attachment":[{"href":"https:\/\/www.webdo.tn\/fr\/wp-json\/wp\/v2\/media?parent=184072"}],"wp:term":[{"taxonomy":"category","embeddable":true,"href":"https:\/\/www.webdo.tn\/fr\/wp-json\/wp\/v2\/categories?post=184072"},{"taxonomy":"post_tag","embeddable":true,"href":"https:\/\/www.webdo.tn\/fr\/wp-json\/wp\/v2\/tags?post=184072"}],"curies":[{"name":"wp","href":"https:\/\/api.w.org\/{rel}","templated":true}]}}