{"id":184069,"date":"2015-07-04T12:49:00","date_gmt":"2015-07-04T12:49:00","guid":{"rendered":"https:\/\/www.webdo.tn\/fr\/actualite\/blog\/dirige-lue-67-francais-merkel-contre-2-hollande\/184069\/"},"modified":"2025-05-22T12:54:32","modified_gmt":"2025-05-22T12:54:32","slug":"dirige-lue-67-francais-merkel-contre-2-hollande","status":"publish","type":"post","link":"https:\/\/www.webdo.tn\/fr\/actualite\/international\/dirige-lue-67-francais-merkel-contre-2-hollande\/184069\/","title":{"rendered":"Qui dirige l\u2019UE ? 67% des Fran\u00e7ais pour Merkel contre 2% pour Hollande"},"content":{"rendered":"<p>Lors d\u2019un sondage effectu\u00e9 par Odoxa, 67% des Fran\u00e7ais estiment que la chanceli\u00e8re allemande Angela Merkel a le plus d\u2019influence dans les d\u00e9cisions prises par l\u2019Union Europ\u00e9enne.<\/p>\n<p>En contrepartie, le pr\u00e9sident de la Banque Centrale Europ\u00e9enne, celui de la commission Europ\u00e9enne et celui du conseil Europ\u00e9en ont respectivement 14%, 10% et 4% d\u2019influence. Merkel est ainsi consid\u00e9r\u00e9e comme la personnalit\u00e9 la plus influente au sein de l\u2019Union Europ\u00e9enne selon les Fran\u00e7ais.<\/p>\n<p>Quant \u00e0 David Cameron et Fran\u00e7ois Hollande, ils sont tous les deux, bien en bas du classement avec 2% chacun, d\u2019apr\u00e8s les r\u00e9sultats du sondage.<br \/>\nAfef Toumi<\/p>\n","protected":false},"excerpt":{"rendered":"<p>Qui dirige l\u2019UE ? 67% des Fran\u00e7ais pour Merkel contre 2% pour Hollande<\/p>\n","protected":false},"author":3222,"featured_media":372953,"comment_status":"open","ping_status":"closed","sticky":false,"template":"","format":"standard","meta":{"footnotes":""},"categories":[2598],"tags":[],"class_list":["post-184069","post","type-post","status-publish","format-standard","has-post-thumbnail","hentry","category-international"],"yoast_head":"<!-- This site is optimized with the Yoast SEO Premium plugin v27.5 (Yoast SEO v27.5) - https:\/\/yoast.com\/product\/yoast-seo-premium-wordpress\/ -->\n<title>Qui dirige l\u2019UE ? 67% des Fran\u00e7ais pour Merkel contre 2% pour Hollande<\/title>\n<meta name=\"description\" content=\"Qui dirige l\u2019UE ? 67% des Fran\u00e7ais pour Merkel contre 2% pour Hollande\" \/>\n<link rel=\"canonical\" href=\"https:\/\/www.webdo.tn\/fr\/actualite\/international\/dirige-lue-67-francais-merkel-contre-2-hollande\/184069\/\" \/>\n<meta property=\"og:locale\" content=\"fr_FR\" \/>\n<meta property=\"og:type\" content=\"article\" \/>\n<meta property=\"og:title\" content=\"Qui dirige l\u2019UE ? 67% des Fran\u00e7ais pour Merkel contre 2% pour Hollande\" \/>\n<meta property=\"og:description\" content=\"Qui dirige l\u2019UE ? 67% des Fran\u00e7ais pour Merkel contre 2% pour Hollande\" \/>\n<meta property=\"og:url\" content=\"https:\/\/www.webdo.tn\/fr\/actualite\/international\/dirige-lue-67-francais-merkel-contre-2-hollande\/184069\/\" \/>\n<meta property=\"og:site_name\" content=\"webdo\" \/>\n<meta property=\"article:publisher\" content=\"https:\/\/www.facebook.com\/webdotn\" \/>\n<meta property=\"article:published_time\" content=\"2015-07-04T12:49:00+00:00\" \/>\n<meta property=\"article:modified_time\" content=\"2025-05-22T12:54:32+00:00\" \/>\n<meta name=\"author\" content=\"webdo.tn\" \/>\n<meta name=\"twitter:card\" content=\"summary_large_image\" \/>\n<meta name=\"twitter:creator\" content=\"@webdo_tn\" \/>\n<meta name=\"twitter:site\" content=\"@webdo_tn\" \/>\n<meta name=\"twitter:label1\" content=\"\u00c9crit par\" \/>\n\t<meta name=\"twitter:data1\" content=\"webdo.tn\" \/>\n\t<meta name=\"twitter:label2\" content=\"Dur\u00e9e de lecture estim\u00e9e\" \/>\n\t<meta name=\"twitter:data2\" content=\"1 minute\" \/>\n<script type=\"application\/ld+json\" class=\"yoast-schema-graph\">{\"@context\":\"https:\\\/\\\/schema.org\",\"@graph\":[{\"@type\":\"NewsArticle\",\"@id\":\"https:\\\/\\\/www.webdo.tn\\\/fr\\\/actualite\\\/international\\\/dirige-lue-67-francais-merkel-contre-2-hollande\\\/184069\\\/#article\",\"isPartOf\":{\"@id\":\"https:\\\/\\\/www.webdo.tn\\\/fr\\\/actualite\\\/international\\\/dirige-lue-67-francais-merkel-contre-2-hollande\\\/184069\\\/\"},\"author\":{\"name\":\"webdo.tn\",\"@id\":\"https:\\\/\\\/www.webdo.tn\\\/fr\\\/#\\\/schema\\\/person\\\/9a9c6118d687c117df8ef3cc36a4d175\"},\"headline\":\"Qui dirige l\u2019UE ? 67% des Fran\u00e7ais pour Merkel contre 2% pour Hollande\",\"datePublished\":\"2015-07-04T12:49:00+00:00\",\"dateModified\":\"2025-05-22T12:54:32+00:00\",\"mainEntityOfPage\":{\"@id\":\"https:\\\/\\\/www.webdo.tn\\\/fr\\\/actualite\\\/international\\\/dirige-lue-67-francais-merkel-contre-2-hollande\\\/184069\\\/\"},\"wordCount\":125,\"commentCount\":0,\"publisher\":{\"@id\":\"https:\\\/\\\/www.webdo.tn\\\/fr\\\/#organization\"},\"image\":{\"@id\":\"https:\\\/\\\/www.webdo.tn\\\/fr\\\/actualite\\\/international\\\/dirige-lue-67-francais-merkel-contre-2-hollande\\\/184069\\\/#primaryimage\"},\"thumbnailUrl\":\"https:\\\/\\\/www.webdo.tn\\\/fr\\\/wp-content\\\/uploads\\\/2025\\\/06\\\/Angela-Merkel-credit-imworld.aufeminin_184069.jpg\",\"articleSection\":[\"International\"],\"inLanguage\":\"fr-FR\"},{\"@type\":\"WebPage\",\"@id\":\"https:\\\/\\\/www.webdo.tn\\\/fr\\\/actualite\\\/international\\\/dirige-lue-67-francais-merkel-contre-2-hollande\\\/184069\\\/\",\"url\":\"https:\\\/\\\/www.webdo.tn\\\/fr\\\/actualite\\\/international\\\/dirige-lue-67-francais-merkel-contre-2-hollande\\\/184069\\\/\",\"name\":\"Qui dirige l\u2019UE ? 67% des Fran\u00e7ais pour Merkel contre 2% pour Hollande\",\"isPartOf\":{\"@id\":\"https:\\\/\\\/www.webdo.tn\\\/fr\\\/#website\"},\"primaryImageOfPage\":{\"@id\":\"https:\\\/\\\/www.webdo.tn\\\/fr\\\/actualite\\\/international\\\/dirige-lue-67-francais-merkel-contre-2-hollande\\\/184069\\\/#primaryimage\"},\"image\":{\"@id\":\"https:\\\/\\\/www.webdo.tn\\\/fr\\\/actualite\\\/international\\\/dirige-lue-67-francais-merkel-contre-2-hollande\\\/184069\\\/#primaryimage\"},\"thumbnailUrl\":\"https:\\\/\\\/www.webdo.tn\\\/fr\\\/wp-content\\\/uploads\\\/2025\\\/06\\\/Angela-Merkel-credit-imworld.aufeminin_184069.jpg\",\"datePublished\":\"2015-07-04T12:49:00+00:00\",\"dateModified\":\"2025-05-22T12:54:32+00:00\",\"description\":\"Qui dirige l\u2019UE ? 67% des Fran\u00e7ais pour Merkel contre 2% pour Hollande\",\"breadcrumb\":{\"@id\":\"https:\\\/\\\/www.webdo.tn\\\/fr\\\/actualite\\\/international\\\/dirige-lue-67-francais-merkel-contre-2-hollande\\\/184069\\\/#breadcrumb\"},\"inLanguage\":\"fr-FR\",\"potentialAction\":[{\"@type\":\"ReadAction\",\"target\":[\"https:\\\/\\\/www.webdo.tn\\\/fr\\\/actualite\\\/international\\\/dirige-lue-67-francais-merkel-contre-2-hollande\\\/184069\\\/\"]}]},{\"@type\":\"ImageObject\",\"inLanguage\":\"fr-FR\",\"@id\":\"https:\\\/\\\/www.webdo.tn\\\/fr\\\/actualite\\\/international\\\/dirige-lue-67-francais-merkel-contre-2-hollande\\\/184069\\\/#primaryimage\",\"url\":\"https:\\\/\\\/www.webdo.tn\\\/fr\\\/wp-content\\\/uploads\\\/2025\\\/06\\\/Angela-Merkel-credit-imworld.aufeminin_184069.jpg\",\"contentUrl\":\"https:\\\/\\\/www.webdo.tn\\\/fr\\\/wp-content\\\/uploads\\\/2025\\\/06\\\/Angela-Merkel-credit-imworld.aufeminin_184069.jpg\",\"width\":200,\"height\":233,\"caption\":\"Qui dirige l\u2019UE ? 67% des Fran\u00e7ais pour Merkel contre 2% pour Hollande\"},{\"@type\":\"BreadcrumbList\",\"@id\":\"https:\\\/\\\/www.webdo.tn\\\/fr\\\/actualite\\\/international\\\/dirige-lue-67-francais-merkel-contre-2-hollande\\\/184069\\\/#breadcrumb\",\"itemListElement\":[{\"@type\":\"ListItem\",\"position\":1,\"name\":\"Accueil\",\"item\":\"https:\\\/\\\/www.webdo.tn\\\/fr\\\/\"},{\"@type\":\"ListItem\",\"position\":2,\"name\":\"Qui dirige l\u2019UE ? 67% des Fran\u00e7ais pour Merkel contre 2% pour Hollande\"}]},{\"@type\":\"WebSite\",\"@id\":\"https:\\\/\\\/www.webdo.tn\\\/fr\\\/#website\",\"url\":\"https:\\\/\\\/www.webdo.tn\\\/fr\\\/\",\"name\":\"webdo\",\"description\":\"Tunisie - News en Tunisie et \u00e0 l&#039;international sur Webdo.tn\",\"publisher\":{\"@id\":\"https:\\\/\\\/www.webdo.tn\\\/fr\\\/#organization\"},\"potentialAction\":[{\"@type\":\"SearchAction\",\"target\":{\"@type\":\"EntryPoint\",\"urlTemplate\":\"https:\\\/\\\/www.webdo.tn\\\/fr\\\/?s={search_term_string}\"},\"query-input\":{\"@type\":\"PropertyValueSpecification\",\"valueRequired\":true,\"valueName\":\"search_term_string\"}}],\"inLanguage\":\"fr-FR\"},{\"@type\":\"Organization\",\"@id\":\"https:\\\/\\\/www.webdo.tn\\\/fr\\\/#organization\",\"name\":\"Webdo\",\"alternateName\":\"Webdo.tn\",\"url\":\"https:\\\/\\\/www.webdo.tn\\\/fr\\\/\",\"logo\":{\"@type\":\"ImageObject\",\"inLanguage\":\"fr-FR\",\"@id\":\"https:\\\/\\\/www.webdo.tn\\\/fr\\\/#\\\/schema\\\/logo\\\/image\\\/\",\"url\":\"https:\\\/\\\/www.webdo.tn\\\/fr\\\/wp-content\\\/uploads\\\/2025\\\/06\\\/Webdo-Tunisie_168377.jpg\",\"contentUrl\":\"https:\\\/\\\/www.webdo.tn\\\/fr\\\/wp-content\\\/uploads\\\/2025\\\/06\\\/Webdo-Tunisie_168377.jpg\",\"width\":301,\"height\":301,\"caption\":\"Webdo\"},\"image\":{\"@id\":\"https:\\\/\\\/www.webdo.tn\\\/fr\\\/#\\\/schema\\\/logo\\\/image\\\/\"},\"sameAs\":[\"https:\\\/\\\/www.facebook.com\\\/webdotn\",\"https:\\\/\\\/x.com\\\/webdo_tn\"],\"description\":\"Webdo est un m\u00e9dia num\u00e9rique tunisien fond\u00e9 en 2010, sp\u00e9cialis\u00e9 dans l\u2019actualit\u00e9 nationale et internationale, l\u2019\u00e9conomie, la soci\u00e9t\u00e9 et les analyses politiques. Le site s\u2019adresse \u00e0 un large public francophone et couvre l\u2019information tunisienne en temps r\u00e9el.\",\"email\":\"redac@webdo.tn\",\"legalName\":\"YNJ SARL\",\"foundingDate\":\"2010-09-06\",\"numberOfEmployees\":{\"@type\":\"QuantitativeValue\",\"minValue\":\"11\",\"maxValue\":\"50\"}},{\"@type\":\"Person\",\"@id\":\"https:\\\/\\\/www.webdo.tn\\\/fr\\\/#\\\/schema\\\/person\\\/9a9c6118d687c117df8ef3cc36a4d175\",\"name\":\"webdo.tn\",\"image\":{\"@type\":\"ImageObject\",\"inLanguage\":\"fr-FR\",\"@id\":\"https:\\\/\\\/secure.gravatar.com\\\/avatar\\\/7ce1f28c0c3bbac99ff550b85ef8e44a6950c6ee24514fb6a5489e51d06f0298?s=96&d=mm&r=g\",\"url\":\"https:\\\/\\\/secure.gravatar.com\\\/avatar\\\/7ce1f28c0c3bbac99ff550b85ef8e44a6950c6ee24514fb6a5489e51d06f0298?s=96&d=mm&r=g\",\"contentUrl\":\"https:\\\/\\\/secure.gravatar.com\\\/avatar\\\/7ce1f28c0c3bbac99ff550b85ef8e44a6950c6ee24514fb6a5489e51d06f0298?s=96&d=mm&r=g\",\"caption\":\"webdo.tn\"},\"url\":\"https:\\\/\\\/www.webdo.tn\\\/fr\\\/actualite\\\/author\\\/webdotn\\\/\"}]}<\/script>\n<!-- \/ Yoast SEO Premium plugin. -->","yoast_head_json":{"title":"Qui dirige l\u2019UE ? 67% des Fran\u00e7ais pour Merkel contre 2% pour Hollande","description":"Qui dirige l\u2019UE ? 67% des Fran\u00e7ais pour Merkel contre 2% pour Hollande","canonical":"https:\/\/www.webdo.tn\/fr\/actualite\/international\/dirige-lue-67-francais-merkel-contre-2-hollande\/184069\/","og_locale":"fr_FR","og_type":"article","og_title":"Qui dirige l\u2019UE ? 67% des Fran\u00e7ais pour Merkel contre 2% pour Hollande","og_description":"Qui dirige l\u2019UE ? 67% des Fran\u00e7ais pour Merkel contre 2% pour Hollande","og_url":"https:\/\/www.webdo.tn\/fr\/actualite\/international\/dirige-lue-67-francais-merkel-contre-2-hollande\/184069\/","og_site_name":"webdo","article_publisher":"https:\/\/www.facebook.com\/webdotn","article_published_time":"2015-07-04T12:49:00+00:00","article_modified_time":"2025-05-22T12:54:32+00:00","author":"webdo.tn","twitter_card":"summary_large_image","twitter_creator":"@webdo_tn","twitter_site":"@webdo_tn","twitter_misc":{"\u00c9crit par":"webdo.tn","Dur\u00e9e de lecture estim\u00e9e":"1 minute"},"schema":{"@context":"https:\/\/schema.org","@graph":[{"@type":"NewsArticle","@id":"https:\/\/www.webdo.tn\/fr\/actualite\/international\/dirige-lue-67-francais-merkel-contre-2-hollande\/184069\/#article","isPartOf":{"@id":"https:\/\/www.webdo.tn\/fr\/actualite\/international\/dirige-lue-67-francais-merkel-contre-2-hollande\/184069\/"},"author":{"name":"webdo.tn","@id":"https:\/\/www.webdo.tn\/fr\/#\/schema\/person\/9a9c6118d687c117df8ef3cc36a4d175"},"headline":"Qui dirige l\u2019UE ? 67% des Fran\u00e7ais pour Merkel contre 2% pour Hollande","datePublished":"2015-07-04T12:49:00+00:00","dateModified":"2025-05-22T12:54:32+00:00","mainEntityOfPage":{"@id":"https:\/\/www.webdo.tn\/fr\/actualite\/international\/dirige-lue-67-francais-merkel-contre-2-hollande\/184069\/"},"wordCount":125,"commentCount":0,"publisher":{"@id":"https:\/\/www.webdo.tn\/fr\/#organization"},"image":{"@id":"https:\/\/www.webdo.tn\/fr\/actualite\/international\/dirige-lue-67-francais-merkel-contre-2-hollande\/184069\/#primaryimage"},"thumbnailUrl":"https:\/\/www.webdo.tn\/fr\/wp-content\/uploads\/2025\/06\/Angela-Merkel-credit-imworld.aufeminin_184069.jpg","articleSection":["International"],"inLanguage":"fr-FR"},{"@type":"WebPage","@id":"https:\/\/www.webdo.tn\/fr\/actualite\/international\/dirige-lue-67-francais-merkel-contre-2-hollande\/184069\/","url":"https:\/\/www.webdo.tn\/fr\/actualite\/international\/dirige-lue-67-francais-merkel-contre-2-hollande\/184069\/","name":"Qui dirige l\u2019UE ? 67% des Fran\u00e7ais pour Merkel contre 2% pour Hollande","isPartOf":{"@id":"https:\/\/www.webdo.tn\/fr\/#website"},"primaryImageOfPage":{"@id":"https:\/\/www.webdo.tn\/fr\/actualite\/international\/dirige-lue-67-francais-merkel-contre-2-hollande\/184069\/#primaryimage"},"image":{"@id":"https:\/\/www.webdo.tn\/fr\/actualite\/international\/dirige-lue-67-francais-merkel-contre-2-hollande\/184069\/#primaryimage"},"thumbnailUrl":"https:\/\/www.webdo.tn\/fr\/wp-content\/uploads\/2025\/06\/Angela-Merkel-credit-imworld.aufeminin_184069.jpg","datePublished":"2015-07-04T12:49:00+00:00","dateModified":"2025-05-22T12:54:32+00:00","description":"Qui dirige l\u2019UE ? 67% des Fran\u00e7ais pour Merkel contre 2% pour Hollande","breadcrumb":{"@id":"https:\/\/www.webdo.tn\/fr\/actualite\/international\/dirige-lue-67-francais-merkel-contre-2-hollande\/184069\/#breadcrumb"},"inLanguage":"fr-FR","potentialAction":[{"@type":"ReadAction","target":["https:\/\/www.webdo.tn\/fr\/actualite\/international\/dirige-lue-67-francais-merkel-contre-2-hollande\/184069\/"]}]},{"@type":"ImageObject","inLanguage":"fr-FR","@id":"https:\/\/www.webdo.tn\/fr\/actualite\/international\/dirige-lue-67-francais-merkel-contre-2-hollande\/184069\/#primaryimage","url":"https:\/\/www.webdo.tn\/fr\/wp-content\/uploads\/2025\/06\/Angela-Merkel-credit-imworld.aufeminin_184069.jpg","contentUrl":"https:\/\/www.webdo.tn\/fr\/wp-content\/uploads\/2025\/06\/Angela-Merkel-credit-imworld.aufeminin_184069.jpg","width":200,"height":233,"caption":"Qui dirige l\u2019UE ? 67% des Fran\u00e7ais pour Merkel contre 2% pour Hollande"},{"@type":"BreadcrumbList","@id":"https:\/\/www.webdo.tn\/fr\/actualite\/international\/dirige-lue-67-francais-merkel-contre-2-hollande\/184069\/#breadcrumb","itemListElement":[{"@type":"ListItem","position":1,"name":"Accueil","item":"https:\/\/www.webdo.tn\/fr\/"},{"@type":"ListItem","position":2,"name":"Qui dirige l\u2019UE ? 67% des Fran\u00e7ais pour Merkel contre 2% pour Hollande"}]},{"@type":"WebSite","@id":"https:\/\/www.webdo.tn\/fr\/#website","url":"https:\/\/www.webdo.tn\/fr\/","name":"webdo","description":"Tunisie - News en Tunisie et \u00e0 l&#039;international sur Webdo.tn","publisher":{"@id":"https:\/\/www.webdo.tn\/fr\/#organization"},"potentialAction":[{"@type":"SearchAction","target":{"@type":"EntryPoint","urlTemplate":"https:\/\/www.webdo.tn\/fr\/?s={search_term_string}"},"query-input":{"@type":"PropertyValueSpecification","valueRequired":true,"valueName":"search_term_string"}}],"inLanguage":"fr-FR"},{"@type":"Organization","@id":"https:\/\/www.webdo.tn\/fr\/#organization","name":"Webdo","alternateName":"Webdo.tn","url":"https:\/\/www.webdo.tn\/fr\/","logo":{"@type":"ImageObject","inLanguage":"fr-FR","@id":"https:\/\/www.webdo.tn\/fr\/#\/schema\/logo\/image\/","url":"https:\/\/www.webdo.tn\/fr\/wp-content\/uploads\/2025\/06\/Webdo-Tunisie_168377.jpg","contentUrl":"https:\/\/www.webdo.tn\/fr\/wp-content\/uploads\/2025\/06\/Webdo-Tunisie_168377.jpg","width":301,"height":301,"caption":"Webdo"},"image":{"@id":"https:\/\/www.webdo.tn\/fr\/#\/schema\/logo\/image\/"},"sameAs":["https:\/\/www.facebook.com\/webdotn","https:\/\/x.com\/webdo_tn"],"description":"Webdo est un m\u00e9dia num\u00e9rique tunisien fond\u00e9 en 2010, sp\u00e9cialis\u00e9 dans l\u2019actualit\u00e9 nationale et internationale, l\u2019\u00e9conomie, la soci\u00e9t\u00e9 et les analyses politiques. Le site s\u2019adresse \u00e0 un large public francophone et couvre l\u2019information tunisienne en temps r\u00e9el.","email":"redac@webdo.tn","legalName":"YNJ SARL","foundingDate":"2010-09-06","numberOfEmployees":{"@type":"QuantitativeValue","minValue":"11","maxValue":"50"}},{"@type":"Person","@id":"https:\/\/www.webdo.tn\/fr\/#\/schema\/person\/9a9c6118d687c117df8ef3cc36a4d175","name":"webdo.tn","image":{"@type":"ImageObject","inLanguage":"fr-FR","@id":"https:\/\/secure.gravatar.com\/avatar\/7ce1f28c0c3bbac99ff550b85ef8e44a6950c6ee24514fb6a5489e51d06f0298?s=96&d=mm&r=g","url":"https:\/\/secure.gravatar.com\/avatar\/7ce1f28c0c3bbac99ff550b85ef8e44a6950c6ee24514fb6a5489e51d06f0298?s=96&d=mm&r=g","contentUrl":"https:\/\/secure.gravatar.com\/avatar\/7ce1f28c0c3bbac99ff550b85ef8e44a6950c6ee24514fb6a5489e51d06f0298?s=96&d=mm&r=g","caption":"webdo.tn"},"url":"https:\/\/www.webdo.tn\/fr\/actualite\/author\/webdotn\/"}]}},"_links":{"self":[{"href":"https:\/\/www.webdo.tn\/fr\/wp-json\/wp\/v2\/posts\/184069","targetHints":{"allow":["GET"]}}],"collection":[{"href":"https:\/\/www.webdo.tn\/fr\/wp-json\/wp\/v2\/posts"}],"about":[{"href":"https:\/\/www.webdo.tn\/fr\/wp-json\/wp\/v2\/types\/post"}],"author":[{"embeddable":true,"href":"https:\/\/www.webdo.tn\/fr\/wp-json\/wp\/v2\/users\/3222"}],"replies":[{"embeddable":true,"href":"https:\/\/www.webdo.tn\/fr\/wp-json\/wp\/v2\/comments?post=184069"}],"version-history":[{"count":0,"href":"https:\/\/www.webdo.tn\/fr\/wp-json\/wp\/v2\/posts\/184069\/revisions"}],"wp:featuredmedia":[{"embeddable":true,"href":"https:\/\/www.webdo.tn\/fr\/wp-json\/wp\/v2\/media\/372953"}],"wp:attachment":[{"href":"https:\/\/www.webdo.tn\/fr\/wp-json\/wp\/v2\/media?parent=184069"}],"wp:term":[{"taxonomy":"category","embeddable":true,"href":"https:\/\/www.webdo.tn\/fr\/wp-json\/wp\/v2\/categories?post=184069"},{"taxonomy":"post_tag","embeddable":true,"href":"https:\/\/www.webdo.tn\/fr\/wp-json\/wp\/v2\/tags?post=184069"}],"curies":[{"name":"wp","href":"https:\/\/api.w.org\/{rel}","templated":true}]}}