{"id":184068,"date":"2015-07-06T03:27:00","date_gmt":"2015-07-06T03:27:00","guid":{"rendered":"https:\/\/www.webdo.tn\/fr\/actualite\/blog\/le-parti-des-forces-du-14-janvier-va-porter-plainte-contre-daech-aupres-de-la-cpi\/184068\/"},"modified":"2025-05-22T12:54:37","modified_gmt":"2025-05-22T12:54:37","slug":"le-parti-des-forces-du-14-janvier-va-porter-plainte-contre-daech-aupres-de-la-cpi","status":"publish","type":"post","link":"https:\/\/www.webdo.tn\/fr\/actualite\/international\/le-parti-des-forces-du-14-janvier-va-porter-plainte-contre-daech-aupres-de-la-cpi\/184068\/","title":{"rendered":"Le parti des \u00ab\u00a0Forces du 14 janvier\u00a0\u00bb va porter plainte contre \u00ab\u00a0Daech\u00a0\u00bb aupr\u00e8s de la CPI"},"content":{"rendered":"<p>Dans un communiqu\u00e9 publi\u00e9 ce dimanche 5 juillet sur sa page facebook, le parti des \u00ab\u00a0Forces du 14 janvier 2011&Prime;, annonce son intention de porter plainte contre l&rsquo;Etat islamique (EI) aupr\u00e8s de la Cour p\u00e9nale internationale (CPI).<\/p>\n<p>Wahid Dhiab, le pr\u00e9sident du parti, qui a \u00e9galement publi\u00e9 ce communiqu\u00e9 sur sa page personnelle, d\u00e9clare avoir d\u00e9cid\u00e9 de porter plainte contre l\u2019Etat islamique (EI), indiquant que cette plainte aura pour objectif de demander \u00e0 la CPI d\u2019ouvrir une proc\u00e9dure d\u2019enqu\u00eate pour d\u00e9terminer le ou les pays \u00e0 l&rsquo;origine de la cr\u00e9ation et du financement de cette organisation terroriste.<\/p>\n<p>\/\/ <\/p>\n<p>\u062d\u0632\u0628 \u0642\u0648\u0649 \u0627\u0644\u0631\u0627\u0628\u0639 \u0639\u0634\u0631 \u0645\u0646 \u062c\u0627\u0646\u0641\u064a 2011\u0635\u0641\u0627\u0642\u0633 \u0641\u064a 05 \u062c\u0648\u0627\u0646 2015 \u0645\u0646 \u0627\u0644\u0647\u064a\u0626\u0629 \u0627\u0644\u062a\u0623\u0633\u064a\u0633\u064a\u0629 \u0644 \u00a0\u00bb \u062d\u0632\u0628 \u0642\u0648\u0649 \u0627\u0644\u0631\u0627\u0628\u0639 \u0639\u0634\u0631 \u0645\u0646 \u062c\u0627\u0646\u0641\u064a \u00a0\u00bb \u0631\u0642\u0645 \u0628&#8230;<\/p>\n<p>Posted by Wahid Dhieb on\u00a0dimanche 5 juillet 2015<\/p>\n","protected":false},"excerpt":{"rendered":"<p>Le parti des  Forces du 14 janvier  va porter plainte contre  Daech  aupr\u00e8s de la CPI<\/p>\n","protected":false},"author":3222,"featured_media":351978,"comment_status":"open","ping_status":"closed","sticky":false,"template":"","format":"standard","meta":{"footnotes":""},"categories":[2598],"tags":[],"class_list":["post-184068","post","type-post","status-publish","format-standard","has-post-thumbnail","hentry","category-international"],"yoast_head":"<!-- This site is optimized with the Yoast SEO Premium plugin v27.5 (Yoast SEO v27.5) - https:\/\/yoast.com\/product\/yoast-seo-premium-wordpress\/ -->\n<title>Le parti des Forces du 14 janvier va porter plainte contre Daech aupr\u00e8s de la CPI<\/title>\n<meta name=\"description\" content=\"Le parti des Forces du 14 janvier va porter plainte contre Daech aupr\u00e8s de la CPI\" \/>\n<link rel=\"canonical\" href=\"https:\/\/www.webdo.tn\/fr\/actualite\/international\/le-parti-des-forces-du-14-janvier-va-porter-plainte-contre-daech-aupres-de-la-cpi\/184068\/\" \/>\n<meta property=\"og:locale\" content=\"fr_FR\" \/>\n<meta property=\"og:type\" content=\"article\" \/>\n<meta property=\"og:title\" content=\"Le parti des &quot;Forces du 14 janvier&quot; va porter plainte contre &quot;Daech&quot; aupr\u00e8s de la CPI\" \/>\n<meta property=\"og:description\" content=\"Le parti des Forces du 14 janvier va porter plainte contre Daech aupr\u00e8s de la CPI\" \/>\n<meta property=\"og:url\" content=\"https:\/\/www.webdo.tn\/fr\/actualite\/international\/le-parti-des-forces-du-14-janvier-va-porter-plainte-contre-daech-aupres-de-la-cpi\/184068\/\" \/>\n<meta property=\"og:site_name\" content=\"webdo\" \/>\n<meta property=\"article:publisher\" content=\"https:\/\/www.facebook.com\/webdotn\" \/>\n<meta property=\"article:published_time\" content=\"2015-07-06T03:27:00+00:00\" \/>\n<meta property=\"article:modified_time\" content=\"2025-05-22T12:54:37+00:00\" \/>\n<meta property=\"og:image\" content=\"https:\/\/www.webdo.tn\/fr\/wp-content\/uploads\/2015\/07\/Forces-du-14-janvier-185x300-1.jpg\" \/>\n\t<meta property=\"og:image:width\" content=\"185\" \/>\n\t<meta property=\"og:image:height\" content=\"300\" \/>\n\t<meta property=\"og:image:type\" content=\"image\/jpeg\" \/>\n<meta name=\"author\" content=\"webdo.tn\" \/>\n<meta name=\"twitter:card\" content=\"summary_large_image\" \/>\n<meta name=\"twitter:creator\" content=\"@webdo_tn\" \/>\n<meta name=\"twitter:site\" content=\"@webdo_tn\" \/>\n<meta name=\"twitter:label1\" content=\"\u00c9crit par\" \/>\n\t<meta name=\"twitter:data1\" content=\"webdo.tn\" \/>\n\t<meta name=\"twitter:label2\" content=\"Dur\u00e9e de lecture estim\u00e9e\" \/>\n\t<meta name=\"twitter:data2\" content=\"1 minute\" \/>\n<script type=\"application\/ld+json\" class=\"yoast-schema-graph\">{\"@context\":\"https:\\\/\\\/schema.org\",\"@graph\":[{\"@type\":\"NewsArticle\",\"@id\":\"https:\\\/\\\/www.webdo.tn\\\/fr\\\/actualite\\\/international\\\/le-parti-des-forces-du-14-janvier-va-porter-plainte-contre-daech-aupres-de-la-cpi\\\/184068\\\/#article\",\"isPartOf\":{\"@id\":\"https:\\\/\\\/www.webdo.tn\\\/fr\\\/actualite\\\/international\\\/le-parti-des-forces-du-14-janvier-va-porter-plainte-contre-daech-aupres-de-la-cpi\\\/184068\\\/\"},\"author\":{\"name\":\"webdo.tn\",\"@id\":\"https:\\\/\\\/www.webdo.tn\\\/fr\\\/#\\\/schema\\\/person\\\/9a9c6118d687c117df8ef3cc36a4d175\"},\"headline\":\"Le parti des \u00ab\u00a0Forces du 14 janvier\u00a0\u00bb va porter plainte contre \u00ab\u00a0Daech\u00a0\u00bb aupr\u00e8s de la CPI\",\"datePublished\":\"2015-07-06T03:27:00+00:00\",\"dateModified\":\"2025-05-22T12:54:37+00:00\",\"mainEntityOfPage\":{\"@id\":\"https:\\\/\\\/www.webdo.tn\\\/fr\\\/actualite\\\/international\\\/le-parti-des-forces-du-14-janvier-va-porter-plainte-contre-daech-aupres-de-la-cpi\\\/184068\\\/\"},\"wordCount\":129,\"commentCount\":0,\"publisher\":{\"@id\":\"https:\\\/\\\/www.webdo.tn\\\/fr\\\/#organization\"},\"image\":{\"@id\":\"https:\\\/\\\/www.webdo.tn\\\/fr\\\/actualite\\\/international\\\/le-parti-des-forces-du-14-janvier-va-porter-plainte-contre-daech-aupres-de-la-cpi\\\/184068\\\/#primaryimage\"},\"thumbnailUrl\":\"https:\\\/\\\/www.webdo.tn\\\/fr\\\/wp-content\\\/uploads\\\/2015\\\/07\\\/Forces-du-14-janvier-185x300-1.jpg\",\"articleSection\":[\"International\"],\"inLanguage\":\"fr-FR\"},{\"@type\":\"WebPage\",\"@id\":\"https:\\\/\\\/www.webdo.tn\\\/fr\\\/actualite\\\/international\\\/le-parti-des-forces-du-14-janvier-va-porter-plainte-contre-daech-aupres-de-la-cpi\\\/184068\\\/\",\"url\":\"https:\\\/\\\/www.webdo.tn\\\/fr\\\/actualite\\\/international\\\/le-parti-des-forces-du-14-janvier-va-porter-plainte-contre-daech-aupres-de-la-cpi\\\/184068\\\/\",\"name\":\"Le parti des Forces du 14 janvier va porter plainte contre Daech aupr\u00e8s de la CPI\",\"isPartOf\":{\"@id\":\"https:\\\/\\\/www.webdo.tn\\\/fr\\\/#website\"},\"primaryImageOfPage\":{\"@id\":\"https:\\\/\\\/www.webdo.tn\\\/fr\\\/actualite\\\/international\\\/le-parti-des-forces-du-14-janvier-va-porter-plainte-contre-daech-aupres-de-la-cpi\\\/184068\\\/#primaryimage\"},\"image\":{\"@id\":\"https:\\\/\\\/www.webdo.tn\\\/fr\\\/actualite\\\/international\\\/le-parti-des-forces-du-14-janvier-va-porter-plainte-contre-daech-aupres-de-la-cpi\\\/184068\\\/#primaryimage\"},\"thumbnailUrl\":\"https:\\\/\\\/www.webdo.tn\\\/fr\\\/wp-content\\\/uploads\\\/2015\\\/07\\\/Forces-du-14-janvier-185x300-1.jpg\",\"datePublished\":\"2015-07-06T03:27:00+00:00\",\"dateModified\":\"2025-05-22T12:54:37+00:00\",\"description\":\"Le parti des Forces du 14 janvier va porter plainte contre Daech aupr\u00e8s de la CPI\",\"breadcrumb\":{\"@id\":\"https:\\\/\\\/www.webdo.tn\\\/fr\\\/actualite\\\/international\\\/le-parti-des-forces-du-14-janvier-va-porter-plainte-contre-daech-aupres-de-la-cpi\\\/184068\\\/#breadcrumb\"},\"inLanguage\":\"fr-FR\",\"potentialAction\":[{\"@type\":\"ReadAction\",\"target\":[\"https:\\\/\\\/www.webdo.tn\\\/fr\\\/actualite\\\/international\\\/le-parti-des-forces-du-14-janvier-va-porter-plainte-contre-daech-aupres-de-la-cpi\\\/184068\\\/\"]}]},{\"@type\":\"ImageObject\",\"inLanguage\":\"fr-FR\",\"@id\":\"https:\\\/\\\/www.webdo.tn\\\/fr\\\/actualite\\\/international\\\/le-parti-des-forces-du-14-janvier-va-porter-plainte-contre-daech-aupres-de-la-cpi\\\/184068\\\/#primaryimage\",\"url\":\"https:\\\/\\\/www.webdo.tn\\\/fr\\\/wp-content\\\/uploads\\\/2015\\\/07\\\/Forces-du-14-janvier-185x300-1.jpg\",\"contentUrl\":\"https:\\\/\\\/www.webdo.tn\\\/fr\\\/wp-content\\\/uploads\\\/2015\\\/07\\\/Forces-du-14-janvier-185x300-1.jpg\",\"width\":185,\"height\":300,\"caption\":\"Le parti des \\\"Forces du 14 janvier\\\" va porter plainte contre \\\"Daech\\\" aupr\u00e8s de la CPI\"},{\"@type\":\"BreadcrumbList\",\"@id\":\"https:\\\/\\\/www.webdo.tn\\\/fr\\\/actualite\\\/international\\\/le-parti-des-forces-du-14-janvier-va-porter-plainte-contre-daech-aupres-de-la-cpi\\\/184068\\\/#breadcrumb\",\"itemListElement\":[{\"@type\":\"ListItem\",\"position\":1,\"name\":\"Accueil\",\"item\":\"https:\\\/\\\/www.webdo.tn\\\/fr\\\/\"},{\"@type\":\"ListItem\",\"position\":2,\"name\":\"Le parti des \u00ab\u00a0Forces du 14 janvier\u00a0\u00bb va porter plainte contre \u00ab\u00a0Daech\u00a0\u00bb aupr\u00e8s de la CPI\"}]},{\"@type\":\"WebSite\",\"@id\":\"https:\\\/\\\/www.webdo.tn\\\/fr\\\/#website\",\"url\":\"https:\\\/\\\/www.webdo.tn\\\/fr\\\/\",\"name\":\"webdo\",\"description\":\"Tunisie - News en Tunisie et \u00e0 l&#039;international sur Webdo.tn\",\"publisher\":{\"@id\":\"https:\\\/\\\/www.webdo.tn\\\/fr\\\/#organization\"},\"potentialAction\":[{\"@type\":\"SearchAction\",\"target\":{\"@type\":\"EntryPoint\",\"urlTemplate\":\"https:\\\/\\\/www.webdo.tn\\\/fr\\\/?s={search_term_string}\"},\"query-input\":{\"@type\":\"PropertyValueSpecification\",\"valueRequired\":true,\"valueName\":\"search_term_string\"}}],\"inLanguage\":\"fr-FR\"},{\"@type\":\"Organization\",\"@id\":\"https:\\\/\\\/www.webdo.tn\\\/fr\\\/#organization\",\"name\":\"Webdo\",\"alternateName\":\"Webdo.tn\",\"url\":\"https:\\\/\\\/www.webdo.tn\\\/fr\\\/\",\"logo\":{\"@type\":\"ImageObject\",\"inLanguage\":\"fr-FR\",\"@id\":\"https:\\\/\\\/www.webdo.tn\\\/fr\\\/#\\\/schema\\\/logo\\\/image\\\/\",\"url\":\"https:\\\/\\\/www.webdo.tn\\\/fr\\\/wp-content\\\/uploads\\\/2025\\\/06\\\/Webdo-Tunisie_168377.jpg\",\"contentUrl\":\"https:\\\/\\\/www.webdo.tn\\\/fr\\\/wp-content\\\/uploads\\\/2025\\\/06\\\/Webdo-Tunisie_168377.jpg\",\"width\":301,\"height\":301,\"caption\":\"Webdo\"},\"image\":{\"@id\":\"https:\\\/\\\/www.webdo.tn\\\/fr\\\/#\\\/schema\\\/logo\\\/image\\\/\"},\"sameAs\":[\"https:\\\/\\\/www.facebook.com\\\/webdotn\",\"https:\\\/\\\/x.com\\\/webdo_tn\"],\"description\":\"Webdo est un m\u00e9dia num\u00e9rique tunisien fond\u00e9 en 2010, sp\u00e9cialis\u00e9 dans l\u2019actualit\u00e9 nationale et internationale, l\u2019\u00e9conomie, la soci\u00e9t\u00e9 et les analyses politiques. Le site s\u2019adresse \u00e0 un large public francophone et couvre l\u2019information tunisienne en temps r\u00e9el.\",\"email\":\"redac@webdo.tn\",\"legalName\":\"YNJ SARL\",\"foundingDate\":\"2010-09-06\",\"numberOfEmployees\":{\"@type\":\"QuantitativeValue\",\"minValue\":\"11\",\"maxValue\":\"50\"}},{\"@type\":\"Person\",\"@id\":\"https:\\\/\\\/www.webdo.tn\\\/fr\\\/#\\\/schema\\\/person\\\/9a9c6118d687c117df8ef3cc36a4d175\",\"name\":\"webdo.tn\",\"image\":{\"@type\":\"ImageObject\",\"inLanguage\":\"fr-FR\",\"@id\":\"https:\\\/\\\/secure.gravatar.com\\\/avatar\\\/7ce1f28c0c3bbac99ff550b85ef8e44a6950c6ee24514fb6a5489e51d06f0298?s=96&d=mm&r=g\",\"url\":\"https:\\\/\\\/secure.gravatar.com\\\/avatar\\\/7ce1f28c0c3bbac99ff550b85ef8e44a6950c6ee24514fb6a5489e51d06f0298?s=96&d=mm&r=g\",\"contentUrl\":\"https:\\\/\\\/secure.gravatar.com\\\/avatar\\\/7ce1f28c0c3bbac99ff550b85ef8e44a6950c6ee24514fb6a5489e51d06f0298?s=96&d=mm&r=g\",\"caption\":\"webdo.tn\"},\"url\":\"https:\\\/\\\/www.webdo.tn\\\/fr\\\/actualite\\\/author\\\/webdotn\\\/\"}]}<\/script>\n<!-- \/ Yoast SEO Premium plugin. -->","yoast_head_json":{"title":"Le parti des Forces du 14 janvier va porter plainte contre Daech aupr\u00e8s de la CPI","description":"Le parti des Forces du 14 janvier va porter plainte contre Daech aupr\u00e8s de la CPI","canonical":"https:\/\/www.webdo.tn\/fr\/actualite\/international\/le-parti-des-forces-du-14-janvier-va-porter-plainte-contre-daech-aupres-de-la-cpi\/184068\/","og_locale":"fr_FR","og_type":"article","og_title":"Le parti des \"Forces du 14 janvier\" va porter plainte contre \"Daech\" aupr\u00e8s de la CPI","og_description":"Le parti des Forces du 14 janvier va porter plainte contre Daech aupr\u00e8s de la CPI","og_url":"https:\/\/www.webdo.tn\/fr\/actualite\/international\/le-parti-des-forces-du-14-janvier-va-porter-plainte-contre-daech-aupres-de-la-cpi\/184068\/","og_site_name":"webdo","article_publisher":"https:\/\/www.facebook.com\/webdotn","article_published_time":"2015-07-06T03:27:00+00:00","article_modified_time":"2025-05-22T12:54:37+00:00","og_image":[{"width":185,"height":300,"url":"https:\/\/www.webdo.tn\/fr\/wp-content\/uploads\/2015\/07\/Forces-du-14-janvier-185x300-1.jpg","type":"image\/jpeg"}],"author":"webdo.tn","twitter_card":"summary_large_image","twitter_creator":"@webdo_tn","twitter_site":"@webdo_tn","twitter_misc":{"\u00c9crit par":"webdo.tn","Dur\u00e9e de lecture estim\u00e9e":"1 minute"},"schema":{"@context":"https:\/\/schema.org","@graph":[{"@type":"NewsArticle","@id":"https:\/\/www.webdo.tn\/fr\/actualite\/international\/le-parti-des-forces-du-14-janvier-va-porter-plainte-contre-daech-aupres-de-la-cpi\/184068\/#article","isPartOf":{"@id":"https:\/\/www.webdo.tn\/fr\/actualite\/international\/le-parti-des-forces-du-14-janvier-va-porter-plainte-contre-daech-aupres-de-la-cpi\/184068\/"},"author":{"name":"webdo.tn","@id":"https:\/\/www.webdo.tn\/fr\/#\/schema\/person\/9a9c6118d687c117df8ef3cc36a4d175"},"headline":"Le parti des \u00ab\u00a0Forces du 14 janvier\u00a0\u00bb va porter plainte contre \u00ab\u00a0Daech\u00a0\u00bb aupr\u00e8s de la CPI","datePublished":"2015-07-06T03:27:00+00:00","dateModified":"2025-05-22T12:54:37+00:00","mainEntityOfPage":{"@id":"https:\/\/www.webdo.tn\/fr\/actualite\/international\/le-parti-des-forces-du-14-janvier-va-porter-plainte-contre-daech-aupres-de-la-cpi\/184068\/"},"wordCount":129,"commentCount":0,"publisher":{"@id":"https:\/\/www.webdo.tn\/fr\/#organization"},"image":{"@id":"https:\/\/www.webdo.tn\/fr\/actualite\/international\/le-parti-des-forces-du-14-janvier-va-porter-plainte-contre-daech-aupres-de-la-cpi\/184068\/#primaryimage"},"thumbnailUrl":"https:\/\/www.webdo.tn\/fr\/wp-content\/uploads\/2015\/07\/Forces-du-14-janvier-185x300-1.jpg","articleSection":["International"],"inLanguage":"fr-FR"},{"@type":"WebPage","@id":"https:\/\/www.webdo.tn\/fr\/actualite\/international\/le-parti-des-forces-du-14-janvier-va-porter-plainte-contre-daech-aupres-de-la-cpi\/184068\/","url":"https:\/\/www.webdo.tn\/fr\/actualite\/international\/le-parti-des-forces-du-14-janvier-va-porter-plainte-contre-daech-aupres-de-la-cpi\/184068\/","name":"Le parti des Forces du 14 janvier va porter plainte contre Daech aupr\u00e8s de la CPI","isPartOf":{"@id":"https:\/\/www.webdo.tn\/fr\/#website"},"primaryImageOfPage":{"@id":"https:\/\/www.webdo.tn\/fr\/actualite\/international\/le-parti-des-forces-du-14-janvier-va-porter-plainte-contre-daech-aupres-de-la-cpi\/184068\/#primaryimage"},"image":{"@id":"https:\/\/www.webdo.tn\/fr\/actualite\/international\/le-parti-des-forces-du-14-janvier-va-porter-plainte-contre-daech-aupres-de-la-cpi\/184068\/#primaryimage"},"thumbnailUrl":"https:\/\/www.webdo.tn\/fr\/wp-content\/uploads\/2015\/07\/Forces-du-14-janvier-185x300-1.jpg","datePublished":"2015-07-06T03:27:00+00:00","dateModified":"2025-05-22T12:54:37+00:00","description":"Le parti des Forces du 14 janvier va porter plainte contre Daech aupr\u00e8s de la CPI","breadcrumb":{"@id":"https:\/\/www.webdo.tn\/fr\/actualite\/international\/le-parti-des-forces-du-14-janvier-va-porter-plainte-contre-daech-aupres-de-la-cpi\/184068\/#breadcrumb"},"inLanguage":"fr-FR","potentialAction":[{"@type":"ReadAction","target":["https:\/\/www.webdo.tn\/fr\/actualite\/international\/le-parti-des-forces-du-14-janvier-va-porter-plainte-contre-daech-aupres-de-la-cpi\/184068\/"]}]},{"@type":"ImageObject","inLanguage":"fr-FR","@id":"https:\/\/www.webdo.tn\/fr\/actualite\/international\/le-parti-des-forces-du-14-janvier-va-porter-plainte-contre-daech-aupres-de-la-cpi\/184068\/#primaryimage","url":"https:\/\/www.webdo.tn\/fr\/wp-content\/uploads\/2015\/07\/Forces-du-14-janvier-185x300-1.jpg","contentUrl":"https:\/\/www.webdo.tn\/fr\/wp-content\/uploads\/2015\/07\/Forces-du-14-janvier-185x300-1.jpg","width":185,"height":300,"caption":"Le parti des \"Forces du 14 janvier\" va porter plainte contre \"Daech\" aupr\u00e8s de la CPI"},{"@type":"BreadcrumbList","@id":"https:\/\/www.webdo.tn\/fr\/actualite\/international\/le-parti-des-forces-du-14-janvier-va-porter-plainte-contre-daech-aupres-de-la-cpi\/184068\/#breadcrumb","itemListElement":[{"@type":"ListItem","position":1,"name":"Accueil","item":"https:\/\/www.webdo.tn\/fr\/"},{"@type":"ListItem","position":2,"name":"Le parti des \u00ab\u00a0Forces du 14 janvier\u00a0\u00bb va porter plainte contre \u00ab\u00a0Daech\u00a0\u00bb aupr\u00e8s de la CPI"}]},{"@type":"WebSite","@id":"https:\/\/www.webdo.tn\/fr\/#website","url":"https:\/\/www.webdo.tn\/fr\/","name":"webdo","description":"Tunisie - News en Tunisie et \u00e0 l&#039;international sur Webdo.tn","publisher":{"@id":"https:\/\/www.webdo.tn\/fr\/#organization"},"potentialAction":[{"@type":"SearchAction","target":{"@type":"EntryPoint","urlTemplate":"https:\/\/www.webdo.tn\/fr\/?s={search_term_string}"},"query-input":{"@type":"PropertyValueSpecification","valueRequired":true,"valueName":"search_term_string"}}],"inLanguage":"fr-FR"},{"@type":"Organization","@id":"https:\/\/www.webdo.tn\/fr\/#organization","name":"Webdo","alternateName":"Webdo.tn","url":"https:\/\/www.webdo.tn\/fr\/","logo":{"@type":"ImageObject","inLanguage":"fr-FR","@id":"https:\/\/www.webdo.tn\/fr\/#\/schema\/logo\/image\/","url":"https:\/\/www.webdo.tn\/fr\/wp-content\/uploads\/2025\/06\/Webdo-Tunisie_168377.jpg","contentUrl":"https:\/\/www.webdo.tn\/fr\/wp-content\/uploads\/2025\/06\/Webdo-Tunisie_168377.jpg","width":301,"height":301,"caption":"Webdo"},"image":{"@id":"https:\/\/www.webdo.tn\/fr\/#\/schema\/logo\/image\/"},"sameAs":["https:\/\/www.facebook.com\/webdotn","https:\/\/x.com\/webdo_tn"],"description":"Webdo est un m\u00e9dia num\u00e9rique tunisien fond\u00e9 en 2010, sp\u00e9cialis\u00e9 dans l\u2019actualit\u00e9 nationale et internationale, l\u2019\u00e9conomie, la soci\u00e9t\u00e9 et les analyses politiques. Le site s\u2019adresse \u00e0 un large public francophone et couvre l\u2019information tunisienne en temps r\u00e9el.","email":"redac@webdo.tn","legalName":"YNJ SARL","foundingDate":"2010-09-06","numberOfEmployees":{"@type":"QuantitativeValue","minValue":"11","maxValue":"50"}},{"@type":"Person","@id":"https:\/\/www.webdo.tn\/fr\/#\/schema\/person\/9a9c6118d687c117df8ef3cc36a4d175","name":"webdo.tn","image":{"@type":"ImageObject","inLanguage":"fr-FR","@id":"https:\/\/secure.gravatar.com\/avatar\/7ce1f28c0c3bbac99ff550b85ef8e44a6950c6ee24514fb6a5489e51d06f0298?s=96&d=mm&r=g","url":"https:\/\/secure.gravatar.com\/avatar\/7ce1f28c0c3bbac99ff550b85ef8e44a6950c6ee24514fb6a5489e51d06f0298?s=96&d=mm&r=g","contentUrl":"https:\/\/secure.gravatar.com\/avatar\/7ce1f28c0c3bbac99ff550b85ef8e44a6950c6ee24514fb6a5489e51d06f0298?s=96&d=mm&r=g","caption":"webdo.tn"},"url":"https:\/\/www.webdo.tn\/fr\/actualite\/author\/webdotn\/"}]}},"_links":{"self":[{"href":"https:\/\/www.webdo.tn\/fr\/wp-json\/wp\/v2\/posts\/184068","targetHints":{"allow":["GET"]}}],"collection":[{"href":"https:\/\/www.webdo.tn\/fr\/wp-json\/wp\/v2\/posts"}],"about":[{"href":"https:\/\/www.webdo.tn\/fr\/wp-json\/wp\/v2\/types\/post"}],"author":[{"embeddable":true,"href":"https:\/\/www.webdo.tn\/fr\/wp-json\/wp\/v2\/users\/3222"}],"replies":[{"embeddable":true,"href":"https:\/\/www.webdo.tn\/fr\/wp-json\/wp\/v2\/comments?post=184068"}],"version-history":[{"count":0,"href":"https:\/\/www.webdo.tn\/fr\/wp-json\/wp\/v2\/posts\/184068\/revisions"}],"wp:featuredmedia":[{"embeddable":true,"href":"https:\/\/www.webdo.tn\/fr\/wp-json\/wp\/v2\/media\/351978"}],"wp:attachment":[{"href":"https:\/\/www.webdo.tn\/fr\/wp-json\/wp\/v2\/media?parent=184068"}],"wp:term":[{"taxonomy":"category","embeddable":true,"href":"https:\/\/www.webdo.tn\/fr\/wp-json\/wp\/v2\/categories?post=184068"},{"taxonomy":"post_tag","embeddable":true,"href":"https:\/\/www.webdo.tn\/fr\/wp-json\/wp\/v2\/tags?post=184068"}],"curies":[{"name":"wp","href":"https:\/\/api.w.org\/{rel}","templated":true}]}}