{"id":184067,"date":"2015-07-06T12:31:00","date_gmt":"2015-07-06T12:31:00","guid":{"rendered":"https:\/\/www.webdo.tn\/fr\/blog\/un-homme-se-balade-pres-du-parlement-britannique-avec-le-drapeau-de-letat-islamique\/184067\/"},"modified":"2015-07-06T12:31:00","modified_gmt":"2015-07-06T12:31:00","slug":"un-homme-se-balade-pres-du-parlement-britannique-avec-le-drapeau-de-letat-islamique","status":"publish","type":"post","link":"https:\/\/www.webdo.tn\/fr\/actualite\/international\/un-homme-se-balade-pres-du-parlement-britannique-avec-le-drapeau-de-letat-islamique\/184067\/","title":{"rendered":"Un homme se balade pr\u00e8s du Parlement britannique avec le drapeau de l\u2019Etat Islamique !"},"content":{"rendered":"<p>Quelques jours apr\u00e8s l\u2019attaque terroriste de Sousse, un homme s\u2019est balad\u00e9 autour du Parlement britannique, tout pr\u00e8s de Big Ben, portant le drapeau de l\u2019Etat Islamique.<\/p>\n<p>Sa fille qu\u2019il portait sur ses \u00e9paules, avait aussi un drapeau de Daech, ce qui a attir\u00e9 l\u2019attention des passagers et conduit \u00e0 son arrestation par la police britannique en vue de l\u2019interroger.<\/p>\n<p>Il a ensuite \u00e9t\u00e9 lib\u00e9r\u00e9 car il n\u2019a pas enfreint la loi, selon la police, rapporte le journal britannique Daily mail.<br \/>\nAfef Toumi<\/p>\n","protected":false},"excerpt":{"rendered":"<p>Un homme se balade pr\u00e8s du Parlement britannique avec le drapeau de l\u2019Etat Islamique !<\/p>\n","protected":false},"author":3222,"featured_media":336023,"comment_status":"open","ping_status":"closed","sticky":false,"template":"","format":"standard","meta":{"footnotes":""},"categories":[2598],"tags":[2600],"class_list":["post-184067","post","type-post","status-publish","format-standard","has-post-thumbnail","hentry","category-international","tag-guerre"],"yoast_head":"<!-- This site is optimized with the Yoast SEO Premium plugin v27.5 (Yoast SEO v27.5) - https:\/\/yoast.com\/product\/yoast-seo-premium-wordpress\/ -->\n<title>Un homme se balade pr\u00e8s du Parlement britannique avec le drapeau de l\u2019Etat Islamique !<\/title>\n<meta name=\"description\" content=\"Un homme se balade pr\u00e8s du Parlement britannique avec le drapeau de l\u2019Etat Islamique !\" \/>\n<link rel=\"canonical\" href=\"https:\/\/www.webdo.tn\/fr\/actualite\/international\/un-homme-se-balade-pres-du-parlement-britannique-avec-le-drapeau-de-letat-islamique\/184067\/\" \/>\n<meta property=\"og:locale\" content=\"fr_FR\" \/>\n<meta property=\"og:type\" content=\"article\" \/>\n<meta property=\"og:title\" content=\"Un homme se balade pr\u00e8s du Parlement britannique avec le drapeau de l\u2019Etat Islamique !\" \/>\n<meta property=\"og:description\" content=\"Un homme se balade pr\u00e8s du Parlement britannique avec le drapeau de l\u2019Etat Islamique !\" \/>\n<meta property=\"og:url\" content=\"https:\/\/www.webdo.tn\/fr\/actualite\/international\/un-homme-se-balade-pres-du-parlement-britannique-avec-le-drapeau-de-letat-islamique\/184067\/\" \/>\n<meta property=\"og:site_name\" content=\"webdo\" \/>\n<meta property=\"article:publisher\" content=\"https:\/\/www.facebook.com\/webdotn\" \/>\n<meta property=\"article:published_time\" content=\"2015-07-06T12:31:00+00:00\" \/>\n<meta property=\"og:image\" content=\"https:\/\/www.webdo.tn\/fr\/wp-content\/uploads\/2015\/07\/Daily-Mail-2.jpg\" \/>\n\t<meta property=\"og:image:width\" content=\"600\" \/>\n\t<meta property=\"og:image:height\" content=\"800\" \/>\n\t<meta property=\"og:image:type\" content=\"image\/jpeg\" \/>\n<meta name=\"author\" content=\"webdo.tn\" \/>\n<meta name=\"twitter:card\" content=\"summary_large_image\" \/>\n<meta name=\"twitter:creator\" content=\"@webdo_tn\" \/>\n<meta name=\"twitter:site\" content=\"@webdo_tn\" \/>\n<meta name=\"twitter:label1\" content=\"\u00c9crit par\" \/>\n\t<meta name=\"twitter:data1\" content=\"webdo.tn\" \/>\n<script type=\"application\/ld+json\" class=\"yoast-schema-graph\">{\"@context\":\"https:\\\/\\\/schema.org\",\"@graph\":[{\"@type\":\"NewsArticle\",\"@id\":\"https:\\\/\\\/www.webdo.tn\\\/fr\\\/actualite\\\/international\\\/un-homme-se-balade-pres-du-parlement-britannique-avec-le-drapeau-de-letat-islamique\\\/184067\\\/#article\",\"isPartOf\":{\"@id\":\"https:\\\/\\\/www.webdo.tn\\\/fr\\\/actualite\\\/international\\\/un-homme-se-balade-pres-du-parlement-britannique-avec-le-drapeau-de-letat-islamique\\\/184067\\\/\"},\"author\":{\"name\":\"webdo.tn\",\"@id\":\"https:\\\/\\\/www.webdo.tn\\\/fr\\\/#\\\/schema\\\/person\\\/9a9c6118d687c117df8ef3cc36a4d175\"},\"headline\":\"Un homme se balade pr\u00e8s du Parlement britannique avec le drapeau de l\u2019Etat Islamique !\",\"datePublished\":\"2015-07-06T12:31:00+00:00\",\"mainEntityOfPage\":{\"@id\":\"https:\\\/\\\/www.webdo.tn\\\/fr\\\/actualite\\\/international\\\/un-homme-se-balade-pres-du-parlement-britannique-avec-le-drapeau-de-letat-islamique\\\/184067\\\/\"},\"wordCount\":107,\"commentCount\":0,\"publisher\":{\"@id\":\"https:\\\/\\\/www.webdo.tn\\\/fr\\\/#organization\"},\"image\":{\"@id\":\"https:\\\/\\\/www.webdo.tn\\\/fr\\\/actualite\\\/international\\\/un-homme-se-balade-pres-du-parlement-britannique-avec-le-drapeau-de-letat-islamique\\\/184067\\\/#primaryimage\"},\"thumbnailUrl\":\"https:\\\/\\\/www.webdo.tn\\\/fr\\\/wp-content\\\/uploads\\\/2015\\\/07\\\/Daily-Mail-2.jpg\",\"keywords\":[\"guerre\"],\"articleSection\":[\"International\"],\"inLanguage\":\"fr-FR\"},{\"@type\":\"WebPage\",\"@id\":\"https:\\\/\\\/www.webdo.tn\\\/fr\\\/actualite\\\/international\\\/un-homme-se-balade-pres-du-parlement-britannique-avec-le-drapeau-de-letat-islamique\\\/184067\\\/\",\"url\":\"https:\\\/\\\/www.webdo.tn\\\/fr\\\/actualite\\\/international\\\/un-homme-se-balade-pres-du-parlement-britannique-avec-le-drapeau-de-letat-islamique\\\/184067\\\/\",\"name\":\"Un homme se balade pr\u00e8s du Parlement britannique avec le drapeau de l\u2019Etat Islamique !\",\"isPartOf\":{\"@id\":\"https:\\\/\\\/www.webdo.tn\\\/fr\\\/#website\"},\"primaryImageOfPage\":{\"@id\":\"https:\\\/\\\/www.webdo.tn\\\/fr\\\/actualite\\\/international\\\/un-homme-se-balade-pres-du-parlement-britannique-avec-le-drapeau-de-letat-islamique\\\/184067\\\/#primaryimage\"},\"image\":{\"@id\":\"https:\\\/\\\/www.webdo.tn\\\/fr\\\/actualite\\\/international\\\/un-homme-se-balade-pres-du-parlement-britannique-avec-le-drapeau-de-letat-islamique\\\/184067\\\/#primaryimage\"},\"thumbnailUrl\":\"https:\\\/\\\/www.webdo.tn\\\/fr\\\/wp-content\\\/uploads\\\/2015\\\/07\\\/Daily-Mail-2.jpg\",\"datePublished\":\"2015-07-06T12:31:00+00:00\",\"description\":\"Un homme se balade pr\u00e8s du Parlement britannique avec le drapeau de l\u2019Etat Islamique !\",\"breadcrumb\":{\"@id\":\"https:\\\/\\\/www.webdo.tn\\\/fr\\\/actualite\\\/international\\\/un-homme-se-balade-pres-du-parlement-britannique-avec-le-drapeau-de-letat-islamique\\\/184067\\\/#breadcrumb\"},\"inLanguage\":\"fr-FR\",\"potentialAction\":[{\"@type\":\"ReadAction\",\"target\":[\"https:\\\/\\\/www.webdo.tn\\\/fr\\\/actualite\\\/international\\\/un-homme-se-balade-pres-du-parlement-britannique-avec-le-drapeau-de-letat-islamique\\\/184067\\\/\"]}]},{\"@type\":\"ImageObject\",\"inLanguage\":\"fr-FR\",\"@id\":\"https:\\\/\\\/www.webdo.tn\\\/fr\\\/actualite\\\/international\\\/un-homme-se-balade-pres-du-parlement-britannique-avec-le-drapeau-de-letat-islamique\\\/184067\\\/#primaryimage\",\"url\":\"https:\\\/\\\/www.webdo.tn\\\/fr\\\/wp-content\\\/uploads\\\/2015\\\/07\\\/Daily-Mail-2.jpg\",\"contentUrl\":\"https:\\\/\\\/www.webdo.tn\\\/fr\\\/wp-content\\\/uploads\\\/2015\\\/07\\\/Daily-Mail-2.jpg\",\"width\":600,\"height\":800,\"caption\":\"Un homme se balade pr\u00e8s du Parlement britannique avec le drapeau de l\u2019Etat Islamique !\"},{\"@type\":\"BreadcrumbList\",\"@id\":\"https:\\\/\\\/www.webdo.tn\\\/fr\\\/actualite\\\/international\\\/un-homme-se-balade-pres-du-parlement-britannique-avec-le-drapeau-de-letat-islamique\\\/184067\\\/#breadcrumb\",\"itemListElement\":[{\"@type\":\"ListItem\",\"position\":1,\"name\":\"Accueil\",\"item\":\"https:\\\/\\\/www.webdo.tn\\\/fr\\\/\"},{\"@type\":\"ListItem\",\"position\":2,\"name\":\"Un homme se balade pr\u00e8s du Parlement britannique avec le drapeau de l\u2019Etat Islamique !\"}]},{\"@type\":\"WebSite\",\"@id\":\"https:\\\/\\\/www.webdo.tn\\\/fr\\\/#website\",\"url\":\"https:\\\/\\\/www.webdo.tn\\\/fr\\\/\",\"name\":\"webdo\",\"description\":\"Tunisie - News en Tunisie et \u00e0 l&#039;international sur Webdo.tn\",\"publisher\":{\"@id\":\"https:\\\/\\\/www.webdo.tn\\\/fr\\\/#organization\"},\"potentialAction\":[{\"@type\":\"SearchAction\",\"target\":{\"@type\":\"EntryPoint\",\"urlTemplate\":\"https:\\\/\\\/www.webdo.tn\\\/fr\\\/?s={search_term_string}\"},\"query-input\":{\"@type\":\"PropertyValueSpecification\",\"valueRequired\":true,\"valueName\":\"search_term_string\"}}],\"inLanguage\":\"fr-FR\"},{\"@type\":\"Organization\",\"@id\":\"https:\\\/\\\/www.webdo.tn\\\/fr\\\/#organization\",\"name\":\"Webdo\",\"alternateName\":\"Webdo.tn\",\"url\":\"https:\\\/\\\/www.webdo.tn\\\/fr\\\/\",\"logo\":{\"@type\":\"ImageObject\",\"inLanguage\":\"fr-FR\",\"@id\":\"https:\\\/\\\/www.webdo.tn\\\/fr\\\/#\\\/schema\\\/logo\\\/image\\\/\",\"url\":\"https:\\\/\\\/www.webdo.tn\\\/fr\\\/wp-content\\\/uploads\\\/2025\\\/06\\\/Webdo-Tunisie_168377.jpg\",\"contentUrl\":\"https:\\\/\\\/www.webdo.tn\\\/fr\\\/wp-content\\\/uploads\\\/2025\\\/06\\\/Webdo-Tunisie_168377.jpg\",\"width\":301,\"height\":301,\"caption\":\"Webdo\"},\"image\":{\"@id\":\"https:\\\/\\\/www.webdo.tn\\\/fr\\\/#\\\/schema\\\/logo\\\/image\\\/\"},\"sameAs\":[\"https:\\\/\\\/www.facebook.com\\\/webdotn\",\"https:\\\/\\\/x.com\\\/webdo_tn\"],\"description\":\"Webdo est un m\u00e9dia num\u00e9rique tunisien fond\u00e9 en 2010, sp\u00e9cialis\u00e9 dans l\u2019actualit\u00e9 nationale et internationale, l\u2019\u00e9conomie, la soci\u00e9t\u00e9 et les analyses politiques. Le site s\u2019adresse \u00e0 un large public francophone et couvre l\u2019information tunisienne en temps r\u00e9el.\",\"email\":\"redac@webdo.tn\",\"legalName\":\"YNJ SARL\",\"foundingDate\":\"2010-09-06\",\"numberOfEmployees\":{\"@type\":\"QuantitativeValue\",\"minValue\":\"11\",\"maxValue\":\"50\"}},{\"@type\":\"Person\",\"@id\":\"https:\\\/\\\/www.webdo.tn\\\/fr\\\/#\\\/schema\\\/person\\\/9a9c6118d687c117df8ef3cc36a4d175\",\"name\":\"webdo.tn\",\"image\":{\"@type\":\"ImageObject\",\"inLanguage\":\"fr-FR\",\"@id\":\"https:\\\/\\\/secure.gravatar.com\\\/avatar\\\/7ce1f28c0c3bbac99ff550b85ef8e44a6950c6ee24514fb6a5489e51d06f0298?s=96&d=mm&r=g\",\"url\":\"https:\\\/\\\/secure.gravatar.com\\\/avatar\\\/7ce1f28c0c3bbac99ff550b85ef8e44a6950c6ee24514fb6a5489e51d06f0298?s=96&d=mm&r=g\",\"contentUrl\":\"https:\\\/\\\/secure.gravatar.com\\\/avatar\\\/7ce1f28c0c3bbac99ff550b85ef8e44a6950c6ee24514fb6a5489e51d06f0298?s=96&d=mm&r=g\",\"caption\":\"webdo.tn\"},\"url\":\"https:\\\/\\\/www.webdo.tn\\\/fr\\\/actualite\\\/author\\\/webdotn\\\/\"}]}<\/script>\n<!-- \/ Yoast SEO Premium plugin. -->","yoast_head_json":{"title":"Un homme se balade pr\u00e8s du Parlement britannique avec le drapeau de l\u2019Etat Islamique !","description":"Un homme se balade pr\u00e8s du Parlement britannique avec le drapeau de l\u2019Etat Islamique !","canonical":"https:\/\/www.webdo.tn\/fr\/actualite\/international\/un-homme-se-balade-pres-du-parlement-britannique-avec-le-drapeau-de-letat-islamique\/184067\/","og_locale":"fr_FR","og_type":"article","og_title":"Un homme se balade pr\u00e8s du Parlement britannique avec le drapeau de l\u2019Etat Islamique !","og_description":"Un homme se balade pr\u00e8s du Parlement britannique avec le drapeau de l\u2019Etat Islamique !","og_url":"https:\/\/www.webdo.tn\/fr\/actualite\/international\/un-homme-se-balade-pres-du-parlement-britannique-avec-le-drapeau-de-letat-islamique\/184067\/","og_site_name":"webdo","article_publisher":"https:\/\/www.facebook.com\/webdotn","article_published_time":"2015-07-06T12:31:00+00:00","og_image":[{"width":600,"height":800,"url":"https:\/\/www.webdo.tn\/fr\/wp-content\/uploads\/2015\/07\/Daily-Mail-2.jpg","type":"image\/jpeg"}],"author":"webdo.tn","twitter_card":"summary_large_image","twitter_creator":"@webdo_tn","twitter_site":"@webdo_tn","twitter_misc":{"\u00c9crit par":"webdo.tn"},"schema":{"@context":"https:\/\/schema.org","@graph":[{"@type":"NewsArticle","@id":"https:\/\/www.webdo.tn\/fr\/actualite\/international\/un-homme-se-balade-pres-du-parlement-britannique-avec-le-drapeau-de-letat-islamique\/184067\/#article","isPartOf":{"@id":"https:\/\/www.webdo.tn\/fr\/actualite\/international\/un-homme-se-balade-pres-du-parlement-britannique-avec-le-drapeau-de-letat-islamique\/184067\/"},"author":{"name":"webdo.tn","@id":"https:\/\/www.webdo.tn\/fr\/#\/schema\/person\/9a9c6118d687c117df8ef3cc36a4d175"},"headline":"Un homme se balade pr\u00e8s du Parlement britannique avec le drapeau de l\u2019Etat Islamique !","datePublished":"2015-07-06T12:31:00+00:00","mainEntityOfPage":{"@id":"https:\/\/www.webdo.tn\/fr\/actualite\/international\/un-homme-se-balade-pres-du-parlement-britannique-avec-le-drapeau-de-letat-islamique\/184067\/"},"wordCount":107,"commentCount":0,"publisher":{"@id":"https:\/\/www.webdo.tn\/fr\/#organization"},"image":{"@id":"https:\/\/www.webdo.tn\/fr\/actualite\/international\/un-homme-se-balade-pres-du-parlement-britannique-avec-le-drapeau-de-letat-islamique\/184067\/#primaryimage"},"thumbnailUrl":"https:\/\/www.webdo.tn\/fr\/wp-content\/uploads\/2015\/07\/Daily-Mail-2.jpg","keywords":["guerre"],"articleSection":["International"],"inLanguage":"fr-FR"},{"@type":"WebPage","@id":"https:\/\/www.webdo.tn\/fr\/actualite\/international\/un-homme-se-balade-pres-du-parlement-britannique-avec-le-drapeau-de-letat-islamique\/184067\/","url":"https:\/\/www.webdo.tn\/fr\/actualite\/international\/un-homme-se-balade-pres-du-parlement-britannique-avec-le-drapeau-de-letat-islamique\/184067\/","name":"Un homme se balade pr\u00e8s du Parlement britannique avec le drapeau de l\u2019Etat Islamique !","isPartOf":{"@id":"https:\/\/www.webdo.tn\/fr\/#website"},"primaryImageOfPage":{"@id":"https:\/\/www.webdo.tn\/fr\/actualite\/international\/un-homme-se-balade-pres-du-parlement-britannique-avec-le-drapeau-de-letat-islamique\/184067\/#primaryimage"},"image":{"@id":"https:\/\/www.webdo.tn\/fr\/actualite\/international\/un-homme-se-balade-pres-du-parlement-britannique-avec-le-drapeau-de-letat-islamique\/184067\/#primaryimage"},"thumbnailUrl":"https:\/\/www.webdo.tn\/fr\/wp-content\/uploads\/2015\/07\/Daily-Mail-2.jpg","datePublished":"2015-07-06T12:31:00+00:00","description":"Un homme se balade pr\u00e8s du Parlement britannique avec le drapeau de l\u2019Etat Islamique !","breadcrumb":{"@id":"https:\/\/www.webdo.tn\/fr\/actualite\/international\/un-homme-se-balade-pres-du-parlement-britannique-avec-le-drapeau-de-letat-islamique\/184067\/#breadcrumb"},"inLanguage":"fr-FR","potentialAction":[{"@type":"ReadAction","target":["https:\/\/www.webdo.tn\/fr\/actualite\/international\/un-homme-se-balade-pres-du-parlement-britannique-avec-le-drapeau-de-letat-islamique\/184067\/"]}]},{"@type":"ImageObject","inLanguage":"fr-FR","@id":"https:\/\/www.webdo.tn\/fr\/actualite\/international\/un-homme-se-balade-pres-du-parlement-britannique-avec-le-drapeau-de-letat-islamique\/184067\/#primaryimage","url":"https:\/\/www.webdo.tn\/fr\/wp-content\/uploads\/2015\/07\/Daily-Mail-2.jpg","contentUrl":"https:\/\/www.webdo.tn\/fr\/wp-content\/uploads\/2015\/07\/Daily-Mail-2.jpg","width":600,"height":800,"caption":"Un homme se balade pr\u00e8s du Parlement britannique avec le drapeau de l\u2019Etat Islamique !"},{"@type":"BreadcrumbList","@id":"https:\/\/www.webdo.tn\/fr\/actualite\/international\/un-homme-se-balade-pres-du-parlement-britannique-avec-le-drapeau-de-letat-islamique\/184067\/#breadcrumb","itemListElement":[{"@type":"ListItem","position":1,"name":"Accueil","item":"https:\/\/www.webdo.tn\/fr\/"},{"@type":"ListItem","position":2,"name":"Un homme se balade pr\u00e8s du Parlement britannique avec le drapeau de l\u2019Etat Islamique !"}]},{"@type":"WebSite","@id":"https:\/\/www.webdo.tn\/fr\/#website","url":"https:\/\/www.webdo.tn\/fr\/","name":"webdo","description":"Tunisie - News en Tunisie et \u00e0 l&#039;international sur Webdo.tn","publisher":{"@id":"https:\/\/www.webdo.tn\/fr\/#organization"},"potentialAction":[{"@type":"SearchAction","target":{"@type":"EntryPoint","urlTemplate":"https:\/\/www.webdo.tn\/fr\/?s={search_term_string}"},"query-input":{"@type":"PropertyValueSpecification","valueRequired":true,"valueName":"search_term_string"}}],"inLanguage":"fr-FR"},{"@type":"Organization","@id":"https:\/\/www.webdo.tn\/fr\/#organization","name":"Webdo","alternateName":"Webdo.tn","url":"https:\/\/www.webdo.tn\/fr\/","logo":{"@type":"ImageObject","inLanguage":"fr-FR","@id":"https:\/\/www.webdo.tn\/fr\/#\/schema\/logo\/image\/","url":"https:\/\/www.webdo.tn\/fr\/wp-content\/uploads\/2025\/06\/Webdo-Tunisie_168377.jpg","contentUrl":"https:\/\/www.webdo.tn\/fr\/wp-content\/uploads\/2025\/06\/Webdo-Tunisie_168377.jpg","width":301,"height":301,"caption":"Webdo"},"image":{"@id":"https:\/\/www.webdo.tn\/fr\/#\/schema\/logo\/image\/"},"sameAs":["https:\/\/www.facebook.com\/webdotn","https:\/\/x.com\/webdo_tn"],"description":"Webdo est un m\u00e9dia num\u00e9rique tunisien fond\u00e9 en 2010, sp\u00e9cialis\u00e9 dans l\u2019actualit\u00e9 nationale et internationale, l\u2019\u00e9conomie, la soci\u00e9t\u00e9 et les analyses politiques. Le site s\u2019adresse \u00e0 un large public francophone et couvre l\u2019information tunisienne en temps r\u00e9el.","email":"redac@webdo.tn","legalName":"YNJ SARL","foundingDate":"2010-09-06","numberOfEmployees":{"@type":"QuantitativeValue","minValue":"11","maxValue":"50"}},{"@type":"Person","@id":"https:\/\/www.webdo.tn\/fr\/#\/schema\/person\/9a9c6118d687c117df8ef3cc36a4d175","name":"webdo.tn","image":{"@type":"ImageObject","inLanguage":"fr-FR","@id":"https:\/\/secure.gravatar.com\/avatar\/7ce1f28c0c3bbac99ff550b85ef8e44a6950c6ee24514fb6a5489e51d06f0298?s=96&d=mm&r=g","url":"https:\/\/secure.gravatar.com\/avatar\/7ce1f28c0c3bbac99ff550b85ef8e44a6950c6ee24514fb6a5489e51d06f0298?s=96&d=mm&r=g","contentUrl":"https:\/\/secure.gravatar.com\/avatar\/7ce1f28c0c3bbac99ff550b85ef8e44a6950c6ee24514fb6a5489e51d06f0298?s=96&d=mm&r=g","caption":"webdo.tn"},"url":"https:\/\/www.webdo.tn\/fr\/actualite\/author\/webdotn\/"}]}},"_links":{"self":[{"href":"https:\/\/www.webdo.tn\/fr\/wp-json\/wp\/v2\/posts\/184067","targetHints":{"allow":["GET"]}}],"collection":[{"href":"https:\/\/www.webdo.tn\/fr\/wp-json\/wp\/v2\/posts"}],"about":[{"href":"https:\/\/www.webdo.tn\/fr\/wp-json\/wp\/v2\/types\/post"}],"author":[{"embeddable":true,"href":"https:\/\/www.webdo.tn\/fr\/wp-json\/wp\/v2\/users\/3222"}],"replies":[{"embeddable":true,"href":"https:\/\/www.webdo.tn\/fr\/wp-json\/wp\/v2\/comments?post=184067"}],"version-history":[{"count":0,"href":"https:\/\/www.webdo.tn\/fr\/wp-json\/wp\/v2\/posts\/184067\/revisions"}],"wp:featuredmedia":[{"embeddable":true,"href":"https:\/\/www.webdo.tn\/fr\/wp-json\/wp\/v2\/media\/336023"}],"wp:attachment":[{"href":"https:\/\/www.webdo.tn\/fr\/wp-json\/wp\/v2\/media?parent=184067"}],"wp:term":[{"taxonomy":"category","embeddable":true,"href":"https:\/\/www.webdo.tn\/fr\/wp-json\/wp\/v2\/categories?post=184067"},{"taxonomy":"post_tag","embeddable":true,"href":"https:\/\/www.webdo.tn\/fr\/wp-json\/wp\/v2\/tags?post=184067"}],"curies":[{"name":"wp","href":"https:\/\/api.w.org\/{rel}","templated":true}]}}