{"id":184062,"date":"2015-07-09T14:11:00","date_gmt":"2015-07-09T14:11:00","guid":{"rendered":"https:\/\/www.webdo.tn\/fr\/blog\/une-folie-meurtriere-inter-communautaire-touche-lalgerie-22-morts\/184062\/"},"modified":"2025-05-19T10:11:56","modified_gmt":"2025-05-19T10:11:56","slug":"une-folie-meurtriere-inter-communautaire-touche-lalgerie-22-morts","status":"publish","type":"post","link":"https:\/\/www.webdo.tn\/fr\/actualite\/international\/une-folie-meurtriere-inter-communautaire-touche-lalgerie-22-morts\/184062\/","title":{"rendered":"Une folie meurtri\u00e8re inter-communautaire touche l\u2019Alg\u00e9rie : 22 morts"},"content":{"rendered":"<p>Des affrontements communautaires entre berb\u00e8res et arabes ont fait un triste bilan de 22 morts et d\u2019une trentaine de bless\u00e9s dans la r\u00e9gion de Gharda\u00efa au sud de l\u2019Alg\u00e9rie. Les hostilit\u00e9s avaient d\u00e9but\u00e9 mardi 7 juillet et dur\u00e9 72 heures notamment \u00e0 cause de conflits fonciers et religieux.<br \/>\nOrigine des conflits<br \/>\nLes heurts avaient d\u00e9but\u00e9 en 2013 opposant les Mozabites (Berb\u00e8res) aux Mal\u00e9kites (Arabes cha\u00e2mbas) malgr\u00e9 leur cohabitation depuis des si\u00e8cles. Selon des sources locales, les Mal\u00e9kites reprochaient ainsi aux berb\u00e8res une pratique erron\u00e9e de la religion musulmane, de leur c\u00f4t\u00e9 les Mozabites bl\u00e2maient leur ennemis pour une prise \u00ab de gr\u00e9 ou de force \u00bb de leur terre.<br \/>\nR\u00e9action attendue du gouvernement<br \/>\nSuite \u00e0 une manifestation de dizaines de mozabites devant la maison de la presse \u00e0 Alger pour marquer leur m\u00e9contentement vis-\u00e0-vis du gouvernement, le pr\u00e9sident alg\u00e9rien Abdelaziz Bouteflika a ,selon les m\u00e9dias alg\u00e9riens, pr\u00e9sid\u00e9 une r\u00e9union d\u2019urgence mercredi pour r\u00e9soudre ces conflits et ramener la vie normale \u00e0 la r\u00e9gion de Gharda\u00efa.<\/p>\n","protected":false},"excerpt":{"rendered":"<p>Une folie meurtri\u00e8re inter-communautaire touche l\u2019Alg\u00e9rie : 22 morts<\/p>\n","protected":false},"author":3222,"featured_media":317780,"comment_status":"open","ping_status":"closed","sticky":false,"template":"","format":"standard","meta":{"footnotes":""},"categories":[2598],"tags":[2600],"class_list":["post-184062","post","type-post","status-publish","format-standard","has-post-thumbnail","hentry","category-international","tag-guerre"],"yoast_head":"<!-- This site is optimized with the Yoast SEO Premium plugin v27.5 (Yoast SEO v27.5) - https:\/\/yoast.com\/product\/yoast-seo-premium-wordpress\/ -->\n<title>Une folie meurtri\u00e8re inter-communautaire touche l\u2019Alg\u00e9rie : 22 morts<\/title>\n<meta name=\"description\" content=\"Une folie meurtri\u00e8re inter-communautaire touche l\u2019Alg\u00e9rie : 22 morts\" \/>\n<link rel=\"canonical\" href=\"https:\/\/www.webdo.tn\/fr\/actualite\/international\/une-folie-meurtriere-inter-communautaire-touche-lalgerie-22-morts\/184062\/\" \/>\n<meta property=\"og:locale\" content=\"fr_FR\" \/>\n<meta property=\"og:type\" content=\"article\" \/>\n<meta property=\"og:title\" content=\"Une folie meurtri\u00e8re inter-communautaire touche l\u2019Alg\u00e9rie : 22 morts\" \/>\n<meta property=\"og:description\" content=\"Une folie meurtri\u00e8re inter-communautaire touche l\u2019Alg\u00e9rie : 22 morts\" \/>\n<meta property=\"og:url\" content=\"https:\/\/www.webdo.tn\/fr\/actualite\/international\/une-folie-meurtriere-inter-communautaire-touche-lalgerie-22-morts\/184062\/\" \/>\n<meta property=\"og:site_name\" content=\"webdo\" \/>\n<meta property=\"article:publisher\" content=\"https:\/\/www.facebook.com\/webdotn\" \/>\n<meta property=\"article:published_time\" content=\"2015-07-09T14:11:00+00:00\" \/>\n<meta property=\"article:modified_time\" content=\"2025-05-19T10:11:56+00:00\" \/>\n<meta property=\"og:image\" content=\"https:\/\/www.webdo.tn\/fr\/wp-content\/uploads\/2015\/07\/Algerie-300x169-1.jpg\" \/>\n\t<meta property=\"og:image:width\" content=\"300\" \/>\n\t<meta property=\"og:image:height\" content=\"169\" \/>\n\t<meta property=\"og:image:type\" content=\"image\/jpeg\" \/>\n<meta name=\"author\" content=\"webdo.tn\" \/>\n<meta name=\"twitter:card\" content=\"summary_large_image\" \/>\n<meta name=\"twitter:creator\" content=\"@webdo_tn\" \/>\n<meta name=\"twitter:site\" content=\"@webdo_tn\" \/>\n<meta name=\"twitter:label1\" content=\"\u00c9crit par\" \/>\n\t<meta name=\"twitter:data1\" content=\"webdo.tn\" \/>\n\t<meta name=\"twitter:label2\" content=\"Dur\u00e9e de lecture estim\u00e9e\" \/>\n\t<meta name=\"twitter:data2\" content=\"1 minute\" \/>\n<script type=\"application\/ld+json\" class=\"yoast-schema-graph\">{\"@context\":\"https:\\\/\\\/schema.org\",\"@graph\":[{\"@type\":\"NewsArticle\",\"@id\":\"https:\\\/\\\/www.webdo.tn\\\/fr\\\/actualite\\\/international\\\/une-folie-meurtriere-inter-communautaire-touche-lalgerie-22-morts\\\/184062\\\/#article\",\"isPartOf\":{\"@id\":\"https:\\\/\\\/www.webdo.tn\\\/fr\\\/actualite\\\/international\\\/une-folie-meurtriere-inter-communautaire-touche-lalgerie-22-morts\\\/184062\\\/\"},\"author\":{\"name\":\"webdo.tn\",\"@id\":\"https:\\\/\\\/www.webdo.tn\\\/fr\\\/#\\\/schema\\\/person\\\/9a9c6118d687c117df8ef3cc36a4d175\"},\"headline\":\"Une folie meurtri\u00e8re inter-communautaire touche l\u2019Alg\u00e9rie : 22 morts\",\"datePublished\":\"2015-07-09T14:11:00+00:00\",\"dateModified\":\"2025-05-19T10:11:56+00:00\",\"mainEntityOfPage\":{\"@id\":\"https:\\\/\\\/www.webdo.tn\\\/fr\\\/actualite\\\/international\\\/une-folie-meurtriere-inter-communautaire-touche-lalgerie-22-morts\\\/184062\\\/\"},\"wordCount\":197,\"commentCount\":0,\"publisher\":{\"@id\":\"https:\\\/\\\/www.webdo.tn\\\/fr\\\/#organization\"},\"image\":{\"@id\":\"https:\\\/\\\/www.webdo.tn\\\/fr\\\/actualite\\\/international\\\/une-folie-meurtriere-inter-communautaire-touche-lalgerie-22-morts\\\/184062\\\/#primaryimage\"},\"thumbnailUrl\":\"https:\\\/\\\/www.webdo.tn\\\/fr\\\/wp-content\\\/uploads\\\/2015\\\/07\\\/Algerie-300x169-1.jpg\",\"keywords\":[\"guerre\"],\"articleSection\":[\"International\"],\"inLanguage\":\"fr-FR\"},{\"@type\":\"WebPage\",\"@id\":\"https:\\\/\\\/www.webdo.tn\\\/fr\\\/actualite\\\/international\\\/une-folie-meurtriere-inter-communautaire-touche-lalgerie-22-morts\\\/184062\\\/\",\"url\":\"https:\\\/\\\/www.webdo.tn\\\/fr\\\/actualite\\\/international\\\/une-folie-meurtriere-inter-communautaire-touche-lalgerie-22-morts\\\/184062\\\/\",\"name\":\"Une folie meurtri\u00e8re inter-communautaire touche l\u2019Alg\u00e9rie : 22 morts\",\"isPartOf\":{\"@id\":\"https:\\\/\\\/www.webdo.tn\\\/fr\\\/#website\"},\"primaryImageOfPage\":{\"@id\":\"https:\\\/\\\/www.webdo.tn\\\/fr\\\/actualite\\\/international\\\/une-folie-meurtriere-inter-communautaire-touche-lalgerie-22-morts\\\/184062\\\/#primaryimage\"},\"image\":{\"@id\":\"https:\\\/\\\/www.webdo.tn\\\/fr\\\/actualite\\\/international\\\/une-folie-meurtriere-inter-communautaire-touche-lalgerie-22-morts\\\/184062\\\/#primaryimage\"},\"thumbnailUrl\":\"https:\\\/\\\/www.webdo.tn\\\/fr\\\/wp-content\\\/uploads\\\/2015\\\/07\\\/Algerie-300x169-1.jpg\",\"datePublished\":\"2015-07-09T14:11:00+00:00\",\"dateModified\":\"2025-05-19T10:11:56+00:00\",\"description\":\"Une folie meurtri\u00e8re inter-communautaire touche l\u2019Alg\u00e9rie : 22 morts\",\"breadcrumb\":{\"@id\":\"https:\\\/\\\/www.webdo.tn\\\/fr\\\/actualite\\\/international\\\/une-folie-meurtriere-inter-communautaire-touche-lalgerie-22-morts\\\/184062\\\/#breadcrumb\"},\"inLanguage\":\"fr-FR\",\"potentialAction\":[{\"@type\":\"ReadAction\",\"target\":[\"https:\\\/\\\/www.webdo.tn\\\/fr\\\/actualite\\\/international\\\/une-folie-meurtriere-inter-communautaire-touche-lalgerie-22-morts\\\/184062\\\/\"]}]},{\"@type\":\"ImageObject\",\"inLanguage\":\"fr-FR\",\"@id\":\"https:\\\/\\\/www.webdo.tn\\\/fr\\\/actualite\\\/international\\\/une-folie-meurtriere-inter-communautaire-touche-lalgerie-22-morts\\\/184062\\\/#primaryimage\",\"url\":\"https:\\\/\\\/www.webdo.tn\\\/fr\\\/wp-content\\\/uploads\\\/2015\\\/07\\\/Algerie-300x169-1.jpg\",\"contentUrl\":\"https:\\\/\\\/www.webdo.tn\\\/fr\\\/wp-content\\\/uploads\\\/2015\\\/07\\\/Algerie-300x169-1.jpg\",\"width\":300,\"height\":169,\"caption\":\"Une folie meurtri\u00e8re inter-communautaire touche l\u2019Alg\u00e9rie : 22 morts\"},{\"@type\":\"BreadcrumbList\",\"@id\":\"https:\\\/\\\/www.webdo.tn\\\/fr\\\/actualite\\\/international\\\/une-folie-meurtriere-inter-communautaire-touche-lalgerie-22-morts\\\/184062\\\/#breadcrumb\",\"itemListElement\":[{\"@type\":\"ListItem\",\"position\":1,\"name\":\"Accueil\",\"item\":\"https:\\\/\\\/www.webdo.tn\\\/fr\\\/\"},{\"@type\":\"ListItem\",\"position\":2,\"name\":\"Une folie meurtri\u00e8re inter-communautaire touche l\u2019Alg\u00e9rie : 22 morts\"}]},{\"@type\":\"WebSite\",\"@id\":\"https:\\\/\\\/www.webdo.tn\\\/fr\\\/#website\",\"url\":\"https:\\\/\\\/www.webdo.tn\\\/fr\\\/\",\"name\":\"webdo\",\"description\":\"Tunisie - News en Tunisie et \u00e0 l&#039;international sur Webdo.tn\",\"publisher\":{\"@id\":\"https:\\\/\\\/www.webdo.tn\\\/fr\\\/#organization\"},\"potentialAction\":[{\"@type\":\"SearchAction\",\"target\":{\"@type\":\"EntryPoint\",\"urlTemplate\":\"https:\\\/\\\/www.webdo.tn\\\/fr\\\/?s={search_term_string}\"},\"query-input\":{\"@type\":\"PropertyValueSpecification\",\"valueRequired\":true,\"valueName\":\"search_term_string\"}}],\"inLanguage\":\"fr-FR\"},{\"@type\":\"Organization\",\"@id\":\"https:\\\/\\\/www.webdo.tn\\\/fr\\\/#organization\",\"name\":\"Webdo\",\"alternateName\":\"Webdo.tn\",\"url\":\"https:\\\/\\\/www.webdo.tn\\\/fr\\\/\",\"logo\":{\"@type\":\"ImageObject\",\"inLanguage\":\"fr-FR\",\"@id\":\"https:\\\/\\\/www.webdo.tn\\\/fr\\\/#\\\/schema\\\/logo\\\/image\\\/\",\"url\":\"https:\\\/\\\/www.webdo.tn\\\/fr\\\/wp-content\\\/uploads\\\/2025\\\/06\\\/Webdo-Tunisie_168377.jpg\",\"contentUrl\":\"https:\\\/\\\/www.webdo.tn\\\/fr\\\/wp-content\\\/uploads\\\/2025\\\/06\\\/Webdo-Tunisie_168377.jpg\",\"width\":301,\"height\":301,\"caption\":\"Webdo\"},\"image\":{\"@id\":\"https:\\\/\\\/www.webdo.tn\\\/fr\\\/#\\\/schema\\\/logo\\\/image\\\/\"},\"sameAs\":[\"https:\\\/\\\/www.facebook.com\\\/webdotn\",\"https:\\\/\\\/x.com\\\/webdo_tn\"],\"description\":\"Webdo est un m\u00e9dia num\u00e9rique tunisien fond\u00e9 en 2010, sp\u00e9cialis\u00e9 dans l\u2019actualit\u00e9 nationale et internationale, l\u2019\u00e9conomie, la soci\u00e9t\u00e9 et les analyses politiques. Le site s\u2019adresse \u00e0 un large public francophone et couvre l\u2019information tunisienne en temps r\u00e9el.\",\"email\":\"redac@webdo.tn\",\"legalName\":\"YNJ SARL\",\"foundingDate\":\"2010-09-06\",\"numberOfEmployees\":{\"@type\":\"QuantitativeValue\",\"minValue\":\"11\",\"maxValue\":\"50\"}},{\"@type\":\"Person\",\"@id\":\"https:\\\/\\\/www.webdo.tn\\\/fr\\\/#\\\/schema\\\/person\\\/9a9c6118d687c117df8ef3cc36a4d175\",\"name\":\"webdo.tn\",\"image\":{\"@type\":\"ImageObject\",\"inLanguage\":\"fr-FR\",\"@id\":\"https:\\\/\\\/secure.gravatar.com\\\/avatar\\\/7ce1f28c0c3bbac99ff550b85ef8e44a6950c6ee24514fb6a5489e51d06f0298?s=96&d=mm&r=g\",\"url\":\"https:\\\/\\\/secure.gravatar.com\\\/avatar\\\/7ce1f28c0c3bbac99ff550b85ef8e44a6950c6ee24514fb6a5489e51d06f0298?s=96&d=mm&r=g\",\"contentUrl\":\"https:\\\/\\\/secure.gravatar.com\\\/avatar\\\/7ce1f28c0c3bbac99ff550b85ef8e44a6950c6ee24514fb6a5489e51d06f0298?s=96&d=mm&r=g\",\"caption\":\"webdo.tn\"},\"url\":\"https:\\\/\\\/www.webdo.tn\\\/fr\\\/actualite\\\/author\\\/webdotn\\\/\"}]}<\/script>\n<!-- \/ Yoast SEO Premium plugin. -->","yoast_head_json":{"title":"Une folie meurtri\u00e8re inter-communautaire touche l\u2019Alg\u00e9rie : 22 morts","description":"Une folie meurtri\u00e8re inter-communautaire touche l\u2019Alg\u00e9rie : 22 morts","canonical":"https:\/\/www.webdo.tn\/fr\/actualite\/international\/une-folie-meurtriere-inter-communautaire-touche-lalgerie-22-morts\/184062\/","og_locale":"fr_FR","og_type":"article","og_title":"Une folie meurtri\u00e8re inter-communautaire touche l\u2019Alg\u00e9rie : 22 morts","og_description":"Une folie meurtri\u00e8re inter-communautaire touche l\u2019Alg\u00e9rie : 22 morts","og_url":"https:\/\/www.webdo.tn\/fr\/actualite\/international\/une-folie-meurtriere-inter-communautaire-touche-lalgerie-22-morts\/184062\/","og_site_name":"webdo","article_publisher":"https:\/\/www.facebook.com\/webdotn","article_published_time":"2015-07-09T14:11:00+00:00","article_modified_time":"2025-05-19T10:11:56+00:00","og_image":[{"width":300,"height":169,"url":"https:\/\/www.webdo.tn\/fr\/wp-content\/uploads\/2015\/07\/Algerie-300x169-1.jpg","type":"image\/jpeg"}],"author":"webdo.tn","twitter_card":"summary_large_image","twitter_creator":"@webdo_tn","twitter_site":"@webdo_tn","twitter_misc":{"\u00c9crit par":"webdo.tn","Dur\u00e9e de lecture estim\u00e9e":"1 minute"},"schema":{"@context":"https:\/\/schema.org","@graph":[{"@type":"NewsArticle","@id":"https:\/\/www.webdo.tn\/fr\/actualite\/international\/une-folie-meurtriere-inter-communautaire-touche-lalgerie-22-morts\/184062\/#article","isPartOf":{"@id":"https:\/\/www.webdo.tn\/fr\/actualite\/international\/une-folie-meurtriere-inter-communautaire-touche-lalgerie-22-morts\/184062\/"},"author":{"name":"webdo.tn","@id":"https:\/\/www.webdo.tn\/fr\/#\/schema\/person\/9a9c6118d687c117df8ef3cc36a4d175"},"headline":"Une folie meurtri\u00e8re inter-communautaire touche l\u2019Alg\u00e9rie : 22 morts","datePublished":"2015-07-09T14:11:00+00:00","dateModified":"2025-05-19T10:11:56+00:00","mainEntityOfPage":{"@id":"https:\/\/www.webdo.tn\/fr\/actualite\/international\/une-folie-meurtriere-inter-communautaire-touche-lalgerie-22-morts\/184062\/"},"wordCount":197,"commentCount":0,"publisher":{"@id":"https:\/\/www.webdo.tn\/fr\/#organization"},"image":{"@id":"https:\/\/www.webdo.tn\/fr\/actualite\/international\/une-folie-meurtriere-inter-communautaire-touche-lalgerie-22-morts\/184062\/#primaryimage"},"thumbnailUrl":"https:\/\/www.webdo.tn\/fr\/wp-content\/uploads\/2015\/07\/Algerie-300x169-1.jpg","keywords":["guerre"],"articleSection":["International"],"inLanguage":"fr-FR"},{"@type":"WebPage","@id":"https:\/\/www.webdo.tn\/fr\/actualite\/international\/une-folie-meurtriere-inter-communautaire-touche-lalgerie-22-morts\/184062\/","url":"https:\/\/www.webdo.tn\/fr\/actualite\/international\/une-folie-meurtriere-inter-communautaire-touche-lalgerie-22-morts\/184062\/","name":"Une folie meurtri\u00e8re inter-communautaire touche l\u2019Alg\u00e9rie : 22 morts","isPartOf":{"@id":"https:\/\/www.webdo.tn\/fr\/#website"},"primaryImageOfPage":{"@id":"https:\/\/www.webdo.tn\/fr\/actualite\/international\/une-folie-meurtriere-inter-communautaire-touche-lalgerie-22-morts\/184062\/#primaryimage"},"image":{"@id":"https:\/\/www.webdo.tn\/fr\/actualite\/international\/une-folie-meurtriere-inter-communautaire-touche-lalgerie-22-morts\/184062\/#primaryimage"},"thumbnailUrl":"https:\/\/www.webdo.tn\/fr\/wp-content\/uploads\/2015\/07\/Algerie-300x169-1.jpg","datePublished":"2015-07-09T14:11:00+00:00","dateModified":"2025-05-19T10:11:56+00:00","description":"Une folie meurtri\u00e8re inter-communautaire touche l\u2019Alg\u00e9rie : 22 morts","breadcrumb":{"@id":"https:\/\/www.webdo.tn\/fr\/actualite\/international\/une-folie-meurtriere-inter-communautaire-touche-lalgerie-22-morts\/184062\/#breadcrumb"},"inLanguage":"fr-FR","potentialAction":[{"@type":"ReadAction","target":["https:\/\/www.webdo.tn\/fr\/actualite\/international\/une-folie-meurtriere-inter-communautaire-touche-lalgerie-22-morts\/184062\/"]}]},{"@type":"ImageObject","inLanguage":"fr-FR","@id":"https:\/\/www.webdo.tn\/fr\/actualite\/international\/une-folie-meurtriere-inter-communautaire-touche-lalgerie-22-morts\/184062\/#primaryimage","url":"https:\/\/www.webdo.tn\/fr\/wp-content\/uploads\/2015\/07\/Algerie-300x169-1.jpg","contentUrl":"https:\/\/www.webdo.tn\/fr\/wp-content\/uploads\/2015\/07\/Algerie-300x169-1.jpg","width":300,"height":169,"caption":"Une folie meurtri\u00e8re inter-communautaire touche l\u2019Alg\u00e9rie : 22 morts"},{"@type":"BreadcrumbList","@id":"https:\/\/www.webdo.tn\/fr\/actualite\/international\/une-folie-meurtriere-inter-communautaire-touche-lalgerie-22-morts\/184062\/#breadcrumb","itemListElement":[{"@type":"ListItem","position":1,"name":"Accueil","item":"https:\/\/www.webdo.tn\/fr\/"},{"@type":"ListItem","position":2,"name":"Une folie meurtri\u00e8re inter-communautaire touche l\u2019Alg\u00e9rie : 22 morts"}]},{"@type":"WebSite","@id":"https:\/\/www.webdo.tn\/fr\/#website","url":"https:\/\/www.webdo.tn\/fr\/","name":"webdo","description":"Tunisie - News en Tunisie et \u00e0 l&#039;international sur Webdo.tn","publisher":{"@id":"https:\/\/www.webdo.tn\/fr\/#organization"},"potentialAction":[{"@type":"SearchAction","target":{"@type":"EntryPoint","urlTemplate":"https:\/\/www.webdo.tn\/fr\/?s={search_term_string}"},"query-input":{"@type":"PropertyValueSpecification","valueRequired":true,"valueName":"search_term_string"}}],"inLanguage":"fr-FR"},{"@type":"Organization","@id":"https:\/\/www.webdo.tn\/fr\/#organization","name":"Webdo","alternateName":"Webdo.tn","url":"https:\/\/www.webdo.tn\/fr\/","logo":{"@type":"ImageObject","inLanguage":"fr-FR","@id":"https:\/\/www.webdo.tn\/fr\/#\/schema\/logo\/image\/","url":"https:\/\/www.webdo.tn\/fr\/wp-content\/uploads\/2025\/06\/Webdo-Tunisie_168377.jpg","contentUrl":"https:\/\/www.webdo.tn\/fr\/wp-content\/uploads\/2025\/06\/Webdo-Tunisie_168377.jpg","width":301,"height":301,"caption":"Webdo"},"image":{"@id":"https:\/\/www.webdo.tn\/fr\/#\/schema\/logo\/image\/"},"sameAs":["https:\/\/www.facebook.com\/webdotn","https:\/\/x.com\/webdo_tn"],"description":"Webdo est un m\u00e9dia num\u00e9rique tunisien fond\u00e9 en 2010, sp\u00e9cialis\u00e9 dans l\u2019actualit\u00e9 nationale et internationale, l\u2019\u00e9conomie, la soci\u00e9t\u00e9 et les analyses politiques. Le site s\u2019adresse \u00e0 un large public francophone et couvre l\u2019information tunisienne en temps r\u00e9el.","email":"redac@webdo.tn","legalName":"YNJ SARL","foundingDate":"2010-09-06","numberOfEmployees":{"@type":"QuantitativeValue","minValue":"11","maxValue":"50"}},{"@type":"Person","@id":"https:\/\/www.webdo.tn\/fr\/#\/schema\/person\/9a9c6118d687c117df8ef3cc36a4d175","name":"webdo.tn","image":{"@type":"ImageObject","inLanguage":"fr-FR","@id":"https:\/\/secure.gravatar.com\/avatar\/7ce1f28c0c3bbac99ff550b85ef8e44a6950c6ee24514fb6a5489e51d06f0298?s=96&d=mm&r=g","url":"https:\/\/secure.gravatar.com\/avatar\/7ce1f28c0c3bbac99ff550b85ef8e44a6950c6ee24514fb6a5489e51d06f0298?s=96&d=mm&r=g","contentUrl":"https:\/\/secure.gravatar.com\/avatar\/7ce1f28c0c3bbac99ff550b85ef8e44a6950c6ee24514fb6a5489e51d06f0298?s=96&d=mm&r=g","caption":"webdo.tn"},"url":"https:\/\/www.webdo.tn\/fr\/actualite\/author\/webdotn\/"}]}},"_links":{"self":[{"href":"https:\/\/www.webdo.tn\/fr\/wp-json\/wp\/v2\/posts\/184062","targetHints":{"allow":["GET"]}}],"collection":[{"href":"https:\/\/www.webdo.tn\/fr\/wp-json\/wp\/v2\/posts"}],"about":[{"href":"https:\/\/www.webdo.tn\/fr\/wp-json\/wp\/v2\/types\/post"}],"author":[{"embeddable":true,"href":"https:\/\/www.webdo.tn\/fr\/wp-json\/wp\/v2\/users\/3222"}],"replies":[{"embeddable":true,"href":"https:\/\/www.webdo.tn\/fr\/wp-json\/wp\/v2\/comments?post=184062"}],"version-history":[{"count":0,"href":"https:\/\/www.webdo.tn\/fr\/wp-json\/wp\/v2\/posts\/184062\/revisions"}],"wp:featuredmedia":[{"embeddable":true,"href":"https:\/\/www.webdo.tn\/fr\/wp-json\/wp\/v2\/media\/317780"}],"wp:attachment":[{"href":"https:\/\/www.webdo.tn\/fr\/wp-json\/wp\/v2\/media?parent=184062"}],"wp:term":[{"taxonomy":"category","embeddable":true,"href":"https:\/\/www.webdo.tn\/fr\/wp-json\/wp\/v2\/categories?post=184062"},{"taxonomy":"post_tag","embeddable":true,"href":"https:\/\/www.webdo.tn\/fr\/wp-json\/wp\/v2\/tags?post=184062"}],"curies":[{"name":"wp","href":"https:\/\/api.w.org\/{rel}","templated":true}]}}