{"id":184061,"date":"2015-07-10T16:06:00","date_gmt":"2015-07-10T16:06:00","guid":{"rendered":"https:\/\/www.webdo.tn\/fr\/blog\/des-experts-de-lonu-appellent-a-des-mesures-urgentes-pour-arreter-le-flux-de-combattants-etrangers-de-tunisie\/184061\/"},"modified":"2025-05-18T22:09:51","modified_gmt":"2025-05-18T22:09:51","slug":"des-experts-de-lonu-appellent-a-des-mesures-urgentes-pour-arreter-le-flux-de-combattants-etrangers-de-tunisie","status":"publish","type":"post","link":"https:\/\/www.webdo.tn\/fr\/actualite\/international\/des-experts-de-lonu-appellent-a-des-mesures-urgentes-pour-arreter-le-flux-de-combattants-etrangers-de-tunisie\/184061\/","title":{"rendered":"Des experts de l\u2019ONU appellent \u00e0 des mesures urgentes pour arr\u00eater le flux de combattants \u00e9trangers de Tunisie"},"content":{"rendered":"<p>Une d\u00e9l\u00e9gation du groupe de travail compos\u00e9 par des experts des Nations Unies sur l&rsquo;utilisation des mercenaires s&rsquo;est rendu en Tunisie du 1er au 8 juillet pour recueillir des informations sur les activit\u00e9s de combattants \u00e9trangers dans le pays.<\/p>\n<p>Apr\u00e8s cette collecte des informations, le groupe a averti aujourd&rsquo;hui que des r\u00e9seaux complexes de recrutement et de voyage ont enr\u00f4l\u00e9 des milliers de tunisiens, hommes et femmes ainsi que des familles enti\u00e8res pour participer aux combats en Syrie et en Irak. La plupart des combattants auraient rejoint les groupes \u00ab\u00a0takfiri\u00a0\u00bb et d&rsquo;autres groupes extr\u00e9mistes \u00e0 l&rsquo;\u00e9tranger.<br \/>\n4000 Tunisiens en Syrie, entre 1000 et 1500 en Libye<br \/>\nL&rsquo;experte des droits de l&rsquo;homme au sein de ce groupe, Mme Elzbieta Karska, a d\u00e9clar\u00e9 que \u00ab\u00a0le nombre de combattants \u00e9trangers tunisiens est l&rsquo;un des plus \u00e9lev\u00e9s parmi ceux qui voyagent pour rejoindre les conflits \u00e0 l&rsquo;\u00e9tranger tels qu\u2019en Syrie et en Irak\u00a0\u00bb, pr\u00e9cisant qu&rsquo;environ 4000 Tunisiens ont rejoint la Syrie depuis 2011 et qu&rsquo;entre 1000 et 1500 sont en Libye. Il existe \u00e9galement\u00a0200 Tunisiens en Irak, 60 au Mali et 50 au Y\u00e9men, ajoutant qu&rsquo;il y a 625 Tunisiens qui sont rentr\u00e9s d&rsquo;Irak et qui sont poursuivis en justice.<\/p>\n<p>Rafik Chelli, secr\u00e9taire d\u2019Etat aupr\u00e8s du ministre de l\u2019Int\u00e9rieur, en charge de la s\u00fbret\u00e9, a r\u00e9v\u00e9l\u00e9, lundi 20 avril, lors d\u2019une conf\u00e9rence de presse, que le nombre de Tunisiens ayant rejoint les groupes terroristes en Syrie et en Irak se situe entre 2800 et 3000 personnes rajoutant que les autorit\u00e9s ont r\u00e9ussi \u00e0 emp\u00eacher environ 12.000 jeunes en partance pour la Libye et la Syrie et que\u00a0\u00a0500 djihadistes tunisiens de Daech revenus en Tunisie\u00a0ont \u00e9t\u00e9 traduits devant la justice.<br \/>\nLes recruteurs pay\u00e9s entre 3000 et 10.000 $ selon les qualifications de la recrue<br \/>\nUn vaste r\u00e9seau serait derri\u00e8re le recrutement des combattants et leur d\u00e9part vers les zones de conflit \u00e0 l&rsquo;instar de la Syrie et de la Libye. La difficult\u00e9 de contr\u00f4ler les fronti\u00e8res ainsi que les zones dans lesquelles existent la traite des personnes et la contrebande ont facilit\u00e9 la t\u00e2che des recruteurs.<\/p>\n<p>Selon Elzbieta Karkska, \u00ab\u00a0les recruteurs dans ces r\u00e9seaux sont bien pay\u00e9s, un chiffre donn\u00e9 est de l\u2019ordre de US$ 3000 \u00e0 US$ 10000\u00a0 par nouvelle recrue, selon les qualifications de la personne\u00a0\u00bb.\u00a0<br \/>\nL&rsquo;instabilit\u00e9 en Libye facteur cl\u00e9 au d\u00e9part des combattants Tunisiens<br \/>\nLa situation s\u00e9curitaire en Libye et l&rsquo;instabilit\u00e9 qui r\u00e8gne depuis la chute de Kadhafi en 2011 seraient les facteurs cl\u00e9s de l&rsquo;augmentation du nombre de combattants tunisiens dont la tranche d&rsquo;age varie entre 18 et 35 ans et qui sont motiv\u00e9s par les id\u00e9ologies religieuses, les gains financiers, les conditions \u00e9conomiques et sociales ainsi que le fait d&rsquo;avoir un but et un sentiment d&rsquo;appartenance.<\/p>\n<p>Des femmes seraient \u00e9galement parties rejoindre leurs maris ou partenaires affirme l&rsquo;experte du groupe de travail, et que des familles enti\u00e8res se d\u00e9placent incessamment vers les zones de conflit.<br \/>\n[quote_box_center]\u00a0\u00bbOn nous a racont\u00e9 \u00e0 plusieurs reprises que de nombreux combattants \u00e9trangers suivent un entrainement en Libye avant d&rsquo;aller en Syrie et que l&rsquo;instabilit\u00e9 en Libye a facilit\u00e9 de nombreuses activit\u00e9s de soutien expliquant la croissance du nombre de combattants \u00e9trangers, leur entrainement et leur voyage. La r\u00e9solution du conflit et la solution politique en Libye seraient donc tr\u00e8s favorables aux efforts antiterroristes de la Tunisie.\u00a0\u00bb[\/quote_box_center]<br \/>\nLes auteurs de l&rsquo;attaque du Bardo en mars dernier ainsi que l&rsquo;auteur de l&rsquo;attaque de Sousse le 26 juin dernier se seraient entra\u00een\u00e9s en Libye avant de commettre leurs crimes.\u00a0Selon un responsable tunisien, Seifeddine Rezgui, auteur de l&rsquo;attaque de Sousse,\u00a0\u00e9tait en contact avec des terroristes en Libye et s\u2019est probablement entra\u00een\u00e9 dans un camp libyen.<\/p>\n<p>Suite \u00e0 cette attaque le minist\u00e8re de l&rsquo;Int\u00e9rieur tunisien a lanc\u00e9 de nombreux avis de recherche.\u00a0Deux personnes recherch\u00e9es sont soup\u00e7onn\u00e9es de s\u2019\u00eatre entra\u00een\u00e9es en Libye avec les auteurs de l\u2019attaque du Bardo, en mars, et avec Seifeddine Rezgui, l\u2019auteur de l\u2019attaque de Sousse.<br \/>\nAppel au gouvernement tunisien d&rsquo;adopter un plan strat\u00e9gique<br \/>\nLe groupe de travail des Nations Unies qui a pass\u00e9 8 jours en Tunisie a tenu des r\u00e9unions \u00e0 Tunis et \u00e0 Monastir, visitant \u00e9galement la prison de la Mornaguia et rencontrant de nombreux responsables tunisiens et des familles ayant des membres qui ont rejoint les zones de conflits \u00e0 l&rsquo;\u00e9tranger.<br \/>\n[quote_box_center]\u00a0\u00bbUn plan strat\u00e9gique national doit donc r\u00e9pondre \u00e0 la diversit\u00e9 des profils et des m\u00e9thodes de recrutement et avoir des effets imm\u00e9diats, \u00e0 moyen et long terme, tout en veillant \u00e0 l\u2019\u00e9quilibre entre les mesures punitives et sociales et s\u2019assurant de l\u2019adoption des standards internationaux des droits de l&rsquo;homme et de tous ses \u00e9l\u00e9ments\u00a0\u00bb, a d\u00e9clar\u00e9 l\u2019experte Elzbieta Karska.[\/quote_box_center]<br \/>\nIntervenant jeudi 9 juillet \u00e0 l&rsquo;ARP,\u00a0le chef du gouvernement Habib Essid a d\u00e9clar\u00e9 que le gouvernement\u00a0attend encore la loi anti-terroriste dont l&rsquo;assembl\u00e9e s&rsquo;est engag\u00e9e \u00e0 l&rsquo;adopter avant le 25 Juillet.<\/p>\n<p>Des restrictions de voyage jug\u00e9es \u00ab\u00a0arbitraires\u00a0\u00bb ont \u00e9t\u00e9 impos\u00e9es aux Tunisiens de moins de 35 ans suite \u00e0 l&rsquo;attaque terroriste de Sousse. Une d\u00e9cision d\u00e9nonc\u00e9e par l\u2019organisation Human Rights Watch.<\/p>\n<p>Par ailleurs le gouvernement a annonc\u00e9\u00a0la construction d\u2019un mur \u00e0 la fronti\u00e8re libyenne pour pr\u00e9venir une \u00e9ventuelle infiltration de jihadistes dans son territoire.<\/p>\n<p>Un rapport complet sur la visite du groupe de travail sur sa visite en Tunisie sera pr\u00e9sent\u00e9 au Conseil des Droits de l&rsquo;Homme en 2016. Le premier rapport sur la question des combattants \u00e9trangers sera quant \u00e0 lui pr\u00e9sent\u00e9 plus tard cette ann\u00e9e \u00e0 l&rsquo;Assembl\u00e9e g\u00e9n\u00e9rale des Nations Unies.<\/p>\n","protected":false},"excerpt":{"rendered":"<p>Des experts de l\u2019ONU appellent \u00e0 des mesures urgentes pour arr\u00eater le flux de combattants \u00e9trangers de Tunisie<\/p>\n","protected":false},"author":3222,"featured_media":317762,"comment_status":"open","ping_status":"closed","sticky":false,"template":"","format":"standard","meta":{"footnotes":""},"categories":[2598],"tags":[2600],"class_list":["post-184061","post","type-post","status-publish","format-standard","has-post-thumbnail","hentry","category-international","tag-guerre"],"yoast_head":"<!-- This site is optimized with the Yoast SEO Premium plugin v27.5 (Yoast SEO v27.5) - https:\/\/yoast.com\/product\/yoast-seo-premium-wordpress\/ -->\n<title>Des experts de l\u2019ONU appellent \u00e0 des mesures urgentes pour arr\u00eater le flux de combattants \u00e9trangers de Tunisie<\/title>\n<meta name=\"description\" content=\"Des experts de l\u2019ONU appellent \u00e0 des mesures urgentes pour arr\u00eater le flux de combattants \u00e9trangers de Tunisie\" \/>\n<link rel=\"canonical\" href=\"https:\/\/www.webdo.tn\/fr\/actualite\/international\/des-experts-de-lonu-appellent-a-des-mesures-urgentes-pour-arreter-le-flux-de-combattants-etrangers-de-tunisie\/184061\/\" \/>\n<meta property=\"og:locale\" content=\"fr_FR\" \/>\n<meta property=\"og:type\" content=\"article\" \/>\n<meta property=\"og:title\" content=\"Des experts de l\u2019ONU appellent \u00e0 des mesures urgentes pour arr\u00eater le flux de combattants \u00e9trangers de Tunisie\" \/>\n<meta property=\"og:description\" content=\"Des experts de l\u2019ONU appellent \u00e0 des mesures urgentes pour arr\u00eater le flux de combattants \u00e9trangers de Tunisie\" \/>\n<meta property=\"og:url\" content=\"https:\/\/www.webdo.tn\/fr\/actualite\/international\/des-experts-de-lonu-appellent-a-des-mesures-urgentes-pour-arreter-le-flux-de-combattants-etrangers-de-tunisie\/184061\/\" \/>\n<meta property=\"og:site_name\" content=\"webdo\" \/>\n<meta property=\"article:publisher\" content=\"https:\/\/www.facebook.com\/webdotn\" \/>\n<meta property=\"article:published_time\" content=\"2015-07-10T16:06:00+00:00\" \/>\n<meta property=\"article:modified_time\" content=\"2025-05-18T22:09:51+00:00\" \/>\n<meta property=\"og:image\" content=\"https:\/\/www.webdo.tn\/fr\/wp-content\/uploads\/2015\/07\/Libye.jpg\" \/>\n\t<meta property=\"og:image:width\" content=\"600\" \/>\n\t<meta property=\"og:image:height\" content=\"331\" \/>\n\t<meta property=\"og:image:type\" content=\"image\/jpeg\" \/>\n<meta name=\"author\" content=\"webdo.tn\" \/>\n<meta name=\"twitter:card\" content=\"summary_large_image\" \/>\n<meta name=\"twitter:creator\" content=\"@webdo_tn\" \/>\n<meta name=\"twitter:site\" content=\"@webdo_tn\" \/>\n<meta name=\"twitter:label1\" content=\"\u00c9crit par\" \/>\n\t<meta name=\"twitter:data1\" content=\"webdo.tn\" \/>\n\t<meta name=\"twitter:label2\" content=\"Dur\u00e9e de lecture estim\u00e9e\" \/>\n\t<meta name=\"twitter:data2\" content=\"5 minutes\" \/>\n<script type=\"application\/ld+json\" class=\"yoast-schema-graph\">{\"@context\":\"https:\\\/\\\/schema.org\",\"@graph\":[{\"@type\":\"NewsArticle\",\"@id\":\"https:\\\/\\\/www.webdo.tn\\\/fr\\\/actualite\\\/international\\\/des-experts-de-lonu-appellent-a-des-mesures-urgentes-pour-arreter-le-flux-de-combattants-etrangers-de-tunisie\\\/184061\\\/#article\",\"isPartOf\":{\"@id\":\"https:\\\/\\\/www.webdo.tn\\\/fr\\\/actualite\\\/international\\\/des-experts-de-lonu-appellent-a-des-mesures-urgentes-pour-arreter-le-flux-de-combattants-etrangers-de-tunisie\\\/184061\\\/\"},\"author\":{\"name\":\"webdo.tn\",\"@id\":\"https:\\\/\\\/www.webdo.tn\\\/fr\\\/#\\\/schema\\\/person\\\/9a9c6118d687c117df8ef3cc36a4d175\"},\"headline\":\"Des experts de l\u2019ONU appellent \u00e0 des mesures urgentes pour arr\u00eater le flux de combattants \u00e9trangers de Tunisie\",\"datePublished\":\"2015-07-10T16:06:00+00:00\",\"dateModified\":\"2025-05-18T22:09:51+00:00\",\"mainEntityOfPage\":{\"@id\":\"https:\\\/\\\/www.webdo.tn\\\/fr\\\/actualite\\\/international\\\/des-experts-de-lonu-appellent-a-des-mesures-urgentes-pour-arreter-le-flux-de-combattants-etrangers-de-tunisie\\\/184061\\\/\"},\"wordCount\":1011,\"commentCount\":0,\"publisher\":{\"@id\":\"https:\\\/\\\/www.webdo.tn\\\/fr\\\/#organization\"},\"image\":{\"@id\":\"https:\\\/\\\/www.webdo.tn\\\/fr\\\/actualite\\\/international\\\/des-experts-de-lonu-appellent-a-des-mesures-urgentes-pour-arreter-le-flux-de-combattants-etrangers-de-tunisie\\\/184061\\\/#primaryimage\"},\"thumbnailUrl\":\"https:\\\/\\\/www.webdo.tn\\\/fr\\\/wp-content\\\/uploads\\\/2015\\\/07\\\/Libye.jpg\",\"keywords\":[\"guerre\"],\"articleSection\":[\"International\"],\"inLanguage\":\"fr-FR\"},{\"@type\":\"WebPage\",\"@id\":\"https:\\\/\\\/www.webdo.tn\\\/fr\\\/actualite\\\/international\\\/des-experts-de-lonu-appellent-a-des-mesures-urgentes-pour-arreter-le-flux-de-combattants-etrangers-de-tunisie\\\/184061\\\/\",\"url\":\"https:\\\/\\\/www.webdo.tn\\\/fr\\\/actualite\\\/international\\\/des-experts-de-lonu-appellent-a-des-mesures-urgentes-pour-arreter-le-flux-de-combattants-etrangers-de-tunisie\\\/184061\\\/\",\"name\":\"Des experts de l\u2019ONU appellent \u00e0 des mesures urgentes pour arr\u00eater le flux de combattants \u00e9trangers de Tunisie\",\"isPartOf\":{\"@id\":\"https:\\\/\\\/www.webdo.tn\\\/fr\\\/#website\"},\"primaryImageOfPage\":{\"@id\":\"https:\\\/\\\/www.webdo.tn\\\/fr\\\/actualite\\\/international\\\/des-experts-de-lonu-appellent-a-des-mesures-urgentes-pour-arreter-le-flux-de-combattants-etrangers-de-tunisie\\\/184061\\\/#primaryimage\"},\"image\":{\"@id\":\"https:\\\/\\\/www.webdo.tn\\\/fr\\\/actualite\\\/international\\\/des-experts-de-lonu-appellent-a-des-mesures-urgentes-pour-arreter-le-flux-de-combattants-etrangers-de-tunisie\\\/184061\\\/#primaryimage\"},\"thumbnailUrl\":\"https:\\\/\\\/www.webdo.tn\\\/fr\\\/wp-content\\\/uploads\\\/2015\\\/07\\\/Libye.jpg\",\"datePublished\":\"2015-07-10T16:06:00+00:00\",\"dateModified\":\"2025-05-18T22:09:51+00:00\",\"description\":\"Des experts de l\u2019ONU appellent \u00e0 des mesures urgentes pour arr\u00eater le flux de combattants \u00e9trangers de Tunisie\",\"breadcrumb\":{\"@id\":\"https:\\\/\\\/www.webdo.tn\\\/fr\\\/actualite\\\/international\\\/des-experts-de-lonu-appellent-a-des-mesures-urgentes-pour-arreter-le-flux-de-combattants-etrangers-de-tunisie\\\/184061\\\/#breadcrumb\"},\"inLanguage\":\"fr-FR\",\"potentialAction\":[{\"@type\":\"ReadAction\",\"target\":[\"https:\\\/\\\/www.webdo.tn\\\/fr\\\/actualite\\\/international\\\/des-experts-de-lonu-appellent-a-des-mesures-urgentes-pour-arreter-le-flux-de-combattants-etrangers-de-tunisie\\\/184061\\\/\"]}]},{\"@type\":\"ImageObject\",\"inLanguage\":\"fr-FR\",\"@id\":\"https:\\\/\\\/www.webdo.tn\\\/fr\\\/actualite\\\/international\\\/des-experts-de-lonu-appellent-a-des-mesures-urgentes-pour-arreter-le-flux-de-combattants-etrangers-de-tunisie\\\/184061\\\/#primaryimage\",\"url\":\"https:\\\/\\\/www.webdo.tn\\\/fr\\\/wp-content\\\/uploads\\\/2015\\\/07\\\/Libye.jpg\",\"contentUrl\":\"https:\\\/\\\/www.webdo.tn\\\/fr\\\/wp-content\\\/uploads\\\/2015\\\/07\\\/Libye.jpg\",\"width\":600,\"height\":331,\"caption\":\"Des experts de l\u2019ONU appellent \u00e0 des mesures urgentes pour arr\u00eater le flux de combattants \u00e9trangers de Tunisie\"},{\"@type\":\"BreadcrumbList\",\"@id\":\"https:\\\/\\\/www.webdo.tn\\\/fr\\\/actualite\\\/international\\\/des-experts-de-lonu-appellent-a-des-mesures-urgentes-pour-arreter-le-flux-de-combattants-etrangers-de-tunisie\\\/184061\\\/#breadcrumb\",\"itemListElement\":[{\"@type\":\"ListItem\",\"position\":1,\"name\":\"Accueil\",\"item\":\"https:\\\/\\\/www.webdo.tn\\\/fr\\\/\"},{\"@type\":\"ListItem\",\"position\":2,\"name\":\"Des experts de l\u2019ONU appellent \u00e0 des mesures urgentes pour arr\u00eater le flux de combattants \u00e9trangers de Tunisie\"}]},{\"@type\":\"WebSite\",\"@id\":\"https:\\\/\\\/www.webdo.tn\\\/fr\\\/#website\",\"url\":\"https:\\\/\\\/www.webdo.tn\\\/fr\\\/\",\"name\":\"webdo\",\"description\":\"Tunisie - News en Tunisie et \u00e0 l&#039;international sur Webdo.tn\",\"publisher\":{\"@id\":\"https:\\\/\\\/www.webdo.tn\\\/fr\\\/#organization\"},\"potentialAction\":[{\"@type\":\"SearchAction\",\"target\":{\"@type\":\"EntryPoint\",\"urlTemplate\":\"https:\\\/\\\/www.webdo.tn\\\/fr\\\/?s={search_term_string}\"},\"query-input\":{\"@type\":\"PropertyValueSpecification\",\"valueRequired\":true,\"valueName\":\"search_term_string\"}}],\"inLanguage\":\"fr-FR\"},{\"@type\":\"Organization\",\"@id\":\"https:\\\/\\\/www.webdo.tn\\\/fr\\\/#organization\",\"name\":\"Webdo\",\"alternateName\":\"Webdo.tn\",\"url\":\"https:\\\/\\\/www.webdo.tn\\\/fr\\\/\",\"logo\":{\"@type\":\"ImageObject\",\"inLanguage\":\"fr-FR\",\"@id\":\"https:\\\/\\\/www.webdo.tn\\\/fr\\\/#\\\/schema\\\/logo\\\/image\\\/\",\"url\":\"https:\\\/\\\/www.webdo.tn\\\/fr\\\/wp-content\\\/uploads\\\/2025\\\/06\\\/Webdo-Tunisie_168377.jpg\",\"contentUrl\":\"https:\\\/\\\/www.webdo.tn\\\/fr\\\/wp-content\\\/uploads\\\/2025\\\/06\\\/Webdo-Tunisie_168377.jpg\",\"width\":301,\"height\":301,\"caption\":\"Webdo\"},\"image\":{\"@id\":\"https:\\\/\\\/www.webdo.tn\\\/fr\\\/#\\\/schema\\\/logo\\\/image\\\/\"},\"sameAs\":[\"https:\\\/\\\/www.facebook.com\\\/webdotn\",\"https:\\\/\\\/x.com\\\/webdo_tn\"],\"description\":\"Webdo est un m\u00e9dia num\u00e9rique tunisien fond\u00e9 en 2010, sp\u00e9cialis\u00e9 dans l\u2019actualit\u00e9 nationale et internationale, l\u2019\u00e9conomie, la soci\u00e9t\u00e9 et les analyses politiques. Le site s\u2019adresse \u00e0 un large public francophone et couvre l\u2019information tunisienne en temps r\u00e9el.\",\"email\":\"redac@webdo.tn\",\"legalName\":\"YNJ SARL\",\"foundingDate\":\"2010-09-06\",\"numberOfEmployees\":{\"@type\":\"QuantitativeValue\",\"minValue\":\"11\",\"maxValue\":\"50\"}},{\"@type\":\"Person\",\"@id\":\"https:\\\/\\\/www.webdo.tn\\\/fr\\\/#\\\/schema\\\/person\\\/9a9c6118d687c117df8ef3cc36a4d175\",\"name\":\"webdo.tn\",\"image\":{\"@type\":\"ImageObject\",\"inLanguage\":\"fr-FR\",\"@id\":\"https:\\\/\\\/secure.gravatar.com\\\/avatar\\\/7ce1f28c0c3bbac99ff550b85ef8e44a6950c6ee24514fb6a5489e51d06f0298?s=96&d=mm&r=g\",\"url\":\"https:\\\/\\\/secure.gravatar.com\\\/avatar\\\/7ce1f28c0c3bbac99ff550b85ef8e44a6950c6ee24514fb6a5489e51d06f0298?s=96&d=mm&r=g\",\"contentUrl\":\"https:\\\/\\\/secure.gravatar.com\\\/avatar\\\/7ce1f28c0c3bbac99ff550b85ef8e44a6950c6ee24514fb6a5489e51d06f0298?s=96&d=mm&r=g\",\"caption\":\"webdo.tn\"},\"url\":\"https:\\\/\\\/www.webdo.tn\\\/fr\\\/actualite\\\/author\\\/webdotn\\\/\"}]}<\/script>\n<!-- \/ Yoast SEO Premium plugin. -->","yoast_head_json":{"title":"Des experts de l\u2019ONU appellent \u00e0 des mesures urgentes pour arr\u00eater le flux de combattants \u00e9trangers de Tunisie","description":"Des experts de l\u2019ONU appellent \u00e0 des mesures urgentes pour arr\u00eater le flux de combattants \u00e9trangers de Tunisie","canonical":"https:\/\/www.webdo.tn\/fr\/actualite\/international\/des-experts-de-lonu-appellent-a-des-mesures-urgentes-pour-arreter-le-flux-de-combattants-etrangers-de-tunisie\/184061\/","og_locale":"fr_FR","og_type":"article","og_title":"Des experts de l\u2019ONU appellent \u00e0 des mesures urgentes pour arr\u00eater le flux de combattants \u00e9trangers de Tunisie","og_description":"Des experts de l\u2019ONU appellent \u00e0 des mesures urgentes pour arr\u00eater le flux de combattants \u00e9trangers de Tunisie","og_url":"https:\/\/www.webdo.tn\/fr\/actualite\/international\/des-experts-de-lonu-appellent-a-des-mesures-urgentes-pour-arreter-le-flux-de-combattants-etrangers-de-tunisie\/184061\/","og_site_name":"webdo","article_publisher":"https:\/\/www.facebook.com\/webdotn","article_published_time":"2015-07-10T16:06:00+00:00","article_modified_time":"2025-05-18T22:09:51+00:00","og_image":[{"width":600,"height":331,"url":"https:\/\/www.webdo.tn\/fr\/wp-content\/uploads\/2015\/07\/Libye.jpg","type":"image\/jpeg"}],"author":"webdo.tn","twitter_card":"summary_large_image","twitter_creator":"@webdo_tn","twitter_site":"@webdo_tn","twitter_misc":{"\u00c9crit par":"webdo.tn","Dur\u00e9e de lecture estim\u00e9e":"5 minutes"},"schema":{"@context":"https:\/\/schema.org","@graph":[{"@type":"NewsArticle","@id":"https:\/\/www.webdo.tn\/fr\/actualite\/international\/des-experts-de-lonu-appellent-a-des-mesures-urgentes-pour-arreter-le-flux-de-combattants-etrangers-de-tunisie\/184061\/#article","isPartOf":{"@id":"https:\/\/www.webdo.tn\/fr\/actualite\/international\/des-experts-de-lonu-appellent-a-des-mesures-urgentes-pour-arreter-le-flux-de-combattants-etrangers-de-tunisie\/184061\/"},"author":{"name":"webdo.tn","@id":"https:\/\/www.webdo.tn\/fr\/#\/schema\/person\/9a9c6118d687c117df8ef3cc36a4d175"},"headline":"Des experts de l\u2019ONU appellent \u00e0 des mesures urgentes pour arr\u00eater le flux de combattants \u00e9trangers de Tunisie","datePublished":"2015-07-10T16:06:00+00:00","dateModified":"2025-05-18T22:09:51+00:00","mainEntityOfPage":{"@id":"https:\/\/www.webdo.tn\/fr\/actualite\/international\/des-experts-de-lonu-appellent-a-des-mesures-urgentes-pour-arreter-le-flux-de-combattants-etrangers-de-tunisie\/184061\/"},"wordCount":1011,"commentCount":0,"publisher":{"@id":"https:\/\/www.webdo.tn\/fr\/#organization"},"image":{"@id":"https:\/\/www.webdo.tn\/fr\/actualite\/international\/des-experts-de-lonu-appellent-a-des-mesures-urgentes-pour-arreter-le-flux-de-combattants-etrangers-de-tunisie\/184061\/#primaryimage"},"thumbnailUrl":"https:\/\/www.webdo.tn\/fr\/wp-content\/uploads\/2015\/07\/Libye.jpg","keywords":["guerre"],"articleSection":["International"],"inLanguage":"fr-FR"},{"@type":"WebPage","@id":"https:\/\/www.webdo.tn\/fr\/actualite\/international\/des-experts-de-lonu-appellent-a-des-mesures-urgentes-pour-arreter-le-flux-de-combattants-etrangers-de-tunisie\/184061\/","url":"https:\/\/www.webdo.tn\/fr\/actualite\/international\/des-experts-de-lonu-appellent-a-des-mesures-urgentes-pour-arreter-le-flux-de-combattants-etrangers-de-tunisie\/184061\/","name":"Des experts de l\u2019ONU appellent \u00e0 des mesures urgentes pour arr\u00eater le flux de combattants \u00e9trangers de Tunisie","isPartOf":{"@id":"https:\/\/www.webdo.tn\/fr\/#website"},"primaryImageOfPage":{"@id":"https:\/\/www.webdo.tn\/fr\/actualite\/international\/des-experts-de-lonu-appellent-a-des-mesures-urgentes-pour-arreter-le-flux-de-combattants-etrangers-de-tunisie\/184061\/#primaryimage"},"image":{"@id":"https:\/\/www.webdo.tn\/fr\/actualite\/international\/des-experts-de-lonu-appellent-a-des-mesures-urgentes-pour-arreter-le-flux-de-combattants-etrangers-de-tunisie\/184061\/#primaryimage"},"thumbnailUrl":"https:\/\/www.webdo.tn\/fr\/wp-content\/uploads\/2015\/07\/Libye.jpg","datePublished":"2015-07-10T16:06:00+00:00","dateModified":"2025-05-18T22:09:51+00:00","description":"Des experts de l\u2019ONU appellent \u00e0 des mesures urgentes pour arr\u00eater le flux de combattants \u00e9trangers de Tunisie","breadcrumb":{"@id":"https:\/\/www.webdo.tn\/fr\/actualite\/international\/des-experts-de-lonu-appellent-a-des-mesures-urgentes-pour-arreter-le-flux-de-combattants-etrangers-de-tunisie\/184061\/#breadcrumb"},"inLanguage":"fr-FR","potentialAction":[{"@type":"ReadAction","target":["https:\/\/www.webdo.tn\/fr\/actualite\/international\/des-experts-de-lonu-appellent-a-des-mesures-urgentes-pour-arreter-le-flux-de-combattants-etrangers-de-tunisie\/184061\/"]}]},{"@type":"ImageObject","inLanguage":"fr-FR","@id":"https:\/\/www.webdo.tn\/fr\/actualite\/international\/des-experts-de-lonu-appellent-a-des-mesures-urgentes-pour-arreter-le-flux-de-combattants-etrangers-de-tunisie\/184061\/#primaryimage","url":"https:\/\/www.webdo.tn\/fr\/wp-content\/uploads\/2015\/07\/Libye.jpg","contentUrl":"https:\/\/www.webdo.tn\/fr\/wp-content\/uploads\/2015\/07\/Libye.jpg","width":600,"height":331,"caption":"Des experts de l\u2019ONU appellent \u00e0 des mesures urgentes pour arr\u00eater le flux de combattants \u00e9trangers de Tunisie"},{"@type":"BreadcrumbList","@id":"https:\/\/www.webdo.tn\/fr\/actualite\/international\/des-experts-de-lonu-appellent-a-des-mesures-urgentes-pour-arreter-le-flux-de-combattants-etrangers-de-tunisie\/184061\/#breadcrumb","itemListElement":[{"@type":"ListItem","position":1,"name":"Accueil","item":"https:\/\/www.webdo.tn\/fr\/"},{"@type":"ListItem","position":2,"name":"Des experts de l\u2019ONU appellent \u00e0 des mesures urgentes pour arr\u00eater le flux de combattants \u00e9trangers de Tunisie"}]},{"@type":"WebSite","@id":"https:\/\/www.webdo.tn\/fr\/#website","url":"https:\/\/www.webdo.tn\/fr\/","name":"webdo","description":"Tunisie - News en Tunisie et \u00e0 l&#039;international sur Webdo.tn","publisher":{"@id":"https:\/\/www.webdo.tn\/fr\/#organization"},"potentialAction":[{"@type":"SearchAction","target":{"@type":"EntryPoint","urlTemplate":"https:\/\/www.webdo.tn\/fr\/?s={search_term_string}"},"query-input":{"@type":"PropertyValueSpecification","valueRequired":true,"valueName":"search_term_string"}}],"inLanguage":"fr-FR"},{"@type":"Organization","@id":"https:\/\/www.webdo.tn\/fr\/#organization","name":"Webdo","alternateName":"Webdo.tn","url":"https:\/\/www.webdo.tn\/fr\/","logo":{"@type":"ImageObject","inLanguage":"fr-FR","@id":"https:\/\/www.webdo.tn\/fr\/#\/schema\/logo\/image\/","url":"https:\/\/www.webdo.tn\/fr\/wp-content\/uploads\/2025\/06\/Webdo-Tunisie_168377.jpg","contentUrl":"https:\/\/www.webdo.tn\/fr\/wp-content\/uploads\/2025\/06\/Webdo-Tunisie_168377.jpg","width":301,"height":301,"caption":"Webdo"},"image":{"@id":"https:\/\/www.webdo.tn\/fr\/#\/schema\/logo\/image\/"},"sameAs":["https:\/\/www.facebook.com\/webdotn","https:\/\/x.com\/webdo_tn"],"description":"Webdo est un m\u00e9dia num\u00e9rique tunisien fond\u00e9 en 2010, sp\u00e9cialis\u00e9 dans l\u2019actualit\u00e9 nationale et internationale, l\u2019\u00e9conomie, la soci\u00e9t\u00e9 et les analyses politiques. Le site s\u2019adresse \u00e0 un large public francophone et couvre l\u2019information tunisienne en temps r\u00e9el.","email":"redac@webdo.tn","legalName":"YNJ SARL","foundingDate":"2010-09-06","numberOfEmployees":{"@type":"QuantitativeValue","minValue":"11","maxValue":"50"}},{"@type":"Person","@id":"https:\/\/www.webdo.tn\/fr\/#\/schema\/person\/9a9c6118d687c117df8ef3cc36a4d175","name":"webdo.tn","image":{"@type":"ImageObject","inLanguage":"fr-FR","@id":"https:\/\/secure.gravatar.com\/avatar\/7ce1f28c0c3bbac99ff550b85ef8e44a6950c6ee24514fb6a5489e51d06f0298?s=96&d=mm&r=g","url":"https:\/\/secure.gravatar.com\/avatar\/7ce1f28c0c3bbac99ff550b85ef8e44a6950c6ee24514fb6a5489e51d06f0298?s=96&d=mm&r=g","contentUrl":"https:\/\/secure.gravatar.com\/avatar\/7ce1f28c0c3bbac99ff550b85ef8e44a6950c6ee24514fb6a5489e51d06f0298?s=96&d=mm&r=g","caption":"webdo.tn"},"url":"https:\/\/www.webdo.tn\/fr\/actualite\/author\/webdotn\/"}]}},"_links":{"self":[{"href":"https:\/\/www.webdo.tn\/fr\/wp-json\/wp\/v2\/posts\/184061","targetHints":{"allow":["GET"]}}],"collection":[{"href":"https:\/\/www.webdo.tn\/fr\/wp-json\/wp\/v2\/posts"}],"about":[{"href":"https:\/\/www.webdo.tn\/fr\/wp-json\/wp\/v2\/types\/post"}],"author":[{"embeddable":true,"href":"https:\/\/www.webdo.tn\/fr\/wp-json\/wp\/v2\/users\/3222"}],"replies":[{"embeddable":true,"href":"https:\/\/www.webdo.tn\/fr\/wp-json\/wp\/v2\/comments?post=184061"}],"version-history":[{"count":0,"href":"https:\/\/www.webdo.tn\/fr\/wp-json\/wp\/v2\/posts\/184061\/revisions"}],"wp:featuredmedia":[{"embeddable":true,"href":"https:\/\/www.webdo.tn\/fr\/wp-json\/wp\/v2\/media\/317762"}],"wp:attachment":[{"href":"https:\/\/www.webdo.tn\/fr\/wp-json\/wp\/v2\/media?parent=184061"}],"wp:term":[{"taxonomy":"category","embeddable":true,"href":"https:\/\/www.webdo.tn\/fr\/wp-json\/wp\/v2\/categories?post=184061"},{"taxonomy":"post_tag","embeddable":true,"href":"https:\/\/www.webdo.tn\/fr\/wp-json\/wp\/v2\/tags?post=184061"}],"curies":[{"name":"wp","href":"https:\/\/api.w.org\/{rel}","templated":true}]}}