{"id":184057,"date":"2015-07-14T11:05:00","date_gmt":"2015-07-14T11:05:00","guid":{"rendered":"https:\/\/www.webdo.tn\/fr\/actualite\/blog\/accord-historique-conclu-sur-le-nucleaire-iranien\/184057\/"},"modified":"2025-05-22T12:54:15","modified_gmt":"2025-05-22T12:54:15","slug":"accord-historique-conclu-sur-le-nucleaire-iranien","status":"publish","type":"post","link":"https:\/\/www.webdo.tn\/fr\/actualite\/international\/accord-historique-conclu-sur-le-nucleaire-iranien\/184057\/","title":{"rendered":"Accord historique conclu sur le nucl\u00e9aire iranien"},"content":{"rendered":"<p>Apr\u00e8s une crise qui aura dur\u00e9 12 ans, l&rsquo;Iran et les grandes puissances (Etats-Unis, Allemagne, France, Grande-Bretagne, Russie et Chine) ont finalement trouv\u00e9 un accord sur le programme nucl\u00e9aire de T\u00e9h\u00e9ran, rapporte l&rsquo;agence Reuters.<\/p>\n<p>Cet accord \u00ab\u00a0historique\u00a0\u00bb a \u00e9t\u00e9 finalis\u00e9 ce mardi 14 juillet \u00e0 Vienne et permettra une lev\u00e9e des sanctions \u00e9conomiques qui p\u00e8sent sur la R\u00e9publique islamique.<\/p>\n<p>L&rsquo;accord marque un tournant dans les relations de T\u00e9h\u00e9ran avec les pays occidentaux, qui soup\u00e7onnent l&rsquo;Iran d&rsquo;avoir utilis\u00e9 son programme nucl\u00e9aire civil comme couverture pour chercher \u00e0 d\u00e9velopper un savoir-faire en mati\u00e8re d&rsquo;armement nucl\u00e9aire.<\/p>\n<p>Le texte, dont les grandes lignes ont \u00e9t\u00e9 fix\u00e9es dans un premier texte le 2 avril, encadrera le programme nucl\u00e9aire de T\u00e9h\u00e9ran pendant au moins dix ans en \u00e9change de la suspension progressive des sanctions \u00e9conomiques qui p\u00e8sent sur l&rsquo;\u00e9conomie du pays et notamment sur ses exportations p\u00e9troli\u00e8res.<\/p>\n<p>Des sources diplomatiques ont pr\u00e9cis\u00e9 que l&rsquo;accord pr\u00e9voyait un maintien pendant cinq ans de l&#8217;embargo des Nations unies visant les importations d&rsquo;armes par l&rsquo;Iran et que celui qui vise les technologies de missiles ne pourrait \u00eatre lev\u00e9 pendant huit ans.<\/p>\n<p>Si l&rsquo;Iran venait \u00e0 contrevenir aux termes de l&rsquo;accord, les sanctions \u00e9conomiques pourront \u00eatre remises en place dans un d\u00e9lai de 65 jours.<br \/>\nDes milliards de dollars d&rsquo;actifs iraniens gel\u00e9s, restitu\u00e9s<br \/>\nPrincipal adversaire \u00e0 la conclusion d&rsquo;un accord avec l&rsquo;Iran, le Premier ministre isra\u00e9lien Benjamin Netanhayu a estim\u00e9 qu&rsquo;il s&rsquo;agissait d&rsquo;une erreur grave aux cons\u00e9quences historiques d&rsquo;une ampleur consid\u00e9rable.<\/p>\n<p>Des milliards de dollars d&rsquo;actifs iraniens gel\u00e9s seront restitu\u00e9s \u00e0 T\u00e9h\u00e9ran, a r\u00e9agit l&rsquo;agence officielle Irna, apr\u00e8s l&rsquo;annonce par un n\u00e9gociateur iranien que les pourparlers sur le nucl\u00e9aire iranien se sont sold\u00e9s par un \u00ab\u00a0succ\u00e8s\u00a0\u00bb.<\/p>\n<p>L&rsquo;Iran est soup\u00e7onn\u00e9 d&rsquo;avoir mis en \u0153uvre, jusqu&rsquo;en 2003 et peut-\u00eatre au-del\u00e0, un programme nucl\u00e9aire militaire sous couvert d&rsquo;activit\u00e9s civiles ce qu&rsquo;il a toujours ni\u00e9 et depuis des d&rsquo;ann\u00e9es, les Etats-Unis, l&rsquo;Union europ\u00e9enne et l&rsquo;ONU lui imposent des sanctions \u00e0 pour la forcer \u00e0 n\u00e9gocier.<\/p>\n","protected":false},"excerpt":{"rendered":"<p>Accord historique conclu sur le nucl\u00e9aire iranien<\/p>\n","protected":false},"author":3222,"featured_media":351959,"comment_status":"open","ping_status":"closed","sticky":false,"template":"","format":"standard","meta":{"footnotes":""},"categories":[2598],"tags":[],"class_list":["post-184057","post","type-post","status-publish","format-standard","has-post-thumbnail","hentry","category-international"],"yoast_head":"<!-- This site is optimized with the Yoast SEO Premium plugin v27.5 (Yoast SEO v27.5) - https:\/\/yoast.com\/product\/yoast-seo-premium-wordpress\/ -->\n<title>Accord historique conclu sur le nucl\u00e9aire iranien<\/title>\n<meta name=\"description\" content=\"Accord historique conclu sur le nucl\u00e9aire iranien\" \/>\n<link rel=\"canonical\" href=\"https:\/\/www.webdo.tn\/fr\/actualite\/international\/accord-historique-conclu-sur-le-nucleaire-iranien\/184057\/\" \/>\n<meta property=\"og:locale\" content=\"fr_FR\" \/>\n<meta property=\"og:type\" content=\"article\" \/>\n<meta property=\"og:title\" content=\"Accord historique conclu sur le nucl\u00e9aire iranien\" \/>\n<meta property=\"og:description\" content=\"Accord historique conclu sur le nucl\u00e9aire iranien\" \/>\n<meta property=\"og:url\" content=\"https:\/\/www.webdo.tn\/fr\/actualite\/international\/accord-historique-conclu-sur-le-nucleaire-iranien\/184057\/\" \/>\n<meta property=\"og:site_name\" content=\"webdo\" \/>\n<meta property=\"article:publisher\" content=\"https:\/\/www.facebook.com\/webdotn\" \/>\n<meta property=\"article:published_time\" content=\"2015-07-14T11:05:00+00:00\" \/>\n<meta property=\"article:modified_time\" content=\"2025-05-22T12:54:15+00:00\" \/>\n<meta property=\"og:image\" content=\"https:\/\/www.webdo.tn\/fr\/wp-content\/uploads\/2015\/07\/Nucleaire-iranien.jpg\" \/>\n\t<meta property=\"og:image:width\" content=\"600\" \/>\n\t<meta property=\"og:image:height\" content=\"377\" \/>\n\t<meta property=\"og:image:type\" content=\"image\/jpeg\" \/>\n<meta name=\"author\" content=\"webdo.tn\" \/>\n<meta name=\"twitter:card\" content=\"summary_large_image\" \/>\n<meta name=\"twitter:creator\" content=\"@webdo_tn\" \/>\n<meta name=\"twitter:site\" content=\"@webdo_tn\" \/>\n<meta name=\"twitter:label1\" content=\"\u00c9crit par\" \/>\n\t<meta name=\"twitter:data1\" content=\"webdo.tn\" \/>\n\t<meta name=\"twitter:label2\" content=\"Dur\u00e9e de lecture estim\u00e9e\" \/>\n\t<meta name=\"twitter:data2\" content=\"2 minutes\" \/>\n<script type=\"application\/ld+json\" class=\"yoast-schema-graph\">{\"@context\":\"https:\\\/\\\/schema.org\",\"@graph\":[{\"@type\":\"NewsArticle\",\"@id\":\"https:\\\/\\\/www.webdo.tn\\\/fr\\\/actualite\\\/international\\\/accord-historique-conclu-sur-le-nucleaire-iranien\\\/184057\\\/#article\",\"isPartOf\":{\"@id\":\"https:\\\/\\\/www.webdo.tn\\\/fr\\\/actualite\\\/international\\\/accord-historique-conclu-sur-le-nucleaire-iranien\\\/184057\\\/\"},\"author\":{\"name\":\"webdo.tn\",\"@id\":\"https:\\\/\\\/www.webdo.tn\\\/fr\\\/#\\\/schema\\\/person\\\/9a9c6118d687c117df8ef3cc36a4d175\"},\"headline\":\"Accord historique conclu sur le nucl\u00e9aire iranien\",\"datePublished\":\"2015-07-14T11:05:00+00:00\",\"dateModified\":\"2025-05-22T12:54:15+00:00\",\"mainEntityOfPage\":{\"@id\":\"https:\\\/\\\/www.webdo.tn\\\/fr\\\/actualite\\\/international\\\/accord-historique-conclu-sur-le-nucleaire-iranien\\\/184057\\\/\"},\"wordCount\":393,\"commentCount\":0,\"publisher\":{\"@id\":\"https:\\\/\\\/www.webdo.tn\\\/fr\\\/#organization\"},\"image\":{\"@id\":\"https:\\\/\\\/www.webdo.tn\\\/fr\\\/actualite\\\/international\\\/accord-historique-conclu-sur-le-nucleaire-iranien\\\/184057\\\/#primaryimage\"},\"thumbnailUrl\":\"https:\\\/\\\/www.webdo.tn\\\/fr\\\/wp-content\\\/uploads\\\/2015\\\/07\\\/Nucleaire-iranien.jpg\",\"articleSection\":[\"International\"],\"inLanguage\":\"fr-FR\"},{\"@type\":\"WebPage\",\"@id\":\"https:\\\/\\\/www.webdo.tn\\\/fr\\\/actualite\\\/international\\\/accord-historique-conclu-sur-le-nucleaire-iranien\\\/184057\\\/\",\"url\":\"https:\\\/\\\/www.webdo.tn\\\/fr\\\/actualite\\\/international\\\/accord-historique-conclu-sur-le-nucleaire-iranien\\\/184057\\\/\",\"name\":\"Accord historique conclu sur le nucl\u00e9aire iranien\",\"isPartOf\":{\"@id\":\"https:\\\/\\\/www.webdo.tn\\\/fr\\\/#website\"},\"primaryImageOfPage\":{\"@id\":\"https:\\\/\\\/www.webdo.tn\\\/fr\\\/actualite\\\/international\\\/accord-historique-conclu-sur-le-nucleaire-iranien\\\/184057\\\/#primaryimage\"},\"image\":{\"@id\":\"https:\\\/\\\/www.webdo.tn\\\/fr\\\/actualite\\\/international\\\/accord-historique-conclu-sur-le-nucleaire-iranien\\\/184057\\\/#primaryimage\"},\"thumbnailUrl\":\"https:\\\/\\\/www.webdo.tn\\\/fr\\\/wp-content\\\/uploads\\\/2015\\\/07\\\/Nucleaire-iranien.jpg\",\"datePublished\":\"2015-07-14T11:05:00+00:00\",\"dateModified\":\"2025-05-22T12:54:15+00:00\",\"description\":\"Accord historique conclu sur le nucl\u00e9aire iranien\",\"breadcrumb\":{\"@id\":\"https:\\\/\\\/www.webdo.tn\\\/fr\\\/actualite\\\/international\\\/accord-historique-conclu-sur-le-nucleaire-iranien\\\/184057\\\/#breadcrumb\"},\"inLanguage\":\"fr-FR\",\"potentialAction\":[{\"@type\":\"ReadAction\",\"target\":[\"https:\\\/\\\/www.webdo.tn\\\/fr\\\/actualite\\\/international\\\/accord-historique-conclu-sur-le-nucleaire-iranien\\\/184057\\\/\"]}]},{\"@type\":\"ImageObject\",\"inLanguage\":\"fr-FR\",\"@id\":\"https:\\\/\\\/www.webdo.tn\\\/fr\\\/actualite\\\/international\\\/accord-historique-conclu-sur-le-nucleaire-iranien\\\/184057\\\/#primaryimage\",\"url\":\"https:\\\/\\\/www.webdo.tn\\\/fr\\\/wp-content\\\/uploads\\\/2015\\\/07\\\/Nucleaire-iranien.jpg\",\"contentUrl\":\"https:\\\/\\\/www.webdo.tn\\\/fr\\\/wp-content\\\/uploads\\\/2015\\\/07\\\/Nucleaire-iranien.jpg\",\"width\":600,\"height\":377,\"caption\":\"Accord historique conclu sur le nucl\u00e9aire iranien\"},{\"@type\":\"BreadcrumbList\",\"@id\":\"https:\\\/\\\/www.webdo.tn\\\/fr\\\/actualite\\\/international\\\/accord-historique-conclu-sur-le-nucleaire-iranien\\\/184057\\\/#breadcrumb\",\"itemListElement\":[{\"@type\":\"ListItem\",\"position\":1,\"name\":\"Accueil\",\"item\":\"https:\\\/\\\/www.webdo.tn\\\/fr\\\/\"},{\"@type\":\"ListItem\",\"position\":2,\"name\":\"Accord historique conclu sur le nucl\u00e9aire iranien\"}]},{\"@type\":\"WebSite\",\"@id\":\"https:\\\/\\\/www.webdo.tn\\\/fr\\\/#website\",\"url\":\"https:\\\/\\\/www.webdo.tn\\\/fr\\\/\",\"name\":\"webdo\",\"description\":\"Tunisie - News en Tunisie et \u00e0 l&#039;international sur Webdo.tn\",\"publisher\":{\"@id\":\"https:\\\/\\\/www.webdo.tn\\\/fr\\\/#organization\"},\"potentialAction\":[{\"@type\":\"SearchAction\",\"target\":{\"@type\":\"EntryPoint\",\"urlTemplate\":\"https:\\\/\\\/www.webdo.tn\\\/fr\\\/?s={search_term_string}\"},\"query-input\":{\"@type\":\"PropertyValueSpecification\",\"valueRequired\":true,\"valueName\":\"search_term_string\"}}],\"inLanguage\":\"fr-FR\"},{\"@type\":\"Organization\",\"@id\":\"https:\\\/\\\/www.webdo.tn\\\/fr\\\/#organization\",\"name\":\"Webdo\",\"alternateName\":\"Webdo.tn\",\"url\":\"https:\\\/\\\/www.webdo.tn\\\/fr\\\/\",\"logo\":{\"@type\":\"ImageObject\",\"inLanguage\":\"fr-FR\",\"@id\":\"https:\\\/\\\/www.webdo.tn\\\/fr\\\/#\\\/schema\\\/logo\\\/image\\\/\",\"url\":\"https:\\\/\\\/www.webdo.tn\\\/fr\\\/wp-content\\\/uploads\\\/2025\\\/06\\\/Webdo-Tunisie_168377.jpg\",\"contentUrl\":\"https:\\\/\\\/www.webdo.tn\\\/fr\\\/wp-content\\\/uploads\\\/2025\\\/06\\\/Webdo-Tunisie_168377.jpg\",\"width\":301,\"height\":301,\"caption\":\"Webdo\"},\"image\":{\"@id\":\"https:\\\/\\\/www.webdo.tn\\\/fr\\\/#\\\/schema\\\/logo\\\/image\\\/\"},\"sameAs\":[\"https:\\\/\\\/www.facebook.com\\\/webdotn\",\"https:\\\/\\\/x.com\\\/webdo_tn\"],\"description\":\"Webdo est un m\u00e9dia num\u00e9rique tunisien fond\u00e9 en 2010, sp\u00e9cialis\u00e9 dans l\u2019actualit\u00e9 nationale et internationale, l\u2019\u00e9conomie, la soci\u00e9t\u00e9 et les analyses politiques. Le site s\u2019adresse \u00e0 un large public francophone et couvre l\u2019information tunisienne en temps r\u00e9el.\",\"email\":\"redac@webdo.tn\",\"legalName\":\"YNJ SARL\",\"foundingDate\":\"2010-09-06\",\"numberOfEmployees\":{\"@type\":\"QuantitativeValue\",\"minValue\":\"11\",\"maxValue\":\"50\"}},{\"@type\":\"Person\",\"@id\":\"https:\\\/\\\/www.webdo.tn\\\/fr\\\/#\\\/schema\\\/person\\\/9a9c6118d687c117df8ef3cc36a4d175\",\"name\":\"webdo.tn\",\"image\":{\"@type\":\"ImageObject\",\"inLanguage\":\"fr-FR\",\"@id\":\"https:\\\/\\\/secure.gravatar.com\\\/avatar\\\/7ce1f28c0c3bbac99ff550b85ef8e44a6950c6ee24514fb6a5489e51d06f0298?s=96&d=mm&r=g\",\"url\":\"https:\\\/\\\/secure.gravatar.com\\\/avatar\\\/7ce1f28c0c3bbac99ff550b85ef8e44a6950c6ee24514fb6a5489e51d06f0298?s=96&d=mm&r=g\",\"contentUrl\":\"https:\\\/\\\/secure.gravatar.com\\\/avatar\\\/7ce1f28c0c3bbac99ff550b85ef8e44a6950c6ee24514fb6a5489e51d06f0298?s=96&d=mm&r=g\",\"caption\":\"webdo.tn\"},\"url\":\"https:\\\/\\\/www.webdo.tn\\\/fr\\\/actualite\\\/author\\\/webdotn\\\/\"}]}<\/script>\n<!-- \/ Yoast SEO Premium plugin. -->","yoast_head_json":{"title":"Accord historique conclu sur le nucl\u00e9aire iranien","description":"Accord historique conclu sur le nucl\u00e9aire iranien","canonical":"https:\/\/www.webdo.tn\/fr\/actualite\/international\/accord-historique-conclu-sur-le-nucleaire-iranien\/184057\/","og_locale":"fr_FR","og_type":"article","og_title":"Accord historique conclu sur le nucl\u00e9aire iranien","og_description":"Accord historique conclu sur le nucl\u00e9aire iranien","og_url":"https:\/\/www.webdo.tn\/fr\/actualite\/international\/accord-historique-conclu-sur-le-nucleaire-iranien\/184057\/","og_site_name":"webdo","article_publisher":"https:\/\/www.facebook.com\/webdotn","article_published_time":"2015-07-14T11:05:00+00:00","article_modified_time":"2025-05-22T12:54:15+00:00","og_image":[{"width":600,"height":377,"url":"https:\/\/www.webdo.tn\/fr\/wp-content\/uploads\/2015\/07\/Nucleaire-iranien.jpg","type":"image\/jpeg"}],"author":"webdo.tn","twitter_card":"summary_large_image","twitter_creator":"@webdo_tn","twitter_site":"@webdo_tn","twitter_misc":{"\u00c9crit par":"webdo.tn","Dur\u00e9e de lecture estim\u00e9e":"2 minutes"},"schema":{"@context":"https:\/\/schema.org","@graph":[{"@type":"NewsArticle","@id":"https:\/\/www.webdo.tn\/fr\/actualite\/international\/accord-historique-conclu-sur-le-nucleaire-iranien\/184057\/#article","isPartOf":{"@id":"https:\/\/www.webdo.tn\/fr\/actualite\/international\/accord-historique-conclu-sur-le-nucleaire-iranien\/184057\/"},"author":{"name":"webdo.tn","@id":"https:\/\/www.webdo.tn\/fr\/#\/schema\/person\/9a9c6118d687c117df8ef3cc36a4d175"},"headline":"Accord historique conclu sur le nucl\u00e9aire iranien","datePublished":"2015-07-14T11:05:00+00:00","dateModified":"2025-05-22T12:54:15+00:00","mainEntityOfPage":{"@id":"https:\/\/www.webdo.tn\/fr\/actualite\/international\/accord-historique-conclu-sur-le-nucleaire-iranien\/184057\/"},"wordCount":393,"commentCount":0,"publisher":{"@id":"https:\/\/www.webdo.tn\/fr\/#organization"},"image":{"@id":"https:\/\/www.webdo.tn\/fr\/actualite\/international\/accord-historique-conclu-sur-le-nucleaire-iranien\/184057\/#primaryimage"},"thumbnailUrl":"https:\/\/www.webdo.tn\/fr\/wp-content\/uploads\/2015\/07\/Nucleaire-iranien.jpg","articleSection":["International"],"inLanguage":"fr-FR"},{"@type":"WebPage","@id":"https:\/\/www.webdo.tn\/fr\/actualite\/international\/accord-historique-conclu-sur-le-nucleaire-iranien\/184057\/","url":"https:\/\/www.webdo.tn\/fr\/actualite\/international\/accord-historique-conclu-sur-le-nucleaire-iranien\/184057\/","name":"Accord historique conclu sur le nucl\u00e9aire iranien","isPartOf":{"@id":"https:\/\/www.webdo.tn\/fr\/#website"},"primaryImageOfPage":{"@id":"https:\/\/www.webdo.tn\/fr\/actualite\/international\/accord-historique-conclu-sur-le-nucleaire-iranien\/184057\/#primaryimage"},"image":{"@id":"https:\/\/www.webdo.tn\/fr\/actualite\/international\/accord-historique-conclu-sur-le-nucleaire-iranien\/184057\/#primaryimage"},"thumbnailUrl":"https:\/\/www.webdo.tn\/fr\/wp-content\/uploads\/2015\/07\/Nucleaire-iranien.jpg","datePublished":"2015-07-14T11:05:00+00:00","dateModified":"2025-05-22T12:54:15+00:00","description":"Accord historique conclu sur le nucl\u00e9aire iranien","breadcrumb":{"@id":"https:\/\/www.webdo.tn\/fr\/actualite\/international\/accord-historique-conclu-sur-le-nucleaire-iranien\/184057\/#breadcrumb"},"inLanguage":"fr-FR","potentialAction":[{"@type":"ReadAction","target":["https:\/\/www.webdo.tn\/fr\/actualite\/international\/accord-historique-conclu-sur-le-nucleaire-iranien\/184057\/"]}]},{"@type":"ImageObject","inLanguage":"fr-FR","@id":"https:\/\/www.webdo.tn\/fr\/actualite\/international\/accord-historique-conclu-sur-le-nucleaire-iranien\/184057\/#primaryimage","url":"https:\/\/www.webdo.tn\/fr\/wp-content\/uploads\/2015\/07\/Nucleaire-iranien.jpg","contentUrl":"https:\/\/www.webdo.tn\/fr\/wp-content\/uploads\/2015\/07\/Nucleaire-iranien.jpg","width":600,"height":377,"caption":"Accord historique conclu sur le nucl\u00e9aire iranien"},{"@type":"BreadcrumbList","@id":"https:\/\/www.webdo.tn\/fr\/actualite\/international\/accord-historique-conclu-sur-le-nucleaire-iranien\/184057\/#breadcrumb","itemListElement":[{"@type":"ListItem","position":1,"name":"Accueil","item":"https:\/\/www.webdo.tn\/fr\/"},{"@type":"ListItem","position":2,"name":"Accord historique conclu sur le nucl\u00e9aire iranien"}]},{"@type":"WebSite","@id":"https:\/\/www.webdo.tn\/fr\/#website","url":"https:\/\/www.webdo.tn\/fr\/","name":"webdo","description":"Tunisie - News en Tunisie et \u00e0 l&#039;international sur Webdo.tn","publisher":{"@id":"https:\/\/www.webdo.tn\/fr\/#organization"},"potentialAction":[{"@type":"SearchAction","target":{"@type":"EntryPoint","urlTemplate":"https:\/\/www.webdo.tn\/fr\/?s={search_term_string}"},"query-input":{"@type":"PropertyValueSpecification","valueRequired":true,"valueName":"search_term_string"}}],"inLanguage":"fr-FR"},{"@type":"Organization","@id":"https:\/\/www.webdo.tn\/fr\/#organization","name":"Webdo","alternateName":"Webdo.tn","url":"https:\/\/www.webdo.tn\/fr\/","logo":{"@type":"ImageObject","inLanguage":"fr-FR","@id":"https:\/\/www.webdo.tn\/fr\/#\/schema\/logo\/image\/","url":"https:\/\/www.webdo.tn\/fr\/wp-content\/uploads\/2025\/06\/Webdo-Tunisie_168377.jpg","contentUrl":"https:\/\/www.webdo.tn\/fr\/wp-content\/uploads\/2025\/06\/Webdo-Tunisie_168377.jpg","width":301,"height":301,"caption":"Webdo"},"image":{"@id":"https:\/\/www.webdo.tn\/fr\/#\/schema\/logo\/image\/"},"sameAs":["https:\/\/www.facebook.com\/webdotn","https:\/\/x.com\/webdo_tn"],"description":"Webdo est un m\u00e9dia num\u00e9rique tunisien fond\u00e9 en 2010, sp\u00e9cialis\u00e9 dans l\u2019actualit\u00e9 nationale et internationale, l\u2019\u00e9conomie, la soci\u00e9t\u00e9 et les analyses politiques. Le site s\u2019adresse \u00e0 un large public francophone et couvre l\u2019information tunisienne en temps r\u00e9el.","email":"redac@webdo.tn","legalName":"YNJ SARL","foundingDate":"2010-09-06","numberOfEmployees":{"@type":"QuantitativeValue","minValue":"11","maxValue":"50"}},{"@type":"Person","@id":"https:\/\/www.webdo.tn\/fr\/#\/schema\/person\/9a9c6118d687c117df8ef3cc36a4d175","name":"webdo.tn","image":{"@type":"ImageObject","inLanguage":"fr-FR","@id":"https:\/\/secure.gravatar.com\/avatar\/7ce1f28c0c3bbac99ff550b85ef8e44a6950c6ee24514fb6a5489e51d06f0298?s=96&d=mm&r=g","url":"https:\/\/secure.gravatar.com\/avatar\/7ce1f28c0c3bbac99ff550b85ef8e44a6950c6ee24514fb6a5489e51d06f0298?s=96&d=mm&r=g","contentUrl":"https:\/\/secure.gravatar.com\/avatar\/7ce1f28c0c3bbac99ff550b85ef8e44a6950c6ee24514fb6a5489e51d06f0298?s=96&d=mm&r=g","caption":"webdo.tn"},"url":"https:\/\/www.webdo.tn\/fr\/actualite\/author\/webdotn\/"}]}},"_links":{"self":[{"href":"https:\/\/www.webdo.tn\/fr\/wp-json\/wp\/v2\/posts\/184057","targetHints":{"allow":["GET"]}}],"collection":[{"href":"https:\/\/www.webdo.tn\/fr\/wp-json\/wp\/v2\/posts"}],"about":[{"href":"https:\/\/www.webdo.tn\/fr\/wp-json\/wp\/v2\/types\/post"}],"author":[{"embeddable":true,"href":"https:\/\/www.webdo.tn\/fr\/wp-json\/wp\/v2\/users\/3222"}],"replies":[{"embeddable":true,"href":"https:\/\/www.webdo.tn\/fr\/wp-json\/wp\/v2\/comments?post=184057"}],"version-history":[{"count":0,"href":"https:\/\/www.webdo.tn\/fr\/wp-json\/wp\/v2\/posts\/184057\/revisions"}],"wp:featuredmedia":[{"embeddable":true,"href":"https:\/\/www.webdo.tn\/fr\/wp-json\/wp\/v2\/media\/351959"}],"wp:attachment":[{"href":"https:\/\/www.webdo.tn\/fr\/wp-json\/wp\/v2\/media?parent=184057"}],"wp:term":[{"taxonomy":"category","embeddable":true,"href":"https:\/\/www.webdo.tn\/fr\/wp-json\/wp\/v2\/categories?post=184057"},{"taxonomy":"post_tag","embeddable":true,"href":"https:\/\/www.webdo.tn\/fr\/wp-json\/wp\/v2\/tags?post=184057"}],"curies":[{"name":"wp","href":"https:\/\/api.w.org\/{rel}","templated":true}]}}