{"id":184054,"date":"2015-07-15T12:07:00","date_gmt":"2015-07-15T12:07:00","guid":{"rendered":"https:\/\/www.webdo.tn\/fr\/blog\/deuxieme-evasion-de-prison-du-plus-puissant-narcotrafiquant-au-monde\/184054\/"},"modified":"2015-07-15T12:07:00","modified_gmt":"2015-07-15T12:07:00","slug":"deuxieme-evasion-de-prison-du-plus-puissant-narcotrafiquant-au-monde","status":"publish","type":"post","link":"https:\/\/www.webdo.tn\/fr\/actualite\/international\/deuxieme-evasion-de-prison-du-plus-puissant-narcotrafiquant-au-monde\/184054\/","title":{"rendered":"Deuxi\u00e8me \u00e9vasion de prison du \u00ab\u00a0plus puissant narcotrafiquant au monde\u00a0\u00bb"},"content":{"rendered":"<p>Joaquin Guzman, alias \u00ab El Chapo \u00bb, a refait le coup. Apr\u00e8s s\u2019\u00eatre \u00e9vad\u00e9 d\u2019une prison \u00e0 s\u00e9curit\u00e9 maximale en 2001, \u00ab El Chapo \u00bb, arr\u00eat\u00e9 en f\u00e9vrier 2014, s\u2019est \u00e9vad\u00e9 une nouvelle fois de la prison d\u2019Altiplano sans pouvoir \u00e9chapper \u00e0 la cam\u00e9ra de surveillance install\u00e9e dans sa cellule, comme le montre la vid\u00e9o ci-dessus rendue publique par les autorit\u00e9s mexicaines.<\/p>\n<p>En effet un trou situ\u00e9 en dessous de la douche de sa cellule, conduisait directement vers un tunnel long de 1500 m\u00e8tres o\u00f9 l\u2019on peut retrouver des rails sur lesquels est fix\u00e9e une moto servant \u00e0 transporter du mat\u00e9riel.<\/p>\n<p>Ce m\u00eame tunnel d\u00e9bouche dans un immeuble \u00e0 l\u2019ext\u00e9rieur de la prison d\u2019apr\u00e8s les autorit\u00e9s mexicaines. Une vingtaine de personnes sont pour l\u2019instant arr\u00eat\u00e9es, soup\u00e7onn\u00e9es d\u2019avoir un lien avec cette \u00e9vasion.<\/p>\n","protected":false},"excerpt":{"rendered":"<p>Deuxi\u00e8me \u00e9vasion de prison du  plus puissant narcotrafiquant au monde<\/p>\n","protected":false},"author":3222,"featured_media":336073,"comment_status":"open","ping_status":"closed","sticky":false,"template":"","format":"standard","meta":{"footnotes":""},"categories":[2598],"tags":[2600],"class_list":["post-184054","post","type-post","status-publish","format-standard","has-post-thumbnail","hentry","category-international","tag-guerre"],"yoast_head":"<!-- This site is optimized with the Yoast SEO Premium plugin v27.5 (Yoast SEO v27.5) - https:\/\/yoast.com\/product\/yoast-seo-premium-wordpress\/ -->\n<title>Deuxi\u00e8me \u00e9vasion de prison du plus puissant narcotrafiquant au monde<\/title>\n<meta name=\"description\" content=\"Deuxi\u00e8me \u00e9vasion de prison du plus puissant narcotrafiquant au monde\" \/>\n<link rel=\"canonical\" href=\"https:\/\/www.webdo.tn\/fr\/actualite\/international\/deuxieme-evasion-de-prison-du-plus-puissant-narcotrafiquant-au-monde\/184054\/\" \/>\n<meta property=\"og:locale\" content=\"fr_FR\" \/>\n<meta property=\"og:type\" content=\"article\" \/>\n<meta property=\"og:title\" content=\"Deuxi\u00e8me \u00e9vasion de prison du &quot;plus puissant narcotrafiquant au monde&quot;\" \/>\n<meta property=\"og:description\" content=\"Deuxi\u00e8me \u00e9vasion de prison du plus puissant narcotrafiquant au monde\" \/>\n<meta property=\"og:url\" content=\"https:\/\/www.webdo.tn\/fr\/actualite\/international\/deuxieme-evasion-de-prison-du-plus-puissant-narcotrafiquant-au-monde\/184054\/\" \/>\n<meta property=\"og:site_name\" content=\"webdo\" \/>\n<meta property=\"article:publisher\" content=\"https:\/\/www.facebook.com\/webdotn\" \/>\n<meta property=\"article:published_time\" content=\"2015-07-15T12:07:00+00:00\" \/>\n<meta property=\"og:image\" content=\"https:\/\/www.webdo.tn\/fr\/wp-content\/uploads\/2015\/07\/webdo_default-19.jpg\" \/>\n\t<meta property=\"og:image:width\" content=\"800\" \/>\n\t<meta property=\"og:image:height\" content=\"500\" \/>\n\t<meta property=\"og:image:type\" content=\"image\/jpeg\" \/>\n<meta name=\"author\" content=\"webdo.tn\" \/>\n<meta name=\"twitter:card\" content=\"summary_large_image\" \/>\n<meta name=\"twitter:creator\" content=\"@webdo_tn\" \/>\n<meta name=\"twitter:site\" content=\"@webdo_tn\" \/>\n<meta name=\"twitter:label1\" content=\"\u00c9crit par\" \/>\n\t<meta name=\"twitter:data1\" content=\"webdo.tn\" \/>\n\t<meta name=\"twitter:label2\" content=\"Dur\u00e9e de lecture estim\u00e9e\" \/>\n\t<meta name=\"twitter:data2\" content=\"1 minute\" \/>\n<script type=\"application\/ld+json\" class=\"yoast-schema-graph\">{\"@context\":\"https:\\\/\\\/schema.org\",\"@graph\":[{\"@type\":\"NewsArticle\",\"@id\":\"https:\\\/\\\/www.webdo.tn\\\/fr\\\/actualite\\\/international\\\/deuxieme-evasion-de-prison-du-plus-puissant-narcotrafiquant-au-monde\\\/184054\\\/#article\",\"isPartOf\":{\"@id\":\"https:\\\/\\\/www.webdo.tn\\\/fr\\\/actualite\\\/international\\\/deuxieme-evasion-de-prison-du-plus-puissant-narcotrafiquant-au-monde\\\/184054\\\/\"},\"author\":{\"name\":\"webdo.tn\",\"@id\":\"https:\\\/\\\/www.webdo.tn\\\/fr\\\/#\\\/schema\\\/person\\\/9a9c6118d687c117df8ef3cc36a4d175\"},\"headline\":\"Deuxi\u00e8me \u00e9vasion de prison du \u00ab\u00a0plus puissant narcotrafiquant au monde\u00a0\u00bb\",\"datePublished\":\"2015-07-15T12:07:00+00:00\",\"mainEntityOfPage\":{\"@id\":\"https:\\\/\\\/www.webdo.tn\\\/fr\\\/actualite\\\/international\\\/deuxieme-evasion-de-prison-du-plus-puissant-narcotrafiquant-au-monde\\\/184054\\\/\"},\"wordCount\":161,\"commentCount\":0,\"publisher\":{\"@id\":\"https:\\\/\\\/www.webdo.tn\\\/fr\\\/#organization\"},\"image\":{\"@id\":\"https:\\\/\\\/www.webdo.tn\\\/fr\\\/actualite\\\/international\\\/deuxieme-evasion-de-prison-du-plus-puissant-narcotrafiquant-au-monde\\\/184054\\\/#primaryimage\"},\"thumbnailUrl\":\"https:\\\/\\\/www.webdo.tn\\\/fr\\\/wp-content\\\/uploads\\\/2015\\\/07\\\/webdo_default-19.jpg\",\"keywords\":[\"guerre\"],\"articleSection\":[\"International\"],\"inLanguage\":\"fr-FR\"},{\"@type\":\"WebPage\",\"@id\":\"https:\\\/\\\/www.webdo.tn\\\/fr\\\/actualite\\\/international\\\/deuxieme-evasion-de-prison-du-plus-puissant-narcotrafiquant-au-monde\\\/184054\\\/\",\"url\":\"https:\\\/\\\/www.webdo.tn\\\/fr\\\/actualite\\\/international\\\/deuxieme-evasion-de-prison-du-plus-puissant-narcotrafiquant-au-monde\\\/184054\\\/\",\"name\":\"Deuxi\u00e8me \u00e9vasion de prison du plus puissant narcotrafiquant au monde\",\"isPartOf\":{\"@id\":\"https:\\\/\\\/www.webdo.tn\\\/fr\\\/#website\"},\"primaryImageOfPage\":{\"@id\":\"https:\\\/\\\/www.webdo.tn\\\/fr\\\/actualite\\\/international\\\/deuxieme-evasion-de-prison-du-plus-puissant-narcotrafiquant-au-monde\\\/184054\\\/#primaryimage\"},\"image\":{\"@id\":\"https:\\\/\\\/www.webdo.tn\\\/fr\\\/actualite\\\/international\\\/deuxieme-evasion-de-prison-du-plus-puissant-narcotrafiquant-au-monde\\\/184054\\\/#primaryimage\"},\"thumbnailUrl\":\"https:\\\/\\\/www.webdo.tn\\\/fr\\\/wp-content\\\/uploads\\\/2015\\\/07\\\/webdo_default-19.jpg\",\"datePublished\":\"2015-07-15T12:07:00+00:00\",\"description\":\"Deuxi\u00e8me \u00e9vasion de prison du plus puissant narcotrafiquant au monde\",\"breadcrumb\":{\"@id\":\"https:\\\/\\\/www.webdo.tn\\\/fr\\\/actualite\\\/international\\\/deuxieme-evasion-de-prison-du-plus-puissant-narcotrafiquant-au-monde\\\/184054\\\/#breadcrumb\"},\"inLanguage\":\"fr-FR\",\"potentialAction\":[{\"@type\":\"ReadAction\",\"target\":[\"https:\\\/\\\/www.webdo.tn\\\/fr\\\/actualite\\\/international\\\/deuxieme-evasion-de-prison-du-plus-puissant-narcotrafiquant-au-monde\\\/184054\\\/\"]}]},{\"@type\":\"ImageObject\",\"inLanguage\":\"fr-FR\",\"@id\":\"https:\\\/\\\/www.webdo.tn\\\/fr\\\/actualite\\\/international\\\/deuxieme-evasion-de-prison-du-plus-puissant-narcotrafiquant-au-monde\\\/184054\\\/#primaryimage\",\"url\":\"https:\\\/\\\/www.webdo.tn\\\/fr\\\/wp-content\\\/uploads\\\/2015\\\/07\\\/webdo_default-19.jpg\",\"contentUrl\":\"https:\\\/\\\/www.webdo.tn\\\/fr\\\/wp-content\\\/uploads\\\/2015\\\/07\\\/webdo_default-19.jpg\",\"width\":800,\"height\":500,\"caption\":\"Deuxi\u00e8me \u00e9vasion de prison du \\\"plus puissant narcotrafiquant au monde\\\"\"},{\"@type\":\"BreadcrumbList\",\"@id\":\"https:\\\/\\\/www.webdo.tn\\\/fr\\\/actualite\\\/international\\\/deuxieme-evasion-de-prison-du-plus-puissant-narcotrafiquant-au-monde\\\/184054\\\/#breadcrumb\",\"itemListElement\":[{\"@type\":\"ListItem\",\"position\":1,\"name\":\"Accueil\",\"item\":\"https:\\\/\\\/www.webdo.tn\\\/fr\\\/\"},{\"@type\":\"ListItem\",\"position\":2,\"name\":\"Deuxi\u00e8me \u00e9vasion de prison du \u00ab\u00a0plus puissant narcotrafiquant au monde\u00a0\u00bb\"}]},{\"@type\":\"WebSite\",\"@id\":\"https:\\\/\\\/www.webdo.tn\\\/fr\\\/#website\",\"url\":\"https:\\\/\\\/www.webdo.tn\\\/fr\\\/\",\"name\":\"webdo\",\"description\":\"Tunisie - News en Tunisie et \u00e0 l&#039;international sur Webdo.tn\",\"publisher\":{\"@id\":\"https:\\\/\\\/www.webdo.tn\\\/fr\\\/#organization\"},\"potentialAction\":[{\"@type\":\"SearchAction\",\"target\":{\"@type\":\"EntryPoint\",\"urlTemplate\":\"https:\\\/\\\/www.webdo.tn\\\/fr\\\/?s={search_term_string}\"},\"query-input\":{\"@type\":\"PropertyValueSpecification\",\"valueRequired\":true,\"valueName\":\"search_term_string\"}}],\"inLanguage\":\"fr-FR\"},{\"@type\":\"Organization\",\"@id\":\"https:\\\/\\\/www.webdo.tn\\\/fr\\\/#organization\",\"name\":\"Webdo\",\"alternateName\":\"Webdo.tn\",\"url\":\"https:\\\/\\\/www.webdo.tn\\\/fr\\\/\",\"logo\":{\"@type\":\"ImageObject\",\"inLanguage\":\"fr-FR\",\"@id\":\"https:\\\/\\\/www.webdo.tn\\\/fr\\\/#\\\/schema\\\/logo\\\/image\\\/\",\"url\":\"https:\\\/\\\/www.webdo.tn\\\/fr\\\/wp-content\\\/uploads\\\/2025\\\/06\\\/Webdo-Tunisie_168377.jpg\",\"contentUrl\":\"https:\\\/\\\/www.webdo.tn\\\/fr\\\/wp-content\\\/uploads\\\/2025\\\/06\\\/Webdo-Tunisie_168377.jpg\",\"width\":301,\"height\":301,\"caption\":\"Webdo\"},\"image\":{\"@id\":\"https:\\\/\\\/www.webdo.tn\\\/fr\\\/#\\\/schema\\\/logo\\\/image\\\/\"},\"sameAs\":[\"https:\\\/\\\/www.facebook.com\\\/webdotn\",\"https:\\\/\\\/x.com\\\/webdo_tn\"],\"description\":\"Webdo est un m\u00e9dia num\u00e9rique tunisien fond\u00e9 en 2010, sp\u00e9cialis\u00e9 dans l\u2019actualit\u00e9 nationale et internationale, l\u2019\u00e9conomie, la soci\u00e9t\u00e9 et les analyses politiques. Le site s\u2019adresse \u00e0 un large public francophone et couvre l\u2019information tunisienne en temps r\u00e9el.\",\"email\":\"redac@webdo.tn\",\"legalName\":\"YNJ SARL\",\"foundingDate\":\"2010-09-06\",\"numberOfEmployees\":{\"@type\":\"QuantitativeValue\",\"minValue\":\"11\",\"maxValue\":\"50\"}},{\"@type\":\"Person\",\"@id\":\"https:\\\/\\\/www.webdo.tn\\\/fr\\\/#\\\/schema\\\/person\\\/9a9c6118d687c117df8ef3cc36a4d175\",\"name\":\"webdo.tn\",\"image\":{\"@type\":\"ImageObject\",\"inLanguage\":\"fr-FR\",\"@id\":\"https:\\\/\\\/secure.gravatar.com\\\/avatar\\\/7ce1f28c0c3bbac99ff550b85ef8e44a6950c6ee24514fb6a5489e51d06f0298?s=96&d=mm&r=g\",\"url\":\"https:\\\/\\\/secure.gravatar.com\\\/avatar\\\/7ce1f28c0c3bbac99ff550b85ef8e44a6950c6ee24514fb6a5489e51d06f0298?s=96&d=mm&r=g\",\"contentUrl\":\"https:\\\/\\\/secure.gravatar.com\\\/avatar\\\/7ce1f28c0c3bbac99ff550b85ef8e44a6950c6ee24514fb6a5489e51d06f0298?s=96&d=mm&r=g\",\"caption\":\"webdo.tn\"},\"url\":\"https:\\\/\\\/www.webdo.tn\\\/fr\\\/actualite\\\/author\\\/webdotn\\\/\"}]}<\/script>\n<!-- \/ Yoast SEO Premium plugin. -->","yoast_head_json":{"title":"Deuxi\u00e8me \u00e9vasion de prison du plus puissant narcotrafiquant au monde","description":"Deuxi\u00e8me \u00e9vasion de prison du plus puissant narcotrafiquant au monde","canonical":"https:\/\/www.webdo.tn\/fr\/actualite\/international\/deuxieme-evasion-de-prison-du-plus-puissant-narcotrafiquant-au-monde\/184054\/","og_locale":"fr_FR","og_type":"article","og_title":"Deuxi\u00e8me \u00e9vasion de prison du \"plus puissant narcotrafiquant au monde\"","og_description":"Deuxi\u00e8me \u00e9vasion de prison du plus puissant narcotrafiquant au monde","og_url":"https:\/\/www.webdo.tn\/fr\/actualite\/international\/deuxieme-evasion-de-prison-du-plus-puissant-narcotrafiquant-au-monde\/184054\/","og_site_name":"webdo","article_publisher":"https:\/\/www.facebook.com\/webdotn","article_published_time":"2015-07-15T12:07:00+00:00","og_image":[{"width":800,"height":500,"url":"https:\/\/www.webdo.tn\/fr\/wp-content\/uploads\/2015\/07\/webdo_default-19.jpg","type":"image\/jpeg"}],"author":"webdo.tn","twitter_card":"summary_large_image","twitter_creator":"@webdo_tn","twitter_site":"@webdo_tn","twitter_misc":{"\u00c9crit par":"webdo.tn","Dur\u00e9e de lecture estim\u00e9e":"1 minute"},"schema":{"@context":"https:\/\/schema.org","@graph":[{"@type":"NewsArticle","@id":"https:\/\/www.webdo.tn\/fr\/actualite\/international\/deuxieme-evasion-de-prison-du-plus-puissant-narcotrafiquant-au-monde\/184054\/#article","isPartOf":{"@id":"https:\/\/www.webdo.tn\/fr\/actualite\/international\/deuxieme-evasion-de-prison-du-plus-puissant-narcotrafiquant-au-monde\/184054\/"},"author":{"name":"webdo.tn","@id":"https:\/\/www.webdo.tn\/fr\/#\/schema\/person\/9a9c6118d687c117df8ef3cc36a4d175"},"headline":"Deuxi\u00e8me \u00e9vasion de prison du \u00ab\u00a0plus puissant narcotrafiquant au monde\u00a0\u00bb","datePublished":"2015-07-15T12:07:00+00:00","mainEntityOfPage":{"@id":"https:\/\/www.webdo.tn\/fr\/actualite\/international\/deuxieme-evasion-de-prison-du-plus-puissant-narcotrafiquant-au-monde\/184054\/"},"wordCount":161,"commentCount":0,"publisher":{"@id":"https:\/\/www.webdo.tn\/fr\/#organization"},"image":{"@id":"https:\/\/www.webdo.tn\/fr\/actualite\/international\/deuxieme-evasion-de-prison-du-plus-puissant-narcotrafiquant-au-monde\/184054\/#primaryimage"},"thumbnailUrl":"https:\/\/www.webdo.tn\/fr\/wp-content\/uploads\/2015\/07\/webdo_default-19.jpg","keywords":["guerre"],"articleSection":["International"],"inLanguage":"fr-FR"},{"@type":"WebPage","@id":"https:\/\/www.webdo.tn\/fr\/actualite\/international\/deuxieme-evasion-de-prison-du-plus-puissant-narcotrafiquant-au-monde\/184054\/","url":"https:\/\/www.webdo.tn\/fr\/actualite\/international\/deuxieme-evasion-de-prison-du-plus-puissant-narcotrafiquant-au-monde\/184054\/","name":"Deuxi\u00e8me \u00e9vasion de prison du plus puissant narcotrafiquant au monde","isPartOf":{"@id":"https:\/\/www.webdo.tn\/fr\/#website"},"primaryImageOfPage":{"@id":"https:\/\/www.webdo.tn\/fr\/actualite\/international\/deuxieme-evasion-de-prison-du-plus-puissant-narcotrafiquant-au-monde\/184054\/#primaryimage"},"image":{"@id":"https:\/\/www.webdo.tn\/fr\/actualite\/international\/deuxieme-evasion-de-prison-du-plus-puissant-narcotrafiquant-au-monde\/184054\/#primaryimage"},"thumbnailUrl":"https:\/\/www.webdo.tn\/fr\/wp-content\/uploads\/2015\/07\/webdo_default-19.jpg","datePublished":"2015-07-15T12:07:00+00:00","description":"Deuxi\u00e8me \u00e9vasion de prison du plus puissant narcotrafiquant au monde","breadcrumb":{"@id":"https:\/\/www.webdo.tn\/fr\/actualite\/international\/deuxieme-evasion-de-prison-du-plus-puissant-narcotrafiquant-au-monde\/184054\/#breadcrumb"},"inLanguage":"fr-FR","potentialAction":[{"@type":"ReadAction","target":["https:\/\/www.webdo.tn\/fr\/actualite\/international\/deuxieme-evasion-de-prison-du-plus-puissant-narcotrafiquant-au-monde\/184054\/"]}]},{"@type":"ImageObject","inLanguage":"fr-FR","@id":"https:\/\/www.webdo.tn\/fr\/actualite\/international\/deuxieme-evasion-de-prison-du-plus-puissant-narcotrafiquant-au-monde\/184054\/#primaryimage","url":"https:\/\/www.webdo.tn\/fr\/wp-content\/uploads\/2015\/07\/webdo_default-19.jpg","contentUrl":"https:\/\/www.webdo.tn\/fr\/wp-content\/uploads\/2015\/07\/webdo_default-19.jpg","width":800,"height":500,"caption":"Deuxi\u00e8me \u00e9vasion de prison du \"plus puissant narcotrafiquant au monde\""},{"@type":"BreadcrumbList","@id":"https:\/\/www.webdo.tn\/fr\/actualite\/international\/deuxieme-evasion-de-prison-du-plus-puissant-narcotrafiquant-au-monde\/184054\/#breadcrumb","itemListElement":[{"@type":"ListItem","position":1,"name":"Accueil","item":"https:\/\/www.webdo.tn\/fr\/"},{"@type":"ListItem","position":2,"name":"Deuxi\u00e8me \u00e9vasion de prison du \u00ab\u00a0plus puissant narcotrafiquant au monde\u00a0\u00bb"}]},{"@type":"WebSite","@id":"https:\/\/www.webdo.tn\/fr\/#website","url":"https:\/\/www.webdo.tn\/fr\/","name":"webdo","description":"Tunisie - News en Tunisie et \u00e0 l&#039;international sur Webdo.tn","publisher":{"@id":"https:\/\/www.webdo.tn\/fr\/#organization"},"potentialAction":[{"@type":"SearchAction","target":{"@type":"EntryPoint","urlTemplate":"https:\/\/www.webdo.tn\/fr\/?s={search_term_string}"},"query-input":{"@type":"PropertyValueSpecification","valueRequired":true,"valueName":"search_term_string"}}],"inLanguage":"fr-FR"},{"@type":"Organization","@id":"https:\/\/www.webdo.tn\/fr\/#organization","name":"Webdo","alternateName":"Webdo.tn","url":"https:\/\/www.webdo.tn\/fr\/","logo":{"@type":"ImageObject","inLanguage":"fr-FR","@id":"https:\/\/www.webdo.tn\/fr\/#\/schema\/logo\/image\/","url":"https:\/\/www.webdo.tn\/fr\/wp-content\/uploads\/2025\/06\/Webdo-Tunisie_168377.jpg","contentUrl":"https:\/\/www.webdo.tn\/fr\/wp-content\/uploads\/2025\/06\/Webdo-Tunisie_168377.jpg","width":301,"height":301,"caption":"Webdo"},"image":{"@id":"https:\/\/www.webdo.tn\/fr\/#\/schema\/logo\/image\/"},"sameAs":["https:\/\/www.facebook.com\/webdotn","https:\/\/x.com\/webdo_tn"],"description":"Webdo est un m\u00e9dia num\u00e9rique tunisien fond\u00e9 en 2010, sp\u00e9cialis\u00e9 dans l\u2019actualit\u00e9 nationale et internationale, l\u2019\u00e9conomie, la soci\u00e9t\u00e9 et les analyses politiques. Le site s\u2019adresse \u00e0 un large public francophone et couvre l\u2019information tunisienne en temps r\u00e9el.","email":"redac@webdo.tn","legalName":"YNJ SARL","foundingDate":"2010-09-06","numberOfEmployees":{"@type":"QuantitativeValue","minValue":"11","maxValue":"50"}},{"@type":"Person","@id":"https:\/\/www.webdo.tn\/fr\/#\/schema\/person\/9a9c6118d687c117df8ef3cc36a4d175","name":"webdo.tn","image":{"@type":"ImageObject","inLanguage":"fr-FR","@id":"https:\/\/secure.gravatar.com\/avatar\/7ce1f28c0c3bbac99ff550b85ef8e44a6950c6ee24514fb6a5489e51d06f0298?s=96&d=mm&r=g","url":"https:\/\/secure.gravatar.com\/avatar\/7ce1f28c0c3bbac99ff550b85ef8e44a6950c6ee24514fb6a5489e51d06f0298?s=96&d=mm&r=g","contentUrl":"https:\/\/secure.gravatar.com\/avatar\/7ce1f28c0c3bbac99ff550b85ef8e44a6950c6ee24514fb6a5489e51d06f0298?s=96&d=mm&r=g","caption":"webdo.tn"},"url":"https:\/\/www.webdo.tn\/fr\/actualite\/author\/webdotn\/"}]}},"_links":{"self":[{"href":"https:\/\/www.webdo.tn\/fr\/wp-json\/wp\/v2\/posts\/184054","targetHints":{"allow":["GET"]}}],"collection":[{"href":"https:\/\/www.webdo.tn\/fr\/wp-json\/wp\/v2\/posts"}],"about":[{"href":"https:\/\/www.webdo.tn\/fr\/wp-json\/wp\/v2\/types\/post"}],"author":[{"embeddable":true,"href":"https:\/\/www.webdo.tn\/fr\/wp-json\/wp\/v2\/users\/3222"}],"replies":[{"embeddable":true,"href":"https:\/\/www.webdo.tn\/fr\/wp-json\/wp\/v2\/comments?post=184054"}],"version-history":[{"count":0,"href":"https:\/\/www.webdo.tn\/fr\/wp-json\/wp\/v2\/posts\/184054\/revisions"}],"wp:featuredmedia":[{"embeddable":true,"href":"https:\/\/www.webdo.tn\/fr\/wp-json\/wp\/v2\/media\/336073"}],"wp:attachment":[{"href":"https:\/\/www.webdo.tn\/fr\/wp-json\/wp\/v2\/media?parent=184054"}],"wp:term":[{"taxonomy":"category","embeddable":true,"href":"https:\/\/www.webdo.tn\/fr\/wp-json\/wp\/v2\/categories?post=184054"},{"taxonomy":"post_tag","embeddable":true,"href":"https:\/\/www.webdo.tn\/fr\/wp-json\/wp\/v2\/tags?post=184054"}],"curies":[{"name":"wp","href":"https:\/\/api.w.org\/{rel}","templated":true}]}}