{"id":184053,"date":"2015-07-20T10:55:00","date_gmt":"2015-07-20T10:55:00","guid":{"rendered":"https:\/\/www.webdo.tn\/fr\/blog\/54-ans-apres-le-drapeau-cubain-flotte-sur-washington\/184053\/"},"modified":"2015-07-20T10:55:00","modified_gmt":"2015-07-20T10:55:00","slug":"54-ans-apres-le-drapeau-cubain-flotte-sur-washington","status":"publish","type":"post","link":"https:\/\/www.webdo.tn\/fr\/actualite\/international\/54-ans-apres-le-drapeau-cubain-flotte-sur-washington\/184053\/","title":{"rendered":"54 ans apr\u00e8s, le drapeau cubain flotte sur Washington"},"content":{"rendered":"<p>Depuis la r\u00e9volution cubaine en 1959, les relations entre Washington et la Havane n\u2019ont cess\u00e9 de se d\u00e9t\u00e9riorer pour atteindre un point de non retour, en avril 1961, avec le fameux d\u00e9barquement de la Baie des Cochons. Depuis, pr\u00e9cis\u00e9ment le 7 f\u00e9vrier 1962, Cuba a \u00e9t\u00e9 soumise \u00e0 un embargo draconien.<\/p>\n<p>Cela fait de cette journ\u00e9e du lundi 20 juillet une journ\u00e9e historique et pas mal de Cubains et d\u2019Am\u00e9ricains ayant v\u00e9cu cet \u00e9pisode phare de la guerre froide entre les USA et Moscou auront du mal \u00e0 r\u00e9aliser que le drapeau cubain va flotter sur Washington.<br \/>\nObama, un pr\u00e9sident \u00ab no frost \u00bb<br \/>\n C\u2019est donc aujourd\u2019hui que la banni\u00e8re cubaine a \u00e9t\u00e9 hiss\u00e9e au d\u00e9partement d&rsquo;Etat am\u00e9ricain, marquant le r\u00e9tablissement historique des relations diplomatiques entre La Havane et Washington.<\/p>\n<p>Le drapeau de Cuba, aux couleurs rouge, blanc et bleu, a \u00e9t\u00e9 ajout\u00e9 aux \u00e9tendards d&rsquo;autres pays \u00e0 l&rsquo;ext\u00e9rieur du b\u00e2timent, dans la capitale am\u00e9ricaine, a rapport\u00e9 un photographe de l&rsquo;AFP. Le drapeau devait \u00e9galement \u00eatre hiss\u00e9 \u00e0 la mission diplomatique cubaine de Washington, \u00e9lev\u00e9e au rang d&rsquo;ambassade.<\/p>\n<p>Cet \u00e9v\u00e9nement vient s\u2019ajouter au \u00ab d\u00e9givrage \u00bb des relations irano-occidentales, dont Obama est l\u2019un des artisans.<\/p>\n<p>Le pr\u00e9sident US s\u2019att\u00e8le de plus en plus dans son second mandat \u00e0 \u00ab r\u00e9chauffer \u00bb les recoins givr\u00e9s de sa diplomatie. C\u2019est, en quelque sorte, le premier Chef d\u2019Etat am\u00e9ricain \u00ab no frost \u00bb<\/p>\n","protected":false},"excerpt":{"rendered":"<p>54 ans apr\u00e8s, le drapeau cubain flotte sur Washington<\/p>\n","protected":false},"author":3222,"featured_media":336083,"comment_status":"open","ping_status":"closed","sticky":false,"template":"","format":"standard","meta":{"footnotes":""},"categories":[2598],"tags":[2600],"class_list":["post-184053","post","type-post","status-publish","format-standard","has-post-thumbnail","hentry","category-international","tag-guerre"],"yoast_head":"<!-- This site is optimized with the Yoast SEO Premium plugin v27.5 (Yoast SEO v27.5) - https:\/\/yoast.com\/product\/yoast-seo-premium-wordpress\/ -->\n<title>54 ans apr\u00e8s, le drapeau cubain flotte sur Washington<\/title>\n<meta name=\"description\" content=\"54 ans apr\u00e8s, le drapeau cubain flotte sur Washington\" \/>\n<link rel=\"canonical\" href=\"https:\/\/www.webdo.tn\/fr\/actualite\/international\/54-ans-apres-le-drapeau-cubain-flotte-sur-washington\/184053\/\" \/>\n<meta property=\"og:locale\" content=\"fr_FR\" \/>\n<meta property=\"og:type\" content=\"article\" \/>\n<meta property=\"og:title\" content=\"54 ans apr\u00e8s, le drapeau cubain flotte sur Washington\" \/>\n<meta property=\"og:description\" content=\"54 ans apr\u00e8s, le drapeau cubain flotte sur Washington\" \/>\n<meta property=\"og:url\" content=\"https:\/\/www.webdo.tn\/fr\/actualite\/international\/54-ans-apres-le-drapeau-cubain-flotte-sur-washington\/184053\/\" \/>\n<meta property=\"og:site_name\" content=\"webdo\" \/>\n<meta property=\"article:publisher\" content=\"https:\/\/www.facebook.com\/webdotn\" \/>\n<meta property=\"article:published_time\" content=\"2015-07-20T10:55:00+00:00\" \/>\n<meta property=\"og:image\" content=\"https:\/\/www.webdo.tn\/fr\/wp-content\/uploads\/2015\/07\/cuba.jpg\" \/>\n\t<meta property=\"og:image:width\" content=\"600\" \/>\n\t<meta property=\"og:image:height\" content=\"308\" \/>\n\t<meta property=\"og:image:type\" content=\"image\/jpeg\" \/>\n<meta name=\"author\" content=\"webdo.tn\" \/>\n<meta name=\"twitter:card\" content=\"summary_large_image\" \/>\n<meta name=\"twitter:creator\" content=\"@webdo_tn\" \/>\n<meta name=\"twitter:site\" content=\"@webdo_tn\" \/>\n<meta name=\"twitter:label1\" content=\"\u00c9crit par\" \/>\n\t<meta name=\"twitter:data1\" content=\"webdo.tn\" \/>\n\t<meta name=\"twitter:label2\" content=\"Dur\u00e9e de lecture estim\u00e9e\" \/>\n\t<meta name=\"twitter:data2\" content=\"1 minute\" \/>\n<script type=\"application\/ld+json\" class=\"yoast-schema-graph\">{\"@context\":\"https:\\\/\\\/schema.org\",\"@graph\":[{\"@type\":\"NewsArticle\",\"@id\":\"https:\\\/\\\/www.webdo.tn\\\/fr\\\/actualite\\\/international\\\/54-ans-apres-le-drapeau-cubain-flotte-sur-washington\\\/184053\\\/#article\",\"isPartOf\":{\"@id\":\"https:\\\/\\\/www.webdo.tn\\\/fr\\\/actualite\\\/international\\\/54-ans-apres-le-drapeau-cubain-flotte-sur-washington\\\/184053\\\/\"},\"author\":{\"name\":\"webdo.tn\",\"@id\":\"https:\\\/\\\/www.webdo.tn\\\/fr\\\/#\\\/schema\\\/person\\\/9a9c6118d687c117df8ef3cc36a4d175\"},\"headline\":\"54 ans apr\u00e8s, le drapeau cubain flotte sur Washington\",\"datePublished\":\"2015-07-20T10:55:00+00:00\",\"mainEntityOfPage\":{\"@id\":\"https:\\\/\\\/www.webdo.tn\\\/fr\\\/actualite\\\/international\\\/54-ans-apres-le-drapeau-cubain-flotte-sur-washington\\\/184053\\\/\"},\"wordCount\":264,\"commentCount\":0,\"publisher\":{\"@id\":\"https:\\\/\\\/www.webdo.tn\\\/fr\\\/#organization\"},\"image\":{\"@id\":\"https:\\\/\\\/www.webdo.tn\\\/fr\\\/actualite\\\/international\\\/54-ans-apres-le-drapeau-cubain-flotte-sur-washington\\\/184053\\\/#primaryimage\"},\"thumbnailUrl\":\"https:\\\/\\\/www.webdo.tn\\\/fr\\\/wp-content\\\/uploads\\\/2015\\\/07\\\/cuba.jpg\",\"keywords\":[\"guerre\"],\"articleSection\":[\"International\"],\"inLanguage\":\"fr-FR\"},{\"@type\":\"WebPage\",\"@id\":\"https:\\\/\\\/www.webdo.tn\\\/fr\\\/actualite\\\/international\\\/54-ans-apres-le-drapeau-cubain-flotte-sur-washington\\\/184053\\\/\",\"url\":\"https:\\\/\\\/www.webdo.tn\\\/fr\\\/actualite\\\/international\\\/54-ans-apres-le-drapeau-cubain-flotte-sur-washington\\\/184053\\\/\",\"name\":\"54 ans apr\u00e8s, le drapeau cubain flotte sur Washington\",\"isPartOf\":{\"@id\":\"https:\\\/\\\/www.webdo.tn\\\/fr\\\/#website\"},\"primaryImageOfPage\":{\"@id\":\"https:\\\/\\\/www.webdo.tn\\\/fr\\\/actualite\\\/international\\\/54-ans-apres-le-drapeau-cubain-flotte-sur-washington\\\/184053\\\/#primaryimage\"},\"image\":{\"@id\":\"https:\\\/\\\/www.webdo.tn\\\/fr\\\/actualite\\\/international\\\/54-ans-apres-le-drapeau-cubain-flotte-sur-washington\\\/184053\\\/#primaryimage\"},\"thumbnailUrl\":\"https:\\\/\\\/www.webdo.tn\\\/fr\\\/wp-content\\\/uploads\\\/2015\\\/07\\\/cuba.jpg\",\"datePublished\":\"2015-07-20T10:55:00+00:00\",\"description\":\"54 ans apr\u00e8s, le drapeau cubain flotte sur Washington\",\"breadcrumb\":{\"@id\":\"https:\\\/\\\/www.webdo.tn\\\/fr\\\/actualite\\\/international\\\/54-ans-apres-le-drapeau-cubain-flotte-sur-washington\\\/184053\\\/#breadcrumb\"},\"inLanguage\":\"fr-FR\",\"potentialAction\":[{\"@type\":\"ReadAction\",\"target\":[\"https:\\\/\\\/www.webdo.tn\\\/fr\\\/actualite\\\/international\\\/54-ans-apres-le-drapeau-cubain-flotte-sur-washington\\\/184053\\\/\"]}]},{\"@type\":\"ImageObject\",\"inLanguage\":\"fr-FR\",\"@id\":\"https:\\\/\\\/www.webdo.tn\\\/fr\\\/actualite\\\/international\\\/54-ans-apres-le-drapeau-cubain-flotte-sur-washington\\\/184053\\\/#primaryimage\",\"url\":\"https:\\\/\\\/www.webdo.tn\\\/fr\\\/wp-content\\\/uploads\\\/2015\\\/07\\\/cuba.jpg\",\"contentUrl\":\"https:\\\/\\\/www.webdo.tn\\\/fr\\\/wp-content\\\/uploads\\\/2015\\\/07\\\/cuba.jpg\",\"width\":600,\"height\":308,\"caption\":\"54 ans apr\u00e8s, le drapeau cubain flotte sur Washington\"},{\"@type\":\"BreadcrumbList\",\"@id\":\"https:\\\/\\\/www.webdo.tn\\\/fr\\\/actualite\\\/international\\\/54-ans-apres-le-drapeau-cubain-flotte-sur-washington\\\/184053\\\/#breadcrumb\",\"itemListElement\":[{\"@type\":\"ListItem\",\"position\":1,\"name\":\"Accueil\",\"item\":\"https:\\\/\\\/www.webdo.tn\\\/fr\\\/\"},{\"@type\":\"ListItem\",\"position\":2,\"name\":\"54 ans apr\u00e8s, le drapeau cubain flotte sur Washington\"}]},{\"@type\":\"WebSite\",\"@id\":\"https:\\\/\\\/www.webdo.tn\\\/fr\\\/#website\",\"url\":\"https:\\\/\\\/www.webdo.tn\\\/fr\\\/\",\"name\":\"webdo\",\"description\":\"Tunisie - News en Tunisie et \u00e0 l&#039;international sur Webdo.tn\",\"publisher\":{\"@id\":\"https:\\\/\\\/www.webdo.tn\\\/fr\\\/#organization\"},\"potentialAction\":[{\"@type\":\"SearchAction\",\"target\":{\"@type\":\"EntryPoint\",\"urlTemplate\":\"https:\\\/\\\/www.webdo.tn\\\/fr\\\/?s={search_term_string}\"},\"query-input\":{\"@type\":\"PropertyValueSpecification\",\"valueRequired\":true,\"valueName\":\"search_term_string\"}}],\"inLanguage\":\"fr-FR\"},{\"@type\":\"Organization\",\"@id\":\"https:\\\/\\\/www.webdo.tn\\\/fr\\\/#organization\",\"name\":\"Webdo\",\"alternateName\":\"Webdo.tn\",\"url\":\"https:\\\/\\\/www.webdo.tn\\\/fr\\\/\",\"logo\":{\"@type\":\"ImageObject\",\"inLanguage\":\"fr-FR\",\"@id\":\"https:\\\/\\\/www.webdo.tn\\\/fr\\\/#\\\/schema\\\/logo\\\/image\\\/\",\"url\":\"https:\\\/\\\/www.webdo.tn\\\/fr\\\/wp-content\\\/uploads\\\/2025\\\/06\\\/Webdo-Tunisie_168377.jpg\",\"contentUrl\":\"https:\\\/\\\/www.webdo.tn\\\/fr\\\/wp-content\\\/uploads\\\/2025\\\/06\\\/Webdo-Tunisie_168377.jpg\",\"width\":301,\"height\":301,\"caption\":\"Webdo\"},\"image\":{\"@id\":\"https:\\\/\\\/www.webdo.tn\\\/fr\\\/#\\\/schema\\\/logo\\\/image\\\/\"},\"sameAs\":[\"https:\\\/\\\/www.facebook.com\\\/webdotn\",\"https:\\\/\\\/x.com\\\/webdo_tn\"],\"description\":\"Webdo est un m\u00e9dia num\u00e9rique tunisien fond\u00e9 en 2010, sp\u00e9cialis\u00e9 dans l\u2019actualit\u00e9 nationale et internationale, l\u2019\u00e9conomie, la soci\u00e9t\u00e9 et les analyses politiques. Le site s\u2019adresse \u00e0 un large public francophone et couvre l\u2019information tunisienne en temps r\u00e9el.\",\"email\":\"redac@webdo.tn\",\"legalName\":\"YNJ SARL\",\"foundingDate\":\"2010-09-06\",\"numberOfEmployees\":{\"@type\":\"QuantitativeValue\",\"minValue\":\"11\",\"maxValue\":\"50\"}},{\"@type\":\"Person\",\"@id\":\"https:\\\/\\\/www.webdo.tn\\\/fr\\\/#\\\/schema\\\/person\\\/9a9c6118d687c117df8ef3cc36a4d175\",\"name\":\"webdo.tn\",\"image\":{\"@type\":\"ImageObject\",\"inLanguage\":\"fr-FR\",\"@id\":\"https:\\\/\\\/secure.gravatar.com\\\/avatar\\\/7ce1f28c0c3bbac99ff550b85ef8e44a6950c6ee24514fb6a5489e51d06f0298?s=96&d=mm&r=g\",\"url\":\"https:\\\/\\\/secure.gravatar.com\\\/avatar\\\/7ce1f28c0c3bbac99ff550b85ef8e44a6950c6ee24514fb6a5489e51d06f0298?s=96&d=mm&r=g\",\"contentUrl\":\"https:\\\/\\\/secure.gravatar.com\\\/avatar\\\/7ce1f28c0c3bbac99ff550b85ef8e44a6950c6ee24514fb6a5489e51d06f0298?s=96&d=mm&r=g\",\"caption\":\"webdo.tn\"},\"url\":\"https:\\\/\\\/www.webdo.tn\\\/fr\\\/actualite\\\/author\\\/webdotn\\\/\"}]}<\/script>\n<!-- \/ Yoast SEO Premium plugin. -->","yoast_head_json":{"title":"54 ans apr\u00e8s, le drapeau cubain flotte sur Washington","description":"54 ans apr\u00e8s, le drapeau cubain flotte sur Washington","canonical":"https:\/\/www.webdo.tn\/fr\/actualite\/international\/54-ans-apres-le-drapeau-cubain-flotte-sur-washington\/184053\/","og_locale":"fr_FR","og_type":"article","og_title":"54 ans apr\u00e8s, le drapeau cubain flotte sur Washington","og_description":"54 ans apr\u00e8s, le drapeau cubain flotte sur Washington","og_url":"https:\/\/www.webdo.tn\/fr\/actualite\/international\/54-ans-apres-le-drapeau-cubain-flotte-sur-washington\/184053\/","og_site_name":"webdo","article_publisher":"https:\/\/www.facebook.com\/webdotn","article_published_time":"2015-07-20T10:55:00+00:00","og_image":[{"width":600,"height":308,"url":"https:\/\/www.webdo.tn\/fr\/wp-content\/uploads\/2015\/07\/cuba.jpg","type":"image\/jpeg"}],"author":"webdo.tn","twitter_card":"summary_large_image","twitter_creator":"@webdo_tn","twitter_site":"@webdo_tn","twitter_misc":{"\u00c9crit par":"webdo.tn","Dur\u00e9e de lecture estim\u00e9e":"1 minute"},"schema":{"@context":"https:\/\/schema.org","@graph":[{"@type":"NewsArticle","@id":"https:\/\/www.webdo.tn\/fr\/actualite\/international\/54-ans-apres-le-drapeau-cubain-flotte-sur-washington\/184053\/#article","isPartOf":{"@id":"https:\/\/www.webdo.tn\/fr\/actualite\/international\/54-ans-apres-le-drapeau-cubain-flotte-sur-washington\/184053\/"},"author":{"name":"webdo.tn","@id":"https:\/\/www.webdo.tn\/fr\/#\/schema\/person\/9a9c6118d687c117df8ef3cc36a4d175"},"headline":"54 ans apr\u00e8s, le drapeau cubain flotte sur Washington","datePublished":"2015-07-20T10:55:00+00:00","mainEntityOfPage":{"@id":"https:\/\/www.webdo.tn\/fr\/actualite\/international\/54-ans-apres-le-drapeau-cubain-flotte-sur-washington\/184053\/"},"wordCount":264,"commentCount":0,"publisher":{"@id":"https:\/\/www.webdo.tn\/fr\/#organization"},"image":{"@id":"https:\/\/www.webdo.tn\/fr\/actualite\/international\/54-ans-apres-le-drapeau-cubain-flotte-sur-washington\/184053\/#primaryimage"},"thumbnailUrl":"https:\/\/www.webdo.tn\/fr\/wp-content\/uploads\/2015\/07\/cuba.jpg","keywords":["guerre"],"articleSection":["International"],"inLanguage":"fr-FR"},{"@type":"WebPage","@id":"https:\/\/www.webdo.tn\/fr\/actualite\/international\/54-ans-apres-le-drapeau-cubain-flotte-sur-washington\/184053\/","url":"https:\/\/www.webdo.tn\/fr\/actualite\/international\/54-ans-apres-le-drapeau-cubain-flotte-sur-washington\/184053\/","name":"54 ans apr\u00e8s, le drapeau cubain flotte sur Washington","isPartOf":{"@id":"https:\/\/www.webdo.tn\/fr\/#website"},"primaryImageOfPage":{"@id":"https:\/\/www.webdo.tn\/fr\/actualite\/international\/54-ans-apres-le-drapeau-cubain-flotte-sur-washington\/184053\/#primaryimage"},"image":{"@id":"https:\/\/www.webdo.tn\/fr\/actualite\/international\/54-ans-apres-le-drapeau-cubain-flotte-sur-washington\/184053\/#primaryimage"},"thumbnailUrl":"https:\/\/www.webdo.tn\/fr\/wp-content\/uploads\/2015\/07\/cuba.jpg","datePublished":"2015-07-20T10:55:00+00:00","description":"54 ans apr\u00e8s, le drapeau cubain flotte sur Washington","breadcrumb":{"@id":"https:\/\/www.webdo.tn\/fr\/actualite\/international\/54-ans-apres-le-drapeau-cubain-flotte-sur-washington\/184053\/#breadcrumb"},"inLanguage":"fr-FR","potentialAction":[{"@type":"ReadAction","target":["https:\/\/www.webdo.tn\/fr\/actualite\/international\/54-ans-apres-le-drapeau-cubain-flotte-sur-washington\/184053\/"]}]},{"@type":"ImageObject","inLanguage":"fr-FR","@id":"https:\/\/www.webdo.tn\/fr\/actualite\/international\/54-ans-apres-le-drapeau-cubain-flotte-sur-washington\/184053\/#primaryimage","url":"https:\/\/www.webdo.tn\/fr\/wp-content\/uploads\/2015\/07\/cuba.jpg","contentUrl":"https:\/\/www.webdo.tn\/fr\/wp-content\/uploads\/2015\/07\/cuba.jpg","width":600,"height":308,"caption":"54 ans apr\u00e8s, le drapeau cubain flotte sur Washington"},{"@type":"BreadcrumbList","@id":"https:\/\/www.webdo.tn\/fr\/actualite\/international\/54-ans-apres-le-drapeau-cubain-flotte-sur-washington\/184053\/#breadcrumb","itemListElement":[{"@type":"ListItem","position":1,"name":"Accueil","item":"https:\/\/www.webdo.tn\/fr\/"},{"@type":"ListItem","position":2,"name":"54 ans apr\u00e8s, le drapeau cubain flotte sur Washington"}]},{"@type":"WebSite","@id":"https:\/\/www.webdo.tn\/fr\/#website","url":"https:\/\/www.webdo.tn\/fr\/","name":"webdo","description":"Tunisie - News en Tunisie et \u00e0 l&#039;international sur Webdo.tn","publisher":{"@id":"https:\/\/www.webdo.tn\/fr\/#organization"},"potentialAction":[{"@type":"SearchAction","target":{"@type":"EntryPoint","urlTemplate":"https:\/\/www.webdo.tn\/fr\/?s={search_term_string}"},"query-input":{"@type":"PropertyValueSpecification","valueRequired":true,"valueName":"search_term_string"}}],"inLanguage":"fr-FR"},{"@type":"Organization","@id":"https:\/\/www.webdo.tn\/fr\/#organization","name":"Webdo","alternateName":"Webdo.tn","url":"https:\/\/www.webdo.tn\/fr\/","logo":{"@type":"ImageObject","inLanguage":"fr-FR","@id":"https:\/\/www.webdo.tn\/fr\/#\/schema\/logo\/image\/","url":"https:\/\/www.webdo.tn\/fr\/wp-content\/uploads\/2025\/06\/Webdo-Tunisie_168377.jpg","contentUrl":"https:\/\/www.webdo.tn\/fr\/wp-content\/uploads\/2025\/06\/Webdo-Tunisie_168377.jpg","width":301,"height":301,"caption":"Webdo"},"image":{"@id":"https:\/\/www.webdo.tn\/fr\/#\/schema\/logo\/image\/"},"sameAs":["https:\/\/www.facebook.com\/webdotn","https:\/\/x.com\/webdo_tn"],"description":"Webdo est un m\u00e9dia num\u00e9rique tunisien fond\u00e9 en 2010, sp\u00e9cialis\u00e9 dans l\u2019actualit\u00e9 nationale et internationale, l\u2019\u00e9conomie, la soci\u00e9t\u00e9 et les analyses politiques. Le site s\u2019adresse \u00e0 un large public francophone et couvre l\u2019information tunisienne en temps r\u00e9el.","email":"redac@webdo.tn","legalName":"YNJ SARL","foundingDate":"2010-09-06","numberOfEmployees":{"@type":"QuantitativeValue","minValue":"11","maxValue":"50"}},{"@type":"Person","@id":"https:\/\/www.webdo.tn\/fr\/#\/schema\/person\/9a9c6118d687c117df8ef3cc36a4d175","name":"webdo.tn","image":{"@type":"ImageObject","inLanguage":"fr-FR","@id":"https:\/\/secure.gravatar.com\/avatar\/7ce1f28c0c3bbac99ff550b85ef8e44a6950c6ee24514fb6a5489e51d06f0298?s=96&d=mm&r=g","url":"https:\/\/secure.gravatar.com\/avatar\/7ce1f28c0c3bbac99ff550b85ef8e44a6950c6ee24514fb6a5489e51d06f0298?s=96&d=mm&r=g","contentUrl":"https:\/\/secure.gravatar.com\/avatar\/7ce1f28c0c3bbac99ff550b85ef8e44a6950c6ee24514fb6a5489e51d06f0298?s=96&d=mm&r=g","caption":"webdo.tn"},"url":"https:\/\/www.webdo.tn\/fr\/actualite\/author\/webdotn\/"}]}},"_links":{"self":[{"href":"https:\/\/www.webdo.tn\/fr\/wp-json\/wp\/v2\/posts\/184053","targetHints":{"allow":["GET"]}}],"collection":[{"href":"https:\/\/www.webdo.tn\/fr\/wp-json\/wp\/v2\/posts"}],"about":[{"href":"https:\/\/www.webdo.tn\/fr\/wp-json\/wp\/v2\/types\/post"}],"author":[{"embeddable":true,"href":"https:\/\/www.webdo.tn\/fr\/wp-json\/wp\/v2\/users\/3222"}],"replies":[{"embeddable":true,"href":"https:\/\/www.webdo.tn\/fr\/wp-json\/wp\/v2\/comments?post=184053"}],"version-history":[{"count":0,"href":"https:\/\/www.webdo.tn\/fr\/wp-json\/wp\/v2\/posts\/184053\/revisions"}],"wp:featuredmedia":[{"embeddable":true,"href":"https:\/\/www.webdo.tn\/fr\/wp-json\/wp\/v2\/media\/336083"}],"wp:attachment":[{"href":"https:\/\/www.webdo.tn\/fr\/wp-json\/wp\/v2\/media?parent=184053"}],"wp:term":[{"taxonomy":"category","embeddable":true,"href":"https:\/\/www.webdo.tn\/fr\/wp-json\/wp\/v2\/categories?post=184053"},{"taxonomy":"post_tag","embeddable":true,"href":"https:\/\/www.webdo.tn\/fr\/wp-json\/wp\/v2\/tags?post=184053"}],"curies":[{"name":"wp","href":"https:\/\/api.w.org\/{rel}","templated":true}]}}