{"id":184052,"date":"2015-07-20T11:58:00","date_gmt":"2015-07-20T11:58:00","guid":{"rendered":"https:\/\/www.webdo.tn\/fr\/blog\/libye-quatre-italiens-ont-ete-enleves-a-mellitah\/184052\/"},"modified":"2015-07-20T11:58:00","modified_gmt":"2015-07-20T11:58:00","slug":"libye-quatre-italiens-ont-ete-enleves-a-mellitah","status":"publish","type":"post","link":"https:\/\/www.webdo.tn\/fr\/actualite\/international\/libye-quatre-italiens-ont-ete-enleves-a-mellitah\/184052\/","title":{"rendered":"Libye : Quatre italiens ont \u00e9t\u00e9 enlev\u00e9s \u00e0 Mellitah"},"content":{"rendered":"<p>Quatre italiens ont \u00e9t\u00e9 enlev\u00e9s dans la soir\u00e9e du dimanche 19 juillet dans la r\u00e9gion de Mellitah en Libye a annonc\u00e9 ce lundi 20 juillet l&rsquo;agence de presse libyenne Afrigate.<\/p>\n<p>Ces quatre italiens travaillent pour la soci\u00e9t\u00e9 Bonatti de Parme, sp\u00e9cialis\u00e9e dans le transport et la construction dans le domaine du p\u00e9trole et du gaz. \u00ab\u00a0Ils ont \u00e9t\u00e9 enlev\u00e9s pr\u00e8s du site p\u00e9trolier g\u00e9r\u00e9 par la soci\u00e9t\u00e9 italienne ENI \u00e0 Zuaia\u00a0alors qu&rsquo;ils rentraient de la Tunisie.\u00a0\u00bb a relat\u00e9 Afrigate.<\/p>\n<p>\u00ab\u00a0Il est difficile de faire des hypoth\u00e8ses sur cet enl\u00e8vement\u00a0\u00bb a d\u00e9clar\u00e9 ce lundi le ministre italien des Affaires \u00e9trang\u00e8res, Paolo Gentiloni pr\u00e9cisant \u00ab\u00a0qu&rsquo;une unit\u00e9 de crise va \u00e9tudier la situation et savoir qui sont les responsables derri\u00e8re cet enl\u00e8vement.\u00a0\u00bb<\/p>\n","protected":false},"excerpt":{"rendered":"<p>Libye : Quatre italiens ont \u00e9t\u00e9 enlev\u00e9s \u00e0 Mellitah<\/p>\n","protected":false},"author":3222,"featured_media":336086,"comment_status":"open","ping_status":"closed","sticky":false,"template":"","format":"standard","meta":{"footnotes":""},"categories":[2598],"tags":[2600],"class_list":["post-184052","post","type-post","status-publish","format-standard","has-post-thumbnail","hentry","category-international","tag-guerre"],"yoast_head":"<!-- This site is optimized with the Yoast SEO Premium plugin v27.5 (Yoast SEO v27.5) - https:\/\/yoast.com\/product\/yoast-seo-premium-wordpress\/ -->\n<title>Libye : Quatre italiens ont \u00e9t\u00e9 enlev\u00e9s \u00e0 Mellitah<\/title>\n<meta name=\"description\" content=\"Libye : Quatre italiens ont \u00e9t\u00e9 enlev\u00e9s \u00e0 Mellitah\" \/>\n<link rel=\"canonical\" href=\"https:\/\/www.webdo.tn\/fr\/actualite\/international\/libye-quatre-italiens-ont-ete-enleves-a-mellitah\/184052\/\" \/>\n<meta property=\"og:locale\" content=\"fr_FR\" \/>\n<meta property=\"og:type\" content=\"article\" \/>\n<meta property=\"og:title\" content=\"Libye : Quatre italiens ont \u00e9t\u00e9 enlev\u00e9s \u00e0 Mellitah\" \/>\n<meta property=\"og:description\" content=\"Libye : Quatre italiens ont \u00e9t\u00e9 enlev\u00e9s \u00e0 Mellitah\" \/>\n<meta property=\"og:url\" content=\"https:\/\/www.webdo.tn\/fr\/actualite\/international\/libye-quatre-italiens-ont-ete-enleves-a-mellitah\/184052\/\" \/>\n<meta property=\"og:site_name\" content=\"webdo\" \/>\n<meta property=\"article:publisher\" content=\"https:\/\/www.facebook.com\/webdotn\" \/>\n<meta property=\"article:published_time\" content=\"2015-07-20T11:58:00+00:00\" \/>\n<meta property=\"og:image\" content=\"https:\/\/www.webdo.tn\/fr\/wp-content\/uploads\/2015\/07\/Mellitah-e1437389693916.png\" \/>\n\t<meta property=\"og:image:width\" content=\"600\" \/>\n\t<meta property=\"og:image:height\" content=\"245\" \/>\n\t<meta property=\"og:image:type\" content=\"image\/png\" \/>\n<meta name=\"author\" content=\"webdo.tn\" \/>\n<meta name=\"twitter:card\" content=\"summary_large_image\" \/>\n<meta name=\"twitter:creator\" content=\"@webdo_tn\" \/>\n<meta name=\"twitter:site\" content=\"@webdo_tn\" \/>\n<meta name=\"twitter:label1\" content=\"\u00c9crit par\" \/>\n\t<meta name=\"twitter:data1\" content=\"webdo.tn\" \/>\n\t<meta name=\"twitter:label2\" content=\"Dur\u00e9e de lecture estim\u00e9e\" \/>\n\t<meta name=\"twitter:data2\" content=\"1 minute\" \/>\n<script type=\"application\/ld+json\" class=\"yoast-schema-graph\">{\"@context\":\"https:\\\/\\\/schema.org\",\"@graph\":[{\"@type\":\"NewsArticle\",\"@id\":\"https:\\\/\\\/www.webdo.tn\\\/fr\\\/actualite\\\/international\\\/libye-quatre-italiens-ont-ete-enleves-a-mellitah\\\/184052\\\/#article\",\"isPartOf\":{\"@id\":\"https:\\\/\\\/www.webdo.tn\\\/fr\\\/actualite\\\/international\\\/libye-quatre-italiens-ont-ete-enleves-a-mellitah\\\/184052\\\/\"},\"author\":{\"name\":\"webdo.tn\",\"@id\":\"https:\\\/\\\/www.webdo.tn\\\/fr\\\/#\\\/schema\\\/person\\\/9a9c6118d687c117df8ef3cc36a4d175\"},\"headline\":\"Libye : Quatre italiens ont \u00e9t\u00e9 enlev\u00e9s \u00e0 Mellitah\",\"datePublished\":\"2015-07-20T11:58:00+00:00\",\"mainEntityOfPage\":{\"@id\":\"https:\\\/\\\/www.webdo.tn\\\/fr\\\/actualite\\\/international\\\/libye-quatre-italiens-ont-ete-enleves-a-mellitah\\\/184052\\\/\"},\"wordCount\":147,\"commentCount\":0,\"publisher\":{\"@id\":\"https:\\\/\\\/www.webdo.tn\\\/fr\\\/#organization\"},\"image\":{\"@id\":\"https:\\\/\\\/www.webdo.tn\\\/fr\\\/actualite\\\/international\\\/libye-quatre-italiens-ont-ete-enleves-a-mellitah\\\/184052\\\/#primaryimage\"},\"thumbnailUrl\":\"https:\\\/\\\/www.webdo.tn\\\/fr\\\/wp-content\\\/uploads\\\/2015\\\/07\\\/Mellitah-e1437389693916.png\",\"keywords\":[\"guerre\"],\"articleSection\":[\"International\"],\"inLanguage\":\"fr-FR\"},{\"@type\":\"WebPage\",\"@id\":\"https:\\\/\\\/www.webdo.tn\\\/fr\\\/actualite\\\/international\\\/libye-quatre-italiens-ont-ete-enleves-a-mellitah\\\/184052\\\/\",\"url\":\"https:\\\/\\\/www.webdo.tn\\\/fr\\\/actualite\\\/international\\\/libye-quatre-italiens-ont-ete-enleves-a-mellitah\\\/184052\\\/\",\"name\":\"Libye : Quatre italiens ont \u00e9t\u00e9 enlev\u00e9s \u00e0 Mellitah\",\"isPartOf\":{\"@id\":\"https:\\\/\\\/www.webdo.tn\\\/fr\\\/#website\"},\"primaryImageOfPage\":{\"@id\":\"https:\\\/\\\/www.webdo.tn\\\/fr\\\/actualite\\\/international\\\/libye-quatre-italiens-ont-ete-enleves-a-mellitah\\\/184052\\\/#primaryimage\"},\"image\":{\"@id\":\"https:\\\/\\\/www.webdo.tn\\\/fr\\\/actualite\\\/international\\\/libye-quatre-italiens-ont-ete-enleves-a-mellitah\\\/184052\\\/#primaryimage\"},\"thumbnailUrl\":\"https:\\\/\\\/www.webdo.tn\\\/fr\\\/wp-content\\\/uploads\\\/2015\\\/07\\\/Mellitah-e1437389693916.png\",\"datePublished\":\"2015-07-20T11:58:00+00:00\",\"description\":\"Libye : Quatre italiens ont \u00e9t\u00e9 enlev\u00e9s \u00e0 Mellitah\",\"breadcrumb\":{\"@id\":\"https:\\\/\\\/www.webdo.tn\\\/fr\\\/actualite\\\/international\\\/libye-quatre-italiens-ont-ete-enleves-a-mellitah\\\/184052\\\/#breadcrumb\"},\"inLanguage\":\"fr-FR\",\"potentialAction\":[{\"@type\":\"ReadAction\",\"target\":[\"https:\\\/\\\/www.webdo.tn\\\/fr\\\/actualite\\\/international\\\/libye-quatre-italiens-ont-ete-enleves-a-mellitah\\\/184052\\\/\"]}]},{\"@type\":\"ImageObject\",\"inLanguage\":\"fr-FR\",\"@id\":\"https:\\\/\\\/www.webdo.tn\\\/fr\\\/actualite\\\/international\\\/libye-quatre-italiens-ont-ete-enleves-a-mellitah\\\/184052\\\/#primaryimage\",\"url\":\"https:\\\/\\\/www.webdo.tn\\\/fr\\\/wp-content\\\/uploads\\\/2015\\\/07\\\/Mellitah-e1437389693916.png\",\"contentUrl\":\"https:\\\/\\\/www.webdo.tn\\\/fr\\\/wp-content\\\/uploads\\\/2015\\\/07\\\/Mellitah-e1437389693916.png\",\"width\":600,\"height\":245,\"caption\":\"Libye : Quatre italiens ont \u00e9t\u00e9 enlev\u00e9s \u00e0 Mellitah\"},{\"@type\":\"BreadcrumbList\",\"@id\":\"https:\\\/\\\/www.webdo.tn\\\/fr\\\/actualite\\\/international\\\/libye-quatre-italiens-ont-ete-enleves-a-mellitah\\\/184052\\\/#breadcrumb\",\"itemListElement\":[{\"@type\":\"ListItem\",\"position\":1,\"name\":\"Accueil\",\"item\":\"https:\\\/\\\/www.webdo.tn\\\/fr\\\/\"},{\"@type\":\"ListItem\",\"position\":2,\"name\":\"Libye : Quatre italiens ont \u00e9t\u00e9 enlev\u00e9s \u00e0 Mellitah\"}]},{\"@type\":\"WebSite\",\"@id\":\"https:\\\/\\\/www.webdo.tn\\\/fr\\\/#website\",\"url\":\"https:\\\/\\\/www.webdo.tn\\\/fr\\\/\",\"name\":\"webdo\",\"description\":\"Tunisie - News en Tunisie et \u00e0 l&#039;international sur Webdo.tn\",\"publisher\":{\"@id\":\"https:\\\/\\\/www.webdo.tn\\\/fr\\\/#organization\"},\"potentialAction\":[{\"@type\":\"SearchAction\",\"target\":{\"@type\":\"EntryPoint\",\"urlTemplate\":\"https:\\\/\\\/www.webdo.tn\\\/fr\\\/?s={search_term_string}\"},\"query-input\":{\"@type\":\"PropertyValueSpecification\",\"valueRequired\":true,\"valueName\":\"search_term_string\"}}],\"inLanguage\":\"fr-FR\"},{\"@type\":\"Organization\",\"@id\":\"https:\\\/\\\/www.webdo.tn\\\/fr\\\/#organization\",\"name\":\"Webdo\",\"alternateName\":\"Webdo.tn\",\"url\":\"https:\\\/\\\/www.webdo.tn\\\/fr\\\/\",\"logo\":{\"@type\":\"ImageObject\",\"inLanguage\":\"fr-FR\",\"@id\":\"https:\\\/\\\/www.webdo.tn\\\/fr\\\/#\\\/schema\\\/logo\\\/image\\\/\",\"url\":\"https:\\\/\\\/www.webdo.tn\\\/fr\\\/wp-content\\\/uploads\\\/2025\\\/06\\\/Webdo-Tunisie_168377.jpg\",\"contentUrl\":\"https:\\\/\\\/www.webdo.tn\\\/fr\\\/wp-content\\\/uploads\\\/2025\\\/06\\\/Webdo-Tunisie_168377.jpg\",\"width\":301,\"height\":301,\"caption\":\"Webdo\"},\"image\":{\"@id\":\"https:\\\/\\\/www.webdo.tn\\\/fr\\\/#\\\/schema\\\/logo\\\/image\\\/\"},\"sameAs\":[\"https:\\\/\\\/www.facebook.com\\\/webdotn\",\"https:\\\/\\\/x.com\\\/webdo_tn\"],\"description\":\"Webdo est un m\u00e9dia num\u00e9rique tunisien fond\u00e9 en 2010, sp\u00e9cialis\u00e9 dans l\u2019actualit\u00e9 nationale et internationale, l\u2019\u00e9conomie, la soci\u00e9t\u00e9 et les analyses politiques. Le site s\u2019adresse \u00e0 un large public francophone et couvre l\u2019information tunisienne en temps r\u00e9el.\",\"email\":\"redac@webdo.tn\",\"legalName\":\"YNJ SARL\",\"foundingDate\":\"2010-09-06\",\"numberOfEmployees\":{\"@type\":\"QuantitativeValue\",\"minValue\":\"11\",\"maxValue\":\"50\"}},{\"@type\":\"Person\",\"@id\":\"https:\\\/\\\/www.webdo.tn\\\/fr\\\/#\\\/schema\\\/person\\\/9a9c6118d687c117df8ef3cc36a4d175\",\"name\":\"webdo.tn\",\"image\":{\"@type\":\"ImageObject\",\"inLanguage\":\"fr-FR\",\"@id\":\"https:\\\/\\\/secure.gravatar.com\\\/avatar\\\/7ce1f28c0c3bbac99ff550b85ef8e44a6950c6ee24514fb6a5489e51d06f0298?s=96&d=mm&r=g\",\"url\":\"https:\\\/\\\/secure.gravatar.com\\\/avatar\\\/7ce1f28c0c3bbac99ff550b85ef8e44a6950c6ee24514fb6a5489e51d06f0298?s=96&d=mm&r=g\",\"contentUrl\":\"https:\\\/\\\/secure.gravatar.com\\\/avatar\\\/7ce1f28c0c3bbac99ff550b85ef8e44a6950c6ee24514fb6a5489e51d06f0298?s=96&d=mm&r=g\",\"caption\":\"webdo.tn\"},\"url\":\"https:\\\/\\\/www.webdo.tn\\\/fr\\\/actualite\\\/author\\\/webdotn\\\/\"}]}<\/script>\n<!-- \/ Yoast SEO Premium plugin. -->","yoast_head_json":{"title":"Libye : Quatre italiens ont \u00e9t\u00e9 enlev\u00e9s \u00e0 Mellitah","description":"Libye : Quatre italiens ont \u00e9t\u00e9 enlev\u00e9s \u00e0 Mellitah","canonical":"https:\/\/www.webdo.tn\/fr\/actualite\/international\/libye-quatre-italiens-ont-ete-enleves-a-mellitah\/184052\/","og_locale":"fr_FR","og_type":"article","og_title":"Libye : Quatre italiens ont \u00e9t\u00e9 enlev\u00e9s \u00e0 Mellitah","og_description":"Libye : Quatre italiens ont \u00e9t\u00e9 enlev\u00e9s \u00e0 Mellitah","og_url":"https:\/\/www.webdo.tn\/fr\/actualite\/international\/libye-quatre-italiens-ont-ete-enleves-a-mellitah\/184052\/","og_site_name":"webdo","article_publisher":"https:\/\/www.facebook.com\/webdotn","article_published_time":"2015-07-20T11:58:00+00:00","og_image":[{"width":600,"height":245,"url":"https:\/\/www.webdo.tn\/fr\/wp-content\/uploads\/2015\/07\/Mellitah-e1437389693916.png","type":"image\/png"}],"author":"webdo.tn","twitter_card":"summary_large_image","twitter_creator":"@webdo_tn","twitter_site":"@webdo_tn","twitter_misc":{"\u00c9crit par":"webdo.tn","Dur\u00e9e de lecture estim\u00e9e":"1 minute"},"schema":{"@context":"https:\/\/schema.org","@graph":[{"@type":"NewsArticle","@id":"https:\/\/www.webdo.tn\/fr\/actualite\/international\/libye-quatre-italiens-ont-ete-enleves-a-mellitah\/184052\/#article","isPartOf":{"@id":"https:\/\/www.webdo.tn\/fr\/actualite\/international\/libye-quatre-italiens-ont-ete-enleves-a-mellitah\/184052\/"},"author":{"name":"webdo.tn","@id":"https:\/\/www.webdo.tn\/fr\/#\/schema\/person\/9a9c6118d687c117df8ef3cc36a4d175"},"headline":"Libye : Quatre italiens ont \u00e9t\u00e9 enlev\u00e9s \u00e0 Mellitah","datePublished":"2015-07-20T11:58:00+00:00","mainEntityOfPage":{"@id":"https:\/\/www.webdo.tn\/fr\/actualite\/international\/libye-quatre-italiens-ont-ete-enleves-a-mellitah\/184052\/"},"wordCount":147,"commentCount":0,"publisher":{"@id":"https:\/\/www.webdo.tn\/fr\/#organization"},"image":{"@id":"https:\/\/www.webdo.tn\/fr\/actualite\/international\/libye-quatre-italiens-ont-ete-enleves-a-mellitah\/184052\/#primaryimage"},"thumbnailUrl":"https:\/\/www.webdo.tn\/fr\/wp-content\/uploads\/2015\/07\/Mellitah-e1437389693916.png","keywords":["guerre"],"articleSection":["International"],"inLanguage":"fr-FR"},{"@type":"WebPage","@id":"https:\/\/www.webdo.tn\/fr\/actualite\/international\/libye-quatre-italiens-ont-ete-enleves-a-mellitah\/184052\/","url":"https:\/\/www.webdo.tn\/fr\/actualite\/international\/libye-quatre-italiens-ont-ete-enleves-a-mellitah\/184052\/","name":"Libye : Quatre italiens ont \u00e9t\u00e9 enlev\u00e9s \u00e0 Mellitah","isPartOf":{"@id":"https:\/\/www.webdo.tn\/fr\/#website"},"primaryImageOfPage":{"@id":"https:\/\/www.webdo.tn\/fr\/actualite\/international\/libye-quatre-italiens-ont-ete-enleves-a-mellitah\/184052\/#primaryimage"},"image":{"@id":"https:\/\/www.webdo.tn\/fr\/actualite\/international\/libye-quatre-italiens-ont-ete-enleves-a-mellitah\/184052\/#primaryimage"},"thumbnailUrl":"https:\/\/www.webdo.tn\/fr\/wp-content\/uploads\/2015\/07\/Mellitah-e1437389693916.png","datePublished":"2015-07-20T11:58:00+00:00","description":"Libye : Quatre italiens ont \u00e9t\u00e9 enlev\u00e9s \u00e0 Mellitah","breadcrumb":{"@id":"https:\/\/www.webdo.tn\/fr\/actualite\/international\/libye-quatre-italiens-ont-ete-enleves-a-mellitah\/184052\/#breadcrumb"},"inLanguage":"fr-FR","potentialAction":[{"@type":"ReadAction","target":["https:\/\/www.webdo.tn\/fr\/actualite\/international\/libye-quatre-italiens-ont-ete-enleves-a-mellitah\/184052\/"]}]},{"@type":"ImageObject","inLanguage":"fr-FR","@id":"https:\/\/www.webdo.tn\/fr\/actualite\/international\/libye-quatre-italiens-ont-ete-enleves-a-mellitah\/184052\/#primaryimage","url":"https:\/\/www.webdo.tn\/fr\/wp-content\/uploads\/2015\/07\/Mellitah-e1437389693916.png","contentUrl":"https:\/\/www.webdo.tn\/fr\/wp-content\/uploads\/2015\/07\/Mellitah-e1437389693916.png","width":600,"height":245,"caption":"Libye : Quatre italiens ont \u00e9t\u00e9 enlev\u00e9s \u00e0 Mellitah"},{"@type":"BreadcrumbList","@id":"https:\/\/www.webdo.tn\/fr\/actualite\/international\/libye-quatre-italiens-ont-ete-enleves-a-mellitah\/184052\/#breadcrumb","itemListElement":[{"@type":"ListItem","position":1,"name":"Accueil","item":"https:\/\/www.webdo.tn\/fr\/"},{"@type":"ListItem","position":2,"name":"Libye : Quatre italiens ont \u00e9t\u00e9 enlev\u00e9s \u00e0 Mellitah"}]},{"@type":"WebSite","@id":"https:\/\/www.webdo.tn\/fr\/#website","url":"https:\/\/www.webdo.tn\/fr\/","name":"webdo","description":"Tunisie - News en Tunisie et \u00e0 l&#039;international sur Webdo.tn","publisher":{"@id":"https:\/\/www.webdo.tn\/fr\/#organization"},"potentialAction":[{"@type":"SearchAction","target":{"@type":"EntryPoint","urlTemplate":"https:\/\/www.webdo.tn\/fr\/?s={search_term_string}"},"query-input":{"@type":"PropertyValueSpecification","valueRequired":true,"valueName":"search_term_string"}}],"inLanguage":"fr-FR"},{"@type":"Organization","@id":"https:\/\/www.webdo.tn\/fr\/#organization","name":"Webdo","alternateName":"Webdo.tn","url":"https:\/\/www.webdo.tn\/fr\/","logo":{"@type":"ImageObject","inLanguage":"fr-FR","@id":"https:\/\/www.webdo.tn\/fr\/#\/schema\/logo\/image\/","url":"https:\/\/www.webdo.tn\/fr\/wp-content\/uploads\/2025\/06\/Webdo-Tunisie_168377.jpg","contentUrl":"https:\/\/www.webdo.tn\/fr\/wp-content\/uploads\/2025\/06\/Webdo-Tunisie_168377.jpg","width":301,"height":301,"caption":"Webdo"},"image":{"@id":"https:\/\/www.webdo.tn\/fr\/#\/schema\/logo\/image\/"},"sameAs":["https:\/\/www.facebook.com\/webdotn","https:\/\/x.com\/webdo_tn"],"description":"Webdo est un m\u00e9dia num\u00e9rique tunisien fond\u00e9 en 2010, sp\u00e9cialis\u00e9 dans l\u2019actualit\u00e9 nationale et internationale, l\u2019\u00e9conomie, la soci\u00e9t\u00e9 et les analyses politiques. Le site s\u2019adresse \u00e0 un large public francophone et couvre l\u2019information tunisienne en temps r\u00e9el.","email":"redac@webdo.tn","legalName":"YNJ SARL","foundingDate":"2010-09-06","numberOfEmployees":{"@type":"QuantitativeValue","minValue":"11","maxValue":"50"}},{"@type":"Person","@id":"https:\/\/www.webdo.tn\/fr\/#\/schema\/person\/9a9c6118d687c117df8ef3cc36a4d175","name":"webdo.tn","image":{"@type":"ImageObject","inLanguage":"fr-FR","@id":"https:\/\/secure.gravatar.com\/avatar\/7ce1f28c0c3bbac99ff550b85ef8e44a6950c6ee24514fb6a5489e51d06f0298?s=96&d=mm&r=g","url":"https:\/\/secure.gravatar.com\/avatar\/7ce1f28c0c3bbac99ff550b85ef8e44a6950c6ee24514fb6a5489e51d06f0298?s=96&d=mm&r=g","contentUrl":"https:\/\/secure.gravatar.com\/avatar\/7ce1f28c0c3bbac99ff550b85ef8e44a6950c6ee24514fb6a5489e51d06f0298?s=96&d=mm&r=g","caption":"webdo.tn"},"url":"https:\/\/www.webdo.tn\/fr\/actualite\/author\/webdotn\/"}]}},"_links":{"self":[{"href":"https:\/\/www.webdo.tn\/fr\/wp-json\/wp\/v2\/posts\/184052","targetHints":{"allow":["GET"]}}],"collection":[{"href":"https:\/\/www.webdo.tn\/fr\/wp-json\/wp\/v2\/posts"}],"about":[{"href":"https:\/\/www.webdo.tn\/fr\/wp-json\/wp\/v2\/types\/post"}],"author":[{"embeddable":true,"href":"https:\/\/www.webdo.tn\/fr\/wp-json\/wp\/v2\/users\/3222"}],"replies":[{"embeddable":true,"href":"https:\/\/www.webdo.tn\/fr\/wp-json\/wp\/v2\/comments?post=184052"}],"version-history":[{"count":0,"href":"https:\/\/www.webdo.tn\/fr\/wp-json\/wp\/v2\/posts\/184052\/revisions"}],"wp:featuredmedia":[{"embeddable":true,"href":"https:\/\/www.webdo.tn\/fr\/wp-json\/wp\/v2\/media\/336086"}],"wp:attachment":[{"href":"https:\/\/www.webdo.tn\/fr\/wp-json\/wp\/v2\/media?parent=184052"}],"wp:term":[{"taxonomy":"category","embeddable":true,"href":"https:\/\/www.webdo.tn\/fr\/wp-json\/wp\/v2\/categories?post=184052"},{"taxonomy":"post_tag","embeddable":true,"href":"https:\/\/www.webdo.tn\/fr\/wp-json\/wp\/v2\/tags?post=184052"}],"curies":[{"name":"wp","href":"https:\/\/api.w.org\/{rel}","templated":true}]}}