{"id":184051,"date":"2015-07-22T13:02:00","date_gmt":"2015-07-22T13:02:00","guid":{"rendered":"https:\/\/www.webdo.tn\/fr\/blog\/les-militaires-et-les-agents-de-securite-algeriens-interdits-de-vacances-en-tunisie\/184051\/"},"modified":"2015-07-22T13:02:00","modified_gmt":"2015-07-22T13:02:00","slug":"les-militaires-et-les-agents-de-securite-algeriens-interdits-de-vacances-en-tunisie","status":"publish","type":"post","link":"https:\/\/www.webdo.tn\/fr\/actualite\/international\/les-militaires-et-les-agents-de-securite-algeriens-interdits-de-vacances-en-tunisie\/184051\/","title":{"rendered":"Les militaires et les agents de s\u00e9curit\u00e9 alg\u00e9riens interdits de vacances en Tunisie"},"content":{"rendered":"<p>Le gouvernement alg\u00e9rien a d\u00e9cid\u00e9 d\u2019interdire de vacances en Tunisie ses militaires et ses agents de s\u00e9curit\u00e9 en raison des risques d\u2019attentat qui p\u00e8sent sur eux.<\/p>\n<p>Vendredi, 17 juillet, neuf soldats ont trouv\u00e9 la mort dans une embuscade au sud-est d\u2019Alger, dans la pr\u00e9fecture d\u2019Ain-Defla\u00bb, attentat revendiqu\u00e9 par le groupe jihadiste Aqmi, qui, lui, parle de 14 morts.<\/p>\n<p>Lundi, 20 juillet, dans la m\u00eame pr\u00e9fecture, trois agents de police ont \u00e9t\u00e9 tu\u00e9s par un groupe terroriste alors qu\u2019ils patrouillaient \u00e0 bord d\u2019une voiture.<\/p>\n<p>C\u2019est suite \u00e0 ces incidents que le minist\u00e8re de la D\u00e9fense et la direction g\u00e9n\u00e9rale de la DGSN alg\u00e9rienne ont adress\u00e9 une instruction urgente, destin\u00e9e \u00e0 toutes les directions de s\u00fbret\u00e9 des 48 wilayas portant sur l\u2019interdiction cat\u00e9gorique de tout d\u00e9placement des employ\u00e9s de la DGSN en Tunisie.<\/p>\n<p>Cette d\u00e9cision a \u00e9t\u00e9 prise en raison du climat d\u2019ins\u00e9curit\u00e9 qui y r\u00e8gne apr\u00e8s l\u2019attentat de Sousse, survenu le 26 juin dernier et causant la mort de 38 touristes et des dizaines de bless\u00e9s.<\/p>\n<p>C\u2019est du moins ce que rapporte le quotidien alg\u00e9rien \u00ab\u00a0Al Khabar\u00a0\u00bb dans sa livraison d\u2019hier (mardi 21 juillet).<\/p>\n<p>Notons que les militaires et s\u00e9curitaires alg\u00e9riens b\u00e9n\u00e9ficiaient d\u2019une permission de passer leurs vacances en Tunisie, une destination tr\u00e8s pris\u00e9e, par ailleurs, par les touristes alg\u00e9riens.<br \/>\nC.C.<\/p>\n","protected":false},"excerpt":{"rendered":"<p>Les militaires et les agents de s\u00e9curit\u00e9 alg\u00e9riens interdits de vacances en Tunisie<\/p>\n","protected":false},"author":3222,"featured_media":336091,"comment_status":"open","ping_status":"closed","sticky":false,"template":"","format":"standard","meta":{"footnotes":""},"categories":[2598],"tags":[2600],"class_list":["post-184051","post","type-post","status-publish","format-standard","has-post-thumbnail","hentry","category-international","tag-guerre"],"yoast_head":"<!-- This site is optimized with the Yoast SEO Premium plugin v27.5 (Yoast SEO v27.5) - https:\/\/yoast.com\/product\/yoast-seo-premium-wordpress\/ -->\n<title>Les militaires et les agents de s\u00e9curit\u00e9 alg\u00e9riens interdits de vacances en Tunisie<\/title>\n<meta name=\"description\" content=\"Les militaires et les agents de s\u00e9curit\u00e9 alg\u00e9riens interdits de vacances en Tunisie\" \/>\n<link rel=\"canonical\" href=\"https:\/\/www.webdo.tn\/fr\/actualite\/international\/les-militaires-et-les-agents-de-securite-algeriens-interdits-de-vacances-en-tunisie\/184051\/\" \/>\n<meta property=\"og:locale\" content=\"fr_FR\" \/>\n<meta property=\"og:type\" content=\"article\" \/>\n<meta property=\"og:title\" content=\"Les militaires et les agents de s\u00e9curit\u00e9 alg\u00e9riens interdits de vacances en Tunisie\" \/>\n<meta property=\"og:description\" content=\"Les militaires et les agents de s\u00e9curit\u00e9 alg\u00e9riens interdits de vacances en Tunisie\" \/>\n<meta property=\"og:url\" content=\"https:\/\/www.webdo.tn\/fr\/actualite\/international\/les-militaires-et-les-agents-de-securite-algeriens-interdits-de-vacances-en-tunisie\/184051\/\" \/>\n<meta property=\"og:site_name\" content=\"webdo\" \/>\n<meta property=\"article:publisher\" content=\"https:\/\/www.facebook.com\/webdotn\" \/>\n<meta property=\"article:published_time\" content=\"2015-07-22T13:02:00+00:00\" \/>\n<meta property=\"og:image\" content=\"https:\/\/www.webdo.tn\/fr\/wp-content\/uploads\/2015\/07\/police-algerie-300x195-1.jpg\" \/>\n\t<meta property=\"og:image:width\" content=\"300\" \/>\n\t<meta property=\"og:image:height\" content=\"195\" \/>\n\t<meta property=\"og:image:type\" content=\"image\/jpeg\" \/>\n<meta name=\"author\" content=\"webdo.tn\" \/>\n<meta name=\"twitter:card\" content=\"summary_large_image\" \/>\n<meta name=\"twitter:creator\" content=\"@webdo_tn\" \/>\n<meta name=\"twitter:site\" content=\"@webdo_tn\" \/>\n<meta name=\"twitter:label1\" content=\"\u00c9crit par\" \/>\n\t<meta name=\"twitter:data1\" content=\"webdo.tn\" \/>\n\t<meta name=\"twitter:label2\" content=\"Dur\u00e9e de lecture estim\u00e9e\" \/>\n\t<meta name=\"twitter:data2\" content=\"1 minute\" \/>\n<script type=\"application\/ld+json\" class=\"yoast-schema-graph\">{\"@context\":\"https:\\\/\\\/schema.org\",\"@graph\":[{\"@type\":\"NewsArticle\",\"@id\":\"https:\\\/\\\/www.webdo.tn\\\/fr\\\/actualite\\\/international\\\/les-militaires-et-les-agents-de-securite-algeriens-interdits-de-vacances-en-tunisie\\\/184051\\\/#article\",\"isPartOf\":{\"@id\":\"https:\\\/\\\/www.webdo.tn\\\/fr\\\/actualite\\\/international\\\/les-militaires-et-les-agents-de-securite-algeriens-interdits-de-vacances-en-tunisie\\\/184051\\\/\"},\"author\":{\"name\":\"webdo.tn\",\"@id\":\"https:\\\/\\\/www.webdo.tn\\\/fr\\\/#\\\/schema\\\/person\\\/9a9c6118d687c117df8ef3cc36a4d175\"},\"headline\":\"Les militaires et les agents de s\u00e9curit\u00e9 alg\u00e9riens interdits de vacances en Tunisie\",\"datePublished\":\"2015-07-22T13:02:00+00:00\",\"mainEntityOfPage\":{\"@id\":\"https:\\\/\\\/www.webdo.tn\\\/fr\\\/actualite\\\/international\\\/les-militaires-et-les-agents-de-securite-algeriens-interdits-de-vacances-en-tunisie\\\/184051\\\/\"},\"wordCount\":260,\"commentCount\":0,\"publisher\":{\"@id\":\"https:\\\/\\\/www.webdo.tn\\\/fr\\\/#organization\"},\"image\":{\"@id\":\"https:\\\/\\\/www.webdo.tn\\\/fr\\\/actualite\\\/international\\\/les-militaires-et-les-agents-de-securite-algeriens-interdits-de-vacances-en-tunisie\\\/184051\\\/#primaryimage\"},\"thumbnailUrl\":\"https:\\\/\\\/www.webdo.tn\\\/fr\\\/wp-content\\\/uploads\\\/2015\\\/07\\\/police-algerie-300x195-1.jpg\",\"keywords\":[\"guerre\"],\"articleSection\":[\"International\"],\"inLanguage\":\"fr-FR\"},{\"@type\":\"WebPage\",\"@id\":\"https:\\\/\\\/www.webdo.tn\\\/fr\\\/actualite\\\/international\\\/les-militaires-et-les-agents-de-securite-algeriens-interdits-de-vacances-en-tunisie\\\/184051\\\/\",\"url\":\"https:\\\/\\\/www.webdo.tn\\\/fr\\\/actualite\\\/international\\\/les-militaires-et-les-agents-de-securite-algeriens-interdits-de-vacances-en-tunisie\\\/184051\\\/\",\"name\":\"Les militaires et les agents de s\u00e9curit\u00e9 alg\u00e9riens interdits de vacances en Tunisie\",\"isPartOf\":{\"@id\":\"https:\\\/\\\/www.webdo.tn\\\/fr\\\/#website\"},\"primaryImageOfPage\":{\"@id\":\"https:\\\/\\\/www.webdo.tn\\\/fr\\\/actualite\\\/international\\\/les-militaires-et-les-agents-de-securite-algeriens-interdits-de-vacances-en-tunisie\\\/184051\\\/#primaryimage\"},\"image\":{\"@id\":\"https:\\\/\\\/www.webdo.tn\\\/fr\\\/actualite\\\/international\\\/les-militaires-et-les-agents-de-securite-algeriens-interdits-de-vacances-en-tunisie\\\/184051\\\/#primaryimage\"},\"thumbnailUrl\":\"https:\\\/\\\/www.webdo.tn\\\/fr\\\/wp-content\\\/uploads\\\/2015\\\/07\\\/police-algerie-300x195-1.jpg\",\"datePublished\":\"2015-07-22T13:02:00+00:00\",\"description\":\"Les militaires et les agents de s\u00e9curit\u00e9 alg\u00e9riens interdits de vacances en Tunisie\",\"breadcrumb\":{\"@id\":\"https:\\\/\\\/www.webdo.tn\\\/fr\\\/actualite\\\/international\\\/les-militaires-et-les-agents-de-securite-algeriens-interdits-de-vacances-en-tunisie\\\/184051\\\/#breadcrumb\"},\"inLanguage\":\"fr-FR\",\"potentialAction\":[{\"@type\":\"ReadAction\",\"target\":[\"https:\\\/\\\/www.webdo.tn\\\/fr\\\/actualite\\\/international\\\/les-militaires-et-les-agents-de-securite-algeriens-interdits-de-vacances-en-tunisie\\\/184051\\\/\"]}]},{\"@type\":\"ImageObject\",\"inLanguage\":\"fr-FR\",\"@id\":\"https:\\\/\\\/www.webdo.tn\\\/fr\\\/actualite\\\/international\\\/les-militaires-et-les-agents-de-securite-algeriens-interdits-de-vacances-en-tunisie\\\/184051\\\/#primaryimage\",\"url\":\"https:\\\/\\\/www.webdo.tn\\\/fr\\\/wp-content\\\/uploads\\\/2015\\\/07\\\/police-algerie-300x195-1.jpg\",\"contentUrl\":\"https:\\\/\\\/www.webdo.tn\\\/fr\\\/wp-content\\\/uploads\\\/2015\\\/07\\\/police-algerie-300x195-1.jpg\",\"width\":300,\"height\":195,\"caption\":\"Les militaires et les agents de s\u00e9curit\u00e9 alg\u00e9riens interdits de vacances en Tunisie\"},{\"@type\":\"BreadcrumbList\",\"@id\":\"https:\\\/\\\/www.webdo.tn\\\/fr\\\/actualite\\\/international\\\/les-militaires-et-les-agents-de-securite-algeriens-interdits-de-vacances-en-tunisie\\\/184051\\\/#breadcrumb\",\"itemListElement\":[{\"@type\":\"ListItem\",\"position\":1,\"name\":\"Accueil\",\"item\":\"https:\\\/\\\/www.webdo.tn\\\/fr\\\/\"},{\"@type\":\"ListItem\",\"position\":2,\"name\":\"Les militaires et les agents de s\u00e9curit\u00e9 alg\u00e9riens interdits de vacances en Tunisie\"}]},{\"@type\":\"WebSite\",\"@id\":\"https:\\\/\\\/www.webdo.tn\\\/fr\\\/#website\",\"url\":\"https:\\\/\\\/www.webdo.tn\\\/fr\\\/\",\"name\":\"webdo\",\"description\":\"Tunisie - News en Tunisie et \u00e0 l&#039;international sur Webdo.tn\",\"publisher\":{\"@id\":\"https:\\\/\\\/www.webdo.tn\\\/fr\\\/#organization\"},\"potentialAction\":[{\"@type\":\"SearchAction\",\"target\":{\"@type\":\"EntryPoint\",\"urlTemplate\":\"https:\\\/\\\/www.webdo.tn\\\/fr\\\/?s={search_term_string}\"},\"query-input\":{\"@type\":\"PropertyValueSpecification\",\"valueRequired\":true,\"valueName\":\"search_term_string\"}}],\"inLanguage\":\"fr-FR\"},{\"@type\":\"Organization\",\"@id\":\"https:\\\/\\\/www.webdo.tn\\\/fr\\\/#organization\",\"name\":\"Webdo\",\"alternateName\":\"Webdo.tn\",\"url\":\"https:\\\/\\\/www.webdo.tn\\\/fr\\\/\",\"logo\":{\"@type\":\"ImageObject\",\"inLanguage\":\"fr-FR\",\"@id\":\"https:\\\/\\\/www.webdo.tn\\\/fr\\\/#\\\/schema\\\/logo\\\/image\\\/\",\"url\":\"https:\\\/\\\/www.webdo.tn\\\/fr\\\/wp-content\\\/uploads\\\/2025\\\/06\\\/Webdo-Tunisie_168377.jpg\",\"contentUrl\":\"https:\\\/\\\/www.webdo.tn\\\/fr\\\/wp-content\\\/uploads\\\/2025\\\/06\\\/Webdo-Tunisie_168377.jpg\",\"width\":301,\"height\":301,\"caption\":\"Webdo\"},\"image\":{\"@id\":\"https:\\\/\\\/www.webdo.tn\\\/fr\\\/#\\\/schema\\\/logo\\\/image\\\/\"},\"sameAs\":[\"https:\\\/\\\/www.facebook.com\\\/webdotn\",\"https:\\\/\\\/x.com\\\/webdo_tn\"],\"description\":\"Webdo est un m\u00e9dia num\u00e9rique tunisien fond\u00e9 en 2010, sp\u00e9cialis\u00e9 dans l\u2019actualit\u00e9 nationale et internationale, l\u2019\u00e9conomie, la soci\u00e9t\u00e9 et les analyses politiques. Le site s\u2019adresse \u00e0 un large public francophone et couvre l\u2019information tunisienne en temps r\u00e9el.\",\"email\":\"redac@webdo.tn\",\"legalName\":\"YNJ SARL\",\"foundingDate\":\"2010-09-06\",\"numberOfEmployees\":{\"@type\":\"QuantitativeValue\",\"minValue\":\"11\",\"maxValue\":\"50\"}},{\"@type\":\"Person\",\"@id\":\"https:\\\/\\\/www.webdo.tn\\\/fr\\\/#\\\/schema\\\/person\\\/9a9c6118d687c117df8ef3cc36a4d175\",\"name\":\"webdo.tn\",\"image\":{\"@type\":\"ImageObject\",\"inLanguage\":\"fr-FR\",\"@id\":\"https:\\\/\\\/secure.gravatar.com\\\/avatar\\\/7ce1f28c0c3bbac99ff550b85ef8e44a6950c6ee24514fb6a5489e51d06f0298?s=96&d=mm&r=g\",\"url\":\"https:\\\/\\\/secure.gravatar.com\\\/avatar\\\/7ce1f28c0c3bbac99ff550b85ef8e44a6950c6ee24514fb6a5489e51d06f0298?s=96&d=mm&r=g\",\"contentUrl\":\"https:\\\/\\\/secure.gravatar.com\\\/avatar\\\/7ce1f28c0c3bbac99ff550b85ef8e44a6950c6ee24514fb6a5489e51d06f0298?s=96&d=mm&r=g\",\"caption\":\"webdo.tn\"},\"url\":\"https:\\\/\\\/www.webdo.tn\\\/fr\\\/actualite\\\/author\\\/webdotn\\\/\"}]}<\/script>\n<!-- \/ Yoast SEO Premium plugin. -->","yoast_head_json":{"title":"Les militaires et les agents de s\u00e9curit\u00e9 alg\u00e9riens interdits de vacances en Tunisie","description":"Les militaires et les agents de s\u00e9curit\u00e9 alg\u00e9riens interdits de vacances en Tunisie","canonical":"https:\/\/www.webdo.tn\/fr\/actualite\/international\/les-militaires-et-les-agents-de-securite-algeriens-interdits-de-vacances-en-tunisie\/184051\/","og_locale":"fr_FR","og_type":"article","og_title":"Les militaires et les agents de s\u00e9curit\u00e9 alg\u00e9riens interdits de vacances en Tunisie","og_description":"Les militaires et les agents de s\u00e9curit\u00e9 alg\u00e9riens interdits de vacances en Tunisie","og_url":"https:\/\/www.webdo.tn\/fr\/actualite\/international\/les-militaires-et-les-agents-de-securite-algeriens-interdits-de-vacances-en-tunisie\/184051\/","og_site_name":"webdo","article_publisher":"https:\/\/www.facebook.com\/webdotn","article_published_time":"2015-07-22T13:02:00+00:00","og_image":[{"width":300,"height":195,"url":"https:\/\/www.webdo.tn\/fr\/wp-content\/uploads\/2015\/07\/police-algerie-300x195-1.jpg","type":"image\/jpeg"}],"author":"webdo.tn","twitter_card":"summary_large_image","twitter_creator":"@webdo_tn","twitter_site":"@webdo_tn","twitter_misc":{"\u00c9crit par":"webdo.tn","Dur\u00e9e de lecture estim\u00e9e":"1 minute"},"schema":{"@context":"https:\/\/schema.org","@graph":[{"@type":"NewsArticle","@id":"https:\/\/www.webdo.tn\/fr\/actualite\/international\/les-militaires-et-les-agents-de-securite-algeriens-interdits-de-vacances-en-tunisie\/184051\/#article","isPartOf":{"@id":"https:\/\/www.webdo.tn\/fr\/actualite\/international\/les-militaires-et-les-agents-de-securite-algeriens-interdits-de-vacances-en-tunisie\/184051\/"},"author":{"name":"webdo.tn","@id":"https:\/\/www.webdo.tn\/fr\/#\/schema\/person\/9a9c6118d687c117df8ef3cc36a4d175"},"headline":"Les militaires et les agents de s\u00e9curit\u00e9 alg\u00e9riens interdits de vacances en Tunisie","datePublished":"2015-07-22T13:02:00+00:00","mainEntityOfPage":{"@id":"https:\/\/www.webdo.tn\/fr\/actualite\/international\/les-militaires-et-les-agents-de-securite-algeriens-interdits-de-vacances-en-tunisie\/184051\/"},"wordCount":260,"commentCount":0,"publisher":{"@id":"https:\/\/www.webdo.tn\/fr\/#organization"},"image":{"@id":"https:\/\/www.webdo.tn\/fr\/actualite\/international\/les-militaires-et-les-agents-de-securite-algeriens-interdits-de-vacances-en-tunisie\/184051\/#primaryimage"},"thumbnailUrl":"https:\/\/www.webdo.tn\/fr\/wp-content\/uploads\/2015\/07\/police-algerie-300x195-1.jpg","keywords":["guerre"],"articleSection":["International"],"inLanguage":"fr-FR"},{"@type":"WebPage","@id":"https:\/\/www.webdo.tn\/fr\/actualite\/international\/les-militaires-et-les-agents-de-securite-algeriens-interdits-de-vacances-en-tunisie\/184051\/","url":"https:\/\/www.webdo.tn\/fr\/actualite\/international\/les-militaires-et-les-agents-de-securite-algeriens-interdits-de-vacances-en-tunisie\/184051\/","name":"Les militaires et les agents de s\u00e9curit\u00e9 alg\u00e9riens interdits de vacances en Tunisie","isPartOf":{"@id":"https:\/\/www.webdo.tn\/fr\/#website"},"primaryImageOfPage":{"@id":"https:\/\/www.webdo.tn\/fr\/actualite\/international\/les-militaires-et-les-agents-de-securite-algeriens-interdits-de-vacances-en-tunisie\/184051\/#primaryimage"},"image":{"@id":"https:\/\/www.webdo.tn\/fr\/actualite\/international\/les-militaires-et-les-agents-de-securite-algeriens-interdits-de-vacances-en-tunisie\/184051\/#primaryimage"},"thumbnailUrl":"https:\/\/www.webdo.tn\/fr\/wp-content\/uploads\/2015\/07\/police-algerie-300x195-1.jpg","datePublished":"2015-07-22T13:02:00+00:00","description":"Les militaires et les agents de s\u00e9curit\u00e9 alg\u00e9riens interdits de vacances en Tunisie","breadcrumb":{"@id":"https:\/\/www.webdo.tn\/fr\/actualite\/international\/les-militaires-et-les-agents-de-securite-algeriens-interdits-de-vacances-en-tunisie\/184051\/#breadcrumb"},"inLanguage":"fr-FR","potentialAction":[{"@type":"ReadAction","target":["https:\/\/www.webdo.tn\/fr\/actualite\/international\/les-militaires-et-les-agents-de-securite-algeriens-interdits-de-vacances-en-tunisie\/184051\/"]}]},{"@type":"ImageObject","inLanguage":"fr-FR","@id":"https:\/\/www.webdo.tn\/fr\/actualite\/international\/les-militaires-et-les-agents-de-securite-algeriens-interdits-de-vacances-en-tunisie\/184051\/#primaryimage","url":"https:\/\/www.webdo.tn\/fr\/wp-content\/uploads\/2015\/07\/police-algerie-300x195-1.jpg","contentUrl":"https:\/\/www.webdo.tn\/fr\/wp-content\/uploads\/2015\/07\/police-algerie-300x195-1.jpg","width":300,"height":195,"caption":"Les militaires et les agents de s\u00e9curit\u00e9 alg\u00e9riens interdits de vacances en Tunisie"},{"@type":"BreadcrumbList","@id":"https:\/\/www.webdo.tn\/fr\/actualite\/international\/les-militaires-et-les-agents-de-securite-algeriens-interdits-de-vacances-en-tunisie\/184051\/#breadcrumb","itemListElement":[{"@type":"ListItem","position":1,"name":"Accueil","item":"https:\/\/www.webdo.tn\/fr\/"},{"@type":"ListItem","position":2,"name":"Les militaires et les agents de s\u00e9curit\u00e9 alg\u00e9riens interdits de vacances en Tunisie"}]},{"@type":"WebSite","@id":"https:\/\/www.webdo.tn\/fr\/#website","url":"https:\/\/www.webdo.tn\/fr\/","name":"webdo","description":"Tunisie - News en Tunisie et \u00e0 l&#039;international sur Webdo.tn","publisher":{"@id":"https:\/\/www.webdo.tn\/fr\/#organization"},"potentialAction":[{"@type":"SearchAction","target":{"@type":"EntryPoint","urlTemplate":"https:\/\/www.webdo.tn\/fr\/?s={search_term_string}"},"query-input":{"@type":"PropertyValueSpecification","valueRequired":true,"valueName":"search_term_string"}}],"inLanguage":"fr-FR"},{"@type":"Organization","@id":"https:\/\/www.webdo.tn\/fr\/#organization","name":"Webdo","alternateName":"Webdo.tn","url":"https:\/\/www.webdo.tn\/fr\/","logo":{"@type":"ImageObject","inLanguage":"fr-FR","@id":"https:\/\/www.webdo.tn\/fr\/#\/schema\/logo\/image\/","url":"https:\/\/www.webdo.tn\/fr\/wp-content\/uploads\/2025\/06\/Webdo-Tunisie_168377.jpg","contentUrl":"https:\/\/www.webdo.tn\/fr\/wp-content\/uploads\/2025\/06\/Webdo-Tunisie_168377.jpg","width":301,"height":301,"caption":"Webdo"},"image":{"@id":"https:\/\/www.webdo.tn\/fr\/#\/schema\/logo\/image\/"},"sameAs":["https:\/\/www.facebook.com\/webdotn","https:\/\/x.com\/webdo_tn"],"description":"Webdo est un m\u00e9dia num\u00e9rique tunisien fond\u00e9 en 2010, sp\u00e9cialis\u00e9 dans l\u2019actualit\u00e9 nationale et internationale, l\u2019\u00e9conomie, la soci\u00e9t\u00e9 et les analyses politiques. Le site s\u2019adresse \u00e0 un large public francophone et couvre l\u2019information tunisienne en temps r\u00e9el.","email":"redac@webdo.tn","legalName":"YNJ SARL","foundingDate":"2010-09-06","numberOfEmployees":{"@type":"QuantitativeValue","minValue":"11","maxValue":"50"}},{"@type":"Person","@id":"https:\/\/www.webdo.tn\/fr\/#\/schema\/person\/9a9c6118d687c117df8ef3cc36a4d175","name":"webdo.tn","image":{"@type":"ImageObject","inLanguage":"fr-FR","@id":"https:\/\/secure.gravatar.com\/avatar\/7ce1f28c0c3bbac99ff550b85ef8e44a6950c6ee24514fb6a5489e51d06f0298?s=96&d=mm&r=g","url":"https:\/\/secure.gravatar.com\/avatar\/7ce1f28c0c3bbac99ff550b85ef8e44a6950c6ee24514fb6a5489e51d06f0298?s=96&d=mm&r=g","contentUrl":"https:\/\/secure.gravatar.com\/avatar\/7ce1f28c0c3bbac99ff550b85ef8e44a6950c6ee24514fb6a5489e51d06f0298?s=96&d=mm&r=g","caption":"webdo.tn"},"url":"https:\/\/www.webdo.tn\/fr\/actualite\/author\/webdotn\/"}]}},"_links":{"self":[{"href":"https:\/\/www.webdo.tn\/fr\/wp-json\/wp\/v2\/posts\/184051","targetHints":{"allow":["GET"]}}],"collection":[{"href":"https:\/\/www.webdo.tn\/fr\/wp-json\/wp\/v2\/posts"}],"about":[{"href":"https:\/\/www.webdo.tn\/fr\/wp-json\/wp\/v2\/types\/post"}],"author":[{"embeddable":true,"href":"https:\/\/www.webdo.tn\/fr\/wp-json\/wp\/v2\/users\/3222"}],"replies":[{"embeddable":true,"href":"https:\/\/www.webdo.tn\/fr\/wp-json\/wp\/v2\/comments?post=184051"}],"version-history":[{"count":0,"href":"https:\/\/www.webdo.tn\/fr\/wp-json\/wp\/v2\/posts\/184051\/revisions"}],"wp:featuredmedia":[{"embeddable":true,"href":"https:\/\/www.webdo.tn\/fr\/wp-json\/wp\/v2\/media\/336091"}],"wp:attachment":[{"href":"https:\/\/www.webdo.tn\/fr\/wp-json\/wp\/v2\/media?parent=184051"}],"wp:term":[{"taxonomy":"category","embeddable":true,"href":"https:\/\/www.webdo.tn\/fr\/wp-json\/wp\/v2\/categories?post=184051"},{"taxonomy":"post_tag","embeddable":true,"href":"https:\/\/www.webdo.tn\/fr\/wp-json\/wp\/v2\/tags?post=184051"}],"curies":[{"name":"wp","href":"https:\/\/api.w.org\/{rel}","templated":true}]}}