{"id":184050,"date":"2015-07-23T13:08:00","date_gmt":"2015-07-23T13:08:00","guid":{"rendered":"https:\/\/www.webdo.tn\/fr\/blog\/italie-un-tunisien-arrete-pour-planification-dattaques-terroristes\/184050\/"},"modified":"2025-05-19T10:11:26","modified_gmt":"2025-05-19T10:11:26","slug":"italie-un-tunisien-arrete-pour-planification-dattaques-terroristes","status":"publish","type":"post","link":"https:\/\/www.webdo.tn\/fr\/actualite\/international\/italie-un-tunisien-arrete-pour-planification-dattaques-terroristes\/184050\/","title":{"rendered":"Italie : Un Tunisien arr\u00eat\u00e9 pour planification d\u2019attaques terroristes"},"content":{"rendered":"<p>Deux hommes, un Tunisien et un Pakistanais, soup\u00e7onn\u00e9s de pr\u00e9parer des attentats en Italie ont \u00e9t\u00e9 arr\u00eat\u00e9s mercredi 22 juillet dans le nord du pays. Ils seraient partisans de l\u2019organisation djihadiste de l\u2019Etat Islamique (EI), selon la police italienne.<\/p>\n<p>Ces deux hommes avaient rep\u00e9r\u00e9 plusieurs cibles potentielles. \u00ab\u00a0Nous sommes dans vos rues, nous sommes partout. Nous identifions les cibles en attendant l&rsquo;heure X\u00a0\u00bb. Tels sont les messages qu&rsquo;ils postaient sur Twitter.<\/p>\n<p>Selon le procureur de Milan, Maurizio Romanelli, en charge de l&rsquo;enqu\u00eate les deux hommes \u00e9voquaient entre eux plusieurs cibles potentielles, dont la base militaire de Ghedi, non loin de Brescia, dans le nord du pays. Mais aussi d&rsquo;autres cibles, y compris les forces de l&rsquo;ordre, ou de grands sites touristiques (le Colis\u00e9e de Rome ou le Duomo de Milan).<\/p>\n<p>M. Romanelli a \u00e9galement indiqu\u00e9 que les deux suspects avaient t\u00e9l\u00e9charg\u00e9 sur internet un document sur la fabrication des bombes \u00e0 domicile, le transport des armes, l\u2019entra\u00eenement ou la protection sur le web.<\/p>\n<p>Le Tunisien avait, quant \u00e0 lui, post\u00e9 sur son profil une image de la plage de Sousse en Tunisie, qui a \u00e9t\u00e9, le 26 juin dernier, le th\u00e9\u00e2tre d\u2019une attaque terroriste ayant co\u00fbt\u00e9 la vie \u00e0 38 touristes.<\/p>\n","protected":false},"excerpt":{"rendered":"<p>Italie : Un Tunisien arr\u00eat\u00e9 pour planification d\u2019attaques terroristes<\/p>\n","protected":false},"author":3222,"featured_media":317718,"comment_status":"open","ping_status":"closed","sticky":false,"template":"","format":"standard","meta":{"footnotes":""},"categories":[2598],"tags":[2600],"class_list":["post-184050","post","type-post","status-publish","format-standard","has-post-thumbnail","hentry","category-international","tag-guerre"],"yoast_head":"<!-- This site is optimized with the Yoast SEO Premium plugin v27.5 (Yoast SEO v27.5) - https:\/\/yoast.com\/product\/yoast-seo-premium-wordpress\/ -->\n<title>Italie : Un Tunisien arr\u00eat\u00e9 pour planification d\u2019attaques terroristes<\/title>\n<meta name=\"description\" content=\"Italie : Un Tunisien arr\u00eat\u00e9 pour planification d\u2019attaques terroristes\" \/>\n<link rel=\"canonical\" href=\"https:\/\/www.webdo.tn\/fr\/actualite\/international\/italie-un-tunisien-arrete-pour-planification-dattaques-terroristes\/184050\/\" \/>\n<meta property=\"og:locale\" content=\"fr_FR\" \/>\n<meta property=\"og:type\" content=\"article\" \/>\n<meta property=\"og:title\" content=\"Italie : Un Tunisien arr\u00eat\u00e9 pour planification d\u2019attaques terroristes\" \/>\n<meta property=\"og:description\" content=\"Italie : Un Tunisien arr\u00eat\u00e9 pour planification d\u2019attaques terroristes\" \/>\n<meta property=\"og:url\" content=\"https:\/\/www.webdo.tn\/fr\/actualite\/international\/italie-un-tunisien-arrete-pour-planification-dattaques-terroristes\/184050\/\" \/>\n<meta property=\"og:site_name\" content=\"webdo\" \/>\n<meta property=\"article:publisher\" content=\"https:\/\/www.facebook.com\/webdotn\" \/>\n<meta property=\"article:published_time\" content=\"2015-07-23T13:08:00+00:00\" \/>\n<meta property=\"article:modified_time\" content=\"2025-05-19T10:11:26+00:00\" \/>\n<meta property=\"og:image\" content=\"https:\/\/www.webdo.tn\/fr\/wp-content\/uploads\/2015\/07\/webdo_default-5.jpg\" \/>\n\t<meta property=\"og:image:width\" content=\"800\" \/>\n\t<meta property=\"og:image:height\" content=\"500\" \/>\n\t<meta property=\"og:image:type\" content=\"image\/jpeg\" \/>\n<meta name=\"author\" content=\"webdo.tn\" \/>\n<meta name=\"twitter:card\" content=\"summary_large_image\" \/>\n<meta name=\"twitter:creator\" content=\"@webdo_tn\" \/>\n<meta name=\"twitter:site\" content=\"@webdo_tn\" \/>\n<meta name=\"twitter:label1\" content=\"\u00c9crit par\" \/>\n\t<meta name=\"twitter:data1\" content=\"webdo.tn\" \/>\n\t<meta name=\"twitter:label2\" content=\"Dur\u00e9e de lecture estim\u00e9e\" \/>\n\t<meta name=\"twitter:data2\" content=\"1 minute\" \/>\n<script type=\"application\/ld+json\" class=\"yoast-schema-graph\">{\"@context\":\"https:\\\/\\\/schema.org\",\"@graph\":[{\"@type\":\"NewsArticle\",\"@id\":\"https:\\\/\\\/www.webdo.tn\\\/fr\\\/actualite\\\/international\\\/italie-un-tunisien-arrete-pour-planification-dattaques-terroristes\\\/184050\\\/#article\",\"isPartOf\":{\"@id\":\"https:\\\/\\\/www.webdo.tn\\\/fr\\\/actualite\\\/international\\\/italie-un-tunisien-arrete-pour-planification-dattaques-terroristes\\\/184050\\\/\"},\"author\":{\"name\":\"webdo.tn\",\"@id\":\"https:\\\/\\\/www.webdo.tn\\\/fr\\\/#\\\/schema\\\/person\\\/9a9c6118d687c117df8ef3cc36a4d175\"},\"headline\":\"Italie : Un Tunisien arr\u00eat\u00e9 pour planification d\u2019attaques terroristes\",\"datePublished\":\"2015-07-23T13:08:00+00:00\",\"dateModified\":\"2025-05-19T10:11:26+00:00\",\"mainEntityOfPage\":{\"@id\":\"https:\\\/\\\/www.webdo.tn\\\/fr\\\/actualite\\\/international\\\/italie-un-tunisien-arrete-pour-planification-dattaques-terroristes\\\/184050\\\/\"},\"wordCount\":227,\"commentCount\":0,\"publisher\":{\"@id\":\"https:\\\/\\\/www.webdo.tn\\\/fr\\\/#organization\"},\"image\":{\"@id\":\"https:\\\/\\\/www.webdo.tn\\\/fr\\\/actualite\\\/international\\\/italie-un-tunisien-arrete-pour-planification-dattaques-terroristes\\\/184050\\\/#primaryimage\"},\"thumbnailUrl\":\"https:\\\/\\\/www.webdo.tn\\\/fr\\\/wp-content\\\/uploads\\\/2015\\\/07\\\/webdo_default-5.jpg\",\"keywords\":[\"guerre\"],\"articleSection\":[\"International\"],\"inLanguage\":\"fr-FR\"},{\"@type\":\"WebPage\",\"@id\":\"https:\\\/\\\/www.webdo.tn\\\/fr\\\/actualite\\\/international\\\/italie-un-tunisien-arrete-pour-planification-dattaques-terroristes\\\/184050\\\/\",\"url\":\"https:\\\/\\\/www.webdo.tn\\\/fr\\\/actualite\\\/international\\\/italie-un-tunisien-arrete-pour-planification-dattaques-terroristes\\\/184050\\\/\",\"name\":\"Italie : Un Tunisien arr\u00eat\u00e9 pour planification d\u2019attaques terroristes\",\"isPartOf\":{\"@id\":\"https:\\\/\\\/www.webdo.tn\\\/fr\\\/#website\"},\"primaryImageOfPage\":{\"@id\":\"https:\\\/\\\/www.webdo.tn\\\/fr\\\/actualite\\\/international\\\/italie-un-tunisien-arrete-pour-planification-dattaques-terroristes\\\/184050\\\/#primaryimage\"},\"image\":{\"@id\":\"https:\\\/\\\/www.webdo.tn\\\/fr\\\/actualite\\\/international\\\/italie-un-tunisien-arrete-pour-planification-dattaques-terroristes\\\/184050\\\/#primaryimage\"},\"thumbnailUrl\":\"https:\\\/\\\/www.webdo.tn\\\/fr\\\/wp-content\\\/uploads\\\/2015\\\/07\\\/webdo_default-5.jpg\",\"datePublished\":\"2015-07-23T13:08:00+00:00\",\"dateModified\":\"2025-05-19T10:11:26+00:00\",\"description\":\"Italie : Un Tunisien arr\u00eat\u00e9 pour planification d\u2019attaques terroristes\",\"breadcrumb\":{\"@id\":\"https:\\\/\\\/www.webdo.tn\\\/fr\\\/actualite\\\/international\\\/italie-un-tunisien-arrete-pour-planification-dattaques-terroristes\\\/184050\\\/#breadcrumb\"},\"inLanguage\":\"fr-FR\",\"potentialAction\":[{\"@type\":\"ReadAction\",\"target\":[\"https:\\\/\\\/www.webdo.tn\\\/fr\\\/actualite\\\/international\\\/italie-un-tunisien-arrete-pour-planification-dattaques-terroristes\\\/184050\\\/\"]}]},{\"@type\":\"ImageObject\",\"inLanguage\":\"fr-FR\",\"@id\":\"https:\\\/\\\/www.webdo.tn\\\/fr\\\/actualite\\\/international\\\/italie-un-tunisien-arrete-pour-planification-dattaques-terroristes\\\/184050\\\/#primaryimage\",\"url\":\"https:\\\/\\\/www.webdo.tn\\\/fr\\\/wp-content\\\/uploads\\\/2015\\\/07\\\/webdo_default-5.jpg\",\"contentUrl\":\"https:\\\/\\\/www.webdo.tn\\\/fr\\\/wp-content\\\/uploads\\\/2015\\\/07\\\/webdo_default-5.jpg\",\"width\":800,\"height\":500,\"caption\":\"Italie : Un Tunisien arr\u00eat\u00e9 pour planification d\u2019attaques terroristes\"},{\"@type\":\"BreadcrumbList\",\"@id\":\"https:\\\/\\\/www.webdo.tn\\\/fr\\\/actualite\\\/international\\\/italie-un-tunisien-arrete-pour-planification-dattaques-terroristes\\\/184050\\\/#breadcrumb\",\"itemListElement\":[{\"@type\":\"ListItem\",\"position\":1,\"name\":\"Accueil\",\"item\":\"https:\\\/\\\/www.webdo.tn\\\/fr\\\/\"},{\"@type\":\"ListItem\",\"position\":2,\"name\":\"Italie : Un Tunisien arr\u00eat\u00e9 pour planification d\u2019attaques terroristes\"}]},{\"@type\":\"WebSite\",\"@id\":\"https:\\\/\\\/www.webdo.tn\\\/fr\\\/#website\",\"url\":\"https:\\\/\\\/www.webdo.tn\\\/fr\\\/\",\"name\":\"webdo\",\"description\":\"Tunisie - News en Tunisie et \u00e0 l&#039;international sur Webdo.tn\",\"publisher\":{\"@id\":\"https:\\\/\\\/www.webdo.tn\\\/fr\\\/#organization\"},\"potentialAction\":[{\"@type\":\"SearchAction\",\"target\":{\"@type\":\"EntryPoint\",\"urlTemplate\":\"https:\\\/\\\/www.webdo.tn\\\/fr\\\/?s={search_term_string}\"},\"query-input\":{\"@type\":\"PropertyValueSpecification\",\"valueRequired\":true,\"valueName\":\"search_term_string\"}}],\"inLanguage\":\"fr-FR\"},{\"@type\":\"Organization\",\"@id\":\"https:\\\/\\\/www.webdo.tn\\\/fr\\\/#organization\",\"name\":\"Webdo\",\"alternateName\":\"Webdo.tn\",\"url\":\"https:\\\/\\\/www.webdo.tn\\\/fr\\\/\",\"logo\":{\"@type\":\"ImageObject\",\"inLanguage\":\"fr-FR\",\"@id\":\"https:\\\/\\\/www.webdo.tn\\\/fr\\\/#\\\/schema\\\/logo\\\/image\\\/\",\"url\":\"https:\\\/\\\/www.webdo.tn\\\/fr\\\/wp-content\\\/uploads\\\/2025\\\/06\\\/Webdo-Tunisie_168377.jpg\",\"contentUrl\":\"https:\\\/\\\/www.webdo.tn\\\/fr\\\/wp-content\\\/uploads\\\/2025\\\/06\\\/Webdo-Tunisie_168377.jpg\",\"width\":301,\"height\":301,\"caption\":\"Webdo\"},\"image\":{\"@id\":\"https:\\\/\\\/www.webdo.tn\\\/fr\\\/#\\\/schema\\\/logo\\\/image\\\/\"},\"sameAs\":[\"https:\\\/\\\/www.facebook.com\\\/webdotn\",\"https:\\\/\\\/x.com\\\/webdo_tn\"],\"description\":\"Webdo est un m\u00e9dia num\u00e9rique tunisien fond\u00e9 en 2010, sp\u00e9cialis\u00e9 dans l\u2019actualit\u00e9 nationale et internationale, l\u2019\u00e9conomie, la soci\u00e9t\u00e9 et les analyses politiques. Le site s\u2019adresse \u00e0 un large public francophone et couvre l\u2019information tunisienne en temps r\u00e9el.\",\"email\":\"redac@webdo.tn\",\"legalName\":\"YNJ SARL\",\"foundingDate\":\"2010-09-06\",\"numberOfEmployees\":{\"@type\":\"QuantitativeValue\",\"minValue\":\"11\",\"maxValue\":\"50\"}},{\"@type\":\"Person\",\"@id\":\"https:\\\/\\\/www.webdo.tn\\\/fr\\\/#\\\/schema\\\/person\\\/9a9c6118d687c117df8ef3cc36a4d175\",\"name\":\"webdo.tn\",\"image\":{\"@type\":\"ImageObject\",\"inLanguage\":\"fr-FR\",\"@id\":\"https:\\\/\\\/secure.gravatar.com\\\/avatar\\\/7ce1f28c0c3bbac99ff550b85ef8e44a6950c6ee24514fb6a5489e51d06f0298?s=96&d=mm&r=g\",\"url\":\"https:\\\/\\\/secure.gravatar.com\\\/avatar\\\/7ce1f28c0c3bbac99ff550b85ef8e44a6950c6ee24514fb6a5489e51d06f0298?s=96&d=mm&r=g\",\"contentUrl\":\"https:\\\/\\\/secure.gravatar.com\\\/avatar\\\/7ce1f28c0c3bbac99ff550b85ef8e44a6950c6ee24514fb6a5489e51d06f0298?s=96&d=mm&r=g\",\"caption\":\"webdo.tn\"},\"url\":\"https:\\\/\\\/www.webdo.tn\\\/fr\\\/actualite\\\/author\\\/webdotn\\\/\"}]}<\/script>\n<!-- \/ Yoast SEO Premium plugin. -->","yoast_head_json":{"title":"Italie : Un Tunisien arr\u00eat\u00e9 pour planification d\u2019attaques terroristes","description":"Italie : Un Tunisien arr\u00eat\u00e9 pour planification d\u2019attaques terroristes","canonical":"https:\/\/www.webdo.tn\/fr\/actualite\/international\/italie-un-tunisien-arrete-pour-planification-dattaques-terroristes\/184050\/","og_locale":"fr_FR","og_type":"article","og_title":"Italie : Un Tunisien arr\u00eat\u00e9 pour planification d\u2019attaques terroristes","og_description":"Italie : Un Tunisien arr\u00eat\u00e9 pour planification d\u2019attaques terroristes","og_url":"https:\/\/www.webdo.tn\/fr\/actualite\/international\/italie-un-tunisien-arrete-pour-planification-dattaques-terroristes\/184050\/","og_site_name":"webdo","article_publisher":"https:\/\/www.facebook.com\/webdotn","article_published_time":"2015-07-23T13:08:00+00:00","article_modified_time":"2025-05-19T10:11:26+00:00","og_image":[{"width":800,"height":500,"url":"https:\/\/www.webdo.tn\/fr\/wp-content\/uploads\/2015\/07\/webdo_default-5.jpg","type":"image\/jpeg"}],"author":"webdo.tn","twitter_card":"summary_large_image","twitter_creator":"@webdo_tn","twitter_site":"@webdo_tn","twitter_misc":{"\u00c9crit par":"webdo.tn","Dur\u00e9e de lecture estim\u00e9e":"1 minute"},"schema":{"@context":"https:\/\/schema.org","@graph":[{"@type":"NewsArticle","@id":"https:\/\/www.webdo.tn\/fr\/actualite\/international\/italie-un-tunisien-arrete-pour-planification-dattaques-terroristes\/184050\/#article","isPartOf":{"@id":"https:\/\/www.webdo.tn\/fr\/actualite\/international\/italie-un-tunisien-arrete-pour-planification-dattaques-terroristes\/184050\/"},"author":{"name":"webdo.tn","@id":"https:\/\/www.webdo.tn\/fr\/#\/schema\/person\/9a9c6118d687c117df8ef3cc36a4d175"},"headline":"Italie : Un Tunisien arr\u00eat\u00e9 pour planification d\u2019attaques terroristes","datePublished":"2015-07-23T13:08:00+00:00","dateModified":"2025-05-19T10:11:26+00:00","mainEntityOfPage":{"@id":"https:\/\/www.webdo.tn\/fr\/actualite\/international\/italie-un-tunisien-arrete-pour-planification-dattaques-terroristes\/184050\/"},"wordCount":227,"commentCount":0,"publisher":{"@id":"https:\/\/www.webdo.tn\/fr\/#organization"},"image":{"@id":"https:\/\/www.webdo.tn\/fr\/actualite\/international\/italie-un-tunisien-arrete-pour-planification-dattaques-terroristes\/184050\/#primaryimage"},"thumbnailUrl":"https:\/\/www.webdo.tn\/fr\/wp-content\/uploads\/2015\/07\/webdo_default-5.jpg","keywords":["guerre"],"articleSection":["International"],"inLanguage":"fr-FR"},{"@type":"WebPage","@id":"https:\/\/www.webdo.tn\/fr\/actualite\/international\/italie-un-tunisien-arrete-pour-planification-dattaques-terroristes\/184050\/","url":"https:\/\/www.webdo.tn\/fr\/actualite\/international\/italie-un-tunisien-arrete-pour-planification-dattaques-terroristes\/184050\/","name":"Italie : Un Tunisien arr\u00eat\u00e9 pour planification d\u2019attaques terroristes","isPartOf":{"@id":"https:\/\/www.webdo.tn\/fr\/#website"},"primaryImageOfPage":{"@id":"https:\/\/www.webdo.tn\/fr\/actualite\/international\/italie-un-tunisien-arrete-pour-planification-dattaques-terroristes\/184050\/#primaryimage"},"image":{"@id":"https:\/\/www.webdo.tn\/fr\/actualite\/international\/italie-un-tunisien-arrete-pour-planification-dattaques-terroristes\/184050\/#primaryimage"},"thumbnailUrl":"https:\/\/www.webdo.tn\/fr\/wp-content\/uploads\/2015\/07\/webdo_default-5.jpg","datePublished":"2015-07-23T13:08:00+00:00","dateModified":"2025-05-19T10:11:26+00:00","description":"Italie : Un Tunisien arr\u00eat\u00e9 pour planification d\u2019attaques terroristes","breadcrumb":{"@id":"https:\/\/www.webdo.tn\/fr\/actualite\/international\/italie-un-tunisien-arrete-pour-planification-dattaques-terroristes\/184050\/#breadcrumb"},"inLanguage":"fr-FR","potentialAction":[{"@type":"ReadAction","target":["https:\/\/www.webdo.tn\/fr\/actualite\/international\/italie-un-tunisien-arrete-pour-planification-dattaques-terroristes\/184050\/"]}]},{"@type":"ImageObject","inLanguage":"fr-FR","@id":"https:\/\/www.webdo.tn\/fr\/actualite\/international\/italie-un-tunisien-arrete-pour-planification-dattaques-terroristes\/184050\/#primaryimage","url":"https:\/\/www.webdo.tn\/fr\/wp-content\/uploads\/2015\/07\/webdo_default-5.jpg","contentUrl":"https:\/\/www.webdo.tn\/fr\/wp-content\/uploads\/2015\/07\/webdo_default-5.jpg","width":800,"height":500,"caption":"Italie : Un Tunisien arr\u00eat\u00e9 pour planification d\u2019attaques terroristes"},{"@type":"BreadcrumbList","@id":"https:\/\/www.webdo.tn\/fr\/actualite\/international\/italie-un-tunisien-arrete-pour-planification-dattaques-terroristes\/184050\/#breadcrumb","itemListElement":[{"@type":"ListItem","position":1,"name":"Accueil","item":"https:\/\/www.webdo.tn\/fr\/"},{"@type":"ListItem","position":2,"name":"Italie : Un Tunisien arr\u00eat\u00e9 pour planification d\u2019attaques terroristes"}]},{"@type":"WebSite","@id":"https:\/\/www.webdo.tn\/fr\/#website","url":"https:\/\/www.webdo.tn\/fr\/","name":"webdo","description":"Tunisie - News en Tunisie et \u00e0 l&#039;international sur Webdo.tn","publisher":{"@id":"https:\/\/www.webdo.tn\/fr\/#organization"},"potentialAction":[{"@type":"SearchAction","target":{"@type":"EntryPoint","urlTemplate":"https:\/\/www.webdo.tn\/fr\/?s={search_term_string}"},"query-input":{"@type":"PropertyValueSpecification","valueRequired":true,"valueName":"search_term_string"}}],"inLanguage":"fr-FR"},{"@type":"Organization","@id":"https:\/\/www.webdo.tn\/fr\/#organization","name":"Webdo","alternateName":"Webdo.tn","url":"https:\/\/www.webdo.tn\/fr\/","logo":{"@type":"ImageObject","inLanguage":"fr-FR","@id":"https:\/\/www.webdo.tn\/fr\/#\/schema\/logo\/image\/","url":"https:\/\/www.webdo.tn\/fr\/wp-content\/uploads\/2025\/06\/Webdo-Tunisie_168377.jpg","contentUrl":"https:\/\/www.webdo.tn\/fr\/wp-content\/uploads\/2025\/06\/Webdo-Tunisie_168377.jpg","width":301,"height":301,"caption":"Webdo"},"image":{"@id":"https:\/\/www.webdo.tn\/fr\/#\/schema\/logo\/image\/"},"sameAs":["https:\/\/www.facebook.com\/webdotn","https:\/\/x.com\/webdo_tn"],"description":"Webdo est un m\u00e9dia num\u00e9rique tunisien fond\u00e9 en 2010, sp\u00e9cialis\u00e9 dans l\u2019actualit\u00e9 nationale et internationale, l\u2019\u00e9conomie, la soci\u00e9t\u00e9 et les analyses politiques. Le site s\u2019adresse \u00e0 un large public francophone et couvre l\u2019information tunisienne en temps r\u00e9el.","email":"redac@webdo.tn","legalName":"YNJ SARL","foundingDate":"2010-09-06","numberOfEmployees":{"@type":"QuantitativeValue","minValue":"11","maxValue":"50"}},{"@type":"Person","@id":"https:\/\/www.webdo.tn\/fr\/#\/schema\/person\/9a9c6118d687c117df8ef3cc36a4d175","name":"webdo.tn","image":{"@type":"ImageObject","inLanguage":"fr-FR","@id":"https:\/\/secure.gravatar.com\/avatar\/7ce1f28c0c3bbac99ff550b85ef8e44a6950c6ee24514fb6a5489e51d06f0298?s=96&d=mm&r=g","url":"https:\/\/secure.gravatar.com\/avatar\/7ce1f28c0c3bbac99ff550b85ef8e44a6950c6ee24514fb6a5489e51d06f0298?s=96&d=mm&r=g","contentUrl":"https:\/\/secure.gravatar.com\/avatar\/7ce1f28c0c3bbac99ff550b85ef8e44a6950c6ee24514fb6a5489e51d06f0298?s=96&d=mm&r=g","caption":"webdo.tn"},"url":"https:\/\/www.webdo.tn\/fr\/actualite\/author\/webdotn\/"}]}},"_links":{"self":[{"href":"https:\/\/www.webdo.tn\/fr\/wp-json\/wp\/v2\/posts\/184050","targetHints":{"allow":["GET"]}}],"collection":[{"href":"https:\/\/www.webdo.tn\/fr\/wp-json\/wp\/v2\/posts"}],"about":[{"href":"https:\/\/www.webdo.tn\/fr\/wp-json\/wp\/v2\/types\/post"}],"author":[{"embeddable":true,"href":"https:\/\/www.webdo.tn\/fr\/wp-json\/wp\/v2\/users\/3222"}],"replies":[{"embeddable":true,"href":"https:\/\/www.webdo.tn\/fr\/wp-json\/wp\/v2\/comments?post=184050"}],"version-history":[{"count":0,"href":"https:\/\/www.webdo.tn\/fr\/wp-json\/wp\/v2\/posts\/184050\/revisions"}],"wp:featuredmedia":[{"embeddable":true,"href":"https:\/\/www.webdo.tn\/fr\/wp-json\/wp\/v2\/media\/317718"}],"wp:attachment":[{"href":"https:\/\/www.webdo.tn\/fr\/wp-json\/wp\/v2\/media?parent=184050"}],"wp:term":[{"taxonomy":"category","embeddable":true,"href":"https:\/\/www.webdo.tn\/fr\/wp-json\/wp\/v2\/categories?post=184050"},{"taxonomy":"post_tag","embeddable":true,"href":"https:\/\/www.webdo.tn\/fr\/wp-json\/wp\/v2\/tags?post=184050"}],"curies":[{"name":"wp","href":"https:\/\/api.w.org\/{rel}","templated":true}]}}