{"id":184049,"date":"2015-07-25T16:28:00","date_gmt":"2015-07-25T16:28:00","guid":{"rendered":"https:\/\/www.webdo.tn\/fr\/blog\/2015-est-lannee-la-plus-chaude-sur-terre-depuis-1880\/184049\/"},"modified":"2025-05-19T10:11:21","modified_gmt":"2025-05-19T10:11:21","slug":"2015-est-lannee-la-plus-chaude-sur-terre-depuis-1880","status":"publish","type":"post","link":"https:\/\/www.webdo.tn\/fr\/actualite\/international\/2015-est-lannee-la-plus-chaude-sur-terre-depuis-1880\/184049\/","title":{"rendered":"2015 est l\u2019ann\u00e9e la plus chaude sur terre depuis 1880 !"},"content":{"rendered":"<p>Vous avez peut-\u00eatre eu l\u2019impression que cet \u00e9t\u00e9 \u00e9tait particuli\u00e8rement torride et que la climatisation partait battue d\u2019avance. Eh bien, vous avez raison, 2015 pourrait bien \u00eatre l\u2019ann\u00e9e la plus chaude depuis des lustres et battre tous les records de temp\u00e9rature !<\/p>\n<p>Les scientifiques ont compar\u00e9 les temp\u00e9ratures sur terre ainsi que dans les oc\u00e9ans de tous les mois de juin depuis 1880 jusqu\u2019en 2015. Et dans le monde entier, juin 2015 est le mois de juin le plus chaud jamais enregistr\u00e9.<\/p>\n<p>Bien s\u00fbr, les temp\u00e9ratures ne sont pas uniformes \u00e0 travers le monde. Des temp\u00e9ratures plus basses ont \u00e9t\u00e9 signal\u00e9es dans certaines r\u00e9gions, mais la tendance g\u00e9n\u00e9rale va vers la hausse.<\/p>\n<p>Selon le National Oceanic and Atmospheric Administration, la temp\u00e9rature sup\u00e9rieure de 1.5\u00b0C \u00e0 la moyenne la plus \u00e9lev\u00e9e jamais relev\u00e9e. C\u2019est un record absolu pour la plan\u00e8te.<\/p>\n<p>Cette ann\u00e9e pourrait donc devenir la plus chaude jamais enregistr\u00e9e si cette tendance se confirme pour les mois \u00e0 venir.<\/p>\n","protected":false},"excerpt":{"rendered":"<p>2015 est l\u2019ann\u00e9e la plus chaude sur terre depuis 1880 !<\/p>\n","protected":false},"author":3222,"featured_media":372931,"comment_status":"open","ping_status":"closed","sticky":false,"template":"","format":"standard","meta":{"footnotes":""},"categories":[2598],"tags":[2600],"class_list":["post-184049","post","type-post","status-publish","format-standard","has-post-thumbnail","hentry","category-international","tag-guerre"],"yoast_head":"<!-- This site is optimized with the Yoast SEO Premium plugin v27.5 (Yoast SEO v27.5) - https:\/\/yoast.com\/product\/yoast-seo-premium-wordpress\/ -->\n<title>2015 est l\u2019ann\u00e9e la plus chaude sur terre depuis 1880 !<\/title>\n<meta name=\"description\" content=\"2015 est l\u2019ann\u00e9e la plus chaude sur terre depuis 1880 !\" \/>\n<link rel=\"canonical\" href=\"https:\/\/www.webdo.tn\/fr\/actualite\/international\/2015-est-lannee-la-plus-chaude-sur-terre-depuis-1880\/184049\/\" \/>\n<meta property=\"og:locale\" content=\"fr_FR\" \/>\n<meta property=\"og:type\" content=\"article\" \/>\n<meta property=\"og:title\" content=\"2015 est l\u2019ann\u00e9e la plus chaude sur terre depuis 1880 !\" \/>\n<meta property=\"og:description\" content=\"2015 est l\u2019ann\u00e9e la plus chaude sur terre depuis 1880 !\" \/>\n<meta property=\"og:url\" content=\"https:\/\/www.webdo.tn\/fr\/actualite\/international\/2015-est-lannee-la-plus-chaude-sur-terre-depuis-1880\/184049\/\" \/>\n<meta property=\"og:site_name\" content=\"webdo\" \/>\n<meta property=\"article:publisher\" content=\"https:\/\/www.facebook.com\/webdotn\" \/>\n<meta property=\"article:published_time\" content=\"2015-07-25T16:28:00+00:00\" \/>\n<meta property=\"article:modified_time\" content=\"2025-05-19T10:11:21+00:00\" \/>\n<meta name=\"author\" content=\"webdo.tn\" \/>\n<meta name=\"twitter:card\" content=\"summary_large_image\" \/>\n<meta name=\"twitter:creator\" content=\"@webdo_tn\" \/>\n<meta name=\"twitter:site\" content=\"@webdo_tn\" \/>\n<meta name=\"twitter:label1\" content=\"\u00c9crit par\" \/>\n\t<meta name=\"twitter:data1\" content=\"webdo.tn\" \/>\n\t<meta name=\"twitter:label2\" content=\"Dur\u00e9e de lecture estim\u00e9e\" \/>\n\t<meta name=\"twitter:data2\" content=\"1 minute\" \/>\n<script type=\"application\/ld+json\" class=\"yoast-schema-graph\">{\"@context\":\"https:\\\/\\\/schema.org\",\"@graph\":[{\"@type\":\"NewsArticle\",\"@id\":\"https:\\\/\\\/www.webdo.tn\\\/fr\\\/actualite\\\/international\\\/2015-est-lannee-la-plus-chaude-sur-terre-depuis-1880\\\/184049\\\/#article\",\"isPartOf\":{\"@id\":\"https:\\\/\\\/www.webdo.tn\\\/fr\\\/actualite\\\/international\\\/2015-est-lannee-la-plus-chaude-sur-terre-depuis-1880\\\/184049\\\/\"},\"author\":{\"name\":\"webdo.tn\",\"@id\":\"https:\\\/\\\/www.webdo.tn\\\/fr\\\/#\\\/schema\\\/person\\\/9a9c6118d687c117df8ef3cc36a4d175\"},\"headline\":\"2015 est l\u2019ann\u00e9e la plus chaude sur terre depuis 1880 !\",\"datePublished\":\"2015-07-25T16:28:00+00:00\",\"dateModified\":\"2025-05-19T10:11:21+00:00\",\"mainEntityOfPage\":{\"@id\":\"https:\\\/\\\/www.webdo.tn\\\/fr\\\/actualite\\\/international\\\/2015-est-lannee-la-plus-chaude-sur-terre-depuis-1880\\\/184049\\\/\"},\"wordCount\":186,\"commentCount\":0,\"publisher\":{\"@id\":\"https:\\\/\\\/www.webdo.tn\\\/fr\\\/#organization\"},\"image\":{\"@id\":\"https:\\\/\\\/www.webdo.tn\\\/fr\\\/actualite\\\/international\\\/2015-est-lannee-la-plus-chaude-sur-terre-depuis-1880\\\/184049\\\/#primaryimage\"},\"thumbnailUrl\":\"https:\\\/\\\/www.webdo.tn\\\/fr\\\/wp-content\\\/uploads\\\/2025\\\/06\\\/courbe-temperature_184049.png\",\"keywords\":[\"guerre\"],\"articleSection\":[\"International\"],\"inLanguage\":\"fr-FR\"},{\"@type\":\"WebPage\",\"@id\":\"https:\\\/\\\/www.webdo.tn\\\/fr\\\/actualite\\\/international\\\/2015-est-lannee-la-plus-chaude-sur-terre-depuis-1880\\\/184049\\\/\",\"url\":\"https:\\\/\\\/www.webdo.tn\\\/fr\\\/actualite\\\/international\\\/2015-est-lannee-la-plus-chaude-sur-terre-depuis-1880\\\/184049\\\/\",\"name\":\"2015 est l\u2019ann\u00e9e la plus chaude sur terre depuis 1880 !\",\"isPartOf\":{\"@id\":\"https:\\\/\\\/www.webdo.tn\\\/fr\\\/#website\"},\"primaryImageOfPage\":{\"@id\":\"https:\\\/\\\/www.webdo.tn\\\/fr\\\/actualite\\\/international\\\/2015-est-lannee-la-plus-chaude-sur-terre-depuis-1880\\\/184049\\\/#primaryimage\"},\"image\":{\"@id\":\"https:\\\/\\\/www.webdo.tn\\\/fr\\\/actualite\\\/international\\\/2015-est-lannee-la-plus-chaude-sur-terre-depuis-1880\\\/184049\\\/#primaryimage\"},\"thumbnailUrl\":\"https:\\\/\\\/www.webdo.tn\\\/fr\\\/wp-content\\\/uploads\\\/2025\\\/06\\\/courbe-temperature_184049.png\",\"datePublished\":\"2015-07-25T16:28:00+00:00\",\"dateModified\":\"2025-05-19T10:11:21+00:00\",\"description\":\"2015 est l\u2019ann\u00e9e la plus chaude sur terre depuis 1880 !\",\"breadcrumb\":{\"@id\":\"https:\\\/\\\/www.webdo.tn\\\/fr\\\/actualite\\\/international\\\/2015-est-lannee-la-plus-chaude-sur-terre-depuis-1880\\\/184049\\\/#breadcrumb\"},\"inLanguage\":\"fr-FR\",\"potentialAction\":[{\"@type\":\"ReadAction\",\"target\":[\"https:\\\/\\\/www.webdo.tn\\\/fr\\\/actualite\\\/international\\\/2015-est-lannee-la-plus-chaude-sur-terre-depuis-1880\\\/184049\\\/\"]}]},{\"@type\":\"ImageObject\",\"inLanguage\":\"fr-FR\",\"@id\":\"https:\\\/\\\/www.webdo.tn\\\/fr\\\/actualite\\\/international\\\/2015-est-lannee-la-plus-chaude-sur-terre-depuis-1880\\\/184049\\\/#primaryimage\",\"url\":\"https:\\\/\\\/www.webdo.tn\\\/fr\\\/wp-content\\\/uploads\\\/2025\\\/06\\\/courbe-temperature_184049.png\",\"contentUrl\":\"https:\\\/\\\/www.webdo.tn\\\/fr\\\/wp-content\\\/uploads\\\/2025\\\/06\\\/courbe-temperature_184049.png\",\"width\":800,\"height\":340,\"caption\":\"2015 est l\u2019ann\u00e9e la plus chaude sur terre depuis 1880 !\"},{\"@type\":\"BreadcrumbList\",\"@id\":\"https:\\\/\\\/www.webdo.tn\\\/fr\\\/actualite\\\/international\\\/2015-est-lannee-la-plus-chaude-sur-terre-depuis-1880\\\/184049\\\/#breadcrumb\",\"itemListElement\":[{\"@type\":\"ListItem\",\"position\":1,\"name\":\"Accueil\",\"item\":\"https:\\\/\\\/www.webdo.tn\\\/fr\\\/\"},{\"@type\":\"ListItem\",\"position\":2,\"name\":\"2015 est l\u2019ann\u00e9e la plus chaude sur terre depuis 1880 !\"}]},{\"@type\":\"WebSite\",\"@id\":\"https:\\\/\\\/www.webdo.tn\\\/fr\\\/#website\",\"url\":\"https:\\\/\\\/www.webdo.tn\\\/fr\\\/\",\"name\":\"webdo\",\"description\":\"Tunisie - News en Tunisie et \u00e0 l&#039;international sur Webdo.tn\",\"publisher\":{\"@id\":\"https:\\\/\\\/www.webdo.tn\\\/fr\\\/#organization\"},\"potentialAction\":[{\"@type\":\"SearchAction\",\"target\":{\"@type\":\"EntryPoint\",\"urlTemplate\":\"https:\\\/\\\/www.webdo.tn\\\/fr\\\/?s={search_term_string}\"},\"query-input\":{\"@type\":\"PropertyValueSpecification\",\"valueRequired\":true,\"valueName\":\"search_term_string\"}}],\"inLanguage\":\"fr-FR\"},{\"@type\":\"Organization\",\"@id\":\"https:\\\/\\\/www.webdo.tn\\\/fr\\\/#organization\",\"name\":\"Webdo\",\"alternateName\":\"Webdo.tn\",\"url\":\"https:\\\/\\\/www.webdo.tn\\\/fr\\\/\",\"logo\":{\"@type\":\"ImageObject\",\"inLanguage\":\"fr-FR\",\"@id\":\"https:\\\/\\\/www.webdo.tn\\\/fr\\\/#\\\/schema\\\/logo\\\/image\\\/\",\"url\":\"https:\\\/\\\/www.webdo.tn\\\/fr\\\/wp-content\\\/uploads\\\/2025\\\/06\\\/Webdo-Tunisie_168377.jpg\",\"contentUrl\":\"https:\\\/\\\/www.webdo.tn\\\/fr\\\/wp-content\\\/uploads\\\/2025\\\/06\\\/Webdo-Tunisie_168377.jpg\",\"width\":301,\"height\":301,\"caption\":\"Webdo\"},\"image\":{\"@id\":\"https:\\\/\\\/www.webdo.tn\\\/fr\\\/#\\\/schema\\\/logo\\\/image\\\/\"},\"sameAs\":[\"https:\\\/\\\/www.facebook.com\\\/webdotn\",\"https:\\\/\\\/x.com\\\/webdo_tn\"],\"description\":\"Webdo est un m\u00e9dia num\u00e9rique tunisien fond\u00e9 en 2010, sp\u00e9cialis\u00e9 dans l\u2019actualit\u00e9 nationale et internationale, l\u2019\u00e9conomie, la soci\u00e9t\u00e9 et les analyses politiques. Le site s\u2019adresse \u00e0 un large public francophone et couvre l\u2019information tunisienne en temps r\u00e9el.\",\"email\":\"redac@webdo.tn\",\"legalName\":\"YNJ SARL\",\"foundingDate\":\"2010-09-06\",\"numberOfEmployees\":{\"@type\":\"QuantitativeValue\",\"minValue\":\"11\",\"maxValue\":\"50\"}},{\"@type\":\"Person\",\"@id\":\"https:\\\/\\\/www.webdo.tn\\\/fr\\\/#\\\/schema\\\/person\\\/9a9c6118d687c117df8ef3cc36a4d175\",\"name\":\"webdo.tn\",\"image\":{\"@type\":\"ImageObject\",\"inLanguage\":\"fr-FR\",\"@id\":\"https:\\\/\\\/secure.gravatar.com\\\/avatar\\\/7ce1f28c0c3bbac99ff550b85ef8e44a6950c6ee24514fb6a5489e51d06f0298?s=96&d=mm&r=g\",\"url\":\"https:\\\/\\\/secure.gravatar.com\\\/avatar\\\/7ce1f28c0c3bbac99ff550b85ef8e44a6950c6ee24514fb6a5489e51d06f0298?s=96&d=mm&r=g\",\"contentUrl\":\"https:\\\/\\\/secure.gravatar.com\\\/avatar\\\/7ce1f28c0c3bbac99ff550b85ef8e44a6950c6ee24514fb6a5489e51d06f0298?s=96&d=mm&r=g\",\"caption\":\"webdo.tn\"},\"url\":\"https:\\\/\\\/www.webdo.tn\\\/fr\\\/actualite\\\/author\\\/webdotn\\\/\"}]}<\/script>\n<!-- \/ Yoast SEO Premium plugin. -->","yoast_head_json":{"title":"2015 est l\u2019ann\u00e9e la plus chaude sur terre depuis 1880 !","description":"2015 est l\u2019ann\u00e9e la plus chaude sur terre depuis 1880 !","canonical":"https:\/\/www.webdo.tn\/fr\/actualite\/international\/2015-est-lannee-la-plus-chaude-sur-terre-depuis-1880\/184049\/","og_locale":"fr_FR","og_type":"article","og_title":"2015 est l\u2019ann\u00e9e la plus chaude sur terre depuis 1880 !","og_description":"2015 est l\u2019ann\u00e9e la plus chaude sur terre depuis 1880 !","og_url":"https:\/\/www.webdo.tn\/fr\/actualite\/international\/2015-est-lannee-la-plus-chaude-sur-terre-depuis-1880\/184049\/","og_site_name":"webdo","article_publisher":"https:\/\/www.facebook.com\/webdotn","article_published_time":"2015-07-25T16:28:00+00:00","article_modified_time":"2025-05-19T10:11:21+00:00","author":"webdo.tn","twitter_card":"summary_large_image","twitter_creator":"@webdo_tn","twitter_site":"@webdo_tn","twitter_misc":{"\u00c9crit par":"webdo.tn","Dur\u00e9e de lecture estim\u00e9e":"1 minute"},"schema":{"@context":"https:\/\/schema.org","@graph":[{"@type":"NewsArticle","@id":"https:\/\/www.webdo.tn\/fr\/actualite\/international\/2015-est-lannee-la-plus-chaude-sur-terre-depuis-1880\/184049\/#article","isPartOf":{"@id":"https:\/\/www.webdo.tn\/fr\/actualite\/international\/2015-est-lannee-la-plus-chaude-sur-terre-depuis-1880\/184049\/"},"author":{"name":"webdo.tn","@id":"https:\/\/www.webdo.tn\/fr\/#\/schema\/person\/9a9c6118d687c117df8ef3cc36a4d175"},"headline":"2015 est l\u2019ann\u00e9e la plus chaude sur terre depuis 1880 !","datePublished":"2015-07-25T16:28:00+00:00","dateModified":"2025-05-19T10:11:21+00:00","mainEntityOfPage":{"@id":"https:\/\/www.webdo.tn\/fr\/actualite\/international\/2015-est-lannee-la-plus-chaude-sur-terre-depuis-1880\/184049\/"},"wordCount":186,"commentCount":0,"publisher":{"@id":"https:\/\/www.webdo.tn\/fr\/#organization"},"image":{"@id":"https:\/\/www.webdo.tn\/fr\/actualite\/international\/2015-est-lannee-la-plus-chaude-sur-terre-depuis-1880\/184049\/#primaryimage"},"thumbnailUrl":"https:\/\/www.webdo.tn\/fr\/wp-content\/uploads\/2025\/06\/courbe-temperature_184049.png","keywords":["guerre"],"articleSection":["International"],"inLanguage":"fr-FR"},{"@type":"WebPage","@id":"https:\/\/www.webdo.tn\/fr\/actualite\/international\/2015-est-lannee-la-plus-chaude-sur-terre-depuis-1880\/184049\/","url":"https:\/\/www.webdo.tn\/fr\/actualite\/international\/2015-est-lannee-la-plus-chaude-sur-terre-depuis-1880\/184049\/","name":"2015 est l\u2019ann\u00e9e la plus chaude sur terre depuis 1880 !","isPartOf":{"@id":"https:\/\/www.webdo.tn\/fr\/#website"},"primaryImageOfPage":{"@id":"https:\/\/www.webdo.tn\/fr\/actualite\/international\/2015-est-lannee-la-plus-chaude-sur-terre-depuis-1880\/184049\/#primaryimage"},"image":{"@id":"https:\/\/www.webdo.tn\/fr\/actualite\/international\/2015-est-lannee-la-plus-chaude-sur-terre-depuis-1880\/184049\/#primaryimage"},"thumbnailUrl":"https:\/\/www.webdo.tn\/fr\/wp-content\/uploads\/2025\/06\/courbe-temperature_184049.png","datePublished":"2015-07-25T16:28:00+00:00","dateModified":"2025-05-19T10:11:21+00:00","description":"2015 est l\u2019ann\u00e9e la plus chaude sur terre depuis 1880 !","breadcrumb":{"@id":"https:\/\/www.webdo.tn\/fr\/actualite\/international\/2015-est-lannee-la-plus-chaude-sur-terre-depuis-1880\/184049\/#breadcrumb"},"inLanguage":"fr-FR","potentialAction":[{"@type":"ReadAction","target":["https:\/\/www.webdo.tn\/fr\/actualite\/international\/2015-est-lannee-la-plus-chaude-sur-terre-depuis-1880\/184049\/"]}]},{"@type":"ImageObject","inLanguage":"fr-FR","@id":"https:\/\/www.webdo.tn\/fr\/actualite\/international\/2015-est-lannee-la-plus-chaude-sur-terre-depuis-1880\/184049\/#primaryimage","url":"https:\/\/www.webdo.tn\/fr\/wp-content\/uploads\/2025\/06\/courbe-temperature_184049.png","contentUrl":"https:\/\/www.webdo.tn\/fr\/wp-content\/uploads\/2025\/06\/courbe-temperature_184049.png","width":800,"height":340,"caption":"2015 est l\u2019ann\u00e9e la plus chaude sur terre depuis 1880 !"},{"@type":"BreadcrumbList","@id":"https:\/\/www.webdo.tn\/fr\/actualite\/international\/2015-est-lannee-la-plus-chaude-sur-terre-depuis-1880\/184049\/#breadcrumb","itemListElement":[{"@type":"ListItem","position":1,"name":"Accueil","item":"https:\/\/www.webdo.tn\/fr\/"},{"@type":"ListItem","position":2,"name":"2015 est l\u2019ann\u00e9e la plus chaude sur terre depuis 1880 !"}]},{"@type":"WebSite","@id":"https:\/\/www.webdo.tn\/fr\/#website","url":"https:\/\/www.webdo.tn\/fr\/","name":"webdo","description":"Tunisie - News en Tunisie et \u00e0 l&#039;international sur Webdo.tn","publisher":{"@id":"https:\/\/www.webdo.tn\/fr\/#organization"},"potentialAction":[{"@type":"SearchAction","target":{"@type":"EntryPoint","urlTemplate":"https:\/\/www.webdo.tn\/fr\/?s={search_term_string}"},"query-input":{"@type":"PropertyValueSpecification","valueRequired":true,"valueName":"search_term_string"}}],"inLanguage":"fr-FR"},{"@type":"Organization","@id":"https:\/\/www.webdo.tn\/fr\/#organization","name":"Webdo","alternateName":"Webdo.tn","url":"https:\/\/www.webdo.tn\/fr\/","logo":{"@type":"ImageObject","inLanguage":"fr-FR","@id":"https:\/\/www.webdo.tn\/fr\/#\/schema\/logo\/image\/","url":"https:\/\/www.webdo.tn\/fr\/wp-content\/uploads\/2025\/06\/Webdo-Tunisie_168377.jpg","contentUrl":"https:\/\/www.webdo.tn\/fr\/wp-content\/uploads\/2025\/06\/Webdo-Tunisie_168377.jpg","width":301,"height":301,"caption":"Webdo"},"image":{"@id":"https:\/\/www.webdo.tn\/fr\/#\/schema\/logo\/image\/"},"sameAs":["https:\/\/www.facebook.com\/webdotn","https:\/\/x.com\/webdo_tn"],"description":"Webdo est un m\u00e9dia num\u00e9rique tunisien fond\u00e9 en 2010, sp\u00e9cialis\u00e9 dans l\u2019actualit\u00e9 nationale et internationale, l\u2019\u00e9conomie, la soci\u00e9t\u00e9 et les analyses politiques. Le site s\u2019adresse \u00e0 un large public francophone et couvre l\u2019information tunisienne en temps r\u00e9el.","email":"redac@webdo.tn","legalName":"YNJ SARL","foundingDate":"2010-09-06","numberOfEmployees":{"@type":"QuantitativeValue","minValue":"11","maxValue":"50"}},{"@type":"Person","@id":"https:\/\/www.webdo.tn\/fr\/#\/schema\/person\/9a9c6118d687c117df8ef3cc36a4d175","name":"webdo.tn","image":{"@type":"ImageObject","inLanguage":"fr-FR","@id":"https:\/\/secure.gravatar.com\/avatar\/7ce1f28c0c3bbac99ff550b85ef8e44a6950c6ee24514fb6a5489e51d06f0298?s=96&d=mm&r=g","url":"https:\/\/secure.gravatar.com\/avatar\/7ce1f28c0c3bbac99ff550b85ef8e44a6950c6ee24514fb6a5489e51d06f0298?s=96&d=mm&r=g","contentUrl":"https:\/\/secure.gravatar.com\/avatar\/7ce1f28c0c3bbac99ff550b85ef8e44a6950c6ee24514fb6a5489e51d06f0298?s=96&d=mm&r=g","caption":"webdo.tn"},"url":"https:\/\/www.webdo.tn\/fr\/actualite\/author\/webdotn\/"}]}},"_links":{"self":[{"href":"https:\/\/www.webdo.tn\/fr\/wp-json\/wp\/v2\/posts\/184049","targetHints":{"allow":["GET"]}}],"collection":[{"href":"https:\/\/www.webdo.tn\/fr\/wp-json\/wp\/v2\/posts"}],"about":[{"href":"https:\/\/www.webdo.tn\/fr\/wp-json\/wp\/v2\/types\/post"}],"author":[{"embeddable":true,"href":"https:\/\/www.webdo.tn\/fr\/wp-json\/wp\/v2\/users\/3222"}],"replies":[{"embeddable":true,"href":"https:\/\/www.webdo.tn\/fr\/wp-json\/wp\/v2\/comments?post=184049"}],"version-history":[{"count":0,"href":"https:\/\/www.webdo.tn\/fr\/wp-json\/wp\/v2\/posts\/184049\/revisions"}],"wp:featuredmedia":[{"embeddable":true,"href":"https:\/\/www.webdo.tn\/fr\/wp-json\/wp\/v2\/media\/372931"}],"wp:attachment":[{"href":"https:\/\/www.webdo.tn\/fr\/wp-json\/wp\/v2\/media?parent=184049"}],"wp:term":[{"taxonomy":"category","embeddable":true,"href":"https:\/\/www.webdo.tn\/fr\/wp-json\/wp\/v2\/categories?post=184049"},{"taxonomy":"post_tag","embeddable":true,"href":"https:\/\/www.webdo.tn\/fr\/wp-json\/wp\/v2\/tags?post=184049"}],"curies":[{"name":"wp","href":"https:\/\/api.w.org\/{rel}","templated":true}]}}