{"id":184048,"date":"2015-07-27T10:16:00","date_gmt":"2015-07-27T10:16:00","guid":{"rendered":"https:\/\/www.webdo.tn\/fr\/blog\/a-22-ans-la-fille-de-whitney-houston-decede-apres-6-mois-de-coma\/184048\/"},"modified":"2015-07-27T10:16:00","modified_gmt":"2015-07-27T10:16:00","slug":"a-22-ans-la-fille-de-whitney-houston-decede-apres-6-mois-de-coma","status":"publish","type":"post","link":"https:\/\/www.webdo.tn\/fr\/actualite\/international\/a-22-ans-la-fille-de-whitney-houston-decede-apres-6-mois-de-coma\/184048\/","title":{"rendered":"A 22 ans, la fille de Whitney Houston d\u00e9c\u00e8de apr\u00e8s 6 mois de coma"},"content":{"rendered":"<p>Bobbi Kristina Brown, fille de la chanteuse pop Whitney Houston et du chanteur Bobby Brown, s\u2019est \u00e9teinte, hier, dimanche 26 juillet dans un h\u00f4pital \u00e0 Duluth (G\u00e9orgie) \u00e0 l\u2019\u00e2ge de 22 ans.<\/p>\n<p>En effet, retrouv\u00e9e inconsciente dans la baignoire de son domicile d&rsquo;Atlanta le 31 janvier dernier, la fille unique de la l\u00e9gende de la pop music a \u00e9t\u00e9 plong\u00e9e dans un coma ces six derniers mois du fait qu\u2019elle ne pr\u00e9sentait plus aucune activit\u00e9 c\u00e9r\u00e9brale.<\/p>\n<p>Selon les m\u00e9dias am\u00e9ricains, La jeune femme avait accus\u00e9 un coup terrible avec la perte de sa m\u00e8re, retrouv\u00e9e morte dans la baignoire de son h\u00f4tel le 11 f\u00e9vrier 2012 suite \u00e0 un m\u00e9lange de drogue et d\u2019alcool, et aura, malheureusement, connu le m\u00eame sort sans pour autant connaitre la gloire qu\u2019a connu sa m\u00e8re.<\/p>\n","protected":false},"excerpt":{"rendered":"<p>A 22 ans, la fille de Whitney Houston d\u00e9c\u00e8de apr\u00e8s 6 mois de coma<\/p>\n","protected":false},"author":3222,"featured_media":336107,"comment_status":"open","ping_status":"closed","sticky":false,"template":"","format":"standard","meta":{"footnotes":""},"categories":[2598],"tags":[2600],"class_list":["post-184048","post","type-post","status-publish","format-standard","has-post-thumbnail","hentry","category-international","tag-guerre"],"yoast_head":"<!-- This site is optimized with the Yoast SEO Premium plugin v27.5 (Yoast SEO v27.5) - https:\/\/yoast.com\/product\/yoast-seo-premium-wordpress\/ -->\n<title>A 22 ans, la fille de Whitney Houston d\u00e9c\u00e8de apr\u00e8s 6 mois de coma<\/title>\n<meta name=\"description\" content=\"A 22 ans, la fille de Whitney Houston d\u00e9c\u00e8de apr\u00e8s 6 mois de coma\" \/>\n<link rel=\"canonical\" href=\"https:\/\/www.webdo.tn\/fr\/actualite\/international\/a-22-ans-la-fille-de-whitney-houston-decede-apres-6-mois-de-coma\/184048\/\" \/>\n<meta property=\"og:locale\" content=\"fr_FR\" \/>\n<meta property=\"og:type\" content=\"article\" \/>\n<meta property=\"og:title\" content=\"A 22 ans, la fille de Whitney Houston d\u00e9c\u00e8de apr\u00e8s 6 mois de coma\" \/>\n<meta property=\"og:description\" content=\"A 22 ans, la fille de Whitney Houston d\u00e9c\u00e8de apr\u00e8s 6 mois de coma\" \/>\n<meta property=\"og:url\" content=\"https:\/\/www.webdo.tn\/fr\/actualite\/international\/a-22-ans-la-fille-de-whitney-houston-decede-apres-6-mois-de-coma\/184048\/\" \/>\n<meta property=\"og:site_name\" content=\"webdo\" \/>\n<meta property=\"article:publisher\" content=\"https:\/\/www.facebook.com\/webdotn\" \/>\n<meta property=\"article:published_time\" content=\"2015-07-27T10:16:00+00:00\" \/>\n<meta property=\"og:image\" content=\"https:\/\/www.webdo.tn\/fr\/wp-content\/uploads\/2015\/07\/W.-Houston-300x211-1.jpg\" \/>\n\t<meta property=\"og:image:width\" content=\"300\" \/>\n\t<meta property=\"og:image:height\" content=\"211\" \/>\n\t<meta property=\"og:image:type\" content=\"image\/jpeg\" \/>\n<meta name=\"author\" content=\"webdo.tn\" \/>\n<meta name=\"twitter:card\" content=\"summary_large_image\" \/>\n<meta name=\"twitter:creator\" content=\"@webdo_tn\" \/>\n<meta name=\"twitter:site\" content=\"@webdo_tn\" \/>\n<meta name=\"twitter:label1\" content=\"\u00c9crit par\" \/>\n\t<meta name=\"twitter:data1\" content=\"webdo.tn\" \/>\n\t<meta name=\"twitter:label2\" content=\"Dur\u00e9e de lecture estim\u00e9e\" \/>\n\t<meta name=\"twitter:data2\" content=\"1 minute\" \/>\n<script type=\"application\/ld+json\" class=\"yoast-schema-graph\">{\"@context\":\"https:\\\/\\\/schema.org\",\"@graph\":[{\"@type\":\"NewsArticle\",\"@id\":\"https:\\\/\\\/www.webdo.tn\\\/fr\\\/actualite\\\/international\\\/a-22-ans-la-fille-de-whitney-houston-decede-apres-6-mois-de-coma\\\/184048\\\/#article\",\"isPartOf\":{\"@id\":\"https:\\\/\\\/www.webdo.tn\\\/fr\\\/actualite\\\/international\\\/a-22-ans-la-fille-de-whitney-houston-decede-apres-6-mois-de-coma\\\/184048\\\/\"},\"author\":{\"name\":\"webdo.tn\",\"@id\":\"https:\\\/\\\/www.webdo.tn\\\/fr\\\/#\\\/schema\\\/person\\\/9a9c6118d687c117df8ef3cc36a4d175\"},\"headline\":\"A 22 ans, la fille de Whitney Houston d\u00e9c\u00e8de apr\u00e8s 6 mois de coma\",\"datePublished\":\"2015-07-27T10:16:00+00:00\",\"mainEntityOfPage\":{\"@id\":\"https:\\\/\\\/www.webdo.tn\\\/fr\\\/actualite\\\/international\\\/a-22-ans-la-fille-de-whitney-houston-decede-apres-6-mois-de-coma\\\/184048\\\/\"},\"wordCount\":161,\"commentCount\":0,\"publisher\":{\"@id\":\"https:\\\/\\\/www.webdo.tn\\\/fr\\\/#organization\"},\"image\":{\"@id\":\"https:\\\/\\\/www.webdo.tn\\\/fr\\\/actualite\\\/international\\\/a-22-ans-la-fille-de-whitney-houston-decede-apres-6-mois-de-coma\\\/184048\\\/#primaryimage\"},\"thumbnailUrl\":\"https:\\\/\\\/www.webdo.tn\\\/fr\\\/wp-content\\\/uploads\\\/2015\\\/07\\\/W.-Houston-300x211-1.jpg\",\"keywords\":[\"guerre\"],\"articleSection\":[\"International\"],\"inLanguage\":\"fr-FR\"},{\"@type\":\"WebPage\",\"@id\":\"https:\\\/\\\/www.webdo.tn\\\/fr\\\/actualite\\\/international\\\/a-22-ans-la-fille-de-whitney-houston-decede-apres-6-mois-de-coma\\\/184048\\\/\",\"url\":\"https:\\\/\\\/www.webdo.tn\\\/fr\\\/actualite\\\/international\\\/a-22-ans-la-fille-de-whitney-houston-decede-apres-6-mois-de-coma\\\/184048\\\/\",\"name\":\"A 22 ans, la fille de Whitney Houston d\u00e9c\u00e8de apr\u00e8s 6 mois de coma\",\"isPartOf\":{\"@id\":\"https:\\\/\\\/www.webdo.tn\\\/fr\\\/#website\"},\"primaryImageOfPage\":{\"@id\":\"https:\\\/\\\/www.webdo.tn\\\/fr\\\/actualite\\\/international\\\/a-22-ans-la-fille-de-whitney-houston-decede-apres-6-mois-de-coma\\\/184048\\\/#primaryimage\"},\"image\":{\"@id\":\"https:\\\/\\\/www.webdo.tn\\\/fr\\\/actualite\\\/international\\\/a-22-ans-la-fille-de-whitney-houston-decede-apres-6-mois-de-coma\\\/184048\\\/#primaryimage\"},\"thumbnailUrl\":\"https:\\\/\\\/www.webdo.tn\\\/fr\\\/wp-content\\\/uploads\\\/2015\\\/07\\\/W.-Houston-300x211-1.jpg\",\"datePublished\":\"2015-07-27T10:16:00+00:00\",\"description\":\"A 22 ans, la fille de Whitney Houston d\u00e9c\u00e8de apr\u00e8s 6 mois de coma\",\"breadcrumb\":{\"@id\":\"https:\\\/\\\/www.webdo.tn\\\/fr\\\/actualite\\\/international\\\/a-22-ans-la-fille-de-whitney-houston-decede-apres-6-mois-de-coma\\\/184048\\\/#breadcrumb\"},\"inLanguage\":\"fr-FR\",\"potentialAction\":[{\"@type\":\"ReadAction\",\"target\":[\"https:\\\/\\\/www.webdo.tn\\\/fr\\\/actualite\\\/international\\\/a-22-ans-la-fille-de-whitney-houston-decede-apres-6-mois-de-coma\\\/184048\\\/\"]}]},{\"@type\":\"ImageObject\",\"inLanguage\":\"fr-FR\",\"@id\":\"https:\\\/\\\/www.webdo.tn\\\/fr\\\/actualite\\\/international\\\/a-22-ans-la-fille-de-whitney-houston-decede-apres-6-mois-de-coma\\\/184048\\\/#primaryimage\",\"url\":\"https:\\\/\\\/www.webdo.tn\\\/fr\\\/wp-content\\\/uploads\\\/2015\\\/07\\\/W.-Houston-300x211-1.jpg\",\"contentUrl\":\"https:\\\/\\\/www.webdo.tn\\\/fr\\\/wp-content\\\/uploads\\\/2015\\\/07\\\/W.-Houston-300x211-1.jpg\",\"width\":300,\"height\":211,\"caption\":\"A 22 ans, la fille de Whitney Houston d\u00e9c\u00e8de apr\u00e8s 6 mois de coma\"},{\"@type\":\"BreadcrumbList\",\"@id\":\"https:\\\/\\\/www.webdo.tn\\\/fr\\\/actualite\\\/international\\\/a-22-ans-la-fille-de-whitney-houston-decede-apres-6-mois-de-coma\\\/184048\\\/#breadcrumb\",\"itemListElement\":[{\"@type\":\"ListItem\",\"position\":1,\"name\":\"Accueil\",\"item\":\"https:\\\/\\\/www.webdo.tn\\\/fr\\\/\"},{\"@type\":\"ListItem\",\"position\":2,\"name\":\"A 22 ans, la fille de Whitney Houston d\u00e9c\u00e8de apr\u00e8s 6 mois de coma\"}]},{\"@type\":\"WebSite\",\"@id\":\"https:\\\/\\\/www.webdo.tn\\\/fr\\\/#website\",\"url\":\"https:\\\/\\\/www.webdo.tn\\\/fr\\\/\",\"name\":\"webdo\",\"description\":\"Tunisie - News en Tunisie et \u00e0 l&#039;international sur Webdo.tn\",\"publisher\":{\"@id\":\"https:\\\/\\\/www.webdo.tn\\\/fr\\\/#organization\"},\"potentialAction\":[{\"@type\":\"SearchAction\",\"target\":{\"@type\":\"EntryPoint\",\"urlTemplate\":\"https:\\\/\\\/www.webdo.tn\\\/fr\\\/?s={search_term_string}\"},\"query-input\":{\"@type\":\"PropertyValueSpecification\",\"valueRequired\":true,\"valueName\":\"search_term_string\"}}],\"inLanguage\":\"fr-FR\"},{\"@type\":\"Organization\",\"@id\":\"https:\\\/\\\/www.webdo.tn\\\/fr\\\/#organization\",\"name\":\"Webdo\",\"alternateName\":\"Webdo.tn\",\"url\":\"https:\\\/\\\/www.webdo.tn\\\/fr\\\/\",\"logo\":{\"@type\":\"ImageObject\",\"inLanguage\":\"fr-FR\",\"@id\":\"https:\\\/\\\/www.webdo.tn\\\/fr\\\/#\\\/schema\\\/logo\\\/image\\\/\",\"url\":\"https:\\\/\\\/www.webdo.tn\\\/fr\\\/wp-content\\\/uploads\\\/2025\\\/06\\\/Webdo-Tunisie_168377.jpg\",\"contentUrl\":\"https:\\\/\\\/www.webdo.tn\\\/fr\\\/wp-content\\\/uploads\\\/2025\\\/06\\\/Webdo-Tunisie_168377.jpg\",\"width\":301,\"height\":301,\"caption\":\"Webdo\"},\"image\":{\"@id\":\"https:\\\/\\\/www.webdo.tn\\\/fr\\\/#\\\/schema\\\/logo\\\/image\\\/\"},\"sameAs\":[\"https:\\\/\\\/www.facebook.com\\\/webdotn\",\"https:\\\/\\\/x.com\\\/webdo_tn\"],\"description\":\"Webdo est un m\u00e9dia num\u00e9rique tunisien fond\u00e9 en 2010, sp\u00e9cialis\u00e9 dans l\u2019actualit\u00e9 nationale et internationale, l\u2019\u00e9conomie, la soci\u00e9t\u00e9 et les analyses politiques. Le site s\u2019adresse \u00e0 un large public francophone et couvre l\u2019information tunisienne en temps r\u00e9el.\",\"email\":\"redac@webdo.tn\",\"legalName\":\"YNJ SARL\",\"foundingDate\":\"2010-09-06\",\"numberOfEmployees\":{\"@type\":\"QuantitativeValue\",\"minValue\":\"11\",\"maxValue\":\"50\"}},{\"@type\":\"Person\",\"@id\":\"https:\\\/\\\/www.webdo.tn\\\/fr\\\/#\\\/schema\\\/person\\\/9a9c6118d687c117df8ef3cc36a4d175\",\"name\":\"webdo.tn\",\"image\":{\"@type\":\"ImageObject\",\"inLanguage\":\"fr-FR\",\"@id\":\"https:\\\/\\\/secure.gravatar.com\\\/avatar\\\/7ce1f28c0c3bbac99ff550b85ef8e44a6950c6ee24514fb6a5489e51d06f0298?s=96&d=mm&r=g\",\"url\":\"https:\\\/\\\/secure.gravatar.com\\\/avatar\\\/7ce1f28c0c3bbac99ff550b85ef8e44a6950c6ee24514fb6a5489e51d06f0298?s=96&d=mm&r=g\",\"contentUrl\":\"https:\\\/\\\/secure.gravatar.com\\\/avatar\\\/7ce1f28c0c3bbac99ff550b85ef8e44a6950c6ee24514fb6a5489e51d06f0298?s=96&d=mm&r=g\",\"caption\":\"webdo.tn\"},\"url\":\"https:\\\/\\\/www.webdo.tn\\\/fr\\\/actualite\\\/author\\\/webdotn\\\/\"}]}<\/script>\n<!-- \/ Yoast SEO Premium plugin. -->","yoast_head_json":{"title":"A 22 ans, la fille de Whitney Houston d\u00e9c\u00e8de apr\u00e8s 6 mois de coma","description":"A 22 ans, la fille de Whitney Houston d\u00e9c\u00e8de apr\u00e8s 6 mois de coma","canonical":"https:\/\/www.webdo.tn\/fr\/actualite\/international\/a-22-ans-la-fille-de-whitney-houston-decede-apres-6-mois-de-coma\/184048\/","og_locale":"fr_FR","og_type":"article","og_title":"A 22 ans, la fille de Whitney Houston d\u00e9c\u00e8de apr\u00e8s 6 mois de coma","og_description":"A 22 ans, la fille de Whitney Houston d\u00e9c\u00e8de apr\u00e8s 6 mois de coma","og_url":"https:\/\/www.webdo.tn\/fr\/actualite\/international\/a-22-ans-la-fille-de-whitney-houston-decede-apres-6-mois-de-coma\/184048\/","og_site_name":"webdo","article_publisher":"https:\/\/www.facebook.com\/webdotn","article_published_time":"2015-07-27T10:16:00+00:00","og_image":[{"width":300,"height":211,"url":"https:\/\/www.webdo.tn\/fr\/wp-content\/uploads\/2015\/07\/W.-Houston-300x211-1.jpg","type":"image\/jpeg"}],"author":"webdo.tn","twitter_card":"summary_large_image","twitter_creator":"@webdo_tn","twitter_site":"@webdo_tn","twitter_misc":{"\u00c9crit par":"webdo.tn","Dur\u00e9e de lecture estim\u00e9e":"1 minute"},"schema":{"@context":"https:\/\/schema.org","@graph":[{"@type":"NewsArticle","@id":"https:\/\/www.webdo.tn\/fr\/actualite\/international\/a-22-ans-la-fille-de-whitney-houston-decede-apres-6-mois-de-coma\/184048\/#article","isPartOf":{"@id":"https:\/\/www.webdo.tn\/fr\/actualite\/international\/a-22-ans-la-fille-de-whitney-houston-decede-apres-6-mois-de-coma\/184048\/"},"author":{"name":"webdo.tn","@id":"https:\/\/www.webdo.tn\/fr\/#\/schema\/person\/9a9c6118d687c117df8ef3cc36a4d175"},"headline":"A 22 ans, la fille de Whitney Houston d\u00e9c\u00e8de apr\u00e8s 6 mois de coma","datePublished":"2015-07-27T10:16:00+00:00","mainEntityOfPage":{"@id":"https:\/\/www.webdo.tn\/fr\/actualite\/international\/a-22-ans-la-fille-de-whitney-houston-decede-apres-6-mois-de-coma\/184048\/"},"wordCount":161,"commentCount":0,"publisher":{"@id":"https:\/\/www.webdo.tn\/fr\/#organization"},"image":{"@id":"https:\/\/www.webdo.tn\/fr\/actualite\/international\/a-22-ans-la-fille-de-whitney-houston-decede-apres-6-mois-de-coma\/184048\/#primaryimage"},"thumbnailUrl":"https:\/\/www.webdo.tn\/fr\/wp-content\/uploads\/2015\/07\/W.-Houston-300x211-1.jpg","keywords":["guerre"],"articleSection":["International"],"inLanguage":"fr-FR"},{"@type":"WebPage","@id":"https:\/\/www.webdo.tn\/fr\/actualite\/international\/a-22-ans-la-fille-de-whitney-houston-decede-apres-6-mois-de-coma\/184048\/","url":"https:\/\/www.webdo.tn\/fr\/actualite\/international\/a-22-ans-la-fille-de-whitney-houston-decede-apres-6-mois-de-coma\/184048\/","name":"A 22 ans, la fille de Whitney Houston d\u00e9c\u00e8de apr\u00e8s 6 mois de coma","isPartOf":{"@id":"https:\/\/www.webdo.tn\/fr\/#website"},"primaryImageOfPage":{"@id":"https:\/\/www.webdo.tn\/fr\/actualite\/international\/a-22-ans-la-fille-de-whitney-houston-decede-apres-6-mois-de-coma\/184048\/#primaryimage"},"image":{"@id":"https:\/\/www.webdo.tn\/fr\/actualite\/international\/a-22-ans-la-fille-de-whitney-houston-decede-apres-6-mois-de-coma\/184048\/#primaryimage"},"thumbnailUrl":"https:\/\/www.webdo.tn\/fr\/wp-content\/uploads\/2015\/07\/W.-Houston-300x211-1.jpg","datePublished":"2015-07-27T10:16:00+00:00","description":"A 22 ans, la fille de Whitney Houston d\u00e9c\u00e8de apr\u00e8s 6 mois de coma","breadcrumb":{"@id":"https:\/\/www.webdo.tn\/fr\/actualite\/international\/a-22-ans-la-fille-de-whitney-houston-decede-apres-6-mois-de-coma\/184048\/#breadcrumb"},"inLanguage":"fr-FR","potentialAction":[{"@type":"ReadAction","target":["https:\/\/www.webdo.tn\/fr\/actualite\/international\/a-22-ans-la-fille-de-whitney-houston-decede-apres-6-mois-de-coma\/184048\/"]}]},{"@type":"ImageObject","inLanguage":"fr-FR","@id":"https:\/\/www.webdo.tn\/fr\/actualite\/international\/a-22-ans-la-fille-de-whitney-houston-decede-apres-6-mois-de-coma\/184048\/#primaryimage","url":"https:\/\/www.webdo.tn\/fr\/wp-content\/uploads\/2015\/07\/W.-Houston-300x211-1.jpg","contentUrl":"https:\/\/www.webdo.tn\/fr\/wp-content\/uploads\/2015\/07\/W.-Houston-300x211-1.jpg","width":300,"height":211,"caption":"A 22 ans, la fille de Whitney Houston d\u00e9c\u00e8de apr\u00e8s 6 mois de coma"},{"@type":"BreadcrumbList","@id":"https:\/\/www.webdo.tn\/fr\/actualite\/international\/a-22-ans-la-fille-de-whitney-houston-decede-apres-6-mois-de-coma\/184048\/#breadcrumb","itemListElement":[{"@type":"ListItem","position":1,"name":"Accueil","item":"https:\/\/www.webdo.tn\/fr\/"},{"@type":"ListItem","position":2,"name":"A 22 ans, la fille de Whitney Houston d\u00e9c\u00e8de apr\u00e8s 6 mois de coma"}]},{"@type":"WebSite","@id":"https:\/\/www.webdo.tn\/fr\/#website","url":"https:\/\/www.webdo.tn\/fr\/","name":"webdo","description":"Tunisie - News en Tunisie et \u00e0 l&#039;international sur Webdo.tn","publisher":{"@id":"https:\/\/www.webdo.tn\/fr\/#organization"},"potentialAction":[{"@type":"SearchAction","target":{"@type":"EntryPoint","urlTemplate":"https:\/\/www.webdo.tn\/fr\/?s={search_term_string}"},"query-input":{"@type":"PropertyValueSpecification","valueRequired":true,"valueName":"search_term_string"}}],"inLanguage":"fr-FR"},{"@type":"Organization","@id":"https:\/\/www.webdo.tn\/fr\/#organization","name":"Webdo","alternateName":"Webdo.tn","url":"https:\/\/www.webdo.tn\/fr\/","logo":{"@type":"ImageObject","inLanguage":"fr-FR","@id":"https:\/\/www.webdo.tn\/fr\/#\/schema\/logo\/image\/","url":"https:\/\/www.webdo.tn\/fr\/wp-content\/uploads\/2025\/06\/Webdo-Tunisie_168377.jpg","contentUrl":"https:\/\/www.webdo.tn\/fr\/wp-content\/uploads\/2025\/06\/Webdo-Tunisie_168377.jpg","width":301,"height":301,"caption":"Webdo"},"image":{"@id":"https:\/\/www.webdo.tn\/fr\/#\/schema\/logo\/image\/"},"sameAs":["https:\/\/www.facebook.com\/webdotn","https:\/\/x.com\/webdo_tn"],"description":"Webdo est un m\u00e9dia num\u00e9rique tunisien fond\u00e9 en 2010, sp\u00e9cialis\u00e9 dans l\u2019actualit\u00e9 nationale et internationale, l\u2019\u00e9conomie, la soci\u00e9t\u00e9 et les analyses politiques. Le site s\u2019adresse \u00e0 un large public francophone et couvre l\u2019information tunisienne en temps r\u00e9el.","email":"redac@webdo.tn","legalName":"YNJ SARL","foundingDate":"2010-09-06","numberOfEmployees":{"@type":"QuantitativeValue","minValue":"11","maxValue":"50"}},{"@type":"Person","@id":"https:\/\/www.webdo.tn\/fr\/#\/schema\/person\/9a9c6118d687c117df8ef3cc36a4d175","name":"webdo.tn","image":{"@type":"ImageObject","inLanguage":"fr-FR","@id":"https:\/\/secure.gravatar.com\/avatar\/7ce1f28c0c3bbac99ff550b85ef8e44a6950c6ee24514fb6a5489e51d06f0298?s=96&d=mm&r=g","url":"https:\/\/secure.gravatar.com\/avatar\/7ce1f28c0c3bbac99ff550b85ef8e44a6950c6ee24514fb6a5489e51d06f0298?s=96&d=mm&r=g","contentUrl":"https:\/\/secure.gravatar.com\/avatar\/7ce1f28c0c3bbac99ff550b85ef8e44a6950c6ee24514fb6a5489e51d06f0298?s=96&d=mm&r=g","caption":"webdo.tn"},"url":"https:\/\/www.webdo.tn\/fr\/actualite\/author\/webdotn\/"}]}},"_links":{"self":[{"href":"https:\/\/www.webdo.tn\/fr\/wp-json\/wp\/v2\/posts\/184048","targetHints":{"allow":["GET"]}}],"collection":[{"href":"https:\/\/www.webdo.tn\/fr\/wp-json\/wp\/v2\/posts"}],"about":[{"href":"https:\/\/www.webdo.tn\/fr\/wp-json\/wp\/v2\/types\/post"}],"author":[{"embeddable":true,"href":"https:\/\/www.webdo.tn\/fr\/wp-json\/wp\/v2\/users\/3222"}],"replies":[{"embeddable":true,"href":"https:\/\/www.webdo.tn\/fr\/wp-json\/wp\/v2\/comments?post=184048"}],"version-history":[{"count":0,"href":"https:\/\/www.webdo.tn\/fr\/wp-json\/wp\/v2\/posts\/184048\/revisions"}],"wp:featuredmedia":[{"embeddable":true,"href":"https:\/\/www.webdo.tn\/fr\/wp-json\/wp\/v2\/media\/336107"}],"wp:attachment":[{"href":"https:\/\/www.webdo.tn\/fr\/wp-json\/wp\/v2\/media?parent=184048"}],"wp:term":[{"taxonomy":"category","embeddable":true,"href":"https:\/\/www.webdo.tn\/fr\/wp-json\/wp\/v2\/categories?post=184048"},{"taxonomy":"post_tag","embeddable":true,"href":"https:\/\/www.webdo.tn\/fr\/wp-json\/wp\/v2\/tags?post=184048"}],"curies":[{"name":"wp","href":"https:\/\/api.w.org\/{rel}","templated":true}]}}