{"id":184047,"date":"2015-07-27T11:54:00","date_gmt":"2015-07-27T11:54:00","guid":{"rendered":"https:\/\/www.webdo.tn\/fr\/blog\/une-australienne-condamnee-a-la-prison-pour-avoir-concu-un-bebe-avec-un-garcon-de-12-ans\/184047\/"},"modified":"2025-05-18T22:09:04","modified_gmt":"2025-05-18T22:09:04","slug":"une-australienne-condamnee-a-la-prison-pour-avoir-concu-un-bebe-avec-un-garcon-de-12-ans","status":"publish","type":"post","link":"https:\/\/www.webdo.tn\/fr\/actualite\/international\/une-australienne-condamnee-a-la-prison-pour-avoir-concu-un-bebe-avec-un-garcon-de-12-ans\/184047\/","title":{"rendered":"Une Australienne condamn\u00e9e \u00e0 la prison pour avoir con\u00e7u un b\u00e9b\u00e9 avec&#8230; un gar\u00e7on de 12 ans"},"content":{"rendered":"<p>Une m\u00e8re de famille australienne a \u00e9t\u00e9 condamn\u00e9e, ce lundi 27 juillet \u00e0 6 ans de prison pour avoir con\u00e7u un b\u00e9b\u00e9 avec un gar\u00e7on, \u00e2g\u00e9 de 12 ans, ami de sa propre fille, et avec qui elle a eu de multiples rapports sexuels non prot\u00e9g\u00e9s depuis 2011.<\/p>\n<p>La relation a dur\u00e9 deux ans et s&rsquo;est sold\u00e9e par l\u2019accouchement d\u2019une petite fille en mars 2014. Un test ADN effectu\u00e9 \u00e0 la demande des parents du \u00ab tr\u00e8s jeune \u00bb p\u00e8re, qui ont port\u00e9 plainte, a confirm\u00e9 la paternit\u00e9 du petit gar\u00e7on.<\/p>\n<p>La m\u00e8re de famille a \u00e9t\u00e9 condamn\u00e9e pour avoir \u00ab\u00a0entam\u00e9 et poursuivi une relation sexuelle ill\u00e9gale\u00a0\u00bb. Elle peut cependant recevoir la visite de son b\u00e9b\u00e9, pris en charge par son p\u00e8re (le gar\u00e7on de 12 ans !) et sa grand-m\u00e8re.<\/p>\n","protected":false},"excerpt":{"rendered":"<p>Une Australienne condamn\u00e9e \u00e0 la prison pour avoir con\u00e7u un b\u00e9b\u00e9 avec&#8230; un gar\u00e7on de 12 ans<\/p>\n","protected":false},"author":3222,"featured_media":317648,"comment_status":"open","ping_status":"closed","sticky":false,"template":"","format":"standard","meta":{"footnotes":""},"categories":[2598],"tags":[2600],"class_list":["post-184047","post","type-post","status-publish","format-standard","has-post-thumbnail","hentry","category-international","tag-guerre"],"yoast_head":"<!-- This site is optimized with the Yoast SEO Premium plugin v27.5 (Yoast SEO v27.5) - https:\/\/yoast.com\/product\/yoast-seo-premium-wordpress\/ -->\n<title>Une Australienne condamn\u00e9e \u00e0 la prison pour avoir con\u00e7u un b\u00e9b\u00e9 avec... un gar\u00e7on de 12 ans<\/title>\n<meta name=\"description\" content=\"Une Australienne condamn\u00e9e \u00e0 la prison pour avoir con\u00e7u un b\u00e9b\u00e9 avec... un gar\u00e7on de 12 ans\" \/>\n<link rel=\"canonical\" href=\"https:\/\/www.webdo.tn\/fr\/actualite\/international\/une-australienne-condamnee-a-la-prison-pour-avoir-concu-un-bebe-avec-un-garcon-de-12-ans\/184047\/\" \/>\n<meta property=\"og:locale\" content=\"fr_FR\" \/>\n<meta property=\"og:type\" content=\"article\" \/>\n<meta property=\"og:title\" content=\"Une Australienne condamn\u00e9e \u00e0 la prison pour avoir con\u00e7u un b\u00e9b\u00e9 avec... un gar\u00e7on de 12 ans\" \/>\n<meta property=\"og:description\" content=\"Une Australienne condamn\u00e9e \u00e0 la prison pour avoir con\u00e7u un b\u00e9b\u00e9 avec... un gar\u00e7on de 12 ans\" \/>\n<meta property=\"og:url\" content=\"https:\/\/www.webdo.tn\/fr\/actualite\/international\/une-australienne-condamnee-a-la-prison-pour-avoir-concu-un-bebe-avec-un-garcon-de-12-ans\/184047\/\" \/>\n<meta property=\"og:site_name\" content=\"webdo\" \/>\n<meta property=\"article:publisher\" content=\"https:\/\/www.facebook.com\/webdotn\" \/>\n<meta property=\"article:published_time\" content=\"2015-07-27T11:54:00+00:00\" \/>\n<meta property=\"article:modified_time\" content=\"2025-05-18T22:09:04+00:00\" \/>\n<meta property=\"og:image\" content=\"https:\/\/www.webdo.tn\/fr\/wp-content\/uploads\/2015\/07\/Bebe-sauve.jpg\" \/>\n\t<meta property=\"og:image:width\" content=\"269\" \/>\n\t<meta property=\"og:image:height\" content=\"200\" \/>\n\t<meta property=\"og:image:type\" content=\"image\/jpeg\" \/>\n<meta name=\"author\" content=\"webdo.tn\" \/>\n<meta name=\"twitter:card\" content=\"summary_large_image\" \/>\n<meta name=\"twitter:creator\" content=\"@webdo_tn\" \/>\n<meta name=\"twitter:site\" content=\"@webdo_tn\" \/>\n<meta name=\"twitter:label1\" content=\"\u00c9crit par\" \/>\n\t<meta name=\"twitter:data1\" content=\"webdo.tn\" \/>\n\t<meta name=\"twitter:label2\" content=\"Dur\u00e9e de lecture estim\u00e9e\" \/>\n\t<meta name=\"twitter:data2\" content=\"1 minute\" \/>\n<script type=\"application\/ld+json\" class=\"yoast-schema-graph\">{\"@context\":\"https:\\\/\\\/schema.org\",\"@graph\":[{\"@type\":\"NewsArticle\",\"@id\":\"https:\\\/\\\/www.webdo.tn\\\/fr\\\/actualite\\\/international\\\/une-australienne-condamnee-a-la-prison-pour-avoir-concu-un-bebe-avec-un-garcon-de-12-ans\\\/184047\\\/#article\",\"isPartOf\":{\"@id\":\"https:\\\/\\\/www.webdo.tn\\\/fr\\\/actualite\\\/international\\\/une-australienne-condamnee-a-la-prison-pour-avoir-concu-un-bebe-avec-un-garcon-de-12-ans\\\/184047\\\/\"},\"author\":{\"name\":\"webdo.tn\",\"@id\":\"https:\\\/\\\/www.webdo.tn\\\/fr\\\/#\\\/schema\\\/person\\\/9a9c6118d687c117df8ef3cc36a4d175\"},\"headline\":\"Une Australienne condamn\u00e9e \u00e0 la prison pour avoir con\u00e7u un b\u00e9b\u00e9 avec&#8230; un gar\u00e7on de 12 ans\",\"datePublished\":\"2015-07-27T11:54:00+00:00\",\"dateModified\":\"2025-05-18T22:09:04+00:00\",\"mainEntityOfPage\":{\"@id\":\"https:\\\/\\\/www.webdo.tn\\\/fr\\\/actualite\\\/international\\\/une-australienne-condamnee-a-la-prison-pour-avoir-concu-un-bebe-avec-un-garcon-de-12-ans\\\/184047\\\/\"},\"wordCount\":160,\"commentCount\":0,\"publisher\":{\"@id\":\"https:\\\/\\\/www.webdo.tn\\\/fr\\\/#organization\"},\"image\":{\"@id\":\"https:\\\/\\\/www.webdo.tn\\\/fr\\\/actualite\\\/international\\\/une-australienne-condamnee-a-la-prison-pour-avoir-concu-un-bebe-avec-un-garcon-de-12-ans\\\/184047\\\/#primaryimage\"},\"thumbnailUrl\":\"https:\\\/\\\/www.webdo.tn\\\/fr\\\/wp-content\\\/uploads\\\/2015\\\/07\\\/Bebe-sauve.jpg\",\"keywords\":[\"guerre\"],\"articleSection\":[\"International\"],\"inLanguage\":\"fr-FR\"},{\"@type\":\"WebPage\",\"@id\":\"https:\\\/\\\/www.webdo.tn\\\/fr\\\/actualite\\\/international\\\/une-australienne-condamnee-a-la-prison-pour-avoir-concu-un-bebe-avec-un-garcon-de-12-ans\\\/184047\\\/\",\"url\":\"https:\\\/\\\/www.webdo.tn\\\/fr\\\/actualite\\\/international\\\/une-australienne-condamnee-a-la-prison-pour-avoir-concu-un-bebe-avec-un-garcon-de-12-ans\\\/184047\\\/\",\"name\":\"Une Australienne condamn\u00e9e \u00e0 la prison pour avoir con\u00e7u un b\u00e9b\u00e9 avec... un gar\u00e7on de 12 ans\",\"isPartOf\":{\"@id\":\"https:\\\/\\\/www.webdo.tn\\\/fr\\\/#website\"},\"primaryImageOfPage\":{\"@id\":\"https:\\\/\\\/www.webdo.tn\\\/fr\\\/actualite\\\/international\\\/une-australienne-condamnee-a-la-prison-pour-avoir-concu-un-bebe-avec-un-garcon-de-12-ans\\\/184047\\\/#primaryimage\"},\"image\":{\"@id\":\"https:\\\/\\\/www.webdo.tn\\\/fr\\\/actualite\\\/international\\\/une-australienne-condamnee-a-la-prison-pour-avoir-concu-un-bebe-avec-un-garcon-de-12-ans\\\/184047\\\/#primaryimage\"},\"thumbnailUrl\":\"https:\\\/\\\/www.webdo.tn\\\/fr\\\/wp-content\\\/uploads\\\/2015\\\/07\\\/Bebe-sauve.jpg\",\"datePublished\":\"2015-07-27T11:54:00+00:00\",\"dateModified\":\"2025-05-18T22:09:04+00:00\",\"description\":\"Une Australienne condamn\u00e9e \u00e0 la prison pour avoir con\u00e7u un b\u00e9b\u00e9 avec... un gar\u00e7on de 12 ans\",\"breadcrumb\":{\"@id\":\"https:\\\/\\\/www.webdo.tn\\\/fr\\\/actualite\\\/international\\\/une-australienne-condamnee-a-la-prison-pour-avoir-concu-un-bebe-avec-un-garcon-de-12-ans\\\/184047\\\/#breadcrumb\"},\"inLanguage\":\"fr-FR\",\"potentialAction\":[{\"@type\":\"ReadAction\",\"target\":[\"https:\\\/\\\/www.webdo.tn\\\/fr\\\/actualite\\\/international\\\/une-australienne-condamnee-a-la-prison-pour-avoir-concu-un-bebe-avec-un-garcon-de-12-ans\\\/184047\\\/\"]}]},{\"@type\":\"ImageObject\",\"inLanguage\":\"fr-FR\",\"@id\":\"https:\\\/\\\/www.webdo.tn\\\/fr\\\/actualite\\\/international\\\/une-australienne-condamnee-a-la-prison-pour-avoir-concu-un-bebe-avec-un-garcon-de-12-ans\\\/184047\\\/#primaryimage\",\"url\":\"https:\\\/\\\/www.webdo.tn\\\/fr\\\/wp-content\\\/uploads\\\/2015\\\/07\\\/Bebe-sauve.jpg\",\"contentUrl\":\"https:\\\/\\\/www.webdo.tn\\\/fr\\\/wp-content\\\/uploads\\\/2015\\\/07\\\/Bebe-sauve.jpg\",\"width\":269,\"height\":200,\"caption\":\"Une Australienne condamn\u00e9e \u00e0 la prison pour avoir con\u00e7u un b\u00e9b\u00e9 avec... un gar\u00e7on de 12 ans\"},{\"@type\":\"BreadcrumbList\",\"@id\":\"https:\\\/\\\/www.webdo.tn\\\/fr\\\/actualite\\\/international\\\/une-australienne-condamnee-a-la-prison-pour-avoir-concu-un-bebe-avec-un-garcon-de-12-ans\\\/184047\\\/#breadcrumb\",\"itemListElement\":[{\"@type\":\"ListItem\",\"position\":1,\"name\":\"Accueil\",\"item\":\"https:\\\/\\\/www.webdo.tn\\\/fr\\\/\"},{\"@type\":\"ListItem\",\"position\":2,\"name\":\"Une Australienne condamn\u00e9e \u00e0 la prison pour avoir con\u00e7u un b\u00e9b\u00e9 avec&#8230; un gar\u00e7on de 12 ans\"}]},{\"@type\":\"WebSite\",\"@id\":\"https:\\\/\\\/www.webdo.tn\\\/fr\\\/#website\",\"url\":\"https:\\\/\\\/www.webdo.tn\\\/fr\\\/\",\"name\":\"webdo\",\"description\":\"Tunisie - News en Tunisie et \u00e0 l&#039;international sur Webdo.tn\",\"publisher\":{\"@id\":\"https:\\\/\\\/www.webdo.tn\\\/fr\\\/#organization\"},\"potentialAction\":[{\"@type\":\"SearchAction\",\"target\":{\"@type\":\"EntryPoint\",\"urlTemplate\":\"https:\\\/\\\/www.webdo.tn\\\/fr\\\/?s={search_term_string}\"},\"query-input\":{\"@type\":\"PropertyValueSpecification\",\"valueRequired\":true,\"valueName\":\"search_term_string\"}}],\"inLanguage\":\"fr-FR\"},{\"@type\":\"Organization\",\"@id\":\"https:\\\/\\\/www.webdo.tn\\\/fr\\\/#organization\",\"name\":\"Webdo\",\"alternateName\":\"Webdo.tn\",\"url\":\"https:\\\/\\\/www.webdo.tn\\\/fr\\\/\",\"logo\":{\"@type\":\"ImageObject\",\"inLanguage\":\"fr-FR\",\"@id\":\"https:\\\/\\\/www.webdo.tn\\\/fr\\\/#\\\/schema\\\/logo\\\/image\\\/\",\"url\":\"https:\\\/\\\/www.webdo.tn\\\/fr\\\/wp-content\\\/uploads\\\/2025\\\/06\\\/Webdo-Tunisie_168377.jpg\",\"contentUrl\":\"https:\\\/\\\/www.webdo.tn\\\/fr\\\/wp-content\\\/uploads\\\/2025\\\/06\\\/Webdo-Tunisie_168377.jpg\",\"width\":301,\"height\":301,\"caption\":\"Webdo\"},\"image\":{\"@id\":\"https:\\\/\\\/www.webdo.tn\\\/fr\\\/#\\\/schema\\\/logo\\\/image\\\/\"},\"sameAs\":[\"https:\\\/\\\/www.facebook.com\\\/webdotn\",\"https:\\\/\\\/x.com\\\/webdo_tn\"],\"description\":\"Webdo est un m\u00e9dia num\u00e9rique tunisien fond\u00e9 en 2010, sp\u00e9cialis\u00e9 dans l\u2019actualit\u00e9 nationale et internationale, l\u2019\u00e9conomie, la soci\u00e9t\u00e9 et les analyses politiques. Le site s\u2019adresse \u00e0 un large public francophone et couvre l\u2019information tunisienne en temps r\u00e9el.\",\"email\":\"redac@webdo.tn\",\"legalName\":\"YNJ SARL\",\"foundingDate\":\"2010-09-06\",\"numberOfEmployees\":{\"@type\":\"QuantitativeValue\",\"minValue\":\"11\",\"maxValue\":\"50\"}},{\"@type\":\"Person\",\"@id\":\"https:\\\/\\\/www.webdo.tn\\\/fr\\\/#\\\/schema\\\/person\\\/9a9c6118d687c117df8ef3cc36a4d175\",\"name\":\"webdo.tn\",\"image\":{\"@type\":\"ImageObject\",\"inLanguage\":\"fr-FR\",\"@id\":\"https:\\\/\\\/secure.gravatar.com\\\/avatar\\\/7ce1f28c0c3bbac99ff550b85ef8e44a6950c6ee24514fb6a5489e51d06f0298?s=96&d=mm&r=g\",\"url\":\"https:\\\/\\\/secure.gravatar.com\\\/avatar\\\/7ce1f28c0c3bbac99ff550b85ef8e44a6950c6ee24514fb6a5489e51d06f0298?s=96&d=mm&r=g\",\"contentUrl\":\"https:\\\/\\\/secure.gravatar.com\\\/avatar\\\/7ce1f28c0c3bbac99ff550b85ef8e44a6950c6ee24514fb6a5489e51d06f0298?s=96&d=mm&r=g\",\"caption\":\"webdo.tn\"},\"url\":\"https:\\\/\\\/www.webdo.tn\\\/fr\\\/actualite\\\/author\\\/webdotn\\\/\"}]}<\/script>\n<!-- \/ Yoast SEO Premium plugin. -->","yoast_head_json":{"title":"Une Australienne condamn\u00e9e \u00e0 la prison pour avoir con\u00e7u un b\u00e9b\u00e9 avec... un gar\u00e7on de 12 ans","description":"Une Australienne condamn\u00e9e \u00e0 la prison pour avoir con\u00e7u un b\u00e9b\u00e9 avec... un gar\u00e7on de 12 ans","canonical":"https:\/\/www.webdo.tn\/fr\/actualite\/international\/une-australienne-condamnee-a-la-prison-pour-avoir-concu-un-bebe-avec-un-garcon-de-12-ans\/184047\/","og_locale":"fr_FR","og_type":"article","og_title":"Une Australienne condamn\u00e9e \u00e0 la prison pour avoir con\u00e7u un b\u00e9b\u00e9 avec... un gar\u00e7on de 12 ans","og_description":"Une Australienne condamn\u00e9e \u00e0 la prison pour avoir con\u00e7u un b\u00e9b\u00e9 avec... un gar\u00e7on de 12 ans","og_url":"https:\/\/www.webdo.tn\/fr\/actualite\/international\/une-australienne-condamnee-a-la-prison-pour-avoir-concu-un-bebe-avec-un-garcon-de-12-ans\/184047\/","og_site_name":"webdo","article_publisher":"https:\/\/www.facebook.com\/webdotn","article_published_time":"2015-07-27T11:54:00+00:00","article_modified_time":"2025-05-18T22:09:04+00:00","og_image":[{"width":269,"height":200,"url":"https:\/\/www.webdo.tn\/fr\/wp-content\/uploads\/2015\/07\/Bebe-sauve.jpg","type":"image\/jpeg"}],"author":"webdo.tn","twitter_card":"summary_large_image","twitter_creator":"@webdo_tn","twitter_site":"@webdo_tn","twitter_misc":{"\u00c9crit par":"webdo.tn","Dur\u00e9e de lecture estim\u00e9e":"1 minute"},"schema":{"@context":"https:\/\/schema.org","@graph":[{"@type":"NewsArticle","@id":"https:\/\/www.webdo.tn\/fr\/actualite\/international\/une-australienne-condamnee-a-la-prison-pour-avoir-concu-un-bebe-avec-un-garcon-de-12-ans\/184047\/#article","isPartOf":{"@id":"https:\/\/www.webdo.tn\/fr\/actualite\/international\/une-australienne-condamnee-a-la-prison-pour-avoir-concu-un-bebe-avec-un-garcon-de-12-ans\/184047\/"},"author":{"name":"webdo.tn","@id":"https:\/\/www.webdo.tn\/fr\/#\/schema\/person\/9a9c6118d687c117df8ef3cc36a4d175"},"headline":"Une Australienne condamn\u00e9e \u00e0 la prison pour avoir con\u00e7u un b\u00e9b\u00e9 avec&#8230; un gar\u00e7on de 12 ans","datePublished":"2015-07-27T11:54:00+00:00","dateModified":"2025-05-18T22:09:04+00:00","mainEntityOfPage":{"@id":"https:\/\/www.webdo.tn\/fr\/actualite\/international\/une-australienne-condamnee-a-la-prison-pour-avoir-concu-un-bebe-avec-un-garcon-de-12-ans\/184047\/"},"wordCount":160,"commentCount":0,"publisher":{"@id":"https:\/\/www.webdo.tn\/fr\/#organization"},"image":{"@id":"https:\/\/www.webdo.tn\/fr\/actualite\/international\/une-australienne-condamnee-a-la-prison-pour-avoir-concu-un-bebe-avec-un-garcon-de-12-ans\/184047\/#primaryimage"},"thumbnailUrl":"https:\/\/www.webdo.tn\/fr\/wp-content\/uploads\/2015\/07\/Bebe-sauve.jpg","keywords":["guerre"],"articleSection":["International"],"inLanguage":"fr-FR"},{"@type":"WebPage","@id":"https:\/\/www.webdo.tn\/fr\/actualite\/international\/une-australienne-condamnee-a-la-prison-pour-avoir-concu-un-bebe-avec-un-garcon-de-12-ans\/184047\/","url":"https:\/\/www.webdo.tn\/fr\/actualite\/international\/une-australienne-condamnee-a-la-prison-pour-avoir-concu-un-bebe-avec-un-garcon-de-12-ans\/184047\/","name":"Une Australienne condamn\u00e9e \u00e0 la prison pour avoir con\u00e7u un b\u00e9b\u00e9 avec... un gar\u00e7on de 12 ans","isPartOf":{"@id":"https:\/\/www.webdo.tn\/fr\/#website"},"primaryImageOfPage":{"@id":"https:\/\/www.webdo.tn\/fr\/actualite\/international\/une-australienne-condamnee-a-la-prison-pour-avoir-concu-un-bebe-avec-un-garcon-de-12-ans\/184047\/#primaryimage"},"image":{"@id":"https:\/\/www.webdo.tn\/fr\/actualite\/international\/une-australienne-condamnee-a-la-prison-pour-avoir-concu-un-bebe-avec-un-garcon-de-12-ans\/184047\/#primaryimage"},"thumbnailUrl":"https:\/\/www.webdo.tn\/fr\/wp-content\/uploads\/2015\/07\/Bebe-sauve.jpg","datePublished":"2015-07-27T11:54:00+00:00","dateModified":"2025-05-18T22:09:04+00:00","description":"Une Australienne condamn\u00e9e \u00e0 la prison pour avoir con\u00e7u un b\u00e9b\u00e9 avec... un gar\u00e7on de 12 ans","breadcrumb":{"@id":"https:\/\/www.webdo.tn\/fr\/actualite\/international\/une-australienne-condamnee-a-la-prison-pour-avoir-concu-un-bebe-avec-un-garcon-de-12-ans\/184047\/#breadcrumb"},"inLanguage":"fr-FR","potentialAction":[{"@type":"ReadAction","target":["https:\/\/www.webdo.tn\/fr\/actualite\/international\/une-australienne-condamnee-a-la-prison-pour-avoir-concu-un-bebe-avec-un-garcon-de-12-ans\/184047\/"]}]},{"@type":"ImageObject","inLanguage":"fr-FR","@id":"https:\/\/www.webdo.tn\/fr\/actualite\/international\/une-australienne-condamnee-a-la-prison-pour-avoir-concu-un-bebe-avec-un-garcon-de-12-ans\/184047\/#primaryimage","url":"https:\/\/www.webdo.tn\/fr\/wp-content\/uploads\/2015\/07\/Bebe-sauve.jpg","contentUrl":"https:\/\/www.webdo.tn\/fr\/wp-content\/uploads\/2015\/07\/Bebe-sauve.jpg","width":269,"height":200,"caption":"Une Australienne condamn\u00e9e \u00e0 la prison pour avoir con\u00e7u un b\u00e9b\u00e9 avec... un gar\u00e7on de 12 ans"},{"@type":"BreadcrumbList","@id":"https:\/\/www.webdo.tn\/fr\/actualite\/international\/une-australienne-condamnee-a-la-prison-pour-avoir-concu-un-bebe-avec-un-garcon-de-12-ans\/184047\/#breadcrumb","itemListElement":[{"@type":"ListItem","position":1,"name":"Accueil","item":"https:\/\/www.webdo.tn\/fr\/"},{"@type":"ListItem","position":2,"name":"Une Australienne condamn\u00e9e \u00e0 la prison pour avoir con\u00e7u un b\u00e9b\u00e9 avec&#8230; un gar\u00e7on de 12 ans"}]},{"@type":"WebSite","@id":"https:\/\/www.webdo.tn\/fr\/#website","url":"https:\/\/www.webdo.tn\/fr\/","name":"webdo","description":"Tunisie - News en Tunisie et \u00e0 l&#039;international sur Webdo.tn","publisher":{"@id":"https:\/\/www.webdo.tn\/fr\/#organization"},"potentialAction":[{"@type":"SearchAction","target":{"@type":"EntryPoint","urlTemplate":"https:\/\/www.webdo.tn\/fr\/?s={search_term_string}"},"query-input":{"@type":"PropertyValueSpecification","valueRequired":true,"valueName":"search_term_string"}}],"inLanguage":"fr-FR"},{"@type":"Organization","@id":"https:\/\/www.webdo.tn\/fr\/#organization","name":"Webdo","alternateName":"Webdo.tn","url":"https:\/\/www.webdo.tn\/fr\/","logo":{"@type":"ImageObject","inLanguage":"fr-FR","@id":"https:\/\/www.webdo.tn\/fr\/#\/schema\/logo\/image\/","url":"https:\/\/www.webdo.tn\/fr\/wp-content\/uploads\/2025\/06\/Webdo-Tunisie_168377.jpg","contentUrl":"https:\/\/www.webdo.tn\/fr\/wp-content\/uploads\/2025\/06\/Webdo-Tunisie_168377.jpg","width":301,"height":301,"caption":"Webdo"},"image":{"@id":"https:\/\/www.webdo.tn\/fr\/#\/schema\/logo\/image\/"},"sameAs":["https:\/\/www.facebook.com\/webdotn","https:\/\/x.com\/webdo_tn"],"description":"Webdo est un m\u00e9dia num\u00e9rique tunisien fond\u00e9 en 2010, sp\u00e9cialis\u00e9 dans l\u2019actualit\u00e9 nationale et internationale, l\u2019\u00e9conomie, la soci\u00e9t\u00e9 et les analyses politiques. Le site s\u2019adresse \u00e0 un large public francophone et couvre l\u2019information tunisienne en temps r\u00e9el.","email":"redac@webdo.tn","legalName":"YNJ SARL","foundingDate":"2010-09-06","numberOfEmployees":{"@type":"QuantitativeValue","minValue":"11","maxValue":"50"}},{"@type":"Person","@id":"https:\/\/www.webdo.tn\/fr\/#\/schema\/person\/9a9c6118d687c117df8ef3cc36a4d175","name":"webdo.tn","image":{"@type":"ImageObject","inLanguage":"fr-FR","@id":"https:\/\/secure.gravatar.com\/avatar\/7ce1f28c0c3bbac99ff550b85ef8e44a6950c6ee24514fb6a5489e51d06f0298?s=96&d=mm&r=g","url":"https:\/\/secure.gravatar.com\/avatar\/7ce1f28c0c3bbac99ff550b85ef8e44a6950c6ee24514fb6a5489e51d06f0298?s=96&d=mm&r=g","contentUrl":"https:\/\/secure.gravatar.com\/avatar\/7ce1f28c0c3bbac99ff550b85ef8e44a6950c6ee24514fb6a5489e51d06f0298?s=96&d=mm&r=g","caption":"webdo.tn"},"url":"https:\/\/www.webdo.tn\/fr\/actualite\/author\/webdotn\/"}]}},"_links":{"self":[{"href":"https:\/\/www.webdo.tn\/fr\/wp-json\/wp\/v2\/posts\/184047","targetHints":{"allow":["GET"]}}],"collection":[{"href":"https:\/\/www.webdo.tn\/fr\/wp-json\/wp\/v2\/posts"}],"about":[{"href":"https:\/\/www.webdo.tn\/fr\/wp-json\/wp\/v2\/types\/post"}],"author":[{"embeddable":true,"href":"https:\/\/www.webdo.tn\/fr\/wp-json\/wp\/v2\/users\/3222"}],"replies":[{"embeddable":true,"href":"https:\/\/www.webdo.tn\/fr\/wp-json\/wp\/v2\/comments?post=184047"}],"version-history":[{"count":0,"href":"https:\/\/www.webdo.tn\/fr\/wp-json\/wp\/v2\/posts\/184047\/revisions"}],"wp:featuredmedia":[{"embeddable":true,"href":"https:\/\/www.webdo.tn\/fr\/wp-json\/wp\/v2\/media\/317648"}],"wp:attachment":[{"href":"https:\/\/www.webdo.tn\/fr\/wp-json\/wp\/v2\/media?parent=184047"}],"wp:term":[{"taxonomy":"category","embeddable":true,"href":"https:\/\/www.webdo.tn\/fr\/wp-json\/wp\/v2\/categories?post=184047"},{"taxonomy":"post_tag","embeddable":true,"href":"https:\/\/www.webdo.tn\/fr\/wp-json\/wp\/v2\/tags?post=184047"}],"curies":[{"name":"wp","href":"https:\/\/api.w.org\/{rel}","templated":true}]}}