{"id":184045,"date":"2015-07-28T10:46:00","date_gmt":"2015-07-28T10:46:00","guid":{"rendered":"https:\/\/www.webdo.tn\/fr\/blog\/libye-seif-al-islam-kadhafi-baghdadi-mahmoudi-abdallah-senoussi-condamnes-a-mort\/184045\/"},"modified":"2015-07-28T10:46:00","modified_gmt":"2015-07-28T10:46:00","slug":"libye-seif-al-islam-kadhafi-baghdadi-mahmoudi-abdallah-senoussi-condamnes-a-mort","status":"publish","type":"post","link":"https:\/\/www.webdo.tn\/fr\/actualite\/international\/libye-seif-al-islam-kadhafi-baghdadi-mahmoudi-abdallah-senoussi-condamnes-a-mort\/184045\/","title":{"rendered":"Libye : Seif al-Islam Kadhafi, Baghdadi Mahmoudi, Abdallah Senoussi, condamn\u00e9s \u00e0 mort"},"content":{"rendered":"<p>Un tribunal libyen a condamn\u00e9 \u00e0 mort aujourd&rsquo;hui, mardi 28 juillet, Seif al-Islam Kadhafi, le fils de Mouamar Kadhafi, ainsi que huit de ses proches, . Ils \u00e9taient poursuivis avec 37 anciens responsables du r\u00e9gime libyen pour crimes de guerre commis pendant la r\u00e9volution,, rapportent les agences internationales.<\/p>\n<p> Le tribunal si\u00e9geant \u00e0 Tripoli, o\u00f9 r\u00e8gne une coalition de milices en partie islamistes, a notamment condamn\u00e9 \u00e0 mort le dernier Premier ministre de Kadhafi, Baghdadi Mahmoudi, et son ex-chef des services de renseignements, Abdallah Senoussi.<\/p>\n<p>Ils \u00e9taient jug\u00e9s pour leur r\u00f4le dans la r\u00e9pression meurtri\u00e8re de la r\u00e9volte ayant mis fin \u00e0 l&rsquo;ancien r\u00e9gime en 2011.<\/p>\n<p>Seif al-Islam Kadhafi avait \u00e9t\u00e9 arr\u00eat\u00e9 en novembre 2011 dans le sud de la Libye apr\u00e8s avoir fui Tripoli avec son p\u00e8re et son fr\u00e8re Mouatassim pour se r\u00e9fugier \u00e0 Syrte. Il faisait l\u2019objet d\u2019un mandat d\u2019arr\u00eat international \u00e9mis par la Cour p\u00e9nale internationale (CPI), pour crimes contre l\u2019humanit\u00e9.<br \/>\nBaghdadi Mahmoudi c&rsquo;\u00e9tait Marzouki VS Jebali<br \/>\nRappelons que l\u2019ex-Premier ministre libyen, Baghdadi Mahmoudi \u00e9tait en Tunisie et a \u00e9t\u00e9 extrad\u00e9 vers la Libye, le 24 juin 2012. Il avait \u00e9t\u00e9 arr\u00eat\u00e9 en Tunisie le 21 septembre 2011, faisait l\u2019objet d\u2019un mandat d\u2019amener.<\/p>\n<p> Malgr\u00e9 la d\u00e9cision de la Cour d\u2019appel de Tunis, de novembre 2011, de c\u00e9der \u00e0 la demande des nouveaux dirigeants libyens en \u00ab\u00a0livrant\u00a0\u00bb Baghdadi Mahmoudi, ce dernier \u00e9tait maintenu en prison.<\/p>\n<p>Son extradition a fait en effet l\u2019objet d\u2019un d\u00e9bat entre les plus hauts dirigeants de notre pays, une sorte de bras de fer entre le pr\u00e9sident de l&rsquo;\u00e9poque, Moncef Marzouki et le gouvernement de Hamadi Jebali.<\/p>\n<p>Le premier ne cautionnait pas le fait que Mahmoudi soit livr\u00e9 \u00e0 la Libye et ceci, tant que ce pays ne serait pas dirig\u00e9 par un gouvernement l\u00e9gitime, en mesure d\u2019assurer un proc\u00e8s \u00e9quitable \u00e0 l\u2019ex-bras droit de Khadafi. Le gouvernement Jebali, lui, \u00e9tait plut\u00f4t pour l\u2019extradition de Mahmoudi.<\/p>\n","protected":false},"excerpt":{"rendered":"<p>Libye : Seif al-Islam Kadhafi, Baghdadi Mahmoudi, Abdallah Senoussi, condamn\u00e9s \u00e0 mort<\/p>\n","protected":false},"author":3222,"featured_media":336111,"comment_status":"open","ping_status":"closed","sticky":false,"template":"","format":"standard","meta":{"footnotes":""},"categories":[2598],"tags":[2600],"class_list":["post-184045","post","type-post","status-publish","format-standard","has-post-thumbnail","hentry","category-international","tag-guerre"],"yoast_head":"<!-- This site is optimized with the Yoast SEO Premium plugin v27.5 (Yoast SEO v27.5) - https:\/\/yoast.com\/product\/yoast-seo-premium-wordpress\/ -->\n<title>Libye : Seif al-Islam Kadhafi, Baghdadi Mahmoudi, Abdallah Senoussi, condamn\u00e9s \u00e0 mort<\/title>\n<meta name=\"description\" content=\"Libye : Seif al-Islam Kadhafi, Baghdadi Mahmoudi, Abdallah Senoussi, condamn\u00e9s \u00e0 mort\" \/>\n<link rel=\"canonical\" href=\"https:\/\/www.webdo.tn\/fr\/actualite\/international\/libye-seif-al-islam-kadhafi-baghdadi-mahmoudi-abdallah-senoussi-condamnes-a-mort\/184045\/\" \/>\n<meta property=\"og:locale\" content=\"fr_FR\" \/>\n<meta property=\"og:type\" content=\"article\" \/>\n<meta property=\"og:title\" content=\"Libye : Seif al-Islam Kadhafi, Baghdadi Mahmoudi, Abdallah Senoussi, condamn\u00e9s \u00e0 mort\" \/>\n<meta property=\"og:description\" content=\"Libye : Seif al-Islam Kadhafi, Baghdadi Mahmoudi, Abdallah Senoussi, condamn\u00e9s \u00e0 mort\" \/>\n<meta property=\"og:url\" content=\"https:\/\/www.webdo.tn\/fr\/actualite\/international\/libye-seif-al-islam-kadhafi-baghdadi-mahmoudi-abdallah-senoussi-condamnes-a-mort\/184045\/\" \/>\n<meta property=\"og:site_name\" content=\"webdo\" \/>\n<meta property=\"article:publisher\" content=\"https:\/\/www.facebook.com\/webdotn\" \/>\n<meta property=\"article:published_time\" content=\"2015-07-28T10:46:00+00:00\" \/>\n<meta property=\"og:image\" content=\"https:\/\/www.webdo.tn\/fr\/wp-content\/uploads\/2015\/07\/Libye-2.jpg\" \/>\n\t<meta property=\"og:image:width\" content=\"600\" \/>\n\t<meta property=\"og:image:height\" content=\"338\" \/>\n\t<meta property=\"og:image:type\" content=\"image\/jpeg\" \/>\n<meta name=\"author\" content=\"webdo.tn\" \/>\n<meta name=\"twitter:card\" content=\"summary_large_image\" \/>\n<meta name=\"twitter:creator\" content=\"@webdo_tn\" \/>\n<meta name=\"twitter:site\" content=\"@webdo_tn\" \/>\n<meta name=\"twitter:label1\" content=\"\u00c9crit par\" \/>\n\t<meta name=\"twitter:data1\" content=\"webdo.tn\" \/>\n\t<meta name=\"twitter:label2\" content=\"Dur\u00e9e de lecture estim\u00e9e\" \/>\n\t<meta name=\"twitter:data2\" content=\"2 minutes\" \/>\n<script type=\"application\/ld+json\" class=\"yoast-schema-graph\">{\"@context\":\"https:\\\/\\\/schema.org\",\"@graph\":[{\"@type\":\"NewsArticle\",\"@id\":\"https:\\\/\\\/www.webdo.tn\\\/fr\\\/actualite\\\/international\\\/libye-seif-al-islam-kadhafi-baghdadi-mahmoudi-abdallah-senoussi-condamnes-a-mort\\\/184045\\\/#article\",\"isPartOf\":{\"@id\":\"https:\\\/\\\/www.webdo.tn\\\/fr\\\/actualite\\\/international\\\/libye-seif-al-islam-kadhafi-baghdadi-mahmoudi-abdallah-senoussi-condamnes-a-mort\\\/184045\\\/\"},\"author\":{\"name\":\"webdo.tn\",\"@id\":\"https:\\\/\\\/www.webdo.tn\\\/fr\\\/#\\\/schema\\\/person\\\/9a9c6118d687c117df8ef3cc36a4d175\"},\"headline\":\"Libye : Seif al-Islam Kadhafi, Baghdadi Mahmoudi, Abdallah Senoussi, condamn\u00e9s \u00e0 mort\",\"datePublished\":\"2015-07-28T10:46:00+00:00\",\"mainEntityOfPage\":{\"@id\":\"https:\\\/\\\/www.webdo.tn\\\/fr\\\/actualite\\\/international\\\/libye-seif-al-islam-kadhafi-baghdadi-mahmoudi-abdallah-senoussi-condamnes-a-mort\\\/184045\\\/\"},\"wordCount\":348,\"commentCount\":0,\"publisher\":{\"@id\":\"https:\\\/\\\/www.webdo.tn\\\/fr\\\/#organization\"},\"image\":{\"@id\":\"https:\\\/\\\/www.webdo.tn\\\/fr\\\/actualite\\\/international\\\/libye-seif-al-islam-kadhafi-baghdadi-mahmoudi-abdallah-senoussi-condamnes-a-mort\\\/184045\\\/#primaryimage\"},\"thumbnailUrl\":\"https:\\\/\\\/www.webdo.tn\\\/fr\\\/wp-content\\\/uploads\\\/2015\\\/07\\\/Libye-2.jpg\",\"keywords\":[\"guerre\"],\"articleSection\":[\"International\"],\"inLanguage\":\"fr-FR\"},{\"@type\":\"WebPage\",\"@id\":\"https:\\\/\\\/www.webdo.tn\\\/fr\\\/actualite\\\/international\\\/libye-seif-al-islam-kadhafi-baghdadi-mahmoudi-abdallah-senoussi-condamnes-a-mort\\\/184045\\\/\",\"url\":\"https:\\\/\\\/www.webdo.tn\\\/fr\\\/actualite\\\/international\\\/libye-seif-al-islam-kadhafi-baghdadi-mahmoudi-abdallah-senoussi-condamnes-a-mort\\\/184045\\\/\",\"name\":\"Libye : Seif al-Islam Kadhafi, Baghdadi Mahmoudi, Abdallah Senoussi, condamn\u00e9s \u00e0 mort\",\"isPartOf\":{\"@id\":\"https:\\\/\\\/www.webdo.tn\\\/fr\\\/#website\"},\"primaryImageOfPage\":{\"@id\":\"https:\\\/\\\/www.webdo.tn\\\/fr\\\/actualite\\\/international\\\/libye-seif-al-islam-kadhafi-baghdadi-mahmoudi-abdallah-senoussi-condamnes-a-mort\\\/184045\\\/#primaryimage\"},\"image\":{\"@id\":\"https:\\\/\\\/www.webdo.tn\\\/fr\\\/actualite\\\/international\\\/libye-seif-al-islam-kadhafi-baghdadi-mahmoudi-abdallah-senoussi-condamnes-a-mort\\\/184045\\\/#primaryimage\"},\"thumbnailUrl\":\"https:\\\/\\\/www.webdo.tn\\\/fr\\\/wp-content\\\/uploads\\\/2015\\\/07\\\/Libye-2.jpg\",\"datePublished\":\"2015-07-28T10:46:00+00:00\",\"description\":\"Libye : Seif al-Islam Kadhafi, Baghdadi Mahmoudi, Abdallah Senoussi, condamn\u00e9s \u00e0 mort\",\"breadcrumb\":{\"@id\":\"https:\\\/\\\/www.webdo.tn\\\/fr\\\/actualite\\\/international\\\/libye-seif-al-islam-kadhafi-baghdadi-mahmoudi-abdallah-senoussi-condamnes-a-mort\\\/184045\\\/#breadcrumb\"},\"inLanguage\":\"fr-FR\",\"potentialAction\":[{\"@type\":\"ReadAction\",\"target\":[\"https:\\\/\\\/www.webdo.tn\\\/fr\\\/actualite\\\/international\\\/libye-seif-al-islam-kadhafi-baghdadi-mahmoudi-abdallah-senoussi-condamnes-a-mort\\\/184045\\\/\"]}]},{\"@type\":\"ImageObject\",\"inLanguage\":\"fr-FR\",\"@id\":\"https:\\\/\\\/www.webdo.tn\\\/fr\\\/actualite\\\/international\\\/libye-seif-al-islam-kadhafi-baghdadi-mahmoudi-abdallah-senoussi-condamnes-a-mort\\\/184045\\\/#primaryimage\",\"url\":\"https:\\\/\\\/www.webdo.tn\\\/fr\\\/wp-content\\\/uploads\\\/2015\\\/07\\\/Libye-2.jpg\",\"contentUrl\":\"https:\\\/\\\/www.webdo.tn\\\/fr\\\/wp-content\\\/uploads\\\/2015\\\/07\\\/Libye-2.jpg\",\"width\":600,\"height\":338,\"caption\":\"Libye : Seif al-Islam Kadhafi, Baghdadi Mahmoudi, Abdallah Senoussi, condamn\u00e9s \u00e0 mort\"},{\"@type\":\"BreadcrumbList\",\"@id\":\"https:\\\/\\\/www.webdo.tn\\\/fr\\\/actualite\\\/international\\\/libye-seif-al-islam-kadhafi-baghdadi-mahmoudi-abdallah-senoussi-condamnes-a-mort\\\/184045\\\/#breadcrumb\",\"itemListElement\":[{\"@type\":\"ListItem\",\"position\":1,\"name\":\"Accueil\",\"item\":\"https:\\\/\\\/www.webdo.tn\\\/fr\\\/\"},{\"@type\":\"ListItem\",\"position\":2,\"name\":\"Libye : Seif al-Islam Kadhafi, Baghdadi Mahmoudi, Abdallah Senoussi, condamn\u00e9s \u00e0 mort\"}]},{\"@type\":\"WebSite\",\"@id\":\"https:\\\/\\\/www.webdo.tn\\\/fr\\\/#website\",\"url\":\"https:\\\/\\\/www.webdo.tn\\\/fr\\\/\",\"name\":\"webdo\",\"description\":\"Tunisie - News en Tunisie et \u00e0 l&#039;international sur Webdo.tn\",\"publisher\":{\"@id\":\"https:\\\/\\\/www.webdo.tn\\\/fr\\\/#organization\"},\"potentialAction\":[{\"@type\":\"SearchAction\",\"target\":{\"@type\":\"EntryPoint\",\"urlTemplate\":\"https:\\\/\\\/www.webdo.tn\\\/fr\\\/?s={search_term_string}\"},\"query-input\":{\"@type\":\"PropertyValueSpecification\",\"valueRequired\":true,\"valueName\":\"search_term_string\"}}],\"inLanguage\":\"fr-FR\"},{\"@type\":\"Organization\",\"@id\":\"https:\\\/\\\/www.webdo.tn\\\/fr\\\/#organization\",\"name\":\"Webdo\",\"alternateName\":\"Webdo.tn\",\"url\":\"https:\\\/\\\/www.webdo.tn\\\/fr\\\/\",\"logo\":{\"@type\":\"ImageObject\",\"inLanguage\":\"fr-FR\",\"@id\":\"https:\\\/\\\/www.webdo.tn\\\/fr\\\/#\\\/schema\\\/logo\\\/image\\\/\",\"url\":\"https:\\\/\\\/www.webdo.tn\\\/fr\\\/wp-content\\\/uploads\\\/2025\\\/06\\\/Webdo-Tunisie_168377.jpg\",\"contentUrl\":\"https:\\\/\\\/www.webdo.tn\\\/fr\\\/wp-content\\\/uploads\\\/2025\\\/06\\\/Webdo-Tunisie_168377.jpg\",\"width\":301,\"height\":301,\"caption\":\"Webdo\"},\"image\":{\"@id\":\"https:\\\/\\\/www.webdo.tn\\\/fr\\\/#\\\/schema\\\/logo\\\/image\\\/\"},\"sameAs\":[\"https:\\\/\\\/www.facebook.com\\\/webdotn\",\"https:\\\/\\\/x.com\\\/webdo_tn\"],\"description\":\"Webdo est un m\u00e9dia num\u00e9rique tunisien fond\u00e9 en 2010, sp\u00e9cialis\u00e9 dans l\u2019actualit\u00e9 nationale et internationale, l\u2019\u00e9conomie, la soci\u00e9t\u00e9 et les analyses politiques. Le site s\u2019adresse \u00e0 un large public francophone et couvre l\u2019information tunisienne en temps r\u00e9el.\",\"email\":\"redac@webdo.tn\",\"legalName\":\"YNJ SARL\",\"foundingDate\":\"2010-09-06\",\"numberOfEmployees\":{\"@type\":\"QuantitativeValue\",\"minValue\":\"11\",\"maxValue\":\"50\"}},{\"@type\":\"Person\",\"@id\":\"https:\\\/\\\/www.webdo.tn\\\/fr\\\/#\\\/schema\\\/person\\\/9a9c6118d687c117df8ef3cc36a4d175\",\"name\":\"webdo.tn\",\"image\":{\"@type\":\"ImageObject\",\"inLanguage\":\"fr-FR\",\"@id\":\"https:\\\/\\\/secure.gravatar.com\\\/avatar\\\/7ce1f28c0c3bbac99ff550b85ef8e44a6950c6ee24514fb6a5489e51d06f0298?s=96&d=mm&r=g\",\"url\":\"https:\\\/\\\/secure.gravatar.com\\\/avatar\\\/7ce1f28c0c3bbac99ff550b85ef8e44a6950c6ee24514fb6a5489e51d06f0298?s=96&d=mm&r=g\",\"contentUrl\":\"https:\\\/\\\/secure.gravatar.com\\\/avatar\\\/7ce1f28c0c3bbac99ff550b85ef8e44a6950c6ee24514fb6a5489e51d06f0298?s=96&d=mm&r=g\",\"caption\":\"webdo.tn\"},\"url\":\"https:\\\/\\\/www.webdo.tn\\\/fr\\\/actualite\\\/author\\\/webdotn\\\/\"}]}<\/script>\n<!-- \/ Yoast SEO Premium plugin. -->","yoast_head_json":{"title":"Libye : Seif al-Islam Kadhafi, Baghdadi Mahmoudi, Abdallah Senoussi, condamn\u00e9s \u00e0 mort","description":"Libye : Seif al-Islam Kadhafi, Baghdadi Mahmoudi, Abdallah Senoussi, condamn\u00e9s \u00e0 mort","canonical":"https:\/\/www.webdo.tn\/fr\/actualite\/international\/libye-seif-al-islam-kadhafi-baghdadi-mahmoudi-abdallah-senoussi-condamnes-a-mort\/184045\/","og_locale":"fr_FR","og_type":"article","og_title":"Libye : Seif al-Islam Kadhafi, Baghdadi Mahmoudi, Abdallah Senoussi, condamn\u00e9s \u00e0 mort","og_description":"Libye : Seif al-Islam Kadhafi, Baghdadi Mahmoudi, Abdallah Senoussi, condamn\u00e9s \u00e0 mort","og_url":"https:\/\/www.webdo.tn\/fr\/actualite\/international\/libye-seif-al-islam-kadhafi-baghdadi-mahmoudi-abdallah-senoussi-condamnes-a-mort\/184045\/","og_site_name":"webdo","article_publisher":"https:\/\/www.facebook.com\/webdotn","article_published_time":"2015-07-28T10:46:00+00:00","og_image":[{"width":600,"height":338,"url":"https:\/\/www.webdo.tn\/fr\/wp-content\/uploads\/2015\/07\/Libye-2.jpg","type":"image\/jpeg"}],"author":"webdo.tn","twitter_card":"summary_large_image","twitter_creator":"@webdo_tn","twitter_site":"@webdo_tn","twitter_misc":{"\u00c9crit par":"webdo.tn","Dur\u00e9e de lecture estim\u00e9e":"2 minutes"},"schema":{"@context":"https:\/\/schema.org","@graph":[{"@type":"NewsArticle","@id":"https:\/\/www.webdo.tn\/fr\/actualite\/international\/libye-seif-al-islam-kadhafi-baghdadi-mahmoudi-abdallah-senoussi-condamnes-a-mort\/184045\/#article","isPartOf":{"@id":"https:\/\/www.webdo.tn\/fr\/actualite\/international\/libye-seif-al-islam-kadhafi-baghdadi-mahmoudi-abdallah-senoussi-condamnes-a-mort\/184045\/"},"author":{"name":"webdo.tn","@id":"https:\/\/www.webdo.tn\/fr\/#\/schema\/person\/9a9c6118d687c117df8ef3cc36a4d175"},"headline":"Libye : Seif al-Islam Kadhafi, Baghdadi Mahmoudi, Abdallah Senoussi, condamn\u00e9s \u00e0 mort","datePublished":"2015-07-28T10:46:00+00:00","mainEntityOfPage":{"@id":"https:\/\/www.webdo.tn\/fr\/actualite\/international\/libye-seif-al-islam-kadhafi-baghdadi-mahmoudi-abdallah-senoussi-condamnes-a-mort\/184045\/"},"wordCount":348,"commentCount":0,"publisher":{"@id":"https:\/\/www.webdo.tn\/fr\/#organization"},"image":{"@id":"https:\/\/www.webdo.tn\/fr\/actualite\/international\/libye-seif-al-islam-kadhafi-baghdadi-mahmoudi-abdallah-senoussi-condamnes-a-mort\/184045\/#primaryimage"},"thumbnailUrl":"https:\/\/www.webdo.tn\/fr\/wp-content\/uploads\/2015\/07\/Libye-2.jpg","keywords":["guerre"],"articleSection":["International"],"inLanguage":"fr-FR"},{"@type":"WebPage","@id":"https:\/\/www.webdo.tn\/fr\/actualite\/international\/libye-seif-al-islam-kadhafi-baghdadi-mahmoudi-abdallah-senoussi-condamnes-a-mort\/184045\/","url":"https:\/\/www.webdo.tn\/fr\/actualite\/international\/libye-seif-al-islam-kadhafi-baghdadi-mahmoudi-abdallah-senoussi-condamnes-a-mort\/184045\/","name":"Libye : Seif al-Islam Kadhafi, Baghdadi Mahmoudi, Abdallah Senoussi, condamn\u00e9s \u00e0 mort","isPartOf":{"@id":"https:\/\/www.webdo.tn\/fr\/#website"},"primaryImageOfPage":{"@id":"https:\/\/www.webdo.tn\/fr\/actualite\/international\/libye-seif-al-islam-kadhafi-baghdadi-mahmoudi-abdallah-senoussi-condamnes-a-mort\/184045\/#primaryimage"},"image":{"@id":"https:\/\/www.webdo.tn\/fr\/actualite\/international\/libye-seif-al-islam-kadhafi-baghdadi-mahmoudi-abdallah-senoussi-condamnes-a-mort\/184045\/#primaryimage"},"thumbnailUrl":"https:\/\/www.webdo.tn\/fr\/wp-content\/uploads\/2015\/07\/Libye-2.jpg","datePublished":"2015-07-28T10:46:00+00:00","description":"Libye : Seif al-Islam Kadhafi, Baghdadi Mahmoudi, Abdallah Senoussi, condamn\u00e9s \u00e0 mort","breadcrumb":{"@id":"https:\/\/www.webdo.tn\/fr\/actualite\/international\/libye-seif-al-islam-kadhafi-baghdadi-mahmoudi-abdallah-senoussi-condamnes-a-mort\/184045\/#breadcrumb"},"inLanguage":"fr-FR","potentialAction":[{"@type":"ReadAction","target":["https:\/\/www.webdo.tn\/fr\/actualite\/international\/libye-seif-al-islam-kadhafi-baghdadi-mahmoudi-abdallah-senoussi-condamnes-a-mort\/184045\/"]}]},{"@type":"ImageObject","inLanguage":"fr-FR","@id":"https:\/\/www.webdo.tn\/fr\/actualite\/international\/libye-seif-al-islam-kadhafi-baghdadi-mahmoudi-abdallah-senoussi-condamnes-a-mort\/184045\/#primaryimage","url":"https:\/\/www.webdo.tn\/fr\/wp-content\/uploads\/2015\/07\/Libye-2.jpg","contentUrl":"https:\/\/www.webdo.tn\/fr\/wp-content\/uploads\/2015\/07\/Libye-2.jpg","width":600,"height":338,"caption":"Libye : Seif al-Islam Kadhafi, Baghdadi Mahmoudi, Abdallah Senoussi, condamn\u00e9s \u00e0 mort"},{"@type":"BreadcrumbList","@id":"https:\/\/www.webdo.tn\/fr\/actualite\/international\/libye-seif-al-islam-kadhafi-baghdadi-mahmoudi-abdallah-senoussi-condamnes-a-mort\/184045\/#breadcrumb","itemListElement":[{"@type":"ListItem","position":1,"name":"Accueil","item":"https:\/\/www.webdo.tn\/fr\/"},{"@type":"ListItem","position":2,"name":"Libye : Seif al-Islam Kadhafi, Baghdadi Mahmoudi, Abdallah Senoussi, condamn\u00e9s \u00e0 mort"}]},{"@type":"WebSite","@id":"https:\/\/www.webdo.tn\/fr\/#website","url":"https:\/\/www.webdo.tn\/fr\/","name":"webdo","description":"Tunisie - News en Tunisie et \u00e0 l&#039;international sur Webdo.tn","publisher":{"@id":"https:\/\/www.webdo.tn\/fr\/#organization"},"potentialAction":[{"@type":"SearchAction","target":{"@type":"EntryPoint","urlTemplate":"https:\/\/www.webdo.tn\/fr\/?s={search_term_string}"},"query-input":{"@type":"PropertyValueSpecification","valueRequired":true,"valueName":"search_term_string"}}],"inLanguage":"fr-FR"},{"@type":"Organization","@id":"https:\/\/www.webdo.tn\/fr\/#organization","name":"Webdo","alternateName":"Webdo.tn","url":"https:\/\/www.webdo.tn\/fr\/","logo":{"@type":"ImageObject","inLanguage":"fr-FR","@id":"https:\/\/www.webdo.tn\/fr\/#\/schema\/logo\/image\/","url":"https:\/\/www.webdo.tn\/fr\/wp-content\/uploads\/2025\/06\/Webdo-Tunisie_168377.jpg","contentUrl":"https:\/\/www.webdo.tn\/fr\/wp-content\/uploads\/2025\/06\/Webdo-Tunisie_168377.jpg","width":301,"height":301,"caption":"Webdo"},"image":{"@id":"https:\/\/www.webdo.tn\/fr\/#\/schema\/logo\/image\/"},"sameAs":["https:\/\/www.facebook.com\/webdotn","https:\/\/x.com\/webdo_tn"],"description":"Webdo est un m\u00e9dia num\u00e9rique tunisien fond\u00e9 en 2010, sp\u00e9cialis\u00e9 dans l\u2019actualit\u00e9 nationale et internationale, l\u2019\u00e9conomie, la soci\u00e9t\u00e9 et les analyses politiques. Le site s\u2019adresse \u00e0 un large public francophone et couvre l\u2019information tunisienne en temps r\u00e9el.","email":"redac@webdo.tn","legalName":"YNJ SARL","foundingDate":"2010-09-06","numberOfEmployees":{"@type":"QuantitativeValue","minValue":"11","maxValue":"50"}},{"@type":"Person","@id":"https:\/\/www.webdo.tn\/fr\/#\/schema\/person\/9a9c6118d687c117df8ef3cc36a4d175","name":"webdo.tn","image":{"@type":"ImageObject","inLanguage":"fr-FR","@id":"https:\/\/secure.gravatar.com\/avatar\/7ce1f28c0c3bbac99ff550b85ef8e44a6950c6ee24514fb6a5489e51d06f0298?s=96&d=mm&r=g","url":"https:\/\/secure.gravatar.com\/avatar\/7ce1f28c0c3bbac99ff550b85ef8e44a6950c6ee24514fb6a5489e51d06f0298?s=96&d=mm&r=g","contentUrl":"https:\/\/secure.gravatar.com\/avatar\/7ce1f28c0c3bbac99ff550b85ef8e44a6950c6ee24514fb6a5489e51d06f0298?s=96&d=mm&r=g","caption":"webdo.tn"},"url":"https:\/\/www.webdo.tn\/fr\/actualite\/author\/webdotn\/"}]}},"_links":{"self":[{"href":"https:\/\/www.webdo.tn\/fr\/wp-json\/wp\/v2\/posts\/184045","targetHints":{"allow":["GET"]}}],"collection":[{"href":"https:\/\/www.webdo.tn\/fr\/wp-json\/wp\/v2\/posts"}],"about":[{"href":"https:\/\/www.webdo.tn\/fr\/wp-json\/wp\/v2\/types\/post"}],"author":[{"embeddable":true,"href":"https:\/\/www.webdo.tn\/fr\/wp-json\/wp\/v2\/users\/3222"}],"replies":[{"embeddable":true,"href":"https:\/\/www.webdo.tn\/fr\/wp-json\/wp\/v2\/comments?post=184045"}],"version-history":[{"count":0,"href":"https:\/\/www.webdo.tn\/fr\/wp-json\/wp\/v2\/posts\/184045\/revisions"}],"wp:featuredmedia":[{"embeddable":true,"href":"https:\/\/www.webdo.tn\/fr\/wp-json\/wp\/v2\/media\/336111"}],"wp:attachment":[{"href":"https:\/\/www.webdo.tn\/fr\/wp-json\/wp\/v2\/media?parent=184045"}],"wp:term":[{"taxonomy":"category","embeddable":true,"href":"https:\/\/www.webdo.tn\/fr\/wp-json\/wp\/v2\/categories?post=184045"},{"taxonomy":"post_tag","embeddable":true,"href":"https:\/\/www.webdo.tn\/fr\/wp-json\/wp\/v2\/tags?post=184045"}],"curies":[{"name":"wp","href":"https:\/\/api.w.org\/{rel}","templated":true}]}}