{"id":184043,"date":"2015-07-28T22:36:00","date_gmt":"2015-07-28T22:36:00","guid":{"rendered":"https:\/\/www.webdo.tn\/fr\/blog\/baghdadi-mahmoudi-condamne-a-mort-ses-avocats-vont-porter-plainte-contre-hamadi-jebali\/184043\/"},"modified":"2015-07-28T22:36:00","modified_gmt":"2015-07-28T22:36:00","slug":"baghdadi-mahmoudi-condamne-a-mort-ses-avocats-vont-porter-plainte-contre-hamadi-jebali","status":"publish","type":"post","link":"https:\/\/www.webdo.tn\/fr\/actualite\/international\/baghdadi-mahmoudi-condamne-a-mort-ses-avocats-vont-porter-plainte-contre-hamadi-jebali\/184043\/","title":{"rendered":"Baghdadi Mahmoudi condamn\u00e9 \u00e0 mort, ses avocats vont porter plainte contre Hamadi Jebali"},"content":{"rendered":"<p>Le collectif de d\u00e9fense de l\u2019ex-Premier ministre libyen, Baghdadi Mahmoudi, a imput\u00e9 au gouvernement de Hamadi Jebali la responsabilit\u00e9 du proc\u00e8s \u00ab\u00a0non \u00e9quitable\u00a0\u00bb de leur client.<\/p>\n<p>C\u2019est le gouvernement de la Troika qui a remis, de mani\u00e8re ill\u00e9gale, Baghdadi Mahmoudi \u00e0 une partie libyenne suspecte, a d\u00e9clar\u00e9, ce mardi 28 juillet, \u00e0 l\u2019Agence TAP, Mabrouk Korchid, membre du collectif de d\u00e9fense.<\/p>\n<p>Il a affirm\u00e9 que la d\u00e9fense va porter plainte contre Hamadi Jebali et toute personne dont l\u2019implication sera prouv\u00e9e par l\u2019enqu\u00eate.<\/p>\n<p>Mabrouk Korchid a qualifi\u00e9 d\u2019\u00a0\u00bbill\u00e9gitime\u00a0\u00bb le proc\u00e8s de Baghdadi Mahmoudi qui, selon lui, s\u2019est d\u00e9roul\u00e9 dans des conditions non conformes \u00e0 la loi dans une caserne militaire, sous le contr\u00f4le d\u2019une partie libyenne non reconnue par la communaut\u00e9 internationale.<\/p>\n<p>Ce proc\u00e8s a eu lieu en l\u2019absence de la d\u00e9fense, a-t-il encore d\u00e9plor\u00e9, estimant que le jugement prononc\u00e9 (peine de mort) \u00e0 l\u2019encontre de Baghdadi Mahmoudi est \u00ab\u00a0injuste et choquant\u00a0\u00bb.<\/p>\n<p>Le collectif de d\u00e9fense devrait annoncer la liste des personnes qui seront poursuivies en justice lors d&rsquo;une conf\u00e9rence de presse qui se tiendra dans les prochains jours, a-t-il ajout\u00e9.<\/p>\n<p>Un tribunal libyen a condamn\u00e9 \u00e0 mort aujourd\u2019hui, mardi 28 juillet, Seif al-Islam Kadhafi, le fils de Mouamar Kadhafi, huit de ses proches et 37 anciens responsables du r\u00e9gime libyen pour crimes de guerre commis pendant la r\u00e9volution.<\/p>\n<p>Rappelons que l\u2019ex-Premier ministre libyen, Baghdadi Mahmoudi \u00e9tait en Tunisie et a \u00e9t\u00e9 extrad\u00e9 vers la Libye, le 24 juin 2012. Il avait \u00e9t\u00e9 arr\u00eat\u00e9 en Tunisie le 21 septembre 2011, faisait l\u2019objet d\u2019un mandat d\u2019amener.<\/p>\n<p>Malgr\u00e9 la d\u00e9cision de la Cour d\u2019appel de Tunis, de novembre 2011, de c\u00e9der \u00e0 la demande des nouveaux dirigeants libyens en \u00ab\u00a0livrant\u00a0\u00bb Baghdadi Mahmoudi, ce dernier \u00e9tait maintenu en prison.<\/p>\n<p>Son extradition a fait en effet l\u2019objet d\u2019un d\u00e9bat entre les plus hauts dirigeants de notre pays, une sorte de bras de fer entre le pr\u00e9sident de l\u2019\u00e9poque, Moncef Marzouki et le gouvernement de Hamadi Jebali.<\/p>\n<p>Le premier ne cautionnait pas le fait que Mahmoudi soit livr\u00e9 \u00e0 la Libye et ceci, tant que ce pays ne serait pas dirig\u00e9 par un gouvernement l\u00e9gitime, en mesure d\u2019assurer un proc\u00e8s \u00e9quitable \u00e0 l\u2019ex-bras droit de Khadafi. Le gouvernement Jebali, lui, \u00e9tait plut\u00f4t pour l\u2019extradition de Mahmoudi.<\/p>\n","protected":false},"excerpt":{"rendered":"<p>Baghdadi Mahmoudi condamn\u00e9 \u00e0 mort, ses avocats vont porter plainte contre Hamadi Jebali<\/p>\n","protected":false},"author":3222,"featured_media":317645,"comment_status":"open","ping_status":"closed","sticky":false,"template":"","format":"standard","meta":{"footnotes":""},"categories":[2598],"tags":[2600],"class_list":["post-184043","post","type-post","status-publish","format-standard","has-post-thumbnail","hentry","category-international","tag-guerre"],"yoast_head":"<!-- This site is optimized with the Yoast SEO Premium plugin v27.5 (Yoast SEO v27.5) - https:\/\/yoast.com\/product\/yoast-seo-premium-wordpress\/ -->\n<title>Baghdadi Mahmoudi condamn\u00e9 \u00e0 mort, ses avocats vont porter plainte contre Hamadi Jebali<\/title>\n<meta name=\"description\" content=\"Baghdadi Mahmoudi condamn\u00e9 \u00e0 mort, ses avocats vont porter plainte contre Hamadi Jebali\" \/>\n<link rel=\"canonical\" href=\"https:\/\/www.webdo.tn\/fr\/actualite\/international\/baghdadi-mahmoudi-condamne-a-mort-ses-avocats-vont-porter-plainte-contre-hamadi-jebali\/184043\/\" \/>\n<meta property=\"og:locale\" content=\"fr_FR\" \/>\n<meta property=\"og:type\" content=\"article\" \/>\n<meta property=\"og:title\" content=\"Baghdadi Mahmoudi condamn\u00e9 \u00e0 mort, ses avocats vont porter plainte contre Hamadi Jebali\" \/>\n<meta property=\"og:description\" content=\"Baghdadi Mahmoudi condamn\u00e9 \u00e0 mort, ses avocats vont porter plainte contre Hamadi Jebali\" \/>\n<meta property=\"og:url\" content=\"https:\/\/www.webdo.tn\/fr\/actualite\/international\/baghdadi-mahmoudi-condamne-a-mort-ses-avocats-vont-porter-plainte-contre-hamadi-jebali\/184043\/\" \/>\n<meta property=\"og:site_name\" content=\"webdo\" \/>\n<meta property=\"article:publisher\" content=\"https:\/\/www.facebook.com\/webdotn\" \/>\n<meta property=\"article:published_time\" content=\"2015-07-28T22:36:00+00:00\" \/>\n<meta property=\"og:image\" content=\"https:\/\/www.webdo.tn\/fr\/wp-content\/uploads\/2015\/07\/Baghdadi-Mahmoudi-Tunisie.jpg\" \/>\n\t<meta property=\"og:image:width\" content=\"587\" \/>\n\t<meta property=\"og:image:height\" content=\"380\" \/>\n\t<meta property=\"og:image:type\" content=\"image\/jpeg\" \/>\n<meta name=\"author\" content=\"webdo.tn\" \/>\n<meta name=\"twitter:card\" content=\"summary_large_image\" \/>\n<meta name=\"twitter:creator\" content=\"@webdo_tn\" \/>\n<meta name=\"twitter:site\" content=\"@webdo_tn\" \/>\n<meta name=\"twitter:label1\" content=\"\u00c9crit par\" \/>\n\t<meta name=\"twitter:data1\" content=\"webdo.tn\" \/>\n\t<meta name=\"twitter:label2\" content=\"Dur\u00e9e de lecture estim\u00e9e\" \/>\n\t<meta name=\"twitter:data2\" content=\"2 minutes\" \/>\n<script type=\"application\/ld+json\" class=\"yoast-schema-graph\">{\"@context\":\"https:\\\/\\\/schema.org\",\"@graph\":[{\"@type\":\"NewsArticle\",\"@id\":\"https:\\\/\\\/www.webdo.tn\\\/fr\\\/actualite\\\/international\\\/baghdadi-mahmoudi-condamne-a-mort-ses-avocats-vont-porter-plainte-contre-hamadi-jebali\\\/184043\\\/#article\",\"isPartOf\":{\"@id\":\"https:\\\/\\\/www.webdo.tn\\\/fr\\\/actualite\\\/international\\\/baghdadi-mahmoudi-condamne-a-mort-ses-avocats-vont-porter-plainte-contre-hamadi-jebali\\\/184043\\\/\"},\"author\":{\"name\":\"webdo.tn\",\"@id\":\"https:\\\/\\\/www.webdo.tn\\\/fr\\\/#\\\/schema\\\/person\\\/9a9c6118d687c117df8ef3cc36a4d175\"},\"headline\":\"Baghdadi Mahmoudi condamn\u00e9 \u00e0 mort, ses avocats vont porter plainte contre Hamadi Jebali\",\"datePublished\":\"2015-07-28T22:36:00+00:00\",\"mainEntityOfPage\":{\"@id\":\"https:\\\/\\\/www.webdo.tn\\\/fr\\\/actualite\\\/international\\\/baghdadi-mahmoudi-condamne-a-mort-ses-avocats-vont-porter-plainte-contre-hamadi-jebali\\\/184043\\\/\"},\"wordCount\":417,\"commentCount\":0,\"publisher\":{\"@id\":\"https:\\\/\\\/www.webdo.tn\\\/fr\\\/#organization\"},\"image\":{\"@id\":\"https:\\\/\\\/www.webdo.tn\\\/fr\\\/actualite\\\/international\\\/baghdadi-mahmoudi-condamne-a-mort-ses-avocats-vont-porter-plainte-contre-hamadi-jebali\\\/184043\\\/#primaryimage\"},\"thumbnailUrl\":\"https:\\\/\\\/www.webdo.tn\\\/fr\\\/wp-content\\\/uploads\\\/2015\\\/07\\\/Baghdadi-Mahmoudi-Tunisie.jpg\",\"keywords\":[\"guerre\"],\"articleSection\":[\"International\"],\"inLanguage\":\"fr-FR\"},{\"@type\":\"WebPage\",\"@id\":\"https:\\\/\\\/www.webdo.tn\\\/fr\\\/actualite\\\/international\\\/baghdadi-mahmoudi-condamne-a-mort-ses-avocats-vont-porter-plainte-contre-hamadi-jebali\\\/184043\\\/\",\"url\":\"https:\\\/\\\/www.webdo.tn\\\/fr\\\/actualite\\\/international\\\/baghdadi-mahmoudi-condamne-a-mort-ses-avocats-vont-porter-plainte-contre-hamadi-jebali\\\/184043\\\/\",\"name\":\"Baghdadi Mahmoudi condamn\u00e9 \u00e0 mort, ses avocats vont porter plainte contre Hamadi Jebali\",\"isPartOf\":{\"@id\":\"https:\\\/\\\/www.webdo.tn\\\/fr\\\/#website\"},\"primaryImageOfPage\":{\"@id\":\"https:\\\/\\\/www.webdo.tn\\\/fr\\\/actualite\\\/international\\\/baghdadi-mahmoudi-condamne-a-mort-ses-avocats-vont-porter-plainte-contre-hamadi-jebali\\\/184043\\\/#primaryimage\"},\"image\":{\"@id\":\"https:\\\/\\\/www.webdo.tn\\\/fr\\\/actualite\\\/international\\\/baghdadi-mahmoudi-condamne-a-mort-ses-avocats-vont-porter-plainte-contre-hamadi-jebali\\\/184043\\\/#primaryimage\"},\"thumbnailUrl\":\"https:\\\/\\\/www.webdo.tn\\\/fr\\\/wp-content\\\/uploads\\\/2015\\\/07\\\/Baghdadi-Mahmoudi-Tunisie.jpg\",\"datePublished\":\"2015-07-28T22:36:00+00:00\",\"description\":\"Baghdadi Mahmoudi condamn\u00e9 \u00e0 mort, ses avocats vont porter plainte contre Hamadi Jebali\",\"breadcrumb\":{\"@id\":\"https:\\\/\\\/www.webdo.tn\\\/fr\\\/actualite\\\/international\\\/baghdadi-mahmoudi-condamne-a-mort-ses-avocats-vont-porter-plainte-contre-hamadi-jebali\\\/184043\\\/#breadcrumb\"},\"inLanguage\":\"fr-FR\",\"potentialAction\":[{\"@type\":\"ReadAction\",\"target\":[\"https:\\\/\\\/www.webdo.tn\\\/fr\\\/actualite\\\/international\\\/baghdadi-mahmoudi-condamne-a-mort-ses-avocats-vont-porter-plainte-contre-hamadi-jebali\\\/184043\\\/\"]}]},{\"@type\":\"ImageObject\",\"inLanguage\":\"fr-FR\",\"@id\":\"https:\\\/\\\/www.webdo.tn\\\/fr\\\/actualite\\\/international\\\/baghdadi-mahmoudi-condamne-a-mort-ses-avocats-vont-porter-plainte-contre-hamadi-jebali\\\/184043\\\/#primaryimage\",\"url\":\"https:\\\/\\\/www.webdo.tn\\\/fr\\\/wp-content\\\/uploads\\\/2015\\\/07\\\/Baghdadi-Mahmoudi-Tunisie.jpg\",\"contentUrl\":\"https:\\\/\\\/www.webdo.tn\\\/fr\\\/wp-content\\\/uploads\\\/2015\\\/07\\\/Baghdadi-Mahmoudi-Tunisie.jpg\",\"width\":587,\"height\":380,\"caption\":\"Baghdadi Mahmoudi condamn\u00e9 \u00e0 mort, ses avocats vont porter plainte contre Hamadi Jebali\"},{\"@type\":\"BreadcrumbList\",\"@id\":\"https:\\\/\\\/www.webdo.tn\\\/fr\\\/actualite\\\/international\\\/baghdadi-mahmoudi-condamne-a-mort-ses-avocats-vont-porter-plainte-contre-hamadi-jebali\\\/184043\\\/#breadcrumb\",\"itemListElement\":[{\"@type\":\"ListItem\",\"position\":1,\"name\":\"Accueil\",\"item\":\"https:\\\/\\\/www.webdo.tn\\\/fr\\\/\"},{\"@type\":\"ListItem\",\"position\":2,\"name\":\"Baghdadi Mahmoudi condamn\u00e9 \u00e0 mort, ses avocats vont porter plainte contre Hamadi Jebali\"}]},{\"@type\":\"WebSite\",\"@id\":\"https:\\\/\\\/www.webdo.tn\\\/fr\\\/#website\",\"url\":\"https:\\\/\\\/www.webdo.tn\\\/fr\\\/\",\"name\":\"webdo\",\"description\":\"Tunisie - News en Tunisie et \u00e0 l&#039;international sur Webdo.tn\",\"publisher\":{\"@id\":\"https:\\\/\\\/www.webdo.tn\\\/fr\\\/#organization\"},\"potentialAction\":[{\"@type\":\"SearchAction\",\"target\":{\"@type\":\"EntryPoint\",\"urlTemplate\":\"https:\\\/\\\/www.webdo.tn\\\/fr\\\/?s={search_term_string}\"},\"query-input\":{\"@type\":\"PropertyValueSpecification\",\"valueRequired\":true,\"valueName\":\"search_term_string\"}}],\"inLanguage\":\"fr-FR\"},{\"@type\":\"Organization\",\"@id\":\"https:\\\/\\\/www.webdo.tn\\\/fr\\\/#organization\",\"name\":\"Webdo\",\"alternateName\":\"Webdo.tn\",\"url\":\"https:\\\/\\\/www.webdo.tn\\\/fr\\\/\",\"logo\":{\"@type\":\"ImageObject\",\"inLanguage\":\"fr-FR\",\"@id\":\"https:\\\/\\\/www.webdo.tn\\\/fr\\\/#\\\/schema\\\/logo\\\/image\\\/\",\"url\":\"https:\\\/\\\/www.webdo.tn\\\/fr\\\/wp-content\\\/uploads\\\/2025\\\/06\\\/Webdo-Tunisie_168377.jpg\",\"contentUrl\":\"https:\\\/\\\/www.webdo.tn\\\/fr\\\/wp-content\\\/uploads\\\/2025\\\/06\\\/Webdo-Tunisie_168377.jpg\",\"width\":301,\"height\":301,\"caption\":\"Webdo\"},\"image\":{\"@id\":\"https:\\\/\\\/www.webdo.tn\\\/fr\\\/#\\\/schema\\\/logo\\\/image\\\/\"},\"sameAs\":[\"https:\\\/\\\/www.facebook.com\\\/webdotn\",\"https:\\\/\\\/x.com\\\/webdo_tn\"],\"description\":\"Webdo est un m\u00e9dia num\u00e9rique tunisien fond\u00e9 en 2010, sp\u00e9cialis\u00e9 dans l\u2019actualit\u00e9 nationale et internationale, l\u2019\u00e9conomie, la soci\u00e9t\u00e9 et les analyses politiques. Le site s\u2019adresse \u00e0 un large public francophone et couvre l\u2019information tunisienne en temps r\u00e9el.\",\"email\":\"redac@webdo.tn\",\"legalName\":\"YNJ SARL\",\"foundingDate\":\"2010-09-06\",\"numberOfEmployees\":{\"@type\":\"QuantitativeValue\",\"minValue\":\"11\",\"maxValue\":\"50\"}},{\"@type\":\"Person\",\"@id\":\"https:\\\/\\\/www.webdo.tn\\\/fr\\\/#\\\/schema\\\/person\\\/9a9c6118d687c117df8ef3cc36a4d175\",\"name\":\"webdo.tn\",\"image\":{\"@type\":\"ImageObject\",\"inLanguage\":\"fr-FR\",\"@id\":\"https:\\\/\\\/secure.gravatar.com\\\/avatar\\\/7ce1f28c0c3bbac99ff550b85ef8e44a6950c6ee24514fb6a5489e51d06f0298?s=96&d=mm&r=g\",\"url\":\"https:\\\/\\\/secure.gravatar.com\\\/avatar\\\/7ce1f28c0c3bbac99ff550b85ef8e44a6950c6ee24514fb6a5489e51d06f0298?s=96&d=mm&r=g\",\"contentUrl\":\"https:\\\/\\\/secure.gravatar.com\\\/avatar\\\/7ce1f28c0c3bbac99ff550b85ef8e44a6950c6ee24514fb6a5489e51d06f0298?s=96&d=mm&r=g\",\"caption\":\"webdo.tn\"},\"url\":\"https:\\\/\\\/www.webdo.tn\\\/fr\\\/actualite\\\/author\\\/webdotn\\\/\"}]}<\/script>\n<!-- \/ Yoast SEO Premium plugin. -->","yoast_head_json":{"title":"Baghdadi Mahmoudi condamn\u00e9 \u00e0 mort, ses avocats vont porter plainte contre Hamadi Jebali","description":"Baghdadi Mahmoudi condamn\u00e9 \u00e0 mort, ses avocats vont porter plainte contre Hamadi Jebali","canonical":"https:\/\/www.webdo.tn\/fr\/actualite\/international\/baghdadi-mahmoudi-condamne-a-mort-ses-avocats-vont-porter-plainte-contre-hamadi-jebali\/184043\/","og_locale":"fr_FR","og_type":"article","og_title":"Baghdadi Mahmoudi condamn\u00e9 \u00e0 mort, ses avocats vont porter plainte contre Hamadi Jebali","og_description":"Baghdadi Mahmoudi condamn\u00e9 \u00e0 mort, ses avocats vont porter plainte contre Hamadi Jebali","og_url":"https:\/\/www.webdo.tn\/fr\/actualite\/international\/baghdadi-mahmoudi-condamne-a-mort-ses-avocats-vont-porter-plainte-contre-hamadi-jebali\/184043\/","og_site_name":"webdo","article_publisher":"https:\/\/www.facebook.com\/webdotn","article_published_time":"2015-07-28T22:36:00+00:00","og_image":[{"width":587,"height":380,"url":"https:\/\/www.webdo.tn\/fr\/wp-content\/uploads\/2015\/07\/Baghdadi-Mahmoudi-Tunisie.jpg","type":"image\/jpeg"}],"author":"webdo.tn","twitter_card":"summary_large_image","twitter_creator":"@webdo_tn","twitter_site":"@webdo_tn","twitter_misc":{"\u00c9crit par":"webdo.tn","Dur\u00e9e de lecture estim\u00e9e":"2 minutes"},"schema":{"@context":"https:\/\/schema.org","@graph":[{"@type":"NewsArticle","@id":"https:\/\/www.webdo.tn\/fr\/actualite\/international\/baghdadi-mahmoudi-condamne-a-mort-ses-avocats-vont-porter-plainte-contre-hamadi-jebali\/184043\/#article","isPartOf":{"@id":"https:\/\/www.webdo.tn\/fr\/actualite\/international\/baghdadi-mahmoudi-condamne-a-mort-ses-avocats-vont-porter-plainte-contre-hamadi-jebali\/184043\/"},"author":{"name":"webdo.tn","@id":"https:\/\/www.webdo.tn\/fr\/#\/schema\/person\/9a9c6118d687c117df8ef3cc36a4d175"},"headline":"Baghdadi Mahmoudi condamn\u00e9 \u00e0 mort, ses avocats vont porter plainte contre Hamadi Jebali","datePublished":"2015-07-28T22:36:00+00:00","mainEntityOfPage":{"@id":"https:\/\/www.webdo.tn\/fr\/actualite\/international\/baghdadi-mahmoudi-condamne-a-mort-ses-avocats-vont-porter-plainte-contre-hamadi-jebali\/184043\/"},"wordCount":417,"commentCount":0,"publisher":{"@id":"https:\/\/www.webdo.tn\/fr\/#organization"},"image":{"@id":"https:\/\/www.webdo.tn\/fr\/actualite\/international\/baghdadi-mahmoudi-condamne-a-mort-ses-avocats-vont-porter-plainte-contre-hamadi-jebali\/184043\/#primaryimage"},"thumbnailUrl":"https:\/\/www.webdo.tn\/fr\/wp-content\/uploads\/2015\/07\/Baghdadi-Mahmoudi-Tunisie.jpg","keywords":["guerre"],"articleSection":["International"],"inLanguage":"fr-FR"},{"@type":"WebPage","@id":"https:\/\/www.webdo.tn\/fr\/actualite\/international\/baghdadi-mahmoudi-condamne-a-mort-ses-avocats-vont-porter-plainte-contre-hamadi-jebali\/184043\/","url":"https:\/\/www.webdo.tn\/fr\/actualite\/international\/baghdadi-mahmoudi-condamne-a-mort-ses-avocats-vont-porter-plainte-contre-hamadi-jebali\/184043\/","name":"Baghdadi Mahmoudi condamn\u00e9 \u00e0 mort, ses avocats vont porter plainte contre Hamadi Jebali","isPartOf":{"@id":"https:\/\/www.webdo.tn\/fr\/#website"},"primaryImageOfPage":{"@id":"https:\/\/www.webdo.tn\/fr\/actualite\/international\/baghdadi-mahmoudi-condamne-a-mort-ses-avocats-vont-porter-plainte-contre-hamadi-jebali\/184043\/#primaryimage"},"image":{"@id":"https:\/\/www.webdo.tn\/fr\/actualite\/international\/baghdadi-mahmoudi-condamne-a-mort-ses-avocats-vont-porter-plainte-contre-hamadi-jebali\/184043\/#primaryimage"},"thumbnailUrl":"https:\/\/www.webdo.tn\/fr\/wp-content\/uploads\/2015\/07\/Baghdadi-Mahmoudi-Tunisie.jpg","datePublished":"2015-07-28T22:36:00+00:00","description":"Baghdadi Mahmoudi condamn\u00e9 \u00e0 mort, ses avocats vont porter plainte contre Hamadi Jebali","breadcrumb":{"@id":"https:\/\/www.webdo.tn\/fr\/actualite\/international\/baghdadi-mahmoudi-condamne-a-mort-ses-avocats-vont-porter-plainte-contre-hamadi-jebali\/184043\/#breadcrumb"},"inLanguage":"fr-FR","potentialAction":[{"@type":"ReadAction","target":["https:\/\/www.webdo.tn\/fr\/actualite\/international\/baghdadi-mahmoudi-condamne-a-mort-ses-avocats-vont-porter-plainte-contre-hamadi-jebali\/184043\/"]}]},{"@type":"ImageObject","inLanguage":"fr-FR","@id":"https:\/\/www.webdo.tn\/fr\/actualite\/international\/baghdadi-mahmoudi-condamne-a-mort-ses-avocats-vont-porter-plainte-contre-hamadi-jebali\/184043\/#primaryimage","url":"https:\/\/www.webdo.tn\/fr\/wp-content\/uploads\/2015\/07\/Baghdadi-Mahmoudi-Tunisie.jpg","contentUrl":"https:\/\/www.webdo.tn\/fr\/wp-content\/uploads\/2015\/07\/Baghdadi-Mahmoudi-Tunisie.jpg","width":587,"height":380,"caption":"Baghdadi Mahmoudi condamn\u00e9 \u00e0 mort, ses avocats vont porter plainte contre Hamadi Jebali"},{"@type":"BreadcrumbList","@id":"https:\/\/www.webdo.tn\/fr\/actualite\/international\/baghdadi-mahmoudi-condamne-a-mort-ses-avocats-vont-porter-plainte-contre-hamadi-jebali\/184043\/#breadcrumb","itemListElement":[{"@type":"ListItem","position":1,"name":"Accueil","item":"https:\/\/www.webdo.tn\/fr\/"},{"@type":"ListItem","position":2,"name":"Baghdadi Mahmoudi condamn\u00e9 \u00e0 mort, ses avocats vont porter plainte contre Hamadi Jebali"}]},{"@type":"WebSite","@id":"https:\/\/www.webdo.tn\/fr\/#website","url":"https:\/\/www.webdo.tn\/fr\/","name":"webdo","description":"Tunisie - News en Tunisie et \u00e0 l&#039;international sur Webdo.tn","publisher":{"@id":"https:\/\/www.webdo.tn\/fr\/#organization"},"potentialAction":[{"@type":"SearchAction","target":{"@type":"EntryPoint","urlTemplate":"https:\/\/www.webdo.tn\/fr\/?s={search_term_string}"},"query-input":{"@type":"PropertyValueSpecification","valueRequired":true,"valueName":"search_term_string"}}],"inLanguage":"fr-FR"},{"@type":"Organization","@id":"https:\/\/www.webdo.tn\/fr\/#organization","name":"Webdo","alternateName":"Webdo.tn","url":"https:\/\/www.webdo.tn\/fr\/","logo":{"@type":"ImageObject","inLanguage":"fr-FR","@id":"https:\/\/www.webdo.tn\/fr\/#\/schema\/logo\/image\/","url":"https:\/\/www.webdo.tn\/fr\/wp-content\/uploads\/2025\/06\/Webdo-Tunisie_168377.jpg","contentUrl":"https:\/\/www.webdo.tn\/fr\/wp-content\/uploads\/2025\/06\/Webdo-Tunisie_168377.jpg","width":301,"height":301,"caption":"Webdo"},"image":{"@id":"https:\/\/www.webdo.tn\/fr\/#\/schema\/logo\/image\/"},"sameAs":["https:\/\/www.facebook.com\/webdotn","https:\/\/x.com\/webdo_tn"],"description":"Webdo est un m\u00e9dia num\u00e9rique tunisien fond\u00e9 en 2010, sp\u00e9cialis\u00e9 dans l\u2019actualit\u00e9 nationale et internationale, l\u2019\u00e9conomie, la soci\u00e9t\u00e9 et les analyses politiques. Le site s\u2019adresse \u00e0 un large public francophone et couvre l\u2019information tunisienne en temps r\u00e9el.","email":"redac@webdo.tn","legalName":"YNJ SARL","foundingDate":"2010-09-06","numberOfEmployees":{"@type":"QuantitativeValue","minValue":"11","maxValue":"50"}},{"@type":"Person","@id":"https:\/\/www.webdo.tn\/fr\/#\/schema\/person\/9a9c6118d687c117df8ef3cc36a4d175","name":"webdo.tn","image":{"@type":"ImageObject","inLanguage":"fr-FR","@id":"https:\/\/secure.gravatar.com\/avatar\/7ce1f28c0c3bbac99ff550b85ef8e44a6950c6ee24514fb6a5489e51d06f0298?s=96&d=mm&r=g","url":"https:\/\/secure.gravatar.com\/avatar\/7ce1f28c0c3bbac99ff550b85ef8e44a6950c6ee24514fb6a5489e51d06f0298?s=96&d=mm&r=g","contentUrl":"https:\/\/secure.gravatar.com\/avatar\/7ce1f28c0c3bbac99ff550b85ef8e44a6950c6ee24514fb6a5489e51d06f0298?s=96&d=mm&r=g","caption":"webdo.tn"},"url":"https:\/\/www.webdo.tn\/fr\/actualite\/author\/webdotn\/"}]}},"_links":{"self":[{"href":"https:\/\/www.webdo.tn\/fr\/wp-json\/wp\/v2\/posts\/184043","targetHints":{"allow":["GET"]}}],"collection":[{"href":"https:\/\/www.webdo.tn\/fr\/wp-json\/wp\/v2\/posts"}],"about":[{"href":"https:\/\/www.webdo.tn\/fr\/wp-json\/wp\/v2\/types\/post"}],"author":[{"embeddable":true,"href":"https:\/\/www.webdo.tn\/fr\/wp-json\/wp\/v2\/users\/3222"}],"replies":[{"embeddable":true,"href":"https:\/\/www.webdo.tn\/fr\/wp-json\/wp\/v2\/comments?post=184043"}],"version-history":[{"count":0,"href":"https:\/\/www.webdo.tn\/fr\/wp-json\/wp\/v2\/posts\/184043\/revisions"}],"wp:featuredmedia":[{"embeddable":true,"href":"https:\/\/www.webdo.tn\/fr\/wp-json\/wp\/v2\/media\/317645"}],"wp:attachment":[{"href":"https:\/\/www.webdo.tn\/fr\/wp-json\/wp\/v2\/media?parent=184043"}],"wp:term":[{"taxonomy":"category","embeddable":true,"href":"https:\/\/www.webdo.tn\/fr\/wp-json\/wp\/v2\/categories?post=184043"},{"taxonomy":"post_tag","embeddable":true,"href":"https:\/\/www.webdo.tn\/fr\/wp-json\/wp\/v2\/tags?post=184043"}],"curies":[{"name":"wp","href":"https:\/\/api.w.org\/{rel}","templated":true}]}}