{"id":184040,"date":"2015-07-30T13:20:00","date_gmt":"2015-07-30T13:20:00","guid":{"rendered":"https:\/\/www.webdo.tn\/fr\/actualite\/blog\/lattaque-de-sousse-a-coute-28-millions-deuros-a-thomas-cook\/184040\/"},"modified":"2025-05-22T12:53:45","modified_gmt":"2025-05-22T12:53:45","slug":"lattaque-de-sousse-a-coute-28-millions-deuros-a-thomas-cook","status":"publish","type":"post","link":"https:\/\/www.webdo.tn\/fr\/actualite\/international\/lattaque-de-sousse-a-coute-28-millions-deuros-a-thomas-cook\/184040\/","title":{"rendered":"L\u2019attaque de Sousse a co\u00fbt\u00e9 28 millions d\u2019euros \u00e0 Thomas Cook"},"content":{"rendered":"<p>Le groupe Thomas Cook a annonc\u00e9, ce jeudi 30 juillet, que les r\u00e9sultats financiers du trimestre avril\/juin 2015 seront nettement touch\u00e9s par l\u2019attentat de Sousse du 26 juin dernier.<\/p>\n<p>Le tour op\u00e9rateur a ainsi perdu 28 millions d\u2019euros dans l\u2019op\u00e9ration de rapatriement, \u00e9vacuant pr\u00e8s de 15.000 clients sur une soixantaine de vols, l\u2019arr\u00eat des ventes et les annulations.<\/p>\n<p>Le directeur g\u00e9n\u00e9ral du groupe, Peter Fankhauser, esp\u00e9rait une toute autre performance sauf que les crises g\u00e9opolitiques ont eu un impact important sur le r\u00e9sultat d\u2019exploitation de Thomas Cook : \u00abNous avons r\u00e9alis\u00e9 une bonne performance au troisi\u00e8me trimestre, mais depuis la fin du trimestre, notre activit\u00e9 a \u00e9t\u00e9 touch\u00e9e par des chocs externes significatifs \u00bb.<\/p>\n","protected":false},"excerpt":{"rendered":"<p>L\u2019attaque de Sousse a co\u00fbt\u00e9 28 millions d\u2019euros \u00e0 Thomas Cook<\/p>\n","protected":false},"author":3222,"featured_media":351933,"comment_status":"open","ping_status":"closed","sticky":false,"template":"","format":"standard","meta":{"footnotes":""},"categories":[2598],"tags":[],"class_list":["post-184040","post","type-post","status-publish","format-standard","has-post-thumbnail","hentry","category-international"],"yoast_head":"<!-- This site is optimized with the Yoast SEO Premium plugin v27.5 (Yoast SEO v27.5) - https:\/\/yoast.com\/product\/yoast-seo-premium-wordpress\/ -->\n<title>L\u2019attaque de Sousse a co\u00fbt\u00e9 28 millions d\u2019euros \u00e0 Thomas Cook<\/title>\n<meta name=\"description\" content=\"L\u2019attaque de Sousse a co\u00fbt\u00e9 28 millions d\u2019euros \u00e0 Thomas Cook\" \/>\n<link rel=\"canonical\" href=\"https:\/\/www.webdo.tn\/fr\/actualite\/international\/lattaque-de-sousse-a-coute-28-millions-deuros-a-thomas-cook\/184040\/\" \/>\n<meta property=\"og:locale\" content=\"fr_FR\" \/>\n<meta property=\"og:type\" content=\"article\" \/>\n<meta property=\"og:title\" content=\"L\u2019attaque de Sousse a co\u00fbt\u00e9 28 millions d\u2019euros \u00e0 Thomas Cook\" \/>\n<meta property=\"og:description\" content=\"L\u2019attaque de Sousse a co\u00fbt\u00e9 28 millions d\u2019euros \u00e0 Thomas Cook\" \/>\n<meta property=\"og:url\" content=\"https:\/\/www.webdo.tn\/fr\/actualite\/international\/lattaque-de-sousse-a-coute-28-millions-deuros-a-thomas-cook\/184040\/\" \/>\n<meta property=\"og:site_name\" content=\"webdo\" \/>\n<meta property=\"article:publisher\" content=\"https:\/\/www.facebook.com\/webdotn\" \/>\n<meta property=\"article:published_time\" content=\"2015-07-30T13:20:00+00:00\" \/>\n<meta property=\"article:modified_time\" content=\"2025-05-22T12:53:45+00:00\" \/>\n<meta property=\"og:image\" content=\"https:\/\/www.webdo.tn\/fr\/wp-content\/uploads\/2015\/07\/IMG_0045-300x200-1.jpg\" \/>\n\t<meta property=\"og:image:width\" content=\"300\" \/>\n\t<meta property=\"og:image:height\" content=\"200\" \/>\n\t<meta property=\"og:image:type\" content=\"image\/jpeg\" \/>\n<meta name=\"author\" content=\"webdo.tn\" \/>\n<meta name=\"twitter:card\" content=\"summary_large_image\" \/>\n<meta name=\"twitter:creator\" content=\"@webdo_tn\" \/>\n<meta name=\"twitter:site\" content=\"@webdo_tn\" \/>\n<meta name=\"twitter:label1\" content=\"\u00c9crit par\" \/>\n\t<meta name=\"twitter:data1\" content=\"webdo.tn\" \/>\n\t<meta name=\"twitter:label2\" content=\"Dur\u00e9e de lecture estim\u00e9e\" \/>\n\t<meta name=\"twitter:data2\" content=\"1 minute\" \/>\n<script type=\"application\/ld+json\" class=\"yoast-schema-graph\">{\"@context\":\"https:\\\/\\\/schema.org\",\"@graph\":[{\"@type\":\"NewsArticle\",\"@id\":\"https:\\\/\\\/www.webdo.tn\\\/fr\\\/actualite\\\/international\\\/lattaque-de-sousse-a-coute-28-millions-deuros-a-thomas-cook\\\/184040\\\/#article\",\"isPartOf\":{\"@id\":\"https:\\\/\\\/www.webdo.tn\\\/fr\\\/actualite\\\/international\\\/lattaque-de-sousse-a-coute-28-millions-deuros-a-thomas-cook\\\/184040\\\/\"},\"author\":{\"name\":\"webdo.tn\",\"@id\":\"https:\\\/\\\/www.webdo.tn\\\/fr\\\/#\\\/schema\\\/person\\\/9a9c6118d687c117df8ef3cc36a4d175\"},\"headline\":\"L\u2019attaque de Sousse a co\u00fbt\u00e9 28 millions d\u2019euros \u00e0 Thomas Cook\",\"datePublished\":\"2015-07-30T13:20:00+00:00\",\"dateModified\":\"2025-05-22T12:53:45+00:00\",\"mainEntityOfPage\":{\"@id\":\"https:\\\/\\\/www.webdo.tn\\\/fr\\\/actualite\\\/international\\\/lattaque-de-sousse-a-coute-28-millions-deuros-a-thomas-cook\\\/184040\\\/\"},\"wordCount\":139,\"commentCount\":0,\"publisher\":{\"@id\":\"https:\\\/\\\/www.webdo.tn\\\/fr\\\/#organization\"},\"image\":{\"@id\":\"https:\\\/\\\/www.webdo.tn\\\/fr\\\/actualite\\\/international\\\/lattaque-de-sousse-a-coute-28-millions-deuros-a-thomas-cook\\\/184040\\\/#primaryimage\"},\"thumbnailUrl\":\"https:\\\/\\\/www.webdo.tn\\\/fr\\\/wp-content\\\/uploads\\\/2015\\\/07\\\/IMG_0045-300x200-1.jpg\",\"articleSection\":[\"International\"],\"inLanguage\":\"fr-FR\"},{\"@type\":\"WebPage\",\"@id\":\"https:\\\/\\\/www.webdo.tn\\\/fr\\\/actualite\\\/international\\\/lattaque-de-sousse-a-coute-28-millions-deuros-a-thomas-cook\\\/184040\\\/\",\"url\":\"https:\\\/\\\/www.webdo.tn\\\/fr\\\/actualite\\\/international\\\/lattaque-de-sousse-a-coute-28-millions-deuros-a-thomas-cook\\\/184040\\\/\",\"name\":\"L\u2019attaque de Sousse a co\u00fbt\u00e9 28 millions d\u2019euros \u00e0 Thomas Cook\",\"isPartOf\":{\"@id\":\"https:\\\/\\\/www.webdo.tn\\\/fr\\\/#website\"},\"primaryImageOfPage\":{\"@id\":\"https:\\\/\\\/www.webdo.tn\\\/fr\\\/actualite\\\/international\\\/lattaque-de-sousse-a-coute-28-millions-deuros-a-thomas-cook\\\/184040\\\/#primaryimage\"},\"image\":{\"@id\":\"https:\\\/\\\/www.webdo.tn\\\/fr\\\/actualite\\\/international\\\/lattaque-de-sousse-a-coute-28-millions-deuros-a-thomas-cook\\\/184040\\\/#primaryimage\"},\"thumbnailUrl\":\"https:\\\/\\\/www.webdo.tn\\\/fr\\\/wp-content\\\/uploads\\\/2015\\\/07\\\/IMG_0045-300x200-1.jpg\",\"datePublished\":\"2015-07-30T13:20:00+00:00\",\"dateModified\":\"2025-05-22T12:53:45+00:00\",\"description\":\"L\u2019attaque de Sousse a co\u00fbt\u00e9 28 millions d\u2019euros \u00e0 Thomas Cook\",\"breadcrumb\":{\"@id\":\"https:\\\/\\\/www.webdo.tn\\\/fr\\\/actualite\\\/international\\\/lattaque-de-sousse-a-coute-28-millions-deuros-a-thomas-cook\\\/184040\\\/#breadcrumb\"},\"inLanguage\":\"fr-FR\",\"potentialAction\":[{\"@type\":\"ReadAction\",\"target\":[\"https:\\\/\\\/www.webdo.tn\\\/fr\\\/actualite\\\/international\\\/lattaque-de-sousse-a-coute-28-millions-deuros-a-thomas-cook\\\/184040\\\/\"]}]},{\"@type\":\"ImageObject\",\"inLanguage\":\"fr-FR\",\"@id\":\"https:\\\/\\\/www.webdo.tn\\\/fr\\\/actualite\\\/international\\\/lattaque-de-sousse-a-coute-28-millions-deuros-a-thomas-cook\\\/184040\\\/#primaryimage\",\"url\":\"https:\\\/\\\/www.webdo.tn\\\/fr\\\/wp-content\\\/uploads\\\/2015\\\/07\\\/IMG_0045-300x200-1.jpg\",\"contentUrl\":\"https:\\\/\\\/www.webdo.tn\\\/fr\\\/wp-content\\\/uploads\\\/2015\\\/07\\\/IMG_0045-300x200-1.jpg\",\"width\":300,\"height\":200,\"caption\":\"L\u2019attaque de Sousse a co\u00fbt\u00e9 28 millions d\u2019euros \u00e0 Thomas Cook\"},{\"@type\":\"BreadcrumbList\",\"@id\":\"https:\\\/\\\/www.webdo.tn\\\/fr\\\/actualite\\\/international\\\/lattaque-de-sousse-a-coute-28-millions-deuros-a-thomas-cook\\\/184040\\\/#breadcrumb\",\"itemListElement\":[{\"@type\":\"ListItem\",\"position\":1,\"name\":\"Accueil\",\"item\":\"https:\\\/\\\/www.webdo.tn\\\/fr\\\/\"},{\"@type\":\"ListItem\",\"position\":2,\"name\":\"L\u2019attaque de Sousse a co\u00fbt\u00e9 28 millions d\u2019euros \u00e0 Thomas Cook\"}]},{\"@type\":\"WebSite\",\"@id\":\"https:\\\/\\\/www.webdo.tn\\\/fr\\\/#website\",\"url\":\"https:\\\/\\\/www.webdo.tn\\\/fr\\\/\",\"name\":\"webdo\",\"description\":\"Tunisie - News en Tunisie et \u00e0 l&#039;international sur Webdo.tn\",\"publisher\":{\"@id\":\"https:\\\/\\\/www.webdo.tn\\\/fr\\\/#organization\"},\"potentialAction\":[{\"@type\":\"SearchAction\",\"target\":{\"@type\":\"EntryPoint\",\"urlTemplate\":\"https:\\\/\\\/www.webdo.tn\\\/fr\\\/?s={search_term_string}\"},\"query-input\":{\"@type\":\"PropertyValueSpecification\",\"valueRequired\":true,\"valueName\":\"search_term_string\"}}],\"inLanguage\":\"fr-FR\"},{\"@type\":\"Organization\",\"@id\":\"https:\\\/\\\/www.webdo.tn\\\/fr\\\/#organization\",\"name\":\"Webdo\",\"alternateName\":\"Webdo.tn\",\"url\":\"https:\\\/\\\/www.webdo.tn\\\/fr\\\/\",\"logo\":{\"@type\":\"ImageObject\",\"inLanguage\":\"fr-FR\",\"@id\":\"https:\\\/\\\/www.webdo.tn\\\/fr\\\/#\\\/schema\\\/logo\\\/image\\\/\",\"url\":\"https:\\\/\\\/www.webdo.tn\\\/fr\\\/wp-content\\\/uploads\\\/2025\\\/06\\\/Webdo-Tunisie_168377.jpg\",\"contentUrl\":\"https:\\\/\\\/www.webdo.tn\\\/fr\\\/wp-content\\\/uploads\\\/2025\\\/06\\\/Webdo-Tunisie_168377.jpg\",\"width\":301,\"height\":301,\"caption\":\"Webdo\"},\"image\":{\"@id\":\"https:\\\/\\\/www.webdo.tn\\\/fr\\\/#\\\/schema\\\/logo\\\/image\\\/\"},\"sameAs\":[\"https:\\\/\\\/www.facebook.com\\\/webdotn\",\"https:\\\/\\\/x.com\\\/webdo_tn\"],\"description\":\"Webdo est un m\u00e9dia num\u00e9rique tunisien fond\u00e9 en 2010, sp\u00e9cialis\u00e9 dans l\u2019actualit\u00e9 nationale et internationale, l\u2019\u00e9conomie, la soci\u00e9t\u00e9 et les analyses politiques. Le site s\u2019adresse \u00e0 un large public francophone et couvre l\u2019information tunisienne en temps r\u00e9el.\",\"email\":\"redac@webdo.tn\",\"legalName\":\"YNJ SARL\",\"foundingDate\":\"2010-09-06\",\"numberOfEmployees\":{\"@type\":\"QuantitativeValue\",\"minValue\":\"11\",\"maxValue\":\"50\"}},{\"@type\":\"Person\",\"@id\":\"https:\\\/\\\/www.webdo.tn\\\/fr\\\/#\\\/schema\\\/person\\\/9a9c6118d687c117df8ef3cc36a4d175\",\"name\":\"webdo.tn\",\"image\":{\"@type\":\"ImageObject\",\"inLanguage\":\"fr-FR\",\"@id\":\"https:\\\/\\\/secure.gravatar.com\\\/avatar\\\/7ce1f28c0c3bbac99ff550b85ef8e44a6950c6ee24514fb6a5489e51d06f0298?s=96&d=mm&r=g\",\"url\":\"https:\\\/\\\/secure.gravatar.com\\\/avatar\\\/7ce1f28c0c3bbac99ff550b85ef8e44a6950c6ee24514fb6a5489e51d06f0298?s=96&d=mm&r=g\",\"contentUrl\":\"https:\\\/\\\/secure.gravatar.com\\\/avatar\\\/7ce1f28c0c3bbac99ff550b85ef8e44a6950c6ee24514fb6a5489e51d06f0298?s=96&d=mm&r=g\",\"caption\":\"webdo.tn\"},\"url\":\"https:\\\/\\\/www.webdo.tn\\\/fr\\\/actualite\\\/author\\\/webdotn\\\/\"}]}<\/script>\n<!-- \/ Yoast SEO Premium plugin. -->","yoast_head_json":{"title":"L\u2019attaque de Sousse a co\u00fbt\u00e9 28 millions d\u2019euros \u00e0 Thomas Cook","description":"L\u2019attaque de Sousse a co\u00fbt\u00e9 28 millions d\u2019euros \u00e0 Thomas Cook","canonical":"https:\/\/www.webdo.tn\/fr\/actualite\/international\/lattaque-de-sousse-a-coute-28-millions-deuros-a-thomas-cook\/184040\/","og_locale":"fr_FR","og_type":"article","og_title":"L\u2019attaque de Sousse a co\u00fbt\u00e9 28 millions d\u2019euros \u00e0 Thomas Cook","og_description":"L\u2019attaque de Sousse a co\u00fbt\u00e9 28 millions d\u2019euros \u00e0 Thomas Cook","og_url":"https:\/\/www.webdo.tn\/fr\/actualite\/international\/lattaque-de-sousse-a-coute-28-millions-deuros-a-thomas-cook\/184040\/","og_site_name":"webdo","article_publisher":"https:\/\/www.facebook.com\/webdotn","article_published_time":"2015-07-30T13:20:00+00:00","article_modified_time":"2025-05-22T12:53:45+00:00","og_image":[{"width":300,"height":200,"url":"https:\/\/www.webdo.tn\/fr\/wp-content\/uploads\/2015\/07\/IMG_0045-300x200-1.jpg","type":"image\/jpeg"}],"author":"webdo.tn","twitter_card":"summary_large_image","twitter_creator":"@webdo_tn","twitter_site":"@webdo_tn","twitter_misc":{"\u00c9crit par":"webdo.tn","Dur\u00e9e de lecture estim\u00e9e":"1 minute"},"schema":{"@context":"https:\/\/schema.org","@graph":[{"@type":"NewsArticle","@id":"https:\/\/www.webdo.tn\/fr\/actualite\/international\/lattaque-de-sousse-a-coute-28-millions-deuros-a-thomas-cook\/184040\/#article","isPartOf":{"@id":"https:\/\/www.webdo.tn\/fr\/actualite\/international\/lattaque-de-sousse-a-coute-28-millions-deuros-a-thomas-cook\/184040\/"},"author":{"name":"webdo.tn","@id":"https:\/\/www.webdo.tn\/fr\/#\/schema\/person\/9a9c6118d687c117df8ef3cc36a4d175"},"headline":"L\u2019attaque de Sousse a co\u00fbt\u00e9 28 millions d\u2019euros \u00e0 Thomas Cook","datePublished":"2015-07-30T13:20:00+00:00","dateModified":"2025-05-22T12:53:45+00:00","mainEntityOfPage":{"@id":"https:\/\/www.webdo.tn\/fr\/actualite\/international\/lattaque-de-sousse-a-coute-28-millions-deuros-a-thomas-cook\/184040\/"},"wordCount":139,"commentCount":0,"publisher":{"@id":"https:\/\/www.webdo.tn\/fr\/#organization"},"image":{"@id":"https:\/\/www.webdo.tn\/fr\/actualite\/international\/lattaque-de-sousse-a-coute-28-millions-deuros-a-thomas-cook\/184040\/#primaryimage"},"thumbnailUrl":"https:\/\/www.webdo.tn\/fr\/wp-content\/uploads\/2015\/07\/IMG_0045-300x200-1.jpg","articleSection":["International"],"inLanguage":"fr-FR"},{"@type":"WebPage","@id":"https:\/\/www.webdo.tn\/fr\/actualite\/international\/lattaque-de-sousse-a-coute-28-millions-deuros-a-thomas-cook\/184040\/","url":"https:\/\/www.webdo.tn\/fr\/actualite\/international\/lattaque-de-sousse-a-coute-28-millions-deuros-a-thomas-cook\/184040\/","name":"L\u2019attaque de Sousse a co\u00fbt\u00e9 28 millions d\u2019euros \u00e0 Thomas Cook","isPartOf":{"@id":"https:\/\/www.webdo.tn\/fr\/#website"},"primaryImageOfPage":{"@id":"https:\/\/www.webdo.tn\/fr\/actualite\/international\/lattaque-de-sousse-a-coute-28-millions-deuros-a-thomas-cook\/184040\/#primaryimage"},"image":{"@id":"https:\/\/www.webdo.tn\/fr\/actualite\/international\/lattaque-de-sousse-a-coute-28-millions-deuros-a-thomas-cook\/184040\/#primaryimage"},"thumbnailUrl":"https:\/\/www.webdo.tn\/fr\/wp-content\/uploads\/2015\/07\/IMG_0045-300x200-1.jpg","datePublished":"2015-07-30T13:20:00+00:00","dateModified":"2025-05-22T12:53:45+00:00","description":"L\u2019attaque de Sousse a co\u00fbt\u00e9 28 millions d\u2019euros \u00e0 Thomas Cook","breadcrumb":{"@id":"https:\/\/www.webdo.tn\/fr\/actualite\/international\/lattaque-de-sousse-a-coute-28-millions-deuros-a-thomas-cook\/184040\/#breadcrumb"},"inLanguage":"fr-FR","potentialAction":[{"@type":"ReadAction","target":["https:\/\/www.webdo.tn\/fr\/actualite\/international\/lattaque-de-sousse-a-coute-28-millions-deuros-a-thomas-cook\/184040\/"]}]},{"@type":"ImageObject","inLanguage":"fr-FR","@id":"https:\/\/www.webdo.tn\/fr\/actualite\/international\/lattaque-de-sousse-a-coute-28-millions-deuros-a-thomas-cook\/184040\/#primaryimage","url":"https:\/\/www.webdo.tn\/fr\/wp-content\/uploads\/2015\/07\/IMG_0045-300x200-1.jpg","contentUrl":"https:\/\/www.webdo.tn\/fr\/wp-content\/uploads\/2015\/07\/IMG_0045-300x200-1.jpg","width":300,"height":200,"caption":"L\u2019attaque de Sousse a co\u00fbt\u00e9 28 millions d\u2019euros \u00e0 Thomas Cook"},{"@type":"BreadcrumbList","@id":"https:\/\/www.webdo.tn\/fr\/actualite\/international\/lattaque-de-sousse-a-coute-28-millions-deuros-a-thomas-cook\/184040\/#breadcrumb","itemListElement":[{"@type":"ListItem","position":1,"name":"Accueil","item":"https:\/\/www.webdo.tn\/fr\/"},{"@type":"ListItem","position":2,"name":"L\u2019attaque de Sousse a co\u00fbt\u00e9 28 millions d\u2019euros \u00e0 Thomas Cook"}]},{"@type":"WebSite","@id":"https:\/\/www.webdo.tn\/fr\/#website","url":"https:\/\/www.webdo.tn\/fr\/","name":"webdo","description":"Tunisie - News en Tunisie et \u00e0 l&#039;international sur Webdo.tn","publisher":{"@id":"https:\/\/www.webdo.tn\/fr\/#organization"},"potentialAction":[{"@type":"SearchAction","target":{"@type":"EntryPoint","urlTemplate":"https:\/\/www.webdo.tn\/fr\/?s={search_term_string}"},"query-input":{"@type":"PropertyValueSpecification","valueRequired":true,"valueName":"search_term_string"}}],"inLanguage":"fr-FR"},{"@type":"Organization","@id":"https:\/\/www.webdo.tn\/fr\/#organization","name":"Webdo","alternateName":"Webdo.tn","url":"https:\/\/www.webdo.tn\/fr\/","logo":{"@type":"ImageObject","inLanguage":"fr-FR","@id":"https:\/\/www.webdo.tn\/fr\/#\/schema\/logo\/image\/","url":"https:\/\/www.webdo.tn\/fr\/wp-content\/uploads\/2025\/06\/Webdo-Tunisie_168377.jpg","contentUrl":"https:\/\/www.webdo.tn\/fr\/wp-content\/uploads\/2025\/06\/Webdo-Tunisie_168377.jpg","width":301,"height":301,"caption":"Webdo"},"image":{"@id":"https:\/\/www.webdo.tn\/fr\/#\/schema\/logo\/image\/"},"sameAs":["https:\/\/www.facebook.com\/webdotn","https:\/\/x.com\/webdo_tn"],"description":"Webdo est un m\u00e9dia num\u00e9rique tunisien fond\u00e9 en 2010, sp\u00e9cialis\u00e9 dans l\u2019actualit\u00e9 nationale et internationale, l\u2019\u00e9conomie, la soci\u00e9t\u00e9 et les analyses politiques. Le site s\u2019adresse \u00e0 un large public francophone et couvre l\u2019information tunisienne en temps r\u00e9el.","email":"redac@webdo.tn","legalName":"YNJ SARL","foundingDate":"2010-09-06","numberOfEmployees":{"@type":"QuantitativeValue","minValue":"11","maxValue":"50"}},{"@type":"Person","@id":"https:\/\/www.webdo.tn\/fr\/#\/schema\/person\/9a9c6118d687c117df8ef3cc36a4d175","name":"webdo.tn","image":{"@type":"ImageObject","inLanguage":"fr-FR","@id":"https:\/\/secure.gravatar.com\/avatar\/7ce1f28c0c3bbac99ff550b85ef8e44a6950c6ee24514fb6a5489e51d06f0298?s=96&d=mm&r=g","url":"https:\/\/secure.gravatar.com\/avatar\/7ce1f28c0c3bbac99ff550b85ef8e44a6950c6ee24514fb6a5489e51d06f0298?s=96&d=mm&r=g","contentUrl":"https:\/\/secure.gravatar.com\/avatar\/7ce1f28c0c3bbac99ff550b85ef8e44a6950c6ee24514fb6a5489e51d06f0298?s=96&d=mm&r=g","caption":"webdo.tn"},"url":"https:\/\/www.webdo.tn\/fr\/actualite\/author\/webdotn\/"}]}},"_links":{"self":[{"href":"https:\/\/www.webdo.tn\/fr\/wp-json\/wp\/v2\/posts\/184040","targetHints":{"allow":["GET"]}}],"collection":[{"href":"https:\/\/www.webdo.tn\/fr\/wp-json\/wp\/v2\/posts"}],"about":[{"href":"https:\/\/www.webdo.tn\/fr\/wp-json\/wp\/v2\/types\/post"}],"author":[{"embeddable":true,"href":"https:\/\/www.webdo.tn\/fr\/wp-json\/wp\/v2\/users\/3222"}],"replies":[{"embeddable":true,"href":"https:\/\/www.webdo.tn\/fr\/wp-json\/wp\/v2\/comments?post=184040"}],"version-history":[{"count":0,"href":"https:\/\/www.webdo.tn\/fr\/wp-json\/wp\/v2\/posts\/184040\/revisions"}],"wp:featuredmedia":[{"embeddable":true,"href":"https:\/\/www.webdo.tn\/fr\/wp-json\/wp\/v2\/media\/351933"}],"wp:attachment":[{"href":"https:\/\/www.webdo.tn\/fr\/wp-json\/wp\/v2\/media?parent=184040"}],"wp:term":[{"taxonomy":"category","embeddable":true,"href":"https:\/\/www.webdo.tn\/fr\/wp-json\/wp\/v2\/categories?post=184040"},{"taxonomy":"post_tag","embeddable":true,"href":"https:\/\/www.webdo.tn\/fr\/wp-json\/wp\/v2\/tags?post=184040"}],"curies":[{"name":"wp","href":"https:\/\/api.w.org\/{rel}","templated":true}]}}