{"id":184037,"date":"2015-08-01T15:42:00","date_gmt":"2015-08-01T15:42:00","guid":{"rendered":"https:\/\/www.webdo.tn\/fr\/blog\/la-mer-qui-nest-pas-vraiment-morte-risque-de-mourir-pour-de-bon\/184037\/"},"modified":"2015-08-01T15:42:00","modified_gmt":"2015-08-01T15:42:00","slug":"la-mer-qui-nest-pas-vraiment-morte-risque-de-mourir-pour-de-bon","status":"publish","type":"post","link":"https:\/\/www.webdo.tn\/fr\/actualite\/international\/la-mer-qui-nest-pas-vraiment-morte-risque-de-mourir-pour-de-bon\/184037\/","title":{"rendered":"La mer qui-n&rsquo;est-pas-vraiment-morte risque de mourir pour de bon!"},"content":{"rendered":"<p>La mer morte n&rsquo;est pas vraiment morte, d&rsquo;ailleurs ce n&rsquo;est m\u00eame pas vraiment une mer.\u00a0C&rsquo;est en fait\u00a0est un lac sal\u00e9 d\u2019une superficie\u00a0de 800 km\u00b2 environ, situ\u00e9 au\u00a0Proche-Orient, entre la Jordanie et la Palestine. Le paysage est surr\u00e9el, une \u00e9tendue d&rsquo;eau lisse qu\u2019aucune vague ne vient troubler en plein milieu d&rsquo;un d\u00e9sert de roches.<\/p>\n<p>Il n&rsquo;y a pas la moindre trace de vie animale ou v\u00e9g\u00e9tale. La concentration de\u00a0sel est tellement \u00e9lev\u00e9e (plus de 27\u2009%, alors que l\u2019eau de mer n&rsquo;en contient que\u00a02 \u00e0 4\u2009%) \u00a0qu\u2019aucune esp\u00e8ce ne peut y survivre. M\u00eame les\u00a0bateaux ne peuvent pas y naviguer, ils rouilleraient sur le champ!<\/p>\n<p>D&rsquo;ailleurs, on ne peut m\u00eame pas y nager, l\u2019eau est tellement sal\u00e9e qu&rsquo;on\u00a0flotte sans effort \u00e0 la surface.<\/p>\n<p>Selon la l\u00e9gende, Cl\u00e9op\u00e2tre\u00a0y\u00a0prenait des bains r\u00e9guliers. Elle devait savoir\u00a0que l&rsquo;eau\u00a0y est\u00a0exceptionnellement concentr\u00e9e en min\u00e9raux.<\/p>\n<p>Mais cette incroyable curiosit\u00e9 de la nature est menac\u00e9e de disparition \u00e0 cause de la surexploitation du lieu.<\/p>\n<p>Ses sources d\u2019eau naturelles, qui sont cens\u00e9es l&rsquo;alimenter, ont \u00e9t\u00e9 d\u00e9tourn\u00e9es afin de\u00a0fournir de l\u2019eau potable aux habitants de la r\u00e9gion et d&rsquo;irriguer\u00a0les cultures agricoles. Les op\u00e9rations mini\u00e8res y ont fait aussi \u00e9norm\u00e9ment de d\u00e9g\u00e2ts.<br \/>\nS.B<\/p>\n","protected":false},"excerpt":{"rendered":"<p>La mer qui-n&rsquo;est-pas-vraiment-morte risque de mourir pour de bon!<\/p>\n","protected":false},"author":3222,"featured_media":329623,"comment_status":"open","ping_status":"closed","sticky":false,"template":"","format":"standard","meta":{"footnotes":""},"categories":[2598],"tags":[2600],"class_list":["post-184037","post","type-post","status-publish","format-standard","has-post-thumbnail","hentry","category-international","tag-guerre"],"yoast_head":"<!-- This site is optimized with the Yoast SEO Premium plugin v27.5 (Yoast SEO v27.5) - https:\/\/yoast.com\/product\/yoast-seo-premium-wordpress\/ -->\n<title>La mer qui-n&#039;est-pas-vraiment-morte risque de mourir pour de bon!<\/title>\n<meta name=\"description\" content=\"La mer qui-n&#039;est-pas-vraiment-morte risque de mourir pour de bon!\" \/>\n<link rel=\"canonical\" href=\"https:\/\/www.webdo.tn\/fr\/actualite\/international\/la-mer-qui-nest-pas-vraiment-morte-risque-de-mourir-pour-de-bon\/184037\/\" \/>\n<meta property=\"og:locale\" content=\"fr_FR\" \/>\n<meta property=\"og:type\" content=\"article\" \/>\n<meta property=\"og:title\" content=\"La mer qui-n&#039;est-pas-vraiment-morte risque de mourir pour de bon!\" \/>\n<meta property=\"og:description\" content=\"La mer qui-n&#039;est-pas-vraiment-morte risque de mourir pour de bon!\" \/>\n<meta property=\"og:url\" content=\"https:\/\/www.webdo.tn\/fr\/actualite\/international\/la-mer-qui-nest-pas-vraiment-morte-risque-de-mourir-pour-de-bon\/184037\/\" \/>\n<meta property=\"og:site_name\" content=\"webdo\" \/>\n<meta property=\"article:publisher\" content=\"https:\/\/www.facebook.com\/webdotn\" \/>\n<meta property=\"article:published_time\" content=\"2015-08-01T15:42:00+00:00\" \/>\n<meta property=\"og:image\" content=\"https:\/\/www.webdo.tn\/fr\/wp-content\/uploads\/2015\/08\/mer-morte-1024x768-1.jpg\" \/>\n\t<meta property=\"og:image:width\" content=\"1024\" \/>\n\t<meta property=\"og:image:height\" content=\"768\" \/>\n\t<meta property=\"og:image:type\" content=\"image\/jpeg\" \/>\n<meta name=\"author\" content=\"webdo.tn\" \/>\n<meta name=\"twitter:card\" content=\"summary_large_image\" \/>\n<meta name=\"twitter:creator\" content=\"@webdo_tn\" \/>\n<meta name=\"twitter:site\" content=\"@webdo_tn\" \/>\n<meta name=\"twitter:label1\" content=\"\u00c9crit par\" \/>\n\t<meta name=\"twitter:data1\" content=\"webdo.tn\" \/>\n\t<meta name=\"twitter:label2\" content=\"Dur\u00e9e de lecture estim\u00e9e\" \/>\n\t<meta name=\"twitter:data2\" content=\"1 minute\" \/>\n<script type=\"application\/ld+json\" class=\"yoast-schema-graph\">{\"@context\":\"https:\\\/\\\/schema.org\",\"@graph\":[{\"@type\":\"NewsArticle\",\"@id\":\"https:\\\/\\\/www.webdo.tn\\\/fr\\\/actualite\\\/international\\\/la-mer-qui-nest-pas-vraiment-morte-risque-de-mourir-pour-de-bon\\\/184037\\\/#article\",\"isPartOf\":{\"@id\":\"https:\\\/\\\/www.webdo.tn\\\/fr\\\/actualite\\\/international\\\/la-mer-qui-nest-pas-vraiment-morte-risque-de-mourir-pour-de-bon\\\/184037\\\/\"},\"author\":{\"name\":\"webdo.tn\",\"@id\":\"https:\\\/\\\/www.webdo.tn\\\/fr\\\/#\\\/schema\\\/person\\\/9a9c6118d687c117df8ef3cc36a4d175\"},\"headline\":\"La mer qui-n&rsquo;est-pas-vraiment-morte risque de mourir pour de bon!\",\"datePublished\":\"2015-08-01T15:42:00+00:00\",\"mainEntityOfPage\":{\"@id\":\"https:\\\/\\\/www.webdo.tn\\\/fr\\\/actualite\\\/international\\\/la-mer-qui-nest-pas-vraiment-morte-risque-de-mourir-pour-de-bon\\\/184037\\\/\"},\"wordCount\":254,\"commentCount\":0,\"publisher\":{\"@id\":\"https:\\\/\\\/www.webdo.tn\\\/fr\\\/#organization\"},\"image\":{\"@id\":\"https:\\\/\\\/www.webdo.tn\\\/fr\\\/actualite\\\/international\\\/la-mer-qui-nest-pas-vraiment-morte-risque-de-mourir-pour-de-bon\\\/184037\\\/#primaryimage\"},\"thumbnailUrl\":\"https:\\\/\\\/www.webdo.tn\\\/fr\\\/wp-content\\\/uploads\\\/2015\\\/08\\\/mer-morte-1024x768-1.jpg\",\"keywords\":[\"guerre\"],\"articleSection\":[\"International\"],\"inLanguage\":\"fr-FR\"},{\"@type\":\"WebPage\",\"@id\":\"https:\\\/\\\/www.webdo.tn\\\/fr\\\/actualite\\\/international\\\/la-mer-qui-nest-pas-vraiment-morte-risque-de-mourir-pour-de-bon\\\/184037\\\/\",\"url\":\"https:\\\/\\\/www.webdo.tn\\\/fr\\\/actualite\\\/international\\\/la-mer-qui-nest-pas-vraiment-morte-risque-de-mourir-pour-de-bon\\\/184037\\\/\",\"name\":\"La mer qui-n'est-pas-vraiment-morte risque de mourir pour de bon!\",\"isPartOf\":{\"@id\":\"https:\\\/\\\/www.webdo.tn\\\/fr\\\/#website\"},\"primaryImageOfPage\":{\"@id\":\"https:\\\/\\\/www.webdo.tn\\\/fr\\\/actualite\\\/international\\\/la-mer-qui-nest-pas-vraiment-morte-risque-de-mourir-pour-de-bon\\\/184037\\\/#primaryimage\"},\"image\":{\"@id\":\"https:\\\/\\\/www.webdo.tn\\\/fr\\\/actualite\\\/international\\\/la-mer-qui-nest-pas-vraiment-morte-risque-de-mourir-pour-de-bon\\\/184037\\\/#primaryimage\"},\"thumbnailUrl\":\"https:\\\/\\\/www.webdo.tn\\\/fr\\\/wp-content\\\/uploads\\\/2015\\\/08\\\/mer-morte-1024x768-1.jpg\",\"datePublished\":\"2015-08-01T15:42:00+00:00\",\"description\":\"La mer qui-n'est-pas-vraiment-morte risque de mourir pour de bon!\",\"breadcrumb\":{\"@id\":\"https:\\\/\\\/www.webdo.tn\\\/fr\\\/actualite\\\/international\\\/la-mer-qui-nest-pas-vraiment-morte-risque-de-mourir-pour-de-bon\\\/184037\\\/#breadcrumb\"},\"inLanguage\":\"fr-FR\",\"potentialAction\":[{\"@type\":\"ReadAction\",\"target\":[\"https:\\\/\\\/www.webdo.tn\\\/fr\\\/actualite\\\/international\\\/la-mer-qui-nest-pas-vraiment-morte-risque-de-mourir-pour-de-bon\\\/184037\\\/\"]}]},{\"@type\":\"ImageObject\",\"inLanguage\":\"fr-FR\",\"@id\":\"https:\\\/\\\/www.webdo.tn\\\/fr\\\/actualite\\\/international\\\/la-mer-qui-nest-pas-vraiment-morte-risque-de-mourir-pour-de-bon\\\/184037\\\/#primaryimage\",\"url\":\"https:\\\/\\\/www.webdo.tn\\\/fr\\\/wp-content\\\/uploads\\\/2015\\\/08\\\/mer-morte-1024x768-1.jpg\",\"contentUrl\":\"https:\\\/\\\/www.webdo.tn\\\/fr\\\/wp-content\\\/uploads\\\/2015\\\/08\\\/mer-morte-1024x768-1.jpg\",\"width\":1024,\"height\":768,\"caption\":\"La mer qui-n'est-pas-vraiment-morte risque de mourir pour de bon!\"},{\"@type\":\"BreadcrumbList\",\"@id\":\"https:\\\/\\\/www.webdo.tn\\\/fr\\\/actualite\\\/international\\\/la-mer-qui-nest-pas-vraiment-morte-risque-de-mourir-pour-de-bon\\\/184037\\\/#breadcrumb\",\"itemListElement\":[{\"@type\":\"ListItem\",\"position\":1,\"name\":\"Accueil\",\"item\":\"https:\\\/\\\/www.webdo.tn\\\/fr\\\/\"},{\"@type\":\"ListItem\",\"position\":2,\"name\":\"La mer qui-n&rsquo;est-pas-vraiment-morte risque de mourir pour de bon!\"}]},{\"@type\":\"WebSite\",\"@id\":\"https:\\\/\\\/www.webdo.tn\\\/fr\\\/#website\",\"url\":\"https:\\\/\\\/www.webdo.tn\\\/fr\\\/\",\"name\":\"webdo\",\"description\":\"Tunisie - News en Tunisie et \u00e0 l&#039;international sur Webdo.tn\",\"publisher\":{\"@id\":\"https:\\\/\\\/www.webdo.tn\\\/fr\\\/#organization\"},\"potentialAction\":[{\"@type\":\"SearchAction\",\"target\":{\"@type\":\"EntryPoint\",\"urlTemplate\":\"https:\\\/\\\/www.webdo.tn\\\/fr\\\/?s={search_term_string}\"},\"query-input\":{\"@type\":\"PropertyValueSpecification\",\"valueRequired\":true,\"valueName\":\"search_term_string\"}}],\"inLanguage\":\"fr-FR\"},{\"@type\":\"Organization\",\"@id\":\"https:\\\/\\\/www.webdo.tn\\\/fr\\\/#organization\",\"name\":\"Webdo\",\"alternateName\":\"Webdo.tn\",\"url\":\"https:\\\/\\\/www.webdo.tn\\\/fr\\\/\",\"logo\":{\"@type\":\"ImageObject\",\"inLanguage\":\"fr-FR\",\"@id\":\"https:\\\/\\\/www.webdo.tn\\\/fr\\\/#\\\/schema\\\/logo\\\/image\\\/\",\"url\":\"https:\\\/\\\/www.webdo.tn\\\/fr\\\/wp-content\\\/uploads\\\/2025\\\/06\\\/Webdo-Tunisie_168377.jpg\",\"contentUrl\":\"https:\\\/\\\/www.webdo.tn\\\/fr\\\/wp-content\\\/uploads\\\/2025\\\/06\\\/Webdo-Tunisie_168377.jpg\",\"width\":301,\"height\":301,\"caption\":\"Webdo\"},\"image\":{\"@id\":\"https:\\\/\\\/www.webdo.tn\\\/fr\\\/#\\\/schema\\\/logo\\\/image\\\/\"},\"sameAs\":[\"https:\\\/\\\/www.facebook.com\\\/webdotn\",\"https:\\\/\\\/x.com\\\/webdo_tn\"],\"description\":\"Webdo est un m\u00e9dia num\u00e9rique tunisien fond\u00e9 en 2010, sp\u00e9cialis\u00e9 dans l\u2019actualit\u00e9 nationale et internationale, l\u2019\u00e9conomie, la soci\u00e9t\u00e9 et les analyses politiques. Le site s\u2019adresse \u00e0 un large public francophone et couvre l\u2019information tunisienne en temps r\u00e9el.\",\"email\":\"redac@webdo.tn\",\"legalName\":\"YNJ SARL\",\"foundingDate\":\"2010-09-06\",\"numberOfEmployees\":{\"@type\":\"QuantitativeValue\",\"minValue\":\"11\",\"maxValue\":\"50\"}},{\"@type\":\"Person\",\"@id\":\"https:\\\/\\\/www.webdo.tn\\\/fr\\\/#\\\/schema\\\/person\\\/9a9c6118d687c117df8ef3cc36a4d175\",\"name\":\"webdo.tn\",\"image\":{\"@type\":\"ImageObject\",\"inLanguage\":\"fr-FR\",\"@id\":\"https:\\\/\\\/secure.gravatar.com\\\/avatar\\\/7ce1f28c0c3bbac99ff550b85ef8e44a6950c6ee24514fb6a5489e51d06f0298?s=96&d=mm&r=g\",\"url\":\"https:\\\/\\\/secure.gravatar.com\\\/avatar\\\/7ce1f28c0c3bbac99ff550b85ef8e44a6950c6ee24514fb6a5489e51d06f0298?s=96&d=mm&r=g\",\"contentUrl\":\"https:\\\/\\\/secure.gravatar.com\\\/avatar\\\/7ce1f28c0c3bbac99ff550b85ef8e44a6950c6ee24514fb6a5489e51d06f0298?s=96&d=mm&r=g\",\"caption\":\"webdo.tn\"},\"url\":\"https:\\\/\\\/www.webdo.tn\\\/fr\\\/actualite\\\/author\\\/webdotn\\\/\"}]}<\/script>\n<!-- \/ Yoast SEO Premium plugin. -->","yoast_head_json":{"title":"La mer qui-n'est-pas-vraiment-morte risque de mourir pour de bon!","description":"La mer qui-n'est-pas-vraiment-morte risque de mourir pour de bon!","canonical":"https:\/\/www.webdo.tn\/fr\/actualite\/international\/la-mer-qui-nest-pas-vraiment-morte-risque-de-mourir-pour-de-bon\/184037\/","og_locale":"fr_FR","og_type":"article","og_title":"La mer qui-n'est-pas-vraiment-morte risque de mourir pour de bon!","og_description":"La mer qui-n'est-pas-vraiment-morte risque de mourir pour de bon!","og_url":"https:\/\/www.webdo.tn\/fr\/actualite\/international\/la-mer-qui-nest-pas-vraiment-morte-risque-de-mourir-pour-de-bon\/184037\/","og_site_name":"webdo","article_publisher":"https:\/\/www.facebook.com\/webdotn","article_published_time":"2015-08-01T15:42:00+00:00","og_image":[{"width":1024,"height":768,"url":"https:\/\/www.webdo.tn\/fr\/wp-content\/uploads\/2015\/08\/mer-morte-1024x768-1.jpg","type":"image\/jpeg"}],"author":"webdo.tn","twitter_card":"summary_large_image","twitter_creator":"@webdo_tn","twitter_site":"@webdo_tn","twitter_misc":{"\u00c9crit par":"webdo.tn","Dur\u00e9e de lecture estim\u00e9e":"1 minute"},"schema":{"@context":"https:\/\/schema.org","@graph":[{"@type":"NewsArticle","@id":"https:\/\/www.webdo.tn\/fr\/actualite\/international\/la-mer-qui-nest-pas-vraiment-morte-risque-de-mourir-pour-de-bon\/184037\/#article","isPartOf":{"@id":"https:\/\/www.webdo.tn\/fr\/actualite\/international\/la-mer-qui-nest-pas-vraiment-morte-risque-de-mourir-pour-de-bon\/184037\/"},"author":{"name":"webdo.tn","@id":"https:\/\/www.webdo.tn\/fr\/#\/schema\/person\/9a9c6118d687c117df8ef3cc36a4d175"},"headline":"La mer qui-n&rsquo;est-pas-vraiment-morte risque de mourir pour de bon!","datePublished":"2015-08-01T15:42:00+00:00","mainEntityOfPage":{"@id":"https:\/\/www.webdo.tn\/fr\/actualite\/international\/la-mer-qui-nest-pas-vraiment-morte-risque-de-mourir-pour-de-bon\/184037\/"},"wordCount":254,"commentCount":0,"publisher":{"@id":"https:\/\/www.webdo.tn\/fr\/#organization"},"image":{"@id":"https:\/\/www.webdo.tn\/fr\/actualite\/international\/la-mer-qui-nest-pas-vraiment-morte-risque-de-mourir-pour-de-bon\/184037\/#primaryimage"},"thumbnailUrl":"https:\/\/www.webdo.tn\/fr\/wp-content\/uploads\/2015\/08\/mer-morte-1024x768-1.jpg","keywords":["guerre"],"articleSection":["International"],"inLanguage":"fr-FR"},{"@type":"WebPage","@id":"https:\/\/www.webdo.tn\/fr\/actualite\/international\/la-mer-qui-nest-pas-vraiment-morte-risque-de-mourir-pour-de-bon\/184037\/","url":"https:\/\/www.webdo.tn\/fr\/actualite\/international\/la-mer-qui-nest-pas-vraiment-morte-risque-de-mourir-pour-de-bon\/184037\/","name":"La mer qui-n'est-pas-vraiment-morte risque de mourir pour de bon!","isPartOf":{"@id":"https:\/\/www.webdo.tn\/fr\/#website"},"primaryImageOfPage":{"@id":"https:\/\/www.webdo.tn\/fr\/actualite\/international\/la-mer-qui-nest-pas-vraiment-morte-risque-de-mourir-pour-de-bon\/184037\/#primaryimage"},"image":{"@id":"https:\/\/www.webdo.tn\/fr\/actualite\/international\/la-mer-qui-nest-pas-vraiment-morte-risque-de-mourir-pour-de-bon\/184037\/#primaryimage"},"thumbnailUrl":"https:\/\/www.webdo.tn\/fr\/wp-content\/uploads\/2015\/08\/mer-morte-1024x768-1.jpg","datePublished":"2015-08-01T15:42:00+00:00","description":"La mer qui-n'est-pas-vraiment-morte risque de mourir pour de bon!","breadcrumb":{"@id":"https:\/\/www.webdo.tn\/fr\/actualite\/international\/la-mer-qui-nest-pas-vraiment-morte-risque-de-mourir-pour-de-bon\/184037\/#breadcrumb"},"inLanguage":"fr-FR","potentialAction":[{"@type":"ReadAction","target":["https:\/\/www.webdo.tn\/fr\/actualite\/international\/la-mer-qui-nest-pas-vraiment-morte-risque-de-mourir-pour-de-bon\/184037\/"]}]},{"@type":"ImageObject","inLanguage":"fr-FR","@id":"https:\/\/www.webdo.tn\/fr\/actualite\/international\/la-mer-qui-nest-pas-vraiment-morte-risque-de-mourir-pour-de-bon\/184037\/#primaryimage","url":"https:\/\/www.webdo.tn\/fr\/wp-content\/uploads\/2015\/08\/mer-morte-1024x768-1.jpg","contentUrl":"https:\/\/www.webdo.tn\/fr\/wp-content\/uploads\/2015\/08\/mer-morte-1024x768-1.jpg","width":1024,"height":768,"caption":"La mer qui-n'est-pas-vraiment-morte risque de mourir pour de bon!"},{"@type":"BreadcrumbList","@id":"https:\/\/www.webdo.tn\/fr\/actualite\/international\/la-mer-qui-nest-pas-vraiment-morte-risque-de-mourir-pour-de-bon\/184037\/#breadcrumb","itemListElement":[{"@type":"ListItem","position":1,"name":"Accueil","item":"https:\/\/www.webdo.tn\/fr\/"},{"@type":"ListItem","position":2,"name":"La mer qui-n&rsquo;est-pas-vraiment-morte risque de mourir pour de bon!"}]},{"@type":"WebSite","@id":"https:\/\/www.webdo.tn\/fr\/#website","url":"https:\/\/www.webdo.tn\/fr\/","name":"webdo","description":"Tunisie - News en Tunisie et \u00e0 l&#039;international sur Webdo.tn","publisher":{"@id":"https:\/\/www.webdo.tn\/fr\/#organization"},"potentialAction":[{"@type":"SearchAction","target":{"@type":"EntryPoint","urlTemplate":"https:\/\/www.webdo.tn\/fr\/?s={search_term_string}"},"query-input":{"@type":"PropertyValueSpecification","valueRequired":true,"valueName":"search_term_string"}}],"inLanguage":"fr-FR"},{"@type":"Organization","@id":"https:\/\/www.webdo.tn\/fr\/#organization","name":"Webdo","alternateName":"Webdo.tn","url":"https:\/\/www.webdo.tn\/fr\/","logo":{"@type":"ImageObject","inLanguage":"fr-FR","@id":"https:\/\/www.webdo.tn\/fr\/#\/schema\/logo\/image\/","url":"https:\/\/www.webdo.tn\/fr\/wp-content\/uploads\/2025\/06\/Webdo-Tunisie_168377.jpg","contentUrl":"https:\/\/www.webdo.tn\/fr\/wp-content\/uploads\/2025\/06\/Webdo-Tunisie_168377.jpg","width":301,"height":301,"caption":"Webdo"},"image":{"@id":"https:\/\/www.webdo.tn\/fr\/#\/schema\/logo\/image\/"},"sameAs":["https:\/\/www.facebook.com\/webdotn","https:\/\/x.com\/webdo_tn"],"description":"Webdo est un m\u00e9dia num\u00e9rique tunisien fond\u00e9 en 2010, sp\u00e9cialis\u00e9 dans l\u2019actualit\u00e9 nationale et internationale, l\u2019\u00e9conomie, la soci\u00e9t\u00e9 et les analyses politiques. Le site s\u2019adresse \u00e0 un large public francophone et couvre l\u2019information tunisienne en temps r\u00e9el.","email":"redac@webdo.tn","legalName":"YNJ SARL","foundingDate":"2010-09-06","numberOfEmployees":{"@type":"QuantitativeValue","minValue":"11","maxValue":"50"}},{"@type":"Person","@id":"https:\/\/www.webdo.tn\/fr\/#\/schema\/person\/9a9c6118d687c117df8ef3cc36a4d175","name":"webdo.tn","image":{"@type":"ImageObject","inLanguage":"fr-FR","@id":"https:\/\/secure.gravatar.com\/avatar\/7ce1f28c0c3bbac99ff550b85ef8e44a6950c6ee24514fb6a5489e51d06f0298?s=96&d=mm&r=g","url":"https:\/\/secure.gravatar.com\/avatar\/7ce1f28c0c3bbac99ff550b85ef8e44a6950c6ee24514fb6a5489e51d06f0298?s=96&d=mm&r=g","contentUrl":"https:\/\/secure.gravatar.com\/avatar\/7ce1f28c0c3bbac99ff550b85ef8e44a6950c6ee24514fb6a5489e51d06f0298?s=96&d=mm&r=g","caption":"webdo.tn"},"url":"https:\/\/www.webdo.tn\/fr\/actualite\/author\/webdotn\/"}]}},"_links":{"self":[{"href":"https:\/\/www.webdo.tn\/fr\/wp-json\/wp\/v2\/posts\/184037","targetHints":{"allow":["GET"]}}],"collection":[{"href":"https:\/\/www.webdo.tn\/fr\/wp-json\/wp\/v2\/posts"}],"about":[{"href":"https:\/\/www.webdo.tn\/fr\/wp-json\/wp\/v2\/types\/post"}],"author":[{"embeddable":true,"href":"https:\/\/www.webdo.tn\/fr\/wp-json\/wp\/v2\/users\/3222"}],"replies":[{"embeddable":true,"href":"https:\/\/www.webdo.tn\/fr\/wp-json\/wp\/v2\/comments?post=184037"}],"version-history":[{"count":0,"href":"https:\/\/www.webdo.tn\/fr\/wp-json\/wp\/v2\/posts\/184037\/revisions"}],"wp:featuredmedia":[{"embeddable":true,"href":"https:\/\/www.webdo.tn\/fr\/wp-json\/wp\/v2\/media\/329623"}],"wp:attachment":[{"href":"https:\/\/www.webdo.tn\/fr\/wp-json\/wp\/v2\/media?parent=184037"}],"wp:term":[{"taxonomy":"category","embeddable":true,"href":"https:\/\/www.webdo.tn\/fr\/wp-json\/wp\/v2\/categories?post=184037"},{"taxonomy":"post_tag","embeddable":true,"href":"https:\/\/www.webdo.tn\/fr\/wp-json\/wp\/v2\/tags?post=184037"}],"curies":[{"name":"wp","href":"https:\/\/api.w.org\/{rel}","templated":true}]}}