{"id":184035,"date":"2015-08-04T10:52:00","date_gmt":"2015-08-04T10:52:00","guid":{"rendered":"https:\/\/www.webdo.tn\/fr\/blog\/libye-saadi-kadhafi-victime-de-violences-physiques-en-prison\/184035\/"},"modified":"2025-05-19T10:10:45","modified_gmt":"2025-05-19T10:10:45","slug":"libye-saadi-kadhafi-victime-de-violences-physiques-en-prison","status":"publish","type":"post","link":"https:\/\/www.webdo.tn\/fr\/actualite\/international\/libye-saadi-kadhafi-victime-de-violences-physiques-en-prison\/184035\/","title":{"rendered":"Libye : Saadi Kadhafi victime de violences physiques en prison"},"content":{"rendered":"<p>La justice libyenne a annonc\u00e9, lundi 3 ao\u00fbt, l\u2019ouverture d\u2019une enqu\u00eate concernant des violences physiques dont aurait \u00e9t\u00e9 victime l&rsquo;un des fils de Mouammar Kadhafi, Saadi.<\/p>\n<p>Dans une vid\u00e9o de 9 minutes mise en ligne par Al Wasat, on peut voir \u00ab\u00a0des personnes non identifi\u00e9es\u00a0\u00bb, selon le parquet de Tripoli, en train de frapper Saadi Kadhafi dans sa prison \u00e0 Tripoli.<\/p>\n<p>Dans cette vid\u00e9o, le fils de Kadhafi re\u00e7oit des coups violents sur la figure et sur la plante des pieds pendant son interrogatoire alors que ses pieds sont ligot\u00e9s.<\/p>\n<p>Il a \u00e9t\u00e9 \u00e9galement contraint, toujours selon les images de la vid\u00e9o, d\u2019\u00e9couter les hurlements d\u2019autres prisonniers battus devant la chambre o\u00f9 il est d\u00e9tenu.<\/p>\n<p>M\u00eame si l\u2019authenticit\u00e9 de cette vid\u00e9o ne peut pas \u00eatre v\u00e9rifi\u00e9e, le procureur g\u00e9n\u00e9ral de Tripoli a ordonn\u00e9 d\u2019enqu\u00eater pour identifier les gardiens que l\u2019on voit sur les images.<\/p>\n<p>Melinda Taylor, son avocate a estim\u00e9 que cette vid\u00e9o constitue \u00ables preuves d&rsquo;un crime international, de torture et de traitements inhumains\u00bb.<\/p>\n<p>Pour Joe Stork, directeur adjoint de Human Rights Watch au Moyen-Orient et en Afrique du Nord, la vid\u00e9o soul\u00e8ve \u00abde s\u00e9rieuses pr\u00e9occupations au sujet des m\u00e9thodes utilis\u00e9es pour interroger Saadi Kadhafi et d&rsquo;autres d\u00e9tenus \u00e0 la prison d&rsquo;al-Hadba\u00bb.<\/p>\n<p>Video shows the beating of Saadi #Gaddafi&rsquo;s in #Tripoli jail. #Libya http:\/\/t.co\/6dWOtVSbJw pic.twitter.com\/kMDr7wuS3W<br \/>\n\u2014 Alwasat (@alwasatengnews) 3 Ao\u00fbt 2015<\/p>\n<p>Le fils de Kadhafi avait fui la Libye en 2011 avant de se retrouver assign\u00e9 \u00e0 r\u00e9sidence \u00e0 Niamey avant que le Niger ne d\u00e9cide de l\u2019extrader en Libye le 6 mars 2014. Depuis, il est maintenu en d\u00e9tention provisoire.<\/p>\n<p>Il est notamment accus\u00e9 du meurtre pr\u00e9sum\u00e9 d&rsquo;un joueur de football alors qu&rsquo;il \u00e9tait \u00e0 la t\u00eate de la F\u00e9d\u00e9ration Libyenne de Football, ainsi que d&rsquo;autres crimes.<\/p>\n<p>La vid\u00e9o fait suite \u00e0 la condamnation, la semaine derni\u00e8re, de 32 anciens dirigeants libyens dont 9 ont \u00e9t\u00e9 condamn\u00e9s \u00e0 mort et 23 \u00e0 des peines allant de 5 ans de prison \u00e0 la perp\u00e9tuit\u00e9. Parmi les condamn\u00e9s \u00e0 mort figure un autre fils de Mouammar Kadhafi, Saif al-Islam.<\/p>\n","protected":false},"excerpt":{"rendered":"<p>Libye : Saadi Kadhafi victime de violences physiques en prison<\/p>\n","protected":false},"author":3222,"featured_media":317612,"comment_status":"open","ping_status":"closed","sticky":false,"template":"","format":"standard","meta":{"footnotes":""},"categories":[2598],"tags":[2600],"class_list":["post-184035","post","type-post","status-publish","format-standard","has-post-thumbnail","hentry","category-international","tag-guerre"],"yoast_head":"<!-- This site is optimized with the Yoast SEO Premium plugin v27.5 (Yoast SEO v27.5) - https:\/\/yoast.com\/product\/yoast-seo-premium-wordpress\/ -->\n<title>Libye : Saadi Kadhafi victime de violences physiques en prison<\/title>\n<meta name=\"description\" content=\"Libye : Saadi Kadhafi victime de violences physiques en prison\" \/>\n<link rel=\"canonical\" href=\"https:\/\/www.webdo.tn\/fr\/actualite\/international\/libye-saadi-kadhafi-victime-de-violences-physiques-en-prison\/184035\/\" \/>\n<meta property=\"og:locale\" content=\"fr_FR\" \/>\n<meta property=\"og:type\" content=\"article\" \/>\n<meta property=\"og:title\" content=\"Libye : Saadi Kadhafi victime de violences physiques en prison\" \/>\n<meta property=\"og:description\" content=\"Libye : Saadi Kadhafi victime de violences physiques en prison\" \/>\n<meta property=\"og:url\" content=\"https:\/\/www.webdo.tn\/fr\/actualite\/international\/libye-saadi-kadhafi-victime-de-violences-physiques-en-prison\/184035\/\" \/>\n<meta property=\"og:site_name\" content=\"webdo\" \/>\n<meta property=\"article:publisher\" content=\"https:\/\/www.facebook.com\/webdotn\" \/>\n<meta property=\"article:published_time\" content=\"2015-08-04T10:52:00+00:00\" \/>\n<meta property=\"article:modified_time\" content=\"2025-05-19T10:10:45+00:00\" \/>\n<meta property=\"og:image\" content=\"https:\/\/www.webdo.tn\/fr\/wp-content\/uploads\/2015\/08\/webdo_default-7.jpg\" \/>\n\t<meta property=\"og:image:width\" content=\"800\" \/>\n\t<meta property=\"og:image:height\" content=\"500\" \/>\n\t<meta property=\"og:image:type\" content=\"image\/jpeg\" \/>\n<meta name=\"author\" content=\"webdo.tn\" \/>\n<meta name=\"twitter:card\" content=\"summary_large_image\" \/>\n<meta name=\"twitter:creator\" content=\"@webdo_tn\" \/>\n<meta name=\"twitter:site\" content=\"@webdo_tn\" \/>\n<meta name=\"twitter:label1\" content=\"\u00c9crit par\" \/>\n\t<meta name=\"twitter:data1\" content=\"webdo.tn\" \/>\n\t<meta name=\"twitter:label2\" content=\"Dur\u00e9e de lecture estim\u00e9e\" \/>\n\t<meta name=\"twitter:data2\" content=\"2 minutes\" \/>\n<script type=\"application\/ld+json\" class=\"yoast-schema-graph\">{\"@context\":\"https:\\\/\\\/schema.org\",\"@graph\":[{\"@type\":\"NewsArticle\",\"@id\":\"https:\\\/\\\/www.webdo.tn\\\/fr\\\/actualite\\\/international\\\/libye-saadi-kadhafi-victime-de-violences-physiques-en-prison\\\/184035\\\/#article\",\"isPartOf\":{\"@id\":\"https:\\\/\\\/www.webdo.tn\\\/fr\\\/actualite\\\/international\\\/libye-saadi-kadhafi-victime-de-violences-physiques-en-prison\\\/184035\\\/\"},\"author\":{\"name\":\"webdo.tn\",\"@id\":\"https:\\\/\\\/www.webdo.tn\\\/fr\\\/#\\\/schema\\\/person\\\/9a9c6118d687c117df8ef3cc36a4d175\"},\"headline\":\"Libye : Saadi Kadhafi victime de violences physiques en prison\",\"datePublished\":\"2015-08-04T10:52:00+00:00\",\"dateModified\":\"2025-05-19T10:10:45+00:00\",\"mainEntityOfPage\":{\"@id\":\"https:\\\/\\\/www.webdo.tn\\\/fr\\\/actualite\\\/international\\\/libye-saadi-kadhafi-victime-de-violences-physiques-en-prison\\\/184035\\\/\"},\"wordCount\":387,\"commentCount\":0,\"publisher\":{\"@id\":\"https:\\\/\\\/www.webdo.tn\\\/fr\\\/#organization\"},\"image\":{\"@id\":\"https:\\\/\\\/www.webdo.tn\\\/fr\\\/actualite\\\/international\\\/libye-saadi-kadhafi-victime-de-violences-physiques-en-prison\\\/184035\\\/#primaryimage\"},\"thumbnailUrl\":\"https:\\\/\\\/www.webdo.tn\\\/fr\\\/wp-content\\\/uploads\\\/2015\\\/08\\\/webdo_default-7.jpg\",\"keywords\":[\"guerre\"],\"articleSection\":[\"International\"],\"inLanguage\":\"fr-FR\"},{\"@type\":\"WebPage\",\"@id\":\"https:\\\/\\\/www.webdo.tn\\\/fr\\\/actualite\\\/international\\\/libye-saadi-kadhafi-victime-de-violences-physiques-en-prison\\\/184035\\\/\",\"url\":\"https:\\\/\\\/www.webdo.tn\\\/fr\\\/actualite\\\/international\\\/libye-saadi-kadhafi-victime-de-violences-physiques-en-prison\\\/184035\\\/\",\"name\":\"Libye : Saadi Kadhafi victime de violences physiques en prison\",\"isPartOf\":{\"@id\":\"https:\\\/\\\/www.webdo.tn\\\/fr\\\/#website\"},\"primaryImageOfPage\":{\"@id\":\"https:\\\/\\\/www.webdo.tn\\\/fr\\\/actualite\\\/international\\\/libye-saadi-kadhafi-victime-de-violences-physiques-en-prison\\\/184035\\\/#primaryimage\"},\"image\":{\"@id\":\"https:\\\/\\\/www.webdo.tn\\\/fr\\\/actualite\\\/international\\\/libye-saadi-kadhafi-victime-de-violences-physiques-en-prison\\\/184035\\\/#primaryimage\"},\"thumbnailUrl\":\"https:\\\/\\\/www.webdo.tn\\\/fr\\\/wp-content\\\/uploads\\\/2015\\\/08\\\/webdo_default-7.jpg\",\"datePublished\":\"2015-08-04T10:52:00+00:00\",\"dateModified\":\"2025-05-19T10:10:45+00:00\",\"description\":\"Libye : Saadi Kadhafi victime de violences physiques en prison\",\"breadcrumb\":{\"@id\":\"https:\\\/\\\/www.webdo.tn\\\/fr\\\/actualite\\\/international\\\/libye-saadi-kadhafi-victime-de-violences-physiques-en-prison\\\/184035\\\/#breadcrumb\"},\"inLanguage\":\"fr-FR\",\"potentialAction\":[{\"@type\":\"ReadAction\",\"target\":[\"https:\\\/\\\/www.webdo.tn\\\/fr\\\/actualite\\\/international\\\/libye-saadi-kadhafi-victime-de-violences-physiques-en-prison\\\/184035\\\/\"]}]},{\"@type\":\"ImageObject\",\"inLanguage\":\"fr-FR\",\"@id\":\"https:\\\/\\\/www.webdo.tn\\\/fr\\\/actualite\\\/international\\\/libye-saadi-kadhafi-victime-de-violences-physiques-en-prison\\\/184035\\\/#primaryimage\",\"url\":\"https:\\\/\\\/www.webdo.tn\\\/fr\\\/wp-content\\\/uploads\\\/2015\\\/08\\\/webdo_default-7.jpg\",\"contentUrl\":\"https:\\\/\\\/www.webdo.tn\\\/fr\\\/wp-content\\\/uploads\\\/2015\\\/08\\\/webdo_default-7.jpg\",\"width\":800,\"height\":500,\"caption\":\"Libye : Saadi Kadhafi victime de violences physiques en prison\"},{\"@type\":\"BreadcrumbList\",\"@id\":\"https:\\\/\\\/www.webdo.tn\\\/fr\\\/actualite\\\/international\\\/libye-saadi-kadhafi-victime-de-violences-physiques-en-prison\\\/184035\\\/#breadcrumb\",\"itemListElement\":[{\"@type\":\"ListItem\",\"position\":1,\"name\":\"Accueil\",\"item\":\"https:\\\/\\\/www.webdo.tn\\\/fr\\\/\"},{\"@type\":\"ListItem\",\"position\":2,\"name\":\"Libye : Saadi Kadhafi victime de violences physiques en prison\"}]},{\"@type\":\"WebSite\",\"@id\":\"https:\\\/\\\/www.webdo.tn\\\/fr\\\/#website\",\"url\":\"https:\\\/\\\/www.webdo.tn\\\/fr\\\/\",\"name\":\"webdo\",\"description\":\"Tunisie - News en Tunisie et \u00e0 l&#039;international sur Webdo.tn\",\"publisher\":{\"@id\":\"https:\\\/\\\/www.webdo.tn\\\/fr\\\/#organization\"},\"potentialAction\":[{\"@type\":\"SearchAction\",\"target\":{\"@type\":\"EntryPoint\",\"urlTemplate\":\"https:\\\/\\\/www.webdo.tn\\\/fr\\\/?s={search_term_string}\"},\"query-input\":{\"@type\":\"PropertyValueSpecification\",\"valueRequired\":true,\"valueName\":\"search_term_string\"}}],\"inLanguage\":\"fr-FR\"},{\"@type\":\"Organization\",\"@id\":\"https:\\\/\\\/www.webdo.tn\\\/fr\\\/#organization\",\"name\":\"Webdo\",\"alternateName\":\"Webdo.tn\",\"url\":\"https:\\\/\\\/www.webdo.tn\\\/fr\\\/\",\"logo\":{\"@type\":\"ImageObject\",\"inLanguage\":\"fr-FR\",\"@id\":\"https:\\\/\\\/www.webdo.tn\\\/fr\\\/#\\\/schema\\\/logo\\\/image\\\/\",\"url\":\"https:\\\/\\\/www.webdo.tn\\\/fr\\\/wp-content\\\/uploads\\\/2025\\\/06\\\/Webdo-Tunisie_168377.jpg\",\"contentUrl\":\"https:\\\/\\\/www.webdo.tn\\\/fr\\\/wp-content\\\/uploads\\\/2025\\\/06\\\/Webdo-Tunisie_168377.jpg\",\"width\":301,\"height\":301,\"caption\":\"Webdo\"},\"image\":{\"@id\":\"https:\\\/\\\/www.webdo.tn\\\/fr\\\/#\\\/schema\\\/logo\\\/image\\\/\"},\"sameAs\":[\"https:\\\/\\\/www.facebook.com\\\/webdotn\",\"https:\\\/\\\/x.com\\\/webdo_tn\"],\"description\":\"Webdo est un m\u00e9dia num\u00e9rique tunisien fond\u00e9 en 2010, sp\u00e9cialis\u00e9 dans l\u2019actualit\u00e9 nationale et internationale, l\u2019\u00e9conomie, la soci\u00e9t\u00e9 et les analyses politiques. Le site s\u2019adresse \u00e0 un large public francophone et couvre l\u2019information tunisienne en temps r\u00e9el.\",\"email\":\"redac@webdo.tn\",\"legalName\":\"YNJ SARL\",\"foundingDate\":\"2010-09-06\",\"numberOfEmployees\":{\"@type\":\"QuantitativeValue\",\"minValue\":\"11\",\"maxValue\":\"50\"}},{\"@type\":\"Person\",\"@id\":\"https:\\\/\\\/www.webdo.tn\\\/fr\\\/#\\\/schema\\\/person\\\/9a9c6118d687c117df8ef3cc36a4d175\",\"name\":\"webdo.tn\",\"image\":{\"@type\":\"ImageObject\",\"inLanguage\":\"fr-FR\",\"@id\":\"https:\\\/\\\/secure.gravatar.com\\\/avatar\\\/7ce1f28c0c3bbac99ff550b85ef8e44a6950c6ee24514fb6a5489e51d06f0298?s=96&d=mm&r=g\",\"url\":\"https:\\\/\\\/secure.gravatar.com\\\/avatar\\\/7ce1f28c0c3bbac99ff550b85ef8e44a6950c6ee24514fb6a5489e51d06f0298?s=96&d=mm&r=g\",\"contentUrl\":\"https:\\\/\\\/secure.gravatar.com\\\/avatar\\\/7ce1f28c0c3bbac99ff550b85ef8e44a6950c6ee24514fb6a5489e51d06f0298?s=96&d=mm&r=g\",\"caption\":\"webdo.tn\"},\"url\":\"https:\\\/\\\/www.webdo.tn\\\/fr\\\/actualite\\\/author\\\/webdotn\\\/\"}]}<\/script>\n<!-- \/ Yoast SEO Premium plugin. -->","yoast_head_json":{"title":"Libye : Saadi Kadhafi victime de violences physiques en prison","description":"Libye : Saadi Kadhafi victime de violences physiques en prison","canonical":"https:\/\/www.webdo.tn\/fr\/actualite\/international\/libye-saadi-kadhafi-victime-de-violences-physiques-en-prison\/184035\/","og_locale":"fr_FR","og_type":"article","og_title":"Libye : Saadi Kadhafi victime de violences physiques en prison","og_description":"Libye : Saadi Kadhafi victime de violences physiques en prison","og_url":"https:\/\/www.webdo.tn\/fr\/actualite\/international\/libye-saadi-kadhafi-victime-de-violences-physiques-en-prison\/184035\/","og_site_name":"webdo","article_publisher":"https:\/\/www.facebook.com\/webdotn","article_published_time":"2015-08-04T10:52:00+00:00","article_modified_time":"2025-05-19T10:10:45+00:00","og_image":[{"width":800,"height":500,"url":"https:\/\/www.webdo.tn\/fr\/wp-content\/uploads\/2015\/08\/webdo_default-7.jpg","type":"image\/jpeg"}],"author":"webdo.tn","twitter_card":"summary_large_image","twitter_creator":"@webdo_tn","twitter_site":"@webdo_tn","twitter_misc":{"\u00c9crit par":"webdo.tn","Dur\u00e9e de lecture estim\u00e9e":"2 minutes"},"schema":{"@context":"https:\/\/schema.org","@graph":[{"@type":"NewsArticle","@id":"https:\/\/www.webdo.tn\/fr\/actualite\/international\/libye-saadi-kadhafi-victime-de-violences-physiques-en-prison\/184035\/#article","isPartOf":{"@id":"https:\/\/www.webdo.tn\/fr\/actualite\/international\/libye-saadi-kadhafi-victime-de-violences-physiques-en-prison\/184035\/"},"author":{"name":"webdo.tn","@id":"https:\/\/www.webdo.tn\/fr\/#\/schema\/person\/9a9c6118d687c117df8ef3cc36a4d175"},"headline":"Libye : Saadi Kadhafi victime de violences physiques en prison","datePublished":"2015-08-04T10:52:00+00:00","dateModified":"2025-05-19T10:10:45+00:00","mainEntityOfPage":{"@id":"https:\/\/www.webdo.tn\/fr\/actualite\/international\/libye-saadi-kadhafi-victime-de-violences-physiques-en-prison\/184035\/"},"wordCount":387,"commentCount":0,"publisher":{"@id":"https:\/\/www.webdo.tn\/fr\/#organization"},"image":{"@id":"https:\/\/www.webdo.tn\/fr\/actualite\/international\/libye-saadi-kadhafi-victime-de-violences-physiques-en-prison\/184035\/#primaryimage"},"thumbnailUrl":"https:\/\/www.webdo.tn\/fr\/wp-content\/uploads\/2015\/08\/webdo_default-7.jpg","keywords":["guerre"],"articleSection":["International"],"inLanguage":"fr-FR"},{"@type":"WebPage","@id":"https:\/\/www.webdo.tn\/fr\/actualite\/international\/libye-saadi-kadhafi-victime-de-violences-physiques-en-prison\/184035\/","url":"https:\/\/www.webdo.tn\/fr\/actualite\/international\/libye-saadi-kadhafi-victime-de-violences-physiques-en-prison\/184035\/","name":"Libye : Saadi Kadhafi victime de violences physiques en prison","isPartOf":{"@id":"https:\/\/www.webdo.tn\/fr\/#website"},"primaryImageOfPage":{"@id":"https:\/\/www.webdo.tn\/fr\/actualite\/international\/libye-saadi-kadhafi-victime-de-violences-physiques-en-prison\/184035\/#primaryimage"},"image":{"@id":"https:\/\/www.webdo.tn\/fr\/actualite\/international\/libye-saadi-kadhafi-victime-de-violences-physiques-en-prison\/184035\/#primaryimage"},"thumbnailUrl":"https:\/\/www.webdo.tn\/fr\/wp-content\/uploads\/2015\/08\/webdo_default-7.jpg","datePublished":"2015-08-04T10:52:00+00:00","dateModified":"2025-05-19T10:10:45+00:00","description":"Libye : Saadi Kadhafi victime de violences physiques en prison","breadcrumb":{"@id":"https:\/\/www.webdo.tn\/fr\/actualite\/international\/libye-saadi-kadhafi-victime-de-violences-physiques-en-prison\/184035\/#breadcrumb"},"inLanguage":"fr-FR","potentialAction":[{"@type":"ReadAction","target":["https:\/\/www.webdo.tn\/fr\/actualite\/international\/libye-saadi-kadhafi-victime-de-violences-physiques-en-prison\/184035\/"]}]},{"@type":"ImageObject","inLanguage":"fr-FR","@id":"https:\/\/www.webdo.tn\/fr\/actualite\/international\/libye-saadi-kadhafi-victime-de-violences-physiques-en-prison\/184035\/#primaryimage","url":"https:\/\/www.webdo.tn\/fr\/wp-content\/uploads\/2015\/08\/webdo_default-7.jpg","contentUrl":"https:\/\/www.webdo.tn\/fr\/wp-content\/uploads\/2015\/08\/webdo_default-7.jpg","width":800,"height":500,"caption":"Libye : Saadi Kadhafi victime de violences physiques en prison"},{"@type":"BreadcrumbList","@id":"https:\/\/www.webdo.tn\/fr\/actualite\/international\/libye-saadi-kadhafi-victime-de-violences-physiques-en-prison\/184035\/#breadcrumb","itemListElement":[{"@type":"ListItem","position":1,"name":"Accueil","item":"https:\/\/www.webdo.tn\/fr\/"},{"@type":"ListItem","position":2,"name":"Libye : Saadi Kadhafi victime de violences physiques en prison"}]},{"@type":"WebSite","@id":"https:\/\/www.webdo.tn\/fr\/#website","url":"https:\/\/www.webdo.tn\/fr\/","name":"webdo","description":"Tunisie - News en Tunisie et \u00e0 l&#039;international sur Webdo.tn","publisher":{"@id":"https:\/\/www.webdo.tn\/fr\/#organization"},"potentialAction":[{"@type":"SearchAction","target":{"@type":"EntryPoint","urlTemplate":"https:\/\/www.webdo.tn\/fr\/?s={search_term_string}"},"query-input":{"@type":"PropertyValueSpecification","valueRequired":true,"valueName":"search_term_string"}}],"inLanguage":"fr-FR"},{"@type":"Organization","@id":"https:\/\/www.webdo.tn\/fr\/#organization","name":"Webdo","alternateName":"Webdo.tn","url":"https:\/\/www.webdo.tn\/fr\/","logo":{"@type":"ImageObject","inLanguage":"fr-FR","@id":"https:\/\/www.webdo.tn\/fr\/#\/schema\/logo\/image\/","url":"https:\/\/www.webdo.tn\/fr\/wp-content\/uploads\/2025\/06\/Webdo-Tunisie_168377.jpg","contentUrl":"https:\/\/www.webdo.tn\/fr\/wp-content\/uploads\/2025\/06\/Webdo-Tunisie_168377.jpg","width":301,"height":301,"caption":"Webdo"},"image":{"@id":"https:\/\/www.webdo.tn\/fr\/#\/schema\/logo\/image\/"},"sameAs":["https:\/\/www.facebook.com\/webdotn","https:\/\/x.com\/webdo_tn"],"description":"Webdo est un m\u00e9dia num\u00e9rique tunisien fond\u00e9 en 2010, sp\u00e9cialis\u00e9 dans l\u2019actualit\u00e9 nationale et internationale, l\u2019\u00e9conomie, la soci\u00e9t\u00e9 et les analyses politiques. Le site s\u2019adresse \u00e0 un large public francophone et couvre l\u2019information tunisienne en temps r\u00e9el.","email":"redac@webdo.tn","legalName":"YNJ SARL","foundingDate":"2010-09-06","numberOfEmployees":{"@type":"QuantitativeValue","minValue":"11","maxValue":"50"}},{"@type":"Person","@id":"https:\/\/www.webdo.tn\/fr\/#\/schema\/person\/9a9c6118d687c117df8ef3cc36a4d175","name":"webdo.tn","image":{"@type":"ImageObject","inLanguage":"fr-FR","@id":"https:\/\/secure.gravatar.com\/avatar\/7ce1f28c0c3bbac99ff550b85ef8e44a6950c6ee24514fb6a5489e51d06f0298?s=96&d=mm&r=g","url":"https:\/\/secure.gravatar.com\/avatar\/7ce1f28c0c3bbac99ff550b85ef8e44a6950c6ee24514fb6a5489e51d06f0298?s=96&d=mm&r=g","contentUrl":"https:\/\/secure.gravatar.com\/avatar\/7ce1f28c0c3bbac99ff550b85ef8e44a6950c6ee24514fb6a5489e51d06f0298?s=96&d=mm&r=g","caption":"webdo.tn"},"url":"https:\/\/www.webdo.tn\/fr\/actualite\/author\/webdotn\/"}]}},"_links":{"self":[{"href":"https:\/\/www.webdo.tn\/fr\/wp-json\/wp\/v2\/posts\/184035","targetHints":{"allow":["GET"]}}],"collection":[{"href":"https:\/\/www.webdo.tn\/fr\/wp-json\/wp\/v2\/posts"}],"about":[{"href":"https:\/\/www.webdo.tn\/fr\/wp-json\/wp\/v2\/types\/post"}],"author":[{"embeddable":true,"href":"https:\/\/www.webdo.tn\/fr\/wp-json\/wp\/v2\/users\/3222"}],"replies":[{"embeddable":true,"href":"https:\/\/www.webdo.tn\/fr\/wp-json\/wp\/v2\/comments?post=184035"}],"version-history":[{"count":0,"href":"https:\/\/www.webdo.tn\/fr\/wp-json\/wp\/v2\/posts\/184035\/revisions"}],"wp:featuredmedia":[{"embeddable":true,"href":"https:\/\/www.webdo.tn\/fr\/wp-json\/wp\/v2\/media\/317612"}],"wp:attachment":[{"href":"https:\/\/www.webdo.tn\/fr\/wp-json\/wp\/v2\/media?parent=184035"}],"wp:term":[{"taxonomy":"category","embeddable":true,"href":"https:\/\/www.webdo.tn\/fr\/wp-json\/wp\/v2\/categories?post=184035"},{"taxonomy":"post_tag","embeddable":true,"href":"https:\/\/www.webdo.tn\/fr\/wp-json\/wp\/v2\/tags?post=184035"}],"curies":[{"name":"wp","href":"https:\/\/api.w.org\/{rel}","templated":true}]}}