{"id":184031,"date":"2015-08-04T23:40:00","date_gmt":"2015-08-04T23:40:00","guid":{"rendered":"https:\/\/www.webdo.tn\/fr\/blog\/lafrique-nord-moyen-orient-souffrent-taux-plus-eleves-de-depression-monde\/184031\/"},"modified":"2015-08-04T23:40:00","modified_gmt":"2015-08-04T23:40:00","slug":"lafrique-nord-moyen-orient-souffrent-taux-plus-eleves-de-depression-monde","status":"publish","type":"post","link":"https:\/\/www.webdo.tn\/fr\/actualite\/international\/lafrique-nord-moyen-orient-souffrent-taux-plus-eleves-de-depression-monde\/184031\/","title":{"rendered":"L\u2019Afrique du Nord et le Moyen-Orient souffrent des taux les plus \u00e9lev\u00e9s de d\u00e9pression dans le monde"},"content":{"rendered":"<p>Le Moyen-Orient et l\u2019Afrique du Nord souffrent du taux les plus \u00e9lev\u00e9s de d\u00e9pression dans le monde, selon une nouvelle \u00e9tude men\u00e9e par des chercheurs de l&rsquo;Universit\u00e9 du Queensland en Australie.<\/p>\n<p>Cette \u00e9tude est le r\u00e9sultat d\u2019une collecte de donn\u00e9es \u00e0 travers le monde sur les taux de d\u00e9pression des diverses populations.<\/p>\n<p>Plus de 5% de la population souffre de d\u00e9pression au Moyen-Orient, en Afrique du Nord, en Afrique sub-saharienne, en Europe orientale et dans les Cara\u00efbes.<\/p>\n<p>Les taux de d\u00e9pression les moins \u00e9lev\u00e9s se trouvent en Asie de l&rsquo;Est, en Australie, en Nouvelle-Z\u00e9lande et en Asie du Sud-Est.<\/p>\n<p>Le pays le plus d\u00e9prim\u00e9 est l&rsquo;Afghanistan, o\u00f9 plus d&rsquo;une personne sur cinq est atteinte. Le moins d\u00e9prim\u00e9 est le Japon, avec un taux de moins de 2,5%.<\/p>\n<p>Les taux \u00e9lev\u00e9s de d\u00e9pression sont en directe corr\u00e9lation avec des conflits \u00e0 l\u2019\u00e9chelle nationale ou des \u00e9pid\u00e9mies graves telles que le SIDA, par exemple. Le ch\u00f4mage, les bas revenus et les in\u00e9galit\u00e9s sociales sont \u00e9galement au banc des accus\u00e9s.<\/p>\n<p>Selon cette \u00e9tude, l&rsquo;Afghanistan, le Honduras et la Palestine sont les trois pays les plus d\u00e9prim\u00e9s.<br \/>\n\u00ab Dans le cas de l&rsquo;Afrique du Nord et du Moyen-Orient, ce sont les conflits dans la r\u00e9gion qui sont la cause des d\u00e9pressions. En Afrique sub-saharienne, ce sont, les maladies telles que le paludisme et le sida \u00bb.<\/p>\n","protected":false},"excerpt":{"rendered":"<p>L\u2019Afrique du Nord et le Moyen-Orient souffrent des taux les plus \u00e9lev\u00e9s de d\u00e9pression dans le monde<\/p>\n","protected":false},"author":3222,"featured_media":329616,"comment_status":"open","ping_status":"closed","sticky":false,"template":"","format":"standard","meta":{"footnotes":""},"categories":[2598],"tags":[2600],"class_list":["post-184031","post","type-post","status-publish","format-standard","has-post-thumbnail","hentry","category-international","tag-guerre"],"yoast_head":"<!-- This site is optimized with the Yoast SEO Premium plugin v27.5 (Yoast SEO v27.5) - https:\/\/yoast.com\/product\/yoast-seo-premium-wordpress\/ -->\n<title>L\u2019Afrique du Nord et le Moyen-Orient souffrent des taux les plus \u00e9lev\u00e9s de d\u00e9pression dans le monde<\/title>\n<meta name=\"description\" content=\"L\u2019Afrique du Nord et le Moyen-Orient souffrent des taux les plus \u00e9lev\u00e9s de d\u00e9pression dans le monde\" \/>\n<link rel=\"canonical\" href=\"https:\/\/www.webdo.tn\/fr\/actualite\/international\/lafrique-nord-moyen-orient-souffrent-taux-plus-eleves-de-depression-monde\/184031\/\" \/>\n<meta property=\"og:locale\" content=\"fr_FR\" \/>\n<meta property=\"og:type\" content=\"article\" \/>\n<meta property=\"og:title\" content=\"L\u2019Afrique du Nord et le Moyen-Orient souffrent des taux les plus \u00e9lev\u00e9s de d\u00e9pression dans le monde\" \/>\n<meta property=\"og:description\" content=\"L\u2019Afrique du Nord et le Moyen-Orient souffrent des taux les plus \u00e9lev\u00e9s de d\u00e9pression dans le monde\" \/>\n<meta property=\"og:url\" content=\"https:\/\/www.webdo.tn\/fr\/actualite\/international\/lafrique-nord-moyen-orient-souffrent-taux-plus-eleves-de-depression-monde\/184031\/\" \/>\n<meta property=\"og:site_name\" content=\"webdo\" \/>\n<meta property=\"article:publisher\" content=\"https:\/\/www.facebook.com\/webdotn\" \/>\n<meta property=\"article:published_time\" content=\"2015-08-04T23:40:00+00:00\" \/>\n<meta property=\"og:image\" content=\"https:\/\/www.webdo.tn\/fr\/wp-content\/uploads\/2015\/08\/depression-1024x506-1.jpg\" \/>\n\t<meta property=\"og:image:width\" content=\"1024\" \/>\n\t<meta property=\"og:image:height\" content=\"506\" \/>\n\t<meta property=\"og:image:type\" content=\"image\/jpeg\" \/>\n<meta name=\"author\" content=\"webdo.tn\" \/>\n<meta name=\"twitter:card\" content=\"summary_large_image\" \/>\n<meta name=\"twitter:creator\" content=\"@webdo_tn\" \/>\n<meta name=\"twitter:site\" content=\"@webdo_tn\" \/>\n<meta name=\"twitter:label1\" content=\"\u00c9crit par\" \/>\n\t<meta name=\"twitter:data1\" content=\"webdo.tn\" \/>\n\t<meta name=\"twitter:label2\" content=\"Dur\u00e9e de lecture estim\u00e9e\" \/>\n\t<meta name=\"twitter:data2\" content=\"1 minute\" \/>\n<script type=\"application\/ld+json\" class=\"yoast-schema-graph\">{\"@context\":\"https:\\\/\\\/schema.org\",\"@graph\":[{\"@type\":\"NewsArticle\",\"@id\":\"https:\\\/\\\/www.webdo.tn\\\/fr\\\/actualite\\\/international\\\/lafrique-nord-moyen-orient-souffrent-taux-plus-eleves-de-depression-monde\\\/184031\\\/#article\",\"isPartOf\":{\"@id\":\"https:\\\/\\\/www.webdo.tn\\\/fr\\\/actualite\\\/international\\\/lafrique-nord-moyen-orient-souffrent-taux-plus-eleves-de-depression-monde\\\/184031\\\/\"},\"author\":{\"name\":\"webdo.tn\",\"@id\":\"https:\\\/\\\/www.webdo.tn\\\/fr\\\/#\\\/schema\\\/person\\\/9a9c6118d687c117df8ef3cc36a4d175\"},\"headline\":\"L\u2019Afrique du Nord et le Moyen-Orient souffrent des taux les plus \u00e9lev\u00e9s de d\u00e9pression dans le monde\",\"datePublished\":\"2015-08-04T23:40:00+00:00\",\"mainEntityOfPage\":{\"@id\":\"https:\\\/\\\/www.webdo.tn\\\/fr\\\/actualite\\\/international\\\/lafrique-nord-moyen-orient-souffrent-taux-plus-eleves-de-depression-monde\\\/184031\\\/\"},\"wordCount\":270,\"commentCount\":0,\"publisher\":{\"@id\":\"https:\\\/\\\/www.webdo.tn\\\/fr\\\/#organization\"},\"image\":{\"@id\":\"https:\\\/\\\/www.webdo.tn\\\/fr\\\/actualite\\\/international\\\/lafrique-nord-moyen-orient-souffrent-taux-plus-eleves-de-depression-monde\\\/184031\\\/#primaryimage\"},\"thumbnailUrl\":\"https:\\\/\\\/www.webdo.tn\\\/fr\\\/wp-content\\\/uploads\\\/2015\\\/08\\\/depression-1024x506-1.jpg\",\"keywords\":[\"guerre\"],\"articleSection\":[\"International\"],\"inLanguage\":\"fr-FR\"},{\"@type\":\"WebPage\",\"@id\":\"https:\\\/\\\/www.webdo.tn\\\/fr\\\/actualite\\\/international\\\/lafrique-nord-moyen-orient-souffrent-taux-plus-eleves-de-depression-monde\\\/184031\\\/\",\"url\":\"https:\\\/\\\/www.webdo.tn\\\/fr\\\/actualite\\\/international\\\/lafrique-nord-moyen-orient-souffrent-taux-plus-eleves-de-depression-monde\\\/184031\\\/\",\"name\":\"L\u2019Afrique du Nord et le Moyen-Orient souffrent des taux les plus \u00e9lev\u00e9s de d\u00e9pression dans le monde\",\"isPartOf\":{\"@id\":\"https:\\\/\\\/www.webdo.tn\\\/fr\\\/#website\"},\"primaryImageOfPage\":{\"@id\":\"https:\\\/\\\/www.webdo.tn\\\/fr\\\/actualite\\\/international\\\/lafrique-nord-moyen-orient-souffrent-taux-plus-eleves-de-depression-monde\\\/184031\\\/#primaryimage\"},\"image\":{\"@id\":\"https:\\\/\\\/www.webdo.tn\\\/fr\\\/actualite\\\/international\\\/lafrique-nord-moyen-orient-souffrent-taux-plus-eleves-de-depression-monde\\\/184031\\\/#primaryimage\"},\"thumbnailUrl\":\"https:\\\/\\\/www.webdo.tn\\\/fr\\\/wp-content\\\/uploads\\\/2015\\\/08\\\/depression-1024x506-1.jpg\",\"datePublished\":\"2015-08-04T23:40:00+00:00\",\"description\":\"L\u2019Afrique du Nord et le Moyen-Orient souffrent des taux les plus \u00e9lev\u00e9s de d\u00e9pression dans le monde\",\"breadcrumb\":{\"@id\":\"https:\\\/\\\/www.webdo.tn\\\/fr\\\/actualite\\\/international\\\/lafrique-nord-moyen-orient-souffrent-taux-plus-eleves-de-depression-monde\\\/184031\\\/#breadcrumb\"},\"inLanguage\":\"fr-FR\",\"potentialAction\":[{\"@type\":\"ReadAction\",\"target\":[\"https:\\\/\\\/www.webdo.tn\\\/fr\\\/actualite\\\/international\\\/lafrique-nord-moyen-orient-souffrent-taux-plus-eleves-de-depression-monde\\\/184031\\\/\"]}]},{\"@type\":\"ImageObject\",\"inLanguage\":\"fr-FR\",\"@id\":\"https:\\\/\\\/www.webdo.tn\\\/fr\\\/actualite\\\/international\\\/lafrique-nord-moyen-orient-souffrent-taux-plus-eleves-de-depression-monde\\\/184031\\\/#primaryimage\",\"url\":\"https:\\\/\\\/www.webdo.tn\\\/fr\\\/wp-content\\\/uploads\\\/2015\\\/08\\\/depression-1024x506-1.jpg\",\"contentUrl\":\"https:\\\/\\\/www.webdo.tn\\\/fr\\\/wp-content\\\/uploads\\\/2015\\\/08\\\/depression-1024x506-1.jpg\",\"width\":1024,\"height\":506,\"caption\":\"L\u2019Afrique du Nord et le Moyen-Orient souffrent des taux les plus \u00e9lev\u00e9s de d\u00e9pression dans le monde\"},{\"@type\":\"BreadcrumbList\",\"@id\":\"https:\\\/\\\/www.webdo.tn\\\/fr\\\/actualite\\\/international\\\/lafrique-nord-moyen-orient-souffrent-taux-plus-eleves-de-depression-monde\\\/184031\\\/#breadcrumb\",\"itemListElement\":[{\"@type\":\"ListItem\",\"position\":1,\"name\":\"Accueil\",\"item\":\"https:\\\/\\\/www.webdo.tn\\\/fr\\\/\"},{\"@type\":\"ListItem\",\"position\":2,\"name\":\"L\u2019Afrique du Nord et le Moyen-Orient souffrent des taux les plus \u00e9lev\u00e9s de d\u00e9pression dans le monde\"}]},{\"@type\":\"WebSite\",\"@id\":\"https:\\\/\\\/www.webdo.tn\\\/fr\\\/#website\",\"url\":\"https:\\\/\\\/www.webdo.tn\\\/fr\\\/\",\"name\":\"webdo\",\"description\":\"Tunisie - News en Tunisie et \u00e0 l&#039;international sur Webdo.tn\",\"publisher\":{\"@id\":\"https:\\\/\\\/www.webdo.tn\\\/fr\\\/#organization\"},\"potentialAction\":[{\"@type\":\"SearchAction\",\"target\":{\"@type\":\"EntryPoint\",\"urlTemplate\":\"https:\\\/\\\/www.webdo.tn\\\/fr\\\/?s={search_term_string}\"},\"query-input\":{\"@type\":\"PropertyValueSpecification\",\"valueRequired\":true,\"valueName\":\"search_term_string\"}}],\"inLanguage\":\"fr-FR\"},{\"@type\":\"Organization\",\"@id\":\"https:\\\/\\\/www.webdo.tn\\\/fr\\\/#organization\",\"name\":\"Webdo\",\"alternateName\":\"Webdo.tn\",\"url\":\"https:\\\/\\\/www.webdo.tn\\\/fr\\\/\",\"logo\":{\"@type\":\"ImageObject\",\"inLanguage\":\"fr-FR\",\"@id\":\"https:\\\/\\\/www.webdo.tn\\\/fr\\\/#\\\/schema\\\/logo\\\/image\\\/\",\"url\":\"https:\\\/\\\/www.webdo.tn\\\/fr\\\/wp-content\\\/uploads\\\/2025\\\/06\\\/Webdo-Tunisie_168377.jpg\",\"contentUrl\":\"https:\\\/\\\/www.webdo.tn\\\/fr\\\/wp-content\\\/uploads\\\/2025\\\/06\\\/Webdo-Tunisie_168377.jpg\",\"width\":301,\"height\":301,\"caption\":\"Webdo\"},\"image\":{\"@id\":\"https:\\\/\\\/www.webdo.tn\\\/fr\\\/#\\\/schema\\\/logo\\\/image\\\/\"},\"sameAs\":[\"https:\\\/\\\/www.facebook.com\\\/webdotn\",\"https:\\\/\\\/x.com\\\/webdo_tn\"],\"description\":\"Webdo est un m\u00e9dia num\u00e9rique tunisien fond\u00e9 en 2010, sp\u00e9cialis\u00e9 dans l\u2019actualit\u00e9 nationale et internationale, l\u2019\u00e9conomie, la soci\u00e9t\u00e9 et les analyses politiques. Le site s\u2019adresse \u00e0 un large public francophone et couvre l\u2019information tunisienne en temps r\u00e9el.\",\"email\":\"redac@webdo.tn\",\"legalName\":\"YNJ SARL\",\"foundingDate\":\"2010-09-06\",\"numberOfEmployees\":{\"@type\":\"QuantitativeValue\",\"minValue\":\"11\",\"maxValue\":\"50\"}},{\"@type\":\"Person\",\"@id\":\"https:\\\/\\\/www.webdo.tn\\\/fr\\\/#\\\/schema\\\/person\\\/9a9c6118d687c117df8ef3cc36a4d175\",\"name\":\"webdo.tn\",\"image\":{\"@type\":\"ImageObject\",\"inLanguage\":\"fr-FR\",\"@id\":\"https:\\\/\\\/secure.gravatar.com\\\/avatar\\\/7ce1f28c0c3bbac99ff550b85ef8e44a6950c6ee24514fb6a5489e51d06f0298?s=96&d=mm&r=g\",\"url\":\"https:\\\/\\\/secure.gravatar.com\\\/avatar\\\/7ce1f28c0c3bbac99ff550b85ef8e44a6950c6ee24514fb6a5489e51d06f0298?s=96&d=mm&r=g\",\"contentUrl\":\"https:\\\/\\\/secure.gravatar.com\\\/avatar\\\/7ce1f28c0c3bbac99ff550b85ef8e44a6950c6ee24514fb6a5489e51d06f0298?s=96&d=mm&r=g\",\"caption\":\"webdo.tn\"},\"url\":\"https:\\\/\\\/www.webdo.tn\\\/fr\\\/actualite\\\/author\\\/webdotn\\\/\"}]}<\/script>\n<!-- \/ Yoast SEO Premium plugin. -->","yoast_head_json":{"title":"L\u2019Afrique du Nord et le Moyen-Orient souffrent des taux les plus \u00e9lev\u00e9s de d\u00e9pression dans le monde","description":"L\u2019Afrique du Nord et le Moyen-Orient souffrent des taux les plus \u00e9lev\u00e9s de d\u00e9pression dans le monde","canonical":"https:\/\/www.webdo.tn\/fr\/actualite\/international\/lafrique-nord-moyen-orient-souffrent-taux-plus-eleves-de-depression-monde\/184031\/","og_locale":"fr_FR","og_type":"article","og_title":"L\u2019Afrique du Nord et le Moyen-Orient souffrent des taux les plus \u00e9lev\u00e9s de d\u00e9pression dans le monde","og_description":"L\u2019Afrique du Nord et le Moyen-Orient souffrent des taux les plus \u00e9lev\u00e9s de d\u00e9pression dans le monde","og_url":"https:\/\/www.webdo.tn\/fr\/actualite\/international\/lafrique-nord-moyen-orient-souffrent-taux-plus-eleves-de-depression-monde\/184031\/","og_site_name":"webdo","article_publisher":"https:\/\/www.facebook.com\/webdotn","article_published_time":"2015-08-04T23:40:00+00:00","og_image":[{"width":1024,"height":506,"url":"https:\/\/www.webdo.tn\/fr\/wp-content\/uploads\/2015\/08\/depression-1024x506-1.jpg","type":"image\/jpeg"}],"author":"webdo.tn","twitter_card":"summary_large_image","twitter_creator":"@webdo_tn","twitter_site":"@webdo_tn","twitter_misc":{"\u00c9crit par":"webdo.tn","Dur\u00e9e de lecture estim\u00e9e":"1 minute"},"schema":{"@context":"https:\/\/schema.org","@graph":[{"@type":"NewsArticle","@id":"https:\/\/www.webdo.tn\/fr\/actualite\/international\/lafrique-nord-moyen-orient-souffrent-taux-plus-eleves-de-depression-monde\/184031\/#article","isPartOf":{"@id":"https:\/\/www.webdo.tn\/fr\/actualite\/international\/lafrique-nord-moyen-orient-souffrent-taux-plus-eleves-de-depression-monde\/184031\/"},"author":{"name":"webdo.tn","@id":"https:\/\/www.webdo.tn\/fr\/#\/schema\/person\/9a9c6118d687c117df8ef3cc36a4d175"},"headline":"L\u2019Afrique du Nord et le Moyen-Orient souffrent des taux les plus \u00e9lev\u00e9s de d\u00e9pression dans le monde","datePublished":"2015-08-04T23:40:00+00:00","mainEntityOfPage":{"@id":"https:\/\/www.webdo.tn\/fr\/actualite\/international\/lafrique-nord-moyen-orient-souffrent-taux-plus-eleves-de-depression-monde\/184031\/"},"wordCount":270,"commentCount":0,"publisher":{"@id":"https:\/\/www.webdo.tn\/fr\/#organization"},"image":{"@id":"https:\/\/www.webdo.tn\/fr\/actualite\/international\/lafrique-nord-moyen-orient-souffrent-taux-plus-eleves-de-depression-monde\/184031\/#primaryimage"},"thumbnailUrl":"https:\/\/www.webdo.tn\/fr\/wp-content\/uploads\/2015\/08\/depression-1024x506-1.jpg","keywords":["guerre"],"articleSection":["International"],"inLanguage":"fr-FR"},{"@type":"WebPage","@id":"https:\/\/www.webdo.tn\/fr\/actualite\/international\/lafrique-nord-moyen-orient-souffrent-taux-plus-eleves-de-depression-monde\/184031\/","url":"https:\/\/www.webdo.tn\/fr\/actualite\/international\/lafrique-nord-moyen-orient-souffrent-taux-plus-eleves-de-depression-monde\/184031\/","name":"L\u2019Afrique du Nord et le Moyen-Orient souffrent des taux les plus \u00e9lev\u00e9s de d\u00e9pression dans le monde","isPartOf":{"@id":"https:\/\/www.webdo.tn\/fr\/#website"},"primaryImageOfPage":{"@id":"https:\/\/www.webdo.tn\/fr\/actualite\/international\/lafrique-nord-moyen-orient-souffrent-taux-plus-eleves-de-depression-monde\/184031\/#primaryimage"},"image":{"@id":"https:\/\/www.webdo.tn\/fr\/actualite\/international\/lafrique-nord-moyen-orient-souffrent-taux-plus-eleves-de-depression-monde\/184031\/#primaryimage"},"thumbnailUrl":"https:\/\/www.webdo.tn\/fr\/wp-content\/uploads\/2015\/08\/depression-1024x506-1.jpg","datePublished":"2015-08-04T23:40:00+00:00","description":"L\u2019Afrique du Nord et le Moyen-Orient souffrent des taux les plus \u00e9lev\u00e9s de d\u00e9pression dans le monde","breadcrumb":{"@id":"https:\/\/www.webdo.tn\/fr\/actualite\/international\/lafrique-nord-moyen-orient-souffrent-taux-plus-eleves-de-depression-monde\/184031\/#breadcrumb"},"inLanguage":"fr-FR","potentialAction":[{"@type":"ReadAction","target":["https:\/\/www.webdo.tn\/fr\/actualite\/international\/lafrique-nord-moyen-orient-souffrent-taux-plus-eleves-de-depression-monde\/184031\/"]}]},{"@type":"ImageObject","inLanguage":"fr-FR","@id":"https:\/\/www.webdo.tn\/fr\/actualite\/international\/lafrique-nord-moyen-orient-souffrent-taux-plus-eleves-de-depression-monde\/184031\/#primaryimage","url":"https:\/\/www.webdo.tn\/fr\/wp-content\/uploads\/2015\/08\/depression-1024x506-1.jpg","contentUrl":"https:\/\/www.webdo.tn\/fr\/wp-content\/uploads\/2015\/08\/depression-1024x506-1.jpg","width":1024,"height":506,"caption":"L\u2019Afrique du Nord et le Moyen-Orient souffrent des taux les plus \u00e9lev\u00e9s de d\u00e9pression dans le monde"},{"@type":"BreadcrumbList","@id":"https:\/\/www.webdo.tn\/fr\/actualite\/international\/lafrique-nord-moyen-orient-souffrent-taux-plus-eleves-de-depression-monde\/184031\/#breadcrumb","itemListElement":[{"@type":"ListItem","position":1,"name":"Accueil","item":"https:\/\/www.webdo.tn\/fr\/"},{"@type":"ListItem","position":2,"name":"L\u2019Afrique du Nord et le Moyen-Orient souffrent des taux les plus \u00e9lev\u00e9s de d\u00e9pression dans le monde"}]},{"@type":"WebSite","@id":"https:\/\/www.webdo.tn\/fr\/#website","url":"https:\/\/www.webdo.tn\/fr\/","name":"webdo","description":"Tunisie - News en Tunisie et \u00e0 l&#039;international sur Webdo.tn","publisher":{"@id":"https:\/\/www.webdo.tn\/fr\/#organization"},"potentialAction":[{"@type":"SearchAction","target":{"@type":"EntryPoint","urlTemplate":"https:\/\/www.webdo.tn\/fr\/?s={search_term_string}"},"query-input":{"@type":"PropertyValueSpecification","valueRequired":true,"valueName":"search_term_string"}}],"inLanguage":"fr-FR"},{"@type":"Organization","@id":"https:\/\/www.webdo.tn\/fr\/#organization","name":"Webdo","alternateName":"Webdo.tn","url":"https:\/\/www.webdo.tn\/fr\/","logo":{"@type":"ImageObject","inLanguage":"fr-FR","@id":"https:\/\/www.webdo.tn\/fr\/#\/schema\/logo\/image\/","url":"https:\/\/www.webdo.tn\/fr\/wp-content\/uploads\/2025\/06\/Webdo-Tunisie_168377.jpg","contentUrl":"https:\/\/www.webdo.tn\/fr\/wp-content\/uploads\/2025\/06\/Webdo-Tunisie_168377.jpg","width":301,"height":301,"caption":"Webdo"},"image":{"@id":"https:\/\/www.webdo.tn\/fr\/#\/schema\/logo\/image\/"},"sameAs":["https:\/\/www.facebook.com\/webdotn","https:\/\/x.com\/webdo_tn"],"description":"Webdo est un m\u00e9dia num\u00e9rique tunisien fond\u00e9 en 2010, sp\u00e9cialis\u00e9 dans l\u2019actualit\u00e9 nationale et internationale, l\u2019\u00e9conomie, la soci\u00e9t\u00e9 et les analyses politiques. Le site s\u2019adresse \u00e0 un large public francophone et couvre l\u2019information tunisienne en temps r\u00e9el.","email":"redac@webdo.tn","legalName":"YNJ SARL","foundingDate":"2010-09-06","numberOfEmployees":{"@type":"QuantitativeValue","minValue":"11","maxValue":"50"}},{"@type":"Person","@id":"https:\/\/www.webdo.tn\/fr\/#\/schema\/person\/9a9c6118d687c117df8ef3cc36a4d175","name":"webdo.tn","image":{"@type":"ImageObject","inLanguage":"fr-FR","@id":"https:\/\/secure.gravatar.com\/avatar\/7ce1f28c0c3bbac99ff550b85ef8e44a6950c6ee24514fb6a5489e51d06f0298?s=96&d=mm&r=g","url":"https:\/\/secure.gravatar.com\/avatar\/7ce1f28c0c3bbac99ff550b85ef8e44a6950c6ee24514fb6a5489e51d06f0298?s=96&d=mm&r=g","contentUrl":"https:\/\/secure.gravatar.com\/avatar\/7ce1f28c0c3bbac99ff550b85ef8e44a6950c6ee24514fb6a5489e51d06f0298?s=96&d=mm&r=g","caption":"webdo.tn"},"url":"https:\/\/www.webdo.tn\/fr\/actualite\/author\/webdotn\/"}]}},"_links":{"self":[{"href":"https:\/\/www.webdo.tn\/fr\/wp-json\/wp\/v2\/posts\/184031","targetHints":{"allow":["GET"]}}],"collection":[{"href":"https:\/\/www.webdo.tn\/fr\/wp-json\/wp\/v2\/posts"}],"about":[{"href":"https:\/\/www.webdo.tn\/fr\/wp-json\/wp\/v2\/types\/post"}],"author":[{"embeddable":true,"href":"https:\/\/www.webdo.tn\/fr\/wp-json\/wp\/v2\/users\/3222"}],"replies":[{"embeddable":true,"href":"https:\/\/www.webdo.tn\/fr\/wp-json\/wp\/v2\/comments?post=184031"}],"version-history":[{"count":0,"href":"https:\/\/www.webdo.tn\/fr\/wp-json\/wp\/v2\/posts\/184031\/revisions"}],"wp:featuredmedia":[{"embeddable":true,"href":"https:\/\/www.webdo.tn\/fr\/wp-json\/wp\/v2\/media\/329616"}],"wp:attachment":[{"href":"https:\/\/www.webdo.tn\/fr\/wp-json\/wp\/v2\/media?parent=184031"}],"wp:term":[{"taxonomy":"category","embeddable":true,"href":"https:\/\/www.webdo.tn\/fr\/wp-json\/wp\/v2\/categories?post=184031"},{"taxonomy":"post_tag","embeddable":true,"href":"https:\/\/www.webdo.tn\/fr\/wp-json\/wp\/v2\/tags?post=184031"}],"curies":[{"name":"wp","href":"https:\/\/api.w.org\/{rel}","templated":true}]}}