{"id":184030,"date":"2015-08-05T14:08:00","date_gmt":"2015-08-05T14:08:00","guid":{"rendered":"https:\/\/www.webdo.tn\/fr\/blog\/comment-air-france-a-raye-israel-de-la-carte\/184030\/"},"modified":"2025-05-19T10:10:35","modified_gmt":"2025-05-19T10:10:35","slug":"comment-air-france-a-raye-israel-de-la-carte","status":"publish","type":"post","link":"https:\/\/www.webdo.tn\/fr\/actualite\/international\/comment-air-france-a-raye-israel-de-la-carte\/184030\/","title":{"rendered":"Comment Air France a \u00ab\u00a0ray\u00e9 Isra\u00ebl de la carte\u00a0\u00bb !"},"content":{"rendered":"<p>La compagnie a\u00e9rienne fran\u00e7aise Air France, s&rsquo;est fait \u00e9pingler s&rsquo;est pour avoir volontairement fait dispara\u00eetre l&rsquo;Etat d&rsquo;Isra\u00ebl de cartes diffus\u00e9es en vol aux passagers.<\/p>\n<p>Tout a commenc\u00e9 avec une photo post\u00e9e le 2 ao\u00fbt sur la page Facebook de l&rsquo;organisation pro-isra\u00e9lienne \u00ab\u00a0Stand With Us\u00a0\u00bb, repr\u00e9sentant la carte de suivi d&rsquo;un vol entre Los Angeles et Paris en temps r\u00e9el.<\/p>\n<p>Selon cette photo, la carte de vol n&rsquo;indique pas Isra\u00ebl. La Cisjordanie et la bande de Gaza, sont par ailleurs bien visibles sur cette carte.<\/p>\n<p>Air France s&rsquo;est excus\u00e9, mardi 4 ao\u00fbt, \u00ab\u00a0d&rsquo;avoir volontairement fait dispara\u00eetre l&rsquo;Etat d&rsquo;Isra\u00ebl de cartes diffus\u00e9es en vol aux passagers et a assur\u00e9 mettre \u00ab\u00a0tout en \u0153uvre pour corriger au plus vite cette situation\u00a0\u00bb.<\/p>\n<p>Selon la compagnie, cet incident est d\u00fb \u00e0 un probl\u00e8me d&rsquo;\u00e9chelle et d&rsquo;affichage. Air France fournit d&rsquo;ailleurs d&rsquo;autres explications sur son site.<\/p>\n<p>\u00ab\u00a0Air France travaille avec des fournisseurs \u00e9diteurs de logiciel pour ses cartes interactives int\u00e9gr\u00e9es dans les syst\u00e8mes IFE\u00a0\u00bb (In Flight Entertainment, c&rsquo;est-\u00e0-dire les syst\u00e8mes de divertissement \u00e0 bord). Certaines de ces cartes interactives pr\u00e9sentent une incoh\u00e9rence d&rsquo;affichage des donn\u00e9es g\u00e9ographiques selon le zoom et l&rsquo;angle de rotation du globe\u00a0\u00bb, a pr\u00e9cis\u00e9 Air France.<\/p>\n","protected":false},"excerpt":{"rendered":"<p>Comment Air France a  ray\u00e9 Isra\u00ebl de la carte  !<\/p>\n","protected":false},"author":3222,"featured_media":317582,"comment_status":"open","ping_status":"closed","sticky":false,"template":"","format":"standard","meta":{"footnotes":""},"categories":[2598],"tags":[2600],"class_list":["post-184030","post","type-post","status-publish","format-standard","has-post-thumbnail","hentry","category-international","tag-guerre"],"yoast_head":"<!-- This site is optimized with the Yoast SEO Premium plugin v27.5 (Yoast SEO v27.5) - https:\/\/yoast.com\/product\/yoast-seo-premium-wordpress\/ -->\n<title>Comment Air France a ray\u00e9 Isra\u00ebl de la carte !<\/title>\n<meta name=\"description\" content=\"Comment Air France a ray\u00e9 Isra\u00ebl de la carte !\" \/>\n<link rel=\"canonical\" href=\"https:\/\/www.webdo.tn\/fr\/actualite\/international\/comment-air-france-a-raye-israel-de-la-carte\/184030\/\" \/>\n<meta property=\"og:locale\" content=\"fr_FR\" \/>\n<meta property=\"og:type\" content=\"article\" \/>\n<meta property=\"og:title\" content=\"Comment Air France a &quot;ray\u00e9 Isra\u00ebl de la carte&quot; !\" \/>\n<meta property=\"og:description\" content=\"Comment Air France a ray\u00e9 Isra\u00ebl de la carte !\" \/>\n<meta property=\"og:url\" content=\"https:\/\/www.webdo.tn\/fr\/actualite\/international\/comment-air-france-a-raye-israel-de-la-carte\/184030\/\" \/>\n<meta property=\"og:site_name\" content=\"webdo\" \/>\n<meta property=\"article:publisher\" content=\"https:\/\/www.facebook.com\/webdotn\" \/>\n<meta property=\"article:published_time\" content=\"2015-08-05T14:08:00+00:00\" \/>\n<meta property=\"article:modified_time\" content=\"2025-05-19T10:10:35+00:00\" \/>\n<meta property=\"og:image\" content=\"https:\/\/www.webdo.tn\/fr\/wp-content\/uploads\/2015\/08\/carte-de-vol.jpg\" \/>\n\t<meta property=\"og:image:width\" content=\"600\" \/>\n\t<meta property=\"og:image:height\" content=\"472\" \/>\n\t<meta property=\"og:image:type\" content=\"image\/jpeg\" \/>\n<meta name=\"author\" content=\"webdo.tn\" \/>\n<meta name=\"twitter:card\" content=\"summary_large_image\" \/>\n<meta name=\"twitter:creator\" content=\"@webdo_tn\" \/>\n<meta name=\"twitter:site\" content=\"@webdo_tn\" \/>\n<meta name=\"twitter:label1\" content=\"\u00c9crit par\" \/>\n\t<meta name=\"twitter:data1\" content=\"webdo.tn\" \/>\n\t<meta name=\"twitter:label2\" content=\"Dur\u00e9e de lecture estim\u00e9e\" \/>\n\t<meta name=\"twitter:data2\" content=\"1 minute\" \/>\n<script type=\"application\/ld+json\" class=\"yoast-schema-graph\">{\"@context\":\"https:\\\/\\\/schema.org\",\"@graph\":[{\"@type\":\"NewsArticle\",\"@id\":\"https:\\\/\\\/www.webdo.tn\\\/fr\\\/actualite\\\/international\\\/comment-air-france-a-raye-israel-de-la-carte\\\/184030\\\/#article\",\"isPartOf\":{\"@id\":\"https:\\\/\\\/www.webdo.tn\\\/fr\\\/actualite\\\/international\\\/comment-air-france-a-raye-israel-de-la-carte\\\/184030\\\/\"},\"author\":{\"name\":\"webdo.tn\",\"@id\":\"https:\\\/\\\/www.webdo.tn\\\/fr\\\/#\\\/schema\\\/person\\\/9a9c6118d687c117df8ef3cc36a4d175\"},\"headline\":\"Comment Air France a \u00ab\u00a0ray\u00e9 Isra\u00ebl de la carte\u00a0\u00bb !\",\"datePublished\":\"2015-08-05T14:08:00+00:00\",\"dateModified\":\"2025-05-19T10:10:35+00:00\",\"mainEntityOfPage\":{\"@id\":\"https:\\\/\\\/www.webdo.tn\\\/fr\\\/actualite\\\/international\\\/comment-air-france-a-raye-israel-de-la-carte\\\/184030\\\/\"},\"wordCount\":243,\"commentCount\":0,\"publisher\":{\"@id\":\"https:\\\/\\\/www.webdo.tn\\\/fr\\\/#organization\"},\"image\":{\"@id\":\"https:\\\/\\\/www.webdo.tn\\\/fr\\\/actualite\\\/international\\\/comment-air-france-a-raye-israel-de-la-carte\\\/184030\\\/#primaryimage\"},\"thumbnailUrl\":\"https:\\\/\\\/www.webdo.tn\\\/fr\\\/wp-content\\\/uploads\\\/2015\\\/08\\\/carte-de-vol.jpg\",\"keywords\":[\"guerre\"],\"articleSection\":[\"International\"],\"inLanguage\":\"fr-FR\"},{\"@type\":\"WebPage\",\"@id\":\"https:\\\/\\\/www.webdo.tn\\\/fr\\\/actualite\\\/international\\\/comment-air-france-a-raye-israel-de-la-carte\\\/184030\\\/\",\"url\":\"https:\\\/\\\/www.webdo.tn\\\/fr\\\/actualite\\\/international\\\/comment-air-france-a-raye-israel-de-la-carte\\\/184030\\\/\",\"name\":\"Comment Air France a ray\u00e9 Isra\u00ebl de la carte !\",\"isPartOf\":{\"@id\":\"https:\\\/\\\/www.webdo.tn\\\/fr\\\/#website\"},\"primaryImageOfPage\":{\"@id\":\"https:\\\/\\\/www.webdo.tn\\\/fr\\\/actualite\\\/international\\\/comment-air-france-a-raye-israel-de-la-carte\\\/184030\\\/#primaryimage\"},\"image\":{\"@id\":\"https:\\\/\\\/www.webdo.tn\\\/fr\\\/actualite\\\/international\\\/comment-air-france-a-raye-israel-de-la-carte\\\/184030\\\/#primaryimage\"},\"thumbnailUrl\":\"https:\\\/\\\/www.webdo.tn\\\/fr\\\/wp-content\\\/uploads\\\/2015\\\/08\\\/carte-de-vol.jpg\",\"datePublished\":\"2015-08-05T14:08:00+00:00\",\"dateModified\":\"2025-05-19T10:10:35+00:00\",\"description\":\"Comment Air France a ray\u00e9 Isra\u00ebl de la carte !\",\"breadcrumb\":{\"@id\":\"https:\\\/\\\/www.webdo.tn\\\/fr\\\/actualite\\\/international\\\/comment-air-france-a-raye-israel-de-la-carte\\\/184030\\\/#breadcrumb\"},\"inLanguage\":\"fr-FR\",\"potentialAction\":[{\"@type\":\"ReadAction\",\"target\":[\"https:\\\/\\\/www.webdo.tn\\\/fr\\\/actualite\\\/international\\\/comment-air-france-a-raye-israel-de-la-carte\\\/184030\\\/\"]}]},{\"@type\":\"ImageObject\",\"inLanguage\":\"fr-FR\",\"@id\":\"https:\\\/\\\/www.webdo.tn\\\/fr\\\/actualite\\\/international\\\/comment-air-france-a-raye-israel-de-la-carte\\\/184030\\\/#primaryimage\",\"url\":\"https:\\\/\\\/www.webdo.tn\\\/fr\\\/wp-content\\\/uploads\\\/2015\\\/08\\\/carte-de-vol.jpg\",\"contentUrl\":\"https:\\\/\\\/www.webdo.tn\\\/fr\\\/wp-content\\\/uploads\\\/2015\\\/08\\\/carte-de-vol.jpg\",\"width\":600,\"height\":472,\"caption\":\"Comment Air France a \\\"ray\u00e9 Isra\u00ebl de la carte\\\" !\"},{\"@type\":\"BreadcrumbList\",\"@id\":\"https:\\\/\\\/www.webdo.tn\\\/fr\\\/actualite\\\/international\\\/comment-air-france-a-raye-israel-de-la-carte\\\/184030\\\/#breadcrumb\",\"itemListElement\":[{\"@type\":\"ListItem\",\"position\":1,\"name\":\"Accueil\",\"item\":\"https:\\\/\\\/www.webdo.tn\\\/fr\\\/\"},{\"@type\":\"ListItem\",\"position\":2,\"name\":\"Comment Air France a \u00ab\u00a0ray\u00e9 Isra\u00ebl de la carte\u00a0\u00bb !\"}]},{\"@type\":\"WebSite\",\"@id\":\"https:\\\/\\\/www.webdo.tn\\\/fr\\\/#website\",\"url\":\"https:\\\/\\\/www.webdo.tn\\\/fr\\\/\",\"name\":\"webdo\",\"description\":\"Tunisie - News en Tunisie et \u00e0 l&#039;international sur Webdo.tn\",\"publisher\":{\"@id\":\"https:\\\/\\\/www.webdo.tn\\\/fr\\\/#organization\"},\"potentialAction\":[{\"@type\":\"SearchAction\",\"target\":{\"@type\":\"EntryPoint\",\"urlTemplate\":\"https:\\\/\\\/www.webdo.tn\\\/fr\\\/?s={search_term_string}\"},\"query-input\":{\"@type\":\"PropertyValueSpecification\",\"valueRequired\":true,\"valueName\":\"search_term_string\"}}],\"inLanguage\":\"fr-FR\"},{\"@type\":\"Organization\",\"@id\":\"https:\\\/\\\/www.webdo.tn\\\/fr\\\/#organization\",\"name\":\"Webdo\",\"alternateName\":\"Webdo.tn\",\"url\":\"https:\\\/\\\/www.webdo.tn\\\/fr\\\/\",\"logo\":{\"@type\":\"ImageObject\",\"inLanguage\":\"fr-FR\",\"@id\":\"https:\\\/\\\/www.webdo.tn\\\/fr\\\/#\\\/schema\\\/logo\\\/image\\\/\",\"url\":\"https:\\\/\\\/www.webdo.tn\\\/fr\\\/wp-content\\\/uploads\\\/2025\\\/06\\\/Webdo-Tunisie_168377.jpg\",\"contentUrl\":\"https:\\\/\\\/www.webdo.tn\\\/fr\\\/wp-content\\\/uploads\\\/2025\\\/06\\\/Webdo-Tunisie_168377.jpg\",\"width\":301,\"height\":301,\"caption\":\"Webdo\"},\"image\":{\"@id\":\"https:\\\/\\\/www.webdo.tn\\\/fr\\\/#\\\/schema\\\/logo\\\/image\\\/\"},\"sameAs\":[\"https:\\\/\\\/www.facebook.com\\\/webdotn\",\"https:\\\/\\\/x.com\\\/webdo_tn\"],\"description\":\"Webdo est un m\u00e9dia num\u00e9rique tunisien fond\u00e9 en 2010, sp\u00e9cialis\u00e9 dans l\u2019actualit\u00e9 nationale et internationale, l\u2019\u00e9conomie, la soci\u00e9t\u00e9 et les analyses politiques. Le site s\u2019adresse \u00e0 un large public francophone et couvre l\u2019information tunisienne en temps r\u00e9el.\",\"email\":\"redac@webdo.tn\",\"legalName\":\"YNJ SARL\",\"foundingDate\":\"2010-09-06\",\"numberOfEmployees\":{\"@type\":\"QuantitativeValue\",\"minValue\":\"11\",\"maxValue\":\"50\"}},{\"@type\":\"Person\",\"@id\":\"https:\\\/\\\/www.webdo.tn\\\/fr\\\/#\\\/schema\\\/person\\\/9a9c6118d687c117df8ef3cc36a4d175\",\"name\":\"webdo.tn\",\"image\":{\"@type\":\"ImageObject\",\"inLanguage\":\"fr-FR\",\"@id\":\"https:\\\/\\\/secure.gravatar.com\\\/avatar\\\/7ce1f28c0c3bbac99ff550b85ef8e44a6950c6ee24514fb6a5489e51d06f0298?s=96&d=mm&r=g\",\"url\":\"https:\\\/\\\/secure.gravatar.com\\\/avatar\\\/7ce1f28c0c3bbac99ff550b85ef8e44a6950c6ee24514fb6a5489e51d06f0298?s=96&d=mm&r=g\",\"contentUrl\":\"https:\\\/\\\/secure.gravatar.com\\\/avatar\\\/7ce1f28c0c3bbac99ff550b85ef8e44a6950c6ee24514fb6a5489e51d06f0298?s=96&d=mm&r=g\",\"caption\":\"webdo.tn\"},\"url\":\"https:\\\/\\\/www.webdo.tn\\\/fr\\\/actualite\\\/author\\\/webdotn\\\/\"}]}<\/script>\n<!-- \/ Yoast SEO Premium plugin. -->","yoast_head_json":{"title":"Comment Air France a ray\u00e9 Isra\u00ebl de la carte !","description":"Comment Air France a ray\u00e9 Isra\u00ebl de la carte !","canonical":"https:\/\/www.webdo.tn\/fr\/actualite\/international\/comment-air-france-a-raye-israel-de-la-carte\/184030\/","og_locale":"fr_FR","og_type":"article","og_title":"Comment Air France a \"ray\u00e9 Isra\u00ebl de la carte\" !","og_description":"Comment Air France a ray\u00e9 Isra\u00ebl de la carte !","og_url":"https:\/\/www.webdo.tn\/fr\/actualite\/international\/comment-air-france-a-raye-israel-de-la-carte\/184030\/","og_site_name":"webdo","article_publisher":"https:\/\/www.facebook.com\/webdotn","article_published_time":"2015-08-05T14:08:00+00:00","article_modified_time":"2025-05-19T10:10:35+00:00","og_image":[{"width":600,"height":472,"url":"https:\/\/www.webdo.tn\/fr\/wp-content\/uploads\/2015\/08\/carte-de-vol.jpg","type":"image\/jpeg"}],"author":"webdo.tn","twitter_card":"summary_large_image","twitter_creator":"@webdo_tn","twitter_site":"@webdo_tn","twitter_misc":{"\u00c9crit par":"webdo.tn","Dur\u00e9e de lecture estim\u00e9e":"1 minute"},"schema":{"@context":"https:\/\/schema.org","@graph":[{"@type":"NewsArticle","@id":"https:\/\/www.webdo.tn\/fr\/actualite\/international\/comment-air-france-a-raye-israel-de-la-carte\/184030\/#article","isPartOf":{"@id":"https:\/\/www.webdo.tn\/fr\/actualite\/international\/comment-air-france-a-raye-israel-de-la-carte\/184030\/"},"author":{"name":"webdo.tn","@id":"https:\/\/www.webdo.tn\/fr\/#\/schema\/person\/9a9c6118d687c117df8ef3cc36a4d175"},"headline":"Comment Air France a \u00ab\u00a0ray\u00e9 Isra\u00ebl de la carte\u00a0\u00bb !","datePublished":"2015-08-05T14:08:00+00:00","dateModified":"2025-05-19T10:10:35+00:00","mainEntityOfPage":{"@id":"https:\/\/www.webdo.tn\/fr\/actualite\/international\/comment-air-france-a-raye-israel-de-la-carte\/184030\/"},"wordCount":243,"commentCount":0,"publisher":{"@id":"https:\/\/www.webdo.tn\/fr\/#organization"},"image":{"@id":"https:\/\/www.webdo.tn\/fr\/actualite\/international\/comment-air-france-a-raye-israel-de-la-carte\/184030\/#primaryimage"},"thumbnailUrl":"https:\/\/www.webdo.tn\/fr\/wp-content\/uploads\/2015\/08\/carte-de-vol.jpg","keywords":["guerre"],"articleSection":["International"],"inLanguage":"fr-FR"},{"@type":"WebPage","@id":"https:\/\/www.webdo.tn\/fr\/actualite\/international\/comment-air-france-a-raye-israel-de-la-carte\/184030\/","url":"https:\/\/www.webdo.tn\/fr\/actualite\/international\/comment-air-france-a-raye-israel-de-la-carte\/184030\/","name":"Comment Air France a ray\u00e9 Isra\u00ebl de la carte !","isPartOf":{"@id":"https:\/\/www.webdo.tn\/fr\/#website"},"primaryImageOfPage":{"@id":"https:\/\/www.webdo.tn\/fr\/actualite\/international\/comment-air-france-a-raye-israel-de-la-carte\/184030\/#primaryimage"},"image":{"@id":"https:\/\/www.webdo.tn\/fr\/actualite\/international\/comment-air-france-a-raye-israel-de-la-carte\/184030\/#primaryimage"},"thumbnailUrl":"https:\/\/www.webdo.tn\/fr\/wp-content\/uploads\/2015\/08\/carte-de-vol.jpg","datePublished":"2015-08-05T14:08:00+00:00","dateModified":"2025-05-19T10:10:35+00:00","description":"Comment Air France a ray\u00e9 Isra\u00ebl de la carte !","breadcrumb":{"@id":"https:\/\/www.webdo.tn\/fr\/actualite\/international\/comment-air-france-a-raye-israel-de-la-carte\/184030\/#breadcrumb"},"inLanguage":"fr-FR","potentialAction":[{"@type":"ReadAction","target":["https:\/\/www.webdo.tn\/fr\/actualite\/international\/comment-air-france-a-raye-israel-de-la-carte\/184030\/"]}]},{"@type":"ImageObject","inLanguage":"fr-FR","@id":"https:\/\/www.webdo.tn\/fr\/actualite\/international\/comment-air-france-a-raye-israel-de-la-carte\/184030\/#primaryimage","url":"https:\/\/www.webdo.tn\/fr\/wp-content\/uploads\/2015\/08\/carte-de-vol.jpg","contentUrl":"https:\/\/www.webdo.tn\/fr\/wp-content\/uploads\/2015\/08\/carte-de-vol.jpg","width":600,"height":472,"caption":"Comment Air France a \"ray\u00e9 Isra\u00ebl de la carte\" !"},{"@type":"BreadcrumbList","@id":"https:\/\/www.webdo.tn\/fr\/actualite\/international\/comment-air-france-a-raye-israel-de-la-carte\/184030\/#breadcrumb","itemListElement":[{"@type":"ListItem","position":1,"name":"Accueil","item":"https:\/\/www.webdo.tn\/fr\/"},{"@type":"ListItem","position":2,"name":"Comment Air France a \u00ab\u00a0ray\u00e9 Isra\u00ebl de la carte\u00a0\u00bb !"}]},{"@type":"WebSite","@id":"https:\/\/www.webdo.tn\/fr\/#website","url":"https:\/\/www.webdo.tn\/fr\/","name":"webdo","description":"Tunisie - News en Tunisie et \u00e0 l&#039;international sur Webdo.tn","publisher":{"@id":"https:\/\/www.webdo.tn\/fr\/#organization"},"potentialAction":[{"@type":"SearchAction","target":{"@type":"EntryPoint","urlTemplate":"https:\/\/www.webdo.tn\/fr\/?s={search_term_string}"},"query-input":{"@type":"PropertyValueSpecification","valueRequired":true,"valueName":"search_term_string"}}],"inLanguage":"fr-FR"},{"@type":"Organization","@id":"https:\/\/www.webdo.tn\/fr\/#organization","name":"Webdo","alternateName":"Webdo.tn","url":"https:\/\/www.webdo.tn\/fr\/","logo":{"@type":"ImageObject","inLanguage":"fr-FR","@id":"https:\/\/www.webdo.tn\/fr\/#\/schema\/logo\/image\/","url":"https:\/\/www.webdo.tn\/fr\/wp-content\/uploads\/2025\/06\/Webdo-Tunisie_168377.jpg","contentUrl":"https:\/\/www.webdo.tn\/fr\/wp-content\/uploads\/2025\/06\/Webdo-Tunisie_168377.jpg","width":301,"height":301,"caption":"Webdo"},"image":{"@id":"https:\/\/www.webdo.tn\/fr\/#\/schema\/logo\/image\/"},"sameAs":["https:\/\/www.facebook.com\/webdotn","https:\/\/x.com\/webdo_tn"],"description":"Webdo est un m\u00e9dia num\u00e9rique tunisien fond\u00e9 en 2010, sp\u00e9cialis\u00e9 dans l\u2019actualit\u00e9 nationale et internationale, l\u2019\u00e9conomie, la soci\u00e9t\u00e9 et les analyses politiques. Le site s\u2019adresse \u00e0 un large public francophone et couvre l\u2019information tunisienne en temps r\u00e9el.","email":"redac@webdo.tn","legalName":"YNJ SARL","foundingDate":"2010-09-06","numberOfEmployees":{"@type":"QuantitativeValue","minValue":"11","maxValue":"50"}},{"@type":"Person","@id":"https:\/\/www.webdo.tn\/fr\/#\/schema\/person\/9a9c6118d687c117df8ef3cc36a4d175","name":"webdo.tn","image":{"@type":"ImageObject","inLanguage":"fr-FR","@id":"https:\/\/secure.gravatar.com\/avatar\/7ce1f28c0c3bbac99ff550b85ef8e44a6950c6ee24514fb6a5489e51d06f0298?s=96&d=mm&r=g","url":"https:\/\/secure.gravatar.com\/avatar\/7ce1f28c0c3bbac99ff550b85ef8e44a6950c6ee24514fb6a5489e51d06f0298?s=96&d=mm&r=g","contentUrl":"https:\/\/secure.gravatar.com\/avatar\/7ce1f28c0c3bbac99ff550b85ef8e44a6950c6ee24514fb6a5489e51d06f0298?s=96&d=mm&r=g","caption":"webdo.tn"},"url":"https:\/\/www.webdo.tn\/fr\/actualite\/author\/webdotn\/"}]}},"_links":{"self":[{"href":"https:\/\/www.webdo.tn\/fr\/wp-json\/wp\/v2\/posts\/184030","targetHints":{"allow":["GET"]}}],"collection":[{"href":"https:\/\/www.webdo.tn\/fr\/wp-json\/wp\/v2\/posts"}],"about":[{"href":"https:\/\/www.webdo.tn\/fr\/wp-json\/wp\/v2\/types\/post"}],"author":[{"embeddable":true,"href":"https:\/\/www.webdo.tn\/fr\/wp-json\/wp\/v2\/users\/3222"}],"replies":[{"embeddable":true,"href":"https:\/\/www.webdo.tn\/fr\/wp-json\/wp\/v2\/comments?post=184030"}],"version-history":[{"count":0,"href":"https:\/\/www.webdo.tn\/fr\/wp-json\/wp\/v2\/posts\/184030\/revisions"}],"wp:featuredmedia":[{"embeddable":true,"href":"https:\/\/www.webdo.tn\/fr\/wp-json\/wp\/v2\/media\/317582"}],"wp:attachment":[{"href":"https:\/\/www.webdo.tn\/fr\/wp-json\/wp\/v2\/media?parent=184030"}],"wp:term":[{"taxonomy":"category","embeddable":true,"href":"https:\/\/www.webdo.tn\/fr\/wp-json\/wp\/v2\/categories?post=184030"},{"taxonomy":"post_tag","embeddable":true,"href":"https:\/\/www.webdo.tn\/fr\/wp-json\/wp\/v2\/tags?post=184030"}],"curies":[{"name":"wp","href":"https:\/\/api.w.org\/{rel}","templated":true}]}}