{"id":184029,"date":"2015-08-06T12:25:00","date_gmt":"2015-08-06T12:25:00","guid":{"rendered":"https:\/\/www.webdo.tn\/fr\/blog\/apres-lattentat-de-sousse-la-grande-bretagne-sattaque-a-lislamisme-extremiste-sur-son-sol\/184029\/"},"modified":"2025-05-19T10:10:40","modified_gmt":"2025-05-19T10:10:40","slug":"apres-lattentat-de-sousse-la-grande-bretagne-sattaque-a-lislamisme-extremiste-sur-son-sol","status":"publish","type":"post","link":"https:\/\/www.webdo.tn\/fr\/actualite\/international\/apres-lattentat-de-sousse-la-grande-bretagne-sattaque-a-lislamisme-extremiste-sur-son-sol\/184029\/","title":{"rendered":"Apr\u00e8s l\u2019attentat de Sousse : la Grande-Bretagne s\u2019attaque \u00e0 l\u2019islamisme extr\u00e9miste sur son sol !"},"content":{"rendered":"<p>L\u2019attentat de Sousse, qui a co\u00fbt\u00e9 la vie \u00e0 30 touristes britanniques, n\u2019a pas laiss\u00e9 indiff\u00e9rent les autorit\u00e9s anglaises qui ont d\u00e9cid\u00e9 de resserrer l\u2019\u00e9tau sur les extr\u00e9mistes vivant dans le Royaume.<\/p>\n<p>Accus\u00e9 d\u2019avoir soutenu l\u2019organisation terroriste de l\u2019EI, le c\u00e9l\u00e8bre pr\u00e9dicateur radical, Anjem Choudray, a \u00e9t\u00e9 convoqu\u00e9, hier, mercredi 4 ao\u00fbt, devant un tribunal du Royaume-Uni et plac\u00e9 en d\u00e9tention.<\/p>\n<p>Accus\u00e9 d&rsquo;avoir appel\u00e9 \u00e0 soutenir l&rsquo;organisation de l&rsquo;\u00c9tat islamique (EI) entre juin 2014 et mars 2015, cet islamiste de 48 ans, qui r\u00eave de faire appliquer la charia au Royaume-Uni et de transformer le palais de Buckingham en mosqu\u00e9e, compara\u00eetra au c\u00f4t\u00e9 de Mohammed Rahman, 32 ans, poursuivi pour les m\u00eames faits, devant le tribunal de Westminster.<\/p>\n<p>Sue Hemming, la responsable de l&rsquo;antenne de contre-terrorisme des services du procureur de la couronne, a expliqu\u00e9 dans un communiqu\u00e9 que \u00ab\u00a0Nous avons conclu qu&rsquo;il y avait suffisamment de preuves et qu&rsquo;il est dans l&rsquo;int\u00e9r\u00eat public de poursuivre Anjem Choudary et Mohammad Rahman pour avoir invit\u00e9 \u00e0 soutenir l&rsquo;EI, une organisation terroriste interdite\u00a0\u00bb.<\/p>\n<p>\u00ab\u00a0Anjem Choudary et Mohammed Rahman sont accus\u00e9s d&rsquo;avoir invit\u00e9 \u00e0 soutenir l&rsquo;EI au cours de conf\u00e9rences individuelles qui ont \u00e9t\u00e9 ensuite publi\u00e9es en ligne\u00a0\u00bb, a-t-elle pr\u00e9cis\u00e9.<\/p>\n<p>Anjem Choudary est un proche d&rsquo;Omar Bakri, actuellement d\u00e9tenu au Liban, avec lequel il a fond\u00e9 l&rsquo;organisation islamiste radicale Al-Mouhajiroun, interdite en 2010.<\/p>\n<p>Cette arrestation met fin \u00e0 des d\u00e9cennies de tol\u00e9rance du pouvoir par rapport \u00e0 la libert\u00e9 d\u2019expression et de man\u0153uvre d\u2019extr\u00e9mistes radicaux en Grande-Bretagne.<br \/>\nC.C.<\/p>\n","protected":false},"excerpt":{"rendered":"<p>Apr\u00e8s l\u2019attentat de Sousse : la Grande-Bretagne s\u2019attaque \u00e0 l\u2019islamisme extr\u00e9miste sur son sol !<\/p>\n","protected":false},"author":3222,"featured_media":317603,"comment_status":"open","ping_status":"closed","sticky":false,"template":"","format":"standard","meta":{"footnotes":""},"categories":[2598],"tags":[2600],"class_list":["post-184029","post","type-post","status-publish","format-standard","has-post-thumbnail","hentry","category-international","tag-guerre"],"yoast_head":"<!-- This site is optimized with the Yoast SEO Premium plugin v27.5 (Yoast SEO v27.5) - https:\/\/yoast.com\/product\/yoast-seo-premium-wordpress\/ -->\n<title>Apr\u00e8s l\u2019attentat de Sousse : la Grande-Bretagne s\u2019attaque \u00e0 l\u2019islamisme extr\u00e9miste sur son sol !<\/title>\n<meta name=\"description\" content=\"Apr\u00e8s l\u2019attentat de Sousse : la Grande-Bretagne s\u2019attaque \u00e0 l\u2019islamisme extr\u00e9miste sur son sol !\" \/>\n<link rel=\"canonical\" href=\"https:\/\/www.webdo.tn\/fr\/actualite\/international\/apres-lattentat-de-sousse-la-grande-bretagne-sattaque-a-lislamisme-extremiste-sur-son-sol\/184029\/\" \/>\n<meta property=\"og:locale\" content=\"fr_FR\" \/>\n<meta property=\"og:type\" content=\"article\" \/>\n<meta property=\"og:title\" content=\"Apr\u00e8s l\u2019attentat de Sousse : la Grande-Bretagne s\u2019attaque \u00e0 l\u2019islamisme extr\u00e9miste sur son sol !\" \/>\n<meta property=\"og:description\" content=\"Apr\u00e8s l\u2019attentat de Sousse : la Grande-Bretagne s\u2019attaque \u00e0 l\u2019islamisme extr\u00e9miste sur son sol !\" \/>\n<meta property=\"og:url\" content=\"https:\/\/www.webdo.tn\/fr\/actualite\/international\/apres-lattentat-de-sousse-la-grande-bretagne-sattaque-a-lislamisme-extremiste-sur-son-sol\/184029\/\" \/>\n<meta property=\"og:site_name\" content=\"webdo\" \/>\n<meta property=\"article:publisher\" content=\"https:\/\/www.facebook.com\/webdotn\" \/>\n<meta property=\"article:published_time\" content=\"2015-08-06T12:25:00+00:00\" \/>\n<meta property=\"article:modified_time\" content=\"2025-05-19T10:10:40+00:00\" \/>\n<meta property=\"og:image\" content=\"https:\/\/www.webdo.tn\/fr\/wp-content\/uploads\/2015\/08\/Anjem-Choudary-300x169-1.jpg\" \/>\n\t<meta property=\"og:image:width\" content=\"300\" \/>\n\t<meta property=\"og:image:height\" content=\"169\" \/>\n\t<meta property=\"og:image:type\" content=\"image\/jpeg\" \/>\n<meta name=\"author\" content=\"webdo.tn\" \/>\n<meta name=\"twitter:card\" content=\"summary_large_image\" \/>\n<meta name=\"twitter:creator\" content=\"@webdo_tn\" \/>\n<meta name=\"twitter:site\" content=\"@webdo_tn\" \/>\n<meta name=\"twitter:label1\" content=\"\u00c9crit par\" \/>\n\t<meta name=\"twitter:data1\" content=\"webdo.tn\" \/>\n\t<meta name=\"twitter:label2\" content=\"Dur\u00e9e de lecture estim\u00e9e\" \/>\n\t<meta name=\"twitter:data2\" content=\"1 minute\" \/>\n<script type=\"application\/ld+json\" class=\"yoast-schema-graph\">{\"@context\":\"https:\\\/\\\/schema.org\",\"@graph\":[{\"@type\":\"NewsArticle\",\"@id\":\"https:\\\/\\\/www.webdo.tn\\\/fr\\\/actualite\\\/international\\\/apres-lattentat-de-sousse-la-grande-bretagne-sattaque-a-lislamisme-extremiste-sur-son-sol\\\/184029\\\/#article\",\"isPartOf\":{\"@id\":\"https:\\\/\\\/www.webdo.tn\\\/fr\\\/actualite\\\/international\\\/apres-lattentat-de-sousse-la-grande-bretagne-sattaque-a-lislamisme-extremiste-sur-son-sol\\\/184029\\\/\"},\"author\":{\"name\":\"webdo.tn\",\"@id\":\"https:\\\/\\\/www.webdo.tn\\\/fr\\\/#\\\/schema\\\/person\\\/9a9c6118d687c117df8ef3cc36a4d175\"},\"headline\":\"Apr\u00e8s l\u2019attentat de Sousse : la Grande-Bretagne s\u2019attaque \u00e0 l\u2019islamisme extr\u00e9miste sur son sol !\",\"datePublished\":\"2015-08-06T12:25:00+00:00\",\"dateModified\":\"2025-05-19T10:10:40+00:00\",\"mainEntityOfPage\":{\"@id\":\"https:\\\/\\\/www.webdo.tn\\\/fr\\\/actualite\\\/international\\\/apres-lattentat-de-sousse-la-grande-bretagne-sattaque-a-lislamisme-extremiste-sur-son-sol\\\/184029\\\/\"},\"wordCount\":296,\"commentCount\":0,\"publisher\":{\"@id\":\"https:\\\/\\\/www.webdo.tn\\\/fr\\\/#organization\"},\"image\":{\"@id\":\"https:\\\/\\\/www.webdo.tn\\\/fr\\\/actualite\\\/international\\\/apres-lattentat-de-sousse-la-grande-bretagne-sattaque-a-lislamisme-extremiste-sur-son-sol\\\/184029\\\/#primaryimage\"},\"thumbnailUrl\":\"https:\\\/\\\/www.webdo.tn\\\/fr\\\/wp-content\\\/uploads\\\/2015\\\/08\\\/Anjem-Choudary-300x169-1.jpg\",\"keywords\":[\"guerre\"],\"articleSection\":[\"International\"],\"inLanguage\":\"fr-FR\"},{\"@type\":\"WebPage\",\"@id\":\"https:\\\/\\\/www.webdo.tn\\\/fr\\\/actualite\\\/international\\\/apres-lattentat-de-sousse-la-grande-bretagne-sattaque-a-lislamisme-extremiste-sur-son-sol\\\/184029\\\/\",\"url\":\"https:\\\/\\\/www.webdo.tn\\\/fr\\\/actualite\\\/international\\\/apres-lattentat-de-sousse-la-grande-bretagne-sattaque-a-lislamisme-extremiste-sur-son-sol\\\/184029\\\/\",\"name\":\"Apr\u00e8s l\u2019attentat de Sousse : la Grande-Bretagne s\u2019attaque \u00e0 l\u2019islamisme extr\u00e9miste sur son sol !\",\"isPartOf\":{\"@id\":\"https:\\\/\\\/www.webdo.tn\\\/fr\\\/#website\"},\"primaryImageOfPage\":{\"@id\":\"https:\\\/\\\/www.webdo.tn\\\/fr\\\/actualite\\\/international\\\/apres-lattentat-de-sousse-la-grande-bretagne-sattaque-a-lislamisme-extremiste-sur-son-sol\\\/184029\\\/#primaryimage\"},\"image\":{\"@id\":\"https:\\\/\\\/www.webdo.tn\\\/fr\\\/actualite\\\/international\\\/apres-lattentat-de-sousse-la-grande-bretagne-sattaque-a-lislamisme-extremiste-sur-son-sol\\\/184029\\\/#primaryimage\"},\"thumbnailUrl\":\"https:\\\/\\\/www.webdo.tn\\\/fr\\\/wp-content\\\/uploads\\\/2015\\\/08\\\/Anjem-Choudary-300x169-1.jpg\",\"datePublished\":\"2015-08-06T12:25:00+00:00\",\"dateModified\":\"2025-05-19T10:10:40+00:00\",\"description\":\"Apr\u00e8s l\u2019attentat de Sousse : la Grande-Bretagne s\u2019attaque \u00e0 l\u2019islamisme extr\u00e9miste sur son sol !\",\"breadcrumb\":{\"@id\":\"https:\\\/\\\/www.webdo.tn\\\/fr\\\/actualite\\\/international\\\/apres-lattentat-de-sousse-la-grande-bretagne-sattaque-a-lislamisme-extremiste-sur-son-sol\\\/184029\\\/#breadcrumb\"},\"inLanguage\":\"fr-FR\",\"potentialAction\":[{\"@type\":\"ReadAction\",\"target\":[\"https:\\\/\\\/www.webdo.tn\\\/fr\\\/actualite\\\/international\\\/apres-lattentat-de-sousse-la-grande-bretagne-sattaque-a-lislamisme-extremiste-sur-son-sol\\\/184029\\\/\"]}]},{\"@type\":\"ImageObject\",\"inLanguage\":\"fr-FR\",\"@id\":\"https:\\\/\\\/www.webdo.tn\\\/fr\\\/actualite\\\/international\\\/apres-lattentat-de-sousse-la-grande-bretagne-sattaque-a-lislamisme-extremiste-sur-son-sol\\\/184029\\\/#primaryimage\",\"url\":\"https:\\\/\\\/www.webdo.tn\\\/fr\\\/wp-content\\\/uploads\\\/2015\\\/08\\\/Anjem-Choudary-300x169-1.jpg\",\"contentUrl\":\"https:\\\/\\\/www.webdo.tn\\\/fr\\\/wp-content\\\/uploads\\\/2015\\\/08\\\/Anjem-Choudary-300x169-1.jpg\",\"width\":300,\"height\":169,\"caption\":\"Apr\u00e8s l\u2019attentat de Sousse : la Grande-Bretagne s\u2019attaque \u00e0 l\u2019islamisme extr\u00e9miste sur son sol !\"},{\"@type\":\"BreadcrumbList\",\"@id\":\"https:\\\/\\\/www.webdo.tn\\\/fr\\\/actualite\\\/international\\\/apres-lattentat-de-sousse-la-grande-bretagne-sattaque-a-lislamisme-extremiste-sur-son-sol\\\/184029\\\/#breadcrumb\",\"itemListElement\":[{\"@type\":\"ListItem\",\"position\":1,\"name\":\"Accueil\",\"item\":\"https:\\\/\\\/www.webdo.tn\\\/fr\\\/\"},{\"@type\":\"ListItem\",\"position\":2,\"name\":\"Apr\u00e8s l\u2019attentat de Sousse : la Grande-Bretagne s\u2019attaque \u00e0 l\u2019islamisme extr\u00e9miste sur son sol !\"}]},{\"@type\":\"WebSite\",\"@id\":\"https:\\\/\\\/www.webdo.tn\\\/fr\\\/#website\",\"url\":\"https:\\\/\\\/www.webdo.tn\\\/fr\\\/\",\"name\":\"webdo\",\"description\":\"Tunisie - News en Tunisie et \u00e0 l&#039;international sur Webdo.tn\",\"publisher\":{\"@id\":\"https:\\\/\\\/www.webdo.tn\\\/fr\\\/#organization\"},\"potentialAction\":[{\"@type\":\"SearchAction\",\"target\":{\"@type\":\"EntryPoint\",\"urlTemplate\":\"https:\\\/\\\/www.webdo.tn\\\/fr\\\/?s={search_term_string}\"},\"query-input\":{\"@type\":\"PropertyValueSpecification\",\"valueRequired\":true,\"valueName\":\"search_term_string\"}}],\"inLanguage\":\"fr-FR\"},{\"@type\":\"Organization\",\"@id\":\"https:\\\/\\\/www.webdo.tn\\\/fr\\\/#organization\",\"name\":\"Webdo\",\"alternateName\":\"Webdo.tn\",\"url\":\"https:\\\/\\\/www.webdo.tn\\\/fr\\\/\",\"logo\":{\"@type\":\"ImageObject\",\"inLanguage\":\"fr-FR\",\"@id\":\"https:\\\/\\\/www.webdo.tn\\\/fr\\\/#\\\/schema\\\/logo\\\/image\\\/\",\"url\":\"https:\\\/\\\/www.webdo.tn\\\/fr\\\/wp-content\\\/uploads\\\/2025\\\/06\\\/Webdo-Tunisie_168377.jpg\",\"contentUrl\":\"https:\\\/\\\/www.webdo.tn\\\/fr\\\/wp-content\\\/uploads\\\/2025\\\/06\\\/Webdo-Tunisie_168377.jpg\",\"width\":301,\"height\":301,\"caption\":\"Webdo\"},\"image\":{\"@id\":\"https:\\\/\\\/www.webdo.tn\\\/fr\\\/#\\\/schema\\\/logo\\\/image\\\/\"},\"sameAs\":[\"https:\\\/\\\/www.facebook.com\\\/webdotn\",\"https:\\\/\\\/x.com\\\/webdo_tn\"],\"description\":\"Webdo est un m\u00e9dia num\u00e9rique tunisien fond\u00e9 en 2010, sp\u00e9cialis\u00e9 dans l\u2019actualit\u00e9 nationale et internationale, l\u2019\u00e9conomie, la soci\u00e9t\u00e9 et les analyses politiques. Le site s\u2019adresse \u00e0 un large public francophone et couvre l\u2019information tunisienne en temps r\u00e9el.\",\"email\":\"redac@webdo.tn\",\"legalName\":\"YNJ SARL\",\"foundingDate\":\"2010-09-06\",\"numberOfEmployees\":{\"@type\":\"QuantitativeValue\",\"minValue\":\"11\",\"maxValue\":\"50\"}},{\"@type\":\"Person\",\"@id\":\"https:\\\/\\\/www.webdo.tn\\\/fr\\\/#\\\/schema\\\/person\\\/9a9c6118d687c117df8ef3cc36a4d175\",\"name\":\"webdo.tn\",\"image\":{\"@type\":\"ImageObject\",\"inLanguage\":\"fr-FR\",\"@id\":\"https:\\\/\\\/secure.gravatar.com\\\/avatar\\\/7ce1f28c0c3bbac99ff550b85ef8e44a6950c6ee24514fb6a5489e51d06f0298?s=96&d=mm&r=g\",\"url\":\"https:\\\/\\\/secure.gravatar.com\\\/avatar\\\/7ce1f28c0c3bbac99ff550b85ef8e44a6950c6ee24514fb6a5489e51d06f0298?s=96&d=mm&r=g\",\"contentUrl\":\"https:\\\/\\\/secure.gravatar.com\\\/avatar\\\/7ce1f28c0c3bbac99ff550b85ef8e44a6950c6ee24514fb6a5489e51d06f0298?s=96&d=mm&r=g\",\"caption\":\"webdo.tn\"},\"url\":\"https:\\\/\\\/www.webdo.tn\\\/fr\\\/actualite\\\/author\\\/webdotn\\\/\"}]}<\/script>\n<!-- \/ Yoast SEO Premium plugin. -->","yoast_head_json":{"title":"Apr\u00e8s l\u2019attentat de Sousse : la Grande-Bretagne s\u2019attaque \u00e0 l\u2019islamisme extr\u00e9miste sur son sol !","description":"Apr\u00e8s l\u2019attentat de Sousse : la Grande-Bretagne s\u2019attaque \u00e0 l\u2019islamisme extr\u00e9miste sur son sol !","canonical":"https:\/\/www.webdo.tn\/fr\/actualite\/international\/apres-lattentat-de-sousse-la-grande-bretagne-sattaque-a-lislamisme-extremiste-sur-son-sol\/184029\/","og_locale":"fr_FR","og_type":"article","og_title":"Apr\u00e8s l\u2019attentat de Sousse : la Grande-Bretagne s\u2019attaque \u00e0 l\u2019islamisme extr\u00e9miste sur son sol !","og_description":"Apr\u00e8s l\u2019attentat de Sousse : la Grande-Bretagne s\u2019attaque \u00e0 l\u2019islamisme extr\u00e9miste sur son sol !","og_url":"https:\/\/www.webdo.tn\/fr\/actualite\/international\/apres-lattentat-de-sousse-la-grande-bretagne-sattaque-a-lislamisme-extremiste-sur-son-sol\/184029\/","og_site_name":"webdo","article_publisher":"https:\/\/www.facebook.com\/webdotn","article_published_time":"2015-08-06T12:25:00+00:00","article_modified_time":"2025-05-19T10:10:40+00:00","og_image":[{"width":300,"height":169,"url":"https:\/\/www.webdo.tn\/fr\/wp-content\/uploads\/2015\/08\/Anjem-Choudary-300x169-1.jpg","type":"image\/jpeg"}],"author":"webdo.tn","twitter_card":"summary_large_image","twitter_creator":"@webdo_tn","twitter_site":"@webdo_tn","twitter_misc":{"\u00c9crit par":"webdo.tn","Dur\u00e9e de lecture estim\u00e9e":"1 minute"},"schema":{"@context":"https:\/\/schema.org","@graph":[{"@type":"NewsArticle","@id":"https:\/\/www.webdo.tn\/fr\/actualite\/international\/apres-lattentat-de-sousse-la-grande-bretagne-sattaque-a-lislamisme-extremiste-sur-son-sol\/184029\/#article","isPartOf":{"@id":"https:\/\/www.webdo.tn\/fr\/actualite\/international\/apres-lattentat-de-sousse-la-grande-bretagne-sattaque-a-lislamisme-extremiste-sur-son-sol\/184029\/"},"author":{"name":"webdo.tn","@id":"https:\/\/www.webdo.tn\/fr\/#\/schema\/person\/9a9c6118d687c117df8ef3cc36a4d175"},"headline":"Apr\u00e8s l\u2019attentat de Sousse : la Grande-Bretagne s\u2019attaque \u00e0 l\u2019islamisme extr\u00e9miste sur son sol !","datePublished":"2015-08-06T12:25:00+00:00","dateModified":"2025-05-19T10:10:40+00:00","mainEntityOfPage":{"@id":"https:\/\/www.webdo.tn\/fr\/actualite\/international\/apres-lattentat-de-sousse-la-grande-bretagne-sattaque-a-lislamisme-extremiste-sur-son-sol\/184029\/"},"wordCount":296,"commentCount":0,"publisher":{"@id":"https:\/\/www.webdo.tn\/fr\/#organization"},"image":{"@id":"https:\/\/www.webdo.tn\/fr\/actualite\/international\/apres-lattentat-de-sousse-la-grande-bretagne-sattaque-a-lislamisme-extremiste-sur-son-sol\/184029\/#primaryimage"},"thumbnailUrl":"https:\/\/www.webdo.tn\/fr\/wp-content\/uploads\/2015\/08\/Anjem-Choudary-300x169-1.jpg","keywords":["guerre"],"articleSection":["International"],"inLanguage":"fr-FR"},{"@type":"WebPage","@id":"https:\/\/www.webdo.tn\/fr\/actualite\/international\/apres-lattentat-de-sousse-la-grande-bretagne-sattaque-a-lislamisme-extremiste-sur-son-sol\/184029\/","url":"https:\/\/www.webdo.tn\/fr\/actualite\/international\/apres-lattentat-de-sousse-la-grande-bretagne-sattaque-a-lislamisme-extremiste-sur-son-sol\/184029\/","name":"Apr\u00e8s l\u2019attentat de Sousse : la Grande-Bretagne s\u2019attaque \u00e0 l\u2019islamisme extr\u00e9miste sur son sol !","isPartOf":{"@id":"https:\/\/www.webdo.tn\/fr\/#website"},"primaryImageOfPage":{"@id":"https:\/\/www.webdo.tn\/fr\/actualite\/international\/apres-lattentat-de-sousse-la-grande-bretagne-sattaque-a-lislamisme-extremiste-sur-son-sol\/184029\/#primaryimage"},"image":{"@id":"https:\/\/www.webdo.tn\/fr\/actualite\/international\/apres-lattentat-de-sousse-la-grande-bretagne-sattaque-a-lislamisme-extremiste-sur-son-sol\/184029\/#primaryimage"},"thumbnailUrl":"https:\/\/www.webdo.tn\/fr\/wp-content\/uploads\/2015\/08\/Anjem-Choudary-300x169-1.jpg","datePublished":"2015-08-06T12:25:00+00:00","dateModified":"2025-05-19T10:10:40+00:00","description":"Apr\u00e8s l\u2019attentat de Sousse : la Grande-Bretagne s\u2019attaque \u00e0 l\u2019islamisme extr\u00e9miste sur son sol !","breadcrumb":{"@id":"https:\/\/www.webdo.tn\/fr\/actualite\/international\/apres-lattentat-de-sousse-la-grande-bretagne-sattaque-a-lislamisme-extremiste-sur-son-sol\/184029\/#breadcrumb"},"inLanguage":"fr-FR","potentialAction":[{"@type":"ReadAction","target":["https:\/\/www.webdo.tn\/fr\/actualite\/international\/apres-lattentat-de-sousse-la-grande-bretagne-sattaque-a-lislamisme-extremiste-sur-son-sol\/184029\/"]}]},{"@type":"ImageObject","inLanguage":"fr-FR","@id":"https:\/\/www.webdo.tn\/fr\/actualite\/international\/apres-lattentat-de-sousse-la-grande-bretagne-sattaque-a-lislamisme-extremiste-sur-son-sol\/184029\/#primaryimage","url":"https:\/\/www.webdo.tn\/fr\/wp-content\/uploads\/2015\/08\/Anjem-Choudary-300x169-1.jpg","contentUrl":"https:\/\/www.webdo.tn\/fr\/wp-content\/uploads\/2015\/08\/Anjem-Choudary-300x169-1.jpg","width":300,"height":169,"caption":"Apr\u00e8s l\u2019attentat de Sousse : la Grande-Bretagne s\u2019attaque \u00e0 l\u2019islamisme extr\u00e9miste sur son sol !"},{"@type":"BreadcrumbList","@id":"https:\/\/www.webdo.tn\/fr\/actualite\/international\/apres-lattentat-de-sousse-la-grande-bretagne-sattaque-a-lislamisme-extremiste-sur-son-sol\/184029\/#breadcrumb","itemListElement":[{"@type":"ListItem","position":1,"name":"Accueil","item":"https:\/\/www.webdo.tn\/fr\/"},{"@type":"ListItem","position":2,"name":"Apr\u00e8s l\u2019attentat de Sousse : la Grande-Bretagne s\u2019attaque \u00e0 l\u2019islamisme extr\u00e9miste sur son sol !"}]},{"@type":"WebSite","@id":"https:\/\/www.webdo.tn\/fr\/#website","url":"https:\/\/www.webdo.tn\/fr\/","name":"webdo","description":"Tunisie - News en Tunisie et \u00e0 l&#039;international sur Webdo.tn","publisher":{"@id":"https:\/\/www.webdo.tn\/fr\/#organization"},"potentialAction":[{"@type":"SearchAction","target":{"@type":"EntryPoint","urlTemplate":"https:\/\/www.webdo.tn\/fr\/?s={search_term_string}"},"query-input":{"@type":"PropertyValueSpecification","valueRequired":true,"valueName":"search_term_string"}}],"inLanguage":"fr-FR"},{"@type":"Organization","@id":"https:\/\/www.webdo.tn\/fr\/#organization","name":"Webdo","alternateName":"Webdo.tn","url":"https:\/\/www.webdo.tn\/fr\/","logo":{"@type":"ImageObject","inLanguage":"fr-FR","@id":"https:\/\/www.webdo.tn\/fr\/#\/schema\/logo\/image\/","url":"https:\/\/www.webdo.tn\/fr\/wp-content\/uploads\/2025\/06\/Webdo-Tunisie_168377.jpg","contentUrl":"https:\/\/www.webdo.tn\/fr\/wp-content\/uploads\/2025\/06\/Webdo-Tunisie_168377.jpg","width":301,"height":301,"caption":"Webdo"},"image":{"@id":"https:\/\/www.webdo.tn\/fr\/#\/schema\/logo\/image\/"},"sameAs":["https:\/\/www.facebook.com\/webdotn","https:\/\/x.com\/webdo_tn"],"description":"Webdo est un m\u00e9dia num\u00e9rique tunisien fond\u00e9 en 2010, sp\u00e9cialis\u00e9 dans l\u2019actualit\u00e9 nationale et internationale, l\u2019\u00e9conomie, la soci\u00e9t\u00e9 et les analyses politiques. Le site s\u2019adresse \u00e0 un large public francophone et couvre l\u2019information tunisienne en temps r\u00e9el.","email":"redac@webdo.tn","legalName":"YNJ SARL","foundingDate":"2010-09-06","numberOfEmployees":{"@type":"QuantitativeValue","minValue":"11","maxValue":"50"}},{"@type":"Person","@id":"https:\/\/www.webdo.tn\/fr\/#\/schema\/person\/9a9c6118d687c117df8ef3cc36a4d175","name":"webdo.tn","image":{"@type":"ImageObject","inLanguage":"fr-FR","@id":"https:\/\/secure.gravatar.com\/avatar\/7ce1f28c0c3bbac99ff550b85ef8e44a6950c6ee24514fb6a5489e51d06f0298?s=96&d=mm&r=g","url":"https:\/\/secure.gravatar.com\/avatar\/7ce1f28c0c3bbac99ff550b85ef8e44a6950c6ee24514fb6a5489e51d06f0298?s=96&d=mm&r=g","contentUrl":"https:\/\/secure.gravatar.com\/avatar\/7ce1f28c0c3bbac99ff550b85ef8e44a6950c6ee24514fb6a5489e51d06f0298?s=96&d=mm&r=g","caption":"webdo.tn"},"url":"https:\/\/www.webdo.tn\/fr\/actualite\/author\/webdotn\/"}]}},"_links":{"self":[{"href":"https:\/\/www.webdo.tn\/fr\/wp-json\/wp\/v2\/posts\/184029","targetHints":{"allow":["GET"]}}],"collection":[{"href":"https:\/\/www.webdo.tn\/fr\/wp-json\/wp\/v2\/posts"}],"about":[{"href":"https:\/\/www.webdo.tn\/fr\/wp-json\/wp\/v2\/types\/post"}],"author":[{"embeddable":true,"href":"https:\/\/www.webdo.tn\/fr\/wp-json\/wp\/v2\/users\/3222"}],"replies":[{"embeddable":true,"href":"https:\/\/www.webdo.tn\/fr\/wp-json\/wp\/v2\/comments?post=184029"}],"version-history":[{"count":0,"href":"https:\/\/www.webdo.tn\/fr\/wp-json\/wp\/v2\/posts\/184029\/revisions"}],"wp:featuredmedia":[{"embeddable":true,"href":"https:\/\/www.webdo.tn\/fr\/wp-json\/wp\/v2\/media\/317603"}],"wp:attachment":[{"href":"https:\/\/www.webdo.tn\/fr\/wp-json\/wp\/v2\/media?parent=184029"}],"wp:term":[{"taxonomy":"category","embeddable":true,"href":"https:\/\/www.webdo.tn\/fr\/wp-json\/wp\/v2\/categories?post=184029"},{"taxonomy":"post_tag","embeddable":true,"href":"https:\/\/www.webdo.tn\/fr\/wp-json\/wp\/v2\/tags?post=184029"}],"curies":[{"name":"wp","href":"https:\/\/api.w.org\/{rel}","templated":true}]}}