{"id":184028,"date":"2015-08-06T14:10:00","date_gmt":"2015-08-06T14:10:00","guid":{"rendered":"https:\/\/www.webdo.tn\/fr\/blog\/arabie-saoudite-13-morts-et-9-blesses-dans-un-attentat-contre-une-mosquee\/184028\/"},"modified":"2025-05-19T10:10:44","modified_gmt":"2025-05-19T10:10:44","slug":"arabie-saoudite-13-morts-et-9-blesses-dans-un-attentat-contre-une-mosquee","status":"publish","type":"post","link":"https:\/\/www.webdo.tn\/fr\/actualite\/international\/arabie-saoudite-13-morts-et-9-blesses-dans-un-attentat-contre-une-mosquee\/184028\/","title":{"rendered":"Arabie Saoudite : 13 morts et 9 bless\u00e9s dans un attentat contre une mosqu\u00e9e"},"content":{"rendered":"<p>Un kamikaze s\u2019est fait exploser, ce jeudi 6 ao\u00fbt 2015, dans une mosqu\u00e9e fr\u00e9quent\u00e9e par les forces de s\u00e9curit\u00e9 en Arabie Saoudite, dans la ville d\u2019Abha. Treize personnes, en majorit\u00e9 des membres des forces de s\u00e9curit\u00e9, ont \u00e9t\u00e9 tu\u00e9es dans l&rsquo;attentat lors de la pri\u00e8re.<\/p>\n<p>Dans un communiqu\u00e9, un porte-parole du minist\u00e8re de l&rsquo;Int\u00e9rieur a indiqu\u00e9 que l&rsquo;attentat avait \u00e9t\u00e9 perp\u00e9tr\u00e9 dans une mosqu\u00e9e au QG des forces sp\u00e9ciales. \u00ab\u00a0Dix policiers et trois employ\u00e9s ont \u00e9t\u00e9 tu\u00e9s et neuf personnes bless\u00e9es dont trois gri\u00e8vement\u00a0\u00bb, a ajout\u00e9 le porte-parole, r\u00e9visant \u00e0 la baisse un premier bilan de 17 morts fourni par la t\u00e9l\u00e9vision d&rsquo;Etat El-Ikhbariya.<\/p>\n<p>Le porte-parole a laiss\u00e9 entendre qu&rsquo;il s&rsquo;agissait d&rsquo;un attentat suicide.<\/p>\n","protected":false},"excerpt":{"rendered":"<p>Arabie Saoudite : 13 morts et 9 bless\u00e9s dans un attentat contre une mosqu\u00e9e<\/p>\n","protected":false},"author":3222,"featured_media":317608,"comment_status":"open","ping_status":"closed","sticky":false,"template":"","format":"standard","meta":{"footnotes":""},"categories":[2598],"tags":[2600],"class_list":["post-184028","post","type-post","status-publish","format-standard","has-post-thumbnail","hentry","category-international","tag-guerre"],"yoast_head":"<!-- This site is optimized with the Yoast SEO Premium plugin v27.5 (Yoast SEO v27.5) - https:\/\/yoast.com\/product\/yoast-seo-premium-wordpress\/ -->\n<title>Arabie Saoudite : 13 morts et 9 bless\u00e9s dans un attentat contre une mosqu\u00e9e<\/title>\n<meta name=\"description\" content=\"Arabie Saoudite : 13 morts et 9 bless\u00e9s dans un attentat contre une mosqu\u00e9e\" \/>\n<link rel=\"canonical\" href=\"https:\/\/www.webdo.tn\/fr\/actualite\/international\/arabie-saoudite-13-morts-et-9-blesses-dans-un-attentat-contre-une-mosquee\/184028\/\" \/>\n<meta property=\"og:locale\" content=\"fr_FR\" \/>\n<meta property=\"og:type\" content=\"article\" \/>\n<meta property=\"og:title\" content=\"Arabie Saoudite : 13 morts et 9 bless\u00e9s dans un attentat contre une mosqu\u00e9e\" \/>\n<meta property=\"og:description\" content=\"Arabie Saoudite : 13 morts et 9 bless\u00e9s dans un attentat contre une mosqu\u00e9e\" \/>\n<meta property=\"og:url\" content=\"https:\/\/www.webdo.tn\/fr\/actualite\/international\/arabie-saoudite-13-morts-et-9-blesses-dans-un-attentat-contre-une-mosquee\/184028\/\" \/>\n<meta property=\"og:site_name\" content=\"webdo\" \/>\n<meta property=\"article:publisher\" content=\"https:\/\/www.facebook.com\/webdotn\" \/>\n<meta property=\"article:published_time\" content=\"2015-08-06T14:10:00+00:00\" \/>\n<meta property=\"article:modified_time\" content=\"2025-05-19T10:10:44+00:00\" \/>\n<meta property=\"og:image\" content=\"https:\/\/www.webdo.tn\/fr\/wp-content\/uploads\/2015\/08\/Attentat-A.-Saoudite-Reuters.jpg\" \/>\n\t<meta property=\"og:image:width\" content=\"600\" \/>\n\t<meta property=\"og:image:height\" content=\"336\" \/>\n\t<meta property=\"og:image:type\" content=\"image\/jpeg\" \/>\n<meta name=\"author\" content=\"webdo.tn\" \/>\n<meta name=\"twitter:card\" content=\"summary_large_image\" \/>\n<meta name=\"twitter:creator\" content=\"@webdo_tn\" \/>\n<meta name=\"twitter:site\" content=\"@webdo_tn\" \/>\n<meta name=\"twitter:label1\" content=\"\u00c9crit par\" \/>\n\t<meta name=\"twitter:data1\" content=\"webdo.tn\" \/>\n\t<meta name=\"twitter:label2\" content=\"Dur\u00e9e de lecture estim\u00e9e\" \/>\n\t<meta name=\"twitter:data2\" content=\"1 minute\" \/>\n<script type=\"application\/ld+json\" class=\"yoast-schema-graph\">{\"@context\":\"https:\\\/\\\/schema.org\",\"@graph\":[{\"@type\":\"NewsArticle\",\"@id\":\"https:\\\/\\\/www.webdo.tn\\\/fr\\\/actualite\\\/international\\\/arabie-saoudite-13-morts-et-9-blesses-dans-un-attentat-contre-une-mosquee\\\/184028\\\/#article\",\"isPartOf\":{\"@id\":\"https:\\\/\\\/www.webdo.tn\\\/fr\\\/actualite\\\/international\\\/arabie-saoudite-13-morts-et-9-blesses-dans-un-attentat-contre-une-mosquee\\\/184028\\\/\"},\"author\":{\"name\":\"webdo.tn\",\"@id\":\"https:\\\/\\\/www.webdo.tn\\\/fr\\\/#\\\/schema\\\/person\\\/9a9c6118d687c117df8ef3cc36a4d175\"},\"headline\":\"Arabie Saoudite : 13 morts et 9 bless\u00e9s dans un attentat contre une mosqu\u00e9e\",\"datePublished\":\"2015-08-06T14:10:00+00:00\",\"dateModified\":\"2025-05-19T10:10:44+00:00\",\"mainEntityOfPage\":{\"@id\":\"https:\\\/\\\/www.webdo.tn\\\/fr\\\/actualite\\\/international\\\/arabie-saoudite-13-morts-et-9-blesses-dans-un-attentat-contre-une-mosquee\\\/184028\\\/\"},\"wordCount\":152,\"commentCount\":0,\"publisher\":{\"@id\":\"https:\\\/\\\/www.webdo.tn\\\/fr\\\/#organization\"},\"image\":{\"@id\":\"https:\\\/\\\/www.webdo.tn\\\/fr\\\/actualite\\\/international\\\/arabie-saoudite-13-morts-et-9-blesses-dans-un-attentat-contre-une-mosquee\\\/184028\\\/#primaryimage\"},\"thumbnailUrl\":\"https:\\\/\\\/www.webdo.tn\\\/fr\\\/wp-content\\\/uploads\\\/2015\\\/08\\\/Attentat-A.-Saoudite-Reuters.jpg\",\"keywords\":[\"guerre\"],\"articleSection\":[\"International\"],\"inLanguage\":\"fr-FR\"},{\"@type\":\"WebPage\",\"@id\":\"https:\\\/\\\/www.webdo.tn\\\/fr\\\/actualite\\\/international\\\/arabie-saoudite-13-morts-et-9-blesses-dans-un-attentat-contre-une-mosquee\\\/184028\\\/\",\"url\":\"https:\\\/\\\/www.webdo.tn\\\/fr\\\/actualite\\\/international\\\/arabie-saoudite-13-morts-et-9-blesses-dans-un-attentat-contre-une-mosquee\\\/184028\\\/\",\"name\":\"Arabie Saoudite : 13 morts et 9 bless\u00e9s dans un attentat contre une mosqu\u00e9e\",\"isPartOf\":{\"@id\":\"https:\\\/\\\/www.webdo.tn\\\/fr\\\/#website\"},\"primaryImageOfPage\":{\"@id\":\"https:\\\/\\\/www.webdo.tn\\\/fr\\\/actualite\\\/international\\\/arabie-saoudite-13-morts-et-9-blesses-dans-un-attentat-contre-une-mosquee\\\/184028\\\/#primaryimage\"},\"image\":{\"@id\":\"https:\\\/\\\/www.webdo.tn\\\/fr\\\/actualite\\\/international\\\/arabie-saoudite-13-morts-et-9-blesses-dans-un-attentat-contre-une-mosquee\\\/184028\\\/#primaryimage\"},\"thumbnailUrl\":\"https:\\\/\\\/www.webdo.tn\\\/fr\\\/wp-content\\\/uploads\\\/2015\\\/08\\\/Attentat-A.-Saoudite-Reuters.jpg\",\"datePublished\":\"2015-08-06T14:10:00+00:00\",\"dateModified\":\"2025-05-19T10:10:44+00:00\",\"description\":\"Arabie Saoudite : 13 morts et 9 bless\u00e9s dans un attentat contre une mosqu\u00e9e\",\"breadcrumb\":{\"@id\":\"https:\\\/\\\/www.webdo.tn\\\/fr\\\/actualite\\\/international\\\/arabie-saoudite-13-morts-et-9-blesses-dans-un-attentat-contre-une-mosquee\\\/184028\\\/#breadcrumb\"},\"inLanguage\":\"fr-FR\",\"potentialAction\":[{\"@type\":\"ReadAction\",\"target\":[\"https:\\\/\\\/www.webdo.tn\\\/fr\\\/actualite\\\/international\\\/arabie-saoudite-13-morts-et-9-blesses-dans-un-attentat-contre-une-mosquee\\\/184028\\\/\"]}]},{\"@type\":\"ImageObject\",\"inLanguage\":\"fr-FR\",\"@id\":\"https:\\\/\\\/www.webdo.tn\\\/fr\\\/actualite\\\/international\\\/arabie-saoudite-13-morts-et-9-blesses-dans-un-attentat-contre-une-mosquee\\\/184028\\\/#primaryimage\",\"url\":\"https:\\\/\\\/www.webdo.tn\\\/fr\\\/wp-content\\\/uploads\\\/2015\\\/08\\\/Attentat-A.-Saoudite-Reuters.jpg\",\"contentUrl\":\"https:\\\/\\\/www.webdo.tn\\\/fr\\\/wp-content\\\/uploads\\\/2015\\\/08\\\/Attentat-A.-Saoudite-Reuters.jpg\",\"width\":600,\"height\":336,\"caption\":\"Arabie Saoudite : 13 morts et 9 bless\u00e9s dans un attentat contre une mosqu\u00e9e\"},{\"@type\":\"BreadcrumbList\",\"@id\":\"https:\\\/\\\/www.webdo.tn\\\/fr\\\/actualite\\\/international\\\/arabie-saoudite-13-morts-et-9-blesses-dans-un-attentat-contre-une-mosquee\\\/184028\\\/#breadcrumb\",\"itemListElement\":[{\"@type\":\"ListItem\",\"position\":1,\"name\":\"Accueil\",\"item\":\"https:\\\/\\\/www.webdo.tn\\\/fr\\\/\"},{\"@type\":\"ListItem\",\"position\":2,\"name\":\"Arabie Saoudite : 13 morts et 9 bless\u00e9s dans un attentat contre une mosqu\u00e9e\"}]},{\"@type\":\"WebSite\",\"@id\":\"https:\\\/\\\/www.webdo.tn\\\/fr\\\/#website\",\"url\":\"https:\\\/\\\/www.webdo.tn\\\/fr\\\/\",\"name\":\"webdo\",\"description\":\"Tunisie - News en Tunisie et \u00e0 l&#039;international sur Webdo.tn\",\"publisher\":{\"@id\":\"https:\\\/\\\/www.webdo.tn\\\/fr\\\/#organization\"},\"potentialAction\":[{\"@type\":\"SearchAction\",\"target\":{\"@type\":\"EntryPoint\",\"urlTemplate\":\"https:\\\/\\\/www.webdo.tn\\\/fr\\\/?s={search_term_string}\"},\"query-input\":{\"@type\":\"PropertyValueSpecification\",\"valueRequired\":true,\"valueName\":\"search_term_string\"}}],\"inLanguage\":\"fr-FR\"},{\"@type\":\"Organization\",\"@id\":\"https:\\\/\\\/www.webdo.tn\\\/fr\\\/#organization\",\"name\":\"Webdo\",\"alternateName\":\"Webdo.tn\",\"url\":\"https:\\\/\\\/www.webdo.tn\\\/fr\\\/\",\"logo\":{\"@type\":\"ImageObject\",\"inLanguage\":\"fr-FR\",\"@id\":\"https:\\\/\\\/www.webdo.tn\\\/fr\\\/#\\\/schema\\\/logo\\\/image\\\/\",\"url\":\"https:\\\/\\\/www.webdo.tn\\\/fr\\\/wp-content\\\/uploads\\\/2025\\\/06\\\/Webdo-Tunisie_168377.jpg\",\"contentUrl\":\"https:\\\/\\\/www.webdo.tn\\\/fr\\\/wp-content\\\/uploads\\\/2025\\\/06\\\/Webdo-Tunisie_168377.jpg\",\"width\":301,\"height\":301,\"caption\":\"Webdo\"},\"image\":{\"@id\":\"https:\\\/\\\/www.webdo.tn\\\/fr\\\/#\\\/schema\\\/logo\\\/image\\\/\"},\"sameAs\":[\"https:\\\/\\\/www.facebook.com\\\/webdotn\",\"https:\\\/\\\/x.com\\\/webdo_tn\"],\"description\":\"Webdo est un m\u00e9dia num\u00e9rique tunisien fond\u00e9 en 2010, sp\u00e9cialis\u00e9 dans l\u2019actualit\u00e9 nationale et internationale, l\u2019\u00e9conomie, la soci\u00e9t\u00e9 et les analyses politiques. Le site s\u2019adresse \u00e0 un large public francophone et couvre l\u2019information tunisienne en temps r\u00e9el.\",\"email\":\"redac@webdo.tn\",\"legalName\":\"YNJ SARL\",\"foundingDate\":\"2010-09-06\",\"numberOfEmployees\":{\"@type\":\"QuantitativeValue\",\"minValue\":\"11\",\"maxValue\":\"50\"}},{\"@type\":\"Person\",\"@id\":\"https:\\\/\\\/www.webdo.tn\\\/fr\\\/#\\\/schema\\\/person\\\/9a9c6118d687c117df8ef3cc36a4d175\",\"name\":\"webdo.tn\",\"image\":{\"@type\":\"ImageObject\",\"inLanguage\":\"fr-FR\",\"@id\":\"https:\\\/\\\/secure.gravatar.com\\\/avatar\\\/7ce1f28c0c3bbac99ff550b85ef8e44a6950c6ee24514fb6a5489e51d06f0298?s=96&d=mm&r=g\",\"url\":\"https:\\\/\\\/secure.gravatar.com\\\/avatar\\\/7ce1f28c0c3bbac99ff550b85ef8e44a6950c6ee24514fb6a5489e51d06f0298?s=96&d=mm&r=g\",\"contentUrl\":\"https:\\\/\\\/secure.gravatar.com\\\/avatar\\\/7ce1f28c0c3bbac99ff550b85ef8e44a6950c6ee24514fb6a5489e51d06f0298?s=96&d=mm&r=g\",\"caption\":\"webdo.tn\"},\"url\":\"https:\\\/\\\/www.webdo.tn\\\/fr\\\/actualite\\\/author\\\/webdotn\\\/\"}]}<\/script>\n<!-- \/ Yoast SEO Premium plugin. -->","yoast_head_json":{"title":"Arabie Saoudite : 13 morts et 9 bless\u00e9s dans un attentat contre une mosqu\u00e9e","description":"Arabie Saoudite : 13 morts et 9 bless\u00e9s dans un attentat contre une mosqu\u00e9e","canonical":"https:\/\/www.webdo.tn\/fr\/actualite\/international\/arabie-saoudite-13-morts-et-9-blesses-dans-un-attentat-contre-une-mosquee\/184028\/","og_locale":"fr_FR","og_type":"article","og_title":"Arabie Saoudite : 13 morts et 9 bless\u00e9s dans un attentat contre une mosqu\u00e9e","og_description":"Arabie Saoudite : 13 morts et 9 bless\u00e9s dans un attentat contre une mosqu\u00e9e","og_url":"https:\/\/www.webdo.tn\/fr\/actualite\/international\/arabie-saoudite-13-morts-et-9-blesses-dans-un-attentat-contre-une-mosquee\/184028\/","og_site_name":"webdo","article_publisher":"https:\/\/www.facebook.com\/webdotn","article_published_time":"2015-08-06T14:10:00+00:00","article_modified_time":"2025-05-19T10:10:44+00:00","og_image":[{"width":600,"height":336,"url":"https:\/\/www.webdo.tn\/fr\/wp-content\/uploads\/2015\/08\/Attentat-A.-Saoudite-Reuters.jpg","type":"image\/jpeg"}],"author":"webdo.tn","twitter_card":"summary_large_image","twitter_creator":"@webdo_tn","twitter_site":"@webdo_tn","twitter_misc":{"\u00c9crit par":"webdo.tn","Dur\u00e9e de lecture estim\u00e9e":"1 minute"},"schema":{"@context":"https:\/\/schema.org","@graph":[{"@type":"NewsArticle","@id":"https:\/\/www.webdo.tn\/fr\/actualite\/international\/arabie-saoudite-13-morts-et-9-blesses-dans-un-attentat-contre-une-mosquee\/184028\/#article","isPartOf":{"@id":"https:\/\/www.webdo.tn\/fr\/actualite\/international\/arabie-saoudite-13-morts-et-9-blesses-dans-un-attentat-contre-une-mosquee\/184028\/"},"author":{"name":"webdo.tn","@id":"https:\/\/www.webdo.tn\/fr\/#\/schema\/person\/9a9c6118d687c117df8ef3cc36a4d175"},"headline":"Arabie Saoudite : 13 morts et 9 bless\u00e9s dans un attentat contre une mosqu\u00e9e","datePublished":"2015-08-06T14:10:00+00:00","dateModified":"2025-05-19T10:10:44+00:00","mainEntityOfPage":{"@id":"https:\/\/www.webdo.tn\/fr\/actualite\/international\/arabie-saoudite-13-morts-et-9-blesses-dans-un-attentat-contre-une-mosquee\/184028\/"},"wordCount":152,"commentCount":0,"publisher":{"@id":"https:\/\/www.webdo.tn\/fr\/#organization"},"image":{"@id":"https:\/\/www.webdo.tn\/fr\/actualite\/international\/arabie-saoudite-13-morts-et-9-blesses-dans-un-attentat-contre-une-mosquee\/184028\/#primaryimage"},"thumbnailUrl":"https:\/\/www.webdo.tn\/fr\/wp-content\/uploads\/2015\/08\/Attentat-A.-Saoudite-Reuters.jpg","keywords":["guerre"],"articleSection":["International"],"inLanguage":"fr-FR"},{"@type":"WebPage","@id":"https:\/\/www.webdo.tn\/fr\/actualite\/international\/arabie-saoudite-13-morts-et-9-blesses-dans-un-attentat-contre-une-mosquee\/184028\/","url":"https:\/\/www.webdo.tn\/fr\/actualite\/international\/arabie-saoudite-13-morts-et-9-blesses-dans-un-attentat-contre-une-mosquee\/184028\/","name":"Arabie Saoudite : 13 morts et 9 bless\u00e9s dans un attentat contre une mosqu\u00e9e","isPartOf":{"@id":"https:\/\/www.webdo.tn\/fr\/#website"},"primaryImageOfPage":{"@id":"https:\/\/www.webdo.tn\/fr\/actualite\/international\/arabie-saoudite-13-morts-et-9-blesses-dans-un-attentat-contre-une-mosquee\/184028\/#primaryimage"},"image":{"@id":"https:\/\/www.webdo.tn\/fr\/actualite\/international\/arabie-saoudite-13-morts-et-9-blesses-dans-un-attentat-contre-une-mosquee\/184028\/#primaryimage"},"thumbnailUrl":"https:\/\/www.webdo.tn\/fr\/wp-content\/uploads\/2015\/08\/Attentat-A.-Saoudite-Reuters.jpg","datePublished":"2015-08-06T14:10:00+00:00","dateModified":"2025-05-19T10:10:44+00:00","description":"Arabie Saoudite : 13 morts et 9 bless\u00e9s dans un attentat contre une mosqu\u00e9e","breadcrumb":{"@id":"https:\/\/www.webdo.tn\/fr\/actualite\/international\/arabie-saoudite-13-morts-et-9-blesses-dans-un-attentat-contre-une-mosquee\/184028\/#breadcrumb"},"inLanguage":"fr-FR","potentialAction":[{"@type":"ReadAction","target":["https:\/\/www.webdo.tn\/fr\/actualite\/international\/arabie-saoudite-13-morts-et-9-blesses-dans-un-attentat-contre-une-mosquee\/184028\/"]}]},{"@type":"ImageObject","inLanguage":"fr-FR","@id":"https:\/\/www.webdo.tn\/fr\/actualite\/international\/arabie-saoudite-13-morts-et-9-blesses-dans-un-attentat-contre-une-mosquee\/184028\/#primaryimage","url":"https:\/\/www.webdo.tn\/fr\/wp-content\/uploads\/2015\/08\/Attentat-A.-Saoudite-Reuters.jpg","contentUrl":"https:\/\/www.webdo.tn\/fr\/wp-content\/uploads\/2015\/08\/Attentat-A.-Saoudite-Reuters.jpg","width":600,"height":336,"caption":"Arabie Saoudite : 13 morts et 9 bless\u00e9s dans un attentat contre une mosqu\u00e9e"},{"@type":"BreadcrumbList","@id":"https:\/\/www.webdo.tn\/fr\/actualite\/international\/arabie-saoudite-13-morts-et-9-blesses-dans-un-attentat-contre-une-mosquee\/184028\/#breadcrumb","itemListElement":[{"@type":"ListItem","position":1,"name":"Accueil","item":"https:\/\/www.webdo.tn\/fr\/"},{"@type":"ListItem","position":2,"name":"Arabie Saoudite : 13 morts et 9 bless\u00e9s dans un attentat contre une mosqu\u00e9e"}]},{"@type":"WebSite","@id":"https:\/\/www.webdo.tn\/fr\/#website","url":"https:\/\/www.webdo.tn\/fr\/","name":"webdo","description":"Tunisie - News en Tunisie et \u00e0 l&#039;international sur Webdo.tn","publisher":{"@id":"https:\/\/www.webdo.tn\/fr\/#organization"},"potentialAction":[{"@type":"SearchAction","target":{"@type":"EntryPoint","urlTemplate":"https:\/\/www.webdo.tn\/fr\/?s={search_term_string}"},"query-input":{"@type":"PropertyValueSpecification","valueRequired":true,"valueName":"search_term_string"}}],"inLanguage":"fr-FR"},{"@type":"Organization","@id":"https:\/\/www.webdo.tn\/fr\/#organization","name":"Webdo","alternateName":"Webdo.tn","url":"https:\/\/www.webdo.tn\/fr\/","logo":{"@type":"ImageObject","inLanguage":"fr-FR","@id":"https:\/\/www.webdo.tn\/fr\/#\/schema\/logo\/image\/","url":"https:\/\/www.webdo.tn\/fr\/wp-content\/uploads\/2025\/06\/Webdo-Tunisie_168377.jpg","contentUrl":"https:\/\/www.webdo.tn\/fr\/wp-content\/uploads\/2025\/06\/Webdo-Tunisie_168377.jpg","width":301,"height":301,"caption":"Webdo"},"image":{"@id":"https:\/\/www.webdo.tn\/fr\/#\/schema\/logo\/image\/"},"sameAs":["https:\/\/www.facebook.com\/webdotn","https:\/\/x.com\/webdo_tn"],"description":"Webdo est un m\u00e9dia num\u00e9rique tunisien fond\u00e9 en 2010, sp\u00e9cialis\u00e9 dans l\u2019actualit\u00e9 nationale et internationale, l\u2019\u00e9conomie, la soci\u00e9t\u00e9 et les analyses politiques. Le site s\u2019adresse \u00e0 un large public francophone et couvre l\u2019information tunisienne en temps r\u00e9el.","email":"redac@webdo.tn","legalName":"YNJ SARL","foundingDate":"2010-09-06","numberOfEmployees":{"@type":"QuantitativeValue","minValue":"11","maxValue":"50"}},{"@type":"Person","@id":"https:\/\/www.webdo.tn\/fr\/#\/schema\/person\/9a9c6118d687c117df8ef3cc36a4d175","name":"webdo.tn","image":{"@type":"ImageObject","inLanguage":"fr-FR","@id":"https:\/\/secure.gravatar.com\/avatar\/7ce1f28c0c3bbac99ff550b85ef8e44a6950c6ee24514fb6a5489e51d06f0298?s=96&d=mm&r=g","url":"https:\/\/secure.gravatar.com\/avatar\/7ce1f28c0c3bbac99ff550b85ef8e44a6950c6ee24514fb6a5489e51d06f0298?s=96&d=mm&r=g","contentUrl":"https:\/\/secure.gravatar.com\/avatar\/7ce1f28c0c3bbac99ff550b85ef8e44a6950c6ee24514fb6a5489e51d06f0298?s=96&d=mm&r=g","caption":"webdo.tn"},"url":"https:\/\/www.webdo.tn\/fr\/actualite\/author\/webdotn\/"}]}},"_links":{"self":[{"href":"https:\/\/www.webdo.tn\/fr\/wp-json\/wp\/v2\/posts\/184028","targetHints":{"allow":["GET"]}}],"collection":[{"href":"https:\/\/www.webdo.tn\/fr\/wp-json\/wp\/v2\/posts"}],"about":[{"href":"https:\/\/www.webdo.tn\/fr\/wp-json\/wp\/v2\/types\/post"}],"author":[{"embeddable":true,"href":"https:\/\/www.webdo.tn\/fr\/wp-json\/wp\/v2\/users\/3222"}],"replies":[{"embeddable":true,"href":"https:\/\/www.webdo.tn\/fr\/wp-json\/wp\/v2\/comments?post=184028"}],"version-history":[{"count":0,"href":"https:\/\/www.webdo.tn\/fr\/wp-json\/wp\/v2\/posts\/184028\/revisions"}],"wp:featuredmedia":[{"embeddable":true,"href":"https:\/\/www.webdo.tn\/fr\/wp-json\/wp\/v2\/media\/317608"}],"wp:attachment":[{"href":"https:\/\/www.webdo.tn\/fr\/wp-json\/wp\/v2\/media?parent=184028"}],"wp:term":[{"taxonomy":"category","embeddable":true,"href":"https:\/\/www.webdo.tn\/fr\/wp-json\/wp\/v2\/categories?post=184028"},{"taxonomy":"post_tag","embeddable":true,"href":"https:\/\/www.webdo.tn\/fr\/wp-json\/wp\/v2\/tags?post=184028"}],"curies":[{"name":"wp","href":"https:\/\/api.w.org\/{rel}","templated":true}]}}