{"id":184025,"date":"2015-08-09T15:14:00","date_gmt":"2015-08-09T15:14:00","guid":{"rendered":"https:\/\/www.webdo.tn\/fr\/blog\/palestine-6-mois-pour-les-terroristes-israeliens-responsables-de-la-mort-du-petit-ali-dawabcheh\/184025\/"},"modified":"2015-08-09T15:14:00","modified_gmt":"2015-08-09T15:14:00","slug":"palestine-6-mois-pour-les-terroristes-israeliens-responsables-de-la-mort-du-petit-ali-dawabcheh","status":"publish","type":"post","link":"https:\/\/www.webdo.tn\/fr\/actualite\/international\/palestine-6-mois-pour-les-terroristes-israeliens-responsables-de-la-mort-du-petit-ali-dawabcheh\/184025\/","title":{"rendered":"Palestine: 6 mois pour les terroristes isra\u00e9liens responsables de la mort du petit Ali Dawabcheh"},"content":{"rendered":"<p>Douma est un petit village palestinien o\u00f9 la famille\u00a0Dawabcheh vivait, papa, maman et deux petits, Ahmed,\u00a04 ans et un b\u00e9b\u00e9 de 18 mois, Ali. Le 31 juillet, il faisait tr\u00e8s chaud \u00e0 Douma et les\u00a0Dawabcheh avait laiss\u00e9 les fen\u00eatres grandes ouvertes pour avoir un peu d&rsquo;air. Ce n&rsquo;est pas de l&rsquo;air qui est entr\u00e9 mais des\u00a0cocktails Molotov lanc\u00e9s par des terroristes isra\u00e9liens.<\/p>\n<p>De la petite maison, il ne reste rien. De la petite famille, il reste l&rsquo;horreur.<\/p>\n<p>Le petit Ali, 18 mois et Saad, son papa sont morts. La maman,\u00a0Riham, se\u00a0d\u00e9bat entre la vie et la mort. Ahmed, 4 ans, semble montrer des signes de r\u00e9tablissement.<\/p>\n<p>Aujourd&rsquo;hui, dimanche 9 ao\u00fbt 2015, il y a eu des arrestations.\u00a0Me\u00efr Ettinger et Eviatar Slonim ont \u00e9t\u00e9 plac\u00e9s en d\u00e9tention administrative pour une dur\u00e9e de 6 mois renouvelables, pour le moment sans chef d&rsquo;inculpation.<\/p>\n<p>6 mois. Pas de chef d&rsquo;inculpation. M\u00eame si Benjamin Netanyahu a d\u00e9nonc\u00e9 un \u00ab\u00a0acte de terrorisme\u00a0\u00bb.<\/p>\n<p>6 mois pour la vie d&rsquo;une famille qui avait juste d\u00e9cid\u00e9 de laisser des fen\u00eatres ouvertes.<\/p>\n<p>La justice peut avoir un go\u00fbt amer, parfois.<\/p>\n","protected":false},"excerpt":{"rendered":"<p>Palestine: 6 mois pour les terroristes isra\u00e9liens responsables de la mort du petit Ali Dawabcheh<\/p>\n","protected":false},"author":3222,"featured_media":336152,"comment_status":"open","ping_status":"closed","sticky":false,"template":"","format":"standard","meta":{"footnotes":""},"categories":[2598],"tags":[2600],"class_list":["post-184025","post","type-post","status-publish","format-standard","has-post-thumbnail","hentry","category-international","tag-guerre"],"yoast_head":"<!-- This site is optimized with the Yoast SEO Premium plugin v27.5 (Yoast SEO v27.5) - https:\/\/yoast.com\/product\/yoast-seo-premium-wordpress\/ -->\n<title>Palestine: 6 mois pour les terroristes isra\u00e9liens responsables de la mort du petit Ali Dawabcheh<\/title>\n<meta name=\"description\" content=\"Palestine: 6 mois pour les terroristes isra\u00e9liens responsables de la mort du petit Ali Dawabcheh\" \/>\n<link rel=\"canonical\" href=\"https:\/\/www.webdo.tn\/fr\/actualite\/international\/palestine-6-mois-pour-les-terroristes-israeliens-responsables-de-la-mort-du-petit-ali-dawabcheh\/184025\/\" \/>\n<meta property=\"og:locale\" content=\"fr_FR\" \/>\n<meta property=\"og:type\" content=\"article\" \/>\n<meta property=\"og:title\" content=\"Palestine: 6 mois pour les terroristes isra\u00e9liens responsables de la mort du petit Ali Dawabcheh\" \/>\n<meta property=\"og:description\" content=\"Palestine: 6 mois pour les terroristes isra\u00e9liens responsables de la mort du petit Ali Dawabcheh\" \/>\n<meta property=\"og:url\" content=\"https:\/\/www.webdo.tn\/fr\/actualite\/international\/palestine-6-mois-pour-les-terroristes-israeliens-responsables-de-la-mort-du-petit-ali-dawabcheh\/184025\/\" \/>\n<meta property=\"og:site_name\" content=\"webdo\" \/>\n<meta property=\"article:publisher\" content=\"https:\/\/www.facebook.com\/webdotn\" \/>\n<meta property=\"article:published_time\" content=\"2015-08-09T15:14:00+00:00\" \/>\n<meta property=\"og:image\" content=\"https:\/\/www.webdo.tn\/fr\/wp-content\/uploads\/2015\/08\/Palestine-300x165-2.jpg\" \/>\n\t<meta property=\"og:image:width\" content=\"300\" \/>\n\t<meta property=\"og:image:height\" content=\"165\" \/>\n\t<meta property=\"og:image:type\" content=\"image\/jpeg\" \/>\n<meta name=\"author\" content=\"webdo.tn\" \/>\n<meta name=\"twitter:card\" content=\"summary_large_image\" \/>\n<meta name=\"twitter:creator\" content=\"@webdo_tn\" \/>\n<meta name=\"twitter:site\" content=\"@webdo_tn\" \/>\n<meta name=\"twitter:label1\" content=\"\u00c9crit par\" \/>\n\t<meta name=\"twitter:data1\" content=\"webdo.tn\" \/>\n\t<meta name=\"twitter:label2\" content=\"Dur\u00e9e de lecture estim\u00e9e\" \/>\n\t<meta name=\"twitter:data2\" content=\"1 minute\" \/>\n<script type=\"application\/ld+json\" class=\"yoast-schema-graph\">{\"@context\":\"https:\\\/\\\/schema.org\",\"@graph\":[{\"@type\":\"NewsArticle\",\"@id\":\"https:\\\/\\\/www.webdo.tn\\\/fr\\\/actualite\\\/international\\\/palestine-6-mois-pour-les-terroristes-israeliens-responsables-de-la-mort-du-petit-ali-dawabcheh\\\/184025\\\/#article\",\"isPartOf\":{\"@id\":\"https:\\\/\\\/www.webdo.tn\\\/fr\\\/actualite\\\/international\\\/palestine-6-mois-pour-les-terroristes-israeliens-responsables-de-la-mort-du-petit-ali-dawabcheh\\\/184025\\\/\"},\"author\":{\"name\":\"webdo.tn\",\"@id\":\"https:\\\/\\\/www.webdo.tn\\\/fr\\\/#\\\/schema\\\/person\\\/9a9c6118d687c117df8ef3cc36a4d175\"},\"headline\":\"Palestine: 6 mois pour les terroristes isra\u00e9liens responsables de la mort du petit Ali Dawabcheh\",\"datePublished\":\"2015-08-09T15:14:00+00:00\",\"mainEntityOfPage\":{\"@id\":\"https:\\\/\\\/www.webdo.tn\\\/fr\\\/actualite\\\/international\\\/palestine-6-mois-pour-les-terroristes-israeliens-responsables-de-la-mort-du-petit-ali-dawabcheh\\\/184025\\\/\"},\"wordCount\":216,\"commentCount\":0,\"publisher\":{\"@id\":\"https:\\\/\\\/www.webdo.tn\\\/fr\\\/#organization\"},\"image\":{\"@id\":\"https:\\\/\\\/www.webdo.tn\\\/fr\\\/actualite\\\/international\\\/palestine-6-mois-pour-les-terroristes-israeliens-responsables-de-la-mort-du-petit-ali-dawabcheh\\\/184025\\\/#primaryimage\"},\"thumbnailUrl\":\"https:\\\/\\\/www.webdo.tn\\\/fr\\\/wp-content\\\/uploads\\\/2015\\\/08\\\/Palestine-300x165-2.jpg\",\"keywords\":[\"guerre\"],\"articleSection\":[\"International\"],\"inLanguage\":\"fr-FR\"},{\"@type\":\"WebPage\",\"@id\":\"https:\\\/\\\/www.webdo.tn\\\/fr\\\/actualite\\\/international\\\/palestine-6-mois-pour-les-terroristes-israeliens-responsables-de-la-mort-du-petit-ali-dawabcheh\\\/184025\\\/\",\"url\":\"https:\\\/\\\/www.webdo.tn\\\/fr\\\/actualite\\\/international\\\/palestine-6-mois-pour-les-terroristes-israeliens-responsables-de-la-mort-du-petit-ali-dawabcheh\\\/184025\\\/\",\"name\":\"Palestine: 6 mois pour les terroristes isra\u00e9liens responsables de la mort du petit Ali Dawabcheh\",\"isPartOf\":{\"@id\":\"https:\\\/\\\/www.webdo.tn\\\/fr\\\/#website\"},\"primaryImageOfPage\":{\"@id\":\"https:\\\/\\\/www.webdo.tn\\\/fr\\\/actualite\\\/international\\\/palestine-6-mois-pour-les-terroristes-israeliens-responsables-de-la-mort-du-petit-ali-dawabcheh\\\/184025\\\/#primaryimage\"},\"image\":{\"@id\":\"https:\\\/\\\/www.webdo.tn\\\/fr\\\/actualite\\\/international\\\/palestine-6-mois-pour-les-terroristes-israeliens-responsables-de-la-mort-du-petit-ali-dawabcheh\\\/184025\\\/#primaryimage\"},\"thumbnailUrl\":\"https:\\\/\\\/www.webdo.tn\\\/fr\\\/wp-content\\\/uploads\\\/2015\\\/08\\\/Palestine-300x165-2.jpg\",\"datePublished\":\"2015-08-09T15:14:00+00:00\",\"description\":\"Palestine: 6 mois pour les terroristes isra\u00e9liens responsables de la mort du petit Ali Dawabcheh\",\"breadcrumb\":{\"@id\":\"https:\\\/\\\/www.webdo.tn\\\/fr\\\/actualite\\\/international\\\/palestine-6-mois-pour-les-terroristes-israeliens-responsables-de-la-mort-du-petit-ali-dawabcheh\\\/184025\\\/#breadcrumb\"},\"inLanguage\":\"fr-FR\",\"potentialAction\":[{\"@type\":\"ReadAction\",\"target\":[\"https:\\\/\\\/www.webdo.tn\\\/fr\\\/actualite\\\/international\\\/palestine-6-mois-pour-les-terroristes-israeliens-responsables-de-la-mort-du-petit-ali-dawabcheh\\\/184025\\\/\"]}]},{\"@type\":\"ImageObject\",\"inLanguage\":\"fr-FR\",\"@id\":\"https:\\\/\\\/www.webdo.tn\\\/fr\\\/actualite\\\/international\\\/palestine-6-mois-pour-les-terroristes-israeliens-responsables-de-la-mort-du-petit-ali-dawabcheh\\\/184025\\\/#primaryimage\",\"url\":\"https:\\\/\\\/www.webdo.tn\\\/fr\\\/wp-content\\\/uploads\\\/2015\\\/08\\\/Palestine-300x165-2.jpg\",\"contentUrl\":\"https:\\\/\\\/www.webdo.tn\\\/fr\\\/wp-content\\\/uploads\\\/2015\\\/08\\\/Palestine-300x165-2.jpg\",\"width\":300,\"height\":165,\"caption\":\"Palestine: 6 mois pour les terroristes isra\u00e9liens responsables de la mort du petit Ali Dawabcheh\"},{\"@type\":\"BreadcrumbList\",\"@id\":\"https:\\\/\\\/www.webdo.tn\\\/fr\\\/actualite\\\/international\\\/palestine-6-mois-pour-les-terroristes-israeliens-responsables-de-la-mort-du-petit-ali-dawabcheh\\\/184025\\\/#breadcrumb\",\"itemListElement\":[{\"@type\":\"ListItem\",\"position\":1,\"name\":\"Accueil\",\"item\":\"https:\\\/\\\/www.webdo.tn\\\/fr\\\/\"},{\"@type\":\"ListItem\",\"position\":2,\"name\":\"Palestine: 6 mois pour les terroristes isra\u00e9liens responsables de la mort du petit Ali Dawabcheh\"}]},{\"@type\":\"WebSite\",\"@id\":\"https:\\\/\\\/www.webdo.tn\\\/fr\\\/#website\",\"url\":\"https:\\\/\\\/www.webdo.tn\\\/fr\\\/\",\"name\":\"webdo\",\"description\":\"Tunisie - News en Tunisie et \u00e0 l&#039;international sur Webdo.tn\",\"publisher\":{\"@id\":\"https:\\\/\\\/www.webdo.tn\\\/fr\\\/#organization\"},\"potentialAction\":[{\"@type\":\"SearchAction\",\"target\":{\"@type\":\"EntryPoint\",\"urlTemplate\":\"https:\\\/\\\/www.webdo.tn\\\/fr\\\/?s={search_term_string}\"},\"query-input\":{\"@type\":\"PropertyValueSpecification\",\"valueRequired\":true,\"valueName\":\"search_term_string\"}}],\"inLanguage\":\"fr-FR\"},{\"@type\":\"Organization\",\"@id\":\"https:\\\/\\\/www.webdo.tn\\\/fr\\\/#organization\",\"name\":\"Webdo\",\"alternateName\":\"Webdo.tn\",\"url\":\"https:\\\/\\\/www.webdo.tn\\\/fr\\\/\",\"logo\":{\"@type\":\"ImageObject\",\"inLanguage\":\"fr-FR\",\"@id\":\"https:\\\/\\\/www.webdo.tn\\\/fr\\\/#\\\/schema\\\/logo\\\/image\\\/\",\"url\":\"https:\\\/\\\/www.webdo.tn\\\/fr\\\/wp-content\\\/uploads\\\/2025\\\/06\\\/Webdo-Tunisie_168377.jpg\",\"contentUrl\":\"https:\\\/\\\/www.webdo.tn\\\/fr\\\/wp-content\\\/uploads\\\/2025\\\/06\\\/Webdo-Tunisie_168377.jpg\",\"width\":301,\"height\":301,\"caption\":\"Webdo\"},\"image\":{\"@id\":\"https:\\\/\\\/www.webdo.tn\\\/fr\\\/#\\\/schema\\\/logo\\\/image\\\/\"},\"sameAs\":[\"https:\\\/\\\/www.facebook.com\\\/webdotn\",\"https:\\\/\\\/x.com\\\/webdo_tn\"],\"description\":\"Webdo est un m\u00e9dia num\u00e9rique tunisien fond\u00e9 en 2010, sp\u00e9cialis\u00e9 dans l\u2019actualit\u00e9 nationale et internationale, l\u2019\u00e9conomie, la soci\u00e9t\u00e9 et les analyses politiques. Le site s\u2019adresse \u00e0 un large public francophone et couvre l\u2019information tunisienne en temps r\u00e9el.\",\"email\":\"redac@webdo.tn\",\"legalName\":\"YNJ SARL\",\"foundingDate\":\"2010-09-06\",\"numberOfEmployees\":{\"@type\":\"QuantitativeValue\",\"minValue\":\"11\",\"maxValue\":\"50\"}},{\"@type\":\"Person\",\"@id\":\"https:\\\/\\\/www.webdo.tn\\\/fr\\\/#\\\/schema\\\/person\\\/9a9c6118d687c117df8ef3cc36a4d175\",\"name\":\"webdo.tn\",\"image\":{\"@type\":\"ImageObject\",\"inLanguage\":\"fr-FR\",\"@id\":\"https:\\\/\\\/secure.gravatar.com\\\/avatar\\\/7ce1f28c0c3bbac99ff550b85ef8e44a6950c6ee24514fb6a5489e51d06f0298?s=96&d=mm&r=g\",\"url\":\"https:\\\/\\\/secure.gravatar.com\\\/avatar\\\/7ce1f28c0c3bbac99ff550b85ef8e44a6950c6ee24514fb6a5489e51d06f0298?s=96&d=mm&r=g\",\"contentUrl\":\"https:\\\/\\\/secure.gravatar.com\\\/avatar\\\/7ce1f28c0c3bbac99ff550b85ef8e44a6950c6ee24514fb6a5489e51d06f0298?s=96&d=mm&r=g\",\"caption\":\"webdo.tn\"},\"url\":\"https:\\\/\\\/www.webdo.tn\\\/fr\\\/actualite\\\/author\\\/webdotn\\\/\"}]}<\/script>\n<!-- \/ Yoast SEO Premium plugin. -->","yoast_head_json":{"title":"Palestine: 6 mois pour les terroristes isra\u00e9liens responsables de la mort du petit Ali Dawabcheh","description":"Palestine: 6 mois pour les terroristes isra\u00e9liens responsables de la mort du petit Ali Dawabcheh","canonical":"https:\/\/www.webdo.tn\/fr\/actualite\/international\/palestine-6-mois-pour-les-terroristes-israeliens-responsables-de-la-mort-du-petit-ali-dawabcheh\/184025\/","og_locale":"fr_FR","og_type":"article","og_title":"Palestine: 6 mois pour les terroristes isra\u00e9liens responsables de la mort du petit Ali Dawabcheh","og_description":"Palestine: 6 mois pour les terroristes isra\u00e9liens responsables de la mort du petit Ali Dawabcheh","og_url":"https:\/\/www.webdo.tn\/fr\/actualite\/international\/palestine-6-mois-pour-les-terroristes-israeliens-responsables-de-la-mort-du-petit-ali-dawabcheh\/184025\/","og_site_name":"webdo","article_publisher":"https:\/\/www.facebook.com\/webdotn","article_published_time":"2015-08-09T15:14:00+00:00","og_image":[{"width":300,"height":165,"url":"https:\/\/www.webdo.tn\/fr\/wp-content\/uploads\/2015\/08\/Palestine-300x165-2.jpg","type":"image\/jpeg"}],"author":"webdo.tn","twitter_card":"summary_large_image","twitter_creator":"@webdo_tn","twitter_site":"@webdo_tn","twitter_misc":{"\u00c9crit par":"webdo.tn","Dur\u00e9e de lecture estim\u00e9e":"1 minute"},"schema":{"@context":"https:\/\/schema.org","@graph":[{"@type":"NewsArticle","@id":"https:\/\/www.webdo.tn\/fr\/actualite\/international\/palestine-6-mois-pour-les-terroristes-israeliens-responsables-de-la-mort-du-petit-ali-dawabcheh\/184025\/#article","isPartOf":{"@id":"https:\/\/www.webdo.tn\/fr\/actualite\/international\/palestine-6-mois-pour-les-terroristes-israeliens-responsables-de-la-mort-du-petit-ali-dawabcheh\/184025\/"},"author":{"name":"webdo.tn","@id":"https:\/\/www.webdo.tn\/fr\/#\/schema\/person\/9a9c6118d687c117df8ef3cc36a4d175"},"headline":"Palestine: 6 mois pour les terroristes isra\u00e9liens responsables de la mort du petit Ali Dawabcheh","datePublished":"2015-08-09T15:14:00+00:00","mainEntityOfPage":{"@id":"https:\/\/www.webdo.tn\/fr\/actualite\/international\/palestine-6-mois-pour-les-terroristes-israeliens-responsables-de-la-mort-du-petit-ali-dawabcheh\/184025\/"},"wordCount":216,"commentCount":0,"publisher":{"@id":"https:\/\/www.webdo.tn\/fr\/#organization"},"image":{"@id":"https:\/\/www.webdo.tn\/fr\/actualite\/international\/palestine-6-mois-pour-les-terroristes-israeliens-responsables-de-la-mort-du-petit-ali-dawabcheh\/184025\/#primaryimage"},"thumbnailUrl":"https:\/\/www.webdo.tn\/fr\/wp-content\/uploads\/2015\/08\/Palestine-300x165-2.jpg","keywords":["guerre"],"articleSection":["International"],"inLanguage":"fr-FR"},{"@type":"WebPage","@id":"https:\/\/www.webdo.tn\/fr\/actualite\/international\/palestine-6-mois-pour-les-terroristes-israeliens-responsables-de-la-mort-du-petit-ali-dawabcheh\/184025\/","url":"https:\/\/www.webdo.tn\/fr\/actualite\/international\/palestine-6-mois-pour-les-terroristes-israeliens-responsables-de-la-mort-du-petit-ali-dawabcheh\/184025\/","name":"Palestine: 6 mois pour les terroristes isra\u00e9liens responsables de la mort du petit Ali Dawabcheh","isPartOf":{"@id":"https:\/\/www.webdo.tn\/fr\/#website"},"primaryImageOfPage":{"@id":"https:\/\/www.webdo.tn\/fr\/actualite\/international\/palestine-6-mois-pour-les-terroristes-israeliens-responsables-de-la-mort-du-petit-ali-dawabcheh\/184025\/#primaryimage"},"image":{"@id":"https:\/\/www.webdo.tn\/fr\/actualite\/international\/palestine-6-mois-pour-les-terroristes-israeliens-responsables-de-la-mort-du-petit-ali-dawabcheh\/184025\/#primaryimage"},"thumbnailUrl":"https:\/\/www.webdo.tn\/fr\/wp-content\/uploads\/2015\/08\/Palestine-300x165-2.jpg","datePublished":"2015-08-09T15:14:00+00:00","description":"Palestine: 6 mois pour les terroristes isra\u00e9liens responsables de la mort du petit Ali Dawabcheh","breadcrumb":{"@id":"https:\/\/www.webdo.tn\/fr\/actualite\/international\/palestine-6-mois-pour-les-terroristes-israeliens-responsables-de-la-mort-du-petit-ali-dawabcheh\/184025\/#breadcrumb"},"inLanguage":"fr-FR","potentialAction":[{"@type":"ReadAction","target":["https:\/\/www.webdo.tn\/fr\/actualite\/international\/palestine-6-mois-pour-les-terroristes-israeliens-responsables-de-la-mort-du-petit-ali-dawabcheh\/184025\/"]}]},{"@type":"ImageObject","inLanguage":"fr-FR","@id":"https:\/\/www.webdo.tn\/fr\/actualite\/international\/palestine-6-mois-pour-les-terroristes-israeliens-responsables-de-la-mort-du-petit-ali-dawabcheh\/184025\/#primaryimage","url":"https:\/\/www.webdo.tn\/fr\/wp-content\/uploads\/2015\/08\/Palestine-300x165-2.jpg","contentUrl":"https:\/\/www.webdo.tn\/fr\/wp-content\/uploads\/2015\/08\/Palestine-300x165-2.jpg","width":300,"height":165,"caption":"Palestine: 6 mois pour les terroristes isra\u00e9liens responsables de la mort du petit Ali Dawabcheh"},{"@type":"BreadcrumbList","@id":"https:\/\/www.webdo.tn\/fr\/actualite\/international\/palestine-6-mois-pour-les-terroristes-israeliens-responsables-de-la-mort-du-petit-ali-dawabcheh\/184025\/#breadcrumb","itemListElement":[{"@type":"ListItem","position":1,"name":"Accueil","item":"https:\/\/www.webdo.tn\/fr\/"},{"@type":"ListItem","position":2,"name":"Palestine: 6 mois pour les terroristes isra\u00e9liens responsables de la mort du petit Ali Dawabcheh"}]},{"@type":"WebSite","@id":"https:\/\/www.webdo.tn\/fr\/#website","url":"https:\/\/www.webdo.tn\/fr\/","name":"webdo","description":"Tunisie - News en Tunisie et \u00e0 l&#039;international sur Webdo.tn","publisher":{"@id":"https:\/\/www.webdo.tn\/fr\/#organization"},"potentialAction":[{"@type":"SearchAction","target":{"@type":"EntryPoint","urlTemplate":"https:\/\/www.webdo.tn\/fr\/?s={search_term_string}"},"query-input":{"@type":"PropertyValueSpecification","valueRequired":true,"valueName":"search_term_string"}}],"inLanguage":"fr-FR"},{"@type":"Organization","@id":"https:\/\/www.webdo.tn\/fr\/#organization","name":"Webdo","alternateName":"Webdo.tn","url":"https:\/\/www.webdo.tn\/fr\/","logo":{"@type":"ImageObject","inLanguage":"fr-FR","@id":"https:\/\/www.webdo.tn\/fr\/#\/schema\/logo\/image\/","url":"https:\/\/www.webdo.tn\/fr\/wp-content\/uploads\/2025\/06\/Webdo-Tunisie_168377.jpg","contentUrl":"https:\/\/www.webdo.tn\/fr\/wp-content\/uploads\/2025\/06\/Webdo-Tunisie_168377.jpg","width":301,"height":301,"caption":"Webdo"},"image":{"@id":"https:\/\/www.webdo.tn\/fr\/#\/schema\/logo\/image\/"},"sameAs":["https:\/\/www.facebook.com\/webdotn","https:\/\/x.com\/webdo_tn"],"description":"Webdo est un m\u00e9dia num\u00e9rique tunisien fond\u00e9 en 2010, sp\u00e9cialis\u00e9 dans l\u2019actualit\u00e9 nationale et internationale, l\u2019\u00e9conomie, la soci\u00e9t\u00e9 et les analyses politiques. Le site s\u2019adresse \u00e0 un large public francophone et couvre l\u2019information tunisienne en temps r\u00e9el.","email":"redac@webdo.tn","legalName":"YNJ SARL","foundingDate":"2010-09-06","numberOfEmployees":{"@type":"QuantitativeValue","minValue":"11","maxValue":"50"}},{"@type":"Person","@id":"https:\/\/www.webdo.tn\/fr\/#\/schema\/person\/9a9c6118d687c117df8ef3cc36a4d175","name":"webdo.tn","image":{"@type":"ImageObject","inLanguage":"fr-FR","@id":"https:\/\/secure.gravatar.com\/avatar\/7ce1f28c0c3bbac99ff550b85ef8e44a6950c6ee24514fb6a5489e51d06f0298?s=96&d=mm&r=g","url":"https:\/\/secure.gravatar.com\/avatar\/7ce1f28c0c3bbac99ff550b85ef8e44a6950c6ee24514fb6a5489e51d06f0298?s=96&d=mm&r=g","contentUrl":"https:\/\/secure.gravatar.com\/avatar\/7ce1f28c0c3bbac99ff550b85ef8e44a6950c6ee24514fb6a5489e51d06f0298?s=96&d=mm&r=g","caption":"webdo.tn"},"url":"https:\/\/www.webdo.tn\/fr\/actualite\/author\/webdotn\/"}]}},"_links":{"self":[{"href":"https:\/\/www.webdo.tn\/fr\/wp-json\/wp\/v2\/posts\/184025","targetHints":{"allow":["GET"]}}],"collection":[{"href":"https:\/\/www.webdo.tn\/fr\/wp-json\/wp\/v2\/posts"}],"about":[{"href":"https:\/\/www.webdo.tn\/fr\/wp-json\/wp\/v2\/types\/post"}],"author":[{"embeddable":true,"href":"https:\/\/www.webdo.tn\/fr\/wp-json\/wp\/v2\/users\/3222"}],"replies":[{"embeddable":true,"href":"https:\/\/www.webdo.tn\/fr\/wp-json\/wp\/v2\/comments?post=184025"}],"version-history":[{"count":0,"href":"https:\/\/www.webdo.tn\/fr\/wp-json\/wp\/v2\/posts\/184025\/revisions"}],"wp:featuredmedia":[{"embeddable":true,"href":"https:\/\/www.webdo.tn\/fr\/wp-json\/wp\/v2\/media\/336152"}],"wp:attachment":[{"href":"https:\/\/www.webdo.tn\/fr\/wp-json\/wp\/v2\/media?parent=184025"}],"wp:term":[{"taxonomy":"category","embeddable":true,"href":"https:\/\/www.webdo.tn\/fr\/wp-json\/wp\/v2\/categories?post=184025"},{"taxonomy":"post_tag","embeddable":true,"href":"https:\/\/www.webdo.tn\/fr\/wp-json\/wp\/v2\/tags?post=184025"}],"curies":[{"name":"wp","href":"https:\/\/api.w.org\/{rel}","templated":true}]}}