{"id":184024,"date":"2015-08-09T23:38:00","date_gmt":"2015-08-09T23:38:00","guid":{"rendered":"https:\/\/www.webdo.tn\/fr\/blog\/une-mosquee-geree-par-des-femmes-va-ouvrir-ses-portes-en-grande-bretagne\/184024\/"},"modified":"2015-08-09T23:38:00","modified_gmt":"2015-08-09T23:38:00","slug":"une-mosquee-geree-par-des-femmes-va-ouvrir-ses-portes-en-grande-bretagne","status":"publish","type":"post","link":"https:\/\/www.webdo.tn\/fr\/actualite\/international\/une-mosquee-geree-par-des-femmes-va-ouvrir-ses-portes-en-grande-bretagne\/184024\/","title":{"rendered":"Une mosqu\u00e9e g\u00e9r\u00e9e par des femmes va ouvrir ses portes en Grande-Bretagne"},"content":{"rendered":"<p>Bana Gora, fondatrice du Muslim Women&rsquo;s Council est \u00e0 l\u2019origine de s\u00e9rieux remous \u00e0 Bradford, en Grande-Bretagne. Elle a d\u00e9cid\u00e9 de cr\u00e9er une mosqu\u00e9e tenue et g\u00e9r\u00e9e par des femmes qui proposerait en plus de la pri\u00e8re, des conseils juridiques, de l\u2019aide parentale, de la nourriture pour les sans-abris, une assistance en cas de divorce ou de deuil\u2026<br \/>\n\u00ab Toute mon enfance et mon adolescence, je ne pouvais pas aller prier \u00e0 la mosqu\u00e9e, le vendredi avec mon p\u00e8re et mon fr\u00e8re parce que \u00e7a ne se faisait pas. Avec mes s\u0153urs, on priait \u00e0 la maison \u00bb.<br \/>\nBeaucoup d\u2019hommes consid\u00e8rent que les femmes sont une distraction lors de la pri\u00e8re et pr\u00e9f\u00e8rent rester entre hommes. La mosqu\u00e9e en Grande-Bretagne est un univers masculin.<br \/>\n\u00ab On nous enseigne que l&rsquo;islam traite les hommes et les femmes comme des \u00e9gaux spirituels. La pratique qui s\u00e9pare hommes et femmes dans les mosqu\u00e9es contredit ces principes. \u00bb<br \/>\nPour Bana Gana, il ne s&rsquo;agit pas d&rsquo;exclure les hommes, mais de cr\u00e9er un lieu dans lequel les femmes ne se sentent pas juste tol\u00e9r\u00e9es. Les pri\u00e8res seront r\u00e9alis\u00e9es par un imam et la mosqu\u00e9e sera ouverte \u00e0 tous : hommes, femmes et enfants et aussi bien aux sunnites qu&rsquo;aux chiites.<br \/>\nLe projet devrait commencer au mois de septembre prochain. La mosqu\u00e9e devrait \u00eatre pr\u00eate en 2018.<\/p>\n","protected":false},"excerpt":{"rendered":"<p>Une mosqu\u00e9e g\u00e9r\u00e9e par des femmes va ouvrir ses portes en Grande-Bretagne<\/p>\n","protected":false},"author":3222,"featured_media":336156,"comment_status":"open","ping_status":"closed","sticky":false,"template":"","format":"standard","meta":{"footnotes":""},"categories":[2598],"tags":[2600],"class_list":["post-184024","post","type-post","status-publish","format-standard","has-post-thumbnail","hentry","category-international","tag-guerre"],"yoast_head":"<!-- This site is optimized with the Yoast SEO Premium plugin v27.5 (Yoast SEO v27.5) - https:\/\/yoast.com\/product\/yoast-seo-premium-wordpress\/ -->\n<title>Une mosqu\u00e9e g\u00e9r\u00e9e par des femmes va ouvrir ses portes en Grande-Bretagne<\/title>\n<meta name=\"description\" content=\"Une mosqu\u00e9e g\u00e9r\u00e9e par des femmes va ouvrir ses portes en Grande-Bretagne\" \/>\n<link rel=\"canonical\" href=\"https:\/\/www.webdo.tn\/fr\/actualite\/international\/une-mosquee-geree-par-des-femmes-va-ouvrir-ses-portes-en-grande-bretagne\/184024\/\" \/>\n<meta property=\"og:locale\" content=\"fr_FR\" \/>\n<meta property=\"og:type\" content=\"article\" \/>\n<meta property=\"og:title\" content=\"Une mosqu\u00e9e g\u00e9r\u00e9e par des femmes va ouvrir ses portes en Grande-Bretagne\" \/>\n<meta property=\"og:description\" content=\"Une mosqu\u00e9e g\u00e9r\u00e9e par des femmes va ouvrir ses portes en Grande-Bretagne\" \/>\n<meta property=\"og:url\" content=\"https:\/\/www.webdo.tn\/fr\/actualite\/international\/une-mosquee-geree-par-des-femmes-va-ouvrir-ses-portes-en-grande-bretagne\/184024\/\" \/>\n<meta property=\"og:site_name\" content=\"webdo\" \/>\n<meta property=\"article:publisher\" content=\"https:\/\/www.facebook.com\/webdotn\" \/>\n<meta property=\"article:published_time\" content=\"2015-08-09T23:38:00+00:00\" \/>\n<meta property=\"og:image\" content=\"https:\/\/www.webdo.tn\/fr\/wp-content\/uploads\/2015\/08\/mosquee_femmes_los_angeles_2-300x158-1.jpg\" \/>\n\t<meta property=\"og:image:width\" content=\"300\" \/>\n\t<meta property=\"og:image:height\" content=\"158\" \/>\n\t<meta property=\"og:image:type\" content=\"image\/jpeg\" \/>\n<meta name=\"author\" content=\"webdo.tn\" \/>\n<meta name=\"twitter:card\" content=\"summary_large_image\" \/>\n<meta name=\"twitter:creator\" content=\"@webdo_tn\" \/>\n<meta name=\"twitter:site\" content=\"@webdo_tn\" \/>\n<meta name=\"twitter:label1\" content=\"\u00c9crit par\" \/>\n\t<meta name=\"twitter:data1\" content=\"webdo.tn\" \/>\n\t<meta name=\"twitter:label2\" content=\"Dur\u00e9e de lecture estim\u00e9e\" \/>\n\t<meta name=\"twitter:data2\" content=\"1 minute\" \/>\n<script type=\"application\/ld+json\" class=\"yoast-schema-graph\">{\"@context\":\"https:\\\/\\\/schema.org\",\"@graph\":[{\"@type\":\"NewsArticle\",\"@id\":\"https:\\\/\\\/www.webdo.tn\\\/fr\\\/actualite\\\/international\\\/une-mosquee-geree-par-des-femmes-va-ouvrir-ses-portes-en-grande-bretagne\\\/184024\\\/#article\",\"isPartOf\":{\"@id\":\"https:\\\/\\\/www.webdo.tn\\\/fr\\\/actualite\\\/international\\\/une-mosquee-geree-par-des-femmes-va-ouvrir-ses-portes-en-grande-bretagne\\\/184024\\\/\"},\"author\":{\"name\":\"webdo.tn\",\"@id\":\"https:\\\/\\\/www.webdo.tn\\\/fr\\\/#\\\/schema\\\/person\\\/9a9c6118d687c117df8ef3cc36a4d175\"},\"headline\":\"Une mosqu\u00e9e g\u00e9r\u00e9e par des femmes va ouvrir ses portes en Grande-Bretagne\",\"datePublished\":\"2015-08-09T23:38:00+00:00\",\"mainEntityOfPage\":{\"@id\":\"https:\\\/\\\/www.webdo.tn\\\/fr\\\/actualite\\\/international\\\/une-mosquee-geree-par-des-femmes-va-ouvrir-ses-portes-en-grande-bretagne\\\/184024\\\/\"},\"wordCount\":260,\"commentCount\":0,\"publisher\":{\"@id\":\"https:\\\/\\\/www.webdo.tn\\\/fr\\\/#organization\"},\"image\":{\"@id\":\"https:\\\/\\\/www.webdo.tn\\\/fr\\\/actualite\\\/international\\\/une-mosquee-geree-par-des-femmes-va-ouvrir-ses-portes-en-grande-bretagne\\\/184024\\\/#primaryimage\"},\"thumbnailUrl\":\"https:\\\/\\\/www.webdo.tn\\\/fr\\\/wp-content\\\/uploads\\\/2015\\\/08\\\/mosquee_femmes_los_angeles_2-300x158-1.jpg\",\"keywords\":[\"guerre\"],\"articleSection\":[\"International\"],\"inLanguage\":\"fr-FR\"},{\"@type\":\"WebPage\",\"@id\":\"https:\\\/\\\/www.webdo.tn\\\/fr\\\/actualite\\\/international\\\/une-mosquee-geree-par-des-femmes-va-ouvrir-ses-portes-en-grande-bretagne\\\/184024\\\/\",\"url\":\"https:\\\/\\\/www.webdo.tn\\\/fr\\\/actualite\\\/international\\\/une-mosquee-geree-par-des-femmes-va-ouvrir-ses-portes-en-grande-bretagne\\\/184024\\\/\",\"name\":\"Une mosqu\u00e9e g\u00e9r\u00e9e par des femmes va ouvrir ses portes en Grande-Bretagne\",\"isPartOf\":{\"@id\":\"https:\\\/\\\/www.webdo.tn\\\/fr\\\/#website\"},\"primaryImageOfPage\":{\"@id\":\"https:\\\/\\\/www.webdo.tn\\\/fr\\\/actualite\\\/international\\\/une-mosquee-geree-par-des-femmes-va-ouvrir-ses-portes-en-grande-bretagne\\\/184024\\\/#primaryimage\"},\"image\":{\"@id\":\"https:\\\/\\\/www.webdo.tn\\\/fr\\\/actualite\\\/international\\\/une-mosquee-geree-par-des-femmes-va-ouvrir-ses-portes-en-grande-bretagne\\\/184024\\\/#primaryimage\"},\"thumbnailUrl\":\"https:\\\/\\\/www.webdo.tn\\\/fr\\\/wp-content\\\/uploads\\\/2015\\\/08\\\/mosquee_femmes_los_angeles_2-300x158-1.jpg\",\"datePublished\":\"2015-08-09T23:38:00+00:00\",\"description\":\"Une mosqu\u00e9e g\u00e9r\u00e9e par des femmes va ouvrir ses portes en Grande-Bretagne\",\"breadcrumb\":{\"@id\":\"https:\\\/\\\/www.webdo.tn\\\/fr\\\/actualite\\\/international\\\/une-mosquee-geree-par-des-femmes-va-ouvrir-ses-portes-en-grande-bretagne\\\/184024\\\/#breadcrumb\"},\"inLanguage\":\"fr-FR\",\"potentialAction\":[{\"@type\":\"ReadAction\",\"target\":[\"https:\\\/\\\/www.webdo.tn\\\/fr\\\/actualite\\\/international\\\/une-mosquee-geree-par-des-femmes-va-ouvrir-ses-portes-en-grande-bretagne\\\/184024\\\/\"]}]},{\"@type\":\"ImageObject\",\"inLanguage\":\"fr-FR\",\"@id\":\"https:\\\/\\\/www.webdo.tn\\\/fr\\\/actualite\\\/international\\\/une-mosquee-geree-par-des-femmes-va-ouvrir-ses-portes-en-grande-bretagne\\\/184024\\\/#primaryimage\",\"url\":\"https:\\\/\\\/www.webdo.tn\\\/fr\\\/wp-content\\\/uploads\\\/2015\\\/08\\\/mosquee_femmes_los_angeles_2-300x158-1.jpg\",\"contentUrl\":\"https:\\\/\\\/www.webdo.tn\\\/fr\\\/wp-content\\\/uploads\\\/2015\\\/08\\\/mosquee_femmes_los_angeles_2-300x158-1.jpg\",\"width\":300,\"height\":158,\"caption\":\"Une mosqu\u00e9e g\u00e9r\u00e9e par des femmes va ouvrir ses portes en Grande-Bretagne\"},{\"@type\":\"BreadcrumbList\",\"@id\":\"https:\\\/\\\/www.webdo.tn\\\/fr\\\/actualite\\\/international\\\/une-mosquee-geree-par-des-femmes-va-ouvrir-ses-portes-en-grande-bretagne\\\/184024\\\/#breadcrumb\",\"itemListElement\":[{\"@type\":\"ListItem\",\"position\":1,\"name\":\"Accueil\",\"item\":\"https:\\\/\\\/www.webdo.tn\\\/fr\\\/\"},{\"@type\":\"ListItem\",\"position\":2,\"name\":\"Une mosqu\u00e9e g\u00e9r\u00e9e par des femmes va ouvrir ses portes en Grande-Bretagne\"}]},{\"@type\":\"WebSite\",\"@id\":\"https:\\\/\\\/www.webdo.tn\\\/fr\\\/#website\",\"url\":\"https:\\\/\\\/www.webdo.tn\\\/fr\\\/\",\"name\":\"webdo\",\"description\":\"Tunisie - News en Tunisie et \u00e0 l&#039;international sur Webdo.tn\",\"publisher\":{\"@id\":\"https:\\\/\\\/www.webdo.tn\\\/fr\\\/#organization\"},\"potentialAction\":[{\"@type\":\"SearchAction\",\"target\":{\"@type\":\"EntryPoint\",\"urlTemplate\":\"https:\\\/\\\/www.webdo.tn\\\/fr\\\/?s={search_term_string}\"},\"query-input\":{\"@type\":\"PropertyValueSpecification\",\"valueRequired\":true,\"valueName\":\"search_term_string\"}}],\"inLanguage\":\"fr-FR\"},{\"@type\":\"Organization\",\"@id\":\"https:\\\/\\\/www.webdo.tn\\\/fr\\\/#organization\",\"name\":\"Webdo\",\"alternateName\":\"Webdo.tn\",\"url\":\"https:\\\/\\\/www.webdo.tn\\\/fr\\\/\",\"logo\":{\"@type\":\"ImageObject\",\"inLanguage\":\"fr-FR\",\"@id\":\"https:\\\/\\\/www.webdo.tn\\\/fr\\\/#\\\/schema\\\/logo\\\/image\\\/\",\"url\":\"https:\\\/\\\/www.webdo.tn\\\/fr\\\/wp-content\\\/uploads\\\/2025\\\/06\\\/Webdo-Tunisie_168377.jpg\",\"contentUrl\":\"https:\\\/\\\/www.webdo.tn\\\/fr\\\/wp-content\\\/uploads\\\/2025\\\/06\\\/Webdo-Tunisie_168377.jpg\",\"width\":301,\"height\":301,\"caption\":\"Webdo\"},\"image\":{\"@id\":\"https:\\\/\\\/www.webdo.tn\\\/fr\\\/#\\\/schema\\\/logo\\\/image\\\/\"},\"sameAs\":[\"https:\\\/\\\/www.facebook.com\\\/webdotn\",\"https:\\\/\\\/x.com\\\/webdo_tn\"],\"description\":\"Webdo est un m\u00e9dia num\u00e9rique tunisien fond\u00e9 en 2010, sp\u00e9cialis\u00e9 dans l\u2019actualit\u00e9 nationale et internationale, l\u2019\u00e9conomie, la soci\u00e9t\u00e9 et les analyses politiques. Le site s\u2019adresse \u00e0 un large public francophone et couvre l\u2019information tunisienne en temps r\u00e9el.\",\"email\":\"redac@webdo.tn\",\"legalName\":\"YNJ SARL\",\"foundingDate\":\"2010-09-06\",\"numberOfEmployees\":{\"@type\":\"QuantitativeValue\",\"minValue\":\"11\",\"maxValue\":\"50\"}},{\"@type\":\"Person\",\"@id\":\"https:\\\/\\\/www.webdo.tn\\\/fr\\\/#\\\/schema\\\/person\\\/9a9c6118d687c117df8ef3cc36a4d175\",\"name\":\"webdo.tn\",\"image\":{\"@type\":\"ImageObject\",\"inLanguage\":\"fr-FR\",\"@id\":\"https:\\\/\\\/secure.gravatar.com\\\/avatar\\\/7ce1f28c0c3bbac99ff550b85ef8e44a6950c6ee24514fb6a5489e51d06f0298?s=96&d=mm&r=g\",\"url\":\"https:\\\/\\\/secure.gravatar.com\\\/avatar\\\/7ce1f28c0c3bbac99ff550b85ef8e44a6950c6ee24514fb6a5489e51d06f0298?s=96&d=mm&r=g\",\"contentUrl\":\"https:\\\/\\\/secure.gravatar.com\\\/avatar\\\/7ce1f28c0c3bbac99ff550b85ef8e44a6950c6ee24514fb6a5489e51d06f0298?s=96&d=mm&r=g\",\"caption\":\"webdo.tn\"},\"url\":\"https:\\\/\\\/www.webdo.tn\\\/fr\\\/actualite\\\/author\\\/webdotn\\\/\"}]}<\/script>\n<!-- \/ Yoast SEO Premium plugin. -->","yoast_head_json":{"title":"Une mosqu\u00e9e g\u00e9r\u00e9e par des femmes va ouvrir ses portes en Grande-Bretagne","description":"Une mosqu\u00e9e g\u00e9r\u00e9e par des femmes va ouvrir ses portes en Grande-Bretagne","canonical":"https:\/\/www.webdo.tn\/fr\/actualite\/international\/une-mosquee-geree-par-des-femmes-va-ouvrir-ses-portes-en-grande-bretagne\/184024\/","og_locale":"fr_FR","og_type":"article","og_title":"Une mosqu\u00e9e g\u00e9r\u00e9e par des femmes va ouvrir ses portes en Grande-Bretagne","og_description":"Une mosqu\u00e9e g\u00e9r\u00e9e par des femmes va ouvrir ses portes en Grande-Bretagne","og_url":"https:\/\/www.webdo.tn\/fr\/actualite\/international\/une-mosquee-geree-par-des-femmes-va-ouvrir-ses-portes-en-grande-bretagne\/184024\/","og_site_name":"webdo","article_publisher":"https:\/\/www.facebook.com\/webdotn","article_published_time":"2015-08-09T23:38:00+00:00","og_image":[{"width":300,"height":158,"url":"https:\/\/www.webdo.tn\/fr\/wp-content\/uploads\/2015\/08\/mosquee_femmes_los_angeles_2-300x158-1.jpg","type":"image\/jpeg"}],"author":"webdo.tn","twitter_card":"summary_large_image","twitter_creator":"@webdo_tn","twitter_site":"@webdo_tn","twitter_misc":{"\u00c9crit par":"webdo.tn","Dur\u00e9e de lecture estim\u00e9e":"1 minute"},"schema":{"@context":"https:\/\/schema.org","@graph":[{"@type":"NewsArticle","@id":"https:\/\/www.webdo.tn\/fr\/actualite\/international\/une-mosquee-geree-par-des-femmes-va-ouvrir-ses-portes-en-grande-bretagne\/184024\/#article","isPartOf":{"@id":"https:\/\/www.webdo.tn\/fr\/actualite\/international\/une-mosquee-geree-par-des-femmes-va-ouvrir-ses-portes-en-grande-bretagne\/184024\/"},"author":{"name":"webdo.tn","@id":"https:\/\/www.webdo.tn\/fr\/#\/schema\/person\/9a9c6118d687c117df8ef3cc36a4d175"},"headline":"Une mosqu\u00e9e g\u00e9r\u00e9e par des femmes va ouvrir ses portes en Grande-Bretagne","datePublished":"2015-08-09T23:38:00+00:00","mainEntityOfPage":{"@id":"https:\/\/www.webdo.tn\/fr\/actualite\/international\/une-mosquee-geree-par-des-femmes-va-ouvrir-ses-portes-en-grande-bretagne\/184024\/"},"wordCount":260,"commentCount":0,"publisher":{"@id":"https:\/\/www.webdo.tn\/fr\/#organization"},"image":{"@id":"https:\/\/www.webdo.tn\/fr\/actualite\/international\/une-mosquee-geree-par-des-femmes-va-ouvrir-ses-portes-en-grande-bretagne\/184024\/#primaryimage"},"thumbnailUrl":"https:\/\/www.webdo.tn\/fr\/wp-content\/uploads\/2015\/08\/mosquee_femmes_los_angeles_2-300x158-1.jpg","keywords":["guerre"],"articleSection":["International"],"inLanguage":"fr-FR"},{"@type":"WebPage","@id":"https:\/\/www.webdo.tn\/fr\/actualite\/international\/une-mosquee-geree-par-des-femmes-va-ouvrir-ses-portes-en-grande-bretagne\/184024\/","url":"https:\/\/www.webdo.tn\/fr\/actualite\/international\/une-mosquee-geree-par-des-femmes-va-ouvrir-ses-portes-en-grande-bretagne\/184024\/","name":"Une mosqu\u00e9e g\u00e9r\u00e9e par des femmes va ouvrir ses portes en Grande-Bretagne","isPartOf":{"@id":"https:\/\/www.webdo.tn\/fr\/#website"},"primaryImageOfPage":{"@id":"https:\/\/www.webdo.tn\/fr\/actualite\/international\/une-mosquee-geree-par-des-femmes-va-ouvrir-ses-portes-en-grande-bretagne\/184024\/#primaryimage"},"image":{"@id":"https:\/\/www.webdo.tn\/fr\/actualite\/international\/une-mosquee-geree-par-des-femmes-va-ouvrir-ses-portes-en-grande-bretagne\/184024\/#primaryimage"},"thumbnailUrl":"https:\/\/www.webdo.tn\/fr\/wp-content\/uploads\/2015\/08\/mosquee_femmes_los_angeles_2-300x158-1.jpg","datePublished":"2015-08-09T23:38:00+00:00","description":"Une mosqu\u00e9e g\u00e9r\u00e9e par des femmes va ouvrir ses portes en Grande-Bretagne","breadcrumb":{"@id":"https:\/\/www.webdo.tn\/fr\/actualite\/international\/une-mosquee-geree-par-des-femmes-va-ouvrir-ses-portes-en-grande-bretagne\/184024\/#breadcrumb"},"inLanguage":"fr-FR","potentialAction":[{"@type":"ReadAction","target":["https:\/\/www.webdo.tn\/fr\/actualite\/international\/une-mosquee-geree-par-des-femmes-va-ouvrir-ses-portes-en-grande-bretagne\/184024\/"]}]},{"@type":"ImageObject","inLanguage":"fr-FR","@id":"https:\/\/www.webdo.tn\/fr\/actualite\/international\/une-mosquee-geree-par-des-femmes-va-ouvrir-ses-portes-en-grande-bretagne\/184024\/#primaryimage","url":"https:\/\/www.webdo.tn\/fr\/wp-content\/uploads\/2015\/08\/mosquee_femmes_los_angeles_2-300x158-1.jpg","contentUrl":"https:\/\/www.webdo.tn\/fr\/wp-content\/uploads\/2015\/08\/mosquee_femmes_los_angeles_2-300x158-1.jpg","width":300,"height":158,"caption":"Une mosqu\u00e9e g\u00e9r\u00e9e par des femmes va ouvrir ses portes en Grande-Bretagne"},{"@type":"BreadcrumbList","@id":"https:\/\/www.webdo.tn\/fr\/actualite\/international\/une-mosquee-geree-par-des-femmes-va-ouvrir-ses-portes-en-grande-bretagne\/184024\/#breadcrumb","itemListElement":[{"@type":"ListItem","position":1,"name":"Accueil","item":"https:\/\/www.webdo.tn\/fr\/"},{"@type":"ListItem","position":2,"name":"Une mosqu\u00e9e g\u00e9r\u00e9e par des femmes va ouvrir ses portes en Grande-Bretagne"}]},{"@type":"WebSite","@id":"https:\/\/www.webdo.tn\/fr\/#website","url":"https:\/\/www.webdo.tn\/fr\/","name":"webdo","description":"Tunisie - News en Tunisie et \u00e0 l&#039;international sur Webdo.tn","publisher":{"@id":"https:\/\/www.webdo.tn\/fr\/#organization"},"potentialAction":[{"@type":"SearchAction","target":{"@type":"EntryPoint","urlTemplate":"https:\/\/www.webdo.tn\/fr\/?s={search_term_string}"},"query-input":{"@type":"PropertyValueSpecification","valueRequired":true,"valueName":"search_term_string"}}],"inLanguage":"fr-FR"},{"@type":"Organization","@id":"https:\/\/www.webdo.tn\/fr\/#organization","name":"Webdo","alternateName":"Webdo.tn","url":"https:\/\/www.webdo.tn\/fr\/","logo":{"@type":"ImageObject","inLanguage":"fr-FR","@id":"https:\/\/www.webdo.tn\/fr\/#\/schema\/logo\/image\/","url":"https:\/\/www.webdo.tn\/fr\/wp-content\/uploads\/2025\/06\/Webdo-Tunisie_168377.jpg","contentUrl":"https:\/\/www.webdo.tn\/fr\/wp-content\/uploads\/2025\/06\/Webdo-Tunisie_168377.jpg","width":301,"height":301,"caption":"Webdo"},"image":{"@id":"https:\/\/www.webdo.tn\/fr\/#\/schema\/logo\/image\/"},"sameAs":["https:\/\/www.facebook.com\/webdotn","https:\/\/x.com\/webdo_tn"],"description":"Webdo est un m\u00e9dia num\u00e9rique tunisien fond\u00e9 en 2010, sp\u00e9cialis\u00e9 dans l\u2019actualit\u00e9 nationale et internationale, l\u2019\u00e9conomie, la soci\u00e9t\u00e9 et les analyses politiques. Le site s\u2019adresse \u00e0 un large public francophone et couvre l\u2019information tunisienne en temps r\u00e9el.","email":"redac@webdo.tn","legalName":"YNJ SARL","foundingDate":"2010-09-06","numberOfEmployees":{"@type":"QuantitativeValue","minValue":"11","maxValue":"50"}},{"@type":"Person","@id":"https:\/\/www.webdo.tn\/fr\/#\/schema\/person\/9a9c6118d687c117df8ef3cc36a4d175","name":"webdo.tn","image":{"@type":"ImageObject","inLanguage":"fr-FR","@id":"https:\/\/secure.gravatar.com\/avatar\/7ce1f28c0c3bbac99ff550b85ef8e44a6950c6ee24514fb6a5489e51d06f0298?s=96&d=mm&r=g","url":"https:\/\/secure.gravatar.com\/avatar\/7ce1f28c0c3bbac99ff550b85ef8e44a6950c6ee24514fb6a5489e51d06f0298?s=96&d=mm&r=g","contentUrl":"https:\/\/secure.gravatar.com\/avatar\/7ce1f28c0c3bbac99ff550b85ef8e44a6950c6ee24514fb6a5489e51d06f0298?s=96&d=mm&r=g","caption":"webdo.tn"},"url":"https:\/\/www.webdo.tn\/fr\/actualite\/author\/webdotn\/"}]}},"_links":{"self":[{"href":"https:\/\/www.webdo.tn\/fr\/wp-json\/wp\/v2\/posts\/184024","targetHints":{"allow":["GET"]}}],"collection":[{"href":"https:\/\/www.webdo.tn\/fr\/wp-json\/wp\/v2\/posts"}],"about":[{"href":"https:\/\/www.webdo.tn\/fr\/wp-json\/wp\/v2\/types\/post"}],"author":[{"embeddable":true,"href":"https:\/\/www.webdo.tn\/fr\/wp-json\/wp\/v2\/users\/3222"}],"replies":[{"embeddable":true,"href":"https:\/\/www.webdo.tn\/fr\/wp-json\/wp\/v2\/comments?post=184024"}],"version-history":[{"count":0,"href":"https:\/\/www.webdo.tn\/fr\/wp-json\/wp\/v2\/posts\/184024\/revisions"}],"wp:featuredmedia":[{"embeddable":true,"href":"https:\/\/www.webdo.tn\/fr\/wp-json\/wp\/v2\/media\/336156"}],"wp:attachment":[{"href":"https:\/\/www.webdo.tn\/fr\/wp-json\/wp\/v2\/media?parent=184024"}],"wp:term":[{"taxonomy":"category","embeddable":true,"href":"https:\/\/www.webdo.tn\/fr\/wp-json\/wp\/v2\/categories?post=184024"},{"taxonomy":"post_tag","embeddable":true,"href":"https:\/\/www.webdo.tn\/fr\/wp-json\/wp\/v2\/tags?post=184024"}],"curies":[{"name":"wp","href":"https:\/\/api.w.org\/{rel}","templated":true}]}}