{"id":184021,"date":"2015-08-10T20:00:00","date_gmt":"2015-08-10T20:00:00","guid":{"rendered":"https:\/\/www.webdo.tn\/fr\/blog\/les-etats-unis-lui-refusent-lentree-a-cause-dune-discussion-facebook\/184021\/"},"modified":"2015-08-10T20:00:00","modified_gmt":"2015-08-10T20:00:00","slug":"les-etats-unis-lui-refusent-lentree-a-cause-dune-discussion-facebook","status":"publish","type":"post","link":"https:\/\/www.webdo.tn\/fr\/actualite\/international\/les-etats-unis-lui-refusent-lentree-a-cause-dune-discussion-facebook\/184021\/","title":{"rendered":"Les Etats-Unis lui refusent l&rsquo;entr\u00e9e \u00e0 cause d&rsquo;une discussion Facebook"},"content":{"rendered":"<p>Vous croyez que vos conversations via la messagerie de Facebook sont priv\u00e9es? Vous faites erreur. Une jeune allemande vient de l&rsquo;apprendre \u00e0 ses d\u00e9pens. Alors qu&rsquo;elle s&rsquo;appr\u00eatait \u00e0 s\u00e9journer \u00e0 Philadelphie pendant quelques mois, arriv\u00e9e \u00e0 la douane, elle s&rsquo;est vu\u00a0refuser l&rsquo;entr\u00e9e sur le territoire am\u00e9ricain.<\/p>\n<p>Explication: via sa messagerie\u00a0priv\u00e9e,\u00a0elle se proposait \u00e0\u00a0sa cousine vivant \u00e0 Philadelphie de l&rsquo;h\u00e9berger et de la nourrir en \u00e9change de baby-sitting.<\/p>\n<p>L&rsquo;Etat am\u00e9ricain a jug\u00e9 que c&rsquo;\u00e9tait du travail ill\u00e9gal, ce qui a annul\u00e9 illico son autorisation de s\u00e9journer aux USA. Elle n&rsquo;aura vu de Philadelphie que l&rsquo;a\u00e9roport.<\/p>\n<p>La question qui se pose est: comment ont-ils su pour la conversation priv\u00e9e?<\/p>\n","protected":false},"excerpt":{"rendered":"<p>Les Etats-Unis lui refusent l&rsquo;entr\u00e9e \u00e0 cause d&rsquo;une discussion Facebook<\/p>\n","protected":false},"author":3222,"featured_media":336154,"comment_status":"open","ping_status":"closed","sticky":false,"template":"","format":"standard","meta":{"footnotes":""},"categories":[2598],"tags":[2600],"class_list":["post-184021","post","type-post","status-publish","format-standard","has-post-thumbnail","hentry","category-international","tag-guerre"],"yoast_head":"<!-- This site is optimized with the Yoast SEO Premium plugin v27.5 (Yoast SEO v27.5) - https:\/\/yoast.com\/product\/yoast-seo-premium-wordpress\/ -->\n<title>Les Etats-Unis lui refusent l&#039;entr\u00e9e \u00e0 cause d&#039;une discussion Facebook<\/title>\n<meta name=\"description\" content=\"Les Etats-Unis lui refusent l&#039;entr\u00e9e \u00e0 cause d&#039;une discussion Facebook\" \/>\n<link rel=\"canonical\" href=\"https:\/\/www.webdo.tn\/fr\/actualite\/international\/les-etats-unis-lui-refusent-lentree-a-cause-dune-discussion-facebook\/184021\/\" \/>\n<meta property=\"og:locale\" content=\"fr_FR\" \/>\n<meta property=\"og:type\" content=\"article\" \/>\n<meta property=\"og:title\" content=\"Les Etats-Unis lui refusent l&#039;entr\u00e9e \u00e0 cause d&#039;une discussion Facebook\" \/>\n<meta property=\"og:description\" content=\"Les Etats-Unis lui refusent l&#039;entr\u00e9e \u00e0 cause d&#039;une discussion Facebook\" \/>\n<meta property=\"og:url\" content=\"https:\/\/www.webdo.tn\/fr\/actualite\/international\/les-etats-unis-lui-refusent-lentree-a-cause-dune-discussion-facebook\/184021\/\" \/>\n<meta property=\"og:site_name\" content=\"webdo\" \/>\n<meta property=\"article:publisher\" content=\"https:\/\/www.facebook.com\/webdotn\" \/>\n<meta property=\"article:published_time\" content=\"2015-08-10T20:00:00+00:00\" \/>\n<meta property=\"og:image\" content=\"https:\/\/www.webdo.tn\/fr\/wp-content\/uploads\/2015\/08\/facebook-300x187-1.jpg\" \/>\n\t<meta property=\"og:image:width\" content=\"300\" \/>\n\t<meta property=\"og:image:height\" content=\"187\" \/>\n\t<meta property=\"og:image:type\" content=\"image\/jpeg\" \/>\n<meta name=\"author\" content=\"webdo.tn\" \/>\n<meta name=\"twitter:card\" content=\"summary_large_image\" \/>\n<meta name=\"twitter:creator\" content=\"@webdo_tn\" \/>\n<meta name=\"twitter:site\" content=\"@webdo_tn\" \/>\n<meta name=\"twitter:label1\" content=\"\u00c9crit par\" \/>\n\t<meta name=\"twitter:data1\" content=\"webdo.tn\" \/>\n\t<meta name=\"twitter:label2\" content=\"Dur\u00e9e de lecture estim\u00e9e\" \/>\n\t<meta name=\"twitter:data2\" content=\"1 minute\" \/>\n<script type=\"application\/ld+json\" class=\"yoast-schema-graph\">{\"@context\":\"https:\\\/\\\/schema.org\",\"@graph\":[{\"@type\":\"NewsArticle\",\"@id\":\"https:\\\/\\\/www.webdo.tn\\\/fr\\\/actualite\\\/international\\\/les-etats-unis-lui-refusent-lentree-a-cause-dune-discussion-facebook\\\/184021\\\/#article\",\"isPartOf\":{\"@id\":\"https:\\\/\\\/www.webdo.tn\\\/fr\\\/actualite\\\/international\\\/les-etats-unis-lui-refusent-lentree-a-cause-dune-discussion-facebook\\\/184021\\\/\"},\"author\":{\"name\":\"webdo.tn\",\"@id\":\"https:\\\/\\\/www.webdo.tn\\\/fr\\\/#\\\/schema\\\/person\\\/9a9c6118d687c117df8ef3cc36a4d175\"},\"headline\":\"Les Etats-Unis lui refusent l&rsquo;entr\u00e9e \u00e0 cause d&rsquo;une discussion Facebook\",\"datePublished\":\"2015-08-10T20:00:00+00:00\",\"mainEntityOfPage\":{\"@id\":\"https:\\\/\\\/www.webdo.tn\\\/fr\\\/actualite\\\/international\\\/les-etats-unis-lui-refusent-lentree-a-cause-dune-discussion-facebook\\\/184021\\\/\"},\"wordCount\":141,\"commentCount\":0,\"publisher\":{\"@id\":\"https:\\\/\\\/www.webdo.tn\\\/fr\\\/#organization\"},\"image\":{\"@id\":\"https:\\\/\\\/www.webdo.tn\\\/fr\\\/actualite\\\/international\\\/les-etats-unis-lui-refusent-lentree-a-cause-dune-discussion-facebook\\\/184021\\\/#primaryimage\"},\"thumbnailUrl\":\"https:\\\/\\\/www.webdo.tn\\\/fr\\\/wp-content\\\/uploads\\\/2015\\\/08\\\/facebook-300x187-1.jpg\",\"keywords\":[\"guerre\"],\"articleSection\":[\"International\"],\"inLanguage\":\"fr-FR\"},{\"@type\":\"WebPage\",\"@id\":\"https:\\\/\\\/www.webdo.tn\\\/fr\\\/actualite\\\/international\\\/les-etats-unis-lui-refusent-lentree-a-cause-dune-discussion-facebook\\\/184021\\\/\",\"url\":\"https:\\\/\\\/www.webdo.tn\\\/fr\\\/actualite\\\/international\\\/les-etats-unis-lui-refusent-lentree-a-cause-dune-discussion-facebook\\\/184021\\\/\",\"name\":\"Les Etats-Unis lui refusent l'entr\u00e9e \u00e0 cause d'une discussion Facebook\",\"isPartOf\":{\"@id\":\"https:\\\/\\\/www.webdo.tn\\\/fr\\\/#website\"},\"primaryImageOfPage\":{\"@id\":\"https:\\\/\\\/www.webdo.tn\\\/fr\\\/actualite\\\/international\\\/les-etats-unis-lui-refusent-lentree-a-cause-dune-discussion-facebook\\\/184021\\\/#primaryimage\"},\"image\":{\"@id\":\"https:\\\/\\\/www.webdo.tn\\\/fr\\\/actualite\\\/international\\\/les-etats-unis-lui-refusent-lentree-a-cause-dune-discussion-facebook\\\/184021\\\/#primaryimage\"},\"thumbnailUrl\":\"https:\\\/\\\/www.webdo.tn\\\/fr\\\/wp-content\\\/uploads\\\/2015\\\/08\\\/facebook-300x187-1.jpg\",\"datePublished\":\"2015-08-10T20:00:00+00:00\",\"description\":\"Les Etats-Unis lui refusent l'entr\u00e9e \u00e0 cause d'une discussion Facebook\",\"breadcrumb\":{\"@id\":\"https:\\\/\\\/www.webdo.tn\\\/fr\\\/actualite\\\/international\\\/les-etats-unis-lui-refusent-lentree-a-cause-dune-discussion-facebook\\\/184021\\\/#breadcrumb\"},\"inLanguage\":\"fr-FR\",\"potentialAction\":[{\"@type\":\"ReadAction\",\"target\":[\"https:\\\/\\\/www.webdo.tn\\\/fr\\\/actualite\\\/international\\\/les-etats-unis-lui-refusent-lentree-a-cause-dune-discussion-facebook\\\/184021\\\/\"]}]},{\"@type\":\"ImageObject\",\"inLanguage\":\"fr-FR\",\"@id\":\"https:\\\/\\\/www.webdo.tn\\\/fr\\\/actualite\\\/international\\\/les-etats-unis-lui-refusent-lentree-a-cause-dune-discussion-facebook\\\/184021\\\/#primaryimage\",\"url\":\"https:\\\/\\\/www.webdo.tn\\\/fr\\\/wp-content\\\/uploads\\\/2015\\\/08\\\/facebook-300x187-1.jpg\",\"contentUrl\":\"https:\\\/\\\/www.webdo.tn\\\/fr\\\/wp-content\\\/uploads\\\/2015\\\/08\\\/facebook-300x187-1.jpg\",\"width\":300,\"height\":187,\"caption\":\"Les Etats-Unis lui refusent l'entr\u00e9e \u00e0 cause d'une discussion Facebook\"},{\"@type\":\"BreadcrumbList\",\"@id\":\"https:\\\/\\\/www.webdo.tn\\\/fr\\\/actualite\\\/international\\\/les-etats-unis-lui-refusent-lentree-a-cause-dune-discussion-facebook\\\/184021\\\/#breadcrumb\",\"itemListElement\":[{\"@type\":\"ListItem\",\"position\":1,\"name\":\"Accueil\",\"item\":\"https:\\\/\\\/www.webdo.tn\\\/fr\\\/\"},{\"@type\":\"ListItem\",\"position\":2,\"name\":\"Les Etats-Unis lui refusent l&rsquo;entr\u00e9e \u00e0 cause d&rsquo;une discussion Facebook\"}]},{\"@type\":\"WebSite\",\"@id\":\"https:\\\/\\\/www.webdo.tn\\\/fr\\\/#website\",\"url\":\"https:\\\/\\\/www.webdo.tn\\\/fr\\\/\",\"name\":\"webdo\",\"description\":\"Tunisie - News en Tunisie et \u00e0 l&#039;international sur Webdo.tn\",\"publisher\":{\"@id\":\"https:\\\/\\\/www.webdo.tn\\\/fr\\\/#organization\"},\"potentialAction\":[{\"@type\":\"SearchAction\",\"target\":{\"@type\":\"EntryPoint\",\"urlTemplate\":\"https:\\\/\\\/www.webdo.tn\\\/fr\\\/?s={search_term_string}\"},\"query-input\":{\"@type\":\"PropertyValueSpecification\",\"valueRequired\":true,\"valueName\":\"search_term_string\"}}],\"inLanguage\":\"fr-FR\"},{\"@type\":\"Organization\",\"@id\":\"https:\\\/\\\/www.webdo.tn\\\/fr\\\/#organization\",\"name\":\"Webdo\",\"alternateName\":\"Webdo.tn\",\"url\":\"https:\\\/\\\/www.webdo.tn\\\/fr\\\/\",\"logo\":{\"@type\":\"ImageObject\",\"inLanguage\":\"fr-FR\",\"@id\":\"https:\\\/\\\/www.webdo.tn\\\/fr\\\/#\\\/schema\\\/logo\\\/image\\\/\",\"url\":\"https:\\\/\\\/www.webdo.tn\\\/fr\\\/wp-content\\\/uploads\\\/2025\\\/06\\\/Webdo-Tunisie_168377.jpg\",\"contentUrl\":\"https:\\\/\\\/www.webdo.tn\\\/fr\\\/wp-content\\\/uploads\\\/2025\\\/06\\\/Webdo-Tunisie_168377.jpg\",\"width\":301,\"height\":301,\"caption\":\"Webdo\"},\"image\":{\"@id\":\"https:\\\/\\\/www.webdo.tn\\\/fr\\\/#\\\/schema\\\/logo\\\/image\\\/\"},\"sameAs\":[\"https:\\\/\\\/www.facebook.com\\\/webdotn\",\"https:\\\/\\\/x.com\\\/webdo_tn\"],\"description\":\"Webdo est un m\u00e9dia num\u00e9rique tunisien fond\u00e9 en 2010, sp\u00e9cialis\u00e9 dans l\u2019actualit\u00e9 nationale et internationale, l\u2019\u00e9conomie, la soci\u00e9t\u00e9 et les analyses politiques. Le site s\u2019adresse \u00e0 un large public francophone et couvre l\u2019information tunisienne en temps r\u00e9el.\",\"email\":\"redac@webdo.tn\",\"legalName\":\"YNJ SARL\",\"foundingDate\":\"2010-09-06\",\"numberOfEmployees\":{\"@type\":\"QuantitativeValue\",\"minValue\":\"11\",\"maxValue\":\"50\"}},{\"@type\":\"Person\",\"@id\":\"https:\\\/\\\/www.webdo.tn\\\/fr\\\/#\\\/schema\\\/person\\\/9a9c6118d687c117df8ef3cc36a4d175\",\"name\":\"webdo.tn\",\"image\":{\"@type\":\"ImageObject\",\"inLanguage\":\"fr-FR\",\"@id\":\"https:\\\/\\\/secure.gravatar.com\\\/avatar\\\/7ce1f28c0c3bbac99ff550b85ef8e44a6950c6ee24514fb6a5489e51d06f0298?s=96&d=mm&r=g\",\"url\":\"https:\\\/\\\/secure.gravatar.com\\\/avatar\\\/7ce1f28c0c3bbac99ff550b85ef8e44a6950c6ee24514fb6a5489e51d06f0298?s=96&d=mm&r=g\",\"contentUrl\":\"https:\\\/\\\/secure.gravatar.com\\\/avatar\\\/7ce1f28c0c3bbac99ff550b85ef8e44a6950c6ee24514fb6a5489e51d06f0298?s=96&d=mm&r=g\",\"caption\":\"webdo.tn\"},\"url\":\"https:\\\/\\\/www.webdo.tn\\\/fr\\\/actualite\\\/author\\\/webdotn\\\/\"}]}<\/script>\n<!-- \/ Yoast SEO Premium plugin. -->","yoast_head_json":{"title":"Les Etats-Unis lui refusent l'entr\u00e9e \u00e0 cause d'une discussion Facebook","description":"Les Etats-Unis lui refusent l'entr\u00e9e \u00e0 cause d'une discussion Facebook","canonical":"https:\/\/www.webdo.tn\/fr\/actualite\/international\/les-etats-unis-lui-refusent-lentree-a-cause-dune-discussion-facebook\/184021\/","og_locale":"fr_FR","og_type":"article","og_title":"Les Etats-Unis lui refusent l'entr\u00e9e \u00e0 cause d'une discussion Facebook","og_description":"Les Etats-Unis lui refusent l'entr\u00e9e \u00e0 cause d'une discussion Facebook","og_url":"https:\/\/www.webdo.tn\/fr\/actualite\/international\/les-etats-unis-lui-refusent-lentree-a-cause-dune-discussion-facebook\/184021\/","og_site_name":"webdo","article_publisher":"https:\/\/www.facebook.com\/webdotn","article_published_time":"2015-08-10T20:00:00+00:00","og_image":[{"width":300,"height":187,"url":"https:\/\/www.webdo.tn\/fr\/wp-content\/uploads\/2015\/08\/facebook-300x187-1.jpg","type":"image\/jpeg"}],"author":"webdo.tn","twitter_card":"summary_large_image","twitter_creator":"@webdo_tn","twitter_site":"@webdo_tn","twitter_misc":{"\u00c9crit par":"webdo.tn","Dur\u00e9e de lecture estim\u00e9e":"1 minute"},"schema":{"@context":"https:\/\/schema.org","@graph":[{"@type":"NewsArticle","@id":"https:\/\/www.webdo.tn\/fr\/actualite\/international\/les-etats-unis-lui-refusent-lentree-a-cause-dune-discussion-facebook\/184021\/#article","isPartOf":{"@id":"https:\/\/www.webdo.tn\/fr\/actualite\/international\/les-etats-unis-lui-refusent-lentree-a-cause-dune-discussion-facebook\/184021\/"},"author":{"name":"webdo.tn","@id":"https:\/\/www.webdo.tn\/fr\/#\/schema\/person\/9a9c6118d687c117df8ef3cc36a4d175"},"headline":"Les Etats-Unis lui refusent l&rsquo;entr\u00e9e \u00e0 cause d&rsquo;une discussion Facebook","datePublished":"2015-08-10T20:00:00+00:00","mainEntityOfPage":{"@id":"https:\/\/www.webdo.tn\/fr\/actualite\/international\/les-etats-unis-lui-refusent-lentree-a-cause-dune-discussion-facebook\/184021\/"},"wordCount":141,"commentCount":0,"publisher":{"@id":"https:\/\/www.webdo.tn\/fr\/#organization"},"image":{"@id":"https:\/\/www.webdo.tn\/fr\/actualite\/international\/les-etats-unis-lui-refusent-lentree-a-cause-dune-discussion-facebook\/184021\/#primaryimage"},"thumbnailUrl":"https:\/\/www.webdo.tn\/fr\/wp-content\/uploads\/2015\/08\/facebook-300x187-1.jpg","keywords":["guerre"],"articleSection":["International"],"inLanguage":"fr-FR"},{"@type":"WebPage","@id":"https:\/\/www.webdo.tn\/fr\/actualite\/international\/les-etats-unis-lui-refusent-lentree-a-cause-dune-discussion-facebook\/184021\/","url":"https:\/\/www.webdo.tn\/fr\/actualite\/international\/les-etats-unis-lui-refusent-lentree-a-cause-dune-discussion-facebook\/184021\/","name":"Les Etats-Unis lui refusent l'entr\u00e9e \u00e0 cause d'une discussion Facebook","isPartOf":{"@id":"https:\/\/www.webdo.tn\/fr\/#website"},"primaryImageOfPage":{"@id":"https:\/\/www.webdo.tn\/fr\/actualite\/international\/les-etats-unis-lui-refusent-lentree-a-cause-dune-discussion-facebook\/184021\/#primaryimage"},"image":{"@id":"https:\/\/www.webdo.tn\/fr\/actualite\/international\/les-etats-unis-lui-refusent-lentree-a-cause-dune-discussion-facebook\/184021\/#primaryimage"},"thumbnailUrl":"https:\/\/www.webdo.tn\/fr\/wp-content\/uploads\/2015\/08\/facebook-300x187-1.jpg","datePublished":"2015-08-10T20:00:00+00:00","description":"Les Etats-Unis lui refusent l'entr\u00e9e \u00e0 cause d'une discussion Facebook","breadcrumb":{"@id":"https:\/\/www.webdo.tn\/fr\/actualite\/international\/les-etats-unis-lui-refusent-lentree-a-cause-dune-discussion-facebook\/184021\/#breadcrumb"},"inLanguage":"fr-FR","potentialAction":[{"@type":"ReadAction","target":["https:\/\/www.webdo.tn\/fr\/actualite\/international\/les-etats-unis-lui-refusent-lentree-a-cause-dune-discussion-facebook\/184021\/"]}]},{"@type":"ImageObject","inLanguage":"fr-FR","@id":"https:\/\/www.webdo.tn\/fr\/actualite\/international\/les-etats-unis-lui-refusent-lentree-a-cause-dune-discussion-facebook\/184021\/#primaryimage","url":"https:\/\/www.webdo.tn\/fr\/wp-content\/uploads\/2015\/08\/facebook-300x187-1.jpg","contentUrl":"https:\/\/www.webdo.tn\/fr\/wp-content\/uploads\/2015\/08\/facebook-300x187-1.jpg","width":300,"height":187,"caption":"Les Etats-Unis lui refusent l'entr\u00e9e \u00e0 cause d'une discussion Facebook"},{"@type":"BreadcrumbList","@id":"https:\/\/www.webdo.tn\/fr\/actualite\/international\/les-etats-unis-lui-refusent-lentree-a-cause-dune-discussion-facebook\/184021\/#breadcrumb","itemListElement":[{"@type":"ListItem","position":1,"name":"Accueil","item":"https:\/\/www.webdo.tn\/fr\/"},{"@type":"ListItem","position":2,"name":"Les Etats-Unis lui refusent l&rsquo;entr\u00e9e \u00e0 cause d&rsquo;une discussion Facebook"}]},{"@type":"WebSite","@id":"https:\/\/www.webdo.tn\/fr\/#website","url":"https:\/\/www.webdo.tn\/fr\/","name":"webdo","description":"Tunisie - News en Tunisie et \u00e0 l&#039;international sur Webdo.tn","publisher":{"@id":"https:\/\/www.webdo.tn\/fr\/#organization"},"potentialAction":[{"@type":"SearchAction","target":{"@type":"EntryPoint","urlTemplate":"https:\/\/www.webdo.tn\/fr\/?s={search_term_string}"},"query-input":{"@type":"PropertyValueSpecification","valueRequired":true,"valueName":"search_term_string"}}],"inLanguage":"fr-FR"},{"@type":"Organization","@id":"https:\/\/www.webdo.tn\/fr\/#organization","name":"Webdo","alternateName":"Webdo.tn","url":"https:\/\/www.webdo.tn\/fr\/","logo":{"@type":"ImageObject","inLanguage":"fr-FR","@id":"https:\/\/www.webdo.tn\/fr\/#\/schema\/logo\/image\/","url":"https:\/\/www.webdo.tn\/fr\/wp-content\/uploads\/2025\/06\/Webdo-Tunisie_168377.jpg","contentUrl":"https:\/\/www.webdo.tn\/fr\/wp-content\/uploads\/2025\/06\/Webdo-Tunisie_168377.jpg","width":301,"height":301,"caption":"Webdo"},"image":{"@id":"https:\/\/www.webdo.tn\/fr\/#\/schema\/logo\/image\/"},"sameAs":["https:\/\/www.facebook.com\/webdotn","https:\/\/x.com\/webdo_tn"],"description":"Webdo est un m\u00e9dia num\u00e9rique tunisien fond\u00e9 en 2010, sp\u00e9cialis\u00e9 dans l\u2019actualit\u00e9 nationale et internationale, l\u2019\u00e9conomie, la soci\u00e9t\u00e9 et les analyses politiques. Le site s\u2019adresse \u00e0 un large public francophone et couvre l\u2019information tunisienne en temps r\u00e9el.","email":"redac@webdo.tn","legalName":"YNJ SARL","foundingDate":"2010-09-06","numberOfEmployees":{"@type":"QuantitativeValue","minValue":"11","maxValue":"50"}},{"@type":"Person","@id":"https:\/\/www.webdo.tn\/fr\/#\/schema\/person\/9a9c6118d687c117df8ef3cc36a4d175","name":"webdo.tn","image":{"@type":"ImageObject","inLanguage":"fr-FR","@id":"https:\/\/secure.gravatar.com\/avatar\/7ce1f28c0c3bbac99ff550b85ef8e44a6950c6ee24514fb6a5489e51d06f0298?s=96&d=mm&r=g","url":"https:\/\/secure.gravatar.com\/avatar\/7ce1f28c0c3bbac99ff550b85ef8e44a6950c6ee24514fb6a5489e51d06f0298?s=96&d=mm&r=g","contentUrl":"https:\/\/secure.gravatar.com\/avatar\/7ce1f28c0c3bbac99ff550b85ef8e44a6950c6ee24514fb6a5489e51d06f0298?s=96&d=mm&r=g","caption":"webdo.tn"},"url":"https:\/\/www.webdo.tn\/fr\/actualite\/author\/webdotn\/"}]}},"_links":{"self":[{"href":"https:\/\/www.webdo.tn\/fr\/wp-json\/wp\/v2\/posts\/184021","targetHints":{"allow":["GET"]}}],"collection":[{"href":"https:\/\/www.webdo.tn\/fr\/wp-json\/wp\/v2\/posts"}],"about":[{"href":"https:\/\/www.webdo.tn\/fr\/wp-json\/wp\/v2\/types\/post"}],"author":[{"embeddable":true,"href":"https:\/\/www.webdo.tn\/fr\/wp-json\/wp\/v2\/users\/3222"}],"replies":[{"embeddable":true,"href":"https:\/\/www.webdo.tn\/fr\/wp-json\/wp\/v2\/comments?post=184021"}],"version-history":[{"count":0,"href":"https:\/\/www.webdo.tn\/fr\/wp-json\/wp\/v2\/posts\/184021\/revisions"}],"wp:featuredmedia":[{"embeddable":true,"href":"https:\/\/www.webdo.tn\/fr\/wp-json\/wp\/v2\/media\/336154"}],"wp:attachment":[{"href":"https:\/\/www.webdo.tn\/fr\/wp-json\/wp\/v2\/media?parent=184021"}],"wp:term":[{"taxonomy":"category","embeddable":true,"href":"https:\/\/www.webdo.tn\/fr\/wp-json\/wp\/v2\/categories?post=184021"},{"taxonomy":"post_tag","embeddable":true,"href":"https:\/\/www.webdo.tn\/fr\/wp-json\/wp\/v2\/tags?post=184021"}],"curies":[{"name":"wp","href":"https:\/\/api.w.org\/{rel}","templated":true}]}}