{"id":184020,"date":"2015-08-10T20:21:00","date_gmt":"2015-08-10T20:21:00","guid":{"rendered":"https:\/\/www.webdo.tn\/fr\/blog\/sur-une-plage-de-dubai-un-pere-laisse-sa-fille-se-noyer-par-peur-du-deshonneur\/184020\/"},"modified":"2015-08-10T20:21:00","modified_gmt":"2015-08-10T20:21:00","slug":"sur-une-plage-de-dubai-un-pere-laisse-sa-fille-se-noyer-par-peur-du-deshonneur","status":"publish","type":"post","link":"https:\/\/www.webdo.tn\/fr\/actualite\/international\/sur-une-plage-de-dubai-un-pere-laisse-sa-fille-se-noyer-par-peur-du-deshonneur\/184020\/","title":{"rendered":"Sur une plage de Duba\u00ef, un p\u00e8re laisse sa fille se noyer par peur du d\u00e9shonneur"},"content":{"rendered":"<p>Sur une plage de Duba\u00ef, une famille comme tant d&rsquo;autres profite du soleil et des vagues. Puis, le drame, une jeune fille de 20 ans a des difficult\u00e9s \u00e0 maintenir sa t\u00eate hors de l&rsquo;eau. Des sauveteurs se pr\u00e9cipitent, mais le p\u00e8re est farouchement d\u00e9cid\u00e9 \u00e0 les emp\u00eacher d&rsquo;y aller.<\/p>\n<p>Selon le t\u00e9moignage du lieutenant-colonel Ahmed Burqibah, en charge de la brigade de recherche et sauvetage de la police de Dubai, l&rsquo;homme \u00e9tait violent et tirait en arri\u00e8re les sauveteurs d\u00e8s qu&rsquo;ils essayaient d&rsquo;entrer dans l&rsquo;eau.<\/p>\n<p>L&rsquo;homme serait d&rsquo;origine asiatique et selon lui, si des hommes avaient touch\u00e9 sa fille, m\u00eame si c&rsquo;\u00e9tait pour la sauver, elle aurait \u00e9t\u00e9 d\u00e9shonor\u00e9e. La jeune fille est morte pour sauver l&rsquo;honneur familial.<\/p>\n<p>Le p\u00e8re a \u00e9t\u00e9 arr\u00eat\u00e9 et sera poursuivi par les autorit\u00e9s comp\u00e9tentes.<\/p>\n<p>Une mort et des vies g\u00e2ch\u00e9es parce que le poids des croyances et des traditions est tellement lourd qu&rsquo;il est parfois l\u00e9thal.<\/p>\n<p>Mise \u00e0 jour: Ces faits ont \u00e9t\u00e9 relat\u00e9s au journal Emirates 24\/7 dans le cadre d&rsquo;une interview de sauveteurs en mer interrog\u00e9s sur les sauvetages qui les avait le plus marqu\u00e9s. Ils ont parl\u00e9 de cette noyade\u00a0sans en pr\u00e9ciser la date. L&rsquo;histoire est bien arriv\u00e9e mais en\u00a01996.<\/p>\n","protected":false},"excerpt":{"rendered":"<p>Sur une plage de Duba\u00ef, un p\u00e8re laisse sa fille se noyer par peur du d\u00e9shonneur<\/p>\n","protected":false},"author":3222,"featured_media":336155,"comment_status":"open","ping_status":"closed","sticky":false,"template":"","format":"standard","meta":{"footnotes":""},"categories":[2598],"tags":[2600],"class_list":["post-184020","post","type-post","status-publish","format-standard","has-post-thumbnail","hentry","category-international","tag-guerre"],"yoast_head":"<!-- This site is optimized with the Yoast SEO Premium plugin v27.5 (Yoast SEO v27.5) - https:\/\/yoast.com\/product\/yoast-seo-premium-wordpress\/ -->\n<title>Sur une plage de Duba\u00ef, un p\u00e8re laisse sa fille se noyer par peur du d\u00e9shonneur<\/title>\n<meta name=\"description\" content=\"Sur une plage de Duba\u00ef, un p\u00e8re laisse sa fille se noyer par peur du d\u00e9shonneur\" \/>\n<link rel=\"canonical\" href=\"https:\/\/www.webdo.tn\/fr\/actualite\/international\/sur-une-plage-de-dubai-un-pere-laisse-sa-fille-se-noyer-par-peur-du-deshonneur\/184020\/\" \/>\n<meta property=\"og:locale\" content=\"fr_FR\" \/>\n<meta property=\"og:type\" content=\"article\" \/>\n<meta property=\"og:title\" content=\"Sur une plage de Duba\u00ef, un p\u00e8re laisse sa fille se noyer par peur du d\u00e9shonneur\" \/>\n<meta property=\"og:description\" content=\"Sur une plage de Duba\u00ef, un p\u00e8re laisse sa fille se noyer par peur du d\u00e9shonneur\" \/>\n<meta property=\"og:url\" content=\"https:\/\/www.webdo.tn\/fr\/actualite\/international\/sur-une-plage-de-dubai-un-pere-laisse-sa-fille-se-noyer-par-peur-du-deshonneur\/184020\/\" \/>\n<meta property=\"og:site_name\" content=\"webdo\" \/>\n<meta property=\"article:publisher\" content=\"https:\/\/www.facebook.com\/webdotn\" \/>\n<meta property=\"article:published_time\" content=\"2015-08-10T20:21:00+00:00\" \/>\n<meta property=\"og:image\" content=\"https:\/\/www.webdo.tn\/fr\/wp-content\/uploads\/2015\/08\/dubai-300x174-1.jpg\" \/>\n\t<meta property=\"og:image:width\" content=\"300\" \/>\n\t<meta property=\"og:image:height\" content=\"174\" \/>\n\t<meta property=\"og:image:type\" content=\"image\/jpeg\" \/>\n<meta name=\"author\" content=\"webdo.tn\" \/>\n<meta name=\"twitter:card\" content=\"summary_large_image\" \/>\n<meta name=\"twitter:creator\" content=\"@webdo_tn\" \/>\n<meta name=\"twitter:site\" content=\"@webdo_tn\" \/>\n<meta name=\"twitter:label1\" content=\"\u00c9crit par\" \/>\n\t<meta name=\"twitter:data1\" content=\"webdo.tn\" \/>\n\t<meta name=\"twitter:label2\" content=\"Dur\u00e9e de lecture estim\u00e9e\" \/>\n\t<meta name=\"twitter:data2\" content=\"1 minute\" \/>\n<script type=\"application\/ld+json\" class=\"yoast-schema-graph\">{\"@context\":\"https:\\\/\\\/schema.org\",\"@graph\":[{\"@type\":\"NewsArticle\",\"@id\":\"https:\\\/\\\/www.webdo.tn\\\/fr\\\/actualite\\\/international\\\/sur-une-plage-de-dubai-un-pere-laisse-sa-fille-se-noyer-par-peur-du-deshonneur\\\/184020\\\/#article\",\"isPartOf\":{\"@id\":\"https:\\\/\\\/www.webdo.tn\\\/fr\\\/actualite\\\/international\\\/sur-une-plage-de-dubai-un-pere-laisse-sa-fille-se-noyer-par-peur-du-deshonneur\\\/184020\\\/\"},\"author\":{\"name\":\"webdo.tn\",\"@id\":\"https:\\\/\\\/www.webdo.tn\\\/fr\\\/#\\\/schema\\\/person\\\/9a9c6118d687c117df8ef3cc36a4d175\"},\"headline\":\"Sur une plage de Duba\u00ef, un p\u00e8re laisse sa fille se noyer par peur du d\u00e9shonneur\",\"datePublished\":\"2015-08-10T20:21:00+00:00\",\"mainEntityOfPage\":{\"@id\":\"https:\\\/\\\/www.webdo.tn\\\/fr\\\/actualite\\\/international\\\/sur-une-plage-de-dubai-un-pere-laisse-sa-fille-se-noyer-par-peur-du-deshonneur\\\/184020\\\/\"},\"wordCount\":252,\"commentCount\":0,\"publisher\":{\"@id\":\"https:\\\/\\\/www.webdo.tn\\\/fr\\\/#organization\"},\"image\":{\"@id\":\"https:\\\/\\\/www.webdo.tn\\\/fr\\\/actualite\\\/international\\\/sur-une-plage-de-dubai-un-pere-laisse-sa-fille-se-noyer-par-peur-du-deshonneur\\\/184020\\\/#primaryimage\"},\"thumbnailUrl\":\"https:\\\/\\\/www.webdo.tn\\\/fr\\\/wp-content\\\/uploads\\\/2015\\\/08\\\/dubai-300x174-1.jpg\",\"keywords\":[\"guerre\"],\"articleSection\":[\"International\"],\"inLanguage\":\"fr-FR\"},{\"@type\":\"WebPage\",\"@id\":\"https:\\\/\\\/www.webdo.tn\\\/fr\\\/actualite\\\/international\\\/sur-une-plage-de-dubai-un-pere-laisse-sa-fille-se-noyer-par-peur-du-deshonneur\\\/184020\\\/\",\"url\":\"https:\\\/\\\/www.webdo.tn\\\/fr\\\/actualite\\\/international\\\/sur-une-plage-de-dubai-un-pere-laisse-sa-fille-se-noyer-par-peur-du-deshonneur\\\/184020\\\/\",\"name\":\"Sur une plage de Duba\u00ef, un p\u00e8re laisse sa fille se noyer par peur du d\u00e9shonneur\",\"isPartOf\":{\"@id\":\"https:\\\/\\\/www.webdo.tn\\\/fr\\\/#website\"},\"primaryImageOfPage\":{\"@id\":\"https:\\\/\\\/www.webdo.tn\\\/fr\\\/actualite\\\/international\\\/sur-une-plage-de-dubai-un-pere-laisse-sa-fille-se-noyer-par-peur-du-deshonneur\\\/184020\\\/#primaryimage\"},\"image\":{\"@id\":\"https:\\\/\\\/www.webdo.tn\\\/fr\\\/actualite\\\/international\\\/sur-une-plage-de-dubai-un-pere-laisse-sa-fille-se-noyer-par-peur-du-deshonneur\\\/184020\\\/#primaryimage\"},\"thumbnailUrl\":\"https:\\\/\\\/www.webdo.tn\\\/fr\\\/wp-content\\\/uploads\\\/2015\\\/08\\\/dubai-300x174-1.jpg\",\"datePublished\":\"2015-08-10T20:21:00+00:00\",\"description\":\"Sur une plage de Duba\u00ef, un p\u00e8re laisse sa fille se noyer par peur du d\u00e9shonneur\",\"breadcrumb\":{\"@id\":\"https:\\\/\\\/www.webdo.tn\\\/fr\\\/actualite\\\/international\\\/sur-une-plage-de-dubai-un-pere-laisse-sa-fille-se-noyer-par-peur-du-deshonneur\\\/184020\\\/#breadcrumb\"},\"inLanguage\":\"fr-FR\",\"potentialAction\":[{\"@type\":\"ReadAction\",\"target\":[\"https:\\\/\\\/www.webdo.tn\\\/fr\\\/actualite\\\/international\\\/sur-une-plage-de-dubai-un-pere-laisse-sa-fille-se-noyer-par-peur-du-deshonneur\\\/184020\\\/\"]}]},{\"@type\":\"ImageObject\",\"inLanguage\":\"fr-FR\",\"@id\":\"https:\\\/\\\/www.webdo.tn\\\/fr\\\/actualite\\\/international\\\/sur-une-plage-de-dubai-un-pere-laisse-sa-fille-se-noyer-par-peur-du-deshonneur\\\/184020\\\/#primaryimage\",\"url\":\"https:\\\/\\\/www.webdo.tn\\\/fr\\\/wp-content\\\/uploads\\\/2015\\\/08\\\/dubai-300x174-1.jpg\",\"contentUrl\":\"https:\\\/\\\/www.webdo.tn\\\/fr\\\/wp-content\\\/uploads\\\/2015\\\/08\\\/dubai-300x174-1.jpg\",\"width\":300,\"height\":174,\"caption\":\"Sur une plage de Duba\u00ef, un p\u00e8re laisse sa fille se noyer par peur du d\u00e9shonneur\"},{\"@type\":\"BreadcrumbList\",\"@id\":\"https:\\\/\\\/www.webdo.tn\\\/fr\\\/actualite\\\/international\\\/sur-une-plage-de-dubai-un-pere-laisse-sa-fille-se-noyer-par-peur-du-deshonneur\\\/184020\\\/#breadcrumb\",\"itemListElement\":[{\"@type\":\"ListItem\",\"position\":1,\"name\":\"Accueil\",\"item\":\"https:\\\/\\\/www.webdo.tn\\\/fr\\\/\"},{\"@type\":\"ListItem\",\"position\":2,\"name\":\"Sur une plage de Duba\u00ef, un p\u00e8re laisse sa fille se noyer par peur du d\u00e9shonneur\"}]},{\"@type\":\"WebSite\",\"@id\":\"https:\\\/\\\/www.webdo.tn\\\/fr\\\/#website\",\"url\":\"https:\\\/\\\/www.webdo.tn\\\/fr\\\/\",\"name\":\"webdo\",\"description\":\"Tunisie - News en Tunisie et \u00e0 l&#039;international sur Webdo.tn\",\"publisher\":{\"@id\":\"https:\\\/\\\/www.webdo.tn\\\/fr\\\/#organization\"},\"potentialAction\":[{\"@type\":\"SearchAction\",\"target\":{\"@type\":\"EntryPoint\",\"urlTemplate\":\"https:\\\/\\\/www.webdo.tn\\\/fr\\\/?s={search_term_string}\"},\"query-input\":{\"@type\":\"PropertyValueSpecification\",\"valueRequired\":true,\"valueName\":\"search_term_string\"}}],\"inLanguage\":\"fr-FR\"},{\"@type\":\"Organization\",\"@id\":\"https:\\\/\\\/www.webdo.tn\\\/fr\\\/#organization\",\"name\":\"Webdo\",\"alternateName\":\"Webdo.tn\",\"url\":\"https:\\\/\\\/www.webdo.tn\\\/fr\\\/\",\"logo\":{\"@type\":\"ImageObject\",\"inLanguage\":\"fr-FR\",\"@id\":\"https:\\\/\\\/www.webdo.tn\\\/fr\\\/#\\\/schema\\\/logo\\\/image\\\/\",\"url\":\"https:\\\/\\\/www.webdo.tn\\\/fr\\\/wp-content\\\/uploads\\\/2025\\\/06\\\/Webdo-Tunisie_168377.jpg\",\"contentUrl\":\"https:\\\/\\\/www.webdo.tn\\\/fr\\\/wp-content\\\/uploads\\\/2025\\\/06\\\/Webdo-Tunisie_168377.jpg\",\"width\":301,\"height\":301,\"caption\":\"Webdo\"},\"image\":{\"@id\":\"https:\\\/\\\/www.webdo.tn\\\/fr\\\/#\\\/schema\\\/logo\\\/image\\\/\"},\"sameAs\":[\"https:\\\/\\\/www.facebook.com\\\/webdotn\",\"https:\\\/\\\/x.com\\\/webdo_tn\"],\"description\":\"Webdo est un m\u00e9dia num\u00e9rique tunisien fond\u00e9 en 2010, sp\u00e9cialis\u00e9 dans l\u2019actualit\u00e9 nationale et internationale, l\u2019\u00e9conomie, la soci\u00e9t\u00e9 et les analyses politiques. Le site s\u2019adresse \u00e0 un large public francophone et couvre l\u2019information tunisienne en temps r\u00e9el.\",\"email\":\"redac@webdo.tn\",\"legalName\":\"YNJ SARL\",\"foundingDate\":\"2010-09-06\",\"numberOfEmployees\":{\"@type\":\"QuantitativeValue\",\"minValue\":\"11\",\"maxValue\":\"50\"}},{\"@type\":\"Person\",\"@id\":\"https:\\\/\\\/www.webdo.tn\\\/fr\\\/#\\\/schema\\\/person\\\/9a9c6118d687c117df8ef3cc36a4d175\",\"name\":\"webdo.tn\",\"image\":{\"@type\":\"ImageObject\",\"inLanguage\":\"fr-FR\",\"@id\":\"https:\\\/\\\/secure.gravatar.com\\\/avatar\\\/7ce1f28c0c3bbac99ff550b85ef8e44a6950c6ee24514fb6a5489e51d06f0298?s=96&d=mm&r=g\",\"url\":\"https:\\\/\\\/secure.gravatar.com\\\/avatar\\\/7ce1f28c0c3bbac99ff550b85ef8e44a6950c6ee24514fb6a5489e51d06f0298?s=96&d=mm&r=g\",\"contentUrl\":\"https:\\\/\\\/secure.gravatar.com\\\/avatar\\\/7ce1f28c0c3bbac99ff550b85ef8e44a6950c6ee24514fb6a5489e51d06f0298?s=96&d=mm&r=g\",\"caption\":\"webdo.tn\"},\"url\":\"https:\\\/\\\/www.webdo.tn\\\/fr\\\/actualite\\\/author\\\/webdotn\\\/\"}]}<\/script>\n<!-- \/ Yoast SEO Premium plugin. -->","yoast_head_json":{"title":"Sur une plage de Duba\u00ef, un p\u00e8re laisse sa fille se noyer par peur du d\u00e9shonneur","description":"Sur une plage de Duba\u00ef, un p\u00e8re laisse sa fille se noyer par peur du d\u00e9shonneur","canonical":"https:\/\/www.webdo.tn\/fr\/actualite\/international\/sur-une-plage-de-dubai-un-pere-laisse-sa-fille-se-noyer-par-peur-du-deshonneur\/184020\/","og_locale":"fr_FR","og_type":"article","og_title":"Sur une plage de Duba\u00ef, un p\u00e8re laisse sa fille se noyer par peur du d\u00e9shonneur","og_description":"Sur une plage de Duba\u00ef, un p\u00e8re laisse sa fille se noyer par peur du d\u00e9shonneur","og_url":"https:\/\/www.webdo.tn\/fr\/actualite\/international\/sur-une-plage-de-dubai-un-pere-laisse-sa-fille-se-noyer-par-peur-du-deshonneur\/184020\/","og_site_name":"webdo","article_publisher":"https:\/\/www.facebook.com\/webdotn","article_published_time":"2015-08-10T20:21:00+00:00","og_image":[{"width":300,"height":174,"url":"https:\/\/www.webdo.tn\/fr\/wp-content\/uploads\/2015\/08\/dubai-300x174-1.jpg","type":"image\/jpeg"}],"author":"webdo.tn","twitter_card":"summary_large_image","twitter_creator":"@webdo_tn","twitter_site":"@webdo_tn","twitter_misc":{"\u00c9crit par":"webdo.tn","Dur\u00e9e de lecture estim\u00e9e":"1 minute"},"schema":{"@context":"https:\/\/schema.org","@graph":[{"@type":"NewsArticle","@id":"https:\/\/www.webdo.tn\/fr\/actualite\/international\/sur-une-plage-de-dubai-un-pere-laisse-sa-fille-se-noyer-par-peur-du-deshonneur\/184020\/#article","isPartOf":{"@id":"https:\/\/www.webdo.tn\/fr\/actualite\/international\/sur-une-plage-de-dubai-un-pere-laisse-sa-fille-se-noyer-par-peur-du-deshonneur\/184020\/"},"author":{"name":"webdo.tn","@id":"https:\/\/www.webdo.tn\/fr\/#\/schema\/person\/9a9c6118d687c117df8ef3cc36a4d175"},"headline":"Sur une plage de Duba\u00ef, un p\u00e8re laisse sa fille se noyer par peur du d\u00e9shonneur","datePublished":"2015-08-10T20:21:00+00:00","mainEntityOfPage":{"@id":"https:\/\/www.webdo.tn\/fr\/actualite\/international\/sur-une-plage-de-dubai-un-pere-laisse-sa-fille-se-noyer-par-peur-du-deshonneur\/184020\/"},"wordCount":252,"commentCount":0,"publisher":{"@id":"https:\/\/www.webdo.tn\/fr\/#organization"},"image":{"@id":"https:\/\/www.webdo.tn\/fr\/actualite\/international\/sur-une-plage-de-dubai-un-pere-laisse-sa-fille-se-noyer-par-peur-du-deshonneur\/184020\/#primaryimage"},"thumbnailUrl":"https:\/\/www.webdo.tn\/fr\/wp-content\/uploads\/2015\/08\/dubai-300x174-1.jpg","keywords":["guerre"],"articleSection":["International"],"inLanguage":"fr-FR"},{"@type":"WebPage","@id":"https:\/\/www.webdo.tn\/fr\/actualite\/international\/sur-une-plage-de-dubai-un-pere-laisse-sa-fille-se-noyer-par-peur-du-deshonneur\/184020\/","url":"https:\/\/www.webdo.tn\/fr\/actualite\/international\/sur-une-plage-de-dubai-un-pere-laisse-sa-fille-se-noyer-par-peur-du-deshonneur\/184020\/","name":"Sur une plage de Duba\u00ef, un p\u00e8re laisse sa fille se noyer par peur du d\u00e9shonneur","isPartOf":{"@id":"https:\/\/www.webdo.tn\/fr\/#website"},"primaryImageOfPage":{"@id":"https:\/\/www.webdo.tn\/fr\/actualite\/international\/sur-une-plage-de-dubai-un-pere-laisse-sa-fille-se-noyer-par-peur-du-deshonneur\/184020\/#primaryimage"},"image":{"@id":"https:\/\/www.webdo.tn\/fr\/actualite\/international\/sur-une-plage-de-dubai-un-pere-laisse-sa-fille-se-noyer-par-peur-du-deshonneur\/184020\/#primaryimage"},"thumbnailUrl":"https:\/\/www.webdo.tn\/fr\/wp-content\/uploads\/2015\/08\/dubai-300x174-1.jpg","datePublished":"2015-08-10T20:21:00+00:00","description":"Sur une plage de Duba\u00ef, un p\u00e8re laisse sa fille se noyer par peur du d\u00e9shonneur","breadcrumb":{"@id":"https:\/\/www.webdo.tn\/fr\/actualite\/international\/sur-une-plage-de-dubai-un-pere-laisse-sa-fille-se-noyer-par-peur-du-deshonneur\/184020\/#breadcrumb"},"inLanguage":"fr-FR","potentialAction":[{"@type":"ReadAction","target":["https:\/\/www.webdo.tn\/fr\/actualite\/international\/sur-une-plage-de-dubai-un-pere-laisse-sa-fille-se-noyer-par-peur-du-deshonneur\/184020\/"]}]},{"@type":"ImageObject","inLanguage":"fr-FR","@id":"https:\/\/www.webdo.tn\/fr\/actualite\/international\/sur-une-plage-de-dubai-un-pere-laisse-sa-fille-se-noyer-par-peur-du-deshonneur\/184020\/#primaryimage","url":"https:\/\/www.webdo.tn\/fr\/wp-content\/uploads\/2015\/08\/dubai-300x174-1.jpg","contentUrl":"https:\/\/www.webdo.tn\/fr\/wp-content\/uploads\/2015\/08\/dubai-300x174-1.jpg","width":300,"height":174,"caption":"Sur une plage de Duba\u00ef, un p\u00e8re laisse sa fille se noyer par peur du d\u00e9shonneur"},{"@type":"BreadcrumbList","@id":"https:\/\/www.webdo.tn\/fr\/actualite\/international\/sur-une-plage-de-dubai-un-pere-laisse-sa-fille-se-noyer-par-peur-du-deshonneur\/184020\/#breadcrumb","itemListElement":[{"@type":"ListItem","position":1,"name":"Accueil","item":"https:\/\/www.webdo.tn\/fr\/"},{"@type":"ListItem","position":2,"name":"Sur une plage de Duba\u00ef, un p\u00e8re laisse sa fille se noyer par peur du d\u00e9shonneur"}]},{"@type":"WebSite","@id":"https:\/\/www.webdo.tn\/fr\/#website","url":"https:\/\/www.webdo.tn\/fr\/","name":"webdo","description":"Tunisie - News en Tunisie et \u00e0 l&#039;international sur Webdo.tn","publisher":{"@id":"https:\/\/www.webdo.tn\/fr\/#organization"},"potentialAction":[{"@type":"SearchAction","target":{"@type":"EntryPoint","urlTemplate":"https:\/\/www.webdo.tn\/fr\/?s={search_term_string}"},"query-input":{"@type":"PropertyValueSpecification","valueRequired":true,"valueName":"search_term_string"}}],"inLanguage":"fr-FR"},{"@type":"Organization","@id":"https:\/\/www.webdo.tn\/fr\/#organization","name":"Webdo","alternateName":"Webdo.tn","url":"https:\/\/www.webdo.tn\/fr\/","logo":{"@type":"ImageObject","inLanguage":"fr-FR","@id":"https:\/\/www.webdo.tn\/fr\/#\/schema\/logo\/image\/","url":"https:\/\/www.webdo.tn\/fr\/wp-content\/uploads\/2025\/06\/Webdo-Tunisie_168377.jpg","contentUrl":"https:\/\/www.webdo.tn\/fr\/wp-content\/uploads\/2025\/06\/Webdo-Tunisie_168377.jpg","width":301,"height":301,"caption":"Webdo"},"image":{"@id":"https:\/\/www.webdo.tn\/fr\/#\/schema\/logo\/image\/"},"sameAs":["https:\/\/www.facebook.com\/webdotn","https:\/\/x.com\/webdo_tn"],"description":"Webdo est un m\u00e9dia num\u00e9rique tunisien fond\u00e9 en 2010, sp\u00e9cialis\u00e9 dans l\u2019actualit\u00e9 nationale et internationale, l\u2019\u00e9conomie, la soci\u00e9t\u00e9 et les analyses politiques. Le site s\u2019adresse \u00e0 un large public francophone et couvre l\u2019information tunisienne en temps r\u00e9el.","email":"redac@webdo.tn","legalName":"YNJ SARL","foundingDate":"2010-09-06","numberOfEmployees":{"@type":"QuantitativeValue","minValue":"11","maxValue":"50"}},{"@type":"Person","@id":"https:\/\/www.webdo.tn\/fr\/#\/schema\/person\/9a9c6118d687c117df8ef3cc36a4d175","name":"webdo.tn","image":{"@type":"ImageObject","inLanguage":"fr-FR","@id":"https:\/\/secure.gravatar.com\/avatar\/7ce1f28c0c3bbac99ff550b85ef8e44a6950c6ee24514fb6a5489e51d06f0298?s=96&d=mm&r=g","url":"https:\/\/secure.gravatar.com\/avatar\/7ce1f28c0c3bbac99ff550b85ef8e44a6950c6ee24514fb6a5489e51d06f0298?s=96&d=mm&r=g","contentUrl":"https:\/\/secure.gravatar.com\/avatar\/7ce1f28c0c3bbac99ff550b85ef8e44a6950c6ee24514fb6a5489e51d06f0298?s=96&d=mm&r=g","caption":"webdo.tn"},"url":"https:\/\/www.webdo.tn\/fr\/actualite\/author\/webdotn\/"}]}},"_links":{"self":[{"href":"https:\/\/www.webdo.tn\/fr\/wp-json\/wp\/v2\/posts\/184020","targetHints":{"allow":["GET"]}}],"collection":[{"href":"https:\/\/www.webdo.tn\/fr\/wp-json\/wp\/v2\/posts"}],"about":[{"href":"https:\/\/www.webdo.tn\/fr\/wp-json\/wp\/v2\/types\/post"}],"author":[{"embeddable":true,"href":"https:\/\/www.webdo.tn\/fr\/wp-json\/wp\/v2\/users\/3222"}],"replies":[{"embeddable":true,"href":"https:\/\/www.webdo.tn\/fr\/wp-json\/wp\/v2\/comments?post=184020"}],"version-history":[{"count":0,"href":"https:\/\/www.webdo.tn\/fr\/wp-json\/wp\/v2\/posts\/184020\/revisions"}],"wp:featuredmedia":[{"embeddable":true,"href":"https:\/\/www.webdo.tn\/fr\/wp-json\/wp\/v2\/media\/336155"}],"wp:attachment":[{"href":"https:\/\/www.webdo.tn\/fr\/wp-json\/wp\/v2\/media?parent=184020"}],"wp:term":[{"taxonomy":"category","embeddable":true,"href":"https:\/\/www.webdo.tn\/fr\/wp-json\/wp\/v2\/categories?post=184020"},{"taxonomy":"post_tag","embeddable":true,"href":"https:\/\/www.webdo.tn\/fr\/wp-json\/wp\/v2\/tags?post=184020"}],"curies":[{"name":"wp","href":"https:\/\/api.w.org\/{rel}","templated":true}]}}