{"id":184019,"date":"2015-08-10T21:55:00","date_gmt":"2015-08-10T21:55:00","guid":{"rendered":"https:\/\/www.webdo.tn\/fr\/blog\/palestine-letat-israelien-relache-les-extremistes-juifs-soupconnes-davoir-mis-le-feu-a-la-maison-du-petit-ali\/184019\/"},"modified":"2015-08-10T21:55:00","modified_gmt":"2015-08-10T21:55:00","slug":"palestine-letat-israelien-relache-les-extremistes-juifs-soupconnes-davoir-mis-le-feu-a-la-maison-du-petit-ali","status":"publish","type":"post","link":"https:\/\/www.webdo.tn\/fr\/actualite\/international\/palestine-letat-israelien-relache-les-extremistes-juifs-soupconnes-davoir-mis-le-feu-a-la-maison-du-petit-ali\/184019\/","title":{"rendered":"Palestine: L&rsquo;Etat isra\u00eblien rel\u00e2che les extr\u00e9mistes juifs soup\u00e7onn\u00e9s d&rsquo;avoir mis le feu \u00e0 la maison du petit Ali"},"content":{"rendered":"<p>Les services de s\u00e9curit\u00e9 isra\u00e9liens ont rel\u00e2ch\u00e9 tous les individus arr\u00eat\u00e9s, hier, dimanche 9 ao\u00fbt 2015, dans l&rsquo;enqu\u00eate sur la mort du petit Ali\u00a0Dawabcheh et de son papa\u00a0dans un incendie attribu\u00e9 \u00e0 des extr\u00e9mistes juifs.<\/p>\n<p>Le drame avait eu lieu \u00e0\u00a0Douma, un\u00a0village palestinien proche de deux colonies isra\u00e9liennes ill\u00e9gales. Des cocktails Molotov lanc\u00e9s dans la maison des Dawabcheh\u00a0ont caus\u00e9 la mort du petit Ali,\u00a018 mois et celle de son p\u00e8re. La m\u00e8re et le fr\u00e8re sont\u00a0toujours hospitalis\u00e9s.<\/p>\n<p>L&rsquo;affaire avait suscit\u00e9 une grande\u00a0indignation, aussi bien en Cisjordanie qu&rsquo;\u00e0 l&rsquo;\u00e9tranger et les autorit\u00e9s isra\u00e9liennes avaient \u00e9t\u00e9 accus\u00e9es \u00a0de complaisance avec l&rsquo;extr\u00e9misme juif.\u00a0Le Premier ministre isra\u00e9lien Benjamin Netanyahu a qualifi\u00e9 le drame survenu \u00e0\u00a0Douma d&rsquo;acte \u00ab\u00a0terroriste\u00a0\u00bb.<\/p>\n<p>Pourtant, les extr\u00e9mistes juifs qui avaient \u00e9t\u00e9 plac\u00e9s en d\u00e9tention hier\u00a0et pour six mois renouvelables, sont sortis au bout de 24 heures&#8230;<\/p>\n","protected":false},"excerpt":{"rendered":"<p>Palestine: L&rsquo;Etat isra\u00eblien rel\u00e2che les extr\u00e9mistes juifs soup\u00e7onn\u00e9s d&rsquo;avoir mis le feu \u00e0 la maison du petit Ali<\/p>\n","protected":false},"author":3222,"featured_media":375406,"comment_status":"open","ping_status":"closed","sticky":false,"template":"","format":"standard","meta":{"footnotes":""},"categories":[2598],"tags":[2600],"class_list":["post-184019","post","type-post","status-publish","format-standard","has-post-thumbnail","hentry","category-international","tag-guerre"],"yoast_head":"<!-- This site is optimized with the Yoast SEO Premium plugin v27.5 (Yoast SEO v27.5) - https:\/\/yoast.com\/product\/yoast-seo-premium-wordpress\/ -->\n<title>Palestine: L&#039;Etat isra\u00eblien rel\u00e2che les extr\u00e9mistes juifs soup\u00e7onn\u00e9s d&#039;avoir mis le feu \u00e0 la maison du petit Ali<\/title>\n<meta name=\"description\" content=\"Palestine: L&#039;Etat isra\u00eblien rel\u00e2che les extr\u00e9mistes juifs soup\u00e7onn\u00e9s d&#039;avoir mis le feu \u00e0 la maison du petit Ali\" \/>\n<link rel=\"canonical\" href=\"https:\/\/www.webdo.tn\/fr\/actualite\/international\/palestine-letat-israelien-relache-les-extremistes-juifs-soupconnes-davoir-mis-le-feu-a-la-maison-du-petit-ali\/184019\/\" \/>\n<meta property=\"og:locale\" content=\"fr_FR\" \/>\n<meta property=\"og:type\" content=\"article\" \/>\n<meta property=\"og:title\" content=\"Palestine: L&#039;Etat isra\u00eblien rel\u00e2che les extr\u00e9mistes juifs soup\u00e7onn\u00e9s d&#039;avoir mis le feu \u00e0 la maison du petit Ali\" \/>\n<meta property=\"og:description\" content=\"Palestine: L&#039;Etat isra\u00eblien rel\u00e2che les extr\u00e9mistes juifs soup\u00e7onn\u00e9s d&#039;avoir mis le feu \u00e0 la maison du petit Ali\" \/>\n<meta property=\"og:url\" content=\"https:\/\/www.webdo.tn\/fr\/actualite\/international\/palestine-letat-israelien-relache-les-extremistes-juifs-soupconnes-davoir-mis-le-feu-a-la-maison-du-petit-ali\/184019\/\" \/>\n<meta property=\"og:site_name\" content=\"webdo\" \/>\n<meta property=\"article:publisher\" content=\"https:\/\/www.facebook.com\/webdotn\" \/>\n<meta property=\"article:published_time\" content=\"2015-08-10T21:55:00+00:00\" \/>\n<meta name=\"author\" content=\"webdo.tn\" \/>\n<meta name=\"twitter:card\" content=\"summary_large_image\" \/>\n<meta name=\"twitter:creator\" content=\"@webdo_tn\" \/>\n<meta name=\"twitter:site\" content=\"@webdo_tn\" \/>\n<meta name=\"twitter:label1\" content=\"\u00c9crit par\" \/>\n\t<meta name=\"twitter:data1\" content=\"webdo.tn\" \/>\n\t<meta name=\"twitter:label2\" content=\"Dur\u00e9e de lecture estim\u00e9e\" \/>\n\t<meta name=\"twitter:data2\" content=\"1 minute\" \/>\n<script type=\"application\/ld+json\" class=\"yoast-schema-graph\">{\"@context\":\"https:\\\/\\\/schema.org\",\"@graph\":[{\"@type\":\"NewsArticle\",\"@id\":\"https:\\\/\\\/www.webdo.tn\\\/fr\\\/actualite\\\/international\\\/palestine-letat-israelien-relache-les-extremistes-juifs-soupconnes-davoir-mis-le-feu-a-la-maison-du-petit-ali\\\/184019\\\/#article\",\"isPartOf\":{\"@id\":\"https:\\\/\\\/www.webdo.tn\\\/fr\\\/actualite\\\/international\\\/palestine-letat-israelien-relache-les-extremistes-juifs-soupconnes-davoir-mis-le-feu-a-la-maison-du-petit-ali\\\/184019\\\/\"},\"author\":{\"name\":\"webdo.tn\",\"@id\":\"https:\\\/\\\/www.webdo.tn\\\/fr\\\/#\\\/schema\\\/person\\\/9a9c6118d687c117df8ef3cc36a4d175\"},\"headline\":\"Palestine: L&rsquo;Etat isra\u00eblien rel\u00e2che les extr\u00e9mistes juifs soup\u00e7onn\u00e9s d&rsquo;avoir mis le feu \u00e0 la maison du petit Ali\",\"datePublished\":\"2015-08-10T21:55:00+00:00\",\"mainEntityOfPage\":{\"@id\":\"https:\\\/\\\/www.webdo.tn\\\/fr\\\/actualite\\\/international\\\/palestine-letat-israelien-relache-les-extremistes-juifs-soupconnes-davoir-mis-le-feu-a-la-maison-du-petit-ali\\\/184019\\\/\"},\"wordCount\":191,\"commentCount\":0,\"publisher\":{\"@id\":\"https:\\\/\\\/www.webdo.tn\\\/fr\\\/#organization\"},\"image\":{\"@id\":\"https:\\\/\\\/www.webdo.tn\\\/fr\\\/actualite\\\/international\\\/palestine-letat-israelien-relache-les-extremistes-juifs-soupconnes-davoir-mis-le-feu-a-la-maison-du-petit-ali\\\/184019\\\/#primaryimage\"},\"thumbnailUrl\":\"https:\\\/\\\/www.webdo.tn\\\/fr\\\/wp-content\\\/uploads\\\/2025\\\/06\\\/extremiste-juif-300x199_184019.jpg\",\"keywords\":[\"guerre\"],\"articleSection\":[\"International\"],\"inLanguage\":\"fr-FR\"},{\"@type\":\"WebPage\",\"@id\":\"https:\\\/\\\/www.webdo.tn\\\/fr\\\/actualite\\\/international\\\/palestine-letat-israelien-relache-les-extremistes-juifs-soupconnes-davoir-mis-le-feu-a-la-maison-du-petit-ali\\\/184019\\\/\",\"url\":\"https:\\\/\\\/www.webdo.tn\\\/fr\\\/actualite\\\/international\\\/palestine-letat-israelien-relache-les-extremistes-juifs-soupconnes-davoir-mis-le-feu-a-la-maison-du-petit-ali\\\/184019\\\/\",\"name\":\"Palestine: L'Etat isra\u00eblien rel\u00e2che les extr\u00e9mistes juifs soup\u00e7onn\u00e9s d'avoir mis le feu \u00e0 la maison du petit Ali\",\"isPartOf\":{\"@id\":\"https:\\\/\\\/www.webdo.tn\\\/fr\\\/#website\"},\"primaryImageOfPage\":{\"@id\":\"https:\\\/\\\/www.webdo.tn\\\/fr\\\/actualite\\\/international\\\/palestine-letat-israelien-relache-les-extremistes-juifs-soupconnes-davoir-mis-le-feu-a-la-maison-du-petit-ali\\\/184019\\\/#primaryimage\"},\"image\":{\"@id\":\"https:\\\/\\\/www.webdo.tn\\\/fr\\\/actualite\\\/international\\\/palestine-letat-israelien-relache-les-extremistes-juifs-soupconnes-davoir-mis-le-feu-a-la-maison-du-petit-ali\\\/184019\\\/#primaryimage\"},\"thumbnailUrl\":\"https:\\\/\\\/www.webdo.tn\\\/fr\\\/wp-content\\\/uploads\\\/2025\\\/06\\\/extremiste-juif-300x199_184019.jpg\",\"datePublished\":\"2015-08-10T21:55:00+00:00\",\"description\":\"Palestine: L'Etat isra\u00eblien rel\u00e2che les extr\u00e9mistes juifs soup\u00e7onn\u00e9s d'avoir mis le feu \u00e0 la maison du petit Ali\",\"breadcrumb\":{\"@id\":\"https:\\\/\\\/www.webdo.tn\\\/fr\\\/actualite\\\/international\\\/palestine-letat-israelien-relache-les-extremistes-juifs-soupconnes-davoir-mis-le-feu-a-la-maison-du-petit-ali\\\/184019\\\/#breadcrumb\"},\"inLanguage\":\"fr-FR\",\"potentialAction\":[{\"@type\":\"ReadAction\",\"target\":[\"https:\\\/\\\/www.webdo.tn\\\/fr\\\/actualite\\\/international\\\/palestine-letat-israelien-relache-les-extremistes-juifs-soupconnes-davoir-mis-le-feu-a-la-maison-du-petit-ali\\\/184019\\\/\"]}]},{\"@type\":\"ImageObject\",\"inLanguage\":\"fr-FR\",\"@id\":\"https:\\\/\\\/www.webdo.tn\\\/fr\\\/actualite\\\/international\\\/palestine-letat-israelien-relache-les-extremistes-juifs-soupconnes-davoir-mis-le-feu-a-la-maison-du-petit-ali\\\/184019\\\/#primaryimage\",\"url\":\"https:\\\/\\\/www.webdo.tn\\\/fr\\\/wp-content\\\/uploads\\\/2025\\\/06\\\/extremiste-juif-300x199_184019.jpg\",\"contentUrl\":\"https:\\\/\\\/www.webdo.tn\\\/fr\\\/wp-content\\\/uploads\\\/2025\\\/06\\\/extremiste-juif-300x199_184019.jpg\",\"width\":300,\"height\":199,\"caption\":\"Palestine: L'Etat isra\u00eblien rel\u00e2che les extr\u00e9mistes juifs soup\u00e7onn\u00e9s d'avoir mis le feu \u00e0 la maison du petit Ali\"},{\"@type\":\"BreadcrumbList\",\"@id\":\"https:\\\/\\\/www.webdo.tn\\\/fr\\\/actualite\\\/international\\\/palestine-letat-israelien-relache-les-extremistes-juifs-soupconnes-davoir-mis-le-feu-a-la-maison-du-petit-ali\\\/184019\\\/#breadcrumb\",\"itemListElement\":[{\"@type\":\"ListItem\",\"position\":1,\"name\":\"Accueil\",\"item\":\"https:\\\/\\\/www.webdo.tn\\\/fr\\\/\"},{\"@type\":\"ListItem\",\"position\":2,\"name\":\"Palestine: L&rsquo;Etat isra\u00eblien rel\u00e2che les extr\u00e9mistes juifs soup\u00e7onn\u00e9s d&rsquo;avoir mis le feu \u00e0 la maison du petit Ali\"}]},{\"@type\":\"WebSite\",\"@id\":\"https:\\\/\\\/www.webdo.tn\\\/fr\\\/#website\",\"url\":\"https:\\\/\\\/www.webdo.tn\\\/fr\\\/\",\"name\":\"webdo\",\"description\":\"Tunisie - News en Tunisie et \u00e0 l&#039;international sur Webdo.tn\",\"publisher\":{\"@id\":\"https:\\\/\\\/www.webdo.tn\\\/fr\\\/#organization\"},\"potentialAction\":[{\"@type\":\"SearchAction\",\"target\":{\"@type\":\"EntryPoint\",\"urlTemplate\":\"https:\\\/\\\/www.webdo.tn\\\/fr\\\/?s={search_term_string}\"},\"query-input\":{\"@type\":\"PropertyValueSpecification\",\"valueRequired\":true,\"valueName\":\"search_term_string\"}}],\"inLanguage\":\"fr-FR\"},{\"@type\":\"Organization\",\"@id\":\"https:\\\/\\\/www.webdo.tn\\\/fr\\\/#organization\",\"name\":\"Webdo\",\"alternateName\":\"Webdo.tn\",\"url\":\"https:\\\/\\\/www.webdo.tn\\\/fr\\\/\",\"logo\":{\"@type\":\"ImageObject\",\"inLanguage\":\"fr-FR\",\"@id\":\"https:\\\/\\\/www.webdo.tn\\\/fr\\\/#\\\/schema\\\/logo\\\/image\\\/\",\"url\":\"https:\\\/\\\/www.webdo.tn\\\/fr\\\/wp-content\\\/uploads\\\/2025\\\/06\\\/Webdo-Tunisie_168377.jpg\",\"contentUrl\":\"https:\\\/\\\/www.webdo.tn\\\/fr\\\/wp-content\\\/uploads\\\/2025\\\/06\\\/Webdo-Tunisie_168377.jpg\",\"width\":301,\"height\":301,\"caption\":\"Webdo\"},\"image\":{\"@id\":\"https:\\\/\\\/www.webdo.tn\\\/fr\\\/#\\\/schema\\\/logo\\\/image\\\/\"},\"sameAs\":[\"https:\\\/\\\/www.facebook.com\\\/webdotn\",\"https:\\\/\\\/x.com\\\/webdo_tn\"],\"description\":\"Webdo est un m\u00e9dia num\u00e9rique tunisien fond\u00e9 en 2010, sp\u00e9cialis\u00e9 dans l\u2019actualit\u00e9 nationale et internationale, l\u2019\u00e9conomie, la soci\u00e9t\u00e9 et les analyses politiques. Le site s\u2019adresse \u00e0 un large public francophone et couvre l\u2019information tunisienne en temps r\u00e9el.\",\"email\":\"redac@webdo.tn\",\"legalName\":\"YNJ SARL\",\"foundingDate\":\"2010-09-06\",\"numberOfEmployees\":{\"@type\":\"QuantitativeValue\",\"minValue\":\"11\",\"maxValue\":\"50\"}},{\"@type\":\"Person\",\"@id\":\"https:\\\/\\\/www.webdo.tn\\\/fr\\\/#\\\/schema\\\/person\\\/9a9c6118d687c117df8ef3cc36a4d175\",\"name\":\"webdo.tn\",\"image\":{\"@type\":\"ImageObject\",\"inLanguage\":\"fr-FR\",\"@id\":\"https:\\\/\\\/secure.gravatar.com\\\/avatar\\\/7ce1f28c0c3bbac99ff550b85ef8e44a6950c6ee24514fb6a5489e51d06f0298?s=96&d=mm&r=g\",\"url\":\"https:\\\/\\\/secure.gravatar.com\\\/avatar\\\/7ce1f28c0c3bbac99ff550b85ef8e44a6950c6ee24514fb6a5489e51d06f0298?s=96&d=mm&r=g\",\"contentUrl\":\"https:\\\/\\\/secure.gravatar.com\\\/avatar\\\/7ce1f28c0c3bbac99ff550b85ef8e44a6950c6ee24514fb6a5489e51d06f0298?s=96&d=mm&r=g\",\"caption\":\"webdo.tn\"},\"url\":\"https:\\\/\\\/www.webdo.tn\\\/fr\\\/actualite\\\/author\\\/webdotn\\\/\"}]}<\/script>\n<!-- \/ Yoast SEO Premium plugin. -->","yoast_head_json":{"title":"Palestine: L'Etat isra\u00eblien rel\u00e2che les extr\u00e9mistes juifs soup\u00e7onn\u00e9s d'avoir mis le feu \u00e0 la maison du petit Ali","description":"Palestine: L'Etat isra\u00eblien rel\u00e2che les extr\u00e9mistes juifs soup\u00e7onn\u00e9s d'avoir mis le feu \u00e0 la maison du petit Ali","canonical":"https:\/\/www.webdo.tn\/fr\/actualite\/international\/palestine-letat-israelien-relache-les-extremistes-juifs-soupconnes-davoir-mis-le-feu-a-la-maison-du-petit-ali\/184019\/","og_locale":"fr_FR","og_type":"article","og_title":"Palestine: L'Etat isra\u00eblien rel\u00e2che les extr\u00e9mistes juifs soup\u00e7onn\u00e9s d'avoir mis le feu \u00e0 la maison du petit Ali","og_description":"Palestine: L'Etat isra\u00eblien rel\u00e2che les extr\u00e9mistes juifs soup\u00e7onn\u00e9s d'avoir mis le feu \u00e0 la maison du petit Ali","og_url":"https:\/\/www.webdo.tn\/fr\/actualite\/international\/palestine-letat-israelien-relache-les-extremistes-juifs-soupconnes-davoir-mis-le-feu-a-la-maison-du-petit-ali\/184019\/","og_site_name":"webdo","article_publisher":"https:\/\/www.facebook.com\/webdotn","article_published_time":"2015-08-10T21:55:00+00:00","author":"webdo.tn","twitter_card":"summary_large_image","twitter_creator":"@webdo_tn","twitter_site":"@webdo_tn","twitter_misc":{"\u00c9crit par":"webdo.tn","Dur\u00e9e de lecture estim\u00e9e":"1 minute"},"schema":{"@context":"https:\/\/schema.org","@graph":[{"@type":"NewsArticle","@id":"https:\/\/www.webdo.tn\/fr\/actualite\/international\/palestine-letat-israelien-relache-les-extremistes-juifs-soupconnes-davoir-mis-le-feu-a-la-maison-du-petit-ali\/184019\/#article","isPartOf":{"@id":"https:\/\/www.webdo.tn\/fr\/actualite\/international\/palestine-letat-israelien-relache-les-extremistes-juifs-soupconnes-davoir-mis-le-feu-a-la-maison-du-petit-ali\/184019\/"},"author":{"name":"webdo.tn","@id":"https:\/\/www.webdo.tn\/fr\/#\/schema\/person\/9a9c6118d687c117df8ef3cc36a4d175"},"headline":"Palestine: L&rsquo;Etat isra\u00eblien rel\u00e2che les extr\u00e9mistes juifs soup\u00e7onn\u00e9s d&rsquo;avoir mis le feu \u00e0 la maison du petit Ali","datePublished":"2015-08-10T21:55:00+00:00","mainEntityOfPage":{"@id":"https:\/\/www.webdo.tn\/fr\/actualite\/international\/palestine-letat-israelien-relache-les-extremistes-juifs-soupconnes-davoir-mis-le-feu-a-la-maison-du-petit-ali\/184019\/"},"wordCount":191,"commentCount":0,"publisher":{"@id":"https:\/\/www.webdo.tn\/fr\/#organization"},"image":{"@id":"https:\/\/www.webdo.tn\/fr\/actualite\/international\/palestine-letat-israelien-relache-les-extremistes-juifs-soupconnes-davoir-mis-le-feu-a-la-maison-du-petit-ali\/184019\/#primaryimage"},"thumbnailUrl":"https:\/\/www.webdo.tn\/fr\/wp-content\/uploads\/2025\/06\/extremiste-juif-300x199_184019.jpg","keywords":["guerre"],"articleSection":["International"],"inLanguage":"fr-FR"},{"@type":"WebPage","@id":"https:\/\/www.webdo.tn\/fr\/actualite\/international\/palestine-letat-israelien-relache-les-extremistes-juifs-soupconnes-davoir-mis-le-feu-a-la-maison-du-petit-ali\/184019\/","url":"https:\/\/www.webdo.tn\/fr\/actualite\/international\/palestine-letat-israelien-relache-les-extremistes-juifs-soupconnes-davoir-mis-le-feu-a-la-maison-du-petit-ali\/184019\/","name":"Palestine: L'Etat isra\u00eblien rel\u00e2che les extr\u00e9mistes juifs soup\u00e7onn\u00e9s d'avoir mis le feu \u00e0 la maison du petit Ali","isPartOf":{"@id":"https:\/\/www.webdo.tn\/fr\/#website"},"primaryImageOfPage":{"@id":"https:\/\/www.webdo.tn\/fr\/actualite\/international\/palestine-letat-israelien-relache-les-extremistes-juifs-soupconnes-davoir-mis-le-feu-a-la-maison-du-petit-ali\/184019\/#primaryimage"},"image":{"@id":"https:\/\/www.webdo.tn\/fr\/actualite\/international\/palestine-letat-israelien-relache-les-extremistes-juifs-soupconnes-davoir-mis-le-feu-a-la-maison-du-petit-ali\/184019\/#primaryimage"},"thumbnailUrl":"https:\/\/www.webdo.tn\/fr\/wp-content\/uploads\/2025\/06\/extremiste-juif-300x199_184019.jpg","datePublished":"2015-08-10T21:55:00+00:00","description":"Palestine: L'Etat isra\u00eblien rel\u00e2che les extr\u00e9mistes juifs soup\u00e7onn\u00e9s d'avoir mis le feu \u00e0 la maison du petit Ali","breadcrumb":{"@id":"https:\/\/www.webdo.tn\/fr\/actualite\/international\/palestine-letat-israelien-relache-les-extremistes-juifs-soupconnes-davoir-mis-le-feu-a-la-maison-du-petit-ali\/184019\/#breadcrumb"},"inLanguage":"fr-FR","potentialAction":[{"@type":"ReadAction","target":["https:\/\/www.webdo.tn\/fr\/actualite\/international\/palestine-letat-israelien-relache-les-extremistes-juifs-soupconnes-davoir-mis-le-feu-a-la-maison-du-petit-ali\/184019\/"]}]},{"@type":"ImageObject","inLanguage":"fr-FR","@id":"https:\/\/www.webdo.tn\/fr\/actualite\/international\/palestine-letat-israelien-relache-les-extremistes-juifs-soupconnes-davoir-mis-le-feu-a-la-maison-du-petit-ali\/184019\/#primaryimage","url":"https:\/\/www.webdo.tn\/fr\/wp-content\/uploads\/2025\/06\/extremiste-juif-300x199_184019.jpg","contentUrl":"https:\/\/www.webdo.tn\/fr\/wp-content\/uploads\/2025\/06\/extremiste-juif-300x199_184019.jpg","width":300,"height":199,"caption":"Palestine: L'Etat isra\u00eblien rel\u00e2che les extr\u00e9mistes juifs soup\u00e7onn\u00e9s d'avoir mis le feu \u00e0 la maison du petit Ali"},{"@type":"BreadcrumbList","@id":"https:\/\/www.webdo.tn\/fr\/actualite\/international\/palestine-letat-israelien-relache-les-extremistes-juifs-soupconnes-davoir-mis-le-feu-a-la-maison-du-petit-ali\/184019\/#breadcrumb","itemListElement":[{"@type":"ListItem","position":1,"name":"Accueil","item":"https:\/\/www.webdo.tn\/fr\/"},{"@type":"ListItem","position":2,"name":"Palestine: L&rsquo;Etat isra\u00eblien rel\u00e2che les extr\u00e9mistes juifs soup\u00e7onn\u00e9s d&rsquo;avoir mis le feu \u00e0 la maison du petit Ali"}]},{"@type":"WebSite","@id":"https:\/\/www.webdo.tn\/fr\/#website","url":"https:\/\/www.webdo.tn\/fr\/","name":"webdo","description":"Tunisie - News en Tunisie et \u00e0 l&#039;international sur Webdo.tn","publisher":{"@id":"https:\/\/www.webdo.tn\/fr\/#organization"},"potentialAction":[{"@type":"SearchAction","target":{"@type":"EntryPoint","urlTemplate":"https:\/\/www.webdo.tn\/fr\/?s={search_term_string}"},"query-input":{"@type":"PropertyValueSpecification","valueRequired":true,"valueName":"search_term_string"}}],"inLanguage":"fr-FR"},{"@type":"Organization","@id":"https:\/\/www.webdo.tn\/fr\/#organization","name":"Webdo","alternateName":"Webdo.tn","url":"https:\/\/www.webdo.tn\/fr\/","logo":{"@type":"ImageObject","inLanguage":"fr-FR","@id":"https:\/\/www.webdo.tn\/fr\/#\/schema\/logo\/image\/","url":"https:\/\/www.webdo.tn\/fr\/wp-content\/uploads\/2025\/06\/Webdo-Tunisie_168377.jpg","contentUrl":"https:\/\/www.webdo.tn\/fr\/wp-content\/uploads\/2025\/06\/Webdo-Tunisie_168377.jpg","width":301,"height":301,"caption":"Webdo"},"image":{"@id":"https:\/\/www.webdo.tn\/fr\/#\/schema\/logo\/image\/"},"sameAs":["https:\/\/www.facebook.com\/webdotn","https:\/\/x.com\/webdo_tn"],"description":"Webdo est un m\u00e9dia num\u00e9rique tunisien fond\u00e9 en 2010, sp\u00e9cialis\u00e9 dans l\u2019actualit\u00e9 nationale et internationale, l\u2019\u00e9conomie, la soci\u00e9t\u00e9 et les analyses politiques. Le site s\u2019adresse \u00e0 un large public francophone et couvre l\u2019information tunisienne en temps r\u00e9el.","email":"redac@webdo.tn","legalName":"YNJ SARL","foundingDate":"2010-09-06","numberOfEmployees":{"@type":"QuantitativeValue","minValue":"11","maxValue":"50"}},{"@type":"Person","@id":"https:\/\/www.webdo.tn\/fr\/#\/schema\/person\/9a9c6118d687c117df8ef3cc36a4d175","name":"webdo.tn","image":{"@type":"ImageObject","inLanguage":"fr-FR","@id":"https:\/\/secure.gravatar.com\/avatar\/7ce1f28c0c3bbac99ff550b85ef8e44a6950c6ee24514fb6a5489e51d06f0298?s=96&d=mm&r=g","url":"https:\/\/secure.gravatar.com\/avatar\/7ce1f28c0c3bbac99ff550b85ef8e44a6950c6ee24514fb6a5489e51d06f0298?s=96&d=mm&r=g","contentUrl":"https:\/\/secure.gravatar.com\/avatar\/7ce1f28c0c3bbac99ff550b85ef8e44a6950c6ee24514fb6a5489e51d06f0298?s=96&d=mm&r=g","caption":"webdo.tn"},"url":"https:\/\/www.webdo.tn\/fr\/actualite\/author\/webdotn\/"}]}},"_links":{"self":[{"href":"https:\/\/www.webdo.tn\/fr\/wp-json\/wp\/v2\/posts\/184019","targetHints":{"allow":["GET"]}}],"collection":[{"href":"https:\/\/www.webdo.tn\/fr\/wp-json\/wp\/v2\/posts"}],"about":[{"href":"https:\/\/www.webdo.tn\/fr\/wp-json\/wp\/v2\/types\/post"}],"author":[{"embeddable":true,"href":"https:\/\/www.webdo.tn\/fr\/wp-json\/wp\/v2\/users\/3222"}],"replies":[{"embeddable":true,"href":"https:\/\/www.webdo.tn\/fr\/wp-json\/wp\/v2\/comments?post=184019"}],"version-history":[{"count":0,"href":"https:\/\/www.webdo.tn\/fr\/wp-json\/wp\/v2\/posts\/184019\/revisions"}],"wp:featuredmedia":[{"embeddable":true,"href":"https:\/\/www.webdo.tn\/fr\/wp-json\/wp\/v2\/media\/375406"}],"wp:attachment":[{"href":"https:\/\/www.webdo.tn\/fr\/wp-json\/wp\/v2\/media?parent=184019"}],"wp:term":[{"taxonomy":"category","embeddable":true,"href":"https:\/\/www.webdo.tn\/fr\/wp-json\/wp\/v2\/categories?post=184019"},{"taxonomy":"post_tag","embeddable":true,"href":"https:\/\/www.webdo.tn\/fr\/wp-json\/wp\/v2\/tags?post=184019"}],"curies":[{"name":"wp","href":"https:\/\/api.w.org\/{rel}","templated":true}]}}