{"id":184016,"date":"2015-08-12T11:23:00","date_gmt":"2015-08-12T11:23:00","guid":{"rendered":"https:\/\/www.webdo.tn\/fr\/blog\/critique-par-les-telespectateurs-le-1er-ministre-libyen-demissionne-en-direct-a-la-television\/184016\/"},"modified":"2015-08-12T11:23:00","modified_gmt":"2015-08-12T11:23:00","slug":"critique-par-les-telespectateurs-le-1er-ministre-libyen-demissionne-en-direct-a-la-television","status":"publish","type":"post","link":"https:\/\/www.webdo.tn\/fr\/actualite\/international\/critique-par-les-telespectateurs-le-1er-ministre-libyen-demissionne-en-direct-a-la-television\/184016\/","title":{"rendered":"Critiqu\u00e9 par les t\u00e9l\u00e9spectateurs, le Premier ministre libyen d\u00e9missionne en direct \u00e0 la t\u00e9l\u00e9vision"},"content":{"rendered":"<p>Apr\u00e8s\u00a0la chute du r\u00e9gime de Kadhafi, la Libye\u00a0s&rsquo;est retrouv\u00e9e avec\u00a0deux gouvernements et\u00a0deux parlements, l&rsquo;un bas\u00e9 \u00e0 Tripoli sous le contr\u00f4le\u00a0des milices de Fajr Libya, et l&rsquo;autre dans l&rsquo;est du pays, reconnu par la communaut\u00e9 internationale.<\/p>\n<p>Des\u00a0pourparlers sont actuellement en cours\u00a0aux Nations unies \u00e0 Gen\u00e8ve sous la direction de l&rsquo;\u00e9missaire de l&rsquo;ONU en Libye, Bernardino Leon, afin d&rsquo;arriver \u00e0\u00a0un accord pour un gouvernement d&rsquo;union nationale.<\/p>\n<p>Interview\u00e9 entre autres \u00e0 ce sujet, mardi soir, 11 ao\u00fbt 2015, le premier ministre libyen (reconnu par la communaut\u00e9 internationale), Abdallah al-Theni, a surpris le public en annon\u00e7ant sa d\u00e9mission.<\/p>\n<p>Durant l&rsquo;interview, Abdallah al-Theni a \u00e9t\u00e9 vivement critiqu\u00e9 par les t\u00e9l\u00e9spectateurs \u00e0 propos de l&rsquo;incomp\u00e9tence du\u00a0gouvernement, qui n&rsquo;arrivait pas \u00e0 assurer la s\u00e9curit\u00e9 des citoyens ni m\u00eame \u00e0\u00a0fournir\u00a0des services de base comme\u00a0l&rsquo;\u00e9lectricit\u00e9.<\/p>\n<p>\u00ab\u00a0Si ma d\u00e9mission est la solution, alors je l&rsquo;annonce ici\u00a0\u00bb, a annonc\u00e9 le ministre le plus calmement du monde.<\/p>\n<p>Pour que cette d\u00e9mission soit effective, il faudrait pour cela la soumettre officiellement au parlement libyen. On attend la suite des \u00e9v\u00e9nements.<\/p>\n<p>On rappelle que Abdallah al-Theni avait \u00e9chapp\u00e9 \u00e0 une tentative d&rsquo;assassinat, en mai dernier \u00e0 Tobrouk (est de la Libye).<\/p>\n","protected":false},"excerpt":{"rendered":"<p>Critiqu\u00e9 par les t\u00e9l\u00e9spectateurs, le Premier ministre libyen d\u00e9missionne en direct \u00e0 la t\u00e9l\u00e9vision<\/p>\n","protected":false},"author":3222,"featured_media":336161,"comment_status":"open","ping_status":"closed","sticky":false,"template":"","format":"standard","meta":{"footnotes":""},"categories":[2598],"tags":[2600],"class_list":["post-184016","post","type-post","status-publish","format-standard","has-post-thumbnail","hentry","category-international","tag-guerre"],"yoast_head":"<!-- This site is optimized with the Yoast SEO Premium plugin v27.5 (Yoast SEO v27.5) - https:\/\/yoast.com\/product\/yoast-seo-premium-wordpress\/ -->\n<title>Critiqu\u00e9 par les t\u00e9l\u00e9spectateurs, le Premier ministre libyen d\u00e9missionne en direct \u00e0 la t\u00e9l\u00e9vision<\/title>\n<meta name=\"description\" content=\"Critiqu\u00e9 par les t\u00e9l\u00e9spectateurs, le Premier ministre libyen d\u00e9missionne en direct \u00e0 la t\u00e9l\u00e9vision\" \/>\n<link rel=\"canonical\" href=\"https:\/\/www.webdo.tn\/fr\/actualite\/international\/critique-par-les-telespectateurs-le-1er-ministre-libyen-demissionne-en-direct-a-la-television\/184016\/\" \/>\n<meta property=\"og:locale\" content=\"fr_FR\" \/>\n<meta property=\"og:type\" content=\"article\" \/>\n<meta property=\"og:title\" content=\"Critiqu\u00e9 par les t\u00e9l\u00e9spectateurs, le Premier ministre libyen d\u00e9missionne en direct \u00e0 la t\u00e9l\u00e9vision\" \/>\n<meta property=\"og:description\" content=\"Critiqu\u00e9 par les t\u00e9l\u00e9spectateurs, le Premier ministre libyen d\u00e9missionne en direct \u00e0 la t\u00e9l\u00e9vision\" \/>\n<meta property=\"og:url\" content=\"https:\/\/www.webdo.tn\/fr\/actualite\/international\/critique-par-les-telespectateurs-le-1er-ministre-libyen-demissionne-en-direct-a-la-television\/184016\/\" \/>\n<meta property=\"og:site_name\" content=\"webdo\" \/>\n<meta property=\"article:publisher\" content=\"https:\/\/www.facebook.com\/webdotn\" \/>\n<meta property=\"article:published_time\" content=\"2015-08-12T11:23:00+00:00\" \/>\n<meta property=\"og:image\" content=\"https:\/\/www.webdo.tn\/fr\/wp-content\/uploads\/2015\/08\/theni-300x194-1.jpg\" \/>\n\t<meta property=\"og:image:width\" content=\"300\" \/>\n\t<meta property=\"og:image:height\" content=\"194\" \/>\n\t<meta property=\"og:image:type\" content=\"image\/jpeg\" \/>\n<meta name=\"author\" content=\"webdo.tn\" \/>\n<meta name=\"twitter:card\" content=\"summary_large_image\" \/>\n<meta name=\"twitter:creator\" content=\"@webdo_tn\" \/>\n<meta name=\"twitter:site\" content=\"@webdo_tn\" \/>\n<meta name=\"twitter:label1\" content=\"\u00c9crit par\" \/>\n\t<meta name=\"twitter:data1\" content=\"webdo.tn\" \/>\n\t<meta name=\"twitter:label2\" content=\"Dur\u00e9e de lecture estim\u00e9e\" \/>\n\t<meta name=\"twitter:data2\" content=\"1 minute\" \/>\n<script type=\"application\/ld+json\" class=\"yoast-schema-graph\">{\"@context\":\"https:\\\/\\\/schema.org\",\"@graph\":[{\"@type\":\"NewsArticle\",\"@id\":\"https:\\\/\\\/www.webdo.tn\\\/fr\\\/actualite\\\/international\\\/critique-par-les-telespectateurs-le-1er-ministre-libyen-demissionne-en-direct-a-la-television\\\/184016\\\/#article\",\"isPartOf\":{\"@id\":\"https:\\\/\\\/www.webdo.tn\\\/fr\\\/actualite\\\/international\\\/critique-par-les-telespectateurs-le-1er-ministre-libyen-demissionne-en-direct-a-la-television\\\/184016\\\/\"},\"author\":{\"name\":\"webdo.tn\",\"@id\":\"https:\\\/\\\/www.webdo.tn\\\/fr\\\/#\\\/schema\\\/person\\\/9a9c6118d687c117df8ef3cc36a4d175\"},\"headline\":\"Critiqu\u00e9 par les t\u00e9l\u00e9spectateurs, le Premier ministre libyen d\u00e9missionne en direct \u00e0 la t\u00e9l\u00e9vision\",\"datePublished\":\"2015-08-12T11:23:00+00:00\",\"mainEntityOfPage\":{\"@id\":\"https:\\\/\\\/www.webdo.tn\\\/fr\\\/actualite\\\/international\\\/critique-par-les-telespectateurs-le-1er-ministre-libyen-demissionne-en-direct-a-la-television\\\/184016\\\/\"},\"wordCount\":236,\"commentCount\":0,\"publisher\":{\"@id\":\"https:\\\/\\\/www.webdo.tn\\\/fr\\\/#organization\"},\"image\":{\"@id\":\"https:\\\/\\\/www.webdo.tn\\\/fr\\\/actualite\\\/international\\\/critique-par-les-telespectateurs-le-1er-ministre-libyen-demissionne-en-direct-a-la-television\\\/184016\\\/#primaryimage\"},\"thumbnailUrl\":\"https:\\\/\\\/www.webdo.tn\\\/fr\\\/wp-content\\\/uploads\\\/2015\\\/08\\\/theni-300x194-1.jpg\",\"keywords\":[\"guerre\"],\"articleSection\":[\"International\"],\"inLanguage\":\"fr-FR\"},{\"@type\":\"WebPage\",\"@id\":\"https:\\\/\\\/www.webdo.tn\\\/fr\\\/actualite\\\/international\\\/critique-par-les-telespectateurs-le-1er-ministre-libyen-demissionne-en-direct-a-la-television\\\/184016\\\/\",\"url\":\"https:\\\/\\\/www.webdo.tn\\\/fr\\\/actualite\\\/international\\\/critique-par-les-telespectateurs-le-1er-ministre-libyen-demissionne-en-direct-a-la-television\\\/184016\\\/\",\"name\":\"Critiqu\u00e9 par les t\u00e9l\u00e9spectateurs, le Premier ministre libyen d\u00e9missionne en direct \u00e0 la t\u00e9l\u00e9vision\",\"isPartOf\":{\"@id\":\"https:\\\/\\\/www.webdo.tn\\\/fr\\\/#website\"},\"primaryImageOfPage\":{\"@id\":\"https:\\\/\\\/www.webdo.tn\\\/fr\\\/actualite\\\/international\\\/critique-par-les-telespectateurs-le-1er-ministre-libyen-demissionne-en-direct-a-la-television\\\/184016\\\/#primaryimage\"},\"image\":{\"@id\":\"https:\\\/\\\/www.webdo.tn\\\/fr\\\/actualite\\\/international\\\/critique-par-les-telespectateurs-le-1er-ministre-libyen-demissionne-en-direct-a-la-television\\\/184016\\\/#primaryimage\"},\"thumbnailUrl\":\"https:\\\/\\\/www.webdo.tn\\\/fr\\\/wp-content\\\/uploads\\\/2015\\\/08\\\/theni-300x194-1.jpg\",\"datePublished\":\"2015-08-12T11:23:00+00:00\",\"description\":\"Critiqu\u00e9 par les t\u00e9l\u00e9spectateurs, le Premier ministre libyen d\u00e9missionne en direct \u00e0 la t\u00e9l\u00e9vision\",\"breadcrumb\":{\"@id\":\"https:\\\/\\\/www.webdo.tn\\\/fr\\\/actualite\\\/international\\\/critique-par-les-telespectateurs-le-1er-ministre-libyen-demissionne-en-direct-a-la-television\\\/184016\\\/#breadcrumb\"},\"inLanguage\":\"fr-FR\",\"potentialAction\":[{\"@type\":\"ReadAction\",\"target\":[\"https:\\\/\\\/www.webdo.tn\\\/fr\\\/actualite\\\/international\\\/critique-par-les-telespectateurs-le-1er-ministre-libyen-demissionne-en-direct-a-la-television\\\/184016\\\/\"]}]},{\"@type\":\"ImageObject\",\"inLanguage\":\"fr-FR\",\"@id\":\"https:\\\/\\\/www.webdo.tn\\\/fr\\\/actualite\\\/international\\\/critique-par-les-telespectateurs-le-1er-ministre-libyen-demissionne-en-direct-a-la-television\\\/184016\\\/#primaryimage\",\"url\":\"https:\\\/\\\/www.webdo.tn\\\/fr\\\/wp-content\\\/uploads\\\/2015\\\/08\\\/theni-300x194-1.jpg\",\"contentUrl\":\"https:\\\/\\\/www.webdo.tn\\\/fr\\\/wp-content\\\/uploads\\\/2015\\\/08\\\/theni-300x194-1.jpg\",\"width\":300,\"height\":194,\"caption\":\"Critiqu\u00e9 par les t\u00e9l\u00e9spectateurs, le Premier ministre libyen d\u00e9missionne en direct \u00e0 la t\u00e9l\u00e9vision\"},{\"@type\":\"BreadcrumbList\",\"@id\":\"https:\\\/\\\/www.webdo.tn\\\/fr\\\/actualite\\\/international\\\/critique-par-les-telespectateurs-le-1er-ministre-libyen-demissionne-en-direct-a-la-television\\\/184016\\\/#breadcrumb\",\"itemListElement\":[{\"@type\":\"ListItem\",\"position\":1,\"name\":\"Accueil\",\"item\":\"https:\\\/\\\/www.webdo.tn\\\/fr\\\/\"},{\"@type\":\"ListItem\",\"position\":2,\"name\":\"Critiqu\u00e9 par les t\u00e9l\u00e9spectateurs, le Premier ministre libyen d\u00e9missionne en direct \u00e0 la t\u00e9l\u00e9vision\"}]},{\"@type\":\"WebSite\",\"@id\":\"https:\\\/\\\/www.webdo.tn\\\/fr\\\/#website\",\"url\":\"https:\\\/\\\/www.webdo.tn\\\/fr\\\/\",\"name\":\"webdo\",\"description\":\"Tunisie - News en Tunisie et \u00e0 l&#039;international sur Webdo.tn\",\"publisher\":{\"@id\":\"https:\\\/\\\/www.webdo.tn\\\/fr\\\/#organization\"},\"potentialAction\":[{\"@type\":\"SearchAction\",\"target\":{\"@type\":\"EntryPoint\",\"urlTemplate\":\"https:\\\/\\\/www.webdo.tn\\\/fr\\\/?s={search_term_string}\"},\"query-input\":{\"@type\":\"PropertyValueSpecification\",\"valueRequired\":true,\"valueName\":\"search_term_string\"}}],\"inLanguage\":\"fr-FR\"},{\"@type\":\"Organization\",\"@id\":\"https:\\\/\\\/www.webdo.tn\\\/fr\\\/#organization\",\"name\":\"Webdo\",\"alternateName\":\"Webdo.tn\",\"url\":\"https:\\\/\\\/www.webdo.tn\\\/fr\\\/\",\"logo\":{\"@type\":\"ImageObject\",\"inLanguage\":\"fr-FR\",\"@id\":\"https:\\\/\\\/www.webdo.tn\\\/fr\\\/#\\\/schema\\\/logo\\\/image\\\/\",\"url\":\"https:\\\/\\\/www.webdo.tn\\\/fr\\\/wp-content\\\/uploads\\\/2025\\\/06\\\/Webdo-Tunisie_168377.jpg\",\"contentUrl\":\"https:\\\/\\\/www.webdo.tn\\\/fr\\\/wp-content\\\/uploads\\\/2025\\\/06\\\/Webdo-Tunisie_168377.jpg\",\"width\":301,\"height\":301,\"caption\":\"Webdo\"},\"image\":{\"@id\":\"https:\\\/\\\/www.webdo.tn\\\/fr\\\/#\\\/schema\\\/logo\\\/image\\\/\"},\"sameAs\":[\"https:\\\/\\\/www.facebook.com\\\/webdotn\",\"https:\\\/\\\/x.com\\\/webdo_tn\"],\"description\":\"Webdo est un m\u00e9dia num\u00e9rique tunisien fond\u00e9 en 2010, sp\u00e9cialis\u00e9 dans l\u2019actualit\u00e9 nationale et internationale, l\u2019\u00e9conomie, la soci\u00e9t\u00e9 et les analyses politiques. Le site s\u2019adresse \u00e0 un large public francophone et couvre l\u2019information tunisienne en temps r\u00e9el.\",\"email\":\"redac@webdo.tn\",\"legalName\":\"YNJ SARL\",\"foundingDate\":\"2010-09-06\",\"numberOfEmployees\":{\"@type\":\"QuantitativeValue\",\"minValue\":\"11\",\"maxValue\":\"50\"}},{\"@type\":\"Person\",\"@id\":\"https:\\\/\\\/www.webdo.tn\\\/fr\\\/#\\\/schema\\\/person\\\/9a9c6118d687c117df8ef3cc36a4d175\",\"name\":\"webdo.tn\",\"image\":{\"@type\":\"ImageObject\",\"inLanguage\":\"fr-FR\",\"@id\":\"https:\\\/\\\/secure.gravatar.com\\\/avatar\\\/7ce1f28c0c3bbac99ff550b85ef8e44a6950c6ee24514fb6a5489e51d06f0298?s=96&d=mm&r=g\",\"url\":\"https:\\\/\\\/secure.gravatar.com\\\/avatar\\\/7ce1f28c0c3bbac99ff550b85ef8e44a6950c6ee24514fb6a5489e51d06f0298?s=96&d=mm&r=g\",\"contentUrl\":\"https:\\\/\\\/secure.gravatar.com\\\/avatar\\\/7ce1f28c0c3bbac99ff550b85ef8e44a6950c6ee24514fb6a5489e51d06f0298?s=96&d=mm&r=g\",\"caption\":\"webdo.tn\"},\"url\":\"https:\\\/\\\/www.webdo.tn\\\/fr\\\/actualite\\\/author\\\/webdotn\\\/\"}]}<\/script>\n<!-- \/ Yoast SEO Premium plugin. -->","yoast_head_json":{"title":"Critiqu\u00e9 par les t\u00e9l\u00e9spectateurs, le Premier ministre libyen d\u00e9missionne en direct \u00e0 la t\u00e9l\u00e9vision","description":"Critiqu\u00e9 par les t\u00e9l\u00e9spectateurs, le Premier ministre libyen d\u00e9missionne en direct \u00e0 la t\u00e9l\u00e9vision","canonical":"https:\/\/www.webdo.tn\/fr\/actualite\/international\/critique-par-les-telespectateurs-le-1er-ministre-libyen-demissionne-en-direct-a-la-television\/184016\/","og_locale":"fr_FR","og_type":"article","og_title":"Critiqu\u00e9 par les t\u00e9l\u00e9spectateurs, le Premier ministre libyen d\u00e9missionne en direct \u00e0 la t\u00e9l\u00e9vision","og_description":"Critiqu\u00e9 par les t\u00e9l\u00e9spectateurs, le Premier ministre libyen d\u00e9missionne en direct \u00e0 la t\u00e9l\u00e9vision","og_url":"https:\/\/www.webdo.tn\/fr\/actualite\/international\/critique-par-les-telespectateurs-le-1er-ministre-libyen-demissionne-en-direct-a-la-television\/184016\/","og_site_name":"webdo","article_publisher":"https:\/\/www.facebook.com\/webdotn","article_published_time":"2015-08-12T11:23:00+00:00","og_image":[{"width":300,"height":194,"url":"https:\/\/www.webdo.tn\/fr\/wp-content\/uploads\/2015\/08\/theni-300x194-1.jpg","type":"image\/jpeg"}],"author":"webdo.tn","twitter_card":"summary_large_image","twitter_creator":"@webdo_tn","twitter_site":"@webdo_tn","twitter_misc":{"\u00c9crit par":"webdo.tn","Dur\u00e9e de lecture estim\u00e9e":"1 minute"},"schema":{"@context":"https:\/\/schema.org","@graph":[{"@type":"NewsArticle","@id":"https:\/\/www.webdo.tn\/fr\/actualite\/international\/critique-par-les-telespectateurs-le-1er-ministre-libyen-demissionne-en-direct-a-la-television\/184016\/#article","isPartOf":{"@id":"https:\/\/www.webdo.tn\/fr\/actualite\/international\/critique-par-les-telespectateurs-le-1er-ministre-libyen-demissionne-en-direct-a-la-television\/184016\/"},"author":{"name":"webdo.tn","@id":"https:\/\/www.webdo.tn\/fr\/#\/schema\/person\/9a9c6118d687c117df8ef3cc36a4d175"},"headline":"Critiqu\u00e9 par les t\u00e9l\u00e9spectateurs, le Premier ministre libyen d\u00e9missionne en direct \u00e0 la t\u00e9l\u00e9vision","datePublished":"2015-08-12T11:23:00+00:00","mainEntityOfPage":{"@id":"https:\/\/www.webdo.tn\/fr\/actualite\/international\/critique-par-les-telespectateurs-le-1er-ministre-libyen-demissionne-en-direct-a-la-television\/184016\/"},"wordCount":236,"commentCount":0,"publisher":{"@id":"https:\/\/www.webdo.tn\/fr\/#organization"},"image":{"@id":"https:\/\/www.webdo.tn\/fr\/actualite\/international\/critique-par-les-telespectateurs-le-1er-ministre-libyen-demissionne-en-direct-a-la-television\/184016\/#primaryimage"},"thumbnailUrl":"https:\/\/www.webdo.tn\/fr\/wp-content\/uploads\/2015\/08\/theni-300x194-1.jpg","keywords":["guerre"],"articleSection":["International"],"inLanguage":"fr-FR"},{"@type":"WebPage","@id":"https:\/\/www.webdo.tn\/fr\/actualite\/international\/critique-par-les-telespectateurs-le-1er-ministre-libyen-demissionne-en-direct-a-la-television\/184016\/","url":"https:\/\/www.webdo.tn\/fr\/actualite\/international\/critique-par-les-telespectateurs-le-1er-ministre-libyen-demissionne-en-direct-a-la-television\/184016\/","name":"Critiqu\u00e9 par les t\u00e9l\u00e9spectateurs, le Premier ministre libyen d\u00e9missionne en direct \u00e0 la t\u00e9l\u00e9vision","isPartOf":{"@id":"https:\/\/www.webdo.tn\/fr\/#website"},"primaryImageOfPage":{"@id":"https:\/\/www.webdo.tn\/fr\/actualite\/international\/critique-par-les-telespectateurs-le-1er-ministre-libyen-demissionne-en-direct-a-la-television\/184016\/#primaryimage"},"image":{"@id":"https:\/\/www.webdo.tn\/fr\/actualite\/international\/critique-par-les-telespectateurs-le-1er-ministre-libyen-demissionne-en-direct-a-la-television\/184016\/#primaryimage"},"thumbnailUrl":"https:\/\/www.webdo.tn\/fr\/wp-content\/uploads\/2015\/08\/theni-300x194-1.jpg","datePublished":"2015-08-12T11:23:00+00:00","description":"Critiqu\u00e9 par les t\u00e9l\u00e9spectateurs, le Premier ministre libyen d\u00e9missionne en direct \u00e0 la t\u00e9l\u00e9vision","breadcrumb":{"@id":"https:\/\/www.webdo.tn\/fr\/actualite\/international\/critique-par-les-telespectateurs-le-1er-ministre-libyen-demissionne-en-direct-a-la-television\/184016\/#breadcrumb"},"inLanguage":"fr-FR","potentialAction":[{"@type":"ReadAction","target":["https:\/\/www.webdo.tn\/fr\/actualite\/international\/critique-par-les-telespectateurs-le-1er-ministre-libyen-demissionne-en-direct-a-la-television\/184016\/"]}]},{"@type":"ImageObject","inLanguage":"fr-FR","@id":"https:\/\/www.webdo.tn\/fr\/actualite\/international\/critique-par-les-telespectateurs-le-1er-ministre-libyen-demissionne-en-direct-a-la-television\/184016\/#primaryimage","url":"https:\/\/www.webdo.tn\/fr\/wp-content\/uploads\/2015\/08\/theni-300x194-1.jpg","contentUrl":"https:\/\/www.webdo.tn\/fr\/wp-content\/uploads\/2015\/08\/theni-300x194-1.jpg","width":300,"height":194,"caption":"Critiqu\u00e9 par les t\u00e9l\u00e9spectateurs, le Premier ministre libyen d\u00e9missionne en direct \u00e0 la t\u00e9l\u00e9vision"},{"@type":"BreadcrumbList","@id":"https:\/\/www.webdo.tn\/fr\/actualite\/international\/critique-par-les-telespectateurs-le-1er-ministre-libyen-demissionne-en-direct-a-la-television\/184016\/#breadcrumb","itemListElement":[{"@type":"ListItem","position":1,"name":"Accueil","item":"https:\/\/www.webdo.tn\/fr\/"},{"@type":"ListItem","position":2,"name":"Critiqu\u00e9 par les t\u00e9l\u00e9spectateurs, le Premier ministre libyen d\u00e9missionne en direct \u00e0 la t\u00e9l\u00e9vision"}]},{"@type":"WebSite","@id":"https:\/\/www.webdo.tn\/fr\/#website","url":"https:\/\/www.webdo.tn\/fr\/","name":"webdo","description":"Tunisie - News en Tunisie et \u00e0 l&#039;international sur Webdo.tn","publisher":{"@id":"https:\/\/www.webdo.tn\/fr\/#organization"},"potentialAction":[{"@type":"SearchAction","target":{"@type":"EntryPoint","urlTemplate":"https:\/\/www.webdo.tn\/fr\/?s={search_term_string}"},"query-input":{"@type":"PropertyValueSpecification","valueRequired":true,"valueName":"search_term_string"}}],"inLanguage":"fr-FR"},{"@type":"Organization","@id":"https:\/\/www.webdo.tn\/fr\/#organization","name":"Webdo","alternateName":"Webdo.tn","url":"https:\/\/www.webdo.tn\/fr\/","logo":{"@type":"ImageObject","inLanguage":"fr-FR","@id":"https:\/\/www.webdo.tn\/fr\/#\/schema\/logo\/image\/","url":"https:\/\/www.webdo.tn\/fr\/wp-content\/uploads\/2025\/06\/Webdo-Tunisie_168377.jpg","contentUrl":"https:\/\/www.webdo.tn\/fr\/wp-content\/uploads\/2025\/06\/Webdo-Tunisie_168377.jpg","width":301,"height":301,"caption":"Webdo"},"image":{"@id":"https:\/\/www.webdo.tn\/fr\/#\/schema\/logo\/image\/"},"sameAs":["https:\/\/www.facebook.com\/webdotn","https:\/\/x.com\/webdo_tn"],"description":"Webdo est un m\u00e9dia num\u00e9rique tunisien fond\u00e9 en 2010, sp\u00e9cialis\u00e9 dans l\u2019actualit\u00e9 nationale et internationale, l\u2019\u00e9conomie, la soci\u00e9t\u00e9 et les analyses politiques. Le site s\u2019adresse \u00e0 un large public francophone et couvre l\u2019information tunisienne en temps r\u00e9el.","email":"redac@webdo.tn","legalName":"YNJ SARL","foundingDate":"2010-09-06","numberOfEmployees":{"@type":"QuantitativeValue","minValue":"11","maxValue":"50"}},{"@type":"Person","@id":"https:\/\/www.webdo.tn\/fr\/#\/schema\/person\/9a9c6118d687c117df8ef3cc36a4d175","name":"webdo.tn","image":{"@type":"ImageObject","inLanguage":"fr-FR","@id":"https:\/\/secure.gravatar.com\/avatar\/7ce1f28c0c3bbac99ff550b85ef8e44a6950c6ee24514fb6a5489e51d06f0298?s=96&d=mm&r=g","url":"https:\/\/secure.gravatar.com\/avatar\/7ce1f28c0c3bbac99ff550b85ef8e44a6950c6ee24514fb6a5489e51d06f0298?s=96&d=mm&r=g","contentUrl":"https:\/\/secure.gravatar.com\/avatar\/7ce1f28c0c3bbac99ff550b85ef8e44a6950c6ee24514fb6a5489e51d06f0298?s=96&d=mm&r=g","caption":"webdo.tn"},"url":"https:\/\/www.webdo.tn\/fr\/actualite\/author\/webdotn\/"}]}},"_links":{"self":[{"href":"https:\/\/www.webdo.tn\/fr\/wp-json\/wp\/v2\/posts\/184016","targetHints":{"allow":["GET"]}}],"collection":[{"href":"https:\/\/www.webdo.tn\/fr\/wp-json\/wp\/v2\/posts"}],"about":[{"href":"https:\/\/www.webdo.tn\/fr\/wp-json\/wp\/v2\/types\/post"}],"author":[{"embeddable":true,"href":"https:\/\/www.webdo.tn\/fr\/wp-json\/wp\/v2\/users\/3222"}],"replies":[{"embeddable":true,"href":"https:\/\/www.webdo.tn\/fr\/wp-json\/wp\/v2\/comments?post=184016"}],"version-history":[{"count":0,"href":"https:\/\/www.webdo.tn\/fr\/wp-json\/wp\/v2\/posts\/184016\/revisions"}],"wp:featuredmedia":[{"embeddable":true,"href":"https:\/\/www.webdo.tn\/fr\/wp-json\/wp\/v2\/media\/336161"}],"wp:attachment":[{"href":"https:\/\/www.webdo.tn\/fr\/wp-json\/wp\/v2\/media?parent=184016"}],"wp:term":[{"taxonomy":"category","embeddable":true,"href":"https:\/\/www.webdo.tn\/fr\/wp-json\/wp\/v2\/categories?post=184016"},{"taxonomy":"post_tag","embeddable":true,"href":"https:\/\/www.webdo.tn\/fr\/wp-json\/wp\/v2\/tags?post=184016"}],"curies":[{"name":"wp","href":"https:\/\/api.w.org\/{rel}","templated":true}]}}